{"id":79182,"date":"2025-10-26T14:51:54","date_gmt":"2025-10-26T17:51:54","guid":{"rendered":"https:\/\/noticiasribeiraopreto.com.br\/index.php\/2025\/10\/26\/briga-termina-com-motociclista-ferido-e-fuga-no-transito-em-ribeirao-preto-video\/"},"modified":"2025-10-26T14:51:54","modified_gmt":"2025-10-26T17:51:54","slug":"briga-termina-com-motociclista-ferido-e-fuga-no-transito-em-ribeirao-preto-video","status":"publish","type":"post","link":"https:\/\/noticiasribeiraopreto.com.br\/index.php\/2025\/10\/26\/briga-termina-com-motociclista-ferido-e-fuga-no-transito-em-ribeirao-preto-video\/","title":{"rendered":"Briga termina com motociclista ferido e fuga no tr\u00e2nsito em Ribeir\u00e3o Preto; V\u00eddeo"},"content":{"rendered":"<div class='code-block code-block-1' style='margin: 8px 0 8px auto; text-align: right; display: block; clear: both;'>\n<p><a href=\"https:\/\/wa.link\/vpicfd\"><img data-recalc-dims=\"1\" class=\"wp-image-4922\" style=\"aspect-ratio: 2.0253164556962027; width: 561px; height: auto;\" src=\"https:\/\/i0.wp.com\/ismaelcolosi.com.br\/wp-content\/uploads\/2023\/11\/grupo-de-empregos-whatsapp-e-facebook-ismael-colosi-vagas.jpg?ssl=1\" alt=\"\" \/><\/a><\/p>\n<!-- \/wp:image -->\n<\/div>\n<p> <br \/>\n<\/p>\n<div data-td-block-uid=\"tdi_95\">\n<div class=\"tdb-block-inner td-fix-index\">\n<p><strong>Um motociclista de 46 anos ficou ferido neste s\u00e1bado (25), depois um desentendimento com um motorista de carro de aplicativo, na Ribeir\u00e2nia, zona Leste de Ribeir\u00e3o Preto. Assista <\/strong>ao <strong>v\u00eddeo <\/strong>abaixo.<\/p>\n<p>Segundo o boletim de ocorr\u00eancia (BO), <mark style=\"background-color:#fcb900\" class=\"has-inline-color has-black-color\">uma testemunha relatou \u00e0 PM (Pol\u00edcia Militar) que a v\u00edtima disse ter se desentendido com o condutor do carro e que ele teria projetado o ve\u00edculo intencionalmente contra sua motocicleta na rua Coracy de Tol\u00eado Piza, o que provocou sua queda e, em seguida, deixou o local sem prestar socorro.<\/mark><\/p>\n<p>O motociclista ainda bateu contra um poste e foi socorrido com ferimentos nas pernas at\u00e9 a UPA Leste. Ele chegou a sofrer fraturas. <\/p>\n<p>O motorista do carro n\u00e3o foi identificado.<\/p>\n<p>O caso foi registrado na CPJ (Central de Pol\u00edcia Judici\u00e1ria) Permanente como les\u00e3o corporal, omiss\u00e3o de socorro e fuga de local de acidente para investiga\u00e7\u00e3o da Pol\u00edcia Civil.<\/p>\n<figure class=\"wp-block-video\"><video controls=\"\" src=\"https:\/\/www.acidadeon.com\/ribeiraopreto\/wp-content\/uploads\/sites\/3\/2025\/10\/WhatsApp-Video-2025-10-26-at-13.41.18.mp4\"\/><\/figure>\n<p>SAIBA MAIS<\/p>\n<p>Antes da frente fria, alerta \u00e9 emitido para o interior de SP; Veja cidades<\/p>\n<h2 class=\"wp-block-heading\"><strong>FIQUE ON<\/strong><\/h2>\n<p>Fique ligado em tudo que acontece em Ribeir\u00e3o Preto e regi\u00e3o. Siga os perfis do<strong>\u00a0acidade on<\/strong>\u00a0no<a href=\"https:\/\/www.instagram.com\/acidadeonribeirao\" target=\"_blank\" rel=\"noreferrer noopener\">\u00a0Instagram\u00a0<\/a>e no\u00a0<a href=\"https:\/\/www.facebook.com\/acidadeonribeirao\/\" target=\"_blank\" rel=\"noreferrer noopener\">Facebook<\/a>.<\/p>\n<p>Receba not\u00edcias do<strong>\u00a0acidade on\u00a0<\/strong>no WhatsApp. Para entrar no grupo,\u00a0basta\u00a0<a href=\"https:\/\/chat.whatsapp.com\/I4nieTEMKlf50pJ28aMemC?mode=ac_t\" target=\"_blank\" rel=\"noreferrer noopener\">clicar aqui<\/a>. Ou, acesse o nosso\u00a0Canal\u00a0<a href=\"https:\/\/whatsapp.com\/channel\/0029Vb6IQl1JENyAeS57fk2p\" target=\"_blank\" rel=\"noreferrer noopener\">clicando aqui<\/a>.<\/p>\n<p>Fa\u00e7a uma den\u00fancia ou sugira uma reportagem sobre Ribeir\u00e3o Preto e regi\u00e3o pelo WhatsApp: 16 99117 7802.<\/p>\n<p>VEJA TAMB\u00c9M<\/p>\n<p>Governan\u00e7a, IA e Compliance: A Tr\u00edade para a Perenidade dos Neg\u00f3cios Familiares<\/p>\n<p><!-- AI CONTENT END 1 -->\n<\/div>\n<\/div>\n<p><script async src=\"\/\/www.instagram.com\/embed.js\"><\/script><br \/>\n<br \/><br \/>\n<br \/><a href=\"https:\/\/www.acidadeon.com\/ribeiraopreto\/cotidiano\/briga-termina-com-motociclista-ferido-e-fuga-no-transito-em-ribeirao-preto-video\/\">Source link <\/a><\/p>\n<!-- CONTENT END 1 -->\n","protected":false},"excerpt":{"rendered":"<p>Um motociclista de 46 anos ficou ferido neste s\u00e1bado (25), depois um desentendimento com um motorista de carro de aplicativo, na Ribeir\u00e2nia, zona Leste de&#8230;<\/p>\n","protected":false},"author":1,"featured_media":79183,"comment_status":"open","ping_status":"open","sticky":false,"template":"","format":"standard","meta":{"advanced_seo_description":"","jetpack_seo_html_title":"","jetpack_seo_noindex":false,"jetpack_post_was_ever_published":false,"_jetpack_newsletter_access":"","_jetpack_dont_email_post_to_subs":false,"_jetpack_newsletter_tier_id":0,"_jetpack_memberships_contains_paywalled_content":false,"_jetpack_memberships_contains_paid_content":false,"footnotes":"","jetpack_publicize_message":"","jetpack_publicize_feature_enabled":true,"jetpack_social_post_already_shared":true,"jetpack_social_options":{"image_generator_settings":{"template":"highway","default_image_id":0,"font":"","enabled":false},"version":2}},"categories":[11],"tags":[],"class_list":["post-79182","post","type-post","status-publish","format-standard","has-post-thumbnail","hentry","category-noticias-de-ribeirao-preto-sp-e-regiao-ismael-colosi"],"jetpack_publicize_connections":[],"jetpack_featured_media_url":"https:\/\/i0.wp.com\/noticiasribeiraopreto.com.br\/wp-content\/uploads\/2025\/10\/MOTOCICLISTA_2025-10-26_16-46-50.webp.webp?fit=1200%2C834&ssl=1","jetpack-related-posts":[{"id":79191,"url":"https:\/\/noticiasribeiraopreto.com.br\/index.php\/2025\/10\/27\/video-motociclista-fica-gravemente-ferido-apos-ser-atingido-por-carro\/","url_meta":{"origin":79182,"position":0},"title":"V\u00cdDEO &#8211; Motociclista fica gravemente ferido ap\u00f3s ser atingido por carro","author":"noticiasribeiraopreto.com.br","date":"27 de October de 2025","format":false,"excerpt":"Acidente ocorreu na zona Leste e Pol\u00edcia Civil investiga para ver se a colis\u00e3o entre carro e moto foi proposital 27 de outubro de 2025 07:5027 de outubro de 2025 07:506 Compartilhar0 Por: Adalberto Luque Um motociclista ficou gravemente ferido, na manh\u00e3 de s\u00e1bado, 25 de outubro, ap\u00f3s um acidente\u2026","rel":"","context":"In &quot;Not\u00edcias de Ribeir\u00e3o Preto-SP e Regi\u00e3o&quot;","block_context":{"text":"Not\u00edcias de Ribeir\u00e3o Preto-SP e Regi\u00e3o","link":"https:\/\/noticiasribeiraopreto.com.br\/index.php\/category\/noticias-de-ribeirao-preto-sp-e-regiao-ismael-colosi\/"},"img":{"alt_text":"","src":"https:\/\/i0.wp.com\/noticiasribeiraopreto.com.br\/wp-content\/uploads\/2025\/10\/27-out-2025-fechadaribeirania1-scaled.jpg?fit=1200%2C672&ssl=1&resize=350%2C200","width":350,"height":200,"srcset":"https:\/\/i0.wp.com\/noticiasribeiraopreto.com.br\/wp-content\/uploads\/2025\/10\/27-out-2025-fechadaribeirania1-scaled.jpg?fit=1200%2C672&ssl=1&resize=350%2C200 1x, https:\/\/i0.wp.com\/noticiasribeiraopreto.com.br\/wp-content\/uploads\/2025\/10\/27-out-2025-fechadaribeirania1-scaled.jpg?fit=1200%2C672&ssl=1&resize=525%2C300 1.5x, https:\/\/i0.wp.com\/noticiasribeiraopreto.com.br\/wp-content\/uploads\/2025\/10\/27-out-2025-fechadaribeirania1-scaled.jpg?fit=1200%2C672&ssl=1&resize=700%2C400 2x, https:\/\/i0.wp.com\/noticiasribeiraopreto.com.br\/wp-content\/uploads\/2025\/10\/27-out-2025-fechadaribeirania1-scaled.jpg?fit=1200%2C672&ssl=1&resize=1050%2C600 3x"},"classes":[]},{"id":73088,"url":"https:\/\/noticiasribeiraopreto.com.br\/index.php\/2025\/06\/25\/video-motociclista-fica-ferido-apos-acidente-com-caminhao-na-zona-norte\/","url_meta":{"origin":79182,"position":1},"title":"V\u00cdDEO &#8211; Motociclista fica ferido ap\u00f3s acidente com caminh\u00e3o na zona Norte","author":"noticiasribeiraopreto.com.br","date":"25 de June de 2025","format":false,"excerpt":"V\u00edtima foi parar debaixo do ve\u00edculo ap\u00f3s esbarrar em carro; c\u00e2mera registrou o momento da queda 25 de junho de 2025 12:3825 de junho de 2025 12:418 Compartilhar2 Por: Adalberto Luque Um motociclista sofreu ferimentos ao se envolver em um acidente, na manh\u00e3 desta quarta-feira (25), na avenida Presidente Costa\u2026","rel":"","context":"In &quot;Not\u00edcias de Ribeir\u00e3o Preto-SP e Regi\u00e3o&quot;","block_context":{"text":"Not\u00edcias de Ribeir\u00e3o Preto-SP e Regi\u00e3o","link":"https:\/\/noticiasribeiraopreto.com.br\/index.php\/category\/noticias-de-ribeirao-preto-sp-e-regiao-ismael-colosi\/"},"img":{"alt_text":"","src":"https:\/\/i0.wp.com\/noticiasribeiraopreto.com.br\/wp-content\/uploads\/2025\/06\/25-jun-2025-acidentemotoqueiro-scaled.jpg?fit=800%2C488&ssl=1&resize=350%2C200","width":350,"height":200,"srcset":"https:\/\/i0.wp.com\/noticiasribeiraopreto.com.br\/wp-content\/uploads\/2025\/06\/25-jun-2025-acidentemotoqueiro-scaled.jpg?fit=800%2C488&ssl=1&resize=350%2C200 1x, https:\/\/i0.wp.com\/noticiasribeiraopreto.com.br\/wp-content\/uploads\/2025\/06\/25-jun-2025-acidentemotoqueiro-scaled.jpg?fit=800%2C488&ssl=1&resize=525%2C300 1.5x, https:\/\/i0.wp.com\/noticiasribeiraopreto.com.br\/wp-content\/uploads\/2025\/06\/25-jun-2025-acidentemotoqueiro-scaled.jpg?fit=800%2C488&ssl=1&resize=700%2C400 2x"},"classes":[]},{"id":11210,"url":"https:\/\/noticiasribeiraopreto.com.br\/index.php\/2023\/12\/05\/motociclista-fica-ferido-em-colisao-na-zona-leste\/","url_meta":{"origin":79182,"position":2},"title":"Motociclista fica ferido em colis\u00e3o na zona Leste","author":"noticiasribeiraopreto.com.br","date":"5 de December de 2023","format":false,"excerpt":"Corpo de Bombeiros socorreu a v\u00edtima, e a levou para a UPA da Avenida 13 de Maio 5 de dezembro de 2023 | 17:49 2Por: Adalberto LuqueUm motociclista ficou ferido, no final da tarde desta ter\u00e7a-feira (05), ap\u00f3s uma colis\u00e3o com um ve\u00edculo. O acidente aconteceu no cruzamento das ruas\u2026","rel":"","context":"In &quot;Not\u00edcias de Ribeir\u00e3o Preto-SP e Regi\u00e3o&quot;","block_context":{"text":"Not\u00edcias de Ribeir\u00e3o Preto-SP e Regi\u00e3o","link":"https:\/\/noticiasribeiraopreto.com.br\/index.php\/category\/noticias-de-ribeirao-preto-sp-e-regiao-ismael-colosi\/"},"img":{"alt_text":"","src":"https:\/\/i0.wp.com\/noticiasribeiraopreto.com.br\/wp-content\/uploads\/2023\/12\/00-05-dez-2023-acidente-jd-paulista-foto-max-gallao-mesquita-scaled.jpg?fit=951%2C645&ssl=1&resize=350%2C200","width":350,"height":200,"srcset":"https:\/\/i0.wp.com\/noticiasribeiraopreto.com.br\/wp-content\/uploads\/2023\/12\/00-05-dez-2023-acidente-jd-paulista-foto-max-gallao-mesquita-scaled.jpg?fit=951%2C645&ssl=1&resize=350%2C200 1x, https:\/\/i0.wp.com\/noticiasribeiraopreto.com.br\/wp-content\/uploads\/2023\/12\/00-05-dez-2023-acidente-jd-paulista-foto-max-gallao-mesquita-scaled.jpg?fit=951%2C645&ssl=1&resize=525%2C300 1.5x, https:\/\/i0.wp.com\/noticiasribeiraopreto.com.br\/wp-content\/uploads\/2023\/12\/00-05-dez-2023-acidente-jd-paulista-foto-max-gallao-mesquita-scaled.jpg?fit=951%2C645&ssl=1&resize=700%2C400 2x"},"classes":[]},{"id":41467,"url":"https:\/\/noticiasribeiraopreto.com.br\/index.php\/2024\/03\/08\/motoqueiro-fica-ferido-nos-campos-eliseos\/","url_meta":{"origin":79182,"position":3},"title":"Motoqueiro fica ferido nos Campos El\u00edseos","author":"noticiasribeiraopreto.com.br","date":"8 de March de 2024","format":false,"excerpt":"Acidente ocorreu em avenida movimentada e suspeita \u00e9 que um dos ve\u00edculos envolvidos n\u00e3o respeitou sem\u00e1foro 8 de mar\u00e7o de 2024 | 11:488 de mar\u00e7o de 2024 | 12:25 1Por: Adalberto LuqueUm motociclista ficou ferido, na manh\u00e3 desta sexta-feira (8), ap\u00f3s um acidente envolvendo moto e carro. A colis\u00e3o ocorreu\u2026","rel":"","context":"In &quot;Not\u00edcias de Ribeir\u00e3o Preto-SP e Regi\u00e3o&quot;","block_context":{"text":"Not\u00edcias de Ribeir\u00e3o Preto-SP e Regi\u00e3o","link":"https:\/\/noticiasribeiraopreto.com.br\/index.php\/category\/noticias-de-ribeirao-preto-sp-e-regiao-ismael-colosi\/"},"img":{"alt_text":"","src":"https:\/\/i0.wp.com\/noticiasribeiraopreto.com.br\/wp-content\/uploads\/2024\/03\/00-08-mar-2024-acidente-motoqueiro-01-foto-max-gallao-mesquita-scaled.jpg?fit=967%2C645&ssl=1&resize=350%2C200","width":350,"height":200,"srcset":"https:\/\/i0.wp.com\/noticiasribeiraopreto.com.br\/wp-content\/uploads\/2024\/03\/00-08-mar-2024-acidente-motoqueiro-01-foto-max-gallao-mesquita-scaled.jpg?fit=967%2C645&ssl=1&resize=350%2C200 1x, https:\/\/i0.wp.com\/noticiasribeiraopreto.com.br\/wp-content\/uploads\/2024\/03\/00-08-mar-2024-acidente-motoqueiro-01-foto-max-gallao-mesquita-scaled.jpg?fit=967%2C645&ssl=1&resize=525%2C300 1.5x, https:\/\/i0.wp.com\/noticiasribeiraopreto.com.br\/wp-content\/uploads\/2024\/03\/00-08-mar-2024-acidente-motoqueiro-01-foto-max-gallao-mesquita-scaled.jpg?fit=967%2C645&ssl=1&resize=700%2C400 2x"},"classes":[]},{"id":80771,"url":"https:\/\/noticiasribeiraopreto.com.br\/index.php\/2025\/12\/13\/policia-procura-motorista-que-derrubou-motociclista-e-fugiu-no-centro-de-ribeirao-preto-video\/","url_meta":{"origin":79182,"position":4},"title":"Pol\u00edcia procura motorista que derrubou motociclista e fugiu no Centro de Ribeir\u00e3o Preto; V\u00eddeo","author":"noticiasribeiraopreto.com.br","date":"13 de December de 2025","format":false,"excerpt":"A Pol\u00edcia Civil procura o motorista de um carro envolvido em uma colis\u00e3o com uma moto na rua Campos Salles, no Centro de Ribeir\u00e3o Preto. Segundo o boletim de ocorr\u00eancia (BO), o condutor atingiu a moto, derrubou a motociclista e fugiu sem prestar socorro na manh\u00e3 do \u00faltimo no s\u00e1bado\u2026","rel":"","context":"In &quot;Not\u00edcias de Ribeir\u00e3o Preto-SP e Regi\u00e3o&quot;","block_context":{"text":"Not\u00edcias de Ribeir\u00e3o Preto-SP e Regi\u00e3o","link":"https:\/\/noticiasribeiraopreto.com.br\/index.php\/category\/noticias-de-ribeirao-preto-sp-e-regiao-ismael-colosi\/"},"img":{"alt_text":"","src":"https:\/\/i0.wp.com\/noticiasribeiraopreto.com.br\/wp-content\/uploads\/2025\/12\/MOTO_2025-12-12_17-52-15.webp.webp?fit=1200%2C769&ssl=1&resize=350%2C200","width":350,"height":200,"srcset":"https:\/\/i0.wp.com\/noticiasribeiraopreto.com.br\/wp-content\/uploads\/2025\/12\/MOTO_2025-12-12_17-52-15.webp.webp?fit=1200%2C769&ssl=1&resize=350%2C200 1x, https:\/\/i0.wp.com\/noticiasribeiraopreto.com.br\/wp-content\/uploads\/2025\/12\/MOTO_2025-12-12_17-52-15.webp.webp?fit=1200%2C769&ssl=1&resize=525%2C300 1.5x, https:\/\/i0.wp.com\/noticiasribeiraopreto.com.br\/wp-content\/uploads\/2025\/12\/MOTO_2025-12-12_17-52-15.webp.webp?fit=1200%2C769&ssl=1&resize=700%2C400 2x, https:\/\/i0.wp.com\/noticiasribeiraopreto.com.br\/wp-content\/uploads\/2025\/12\/MOTO_2025-12-12_17-52-15.webp.webp?fit=1200%2C769&ssl=1&resize=1050%2C600 3x"},"classes":[]},{"id":82457,"url":"https:\/\/noticiasribeiraopreto.com.br\/index.php\/2026\/02\/15\/motociclista-morre-apos-bater-em-carro-e-ser-atropelado-por-outro-veiculo-na-regiao\/","url_meta":{"origin":79182,"position":5},"title":"Motociclista morre ap\u00f3s bater em carro e ser atropelado por outro ve\u00edculo na regi\u00e3o","author":"noticiasribeiraopreto.com.br","date":"15 de February de 2026","format":false,"excerpt":"Um motociclista de 26 anos morreu na tarde deste s\u00e1bado (14), ap\u00f3s bater na traseira de um carro e ser atropelado por outro ve\u00edculo no km 29 da rodovia Ronan Rocha (SP-345), em Franca, a 80 quil\u00f4metros de Ribeir\u00e3o Preto. A suspeita da PMR (Pol\u00edcia Militar Rodovi\u00e1ria) \u00e9 que o\u2026","rel":"","context":"In &quot;Not\u00edcias de Ribeir\u00e3o Preto-SP e Regi\u00e3o&quot;","block_context":{"text":"Not\u00edcias de Ribeir\u00e3o Preto-SP e Regi\u00e3o","link":"https:\/\/noticiasribeiraopreto.com.br\/index.php\/category\/noticias-de-ribeirao-preto-sp-e-regiao-ismael-colosi\/"},"img":{"alt_text":"","src":"https:\/\/i0.wp.com\/noticiasribeiraopreto.com.br\/wp-content\/uploads\/2026\/02\/WhatsApp-Image-2026-02-14-at-17.54.19_2026-02-14_22-07-07-e1771106856659.webp.webp?fit=1200%2C754&ssl=1&resize=350%2C200","width":350,"height":200,"srcset":"https:\/\/i0.wp.com\/noticiasribeiraopreto.com.br\/wp-content\/uploads\/2026\/02\/WhatsApp-Image-2026-02-14-at-17.54.19_2026-02-14_22-07-07-e1771106856659.webp.webp?fit=1200%2C754&ssl=1&resize=350%2C200 1x, https:\/\/i0.wp.com\/noticiasribeiraopreto.com.br\/wp-content\/uploads\/2026\/02\/WhatsApp-Image-2026-02-14-at-17.54.19_2026-02-14_22-07-07-e1771106856659.webp.webp?fit=1200%2C754&ssl=1&resize=525%2C300 1.5x, https:\/\/i0.wp.com\/noticiasribeiraopreto.com.br\/wp-content\/uploads\/2026\/02\/WhatsApp-Image-2026-02-14-at-17.54.19_2026-02-14_22-07-07-e1771106856659.webp.webp?fit=1200%2C754&ssl=1&resize=700%2C400 2x, https:\/\/i0.wp.com\/noticiasribeiraopreto.com.br\/wp-content\/uploads\/2026\/02\/WhatsApp-Image-2026-02-14-at-17.54.19_2026-02-14_22-07-07-e1771106856659.webp.webp?fit=1200%2C754&ssl=1&resize=1050%2C600 3x"},"classes":[]}],"jetpack_sharing_enabled":true,"jetpack_shortlink":"https:\/\/wp.me\/peQAOb-kB8","_links":{"self":[{"href":"https:\/\/noticiasribeiraopreto.com.br\/index.php\/wp-json\/wp\/v2\/posts\/79182","targetHints":{"allow":["GET"]}}],"collection":[{"href":"https:\/\/noticiasribeiraopreto.com.br\/index.php\/wp-json\/wp\/v2\/posts"}],"about":[{"href":"https:\/\/noticiasribeiraopreto.com.br\/index.php\/wp-json\/wp\/v2\/types\/post"}],"author":[{"embeddable":true,"href":"https:\/\/noticiasribeiraopreto.com.br\/index.php\/wp-json\/wp\/v2\/users\/1"}],"replies":[{"embeddable":true,"href":"https:\/\/noticiasribeiraopreto.com.br\/index.php\/wp-json\/wp\/v2\/comments?post=79182"}],"version-history":[{"count":0,"href":"https:\/\/noticiasribeiraopreto.com.br\/index.php\/wp-json\/wp\/v2\/posts\/79182\/revisions"}],"wp:featuredmedia":[{"embeddable":true,"href":"https:\/\/noticiasribeiraopreto.com.br\/index.php\/wp-json\/wp\/v2\/media\/79183"}],"wp:attachment":[{"href":"https:\/\/noticiasribeiraopreto.com.br\/index.php\/wp-json\/wp\/v2\/media?parent=79182"}],"wp:term":[{"taxonomy":"category","embeddable":true,"href":"https:\/\/noticiasribeiraopreto.com.br\/index.php\/wp-json\/wp\/v2\/categories?post=79182"},{"taxonomy":"post_tag","embeddable":true,"href":"https:\/\/noticiasribeiraopreto.com.br\/index.php\/wp-json\/wp\/v2\/tags?post=79182"}],"curies":[{"name":"wp","href":"https:\/\/api.w.org\/{rel}","templated":true}]}}