{"id":79184,"date":"2025-10-26T14:58:58","date_gmt":"2025-10-26T17:58:58","guid":{"rendered":"https:\/\/noticiasribeiraopreto.com.br\/index.php\/2025\/10\/26\/jovem-de-20-anos-vence-concurso-de-cosplay-na-mostra-japao-em-ribeirao-preto-fotos\/"},"modified":"2025-10-26T14:58:58","modified_gmt":"2025-10-26T17:58:58","slug":"jovem-de-20-anos-vence-concurso-de-cosplay-na-mostra-japao-em-ribeirao-preto-fotos","status":"publish","type":"post","link":"https:\/\/noticiasribeiraopreto.com.br\/index.php\/2025\/10\/26\/jovem-de-20-anos-vence-concurso-de-cosplay-na-mostra-japao-em-ribeirao-preto-fotos\/","title":{"rendered":"Jovem de 20 anos vence concurso de cosplay na Mostra Jap\u00e3o em Ribeir\u00e3o Preto; Fotos"},"content":{"rendered":"<div class='code-block code-block-1' style='margin: 8px 0 8px auto; text-align: right; display: block; clear: both;'>\n<p><a href=\"https:\/\/wa.link\/vpicfd\"><img data-recalc-dims=\"1\" class=\"wp-image-4922\" style=\"aspect-ratio: 2.0253164556962027; width: 561px; height: auto;\" src=\"https:\/\/i0.wp.com\/ismaelcolosi.com.br\/wp-content\/uploads\/2023\/11\/grupo-de-empregos-whatsapp-e-facebook-ismael-colosi-vagas.jpg?ssl=1\" alt=\"\" \/><\/a><\/p>\n<!-- \/wp:image -->\n<\/div>\n<p> <br \/>\n<\/p>\n<div>\n<p><strong>A jovem Isabella Luz, de 20 anos, venceu o concurso de cosplay da 40\u00aa edi\u00e7\u00e3o da Mostra Jap\u00e3o neste s\u00e1bado (25), no Parque Permanente de Exposi\u00e7\u00f5es, em Ribeir\u00e3o Preto.<\/strong> A <strong>participante<\/strong>, que se caracterizou da <strong><strong>personagem Bayonetta<\/strong><\/strong>, <strong>protagonista <\/strong>da s\u00e9rie de <strong>jogos eletr\u00f4nicos<\/strong>,<strong> <\/strong>levou o <strong>pr\u00eamio <\/strong>no valor de <strong>R$ 1 mil<\/strong>.<\/p>\n<figure class=\"wp-block-pullquote\">\n<blockquote>\n<p>\u201cFiquei muito contente e emocionada com esse primeiro lugar. Tenho esse cosplay h\u00e1 um pouco mais de um ano, mas foi um processo de cerca de 20 dias reformando e melhorando a fantasia para desfilar aqui na Mostra Jap\u00e3o\u201d, <\/p>\n<p><cite><strong>disse Isabella. <\/strong><\/cite><\/p><\/blockquote>\n<\/figure>\n<p>O segundo colocado foi Hamilton Tom\u00e1s Martins, de 32 anos, que levou R$ 500 com a fantasia de Scorpion, do Mortal Kombat. O terceiro lugar ficou com Beatriz Villanova, de 25 anos, que estava de Burnice, do jogo Zenless Zone Zero, e ganhou o valor de R$ 300.<\/p>\n<p>Os tr\u00eas primeiros colocados receberam trof\u00e9us, al\u00e9m do pr\u00eamio em dinheiro.<\/p>\n<h2 class=\"wp-block-heading\"><strong>Evento continua<\/strong><\/h2>\n<p>A abertura oficial da Mostra Jap\u00e3o aconteceu neste s\u00e1bado, \u00e0s 15h, com a tradicional quebra simb\u00f3lica do barril de saqu\u00ea, chamada pelos japoneses de Kagami Biraki.<\/p>\n<p>O evento segue neste domingo (26), das 11h \u00e0s 22h, no Parque Permanente de Exposi\u00e7\u00f5es, com ingressos a R$ 20 (inteira) e R$ 10 a meia entrada ou com a doa\u00e7\u00e3o de um quilo de alimento n\u00e3o perec\u00edvel. Professores, cosplayers caracterizados e crian\u00e7as de at\u00e9 7 anos n\u00e3o pagam.<\/p>\n<p>S\u00e3o mais de 70 expositores que trazem as tradi\u00e7\u00f5es hist\u00f3ricas, art\u00edsticas e gastron\u00f4micas da comunidade japonesa. Tamb\u00e9m h\u00e1 apresenta\u00e7\u00f5es de dan\u00e7as t\u00edpicas, m\u00fasica e uma ampla variedade da culin\u00e1ria asi\u00e1tica.<\/p>\n<p>O Parque Permanente fica na avenida Orestes Lopes de Camargo, 350, no Jardim J\u00f3quei Clube.<\/p>\n<p><strong>Veja galeria de fotos de Kelvin Kain\u00e3 e Rafael Cautella: <\/strong><\/p>\n<figure class=\"wp-block-gallery has-nested-images columns-default is-cropped wp-block-gallery-1 is-layout-flex wp-block-gallery-is-layout-flex\">\n<figure class=\"wp-block-image size-large\"><img data-recalc-dims=\"1\" fetchpriority=\"high\" decoding=\"async\" width=\"1024\" height=\"621\" data-id=\"133557\" src=\"https:\/\/i0.wp.com\/cdn.media-acidadeon.com.br\/ribeiraopreto\/wp-content\/uploads\/sites\/3\/2025\/10\/cosplay-2_2025-10-26_14-35-49-1024x621.webp?resize=1024%2C621&#038;ssl=1\" alt=\"cosplay 2 2025 10 26 14 35 49\" class=\"wp-image-133557\" title=\"Jovem de 20 anos vence concurso de cosplay na Mostra Jap\u00e3o em Ribeir\u00e3o Preto; Fotos 1\" srcset=\"https:\/\/cdn.media-acidadeon.com.br\/ribeiraopreto\/wp-content\/uploads\/sites\/3\/2025\/10\/cosplay-2_2025-10-26_14-35-49-1024x621.webp 1024w, https:\/\/cdn.media-acidadeon.com.br\/ribeiraopreto\/wp-content\/uploads\/sites\/3\/2025\/10\/cosplay-2_2025-10-26_14-35-49-300x182.webp 300w, https:\/\/cdn.media-acidadeon.com.br\/ribeiraopreto\/wp-content\/uploads\/sites\/3\/2025\/10\/cosplay-2_2025-10-26_14-35-49-768x466.webp 768w, https:\/\/cdn.media-acidadeon.com.br\/ribeiraopreto\/wp-content\/uploads\/sites\/3\/2025\/10\/cosplay-2_2025-10-26_14-35-49-696x422.webp 696w, https:\/\/cdn.media-acidadeon.com.br\/ribeiraopreto\/wp-content\/uploads\/sites\/3\/2025\/10\/cosplay-2_2025-10-26_14-35-49-1068x648.webp 1068w, https:\/\/cdn.media-acidadeon.com.br\/ribeiraopreto\/wp-content\/uploads\/sites\/3\/2025\/10\/cosplay-2_2025-10-26_14-35-49.webp 1200w\" sizes=\"(max-width: 1024px) 100vw, 1024px\"\/><\/figure>\n<figure class=\"wp-block-image size-large\"><img data-recalc-dims=\"1\" loading=\"lazy\" decoding=\"async\" width=\"1024\" height=\"683\" data-id=\"133560\" src=\"https:\/\/i0.wp.com\/cdn.media-acidadeon.com.br\/ribeiraopreto\/wp-content\/uploads\/sites\/3\/2025\/10\/Foto-0512_2025-10-26_14-35-50-1024x683.webp?resize=1024%2C683&#038;ssl=1\" alt=\"Foto 0512 2025 10 26 14 35 50\" class=\"wp-image-133560\" title=\"Jovem de 20 anos vence concurso de cosplay na Mostra Jap\u00e3o em Ribeir\u00e3o Preto; Fotos 2\" srcset=\"https:\/\/cdn.media-acidadeon.com.br\/ribeiraopreto\/wp-content\/uploads\/sites\/3\/2025\/10\/Foto-0512_2025-10-26_14-35-50-1024x683.webp 1024w, https:\/\/cdn.media-acidadeon.com.br\/ribeiraopreto\/wp-content\/uploads\/sites\/3\/2025\/10\/Foto-0512_2025-10-26_14-35-50-300x200.webp 300w, https:\/\/cdn.media-acidadeon.com.br\/ribeiraopreto\/wp-content\/uploads\/sites\/3\/2025\/10\/Foto-0512_2025-10-26_14-35-50-768x512.webp 768w, https:\/\/cdn.media-acidadeon.com.br\/ribeiraopreto\/wp-content\/uploads\/sites\/3\/2025\/10\/Foto-0512_2025-10-26_14-35-50-696x464.webp 696w, https:\/\/cdn.media-acidadeon.com.br\/ribeiraopreto\/wp-content\/uploads\/sites\/3\/2025\/10\/Foto-0512_2025-10-26_14-35-50-1068x712.webp 1068w, https:\/\/cdn.media-acidadeon.com.br\/ribeiraopreto\/wp-content\/uploads\/sites\/3\/2025\/10\/Foto-0512_2025-10-26_14-35-50.webp 1200w\" sizes=\"auto, (max-width: 1024px) 100vw, 1024px\"\/><\/figure>\n<figure class=\"wp-block-image size-large\"><img data-recalc-dims=\"1\" loading=\"lazy\" decoding=\"async\" width=\"1024\" height=\"683\" data-id=\"133559\" src=\"https:\/\/i0.wp.com\/cdn.media-acidadeon.com.br\/ribeiraopreto\/wp-content\/uploads\/sites\/3\/2025\/10\/Foto-0041_2025-10-26_14-35-50-1024x683.webp?resize=1024%2C683&#038;ssl=1\" alt=\"Foto 0041 2025 10 26 14 35 50\" class=\"wp-image-133559\" title=\"Jovem de 20 anos vence concurso de cosplay na Mostra Jap\u00e3o em Ribeir\u00e3o Preto; Fotos 3\" srcset=\"https:\/\/cdn.media-acidadeon.com.br\/ribeiraopreto\/wp-content\/uploads\/sites\/3\/2025\/10\/Foto-0041_2025-10-26_14-35-50-1024x683.webp 1024w, https:\/\/cdn.media-acidadeon.com.br\/ribeiraopreto\/wp-content\/uploads\/sites\/3\/2025\/10\/Foto-0041_2025-10-26_14-35-50-300x200.webp 300w, https:\/\/cdn.media-acidadeon.com.br\/ribeiraopreto\/wp-content\/uploads\/sites\/3\/2025\/10\/Foto-0041_2025-10-26_14-35-50-768x512.webp 768w, https:\/\/cdn.media-acidadeon.com.br\/ribeiraopreto\/wp-content\/uploads\/sites\/3\/2025\/10\/Foto-0041_2025-10-26_14-35-50-696x464.webp 696w, https:\/\/cdn.media-acidadeon.com.br\/ribeiraopreto\/wp-content\/uploads\/sites\/3\/2025\/10\/Foto-0041_2025-10-26_14-35-50-1068x712.webp 1068w, https:\/\/cdn.media-acidadeon.com.br\/ribeiraopreto\/wp-content\/uploads\/sites\/3\/2025\/10\/Foto-0041_2025-10-26_14-35-50.webp 1200w\" sizes=\"auto, (max-width: 1024px) 100vw, 1024px\"\/><\/figure>\n<figure class=\"wp-block-image size-large\"><img data-recalc-dims=\"1\" loading=\"lazy\" decoding=\"async\" width=\"683\" height=\"1024\" data-id=\"133561\" src=\"https:\/\/i0.wp.com\/cdn.media-acidadeon.com.br\/ribeiraopreto\/wp-content\/uploads\/sites\/3\/2025\/10\/Foto-0038_2025-10-26_14-35-50-683x1024.webp?resize=683%2C1024&#038;ssl=1\" alt=\"Foto 0038 2025 10 26 14 35 50\" class=\"wp-image-133561\" title=\"Jovem de 20 anos vence concurso de cosplay na Mostra Jap\u00e3o em Ribeir\u00e3o Preto; Fotos 4\" srcset=\"https:\/\/cdn.media-acidadeon.com.br\/ribeiraopreto\/wp-content\/uploads\/sites\/3\/2025\/10\/Foto-0038_2025-10-26_14-35-50-683x1024.webp 683w, https:\/\/cdn.media-acidadeon.com.br\/ribeiraopreto\/wp-content\/uploads\/sites\/3\/2025\/10\/Foto-0038_2025-10-26_14-35-50-200x300.webp 200w, https:\/\/cdn.media-acidadeon.com.br\/ribeiraopreto\/wp-content\/uploads\/sites\/3\/2025\/10\/Foto-0038_2025-10-26_14-35-50-768x1152.webp 768w, https:\/\/cdn.media-acidadeon.com.br\/ribeiraopreto\/wp-content\/uploads\/sites\/3\/2025\/10\/Foto-0038_2025-10-26_14-35-50-1024x1536.webp 1024w, https:\/\/cdn.media-acidadeon.com.br\/ribeiraopreto\/wp-content\/uploads\/sites\/3\/2025\/10\/Foto-0038_2025-10-26_14-35-50-696x1044.webp 696w, https:\/\/cdn.media-acidadeon.com.br\/ribeiraopreto\/wp-content\/uploads\/sites\/3\/2025\/10\/Foto-0038_2025-10-26_14-35-50-1068x1602.webp 1068w, https:\/\/cdn.media-acidadeon.com.br\/ribeiraopreto\/wp-content\/uploads\/sites\/3\/2025\/10\/Foto-0038_2025-10-26_14-35-50.webp 1200w\" sizes=\"auto, (max-width: 683px) 100vw, 683px\"\/><\/figure>\n<figure class=\"wp-block-image size-large\"><img data-recalc-dims=\"1\" loading=\"lazy\" decoding=\"async\" width=\"683\" height=\"1024\" data-id=\"133562\" src=\"https:\/\/i0.wp.com\/cdn.media-acidadeon.com.br\/ribeiraopreto\/wp-content\/uploads\/sites\/3\/2025\/10\/Foto-0010_2025-10-26_14-35-50-683x1024.webp?resize=683%2C1024&#038;ssl=1\" alt=\"Foto 0010 2025 10 26 14 35 50\" class=\"wp-image-133562\" title=\"Jovem de 20 anos vence concurso de cosplay na Mostra Jap\u00e3o em Ribeir\u00e3o Preto; Fotos 5\" srcset=\"https:\/\/cdn.media-acidadeon.com.br\/ribeiraopreto\/wp-content\/uploads\/sites\/3\/2025\/10\/Foto-0010_2025-10-26_14-35-50-683x1024.webp 683w, https:\/\/cdn.media-acidadeon.com.br\/ribeiraopreto\/wp-content\/uploads\/sites\/3\/2025\/10\/Foto-0010_2025-10-26_14-35-50-200x300.webp 200w, https:\/\/cdn.media-acidadeon.com.br\/ribeiraopreto\/wp-content\/uploads\/sites\/3\/2025\/10\/Foto-0010_2025-10-26_14-35-50-768x1152.webp 768w, https:\/\/cdn.media-acidadeon.com.br\/ribeiraopreto\/wp-content\/uploads\/sites\/3\/2025\/10\/Foto-0010_2025-10-26_14-35-50-1024x1536.webp 1024w, https:\/\/cdn.media-acidadeon.com.br\/ribeiraopreto\/wp-content\/uploads\/sites\/3\/2025\/10\/Foto-0010_2025-10-26_14-35-50-696x1044.webp 696w, https:\/\/cdn.media-acidadeon.com.br\/ribeiraopreto\/wp-content\/uploads\/sites\/3\/2025\/10\/Foto-0010_2025-10-26_14-35-50-1068x1602.webp 1068w, https:\/\/cdn.media-acidadeon.com.br\/ribeiraopreto\/wp-content\/uploads\/sites\/3\/2025\/10\/Foto-0010_2025-10-26_14-35-50.webp 1200w\" sizes=\"auto, (max-width: 683px) 100vw, 683px\"\/><\/figure>\n<figure class=\"wp-block-image size-large\"><img data-recalc-dims=\"1\" loading=\"lazy\" decoding=\"async\" width=\"1024\" height=\"576\" data-id=\"133558\" src=\"https:\/\/i0.wp.com\/cdn.media-acidadeon.com.br\/ribeiraopreto\/wp-content\/uploads\/sites\/3\/2025\/10\/DRONE_2025-10-26_14-35-49-1024x576.webp?resize=1024%2C576&#038;ssl=1\" alt=\"DRONE 2025 10 26 14 35 49\" class=\"wp-image-133558\" title=\"Jovem de 20 anos vence concurso de cosplay na Mostra Jap\u00e3o em Ribeir\u00e3o Preto; Fotos 6\" srcset=\"https:\/\/cdn.media-acidadeon.com.br\/ribeiraopreto\/wp-content\/uploads\/sites\/3\/2025\/10\/DRONE_2025-10-26_14-35-49-1024x576.webp 1024w, https:\/\/cdn.media-acidadeon.com.br\/ribeiraopreto\/wp-content\/uploads\/sites\/3\/2025\/10\/DRONE_2025-10-26_14-35-49-300x169.webp 300w, https:\/\/cdn.media-acidadeon.com.br\/ribeiraopreto\/wp-content\/uploads\/sites\/3\/2025\/10\/DRONE_2025-10-26_14-35-49-768x432.webp 768w, https:\/\/cdn.media-acidadeon.com.br\/ribeiraopreto\/wp-content\/uploads\/sites\/3\/2025\/10\/DRONE_2025-10-26_14-35-49-696x392.webp 696w, https:\/\/cdn.media-acidadeon.com.br\/ribeiraopreto\/wp-content\/uploads\/sites\/3\/2025\/10\/DRONE_2025-10-26_14-35-49-1068x601.webp 1068w, https:\/\/cdn.media-acidadeon.com.br\/ribeiraopreto\/wp-content\/uploads\/sites\/3\/2025\/10\/DRONE_2025-10-26_14-35-49.webp 1200w\" sizes=\"auto, (max-width: 1024px) 100vw, 1024px\"\/><\/figure>\n<\/figure>\n<p>SAIBA MAIS<\/p>\n<p>Cinema de Ribeir\u00e3o Preto exibe sess\u00f5es antecipadas de \u2018O Agente Secreto\u2019<\/p>\n<h2 class=\"wp-block-heading\"><strong>FIQUE ON<\/strong><\/h2>\n<p>Fique ligado em tudo que acontece em Ribeir\u00e3o Preto e regi\u00e3o. Siga os perfis do\u00a0<strong>acidade on<\/strong>\u00a0no<a href=\"https:\/\/www.instagram.com\/acidadeonribeirao\" target=\"_blank\" rel=\"noreferrer noopener\">\u00a0Instagram\u00a0<\/a>e no\u00a0<a href=\"https:\/\/www.facebook.com\/acidadeonribeirao\/\" target=\"_blank\" rel=\"noreferrer noopener\">Facebook<\/a>.<\/p>\n<p>Receba not\u00edcias do<strong>\u00a0acidade on<\/strong>\u00a0no WhatsApp. Para entrar no grupo,\u00a0basta\u00a0<a href=\"https:\/\/chat.whatsapp.com\/I4nieTEMKlf50pJ28aMemC?mode=ac_t\" target=\"_blank\" rel=\"noreferrer noopener\">clicar aqui<\/a>. Ou, acesse o nosso\u00a0Canal\u00a0<a href=\"https:\/\/whatsapp.com\/channel\/0029Vb6IQl1JENyAeS57fk2p\" target=\"_blank\" rel=\"noreferrer noopener\">clicando aqui<\/a>.<\/p>\n<p>Fa\u00e7a uma den\u00fancia ou sugira uma reportagem sobre Ribeir\u00e3o Preto e regi\u00e3o pelo WhatsApp: 16 99117 7802.<\/p>\n<p>VEJA TAMB\u00c9M<\/p>\n<p>\u2018Ningu\u00e9m Quer\u2019 ter\u00e1 3\u00aa temporada?<\/p>\n<p><!-- AI CONTENT END 1 -->\n<\/div>\n<p><script async src=\"\/\/www.instagram.com\/embed.js\"><\/script><br \/>\n<br \/><br \/>\n<br \/><a href=\"https:\/\/www.acidadeon.com\/ribeiraopreto\/lazer-e-cultura\/jovem-de-20-anos-vence-concurso-de-cosplay-na-mostra-japao-em-ribeirao-preto-fotos\/\">Source link <\/a><\/p>\n<!-- CONTENT END 1 -->\n","protected":false},"excerpt":{"rendered":"<p>A jovem Isabella Luz, de 20 anos, venceu o concurso de cosplay da 40\u00aa edi\u00e7\u00e3o da Mostra Jap\u00e3o neste s\u00e1bado (25), no Parque Permanente de&#8230;<\/p>\n","protected":false},"author":1,"featured_media":79185,"comment_status":"open","ping_status":"open","sticky":false,"template":"","format":"standard","meta":{"advanced_seo_description":"","jetpack_seo_html_title":"","jetpack_seo_noindex":false,"jetpack_post_was_ever_published":false,"_jetpack_newsletter_access":"","_jetpack_dont_email_post_to_subs":false,"_jetpack_newsletter_tier_id":0,"_jetpack_memberships_contains_paywalled_content":false,"_jetpack_memberships_contains_paid_content":false,"footnotes":"","jetpack_publicize_message":"","jetpack_publicize_feature_enabled":true,"jetpack_social_post_already_shared":true,"jetpack_social_options":{"image_generator_settings":{"template":"highway","default_image_id":0,"font":"","enabled":false},"version":2}},"categories":[11],"tags":[],"class_list":["post-79184","post","type-post","status-publish","format-standard","has-post-thumbnail","hentry","category-noticias-de-ribeirao-preto-sp-e-regiao-ismael-colosi"],"jetpack_publicize_connections":[],"jetpack_featured_media_url":"https:\/\/i0.wp.com\/noticiasribeiraopreto.com.br\/wp-content\/uploads\/2025\/10\/cosplay-1_2025-10-26_14-31-49.webp.webp?fit=1200%2C772&ssl=1","jetpack-related-posts":[{"id":78564,"url":"https:\/\/noticiasribeiraopreto.com.br\/index.php\/2025\/10\/13\/mostra-japao-chega-a-ribeirao-com-atracoes-culturais-gastronomia-e-concurso-de-cosplay\/","url_meta":{"origin":79184,"position":0},"title":"Mostra Jap\u00e3o chega a Ribeir\u00e3o com atra\u00e7\u00f5es culturais, gastronomia e concurso de cosplay","author":"noticiasribeiraopreto.com.br","date":"13 de October de 2025","format":false,"excerpt":"Ribeir\u00e3o Preto ser\u00e1 sede da 40\u00aa edi\u00e7\u00e3o da Mostra Jap\u00e3o, o maior evento itinerante da cultura japonesa no estado de S\u00e3o Paulo. O evento acontece entre os dias 24 e 26 de outubro, no Parque Permanente de Exposi\u00e7\u00f5es. A Mostra Jap\u00e3o contar\u00e1 com mais de 70 expositores, oferecendo gastronomia, moda,\u2026","rel":"","context":"In &quot;Not\u00edcias de Ribeir\u00e3o Preto-SP e Regi\u00e3o&quot;","block_context":{"text":"Not\u00edcias de Ribeir\u00e3o Preto-SP e Regi\u00e3o","link":"https:\/\/noticiasribeiraopreto.com.br\/index.php\/category\/noticias-de-ribeirao-preto-sp-e-regiao-ismael-colosi\/"},"img":{"alt_text":"","src":"https:\/\/i0.wp.com\/noticiasribeiraopreto.com.br\/wp-content\/uploads\/2025\/10\/f825d45d629fd7dfbd66edeaf4c5a9b4_2025-10-13_19-50-11.webp.webp?fit=1200%2C800&ssl=1&resize=350%2C200","width":350,"height":200,"srcset":"https:\/\/i0.wp.com\/noticiasribeiraopreto.com.br\/wp-content\/uploads\/2025\/10\/f825d45d629fd7dfbd66edeaf4c5a9b4_2025-10-13_19-50-11.webp.webp?fit=1200%2C800&ssl=1&resize=350%2C200 1x, https:\/\/i0.wp.com\/noticiasribeiraopreto.com.br\/wp-content\/uploads\/2025\/10\/f825d45d629fd7dfbd66edeaf4c5a9b4_2025-10-13_19-50-11.webp.webp?fit=1200%2C800&ssl=1&resize=525%2C300 1.5x, https:\/\/i0.wp.com\/noticiasribeiraopreto.com.br\/wp-content\/uploads\/2025\/10\/f825d45d629fd7dfbd66edeaf4c5a9b4_2025-10-13_19-50-11.webp.webp?fit=1200%2C800&ssl=1&resize=700%2C400 2x, https:\/\/i0.wp.com\/noticiasribeiraopreto.com.br\/wp-content\/uploads\/2025\/10\/f825d45d629fd7dfbd66edeaf4c5a9b4_2025-10-13_19-50-11.webp.webp?fit=1200%2C800&ssl=1&resize=1050%2C600 3x"},"classes":[]},{"id":79113,"url":"https:\/\/noticiasribeiraopreto.com.br\/index.php\/2025\/10\/24\/mostra-japao-acontece-a-partir-de-hoje-em-ribeirao-preto-veja-as-atracoes\/","url_meta":{"origin":79184,"position":1},"title":"Mostra Jap\u00e3o acontece a partir de hoje em Ribeir\u00e3o Preto; Veja as atra\u00e7\u00f5es","author":"noticiasribeiraopreto.com.br","date":"24 de October de 2025","format":false,"excerpt":"Come\u00e7a nesta sexta-feira (24), \u00e0s 18h, a Mostra Jap\u00e3o, que segue at\u00e9 domingo (26), no Parque Permanente de Exposi\u00e7\u00f5es de Ribeir\u00e3o Preto. O evento contar\u00e1 com 70 expositores, comida oriental e apresenta\u00e7\u00f5es culturais. A Mostra Jap\u00e3o, em sua 40\u00aa edi\u00e7\u00e3o, estreia em Ribeir\u00e3o Preto. Confira os destaques da programa\u00e7\u00e3o: Entrada\u2026","rel":"","context":"In &quot;Not\u00edcias de Ribeir\u00e3o Preto-SP e Regi\u00e3o&quot;","block_context":{"text":"Not\u00edcias de Ribeir\u00e3o Preto-SP e Regi\u00e3o","link":"https:\/\/noticiasribeiraopreto.com.br\/index.php\/category\/noticias-de-ribeirao-preto-sp-e-regiao-ismael-colosi\/"},"img":{"alt_text":"","src":"https:\/\/i0.wp.com\/noticiasribeiraopreto.com.br\/wp-content\/uploads\/2025\/10\/mostra-japao_2025-10-24_14-27-01.webp.webp?fit=1200%2C800&ssl=1&resize=350%2C200","width":350,"height":200,"srcset":"https:\/\/i0.wp.com\/noticiasribeiraopreto.com.br\/wp-content\/uploads\/2025\/10\/mostra-japao_2025-10-24_14-27-01.webp.webp?fit=1200%2C800&ssl=1&resize=350%2C200 1x, https:\/\/i0.wp.com\/noticiasribeiraopreto.com.br\/wp-content\/uploads\/2025\/10\/mostra-japao_2025-10-24_14-27-01.webp.webp?fit=1200%2C800&ssl=1&resize=525%2C300 1.5x, https:\/\/i0.wp.com\/noticiasribeiraopreto.com.br\/wp-content\/uploads\/2025\/10\/mostra-japao_2025-10-24_14-27-01.webp.webp?fit=1200%2C800&ssl=1&resize=700%2C400 2x, https:\/\/i0.wp.com\/noticiasribeiraopreto.com.br\/wp-content\/uploads\/2025\/10\/mostra-japao_2025-10-24_14-27-01.webp.webp?fit=1200%2C800&ssl=1&resize=1050%2C600 3x"},"classes":[]},{"id":46056,"url":"https:\/\/noticiasribeiraopreto.com.br\/index.php\/2024\/04\/09\/atleta-de-ribeirao-preto-e-convocada-para-o-mundial-paralimpico-do-japao\/","url_meta":{"origin":79184,"position":2},"title":"Atleta de Ribeir\u00e3o Preto \u00e9 convocada para o Mundial Paral\u00edmpico do Jap\u00e3o","author":"noticiasribeiraopreto.com.br","date":"9 de April de 2024","format":false,"excerpt":"A atleta Zileide Cassiano da Silva, de Ribeir\u00e3o Preto, foi convocada pelo Comit\u00ea Paral\u00edmpico Brasileiro para o Mundial de Atletismo Paral\u00edmpico, que ser\u00e1 disputado em Kobe, no Jap\u00e3o. O evento acontece entre 17 a 25 de maio. Zileide Cassiano vai disputar no salto em dist\u00e2ncia, na categoria T20. A competi\u00e7\u00e3o\u2026","rel":"","context":"In &quot;Not\u00edcias de Ribeir\u00e3o Preto-SP e Regi\u00e3o&quot;","block_context":{"text":"Not\u00edcias de Ribeir\u00e3o Preto-SP e Regi\u00e3o","link":"https:\/\/noticiasribeiraopreto.com.br\/index.php\/category\/noticias-de-ribeirao-preto-sp-e-regiao-ismael-colosi\/"},"img":{"alt_text":"","src":"https:\/\/i0.wp.com\/noticiasribeiraopreto.com.br\/wp-content\/uploads\/2024\/04\/AnyConv.com__ZILEIDE.webp.webp?fit=960%2C550&ssl=1&resize=350%2C200","width":350,"height":200,"srcset":"https:\/\/i0.wp.com\/noticiasribeiraopreto.com.br\/wp-content\/uploads\/2024\/04\/AnyConv.com__ZILEIDE.webp.webp?fit=960%2C550&ssl=1&resize=350%2C200 1x, https:\/\/i0.wp.com\/noticiasribeiraopreto.com.br\/wp-content\/uploads\/2024\/04\/AnyConv.com__ZILEIDE.webp.webp?fit=960%2C550&ssl=1&resize=525%2C300 1.5x, https:\/\/i0.wp.com\/noticiasribeiraopreto.com.br\/wp-content\/uploads\/2024\/04\/AnyConv.com__ZILEIDE.webp.webp?fit=960%2C550&ssl=1&resize=700%2C400 2x"},"classes":[]},{"id":79207,"url":"https:\/\/noticiasribeiraopreto.com.br\/index.php\/2025\/10\/27\/nayane-ramos-e-eleita-miss-comerciaria-2025\/","url_meta":{"origin":79184,"position":3},"title":"Nayane Ramos \u00e9 eleita Miss Comerci\u00e1ria 2025","author":"noticiasribeiraopreto.com.br","date":"27 de October de 2025","format":false,"excerpt":"Final aconteceu no \u00faltimo s\u00e1bado, 25, em evento que contou com a presen\u00e7a de quase 600 pessoas, no Clube dos Comerci\u00e1rios A vendedora e analista de marketing da R&K Jeans, Nayane Marques Ramos (@nayane_ramoss), de 23 anos, foi a grande vencedora da 27\u00aa. edi\u00e7\u00e3o do concurso Miss Comerci\u00e1ria 2025 (@misscomerciariarp).\u2026","rel":"","context":"In &quot;Not\u00edcias de Ribeir\u00e3o Preto-SP e Regi\u00e3o&quot;","block_context":{"text":"Not\u00edcias de Ribeir\u00e3o Preto-SP e Regi\u00e3o","link":"https:\/\/noticiasribeiraopreto.com.br\/index.php\/category\/noticias-de-ribeirao-preto-sp-e-regiao-ismael-colosi\/"},"img":{"alt_text":"","src":"https:\/\/i0.wp.com\/noticiasribeiraopreto.com.br\/wp-content\/uploads\/2025\/10\/01-Miss-25-capa-scaled.jpeg?fit=1170%2C780&ssl=1&resize=350%2C200","width":350,"height":200,"srcset":"https:\/\/i0.wp.com\/noticiasribeiraopreto.com.br\/wp-content\/uploads\/2025\/10\/01-Miss-25-capa-scaled.jpeg?fit=1170%2C780&ssl=1&resize=350%2C200 1x, https:\/\/i0.wp.com\/noticiasribeiraopreto.com.br\/wp-content\/uploads\/2025\/10\/01-Miss-25-capa-scaled.jpeg?fit=1170%2C780&ssl=1&resize=525%2C300 1.5x, https:\/\/i0.wp.com\/noticiasribeiraopreto.com.br\/wp-content\/uploads\/2025\/10\/01-Miss-25-capa-scaled.jpeg?fit=1170%2C780&ssl=1&resize=700%2C400 2x, https:\/\/i0.wp.com\/noticiasribeiraopreto.com.br\/wp-content\/uploads\/2025\/10\/01-Miss-25-capa-scaled.jpeg?fit=1170%2C780&ssl=1&resize=1050%2C600 3x"},"classes":[]},{"id":79203,"url":"https:\/\/noticiasribeiraopreto.com.br\/index.php\/2025\/10\/27\/ribeirao-preto-recebe-musical-autobiografico-de-rita-lee-veja-quando\/","url_meta":{"origin":79184,"position":4},"title":"Ribeir\u00e3o Preto recebe musical autobiogr\u00e1fico de Rita Lee; veja quando","author":"noticiasribeiraopreto.com.br","date":"27 de October de 2025","format":false,"excerpt":"Ribeir\u00e3o Preto recebe tr\u00eas sess\u00f5es de o musical \u201cRita Lee \u2013 Uma Autobiografia Musical\u201d, no Theatro Pedro II, nos pr\u00f3ximos dias 8 e 9 de novembro. Espet\u00e1culo sobre a rainha do rock \u00e9 montado com base no livro da cantora lan\u00e7ado em 2016 e um dos maiores sucessos editoriais do\u2026","rel":"","context":"In &quot;Not\u00edcias de Ribeir\u00e3o Preto-SP e Regi\u00e3o&quot;","block_context":{"text":"Not\u00edcias de Ribeir\u00e3o Preto-SP e Regi\u00e3o","link":"https:\/\/noticiasribeiraopreto.com.br\/index.php\/category\/noticias-de-ribeirao-preto-sp-e-regiao-ismael-colosi\/"},"img":{"alt_text":"","src":"https:\/\/i0.wp.com\/noticiasribeiraopreto.com.br\/wp-content\/uploads\/2025\/10\/JC250516_201180-press_2025-10-27_12-01-31.webp.webp?fit=1200%2C805&ssl=1&resize=350%2C200","width":350,"height":200,"srcset":"https:\/\/i0.wp.com\/noticiasribeiraopreto.com.br\/wp-content\/uploads\/2025\/10\/JC250516_201180-press_2025-10-27_12-01-31.webp.webp?fit=1200%2C805&ssl=1&resize=350%2C200 1x, https:\/\/i0.wp.com\/noticiasribeiraopreto.com.br\/wp-content\/uploads\/2025\/10\/JC250516_201180-press_2025-10-27_12-01-31.webp.webp?fit=1200%2C805&ssl=1&resize=525%2C300 1.5x, https:\/\/i0.wp.com\/noticiasribeiraopreto.com.br\/wp-content\/uploads\/2025\/10\/JC250516_201180-press_2025-10-27_12-01-31.webp.webp?fit=1200%2C805&ssl=1&resize=700%2C400 2x, https:\/\/i0.wp.com\/noticiasribeiraopreto.com.br\/wp-content\/uploads\/2025\/10\/JC250516_201180-press_2025-10-27_12-01-31.webp.webp?fit=1200%2C805&ssl=1&resize=1050%2C600 3x"},"classes":[]},{"id":79109,"url":"https:\/\/noticiasribeiraopreto.com.br\/index.php\/2025\/10\/24\/nando-reis-mostra-japao-e-marco-luque-veja-as-opcoes-para-curtir-o-fim-de-semana-em-ribeirao-preto\/","url_meta":{"origin":79184,"position":5},"title":"Nando Reis, Mostra Jap\u00e3o e Marco Luque: Veja as op\u00e7\u00f5es para curtir o fim de semana em Ribeir\u00e3o Preto","author":"noticiasribeiraopreto.com.br","date":"24 de October de 2025","format":false,"excerpt":"Ribeir\u00e3o Preto conta com diversas op\u00e7\u00f5es para curtir o fim de semana. Os destaques da programa\u00e7\u00e3o s\u00e3o o show de Nando Reis, com a turn\u00ea \u201cNando Hits\u201c, a Mostra Jap\u00e3o, e Marco Luque com o espet\u00e1culo \u201c\u00c9 Disso Que Eu To Falando\u201c. Confira a programa\u00e7\u00e3o abaixo. Mostra Jap\u00e3o Come\u00e7a nesta\u2026","rel":"","context":"In &quot;Not\u00edcias de Ribeir\u00e3o Preto-SP e Regi\u00e3o&quot;","block_context":{"text":"Not\u00edcias de Ribeir\u00e3o Preto-SP e Regi\u00e3o","link":"https:\/\/noticiasribeiraopreto.com.br\/index.php\/category\/noticias-de-ribeirao-preto-sp-e-regiao-ismael-colosi\/"},"img":{"alt_text":"","src":"https:\/\/i0.wp.com\/noticiasribeiraopreto.com.br\/wp-content\/uploads\/2025\/10\/mostra-japao-marco-luque-nando-reis_2025-10-24_15-43-10.webp.webp?fit=1200%2C674&ssl=1&resize=350%2C200","width":350,"height":200,"srcset":"https:\/\/i0.wp.com\/noticiasribeiraopreto.com.br\/wp-content\/uploads\/2025\/10\/mostra-japao-marco-luque-nando-reis_2025-10-24_15-43-10.webp.webp?fit=1200%2C674&ssl=1&resize=350%2C200 1x, https:\/\/i0.wp.com\/noticiasribeiraopreto.com.br\/wp-content\/uploads\/2025\/10\/mostra-japao-marco-luque-nando-reis_2025-10-24_15-43-10.webp.webp?fit=1200%2C674&ssl=1&resize=525%2C300 1.5x, https:\/\/i0.wp.com\/noticiasribeiraopreto.com.br\/wp-content\/uploads\/2025\/10\/mostra-japao-marco-luque-nando-reis_2025-10-24_15-43-10.webp.webp?fit=1200%2C674&ssl=1&resize=700%2C400 2x, https:\/\/i0.wp.com\/noticiasribeiraopreto.com.br\/wp-content\/uploads\/2025\/10\/mostra-japao-marco-luque-nando-reis_2025-10-24_15-43-10.webp.webp?fit=1200%2C674&ssl=1&resize=1050%2C600 3x"},"classes":[]}],"jetpack_sharing_enabled":true,"jetpack_shortlink":"https:\/\/wp.me\/peQAOb-kBa","_links":{"self":[{"href":"https:\/\/noticiasribeiraopreto.com.br\/index.php\/wp-json\/wp\/v2\/posts\/79184","targetHints":{"allow":["GET"]}}],"collection":[{"href":"https:\/\/noticiasribeiraopreto.com.br\/index.php\/wp-json\/wp\/v2\/posts"}],"about":[{"href":"https:\/\/noticiasribeiraopreto.com.br\/index.php\/wp-json\/wp\/v2\/types\/post"}],"author":[{"embeddable":true,"href":"https:\/\/noticiasribeiraopreto.com.br\/index.php\/wp-json\/wp\/v2\/users\/1"}],"replies":[{"embeddable":true,"href":"https:\/\/noticiasribeiraopreto.com.br\/index.php\/wp-json\/wp\/v2\/comments?post=79184"}],"version-history":[{"count":0,"href":"https:\/\/noticiasribeiraopreto.com.br\/index.php\/wp-json\/wp\/v2\/posts\/79184\/revisions"}],"wp:featuredmedia":[{"embeddable":true,"href":"https:\/\/noticiasribeiraopreto.com.br\/index.php\/wp-json\/wp\/v2\/media\/79185"}],"wp:attachment":[{"href":"https:\/\/noticiasribeiraopreto.com.br\/index.php\/wp-json\/wp\/v2\/media?parent=79184"}],"wp:term":[{"taxonomy":"category","embeddable":true,"href":"https:\/\/noticiasribeiraopreto.com.br\/index.php\/wp-json\/wp\/v2\/categories?post=79184"},{"taxonomy":"post_tag","embeddable":true,"href":"https:\/\/noticiasribeiraopreto.com.br\/index.php\/wp-json\/wp\/v2\/tags?post=79184"}],"curies":[{"name":"wp","href":"https:\/\/api.w.org\/{rel}","templated":true}]}}