{"id":79188,"date":"2025-10-26T17:53:51","date_gmt":"2025-10-26T20:53:51","guid":{"rendered":"https:\/\/noticiasribeiraopreto.com.br\/index.php\/2025\/10\/26\/helicoptero-cai-em-lago-de-pesqueiro-e-duas-pessoas-sao-resgatadas-no-interior-de-sp\/"},"modified":"2025-10-26T17:53:51","modified_gmt":"2025-10-26T20:53:51","slug":"helicoptero-cai-em-lago-de-pesqueiro-e-duas-pessoas-sao-resgatadas-no-interior-de-sp","status":"publish","type":"post","link":"https:\/\/noticiasribeiraopreto.com.br\/index.php\/2025\/10\/26\/helicoptero-cai-em-lago-de-pesqueiro-e-duas-pessoas-sao-resgatadas-no-interior-de-sp\/","title":{"rendered":"Helic\u00f3ptero cai em lago de pesqueiro e duas pessoas s\u00e3o resgatadas no interior de SP"},"content":{"rendered":"<div class='code-block code-block-1' style='margin: 8px 0 8px auto; text-align: right; display: block; clear: both;'>\n<p><a href=\"https:\/\/wa.link\/vpicfd\"><img data-recalc-dims=\"1\" class=\"wp-image-4922\" style=\"aspect-ratio: 2.0253164556962027; width: 561px; height: auto;\" src=\"https:\/\/i0.wp.com\/ismaelcolosi.com.br\/wp-content\/uploads\/2023\/11\/grupo-de-empregos-whatsapp-e-facebook-ismael-colosi-vagas.jpg?ssl=1\" alt=\"\" \/><\/a><\/p>\n<!-- \/wp:image -->\n<\/div>\n<p> <br \/>\n<\/p>\n<div data-td-block-uid=\"tdi_95\">\n<div class=\"tdb-block-inner td-fix-index\">\n<p><strong>Um helic\u00f3ptero com duas pessoas caiu em um lago de um pesqueiro na tarde deste domingo (26), em\u00a0S\u00e3o Roque, no interior de S\u00e3o Paulo. <\/strong>O <strong>piloto <\/strong>e o <strong>passageiro <\/strong>foram <strong>resgatados<\/strong>. <\/p>\n<p><mark style=\"background-color:#fcb900\" class=\"has-inline-color has-black-color\">Segundo o Corpo de Bombeiros, o piloto sofreu escoria\u00e7\u00f5es em uma das m\u00e3os e o passageiro saiu ileso.<\/mark><\/p>\n<p>Um barco foi utilizado no resgate, na propriedade localizada na Estrada do Vinho.<\/p>\n<p>O helic\u00f3ptero havia sa\u00eddo de Jundia\u00ed e a queda ocorreu a aproximadamente 300 metros de um heliponto.<\/p>\n<p>Al\u00e9m dos Bombeiros, a PM (Pol\u00edcia Militar) tamb\u00e9m foi mobilizada na ocorr\u00eancia.<\/p>\n<p>As causas ainda dever\u00e3o ser apuradas.<\/p>\n<p>SAIBA MAIS<\/p>\n<p>Professora tem pris\u00e3o decretada ap\u00f3s confessar ter matado namorado e enterrado o corpo<\/p>\n<h2 class=\"wp-block-heading\"><strong>FIQUE ON<\/strong><\/h2>\n<p>Fique ligado em tudo que acontece em Ribeir\u00e3o Preto e regi\u00e3o. Siga os perfis do<strong>\u00a0acidade on<\/strong>\u00a0no<a href=\"https:\/\/www.instagram.com\/acidadeonribeirao\" target=\"_blank\" rel=\"noreferrer noopener\">\u00a0Instagram\u00a0<\/a>e no\u00a0<a href=\"https:\/\/www.facebook.com\/acidadeonribeirao\/\" target=\"_blank\" rel=\"noreferrer noopener\">Facebook<\/a>.<\/p>\n<p>Receba not\u00edcias do<strong>\u00a0acidade on\u00a0<\/strong>no WhatsApp. Para entrar no grupo,\u00a0basta\u00a0<a href=\"https:\/\/chat.whatsapp.com\/I4nieTEMKlf50pJ28aMemC?mode=ac_t\" target=\"_blank\" rel=\"noreferrer noopener\">clicar aqui<\/a>. Ou, acesse o nosso\u00a0Canal\u00a0<a href=\"https:\/\/whatsapp.com\/channel\/0029Vb6IQl1JENyAeS57fk2p\" target=\"_blank\" rel=\"noreferrer noopener\">clicando aqui<\/a>.<\/p>\n<p>Fa\u00e7a uma den\u00fancia ou sugira uma reportagem sobre Ribeir\u00e3o Preto e regi\u00e3o pelo WhatsApp: 16 99117 7802.<\/p>\n<p>VEJA TAMB\u00c9M<\/p>\n<p>Governan\u00e7a, IA e Compliance: A Tr\u00edade para a Perenidade dos Neg\u00f3cios Familiares<\/p>\n<p><!-- AI CONTENT END 1 -->\n<\/div>\n<\/div>\n<p><script async src=\"\/\/www.instagram.com\/embed.js\"><\/script><br \/>\n<br \/><br \/>\n<br \/><a href=\"https:\/\/www.acidadeon.com\/ribeiraopreto\/cotidiano\/helicoptero-cai-em-lago-de-pesqueiro-e-duas-pessoas-sao-resgatadas-no-interior-de-sp\/\">Source link <\/a><\/p>\n<!-- CONTENT END 1 -->\n","protected":false},"excerpt":{"rendered":"<p>Um helic\u00f3ptero com duas pessoas caiu em um lago de um pesqueiro na tarde deste domingo (26), em\u00a0S\u00e3o Roque, no interior de S\u00e3o Paulo. O&#8230;<\/p>\n","protected":false},"author":1,"featured_media":73423,"comment_status":"open","ping_status":"open","sticky":false,"template":"","format":"standard","meta":{"advanced_seo_description":"","jetpack_seo_html_title":"","jetpack_seo_noindex":false,"jetpack_post_was_ever_published":false,"_jetpack_newsletter_access":"","_jetpack_dont_email_post_to_subs":false,"_jetpack_newsletter_tier_id":0,"_jetpack_memberships_contains_paywalled_content":false,"_jetpack_memberships_contains_paid_content":false,"footnotes":"","jetpack_publicize_message":"","jetpack_publicize_feature_enabled":true,"jetpack_social_post_already_shared":true,"jetpack_social_options":{"image_generator_settings":{"template":"highway","default_image_id":0,"font":"","enabled":false},"version":2}},"categories":[11],"tags":[],"class_list":["post-79188","post","type-post","status-publish","format-standard","has-post-thumbnail","hentry","category-noticias-de-ribeirao-preto-sp-e-regiao-ismael-colosi"],"jetpack_publicize_connections":[],"jetpack_featured_media_url":"https:\/\/i0.wp.com\/noticiasribeiraopreto.com.br\/wp-content\/uploads\/2025\/07\/BOMBEIROS-1024x575-1_2024-05-31_13-44-44_jpg_2024-05-31_13-44-44.webp.webp?fit=1024%2C575&ssl=1","jetpack-related-posts":[{"id":27546,"url":"https:\/\/noticiasribeiraopreto.com.br\/index.php\/2024\/01\/12\/quem-sao-os-passageiros-e-o-piloto-do-helicoptero-que-foi-encontrado-em-sp-apos-12-dias-de-buscas\/","url_meta":{"origin":79188,"position":0},"title":"Quem s\u00e3o os passageiros e o piloto do helic\u00f3ptero que foi encontrado em SP ap\u00f3s 12 dias de buscas","author":"noticiasribeiraopreto.com.br","date":"12 de January de 2024","format":false,"excerpt":"O helic\u00f3ptero encontrado nesta sexta-feira, dia 12 de janeiro, na regi\u00e3o do Vale da Para\u00edba, estava desaparecido h\u00e1 quase duas semanas. Dentro ele, estavam tr\u00eas passageiros e o piloto que estava a bordo.O piloto foi identificado pelo nome de Cassiano Tete Teodoro, 44 anos, e ap\u00f3s o caso, foi o\u2026","rel":"","context":"In &quot;Blog&quot;","block_context":{"text":"Blog","link":"https:\/\/noticiasribeiraopreto.com.br\/index.php\/category\/blog\/"},"img":{"alt_text":"","src":"https:\/\/i0.wp.com\/noticiasribeiraopreto.com.br\/wp-content\/uploads\/2024\/01\/postimg-65a15561d6eba4910.jpg?fit=1200%2C628&ssl=1&resize=350%2C200","width":350,"height":200,"srcset":"https:\/\/i0.wp.com\/noticiasribeiraopreto.com.br\/wp-content\/uploads\/2024\/01\/postimg-65a15561d6eba4910.jpg?fit=1200%2C628&ssl=1&resize=350%2C200 1x, https:\/\/i0.wp.com\/noticiasribeiraopreto.com.br\/wp-content\/uploads\/2024\/01\/postimg-65a15561d6eba4910.jpg?fit=1200%2C628&ssl=1&resize=525%2C300 1.5x, https:\/\/i0.wp.com\/noticiasribeiraopreto.com.br\/wp-content\/uploads\/2024\/01\/postimg-65a15561d6eba4910.jpg?fit=1200%2C628&ssl=1&resize=700%2C400 2x, https:\/\/i0.wp.com\/noticiasribeiraopreto.com.br\/wp-content\/uploads\/2024\/01\/postimg-65a15561d6eba4910.jpg?fit=1200%2C628&ssl=1&resize=1050%2C600 3x"},"classes":[]},{"id":62540,"url":"https:\/\/noticiasribeiraopreto.com.br\/index.php\/2025\/01\/17\/duas-mortes-sao-confirmadas-apos-queda-de-helicoptero-que-seguia-para-o-interior-de-sp\/","url_meta":{"origin":79188,"position":1},"title":"Duas mortes s\u00e3o confirmadas ap\u00f3s queda de helic\u00f3ptero que seguia para o interior de SP","author":"noticiasribeiraopreto.com.br","date":"17 de January de 2025","format":false,"excerpt":"Duas pessoas morreram ap\u00f3s a queda de um helic\u00f3ptero na noite desta quinta-feira (16), em \u00e1rea de mata na cidade de\u00a0Caieiras, na Grande S\u00e3o Paulo. Outras duas v\u00edtimas \u2013 o piloto e uma crian\u00e7a \u2013 sobreviveram. A aeronave estava com quatro pessoas a bordo e seguia da\u00a0capital paulista\u00a0 para\u00a0Americana, na\u2026","rel":"","context":"In &quot;Not\u00edcias de Ribeir\u00e3o Preto-SP e Regi\u00e3o&quot;","block_context":{"text":"Not\u00edcias de Ribeir\u00e3o Preto-SP e Regi\u00e3o","link":"https:\/\/noticiasribeiraopreto.com.br\/index.php\/category\/noticias-de-ribeirao-preto-sp-e-regiao-ismael-colosi\/"},"img":{"alt_text":"","src":"https:\/\/i0.wp.com\/noticiasribeiraopreto.com.br\/wp-content\/uploads\/2025\/01\/HELICOPTERO-2_2025-01-17_11-59-45_jpg_2025-01-17_11-59-45.webp.webp?fit=1200%2C572&ssl=1&resize=350%2C200","width":350,"height":200,"srcset":"https:\/\/i0.wp.com\/noticiasribeiraopreto.com.br\/wp-content\/uploads\/2025\/01\/HELICOPTERO-2_2025-01-17_11-59-45_jpg_2025-01-17_11-59-45.webp.webp?fit=1200%2C572&ssl=1&resize=350%2C200 1x, https:\/\/i0.wp.com\/noticiasribeiraopreto.com.br\/wp-content\/uploads\/2025\/01\/HELICOPTERO-2_2025-01-17_11-59-45_jpg_2025-01-17_11-59-45.webp.webp?fit=1200%2C572&ssl=1&resize=525%2C300 1.5x, https:\/\/i0.wp.com\/noticiasribeiraopreto.com.br\/wp-content\/uploads\/2025\/01\/HELICOPTERO-2_2025-01-17_11-59-45_jpg_2025-01-17_11-59-45.webp.webp?fit=1200%2C572&ssl=1&resize=700%2C400 2x, https:\/\/i0.wp.com\/noticiasribeiraopreto.com.br\/wp-content\/uploads\/2025\/01\/HELICOPTERO-2_2025-01-17_11-59-45_jpg_2025-01-17_11-59-45.webp.webp?fit=1200%2C572&ssl=1&resize=1050%2C600 3x"},"classes":[]},{"id":23451,"url":"https:\/\/noticiasribeiraopreto.com.br\/index.php\/2024\/01\/02\/helicoptero-com-quatro-pessoas-cai-em-capitolio-mg\/","url_meta":{"origin":79188,"position":2},"title":"Helic\u00f3ptero com quatro pessoas cai em Capit\u00f3lio (MG)","author":"noticiasribeiraopreto.com.br","date":"2 de January de 2024","format":false,"excerpt":"2 de janeiro de 2024 | 11:19 0Um helic\u00f3ptero caiu na manh\u00e3 desta ter\u00e7a-feira (2)\u00a0em um lago na cidade de Capit\u00f3lio, em Minas Gerais. Segundo o Corpo de Bombeiros, a informa\u00e7\u00e3o inicial \u00e9 de que a aeronave transportava quatro pessoas, incluindo o piloto, no momento do acidente.Pelo menos tr\u00eas pessoas\u2026","rel":"","context":"In &quot;Not\u00edcias de Ribeir\u00e3o Preto-SP e Regi\u00e3o&quot;","block_context":{"text":"Not\u00edcias de Ribeir\u00e3o Preto-SP e Regi\u00e3o","link":"https:\/\/noticiasribeiraopreto.com.br\/index.php\/category\/noticias-de-ribeirao-preto-sp-e-regiao-ismael-colosi\/"},"img":{"alt_text":"","src":"https:\/\/i0.wp.com\/noticiasribeiraopreto.com.br\/wp-content\/uploads\/2024\/01\/0485a330-0b8f-4b19-98a1-d14e85547ae8.jpg?fit=449%2C299&ssl=1&resize=350%2C200","width":350,"height":200},"classes":[]},{"id":24468,"url":"https:\/\/noticiasribeiraopreto.com.br\/index.php\/2024\/01\/04\/corpo-e-achado-em-represa-na-regiao-onde-helicoptero-desapareceu-e-policia-se-pronuncia\/","url_meta":{"origin":79188,"position":3},"title":"Corpo \u00e9 achado em represa na regi\u00e3o onde helic\u00f3ptero desapareceu e Pol\u00edcia se pronuncia","author":"noticiasribeiraopreto.com.br","date":"4 de January de 2024","format":false,"excerpt":"Nesta \u00faltima quarta-feira, dia 3 de janeiro, um corpo n\u00e3o identificado foi descoberto em uma represa pr\u00f3xima de Paraibuna e Natividade da Serra, no interior de S\u00e3o Paulo, durante as buscas pelo helic\u00f3ptero desaparecido desde domingo, dia 31 de dezembro.A aeronave partiu da localidade de S\u00e3o Paulo com destino a\u2026","rel":"","context":"In &quot;Blog&quot;","block_context":{"text":"Blog","link":"https:\/\/noticiasribeiraopreto.com.br\/index.php\/category\/blog\/"},"img":{"alt_text":"","src":"https:\/\/i0.wp.com\/noticiasribeiraopreto.com.br\/wp-content\/uploads\/2024\/01\/postimg-6596ce90979919005.jpg?fit=1200%2C628&ssl=1&resize=350%2C200","width":350,"height":200,"srcset":"https:\/\/i0.wp.com\/noticiasribeiraopreto.com.br\/wp-content\/uploads\/2024\/01\/postimg-6596ce90979919005.jpg?fit=1200%2C628&ssl=1&resize=350%2C200 1x, https:\/\/i0.wp.com\/noticiasribeiraopreto.com.br\/wp-content\/uploads\/2024\/01\/postimg-6596ce90979919005.jpg?fit=1200%2C628&ssl=1&resize=525%2C300 1.5x, https:\/\/i0.wp.com\/noticiasribeiraopreto.com.br\/wp-content\/uploads\/2024\/01\/postimg-6596ce90979919005.jpg?fit=1200%2C628&ssl=1&resize=700%2C400 2x, https:\/\/i0.wp.com\/noticiasribeiraopreto.com.br\/wp-content\/uploads\/2024\/01\/postimg-6596ce90979919005.jpg?fit=1200%2C628&ssl=1&resize=1050%2C600 3x"},"classes":[]},{"id":23683,"url":"https:\/\/noticiasribeiraopreto.com.br\/index.php\/2024\/01\/02\/audios-mostram-piloto-pedindo-ajuda-e-relatando-problema-antes-de-helicoptero-sumir-em-sp-nao-to-conseguindo\/","url_meta":{"origin":79188,"position":4},"title":"\u00c1udios mostram piloto pedindo ajuda e relatando problema antes de helic\u00f3ptero sumir em SP: &#8216;N\u00e3o t\u00f4 conseguindo&#8217;","author":"noticiasribeiraopreto.com.br","date":"2 de January de 2024","format":false,"excerpt":"As buscas por um helic\u00f3pero que desapareceu a caminho do Litoral Norte paulista continuam. A aeronave havia partido de S\u00e3o Paulo (SP) rumo a Ilhabela, no mesmo estado. Contudo, em determinado momento do percurso, parou de ter contato com as torrer de comando.O helic\u00f3ptero foi dado como desaparecido no \u00faltimo\u2026","rel":"","context":"In &quot;Blog&quot;","block_context":{"text":"Blog","link":"https:\/\/noticiasribeiraopreto.com.br\/index.php\/category\/blog\/"},"img":{"alt_text":"","src":"https:\/\/i0.wp.com\/noticiasribeiraopreto.com.br\/wp-content\/uploads\/2024\/01\/postimg-65949e5b0fd473887.jpg?fit=1200%2C628&ssl=1&resize=350%2C200","width":350,"height":200,"srcset":"https:\/\/i0.wp.com\/noticiasribeiraopreto.com.br\/wp-content\/uploads\/2024\/01\/postimg-65949e5b0fd473887.jpg?fit=1200%2C628&ssl=1&resize=350%2C200 1x, https:\/\/i0.wp.com\/noticiasribeiraopreto.com.br\/wp-content\/uploads\/2024\/01\/postimg-65949e5b0fd473887.jpg?fit=1200%2C628&ssl=1&resize=525%2C300 1.5x, https:\/\/i0.wp.com\/noticiasribeiraopreto.com.br\/wp-content\/uploads\/2024\/01\/postimg-65949e5b0fd473887.jpg?fit=1200%2C628&ssl=1&resize=700%2C400 2x, https:\/\/i0.wp.com\/noticiasribeiraopreto.com.br\/wp-content\/uploads\/2024\/01\/postimg-65949e5b0fd473887.jpg?fit=1200%2C628&ssl=1&resize=1050%2C600 3x"},"classes":[]},{"id":62536,"url":"https:\/\/noticiasribeiraopreto.com.br\/index.php\/2025\/01\/17\/helicoptero-que-seguia-para-o-interior-de-sp-cai-em-area-de-mata-quatro-estavam-a-bordo\/","url_meta":{"origin":79188,"position":5},"title":"Helic\u00f3ptero que seguia para o interior de SP cai em \u00e1rea de mata; Quatro estavam a bordo","author":"noticiasribeiraopreto.com.br","date":"17 de January de 2025","format":false,"excerpt":"Um helic\u00f3ptero caiu na noite desta quinta-feira (16), em \u00e1rea de mata na cidade de\u00a0Caieiras, na Grande S\u00e3o Paulo. A aeronave, que estava com quatro pessoas a bordo, foi encontrada na manh\u00e3 desta sexta-feira (17), em uma regi\u00e3o conhecida como Morro do Tico-Tico. O helic\u00f3ptero decolou da capital paulista e\u2026","rel":"","context":"In &quot;Not\u00edcias de Ribeir\u00e3o Preto-SP e Regi\u00e3o&quot;","block_context":{"text":"Not\u00edcias de Ribeir\u00e3o Preto-SP e Regi\u00e3o","link":"https:\/\/noticiasribeiraopreto.com.br\/index.php\/category\/noticias-de-ribeirao-preto-sp-e-regiao-ismael-colosi\/"},"img":{"alt_text":"","src":"https:\/\/i0.wp.com\/noticiasribeiraopreto.com.br\/wp-content\/uploads\/2025\/01\/HELICOPTERO_2025-01-17_09-41-36_jpg_2025-01-17_09-41-36.webp.webp?fit=1200%2C678&ssl=1&resize=350%2C200","width":350,"height":200,"srcset":"https:\/\/i0.wp.com\/noticiasribeiraopreto.com.br\/wp-content\/uploads\/2025\/01\/HELICOPTERO_2025-01-17_09-41-36_jpg_2025-01-17_09-41-36.webp.webp?fit=1200%2C678&ssl=1&resize=350%2C200 1x, https:\/\/i0.wp.com\/noticiasribeiraopreto.com.br\/wp-content\/uploads\/2025\/01\/HELICOPTERO_2025-01-17_09-41-36_jpg_2025-01-17_09-41-36.webp.webp?fit=1200%2C678&ssl=1&resize=525%2C300 1.5x, https:\/\/i0.wp.com\/noticiasribeiraopreto.com.br\/wp-content\/uploads\/2025\/01\/HELICOPTERO_2025-01-17_09-41-36_jpg_2025-01-17_09-41-36.webp.webp?fit=1200%2C678&ssl=1&resize=700%2C400 2x, https:\/\/i0.wp.com\/noticiasribeiraopreto.com.br\/wp-content\/uploads\/2025\/01\/HELICOPTERO_2025-01-17_09-41-36_jpg_2025-01-17_09-41-36.webp.webp?fit=1200%2C678&ssl=1&resize=1050%2C600 3x"},"classes":[]}],"jetpack_sharing_enabled":true,"jetpack_shortlink":"https:\/\/wp.me\/peQAOb-kBe","_links":{"self":[{"href":"https:\/\/noticiasribeiraopreto.com.br\/index.php\/wp-json\/wp\/v2\/posts\/79188","targetHints":{"allow":["GET"]}}],"collection":[{"href":"https:\/\/noticiasribeiraopreto.com.br\/index.php\/wp-json\/wp\/v2\/posts"}],"about":[{"href":"https:\/\/noticiasribeiraopreto.com.br\/index.php\/wp-json\/wp\/v2\/types\/post"}],"author":[{"embeddable":true,"href":"https:\/\/noticiasribeiraopreto.com.br\/index.php\/wp-json\/wp\/v2\/users\/1"}],"replies":[{"embeddable":true,"href":"https:\/\/noticiasribeiraopreto.com.br\/index.php\/wp-json\/wp\/v2\/comments?post=79188"}],"version-history":[{"count":0,"href":"https:\/\/noticiasribeiraopreto.com.br\/index.php\/wp-json\/wp\/v2\/posts\/79188\/revisions"}],"wp:featuredmedia":[{"embeddable":true,"href":"https:\/\/noticiasribeiraopreto.com.br\/index.php\/wp-json\/wp\/v2\/media\/73423"}],"wp:attachment":[{"href":"https:\/\/noticiasribeiraopreto.com.br\/index.php\/wp-json\/wp\/v2\/media?parent=79188"}],"wp:term":[{"taxonomy":"category","embeddable":true,"href":"https:\/\/noticiasribeiraopreto.com.br\/index.php\/wp-json\/wp\/v2\/categories?post=79188"},{"taxonomy":"post_tag","embeddable":true,"href":"https:\/\/noticiasribeiraopreto.com.br\/index.php\/wp-json\/wp\/v2\/tags?post=79188"}],"curies":[{"name":"wp","href":"https:\/\/api.w.org\/{rel}","templated":true}]}}