{"id":79189,"date":"2025-10-26T20:49:13","date_gmt":"2025-10-26T23:49:13","guid":{"rendered":"https:\/\/noticiasribeiraopreto.com.br\/index.php\/2025\/10\/26\/chuva-e-frio-incomum-chegam-nesta-semana-veja-previsao-no-estado-de-sp\/"},"modified":"2025-10-26T20:49:13","modified_gmt":"2025-10-26T23:49:13","slug":"chuva-e-frio-incomum-chegam-nesta-semana-veja-previsao-no-estado-de-sp","status":"publish","type":"post","link":"https:\/\/noticiasribeiraopreto.com.br\/index.php\/2025\/10\/26\/chuva-e-frio-incomum-chegam-nesta-semana-veja-previsao-no-estado-de-sp\/","title":{"rendered":"Chuva e frio incomum chegam nesta semana; Veja previs\u00e3o no estado de SP"},"content":{"rendered":"<div class='code-block code-block-1' style='margin: 8px 0 8px auto; text-align: right; display: block; clear: both;'>\n<p><a href=\"https:\/\/wa.link\/vpicfd\"><img data-recalc-dims=\"1\" class=\"wp-image-4922\" style=\"aspect-ratio: 2.0253164556962027; width: 561px; height: auto;\" src=\"https:\/\/i0.wp.com\/ismaelcolosi.com.br\/wp-content\/uploads\/2023\/11\/grupo-de-empregos-whatsapp-e-facebook-ismael-colosi-vagas.jpg?ssl=1\" alt=\"\" \/><\/a><\/p>\n<!-- \/wp:image -->\n<\/div>\n<p> <br \/>\n<\/p>\n<div>\n<p><strong>Uma frente fria dever\u00e1 mudar o tempo no estado de S\u00e3o Paulo durante esta semana.<\/strong><\/p>\n<p><mark style=\"background-color:#fcb900\" class=\"has-inline-color has-black-color\">Segundo a Meteored, al\u00e9m da chuva, o estado paulista tamb\u00e9m dever\u00e1 receber influ\u00eancia de uma massa de ar frio at\u00edpica, que traz temperaturas abaixo da m\u00e9dia para est\u00e1 \u00e9poca do ano.<\/mark><\/p>\n<p>Na segunda-feira (27), o norte paulista ainda pode registrar temperaturas entre 33\u00b0C e 34\u00b0C. J\u00e1 na ter\u00e7a-feira (28), conforme a Meteored, a frente fria sobre o estado de S\u00e3o Paulo contribui para o tempo mais fechado e para chuvas no territ\u00f3rio paulista, o que favorece a diminui\u00e7\u00e3o das temperaturas m\u00e1ximas em boa parte das localidades.<\/p>\n<figure class=\"wp-block-pullquote\">\n<blockquote>\n<p>O destaque fica para o leste de S\u00e3o Paulo, onde as temperaturas variam de 20\u00b0C a 23\u00b0C no per\u00edodo da tarde. O calor ainda ocorre no interior, com arrefecimento da sensa\u00e7\u00e3o de calor pelas chuvas intensas no per\u00edodo da tarde no interior paulista e sul de Minas Gerais <\/p>\n<p><cite><strong>Tiago Robles, meteorologista<\/strong><\/cite><\/p><\/blockquote>\n<\/figure>\n<p>Ainda de acordo com a Meteored, a partir de quarta-feira (29), a massa de ar polar avan\u00e7a \u00e0 medida que a frente fria segue pelo Sudeste.<\/p>\n<figure class=\"wp-block-pullquote\">\n<blockquote>\n<p>O ar frio perde intensidade e atua mais no oceano, mas os ventos de g\u00e9lidos conseguem baixar bem as temperaturas no leste do Sudeste e at\u00e9 mesmo no interior, at\u00e9 o estado do Mato Grosso do Sul <\/p>\n<p><cite><strong>Tiago Robles, meteorologista<\/strong><\/cite><\/p><\/blockquote>\n<\/figure>\n<p>A sensa\u00e7\u00e3o de frio dever\u00e1 ser generalizada no centro-leste do Sudeste no pr\u00f3ximo fim da semana.<\/p>\n<p>O meteorologista Tiago Robles ressalta, contudo, que o frio n\u00e3o dever\u00e1 t\u00e3o intenso, com exce\u00e7\u00e3o para o leste de S\u00e3o Paulo, \u201cuma vez que as m\u00ednimas est\u00e3o dentro de um limiar mais aceit\u00e1vel. No entanto, pelo fato de as temperaturas n\u00e3o conseguirem subir muito, tanto pela presen\u00e7a do ar frio quanto pela ocorr\u00eancia das chuvas,\u00a0a sensa\u00e7\u00e3o de frio ser\u00e1 persistente ao longo dos dias\u201d.<\/p>\n<p>SAIBA MAIS<\/p>\n<p>Antes da frente fria, alerta \u00e9 emitido para o interior de SP; Veja cidades<\/p>\n<h2 class=\"wp-block-heading\"><strong>FIQUE ON<\/strong><\/h2>\n<p>Fique ligado em tudo que acontece em Ribeir\u00e3o Preto e regi\u00e3o. Siga os perfis do<strong>\u00a0acidade on<\/strong>\u00a0no<a href=\"https:\/\/www.instagram.com\/acidadeonribeirao\" target=\"_blank\" rel=\"noreferrer noopener\">\u00a0Instagram\u00a0<\/a>e no\u00a0<a href=\"https:\/\/www.facebook.com\/acidadeonribeirao\/\" target=\"_blank\" rel=\"noreferrer noopener\">Facebook<\/a>.<\/p>\n<p>Receba not\u00edcias do<strong>\u00a0acidade on\u00a0<\/strong>no WhatsApp. Para entrar no grupo,\u00a0basta\u00a0<a href=\"https:\/\/chat.whatsapp.com\/I4nieTEMKlf50pJ28aMemC?mode=ac_t\" target=\"_blank\" rel=\"noreferrer noopener\">clicar aqui<\/a>. Ou, acesse o nosso\u00a0Canal\u00a0<a href=\"https:\/\/whatsapp.com\/channel\/0029Vb6IQl1JENyAeS57fk2p\" target=\"_blank\" rel=\"noreferrer noopener\">clicando aqui<\/a>.<\/p>\n<p>Fa\u00e7a uma den\u00fancia ou sugira uma reportagem sobre Ribeir\u00e3o Preto e regi\u00e3o pelo WhatsApp: 16 99117 7802.<\/p>\n<p>VEJA TAMB\u00c9M<\/p>\n<p>Governan\u00e7a, IA e Compliance: A Tr\u00edade para a Perenidade dos Neg\u00f3cios Familiares<\/p>\n<p><!-- AI CONTENT END 1 -->\n<\/div>\n<p><script async src=\"\/\/www.instagram.com\/embed.js\"><\/script><br \/>\n<br \/><br \/>\n<br \/><a href=\"https:\/\/www.acidadeon.com\/ribeiraopreto\/cotidiano\/chuva-e-frio-incomum-chegam-nesta-semana-veja-previsao-no-estado-de-sp\/\">Source link <\/a><\/p>\n<!-- CONTENT END 1 -->\n","protected":false},"excerpt":{"rendered":"<p>Uma frente fria dever\u00e1 mudar o tempo no estado de S\u00e3o Paulo durante esta semana. Segundo a Meteored, al\u00e9m da chuva, o estado paulista tamb\u00e9m&#8230;<\/p>\n","protected":false},"author":1,"featured_media":79190,"comment_status":"open","ping_status":"open","sticky":false,"template":"","format":"standard","meta":{"advanced_seo_description":"","jetpack_seo_html_title":"","jetpack_seo_noindex":false,"jetpack_post_was_ever_published":false,"_jetpack_newsletter_access":"","_jetpack_dont_email_post_to_subs":false,"_jetpack_newsletter_tier_id":0,"_jetpack_memberships_contains_paywalled_content":false,"_jetpack_memberships_contains_paid_content":false,"footnotes":"","jetpack_publicize_message":"","jetpack_publicize_feature_enabled":true,"jetpack_social_post_already_shared":true,"jetpack_social_options":{"image_generator_settings":{"template":"highway","default_image_id":0,"font":"","enabled":false},"version":2}},"categories":[11],"tags":[],"class_list":["post-79189","post","type-post","status-publish","format-standard","has-post-thumbnail","hentry","category-noticias-de-ribeirao-preto-sp-e-regiao-ismael-colosi"],"jetpack_publicize_connections":[],"jetpack_featured_media_url":"https:\/\/i0.wp.com\/noticiasribeiraopreto.com.br\/wp-content\/uploads\/2025\/10\/MAPA_2025-10-26_20-55-57.webp.webp?fit=1200%2C816&ssl=1","jetpack-related-posts":[{"id":64761,"url":"https:\/\/noticiasribeiraopreto.com.br\/index.php\/2025\/03\/12\/nova-frente-fria-traz-chuva-e-queda-de-temperatura-para-o-estado-de-sp-veja-quando\/","url_meta":{"origin":79189,"position":0},"title":"Nova frente fria traz chuva e queda de temperatura para o estado de SP; Veja quando","author":"noticiasribeiraopreto.com.br","date":"12 de March de 2025","format":false,"excerpt":"Uma nova frente fria dever\u00e1 trazer pancadas de chuva e provocar a queda da temperatura em grande parte do estado de S\u00e3o Paulo nos pr\u00f3ximos dias. Segundo a Meteored, entre o s\u00e1bado (15) e o domingo (16), a frente fria ser\u00e1 impulsionada por um ciclone e ir\u00e1 reorganizar o tempo\u2026","rel":"","context":"In &quot;Not\u00edcias de Ribeir\u00e3o Preto-SP e Regi\u00e3o&quot;","block_context":{"text":"Not\u00edcias de Ribeir\u00e3o Preto-SP e Regi\u00e3o","link":"https:\/\/noticiasribeiraopreto.com.br\/index.php\/category\/noticias-de-ribeirao-preto-sp-e-regiao-ismael-colosi\/"},"img":{"alt_text":"","src":"https:\/\/i0.wp.com\/noticiasribeiraopreto.com.br\/wp-content\/uploads\/2024\/08\/WhatsApp-Image-2024-07-13-at-19.42.17_2024-07-13_22-42-51_jpeg_2024-07-13_22-42-51.webp.webp?fit=1200%2C553&ssl=1&resize=350%2C200","width":350,"height":200,"srcset":"https:\/\/i0.wp.com\/noticiasribeiraopreto.com.br\/wp-content\/uploads\/2024\/08\/WhatsApp-Image-2024-07-13-at-19.42.17_2024-07-13_22-42-51_jpeg_2024-07-13_22-42-51.webp.webp?fit=1200%2C553&ssl=1&resize=350%2C200 1x, https:\/\/i0.wp.com\/noticiasribeiraopreto.com.br\/wp-content\/uploads\/2024\/08\/WhatsApp-Image-2024-07-13-at-19.42.17_2024-07-13_22-42-51_jpeg_2024-07-13_22-42-51.webp.webp?fit=1200%2C553&ssl=1&resize=525%2C300 1.5x, https:\/\/i0.wp.com\/noticiasribeiraopreto.com.br\/wp-content\/uploads\/2024\/08\/WhatsApp-Image-2024-07-13-at-19.42.17_2024-07-13_22-42-51_jpeg_2024-07-13_22-42-51.webp.webp?fit=1200%2C553&ssl=1&resize=700%2C400 2x, https:\/\/i0.wp.com\/noticiasribeiraopreto.com.br\/wp-content\/uploads\/2024\/08\/WhatsApp-Image-2024-07-13-at-19.42.17_2024-07-13_22-42-51_jpeg_2024-07-13_22-42-51.webp.webp?fit=1200%2C553&ssl=1&resize=1050%2C600 3x"},"classes":[]},{"id":69569,"url":"https:\/\/noticiasribeiraopreto.com.br\/index.php\/2025\/05\/07\/frente-fria-avanca-e-semana-pode-terminar-com-chuva-e-frio-veja-previsao-no-estado-de-sp\/","url_meta":{"origin":79189,"position":1},"title":"Frente fria avan\u00e7a e semana pode terminar com chuva e frio; Veja previs\u00e3o no estado de SP","author":"noticiasribeiraopreto.com.br","date":"7 de May de 2025","format":false,"excerpt":"Uma frente fria est\u00e1 prevista para avan\u00e7ar pelo Sudeste e mudar o tempo no estado de S\u00e3o Paulo. Segundo a Meteored, esse sistema chega na manh\u00e3 do pr\u00f3ximo s\u00e1bado (10)\u00a0e come\u00e7a a afetar o litoral sul e as demais regi\u00f5es\u00a0ao longo da tarde. A meteorologia indica chuvas moderadas, que podem\u2026","rel":"","context":"In &quot;Not\u00edcias de Ribeir\u00e3o Preto-SP e Regi\u00e3o&quot;","block_context":{"text":"Not\u00edcias de Ribeir\u00e3o Preto-SP e Regi\u00e3o","link":"https:\/\/noticiasribeiraopreto.com.br\/index.php\/category\/noticias-de-ribeirao-preto-sp-e-regiao-ismael-colosi\/"},"img":{"alt_text":"","src":"https:\/\/i0.wp.com\/noticiasribeiraopreto.com.br\/wp-content\/uploads\/2024\/11\/chuva_sexta_06_2024-11-29_16-33-16.webp.webp?fit=1024%2C768&ssl=1&resize=350%2C200","width":350,"height":200,"srcset":"https:\/\/i0.wp.com\/noticiasribeiraopreto.com.br\/wp-content\/uploads\/2024\/11\/chuva_sexta_06_2024-11-29_16-33-16.webp.webp?fit=1024%2C768&ssl=1&resize=350%2C200 1x, https:\/\/i0.wp.com\/noticiasribeiraopreto.com.br\/wp-content\/uploads\/2024\/11\/chuva_sexta_06_2024-11-29_16-33-16.webp.webp?fit=1024%2C768&ssl=1&resize=525%2C300 1.5x, https:\/\/i0.wp.com\/noticiasribeiraopreto.com.br\/wp-content\/uploads\/2024\/11\/chuva_sexta_06_2024-11-29_16-33-16.webp.webp?fit=1024%2C768&ssl=1&resize=700%2C400 2x"},"classes":[]},{"id":84874,"url":"https:\/\/noticiasribeiraopreto.com.br\/index.php\/2026\/04\/17\/frente-fria-muda-o-tempo-no-estado-de-sp-veja-a-previsao-no-fim-de-semana\/","url_meta":{"origin":79189,"position":2},"title":"Frente fria muda o tempo no estado de SP; Veja a previs\u00e3o no fim de semana","author":"noticiasribeiraopreto.com.br","date":"17 de April de 2026","format":false,"excerpt":"Ler o resumo da not\u00edcia \r Frente fria se aproxima da costa do Sudeste e deve provocar chuvas em S\u00e3o Paulo no fim de semana, segundo a Meteored.\r Na sexta\u2011feira (17) o tempo permanece ensolarado, dominado por massa de ar quente e seca.\r No s\u00e1bado (18) a frente gera instabilidades\u2026","rel":"","context":"In &quot;Not\u00edcias de Ribeir\u00e3o Preto-SP e Regi\u00e3o&quot;","block_context":{"text":"Not\u00edcias de Ribeir\u00e3o Preto-SP e Regi\u00e3o","link":"https:\/\/noticiasribeiraopreto.com.br\/index.php\/category\/noticias-de-ribeirao-preto-sp-e-regiao-ismael-colosi\/"},"img":{"alt_text":"","src":"https:\/\/i0.wp.com\/noticiasribeiraopreto.com.br\/wp-content\/uploads\/2026\/04\/WhatsApp-Image-2026-04-06-at-13.41.26_2026-04-06_16-44-17.webp.webp?fit=1200%2C543&ssl=1&resize=350%2C200","width":350,"height":200,"srcset":"https:\/\/i0.wp.com\/noticiasribeiraopreto.com.br\/wp-content\/uploads\/2026\/04\/WhatsApp-Image-2026-04-06-at-13.41.26_2026-04-06_16-44-17.webp.webp?fit=1200%2C543&ssl=1&resize=350%2C200 1x, https:\/\/i0.wp.com\/noticiasribeiraopreto.com.br\/wp-content\/uploads\/2026\/04\/WhatsApp-Image-2026-04-06-at-13.41.26_2026-04-06_16-44-17.webp.webp?fit=1200%2C543&ssl=1&resize=525%2C300 1.5x, https:\/\/i0.wp.com\/noticiasribeiraopreto.com.br\/wp-content\/uploads\/2026\/04\/WhatsApp-Image-2026-04-06-at-13.41.26_2026-04-06_16-44-17.webp.webp?fit=1200%2C543&ssl=1&resize=700%2C400 2x, https:\/\/i0.wp.com\/noticiasribeiraopreto.com.br\/wp-content\/uploads\/2026\/04\/WhatsApp-Image-2026-04-06-at-13.41.26_2026-04-06_16-44-17.webp.webp?fit=1200%2C543&ssl=1&resize=1050%2C600 3x"},"classes":[]},{"id":58250,"url":"https:\/\/noticiasribeiraopreto.com.br\/index.php\/2024\/09\/23\/interior-de-sp-tem-semana-de-calorao-antes-da-chegada-de-nova-frente-fria\/","url_meta":{"origin":79189,"position":3},"title":"Interior de SP tem semana de calor\u00e3o antes da chegada de nova frente fria","author":"noticiasribeiraopreto.com.br","date":"23 de September de 2024","format":false,"excerpt":"A forma\u00e7\u00e3o de uma frente fria se inicia nesta segunda-feira (23) no Rio Grande do Sul, favorece o transporte do ar quente em dire\u00e7\u00e3o ao Centro-Sul do Brasil, incluindo o interior de S\u00e3o Paulo, e deixa a primeira semana da primavera 2024 sob alerta de uma onda de calor. De\u2026","rel":"","context":"In &quot;Not\u00edcias de Ribeir\u00e3o Preto-SP e Regi\u00e3o&quot;","block_context":{"text":"Not\u00edcias de Ribeir\u00e3o Preto-SP e Regi\u00e3o","link":"https:\/\/noticiasribeiraopreto.com.br\/index.php\/category\/noticias-de-ribeirao-preto-sp-e-regiao-ismael-colosi\/"},"img":{"alt_text":"","src":"https:\/\/i0.wp.com\/noticiasribeiraopreto.com.br\/wp-content\/uploads\/2024\/09\/calor-onda.jpeg?fit=1200%2C675&ssl=1&resize=350%2C200","width":350,"height":200,"srcset":"https:\/\/i0.wp.com\/noticiasribeiraopreto.com.br\/wp-content\/uploads\/2024\/09\/calor-onda.jpeg?fit=1200%2C675&ssl=1&resize=350%2C200 1x, https:\/\/i0.wp.com\/noticiasribeiraopreto.com.br\/wp-content\/uploads\/2024\/09\/calor-onda.jpeg?fit=1200%2C675&ssl=1&resize=525%2C300 1.5x, https:\/\/i0.wp.com\/noticiasribeiraopreto.com.br\/wp-content\/uploads\/2024\/09\/calor-onda.jpeg?fit=1200%2C675&ssl=1&resize=700%2C400 2x, https:\/\/i0.wp.com\/noticiasribeiraopreto.com.br\/wp-content\/uploads\/2024\/09\/calor-onda.jpeg?fit=1200%2C675&ssl=1&resize=1050%2C600 3x"},"classes":[]},{"id":45123,"url":"https:\/\/noticiasribeiraopreto.com.br\/index.php\/2024\/04\/02\/veja-quando-o-frio-deve-chegar-ao-interior-de-sp\/","url_meta":{"origin":79189,"position":4},"title":"Veja quando o frio deve chegar ao interior de SP","author":"noticiasribeiraopreto.com.br","date":"2 de April de 2024","format":false,"excerpt":"O in\u00edcio do m\u00eas de abril deve ser de calor no interior de S\u00e3o Paulo, com a temperatura m\u00e1xima prevista de 34\u00b0C na pr\u00f3xima sexta-feira (5) em Ribeir\u00e3o Preto. Contudo, o frio deve chegar ao interior paulista a partir da pr\u00f3xima semana. De acordo com a meteorologista Paola Bueno, do\u2026","rel":"","context":"In &quot;Not\u00edcias de Ribeir\u00e3o Preto-SP e Regi\u00e3o&quot;","block_context":{"text":"Not\u00edcias de Ribeir\u00e3o Preto-SP e Regi\u00e3o","link":"https:\/\/noticiasribeiraopreto.com.br\/index.php\/category\/noticias-de-ribeirao-preto-sp-e-regiao-ismael-colosi\/"},"img":{"alt_text":"","src":"https:\/\/i0.wp.com\/noticiasribeiraopreto.com.br\/wp-content\/uploads\/2024\/04\/AnyConv.com__frio.webp.webp?fit=1200%2C800&ssl=1&resize=350%2C200","width":350,"height":200,"srcset":"https:\/\/i0.wp.com\/noticiasribeiraopreto.com.br\/wp-content\/uploads\/2024\/04\/AnyConv.com__frio.webp.webp?fit=1200%2C800&ssl=1&resize=350%2C200 1x, https:\/\/i0.wp.com\/noticiasribeiraopreto.com.br\/wp-content\/uploads\/2024\/04\/AnyConv.com__frio.webp.webp?fit=1200%2C800&ssl=1&resize=525%2C300 1.5x, https:\/\/i0.wp.com\/noticiasribeiraopreto.com.br\/wp-content\/uploads\/2024\/04\/AnyConv.com__frio.webp.webp?fit=1200%2C800&ssl=1&resize=700%2C400 2x, https:\/\/i0.wp.com\/noticiasribeiraopreto.com.br\/wp-content\/uploads\/2024\/04\/AnyConv.com__frio.webp.webp?fit=1200%2C800&ssl=1&resize=1050%2C600 3x"},"classes":[]},{"id":58164,"url":"https:\/\/noticiasribeiraopreto.com.br\/index.php\/2024\/09\/20\/vai-chover-no-fim-de-semana-veja-a-previsao-do-tempo-no-estado-de-sp\/","url_meta":{"origin":79189,"position":5},"title":"Vai chover no fim de semana? Veja a previs\u00e3o do tempo no estado de SP","author":"noticiasribeiraopreto.com.br","date":"20 de September de 2024","format":false,"excerpt":"Uma frente est\u00e1 prevista para passar pelo estado de S\u00e3o Paulo neste fim de semana. A primavera 2024 come\u00e7a \u00e0s 9h44 do pr\u00f3ximo domingo (22). Segundo a Meteored, esta frente fria ter\u00e1 uma abrang\u00eancia maior do que a anterior e poder\u00e1 causar chuvas mais expressivas. Durante este s\u00e1bado (21), este\u2026","rel":"","context":"In &quot;Not\u00edcias de Ribeir\u00e3o Preto-SP e Regi\u00e3o&quot;","block_context":{"text":"Not\u00edcias de Ribeir\u00e3o Preto-SP e Regi\u00e3o","link":"https:\/\/noticiasribeiraopreto.com.br\/index.php\/category\/noticias-de-ribeirao-preto-sp-e-regiao-ismael-colosi\/"},"img":{"alt_text":"","src":"https:\/\/i0.wp.com\/noticiasribeiraopreto.com.br\/wp-content\/uploads\/2024\/09\/clima_tempo_1024x576_18112020224025.jpg?fit=1024%2C576&ssl=1&resize=350%2C200","width":350,"height":200,"srcset":"https:\/\/i0.wp.com\/noticiasribeiraopreto.com.br\/wp-content\/uploads\/2024\/09\/clima_tempo_1024x576_18112020224025.jpg?fit=1024%2C576&ssl=1&resize=350%2C200 1x, https:\/\/i0.wp.com\/noticiasribeiraopreto.com.br\/wp-content\/uploads\/2024\/09\/clima_tempo_1024x576_18112020224025.jpg?fit=1024%2C576&ssl=1&resize=525%2C300 1.5x, https:\/\/i0.wp.com\/noticiasribeiraopreto.com.br\/wp-content\/uploads\/2024\/09\/clima_tempo_1024x576_18112020224025.jpg?fit=1024%2C576&ssl=1&resize=700%2C400 2x"},"classes":[]}],"jetpack_sharing_enabled":true,"jetpack_shortlink":"https:\/\/wp.me\/peQAOb-kBf","_links":{"self":[{"href":"https:\/\/noticiasribeiraopreto.com.br\/index.php\/wp-json\/wp\/v2\/posts\/79189","targetHints":{"allow":["GET"]}}],"collection":[{"href":"https:\/\/noticiasribeiraopreto.com.br\/index.php\/wp-json\/wp\/v2\/posts"}],"about":[{"href":"https:\/\/noticiasribeiraopreto.com.br\/index.php\/wp-json\/wp\/v2\/types\/post"}],"author":[{"embeddable":true,"href":"https:\/\/noticiasribeiraopreto.com.br\/index.php\/wp-json\/wp\/v2\/users\/1"}],"replies":[{"embeddable":true,"href":"https:\/\/noticiasribeiraopreto.com.br\/index.php\/wp-json\/wp\/v2\/comments?post=79189"}],"version-history":[{"count":0,"href":"https:\/\/noticiasribeiraopreto.com.br\/index.php\/wp-json\/wp\/v2\/posts\/79189\/revisions"}],"wp:featuredmedia":[{"embeddable":true,"href":"https:\/\/noticiasribeiraopreto.com.br\/index.php\/wp-json\/wp\/v2\/media\/79190"}],"wp:attachment":[{"href":"https:\/\/noticiasribeiraopreto.com.br\/index.php\/wp-json\/wp\/v2\/media?parent=79189"}],"wp:term":[{"taxonomy":"category","embeddable":true,"href":"https:\/\/noticiasribeiraopreto.com.br\/index.php\/wp-json\/wp\/v2\/categories?post=79189"},{"taxonomy":"post_tag","embeddable":true,"href":"https:\/\/noticiasribeiraopreto.com.br\/index.php\/wp-json\/wp\/v2\/tags?post=79189"}],"curies":[{"name":"wp","href":"https:\/\/api.w.org\/{rel}","templated":true}]}}