{"id":79191,"date":"2025-10-27T07:51:22","date_gmt":"2025-10-27T10:51:22","guid":{"rendered":"https:\/\/noticiasribeiraopreto.com.br\/index.php\/2025\/10\/27\/video-motociclista-fica-gravemente-ferido-apos-ser-atingido-por-carro\/"},"modified":"2025-10-27T07:51:22","modified_gmt":"2025-10-27T10:51:22","slug":"video-motociclista-fica-gravemente-ferido-apos-ser-atingido-por-carro","status":"publish","type":"post","link":"https:\/\/noticiasribeiraopreto.com.br\/index.php\/2025\/10\/27\/video-motociclista-fica-gravemente-ferido-apos-ser-atingido-por-carro\/","title":{"rendered":"V\u00cdDEO &#8211; Motociclista fica gravemente ferido ap\u00f3s ser atingido por carro"},"content":{"rendered":"<p> <br \/>\n<\/p>\n<div id=\"\">\n<h2 class=\"penci-post-subtitle\">Acidente ocorreu na zona Leste e Pol\u00edcia Civil investiga para ver se a colis\u00e3o entre carro e moto foi proposital<\/h2>\n<p>\n\t\t\t\t\t\t\t\t\t<span class=\"entry-meta-item penci-posted-on\"><i class=\"fa fa-clock-o\"\/><time class=\"entry-date published\" datetime=\"2025-10-27T07:50:34-03:00\">27 de outubro de 2025 07:50<\/time><time class=\"updated\" datetime=\"2025-10-27T07:50:58-03:00\">27 de outubro de 2025 07:50<\/time><\/span><span class=\"entry-meta-item penci-post-countview\"><span class=\"entry-meta-item penci-post-countview penci_post-meta_item\"><i class=\"fa fa-eye\"\/><span class=\"penci-post-countview-number penci-post-countview-p444239\">6<\/span><\/span><\/span>\t\t\t\t\t\t\t\t<\/p>\n<p><!-- .entry-meta --><br \/>\n\t\t\t\t\t\t\t\t<span class=\"penci-social-buttons penci-social-share-footer\"><span class=\"penci-social-share-text\">Compartilhar<\/span><a href=\"#\" class=\"penci-post-like penci_post-meta_item  single-like-button penci-social-item like\" data-post_id=\"444239\" title=\"Like\" data-like=\"Like\" data-unlike=\"Unlike\"><i class=\"fa fa-thumbs-o-up\"\/><span class=\"penci-share-number\">0<\/span><\/a><i class=\"fa fa-facebook\"\/><a class=\"penci-social-item twitter\" target=\"_blank\" rel=\"noopener\" title=\"\" href=\"https:\/\/twitter.com\/intent\/tweet?text=V\u00cdDEO%20-%20Motociclista%20fica%20gravemente%20ferido%20ap\u00f3s%20ser%20atingido%20por%20carro%20-%20https:\/\/www.tribunaribeirao.com.br\/video-motociclista-fica-gravemente-ferido-apos-ser-atingido-por-carro\/\"><i class=\"fa fa-twitter\"\/><\/a><i class=\"fa fa-linkedin\"\/><i class=\"fa fa-whatsapp\"\/><i class=\"fa fa-telegram\"\/><i class=\"fa fa-envelope\"\/><\/span>\t\t\t\t\t\t\t<\/div>\n<div>\n<p>Por: Adalberto Luque<\/p>\n<p>Um motociclista ficou gravemente ferido, na manh\u00e3 de s\u00e1bado, 25 de outubro, ap\u00f3s um acidente de tr\u00e2nsito. A colis\u00e3o ocorreu na rua Coracy de Toledo Pizza, Ribeir\u00e2nia, zona Leste de Ribeir\u00e3o Preto.<\/p>\n<p>Uma c\u00e2mera de seguran\u00e7a registrou o acidente. Evaldo Luiz Tardivo, de 46 anos (completos um na v\u00e9spera do acidente), conduzia sua moto pela direita da via, bem pr\u00f3ximo \u00e0 cal\u00e7ada quando o carro, em velocidade maior, passa ao lado e bate na moto.<\/p>\n<p>O condutor perdeu o controle e a moto subiu na cal\u00e7ada, colidindo contra um poste e uma lixeira. O motorista do carro n\u00e3o parou e fugiu do local sem prestar socorro. Imediatamente Pol\u00edcia Militar e Servi\u00e7o de Atendimento M\u00f3vel de Urg\u00eancia (SAMU) foram acionados por testemunhas.<\/p>\n<figure id=\"attachment_444241\" aria-describedby=\"caption-attachment-444241\" style=\"width: 1200px\" class=\"wp-caption alignnone\"><img data-recalc-dims=\"1\" loading=\"lazy\" decoding=\"async\" class=\"size-full wp-image-444241 lazyload\" src=\"https:\/\/i0.wp.com\/www.tribunaribeirao.com.br\/wp-content\/uploads\/2025\/10\/27-out-2025-fechadaribeirania1-scaled.jpg?resize=1200%2C672&#038;ssl=1\" alt=\"\" width=\"1200\" height=\"672\" srcset=\"https:\/\/www.tribunaribeirao.com.br\/wp-content\/uploads\/2025\/10\/27-out-2025-fechadaribeirania1-scaled.jpg 1200w, https:\/\/www.tribunaribeirao.com.br\/wp-content\/uploads\/2025\/10\/27-out-2025-fechadaribeirania1-300x168.jpg 300w, https:\/\/www.tribunaribeirao.com.br\/wp-content\/uploads\/2025\/10\/27-out-2025-fechadaribeirania1-1024x573.jpg 1024w, https:\/\/www.tribunaribeirao.com.br\/wp-content\/uploads\/2025\/10\/27-out-2025-fechadaribeirania1-768x430.jpg 768w, https:\/\/www.tribunaribeirao.com.br\/wp-content\/uploads\/2025\/10\/27-out-2025-fechadaribeirania1-1536x860.jpg 1536w, https:\/\/www.tribunaribeirao.com.br\/wp-content\/uploads\/2025\/10\/27-out-2025-fechadaribeirania1-960x537.jpg 960w, https:\/\/www.tribunaribeirao.com.br\/wp-content\/uploads\/2025\/10\/27-out-2025-fechadaribeirania1-714x400.jpg 714w, https:\/\/www.tribunaribeirao.com.br\/wp-content\/uploads\/2025\/10\/27-out-2025-fechadaribeirania1-585x328.jpg 585w\" data-sizes=\"(max-width: 1200px) 100vw, 1200px\" style=\"--smush-placeholder-width: 1200px; --smush-placeholder-aspect-ratio: 1200\/672;\"\/><figcaption id=\"caption-attachment-444241\" class=\"wp-caption-text\">Caso foi registrado como les\u00e3o corporal, fuga do local do acidente e omiss\u00e3o de socorro (Foto: Reprodu\u00e7\u00e3o)<\/figcaption><\/figure>\n<p>Tardivo estava gravemente ferido. Ele foi estabilizado no local e levado para o Hospital das Cl\u00ednicas \u2013 Unidade de Emerg\u00eancia (HC-UE), no Centro de Ribeir\u00e3o Preto, onde ficou internado.<\/p>\n<p>A ocorr\u00eancia foi registrada na Central de Pol\u00edcia Judici\u00e1ria (CPJ), no Centro de Ribeir\u00e3o Preto. A Pol\u00edcia Civil busca imagens de c\u00e2meras de seguran\u00e7a com o objetivo de identificar o condutor do carro.<\/p>\n<p>O caso foi registrado como les\u00e3o corporal, omiss\u00e3o de socorro e fuga do local de acidente. De acordo com o Boletim de Ocorr\u00eancia, imagens das c\u00e2meras de seguran\u00e7a evidenciaram conduta ativa, consciente e volunt\u00e1ria por parte do motorista do carro que, ap\u00f3s desentendimento com a v\u00edtima, aparentemente direcionou intencionalmente o ve\u00edculo contra a moto conduzida pela v\u00edtima, resultando em sua queda e nas les\u00f5es corporais. As circunst\u00e2ncias do acidente ser\u00e3o apuradas.<\/p>\n<p><!-- CONTENT END 3 -->\n<\/div>\n<p><script async src=\"\/\/platform.twitter.com\/widgets.js\" charset=\"utf-8\"><\/script><br \/>\n<br \/><br \/>\n<br \/><a href=\"https:\/\/www.tribunaribeirao.com.br\/video-motociclista-fica-gravemente-ferido-apos-ser-atingido-por-carro\/\">Source link <\/a><\/p>\n","protected":false},"excerpt":{"rendered":"<p>Acidente ocorreu na zona Leste e Pol\u00edcia Civil investiga para ver se a colis\u00e3o entre carro e moto foi proposital 27 de outubro de 2025&#8230;<\/p>\n","protected":false},"author":1,"featured_media":79192,"comment_status":"open","ping_status":"open","sticky":false,"template":"","format":"standard","meta":{"advanced_seo_description":"","jetpack_seo_html_title":"","jetpack_seo_noindex":false,"jetpack_post_was_ever_published":false,"_jetpack_newsletter_access":"","_jetpack_dont_email_post_to_subs":false,"_jetpack_newsletter_tier_id":0,"_jetpack_memberships_contains_paywalled_content":false,"_jetpack_memberships_contains_paid_content":false,"footnotes":"","jetpack_publicize_message":"","jetpack_publicize_feature_enabled":true,"jetpack_social_post_already_shared":true,"jetpack_social_options":{"image_generator_settings":{"template":"highway","default_image_id":0,"font":"","enabled":false},"version":2}},"categories":[11],"tags":[],"class_list":["post-79191","post","type-post","status-publish","format-standard","has-post-thumbnail","hentry","category-noticias-de-ribeirao-preto-sp-e-regiao-ismael-colosi"],"jetpack_publicize_connections":[],"jetpack_featured_media_url":"https:\/\/i0.wp.com\/noticiasribeiraopreto.com.br\/wp-content\/uploads\/2025\/10\/27-out-2025-fechadaribeirania1-scaled.jpg?fit=1200%2C672&ssl=1","jetpack-related-posts":[{"id":82213,"url":"https:\/\/noticiasribeiraopreto.com.br\/index.php\/2026\/02\/07\/carro-e-furtado-na-zona-sul-de-ribeirao-preto-veja-video\/","url_meta":{"origin":79191,"position":0},"title":"Carro \u00e9 furtado na zona Sul de Ribeir\u00e3o Preto; veja v\u00eddeo","author":"noticiasribeiraopreto.com.br","date":"7 de February de 2026","format":false,"excerpt":"Um carro foi furtado na manh\u00e3 desta quinta-feira (5), na rua Chiarina P\u00e1dula, na zona Sul de Ribeir\u00e3o Preto. Em conversa com o acidade on, a propriet\u00e1ria do ve\u00edculo contou que s\u00f3 percebeu que o carro n\u00e3o estava no local quando saiu do trabalho. De acordo com o boletim de\u2026","rel":"","context":"In &quot;Not\u00edcias de Ribeir\u00e3o Preto-SP e Regi\u00e3o&quot;","block_context":{"text":"Not\u00edcias de Ribeir\u00e3o Preto-SP e Regi\u00e3o","link":"https:\/\/noticiasribeiraopreto.com.br\/index.php\/category\/noticias-de-ribeirao-preto-sp-e-regiao-ismael-colosi\/"},"img":{"alt_text":"","src":"https:\/\/i0.wp.com\/noticiasribeiraopreto.com.br\/wp-content\/uploads\/2026\/02\/palace-46_2026-02-06_18-26-12.webp.webp?fit=1200%2C675&ssl=1&resize=350%2C200","width":350,"height":200,"srcset":"https:\/\/i0.wp.com\/noticiasribeiraopreto.com.br\/wp-content\/uploads\/2026\/02\/palace-46_2026-02-06_18-26-12.webp.webp?fit=1200%2C675&ssl=1&resize=350%2C200 1x, https:\/\/i0.wp.com\/noticiasribeiraopreto.com.br\/wp-content\/uploads\/2026\/02\/palace-46_2026-02-06_18-26-12.webp.webp?fit=1200%2C675&ssl=1&resize=525%2C300 1.5x, https:\/\/i0.wp.com\/noticiasribeiraopreto.com.br\/wp-content\/uploads\/2026\/02\/palace-46_2026-02-06_18-26-12.webp.webp?fit=1200%2C675&ssl=1&resize=700%2C400 2x, https:\/\/i0.wp.com\/noticiasribeiraopreto.com.br\/wp-content\/uploads\/2026\/02\/palace-46_2026-02-06_18-26-12.webp.webp?fit=1200%2C675&ssl=1&resize=1050%2C600 3x"},"classes":[]},{"id":78641,"url":"https:\/\/noticiasribeiraopreto.com.br\/index.php\/2025\/10\/15\/video-idosos-ficam-feridos-ao-bater-carro-em-ciclovia-da-zona-oeste\/","url_meta":{"origin":79191,"position":1},"title":"V\u00cdDEO &#8211; Idosos ficam feridos ao bater carro em ciclovia da zona Oeste","author":"noticiasribeiraopreto.com.br","date":"15 de October de 2025","format":false,"excerpt":"Carro ficou pendurado e bombeiros precisaram estabilizar para retirar as v\u00edtimas 15 de outubro de 2025 12:2315 de outubro de 2025 12:242 Compartilhar0 Por: Adalberto Luque Dois homens, de 69 e 67 anos, ficaram feridos, na manh\u00e3 desta quarta-feira (15), ap\u00f3s se envolverem em um acidente. A batida ocorreu na\u2026","rel":"","context":"In &quot;Not\u00edcias de Ribeir\u00e3o Preto-SP e Regi\u00e3o&quot;","block_context":{"text":"Not\u00edcias de Ribeir\u00e3o Preto-SP e Regi\u00e3o","link":"https:\/\/noticiasribeiraopreto.com.br\/index.php\/category\/noticias-de-ribeirao-preto-sp-e-regiao-ismael-colosi\/"},"img":{"alt_text":"","src":"https:\/\/i0.wp.com\/noticiasribeiraopreto.com.br\/wp-content\/uploads\/2025\/10\/15-out-2025-acidenteavcafe-scaled.jpg?fit=1200%2C667&ssl=1&resize=350%2C200","width":350,"height":200,"srcset":"https:\/\/i0.wp.com\/noticiasribeiraopreto.com.br\/wp-content\/uploads\/2025\/10\/15-out-2025-acidenteavcafe-scaled.jpg?fit=1200%2C667&ssl=1&resize=350%2C200 1x, https:\/\/i0.wp.com\/noticiasribeiraopreto.com.br\/wp-content\/uploads\/2025\/10\/15-out-2025-acidenteavcafe-scaled.jpg?fit=1200%2C667&ssl=1&resize=525%2C300 1.5x, https:\/\/i0.wp.com\/noticiasribeiraopreto.com.br\/wp-content\/uploads\/2025\/10\/15-out-2025-acidenteavcafe-scaled.jpg?fit=1200%2C667&ssl=1&resize=700%2C400 2x, https:\/\/i0.wp.com\/noticiasribeiraopreto.com.br\/wp-content\/uploads\/2025\/10\/15-out-2025-acidenteavcafe-scaled.jpg?fit=1200%2C667&ssl=1&resize=1050%2C600 3x"},"classes":[]},{"id":59280,"url":"https:\/\/noticiasribeiraopreto.com.br\/index.php\/2024\/10\/19\/concurso-de-paredao-de-som-e-carros-turbinados-acontece-na-regiao-de-ribeirao\/","url_meta":{"origin":79191,"position":2},"title":"Concurso de pared\u00e3o de som e carros turbinados acontece na regi\u00e3o de Ribeir\u00e3o","author":"noticiasribeiraopreto.com.br","date":"19 de October de 2024","format":false,"excerpt":"Os principais caminh\u00f5es de som est\u00e3o confirmados na 9\u00aa edi\u00e7\u00e3o do Insane Sound, que acontece nos dias 19 e 20 de outubro, a partir das 8h, no Parque do Pe\u00e3o de Barretos, na regi\u00e3o de Ribeir\u00e3o Preto. O encontro ter\u00e1 campeonatos de som automotivo, equipes de rebaixados e expositores mostrando\u2026","rel":"","context":"In &quot;Not\u00edcias de Ribeir\u00e3o Preto-SP e Regi\u00e3o&quot;","block_context":{"text":"Not\u00edcias de Ribeir\u00e3o Preto-SP e Regi\u00e3o","link":"https:\/\/noticiasribeiraopreto.com.br\/index.php\/category\/noticias-de-ribeirao-preto-sp-e-regiao-ismael-colosi\/"},"img":{"alt_text":"","src":"https:\/\/i0.wp.com\/noticiasribeiraopreto.com.br\/wp-content\/uploads\/2024\/10\/Copia-de-Copia-de-Copia-de-TAMANHO-EXATO-PARA-FOTOS-NO-SISTEMA-NOVO-22_2024-10-19_14-35-46_jpg_2024-10-19_14-35-46.webp.webp?fit=1200%2C675&ssl=1&resize=350%2C200","width":350,"height":200,"srcset":"https:\/\/i0.wp.com\/noticiasribeiraopreto.com.br\/wp-content\/uploads\/2024\/10\/Copia-de-Copia-de-Copia-de-TAMANHO-EXATO-PARA-FOTOS-NO-SISTEMA-NOVO-22_2024-10-19_14-35-46_jpg_2024-10-19_14-35-46.webp.webp?fit=1200%2C675&ssl=1&resize=350%2C200 1x, https:\/\/i0.wp.com\/noticiasribeiraopreto.com.br\/wp-content\/uploads\/2024\/10\/Copia-de-Copia-de-Copia-de-TAMANHO-EXATO-PARA-FOTOS-NO-SISTEMA-NOVO-22_2024-10-19_14-35-46_jpg_2024-10-19_14-35-46.webp.webp?fit=1200%2C675&ssl=1&resize=525%2C300 1.5x, https:\/\/i0.wp.com\/noticiasribeiraopreto.com.br\/wp-content\/uploads\/2024\/10\/Copia-de-Copia-de-Copia-de-TAMANHO-EXATO-PARA-FOTOS-NO-SISTEMA-NOVO-22_2024-10-19_14-35-46_jpg_2024-10-19_14-35-46.webp.webp?fit=1200%2C675&ssl=1&resize=700%2C400 2x, https:\/\/i0.wp.com\/noticiasribeiraopreto.com.br\/wp-content\/uploads\/2024\/10\/Copia-de-Copia-de-Copia-de-TAMANHO-EXATO-PARA-FOTOS-NO-SISTEMA-NOVO-22_2024-10-19_14-35-46_jpg_2024-10-19_14-35-46.webp.webp?fit=1200%2C675&ssl=1&resize=1050%2C600 3x"},"classes":[]},{"id":58119,"url":"https:\/\/noticiasribeiraopreto.com.br\/index.php\/2024\/09\/19\/leiloes-do-detran-sp-tem-mais-de-800-carros-disponiveis-veja-como-participar\/","url_meta":{"origin":79191,"position":3},"title":"Leil\u00f5es do Detran-SP t\u00eam mais de 800 carros dispon\u00edveis; Veja como participar","author":"noticiasribeiraopreto.com.br","date":"19 de September de 2024","format":false,"excerpt":"O Detran de S\u00e3o Paulo realiza tr\u00eas leil\u00f5es de ve\u00edculos durante os pr\u00f3ximos 30 dias. Ao todo, 6.218 lotes apreendidos em quatro cidades do estado ser\u00e3o ofertados. O prazo de inscri\u00e7\u00e3o, para cada leil\u00e3o, se encerra 48 horas antes da abertura para o primeiro lance. Na cidade de Pederneiras, o\u2026","rel":"","context":"In &quot;Not\u00edcias de Ribeir\u00e3o Preto-SP e Regi\u00e3o&quot;","block_context":{"text":"Not\u00edcias de Ribeir\u00e3o Preto-SP e Regi\u00e3o","link":"https:\/\/noticiasribeiraopreto.com.br\/index.php\/category\/noticias-de-ribeirao-preto-sp-e-regiao-ismael-colosi\/"},"img":{"alt_text":"","src":"https:\/\/i0.wp.com\/noticiasribeiraopreto.com.br\/wp-content\/uploads\/2024\/09\/transportation-ownership-concept-customer-salesman-with-car-key_2024-09-19_14-17-26_jpg_2024-09-19_14-17-28-scaled.webp.webp?fit=1200%2C800&ssl=1&resize=350%2C200","width":350,"height":200,"srcset":"https:\/\/i0.wp.com\/noticiasribeiraopreto.com.br\/wp-content\/uploads\/2024\/09\/transportation-ownership-concept-customer-salesman-with-car-key_2024-09-19_14-17-26_jpg_2024-09-19_14-17-28-scaled.webp.webp?fit=1200%2C800&ssl=1&resize=350%2C200 1x, https:\/\/i0.wp.com\/noticiasribeiraopreto.com.br\/wp-content\/uploads\/2024\/09\/transportation-ownership-concept-customer-salesman-with-car-key_2024-09-19_14-17-26_jpg_2024-09-19_14-17-28-scaled.webp.webp?fit=1200%2C800&ssl=1&resize=525%2C300 1.5x, https:\/\/i0.wp.com\/noticiasribeiraopreto.com.br\/wp-content\/uploads\/2024\/09\/transportation-ownership-concept-customer-salesman-with-car-key_2024-09-19_14-17-26_jpg_2024-09-19_14-17-28-scaled.webp.webp?fit=1200%2C800&ssl=1&resize=700%2C400 2x, https:\/\/i0.wp.com\/noticiasribeiraopreto.com.br\/wp-content\/uploads\/2024\/09\/transportation-ownership-concept-customer-salesman-with-car-key_2024-09-19_14-17-26_jpg_2024-09-19_14-17-28-scaled.webp.webp?fit=1200%2C800&ssl=1&resize=1050%2C600 3x"},"classes":[]},{"id":58636,"url":"https:\/\/noticiasribeiraopreto.com.br\/index.php\/2024\/10\/02\/fogo-destroi-carro-e-deixa-uma-mulher-gravemente-ferida-no-interior-de-sp\/","url_meta":{"origin":79191,"position":4},"title":"Fogo destr\u00f3i carro e deixa uma mulher gravemente ferida no interior de SP","author":"noticiasribeiraopreto.com.br","date":"2 de October de 2024","format":false,"excerpt":"Um inc\u00eandio de grandes propor\u00e7\u00f5es come\u00e7ou na tarde desta quarta-feira (2), em \u00e1rea rural entre Dobrada e Santa Ernestina, na regi\u00e3o de Ribeir\u00e3o. Duas mulheres ficaram feridas, uma em estado grave. Segundo informa\u00e7\u00f5es apuradas pela EPTV, as motoristas s\u00e3o professoras e estavam voltando para casa quando se assustaram com o\u2026","rel":"","context":"In &quot;Not\u00edcias de Ribeir\u00e3o Preto-SP e Regi\u00e3o&quot;","block_context":{"text":"Not\u00edcias de Ribeir\u00e3o Preto-SP e Regi\u00e3o","link":"https:\/\/noticiasribeiraopreto.com.br\/index.php\/category\/noticias-de-ribeirao-preto-sp-e-regiao-ismael-colosi\/"},"img":{"alt_text":"","src":"https:\/\/i0.wp.com\/noticiasribeiraopreto.com.br\/wp-content\/uploads\/2024\/10\/incendio-v_2024-10-02_20-06-55_png_2024-10-02_20-06-55.webp.webp?fit=844%2C473&ssl=1&resize=350%2C200","width":350,"height":200,"srcset":"https:\/\/i0.wp.com\/noticiasribeiraopreto.com.br\/wp-content\/uploads\/2024\/10\/incendio-v_2024-10-02_20-06-55_png_2024-10-02_20-06-55.webp.webp?fit=844%2C473&ssl=1&resize=350%2C200 1x, https:\/\/i0.wp.com\/noticiasribeiraopreto.com.br\/wp-content\/uploads\/2024\/10\/incendio-v_2024-10-02_20-06-55_png_2024-10-02_20-06-55.webp.webp?fit=844%2C473&ssl=1&resize=525%2C300 1.5x, https:\/\/i0.wp.com\/noticiasribeiraopreto.com.br\/wp-content\/uploads\/2024\/10\/incendio-v_2024-10-02_20-06-55_png_2024-10-02_20-06-55.webp.webp?fit=844%2C473&ssl=1&resize=700%2C400 2x"},"classes":[]},{"id":78413,"url":"https:\/\/noticiasribeiraopreto.com.br\/index.php\/2025\/10\/10\/caminhonete-furtada-e-localizada-tribuna-ribeirao\/","url_meta":{"origin":79191,"position":5},"title":"Caminhonete furtada \u00e9 localizada &#8211; Tribuna Ribeir\u00e3o","author":"noticiasribeiraopreto.com.br","date":"10 de October de 2025","format":false,"excerpt":"Ve\u00edculo de luxo foi localizado em canavial da zona rural de Ribeir\u00e3o Preto 10 de outubro de 2025 08:1310 de outubro de 2025 07:1415 Compartilhar1 Por: Adalberto Luque A equipe da Patrulha Rural da Guarda Civil Metropolitana (GCM) localizou, nesta quinta-feira (9), uma caminhonete na zona rural de Ribeir\u00e3o Preto.\u2026","rel":"","context":"In &quot;Not\u00edcias de Ribeir\u00e3o Preto-SP e Regi\u00e3o&quot;","block_context":{"text":"Not\u00edcias de Ribeir\u00e3o Preto-SP e Regi\u00e3o","link":"https:\/\/noticiasribeiraopreto.com.br\/index.php\/category\/noticias-de-ribeirao-preto-sp-e-regiao-ismael-colosi\/"},"img":{"alt_text":"","src":"https:\/\/i0.wp.com\/noticiasribeiraopreto.com.br\/wp-content\/uploads\/2025\/10\/10-out-2025-caminhonetefurtada2-scaled.jpg?fit=1170%2C780&ssl=1&resize=350%2C200","width":350,"height":200,"srcset":"https:\/\/i0.wp.com\/noticiasribeiraopreto.com.br\/wp-content\/uploads\/2025\/10\/10-out-2025-caminhonetefurtada2-scaled.jpg?fit=1170%2C780&ssl=1&resize=350%2C200 1x, https:\/\/i0.wp.com\/noticiasribeiraopreto.com.br\/wp-content\/uploads\/2025\/10\/10-out-2025-caminhonetefurtada2-scaled.jpg?fit=1170%2C780&ssl=1&resize=525%2C300 1.5x, https:\/\/i0.wp.com\/noticiasribeiraopreto.com.br\/wp-content\/uploads\/2025\/10\/10-out-2025-caminhonetefurtada2-scaled.jpg?fit=1170%2C780&ssl=1&resize=700%2C400 2x, https:\/\/i0.wp.com\/noticiasribeiraopreto.com.br\/wp-content\/uploads\/2025\/10\/10-out-2025-caminhonetefurtada2-scaled.jpg?fit=1170%2C780&ssl=1&resize=1050%2C600 3x"},"classes":[]}],"jetpack_sharing_enabled":true,"jetpack_shortlink":"https:\/\/wp.me\/peQAOb-kBh","_links":{"self":[{"href":"https:\/\/noticiasribeiraopreto.com.br\/index.php\/wp-json\/wp\/v2\/posts\/79191","targetHints":{"allow":["GET"]}}],"collection":[{"href":"https:\/\/noticiasribeiraopreto.com.br\/index.php\/wp-json\/wp\/v2\/posts"}],"about":[{"href":"https:\/\/noticiasribeiraopreto.com.br\/index.php\/wp-json\/wp\/v2\/types\/post"}],"author":[{"embeddable":true,"href":"https:\/\/noticiasribeiraopreto.com.br\/index.php\/wp-json\/wp\/v2\/users\/1"}],"replies":[{"embeddable":true,"href":"https:\/\/noticiasribeiraopreto.com.br\/index.php\/wp-json\/wp\/v2\/comments?post=79191"}],"version-history":[{"count":0,"href":"https:\/\/noticiasribeiraopreto.com.br\/index.php\/wp-json\/wp\/v2\/posts\/79191\/revisions"}],"wp:featuredmedia":[{"embeddable":true,"href":"https:\/\/noticiasribeiraopreto.com.br\/index.php\/wp-json\/wp\/v2\/media\/79192"}],"wp:attachment":[{"href":"https:\/\/noticiasribeiraopreto.com.br\/index.php\/wp-json\/wp\/v2\/media?parent=79191"}],"wp:term":[{"taxonomy":"category","embeddable":true,"href":"https:\/\/noticiasribeiraopreto.com.br\/index.php\/wp-json\/wp\/v2\/categories?post=79191"},{"taxonomy":"post_tag","embeddable":true,"href":"https:\/\/noticiasribeiraopreto.com.br\/index.php\/wp-json\/wp\/v2\/tags?post=79191"}],"curies":[{"name":"wp","href":"https:\/\/api.w.org\/{rel}","templated":true}]}}