{"id":79193,"date":"2025-10-27T07:58:26","date_gmt":"2025-10-27T10:58:26","guid":{"rendered":"https:\/\/noticiasribeiraopreto.com.br\/index.php\/2025\/10\/27\/lider-palmeiras-empata-e-termina-rodada-um-ponto-a-frente-do-flamengo\/"},"modified":"2025-10-27T07:58:26","modified_gmt":"2025-10-27T10:58:26","slug":"lider-palmeiras-empata-e-termina-rodada-um-ponto-a-frente-do-flamengo","status":"publish","type":"post","link":"https:\/\/noticiasribeiraopreto.com.br\/index.php\/2025\/10\/27\/lider-palmeiras-empata-e-termina-rodada-um-ponto-a-frente-do-flamengo\/","title":{"rendered":"L\u00edder Palmeiras empata e termina rodada um ponto \u00e0 frente do Flamengo"},"content":{"rendered":"<div class='code-block code-block-1' style='margin: 8px 0 8px auto; text-align: right; display: block; clear: both;'>\n<p><a href=\"https:\/\/wa.link\/vpicfd\"><img data-recalc-dims=\"1\" class=\"wp-image-4922\" style=\"aspect-ratio: 2.0253164556962027; width: 561px; height: auto;\" src=\"https:\/\/i0.wp.com\/ismaelcolosi.com.br\/wp-content\/uploads\/2023\/11\/grupo-de-empregos-whatsapp-e-facebook-ismael-colosi-vagas.jpg?ssl=1\" alt=\"\" \/><\/a><\/p>\n<!-- \/wp:image -->\n<\/div>\n<p> <br \/>\n<\/p>\n<div>\n<p>\u00a0<\/p>\n<p>O Palmeiras teve a chance de abrir tr\u00eas pontos para o Flamengo na lideran\u00e7a do Campeonato Brasileiro. N\u00e3o aproveitou como gostaria, mas pelo menos colocou um ponto de vantagem sobre o rival direto. <em>Na partida que encerrou a 30\u00aa rodada da competi\u00e7\u00e3o, na noite do \u00faltimo domingo (26), o Verd\u00e3o empatou sem gols com o Cruzeiro, terceiro colocado, no Allianz Parque, em S\u00e3o Paulo.<\/em><img data-recalc-dims=\"1\" decoding=\"async\" src=\"https:\/\/i0.wp.com\/agenciabrasil.ebc.com.br\/ebc.png?ssl=1\" class=\"lazyload\"\/><img data-recalc-dims=\"1\" decoding=\"async\" src=\"https:\/\/i0.wp.com\/agenciabrasil.ebc.com.br\/ebc.gif?ssl=1\" class=\"lazyload\"\/><\/p>\n<p>A vit\u00f3ria do Fortaleza sobre o Flamengo\u00a0por 1 a 0, na Arena Castel\u00e3o, na noite de s\u00e1bado (25), abriu a possibilidade de o Palmeiras recuperar a vantagem que tinha para o Rubro-Negro antes de os times se encontrarem, h\u00e1 uma semana, no Maracan\u00e3, com derrota dos paulistas por 3 a 2. Com o empate em casa, o Verd\u00e3o foi a 62 pontos, um a mais que os cariocas. O Cruzeiro, com 57 pontos, perdeu a oportunidade de reduzir a dois pontos a dist\u00e2ncia para o l\u00edder, o que ocorreria em caso de vit\u00f3ria.<\/p>\n<p>O primeiro tempo foi marcado pelo elevado n\u00famero de cart\u00f5es. Foram cinco amarelos durante os 45 minutos, sendo tr\u00eas para o Cruzeiro e dois para o Palmeiras, al\u00e9m de um vermelho direcionado ao preparador f\u00edsico do Verd\u00e3o, Marco Aur\u00e9lio Schiavo Reis, o Magoo.<\/p>\n<p>Um dos amarelos foi mostrado para Gustavo G\u00f3mez por dividida em Wanderson ap\u00f3s o \u00e1rbitro Rafael Klein \u2013 que n\u00e3o marcou falta no lance \u2013 ser chamado ao v\u00eddeo para rever a jogada, com possibilidade de vermelho direto ao zagueiro alviverde. Atingido na canela, o atacante da Raposa foi substitu\u00eddo por Keny Arroyo. E foi dos p\u00e9s do equatoriano que saiu a melhor chance de gol da etapa inicial, em cobran\u00e7a de falta que o goleiro Carlos Miguel salvou no \u00e2ngulo esquerdo.<\/p>\n<p>Na etapa final, o Palmeiras chegou a balan\u00e7ar as redes aos 14 minutos, com Ram\u00f3n Sosa. O paraguaio aproveitou o rebote de C\u00e1ssio na pequena \u00e1rea, ap\u00f3s a cabe\u00e7ada do tamb\u00e9m atacante Flaco Lopez. A arbitragem, por\u00e9m, entendeu que Sosa cometeu falta no goleiro do Cruzeiro e anulou o gol alviverde.<\/p>\n<p>Aos 25, a Raposa perdeu o zagueiro Fabr\u00edcio Bruno, que recebeu o segundo amarelo por falta no meia Allan. A vantagem num\u00e9rica em campo, por\u00e9m, n\u00e3o se refletiu em campo. E nos acr\u00e9scimos, quem quase fez foi o Cruzeiro, com Kaio Jorge. O atacante recebeu o cruzamento do meia Matheus Pereira e finalizou, parando em grande defesa de Carlos Miguel, com a perna esquerda.<\/p>\n<p class=\"texto\"><strong>Santos busca empate no Nilton Santos<\/strong><\/p>\n<p class=\"texto\">O Botafogo protagonizou o gol mais r\u00e1pido do Brasileiro, marcado pelo argentino Joaqu\u00edn Correa, aos 22 segundos, e esteve na frente no placar por 2 vezes, mas n\u00e3o conseguiu administrar a vantagem, e o jogo terminou em 2 a 2.<\/p>\n<p class=\"texto\">O atual campe\u00e3o brasileiro chegou aos 47 pontos e \u00e9 o sexto colocado. Beneficiado pela derrota do Vit\u00f3ria para o Corinthians no s\u00e1bado, o Santos se afastou um pouco da zona de rebaixamento, com 32 pontos, um a mais do que o time baiano.<\/p>\n<p><strong>Vasco ganha a quarta seguida<\/strong><\/p>\n<p>Em outro jogo da noite de domingo, o Vasco engatou a quarta vit\u00f3ria seguida e a sexta nos \u00faltimos sete jogos. O Cruzmaltino bateu o Red Bull Bragantino por 3 a 0 no Est\u00e1dio C\u00edcero de Souza Marques, em Bragan\u00e7a Paulista (SP). O\u00a0Massa Bruta sofreu a terceira derrota consecutiva.<\/p>\n<p>Os atacantes Pablo Vegetti (duas vezes) e GB marcaram para o Gigante da Colina, que segue em ascens\u00e3o no Brasileir\u00e3o e chegou aos 42 pontos, retomando a oitava posi\u00e7\u00e3o. A equipe carioca tem a melhor campanha do segundo turno, ao lado de Palmeiras e Mirassol. O Bragantino, com 36 pontos, \u00e9 o 12\u00ba.<\/p>\n<div class=\"noticias-relacionadas rel-position rowflex\">\n<div class=\"title abs-position\">\n<h2>Classifica\u00e7\u00e3o do Brasileiro<\/h2>\n<ol>\n<li>Palmeiras \u2013 62 pontos<\/li>\n<li>Flamengo \u2013 61<\/li>\n<li>Cruzeiro \u2013 57<\/li>\n<li>Mirassol \u2013 55<\/li>\n<li>Bahia \u2013 49<\/li>\n<li>Botafogo \u2013 47<\/li>\n<li>Fluminense \u2013 44<\/li>\n<li>Vasco da Gama \u2013 42<\/li>\n<li>S\u00e3o Paulo \u2013 41<\/li>\n<li>Corinthians \u2013 39<\/li>\n<li>Gr\u00eamio \u2013 39<\/li>\n<li>Bragantino \u2013 36<\/li>\n<li>Atl\u00e9tico-MG \u2013 36<\/li>\n<li>Cear\u00e1 \u2013 35<\/li>\n<li>Internacional \u2013 35<\/li>\n<li>Santos \u2013 32<\/li>\n<li>Vit\u00f3ria \u2013 31<\/li>\n<li>Fortaleza \u2013 27<\/li>\n<li>Juventude \u2013 26<\/li>\n<li>Sport \u2013 17<\/li>\n<\/ol>\n<\/div>\n<\/div>\n<\/div>\n<p><br \/>\n<br \/><a href=\"https:\/\/www.tribunaribeirao.com.br\/ider-palmeiras-empata-e-termina-rodada-um-ponto-a-frente-do-flamengo\/\">Source link <\/a><\/p>\n<!-- CONTENT END 1 -->\n","protected":false},"excerpt":{"rendered":"<p>\u00a0 O Palmeiras teve a chance de abrir tr\u00eas pontos para o Flamengo na lideran\u00e7a do Campeonato Brasileiro. N\u00e3o aproveitou como gostaria, mas pelo menos&#8230;<\/p>\n","protected":false},"author":1,"featured_media":79194,"comment_status":"open","ping_status":"open","sticky":false,"template":"","format":"standard","meta":{"advanced_seo_description":"","jetpack_seo_html_title":"","jetpack_seo_noindex":false,"jetpack_post_was_ever_published":false,"_jetpack_newsletter_access":"","_jetpack_dont_email_post_to_subs":false,"_jetpack_newsletter_tier_id":0,"_jetpack_memberships_contains_paywalled_content":false,"_jetpack_memberships_contains_paid_content":false,"footnotes":"","jetpack_publicize_message":"","jetpack_publicize_feature_enabled":true,"jetpack_social_post_already_shared":true,"jetpack_social_options":{"image_generator_settings":{"template":"highway","default_image_id":0,"font":"","enabled":false},"version":2}},"categories":[11],"tags":[],"class_list":["post-79193","post","type-post","status-publish","format-standard","has-post-thumbnail","hentry","category-noticias-de-ribeirao-preto-sp-e-regiao-ismael-colosi"],"jetpack_publicize_connections":[],"jetpack_featured_media_url":"https:\/\/i0.wp.com\/noticiasribeiraopreto.com.br\/wp-content\/uploads\/2025\/10\/palmeiras-cruzeiro-750x375-1.webp.webp?fit=750%2C375&ssl=1","jetpack-related-posts":[{"id":9961,"url":"https:\/\/noticiasribeiraopreto.com.br\/index.php\/2023\/12\/03\/palmeiras-joga-pelo-titulo-do-brasileirao-santos-para-escapar-do-rebaixamento\/","url_meta":{"origin":79193,"position":0},"title":"Palmeiras joga pelo t\u00edtulo do Brasileir\u00e3o; Santos para escapar do rebaixamento\u00a0\u00a0","author":"noticiasribeiraopreto.com.br","date":"3 de December de 2023","format":false,"excerpt":"Depois de ver o Botafogo liderar a competi\u00e7\u00e3o por diversas rodadas, o Palmeiras pode ser campe\u00e3o brasileiro neste domingo. Por isso, o Tribuna Ribeir\u00e3o elencou os cen\u00e1rios necess\u00e1rios para que o Verd\u00e3o erga a ta\u00e7a nesta rodada.\u00a0\u00a0Atualmente o time de Abel Ferreira tem 66 pontos e \u00e9 o l\u00edder. Botafogo,\u2026","rel":"","context":"In &quot;Not\u00edcias de Ribeir\u00e3o Preto-SP e Regi\u00e3o&quot;","block_context":{"text":"Not\u00edcias de Ribeir\u00e3o Preto-SP e Regi\u00e3o","link":"https:\/\/noticiasribeiraopreto.com.br\/index.php\/category\/noticias-de-ribeirao-preto-sp-e-regiao-ismael-colosi\/"},"img":{"alt_text":"","src":"https:\/\/i0.wp.com\/noticiasribeiraopreto.com.br\/wp-content\/uploads\/2023\/12\/pal-scaled.jpg?fit=1000%2C563&ssl=1&resize=350%2C200","width":350,"height":200,"srcset":"https:\/\/i0.wp.com\/noticiasribeiraopreto.com.br\/wp-content\/uploads\/2023\/12\/pal-scaled.jpg?fit=1000%2C563&ssl=1&resize=350%2C200 1x, https:\/\/i0.wp.com\/noticiasribeiraopreto.com.br\/wp-content\/uploads\/2023\/12\/pal-scaled.jpg?fit=1000%2C563&ssl=1&resize=525%2C300 1.5x, https:\/\/i0.wp.com\/noticiasribeiraopreto.com.br\/wp-content\/uploads\/2023\/12\/pal-scaled.jpg?fit=1000%2C563&ssl=1&resize=700%2C400 2x"},"classes":[]},{"id":70394,"url":"https:\/\/noticiasribeiraopreto.com.br\/index.php\/2025\/05\/25\/confira-a-10a-rodada-do-brasileirao-palmeiras-decepciona-em-casa\/","url_meta":{"origin":79193,"position":1},"title":"Confira a 10\u00aa rodada do Brasileir\u00e3o: Palmeiras decepciona em casa","author":"noticiasribeiraopreto.com.br","date":"25 de May de 2025","format":false,"excerpt":"A 10\u00aa rodada do Campeonato Brasileiro 2025 trouxe confrontos equilibrados e defini\u00e7\u00f5es importantes na luta pela ponta da tabela e pela fuga da zona de rebaixamento. No s\u00e1bado (24), o Fluminense superou o Vasco por 2 a 1, em jogo disputado no Rio de Janeiro. No Morumbi, o Mirassol conseguiu\u2026","rel":"","context":"In &quot;Not\u00edcias de Ribeir\u00e3o Preto-SP e Regi\u00e3o&quot;","block_context":{"text":"Not\u00edcias de Ribeir\u00e3o Preto-SP e Regi\u00e3o","link":"https:\/\/noticiasribeiraopreto.com.br\/index.php\/category\/noticias-de-ribeirao-preto-sp-e-regiao-ismael-colosi\/"},"img":{"alt_text":"","src":"https:\/\/i0.wp.com\/noticiasribeiraopreto.com.br\/wp-content\/uploads\/2025\/05\/palmeiras.jpg?fit=1200%2C675&ssl=1&resize=350%2C200","width":350,"height":200,"srcset":"https:\/\/i0.wp.com\/noticiasribeiraopreto.com.br\/wp-content\/uploads\/2025\/05\/palmeiras.jpg?fit=1200%2C675&ssl=1&resize=350%2C200 1x, https:\/\/i0.wp.com\/noticiasribeiraopreto.com.br\/wp-content\/uploads\/2025\/05\/palmeiras.jpg?fit=1200%2C675&ssl=1&resize=525%2C300 1.5x, https:\/\/i0.wp.com\/noticiasribeiraopreto.com.br\/wp-content\/uploads\/2025\/05\/palmeiras.jpg?fit=1200%2C675&ssl=1&resize=700%2C400 2x, https:\/\/i0.wp.com\/noticiasribeiraopreto.com.br\/wp-content\/uploads\/2025\/05\/palmeiras.jpg?fit=1200%2C675&ssl=1&resize=1050%2C600 3x"},"classes":[]},{"id":11553,"url":"https:\/\/noticiasribeiraopreto.com.br\/index.php\/2023\/12\/06\/buscando-o-titulo-palmeiras-visita-o-cruzeiro\/","url_meta":{"origin":79193,"position":2},"title":"Buscando o t\u00edtulo, Palmeiras visita o Cruzeiro\u00a0\u00a0","author":"noticiasribeiraopreto.com.br","date":"6 de December de 2023","format":false,"excerpt":"6 de dezembro de 2023 | 12:006 de dezembro de 2023 | 8:48 0O Palmeiras est\u00e1 pronto para decidir o Campeonato Brasileira nesta quarta. O confronto \u00e9 contra o Cruzeiro, \u00e0s 21h30, no Mineir\u00e3o. Para a partida, o Verd\u00e3o ainda tem duvidas no time titular.\u00a0\u00a0O t\u00e9cnico Abel Ferreira deve ter\u2026","rel":"","context":"In &quot;Not\u00edcias de Ribeir\u00e3o Preto-SP e Regi\u00e3o&quot;","block_context":{"text":"Not\u00edcias de Ribeir\u00e3o Preto-SP e Regi\u00e3o","link":"https:\/\/noticiasribeiraopreto.com.br\/index.php\/category\/noticias-de-ribeirao-preto-sp-e-regiao-ismael-colosi\/"},"img":{"alt_text":"","src":"https:\/\/i0.wp.com\/noticiasribeiraopreto.com.br\/wp-content\/uploads\/2023\/12\/palmeiras-scaled.jpg?fit=1000%2C626&ssl=1&resize=350%2C200","width":350,"height":200,"srcset":"https:\/\/i0.wp.com\/noticiasribeiraopreto.com.br\/wp-content\/uploads\/2023\/12\/palmeiras-scaled.jpg?fit=1000%2C626&ssl=1&resize=350%2C200 1x, https:\/\/i0.wp.com\/noticiasribeiraopreto.com.br\/wp-content\/uploads\/2023\/12\/palmeiras-scaled.jpg?fit=1000%2C626&ssl=1&resize=525%2C300 1.5x, https:\/\/i0.wp.com\/noticiasribeiraopreto.com.br\/wp-content\/uploads\/2023\/12\/palmeiras-scaled.jpg?fit=1000%2C626&ssl=1&resize=700%2C400 2x"},"classes":[]},{"id":69592,"url":"https:\/\/noticiasribeiraopreto.com.br\/index.php\/2025\/05\/07\/palmeiras-reencontra-cerro-porteno-no-paraguai\/","url_meta":{"origin":79193,"position":3},"title":"Palmeiras reencontra Cerro Porte\u00f1o no Paraguai\u00a0","author":"noticiasribeiraopreto.com.br","date":"7 de May de 2025","format":false,"excerpt":"7 de maio de 2025 12:306 de maio de 2025 19:2110 Compartilhar0 Por Hugo Luque\u00a0 O Palmeiras entra em campo nesta quarta-feira (7), \u00e0s 21h30, no Est\u00e1dio La Nueva Olla, em Assun\u00e7\u00e3o, no Paraguai, para enfrentar o Cerro Porte\u00f1o em partida v\u00e1lida pela quarta rodada do Grupo G da Copa\u2026","rel":"","context":"In &quot;Not\u00edcias de Ribeir\u00e3o Preto-SP e Regi\u00e3o&quot;","block_context":{"text":"Not\u00edcias de Ribeir\u00e3o Preto-SP e Regi\u00e3o","link":"https:\/\/noticiasribeiraopreto.com.br\/index.php\/category\/noticias-de-ribeirao-preto-sp-e-regiao-ismael-colosi\/"},"img":{"alt_text":"","src":"https:\/\/i0.wp.com\/noticiasribeiraopreto.com.br\/wp-content\/uploads\/2025\/05\/3-Palmeiras-x-Cerro-Porteno-Cesar-Greco_Palmeiras-2.jpg?fit=800%2C450&ssl=1&resize=350%2C200","width":350,"height":200,"srcset":"https:\/\/i0.wp.com\/noticiasribeiraopreto.com.br\/wp-content\/uploads\/2025\/05\/3-Palmeiras-x-Cerro-Porteno-Cesar-Greco_Palmeiras-2.jpg?fit=800%2C450&ssl=1&resize=350%2C200 1x, https:\/\/i0.wp.com\/noticiasribeiraopreto.com.br\/wp-content\/uploads\/2025\/05\/3-Palmeiras-x-Cerro-Porteno-Cesar-Greco_Palmeiras-2.jpg?fit=800%2C450&ssl=1&resize=525%2C300 1.5x, https:\/\/i0.wp.com\/noticiasribeiraopreto.com.br\/wp-content\/uploads\/2025\/05\/3-Palmeiras-x-Cerro-Porteno-Cesar-Greco_Palmeiras-2.jpg?fit=800%2C450&ssl=1&resize=700%2C400 2x"},"classes":[]},{"id":80468,"url":"https:\/\/noticiasribeiraopreto.com.br\/index.php\/2025\/12\/04\/palmeiras-vence-atletico-mg-mas-flamengo-confirma-titulo-brasileiro\/","url_meta":{"origin":79193,"position":4},"title":"Palmeiras vence Atl\u00e9tico-MG, mas Flamengo confirma t\u00edtulo brasileiro","author":"noticiasribeiraopreto.com.br","date":"4 de December de 2025","format":false,"excerpt":"\r Rubro-Negro derrota Cear\u00e1 por 1 a 0 e levanta mais uma ta\u00e7a no ano\r \r 4 de dezembro de 2025 00:024 de dezembro de 2025 00:02 \r Compartilhar1 Por Hugo Luque O Flamengo \u00e9 o campe\u00e3o brasileiro de 2025. A equipe carioca derrotou o Cear\u00e1 por 1 a 0\u2026","rel":"","context":"In &quot;Not\u00edcias de Ribeir\u00e3o Preto-SP e Regi\u00e3o&quot;","block_context":{"text":"Not\u00edcias de Ribeir\u00e3o Preto-SP e Regi\u00e3o","link":"https:\/\/noticiasribeiraopreto.com.br\/index.php\/category\/noticias-de-ribeirao-preto-sp-e-regiao-ismael-colosi\/"},"img":{"alt_text":"","src":"https:\/\/i0.wp.com\/noticiasribeiraopreto.com.br\/wp-content\/uploads\/2025\/12\/Tribuna.jpg?fit=800%2C500&ssl=1&resize=350%2C200","width":350,"height":200,"srcset":"https:\/\/i0.wp.com\/noticiasribeiraopreto.com.br\/wp-content\/uploads\/2025\/12\/Tribuna.jpg?fit=800%2C500&ssl=1&resize=350%2C200 1x, https:\/\/i0.wp.com\/noticiasribeiraopreto.com.br\/wp-content\/uploads\/2025\/12\/Tribuna.jpg?fit=800%2C500&ssl=1&resize=525%2C300 1.5x, https:\/\/i0.wp.com\/noticiasribeiraopreto.com.br\/wp-content\/uploads\/2025\/12\/Tribuna.jpg?fit=800%2C500&ssl=1&resize=700%2C400 2x"},"classes":[]},{"id":85259,"url":"https:\/\/noticiasribeiraopreto.com.br\/index.php\/2026\/04\/27\/palmeiras-derrota-bragantino-para-manter-lideranca-no-brasileiro\/","url_meta":{"origin":79193,"position":5},"title":"Palmeiras derrota Bragantino para manter lideran\u00e7a no Brasileiro","author":"noticiasribeiraopreto.com.br","date":"27 de April de 2026","format":false,"excerpt":"\r \r \r 27 de abril de 2026 07:55 \r Compartilhar0 O Palmeiras mostrou efici\u00eancia para derrotar o Bragantino por 1 a 0, na noite deste domingo (26) no Est\u00e1dio Municipal C\u00edcero de Souza Marques, em Bragan\u00e7a Paulista, para permanecer na lideran\u00e7a isolada do Campeonato Brasileiro. Gra\u00e7as aos tr\u00eas pontos\u2026","rel":"","context":"In &quot;Not\u00edcias de Ribeir\u00e3o Preto-SP e Regi\u00e3o&quot;","block_context":{"text":"Not\u00edcias de Ribeir\u00e3o Preto-SP e Regi\u00e3o","link":"https:\/\/noticiasribeiraopreto.com.br\/index.php\/category\/noticias-de-ribeirao-preto-sp-e-regiao-ismael-colosi\/"},"img":{"alt_text":"","src":"https:\/\/i0.wp.com\/noticiasribeiraopreto.com.br\/wp-content\/uploads\/2026\/04\/26042026_cg_palmeiras_destaque_3997_15.webp.webp?fit=1170%2C700&ssl=1&resize=350%2C200","width":350,"height":200,"srcset":"https:\/\/i0.wp.com\/noticiasribeiraopreto.com.br\/wp-content\/uploads\/2026\/04\/26042026_cg_palmeiras_destaque_3997_15.webp.webp?fit=1170%2C700&ssl=1&resize=350%2C200 1x, https:\/\/i0.wp.com\/noticiasribeiraopreto.com.br\/wp-content\/uploads\/2026\/04\/26042026_cg_palmeiras_destaque_3997_15.webp.webp?fit=1170%2C700&ssl=1&resize=525%2C300 1.5x, https:\/\/i0.wp.com\/noticiasribeiraopreto.com.br\/wp-content\/uploads\/2026\/04\/26042026_cg_palmeiras_destaque_3997_15.webp.webp?fit=1170%2C700&ssl=1&resize=700%2C400 2x, https:\/\/i0.wp.com\/noticiasribeiraopreto.com.br\/wp-content\/uploads\/2026\/04\/26042026_cg_palmeiras_destaque_3997_15.webp.webp?fit=1170%2C700&ssl=1&resize=1050%2C600 3x"},"classes":[]}],"jetpack_sharing_enabled":true,"jetpack_shortlink":"https:\/\/wp.me\/peQAOb-kBj","_links":{"self":[{"href":"https:\/\/noticiasribeiraopreto.com.br\/index.php\/wp-json\/wp\/v2\/posts\/79193","targetHints":{"allow":["GET"]}}],"collection":[{"href":"https:\/\/noticiasribeiraopreto.com.br\/index.php\/wp-json\/wp\/v2\/posts"}],"about":[{"href":"https:\/\/noticiasribeiraopreto.com.br\/index.php\/wp-json\/wp\/v2\/types\/post"}],"author":[{"embeddable":true,"href":"https:\/\/noticiasribeiraopreto.com.br\/index.php\/wp-json\/wp\/v2\/users\/1"}],"replies":[{"embeddable":true,"href":"https:\/\/noticiasribeiraopreto.com.br\/index.php\/wp-json\/wp\/v2\/comments?post=79193"}],"version-history":[{"count":0,"href":"https:\/\/noticiasribeiraopreto.com.br\/index.php\/wp-json\/wp\/v2\/posts\/79193\/revisions"}],"wp:featuredmedia":[{"embeddable":true,"href":"https:\/\/noticiasribeiraopreto.com.br\/index.php\/wp-json\/wp\/v2\/media\/79194"}],"wp:attachment":[{"href":"https:\/\/noticiasribeiraopreto.com.br\/index.php\/wp-json\/wp\/v2\/media?parent=79193"}],"wp:term":[{"taxonomy":"category","embeddable":true,"href":"https:\/\/noticiasribeiraopreto.com.br\/index.php\/wp-json\/wp\/v2\/categories?post=79193"},{"taxonomy":"post_tag","embeddable":true,"href":"https:\/\/noticiasribeiraopreto.com.br\/index.php\/wp-json\/wp\/v2\/tags?post=79193"}],"curies":[{"name":"wp","href":"https:\/\/api.w.org\/{rel}","templated":true}]}}