{"id":79197,"date":"2025-10-27T09:07:27","date_gmt":"2025-10-27T12:07:27","guid":{"rendered":"https:\/\/noticiasribeiraopreto.com.br\/index.php\/2025\/10\/27\/homem-e-preso-por-matar-a-propria-filha-em-ribeirao-preto\/"},"modified":"2025-10-27T09:07:27","modified_gmt":"2025-10-27T12:07:27","slug":"homem-e-preso-por-matar-a-propria-filha-em-ribeirao-preto","status":"publish","type":"post","link":"https:\/\/noticiasribeiraopreto.com.br\/index.php\/2025\/10\/27\/homem-e-preso-por-matar-a-propria-filha-em-ribeirao-preto\/","title":{"rendered":"Homem \u00e9 preso por matar a pr\u00f3pria filha em Ribeir\u00e3o Preto"},"content":{"rendered":"<div class='code-block code-block-1' style='margin: 8px 0 8px auto; text-align: right; display: block; clear: both;'>\n<p><a href=\"https:\/\/wa.link\/vpicfd\"><img data-recalc-dims=\"1\" class=\"wp-image-4922\" style=\"aspect-ratio: 2.0253164556962027; width: 561px; height: auto;\" src=\"https:\/\/i0.wp.com\/ismaelcolosi.com.br\/wp-content\/uploads\/2023\/11\/grupo-de-empregos-whatsapp-e-facebook-ismael-colosi-vagas.jpg?ssl=1\" alt=\"\" \/><\/a><\/p>\n<!-- \/wp:image -->\n<\/div>\n<p> <br \/>\n<\/p>\n<div data-td-block-uid=\"tdi_95\">\n<div class=\"tdb-block-inner td-fix-index\">\n<p><strong>Um homem foi preso na noite deste domingo (26), suspeito de matar a pr\u00f3pria filha na avenida Virg\u00edlio Soeira, no Jardim Arlindo Laguna, zona Oeste de Ribeir\u00e3o Preto.<\/strong> A <strong>v\u00edtima <\/strong>teria sido <strong>atingida <\/strong>por <strong>golpes <\/strong>de <strong>faca<\/strong>.<\/p>\n<p><mark style=\"background-color:#fcb900\" class=\"has-inline-color has-black-color\">A PM (Pol\u00edcia Militar) foi chamada e encontrou a mulher ca\u00edda ao lado da cal\u00e7ada, j\u00e1 sem vida.<\/mark> <\/p>\n<p>Segundo vizinhos, uma briga teria sido ouvida momentos antes de a v\u00edtima ser encontrada morta. <\/p>\n<p>O pai foi localizado no interior da casa e acabou preso em flagrante.<\/p>\n<p>A per\u00edcia esteve no local e o caso dever\u00e1 ser investigado pela Pol\u00edcia Civil.<\/p>\n<p>SAIBA MAIS<\/p>\n<p>Briga termina com motociclista ferido e fuga no tr\u00e2nsito em Ribeir\u00e3o Preto; V\u00eddeo<\/p>\n<h2 class=\"wp-block-heading\"><strong>FIQUE ON<\/strong><\/h2>\n<p>Fique ligado em tudo que acontece em Ribeir\u00e3o Preto e regi\u00e3o. Siga os perfis do<strong>\u00a0acidade on<\/strong>\u00a0no<a href=\"https:\/\/www.instagram.com\/acidadeonribeirao\" target=\"_blank\" rel=\"noreferrer noopener\">\u00a0Instagram\u00a0<\/a>e no\u00a0<a href=\"https:\/\/www.facebook.com\/acidadeonribeirao\/\" target=\"_blank\" rel=\"noreferrer noopener\">Facebook<\/a>.<\/p>\n<p>Receba not\u00edcias do<strong>\u00a0acidade on\u00a0<\/strong>no WhatsApp. Para entrar no grupo,\u00a0basta\u00a0<a href=\"https:\/\/chat.whatsapp.com\/I4nieTEMKlf50pJ28aMemC?mode=ac_t\" target=\"_blank\" rel=\"noreferrer noopener\">clicar aqui<\/a>. Ou, acesse o nosso\u00a0Canal\u00a0<a href=\"https:\/\/whatsapp.com\/channel\/0029Vb6IQl1JENyAeS57fk2p\" target=\"_blank\" rel=\"noreferrer noopener\">clicando aqui<\/a>.<\/p>\n<p>Fa\u00e7a uma den\u00fancia ou sugira uma reportagem sobre Ribeir\u00e3o Preto e regi\u00e3o pelo WhatsApp: 16 99117 7802.<\/p>\n<p>VEJA TAMB\u00c9M<\/p>\n<p>Governan\u00e7a, IA e Compliance: A Tr\u00edade para a Perenidade dos Neg\u00f3cios Familiares<\/p>\n<p><!-- AI CONTENT END 1 -->\n<\/div>\n<\/div>\n<p><script async src=\"\/\/www.instagram.com\/embed.js\"><\/script><br \/>\n<br \/><br \/>\n<br \/><a href=\"https:\/\/www.acidadeon.com\/ribeiraopreto\/cotidiano\/homem-e-preso-por-matar-a-propria-filha-em-ribeirao-preto\/\">Source link <\/a><\/p>\n<!-- CONTENT END 1 -->\n","protected":false},"excerpt":{"rendered":"<p>Um homem foi preso na noite deste domingo (26), suspeito de matar a pr\u00f3pria filha na avenida Virg\u00edlio Soeira, no Jardim Arlindo Laguna, zona Oeste&#8230;<\/p>\n","protected":false},"author":1,"featured_media":79198,"comment_status":"open","ping_status":"open","sticky":false,"template":"","format":"standard","meta":{"advanced_seo_description":"","jetpack_seo_html_title":"","jetpack_seo_noindex":false,"jetpack_post_was_ever_published":false,"_jetpack_newsletter_access":"","_jetpack_dont_email_post_to_subs":false,"_jetpack_newsletter_tier_id":0,"_jetpack_memberships_contains_paywalled_content":false,"_jetpack_memberships_contains_paid_content":false,"footnotes":"","jetpack_publicize_message":"","jetpack_publicize_feature_enabled":true,"jetpack_social_post_already_shared":true,"jetpack_social_options":{"image_generator_settings":{"template":"highway","default_image_id":0,"font":"","enabled":false},"version":2}},"categories":[11],"tags":[],"class_list":["post-79197","post","type-post","status-publish","format-standard","has-post-thumbnail","hentry","category-noticias-de-ribeirao-preto-sp-e-regiao-ismael-colosi"],"jetpack_publicize_connections":[],"jetpack_featured_media_url":"https:\/\/i0.wp.com\/noticiasribeiraopreto.com.br\/wp-content\/uploads\/2025\/10\/POLICIA_2025-10-27_09-32-47.webp.webp?fit=1200%2C664&ssl=1","jetpack-related-posts":[{"id":79217,"url":"https:\/\/noticiasribeiraopreto.com.br\/index.php\/2025\/10\/27\/o-que-se-sabe-sobre-o-caso-do-pai-preso-por-matar-a-filha-em-ribeirao-preto\/","url_meta":{"origin":79197,"position":0},"title":"O que se sabe sobre o caso do pai preso por matar a filha em Ribeir\u00e3o Preto","author":"noticiasribeiraopreto.com.br","date":"27 de October de 2025","format":false,"excerpt":"Um homem de 77 anos foi preso neste domingo (26), suspeito de matar a pr\u00f3pria filha, de 54 anos, com golpes de barra de ferro, no Jardim Arlindo Laguna, zona Oeste de Ribeir\u00e3o Preto. O que aconteceu: Segundo o boletim de ocorr\u00eancia (BO), a v\u00edtima, identificada como Andreia Adonai da\u2026","rel":"","context":"In &quot;Not\u00edcias de Ribeir\u00e3o Preto-SP e Regi\u00e3o&quot;","block_context":{"text":"Not\u00edcias de Ribeir\u00e3o Preto-SP e Regi\u00e3o","link":"https:\/\/noticiasribeiraopreto.com.br\/index.php\/category\/noticias-de-ribeirao-preto-sp-e-regiao-ismael-colosi\/"},"img":{"alt_text":"","src":"https:\/\/i0.wp.com\/noticiasribeiraopreto.com.br\/wp-content\/uploads\/2025\/10\/POLICIA_2025-10-27_16-19-14.webp.webp?fit=1200%2C811&ssl=1&resize=350%2C200","width":350,"height":200,"srcset":"https:\/\/i0.wp.com\/noticiasribeiraopreto.com.br\/wp-content\/uploads\/2025\/10\/POLICIA_2025-10-27_16-19-14.webp.webp?fit=1200%2C811&ssl=1&resize=350%2C200 1x, https:\/\/i0.wp.com\/noticiasribeiraopreto.com.br\/wp-content\/uploads\/2025\/10\/POLICIA_2025-10-27_16-19-14.webp.webp?fit=1200%2C811&ssl=1&resize=525%2C300 1.5x, https:\/\/i0.wp.com\/noticiasribeiraopreto.com.br\/wp-content\/uploads\/2025\/10\/POLICIA_2025-10-27_16-19-14.webp.webp?fit=1200%2C811&ssl=1&resize=700%2C400 2x, https:\/\/i0.wp.com\/noticiasribeiraopreto.com.br\/wp-content\/uploads\/2025\/10\/POLICIA_2025-10-27_16-19-14.webp.webp?fit=1200%2C811&ssl=1&resize=1050%2C600 3x"},"classes":[]},{"id":70280,"url":"https:\/\/noticiasribeiraopreto.com.br\/index.php\/2025\/05\/24\/homem-mata-a-mulher-e-a-propria-filha-na-regiao-de-ribeirao-preto\/","url_meta":{"origin":79197,"position":1},"title":"Homem mata a mulher e a pr\u00f3pria filha na regi\u00e3o de Ribeir\u00e3o Preto","author":"noticiasribeiraopreto.com.br","date":"24 de May de 2025","format":false,"excerpt":"Um homem de 37 anos matou a mulher a pr\u00f3pria filha de 5 anos na noite da \u00faltima sexta-feira (23) no distrito de Cruz das Posses, em Sert\u00e3ozinho, na regi\u00e3o de Ribeir\u00e3o Preto. O acusado atingiu as v\u00edtimas com golpes de faca. O caso aconteceu na casa da fam\u00edlia, que\u2026","rel":"","context":"In &quot;Not\u00edcias de Ribeir\u00e3o Preto-SP e Regi\u00e3o&quot;","block_context":{"text":"Not\u00edcias de Ribeir\u00e3o Preto-SP e Regi\u00e3o","link":"https:\/\/noticiasribeiraopreto.com.br\/index.php\/category\/noticias-de-ribeirao-preto-sp-e-regiao-ismael-colosi\/"},"img":{"alt_text":"","src":"https:\/\/i0.wp.com\/noticiasribeiraopreto.com.br\/wp-content\/uploads\/2025\/05\/delegacia-sertaozinho_2025-05-24_13-10-41.webp.webp?fit=975%2C551&ssl=1&resize=350%2C200","width":350,"height":200,"srcset":"https:\/\/i0.wp.com\/noticiasribeiraopreto.com.br\/wp-content\/uploads\/2025\/05\/delegacia-sertaozinho_2025-05-24_13-10-41.webp.webp?fit=975%2C551&ssl=1&resize=350%2C200 1x, https:\/\/i0.wp.com\/noticiasribeiraopreto.com.br\/wp-content\/uploads\/2025\/05\/delegacia-sertaozinho_2025-05-24_13-10-41.webp.webp?fit=975%2C551&ssl=1&resize=525%2C300 1.5x, https:\/\/i0.wp.com\/noticiasribeiraopreto.com.br\/wp-content\/uploads\/2025\/05\/delegacia-sertaozinho_2025-05-24_13-10-41.webp.webp?fit=975%2C551&ssl=1&resize=700%2C400 2x"},"classes":[]},{"id":84618,"url":"https:\/\/noticiasribeiraopreto.com.br\/index.php\/2026\/04\/13\/homem-e-preso-suspeito-de-matar-padrasto-apos-encontrar-mae-morta-na-regiao-de-ribeirao-preto\/","url_meta":{"origin":79197,"position":2},"title":"Homem \u00e9 preso suspeito de matar padrasto ap\u00f3s encontrar m\u00e3e morta na regi\u00e3o de Ribeir\u00e3o Preto","author":"noticiasribeiraopreto.com.br","date":"13 de April de 2026","format":false,"excerpt":"Ler o resumo da not\u00edcia Homem de 39 anos foi preso suspeito de matar o padrasto na madrugada de domingo (12), em Cajuru, a 60 km de Ribeir\u00e3o Preto. Ele afirmou ter encontrado a m\u00e3e, Luzia Marques, de 74 anos, atropelada no s\u00edtio onde a fam\u00edlia residia. A suspeita \u00e9\u2026","rel":"","context":"In &quot;Not\u00edcias de Ribeir\u00e3o Preto-SP e Regi\u00e3o&quot;","block_context":{"text":"Not\u00edcias de Ribeir\u00e3o Preto-SP e Regi\u00e3o","link":"https:\/\/noticiasribeiraopreto.com.br\/index.php\/category\/noticias-de-ribeirao-preto-sp-e-regiao-ismael-colosi\/"},"img":{"alt_text":"","src":"https:\/\/i0.wp.com\/noticiasribeiraopreto.com.br\/wp-content\/uploads\/2026\/04\/WhatsApp-Image-2026-04-13-at-10.04.17_2026-04-13_13-04-41.webp.webp?fit=1200%2C900&ssl=1&resize=350%2C200","width":350,"height":200,"srcset":"https:\/\/i0.wp.com\/noticiasribeiraopreto.com.br\/wp-content\/uploads\/2026\/04\/WhatsApp-Image-2026-04-13-at-10.04.17_2026-04-13_13-04-41.webp.webp?fit=1200%2C900&ssl=1&resize=350%2C200 1x, https:\/\/i0.wp.com\/noticiasribeiraopreto.com.br\/wp-content\/uploads\/2026\/04\/WhatsApp-Image-2026-04-13-at-10.04.17_2026-04-13_13-04-41.webp.webp?fit=1200%2C900&ssl=1&resize=525%2C300 1.5x, https:\/\/i0.wp.com\/noticiasribeiraopreto.com.br\/wp-content\/uploads\/2026\/04\/WhatsApp-Image-2026-04-13-at-10.04.17_2026-04-13_13-04-41.webp.webp?fit=1200%2C900&ssl=1&resize=700%2C400 2x, https:\/\/i0.wp.com\/noticiasribeiraopreto.com.br\/wp-content\/uploads\/2026\/04\/WhatsApp-Image-2026-04-13-at-10.04.17_2026-04-13_13-04-41.webp.webp?fit=1200%2C900&ssl=1&resize=1050%2C600 3x"},"classes":[]},{"id":84030,"url":"https:\/\/noticiasribeiraopreto.com.br\/index.php\/2026\/03\/31\/homem-e-preso-suspeito-de-matar-irmao-com-tesoura-na-zona-norte-de-ribeirao-preto\/","url_meta":{"origin":79197,"position":3},"title":"Homem \u00e9 preso suspeito de matar irm\u00e3o com tesoura na zona Norte de Ribeir\u00e3o Preto","author":"noticiasribeiraopreto.com.br","date":"31 de March de 2026","format":false,"excerpt":"Ler o resumo da not\u00edcia Um homem morreu ap\u00f3s briga entre irm\u00e3os na zona Norte de Ribeir\u00e3o Preto. Caso foi registrado como homic\u00eddio e investigado pela pol\u00edcia. Detalhes sobre a identidade das v\u00edtimas e circunst\u00e2ncias ainda n\u00e3o foram divulgados. A pol\u00edcia investiga o caso para esclarecer as causas do conflito.\u2026","rel":"","context":"In &quot;Not\u00edcias de Ribeir\u00e3o Preto-SP e Regi\u00e3o&quot;","block_context":{"text":"Not\u00edcias de Ribeir\u00e3o Preto-SP e Regi\u00e3o","link":"https:\/\/noticiasribeiraopreto.com.br\/index.php\/category\/noticias-de-ribeirao-preto-sp-e-regiao-ismael-colosi\/"},"img":{"alt_text":"","src":"https:\/\/i0.wp.com\/noticiasribeiraopreto.com.br\/wp-content\/uploads\/2026\/03\/WhatsApp-Image-2026-03-31-at-10.33.25_2026-03-31_14-06-09.webp.webp?fit=1200%2C900&ssl=1&resize=350%2C200","width":350,"height":200,"srcset":"https:\/\/i0.wp.com\/noticiasribeiraopreto.com.br\/wp-content\/uploads\/2026\/03\/WhatsApp-Image-2026-03-31-at-10.33.25_2026-03-31_14-06-09.webp.webp?fit=1200%2C900&ssl=1&resize=350%2C200 1x, https:\/\/i0.wp.com\/noticiasribeiraopreto.com.br\/wp-content\/uploads\/2026\/03\/WhatsApp-Image-2026-03-31-at-10.33.25_2026-03-31_14-06-09.webp.webp?fit=1200%2C900&ssl=1&resize=525%2C300 1.5x, https:\/\/i0.wp.com\/noticiasribeiraopreto.com.br\/wp-content\/uploads\/2026\/03\/WhatsApp-Image-2026-03-31-at-10.33.25_2026-03-31_14-06-09.webp.webp?fit=1200%2C900&ssl=1&resize=700%2C400 2x, https:\/\/i0.wp.com\/noticiasribeiraopreto.com.br\/wp-content\/uploads\/2026\/03\/WhatsApp-Image-2026-03-31-at-10.33.25_2026-03-31_14-06-09.webp.webp?fit=1200%2C900&ssl=1&resize=1050%2C600 3x"},"classes":[]},{"id":75536,"url":"https:\/\/noticiasribeiraopreto.com.br\/index.php\/2025\/08\/11\/suspeito-de-matar-mulher-de-22-anos-e-preso-em-casa-na-zona-norte-de-ribeirao-preto\/","url_meta":{"origin":79197,"position":4},"title":"Suspeito de matar mulher de 22 anos \u00e9 preso em casa na zona Norte de Ribeir\u00e3o Preto","author":"noticiasribeiraopreto.com.br","date":"11 de August de 2025","format":false,"excerpt":"A Pol\u00edcia Civil prendeu nesta segunda-feira (11) o homem suspeito de matar Karina Cristina Queiroz, de 22 anos, em Ribeir\u00e3o Preto. O crime ocorreu no \u00faltimo dia 1\u00ba, na casa onde a v\u00edtima morava, no Jardim Cristo Redentor, zona Norte. Segundo informa\u00e7\u00f5es da pol\u00edcia, o suspeito, identificado como Rodrigo Totti\u2026","rel":"","context":"In &quot;Not\u00edcias de Ribeir\u00e3o Preto-SP e Regi\u00e3o&quot;","block_context":{"text":"Not\u00edcias de Ribeir\u00e3o Preto-SP e Regi\u00e3o","link":"https:\/\/noticiasribeiraopreto.com.br\/index.php\/category\/noticias-de-ribeirao-preto-sp-e-regiao-ismael-colosi\/"},"img":{"alt_text":"","src":"https:\/\/i0.wp.com\/noticiasribeiraopreto.com.br\/wp-content\/uploads\/2025\/08\/RODRIGO-1_2025-08-11_11-30-56.webp.webp?fit=1200%2C911&ssl=1&resize=350%2C200","width":350,"height":200,"srcset":"https:\/\/i0.wp.com\/noticiasribeiraopreto.com.br\/wp-content\/uploads\/2025\/08\/RODRIGO-1_2025-08-11_11-30-56.webp.webp?fit=1200%2C911&ssl=1&resize=350%2C200 1x, https:\/\/i0.wp.com\/noticiasribeiraopreto.com.br\/wp-content\/uploads\/2025\/08\/RODRIGO-1_2025-08-11_11-30-56.webp.webp?fit=1200%2C911&ssl=1&resize=525%2C300 1.5x, https:\/\/i0.wp.com\/noticiasribeiraopreto.com.br\/wp-content\/uploads\/2025\/08\/RODRIGO-1_2025-08-11_11-30-56.webp.webp?fit=1200%2C911&ssl=1&resize=700%2C400 2x, https:\/\/i0.wp.com\/noticiasribeiraopreto.com.br\/wp-content\/uploads\/2025\/08\/RODRIGO-1_2025-08-11_11-30-56.webp.webp?fit=1200%2C911&ssl=1&resize=1050%2C600 3x"},"classes":[]},{"id":85222,"url":"https:\/\/noticiasribeiraopreto.com.br\/index.php\/2026\/04\/25\/homem-suspeito-de-matar-a-propria-esposa-e-preso-em-ribeirao-preto\/","url_meta":{"origin":79197,"position":5},"title":"Homem suspeito de matar a pr\u00f3pria esposa \u00e9 preso em Ribeir\u00e3o Preto &#8211; THMais","author":"noticiasribeiraopreto.com.br","date":"25 de April de 2026","format":false,"excerpt":"Um homem de 44 anos, cuja identidade ser\u00e1 preservada, foi preso por policiais militares competentes nesta sexta-feira (24) suspeito de assassinar a pr\u00f3pria esposa, em Ribeir\u00e3o Preto.A v\u00edtima foi encontrada morta na \u00faltima ter\u00e7a-feira (21), em sua pr\u00f3pria casa, localizada no bairro Campos El\u00edseos.Segundo apurado, o suspeito teria cometido o\u2026","rel":"","context":"In &quot;Not\u00edcias de Ribeir\u00e3o Preto-SP e Regi\u00e3o&quot;","block_context":{"text":"Not\u00edcias de Ribeir\u00e3o Preto-SP e Regi\u00e3o","link":"https:\/\/noticiasribeiraopreto.com.br\/index.php\/category\/noticias-de-ribeirao-preto-sp-e-regiao-ismael-colosi\/"},"img":{"alt_text":"","src":"https:\/\/i0.wp.com\/noticiasribeiraopreto.com.br\/wp-content\/uploads\/2026\/04\/delegacia-flavia-tostes-e1572017709724.jpeg?fit=1024%2C688&ssl=1&resize=350%2C200","width":350,"height":200,"srcset":"https:\/\/i0.wp.com\/noticiasribeiraopreto.com.br\/wp-content\/uploads\/2026\/04\/delegacia-flavia-tostes-e1572017709724.jpeg?fit=1024%2C688&ssl=1&resize=350%2C200 1x, https:\/\/i0.wp.com\/noticiasribeiraopreto.com.br\/wp-content\/uploads\/2026\/04\/delegacia-flavia-tostes-e1572017709724.jpeg?fit=1024%2C688&ssl=1&resize=525%2C300 1.5x, https:\/\/i0.wp.com\/noticiasribeiraopreto.com.br\/wp-content\/uploads\/2026\/04\/delegacia-flavia-tostes-e1572017709724.jpeg?fit=1024%2C688&ssl=1&resize=700%2C400 2x"},"classes":[]}],"jetpack_sharing_enabled":true,"jetpack_shortlink":"https:\/\/wp.me\/peQAOb-kBn","_links":{"self":[{"href":"https:\/\/noticiasribeiraopreto.com.br\/index.php\/wp-json\/wp\/v2\/posts\/79197","targetHints":{"allow":["GET"]}}],"collection":[{"href":"https:\/\/noticiasribeiraopreto.com.br\/index.php\/wp-json\/wp\/v2\/posts"}],"about":[{"href":"https:\/\/noticiasribeiraopreto.com.br\/index.php\/wp-json\/wp\/v2\/types\/post"}],"author":[{"embeddable":true,"href":"https:\/\/noticiasribeiraopreto.com.br\/index.php\/wp-json\/wp\/v2\/users\/1"}],"replies":[{"embeddable":true,"href":"https:\/\/noticiasribeiraopreto.com.br\/index.php\/wp-json\/wp\/v2\/comments?post=79197"}],"version-history":[{"count":0,"href":"https:\/\/noticiasribeiraopreto.com.br\/index.php\/wp-json\/wp\/v2\/posts\/79197\/revisions"}],"wp:featuredmedia":[{"embeddable":true,"href":"https:\/\/noticiasribeiraopreto.com.br\/index.php\/wp-json\/wp\/v2\/media\/79198"}],"wp:attachment":[{"href":"https:\/\/noticiasribeiraopreto.com.br\/index.php\/wp-json\/wp\/v2\/media?parent=79197"}],"wp:term":[{"taxonomy":"category","embeddable":true,"href":"https:\/\/noticiasribeiraopreto.com.br\/index.php\/wp-json\/wp\/v2\/categories?post=79197"},{"taxonomy":"post_tag","embeddable":true,"href":"https:\/\/noticiasribeiraopreto.com.br\/index.php\/wp-json\/wp\/v2\/tags?post=79197"}],"curies":[{"name":"wp","href":"https:\/\/api.w.org\/{rel}","templated":true}]}}