{"id":79199,"date":"2025-10-27T11:11:34","date_gmt":"2025-10-27T14:11:34","guid":{"rendered":"https:\/\/noticiasribeiraopreto.com.br\/index.php\/2025\/10\/27\/pai-e-suspeito-de-matar-filha-com-mais-de-30-golpes-na-cabeca\/"},"modified":"2025-10-27T11:11:34","modified_gmt":"2025-10-27T14:11:34","slug":"pai-e-suspeito-de-matar-filha-com-mais-de-30-golpes-na-cabeca","status":"publish","type":"post","link":"https:\/\/noticiasribeiraopreto.com.br\/index.php\/2025\/10\/27\/pai-e-suspeito-de-matar-filha-com-mais-de-30-golpes-na-cabeca\/","title":{"rendered":"Pai \u00e9 suspeito de matar filha com mais de 30 golpes na cabe\u00e7a"},"content":{"rendered":"<p> <br \/>\n<\/p>\n<div id=\"\">\n<h2 class=\"penci-post-subtitle\">Homem foi preso em flagrante ap\u00f3s o crime, mas permaneceu em sil\u00eancio e n\u00e3o falou sobre o caso<\/h2>\n<p>\n\t\t\t\t\t\t\t\t\t<span class=\"entry-meta-item penci-posted-on\"><i class=\"fa fa-clock-o\"\/><time class=\"entry-date published\" datetime=\"2025-10-27T11:05:19-03:00\">27 de outubro de 2025 11:05<\/time><time class=\"updated\" datetime=\"2025-10-27T11:06:09-03:00\">27 de outubro de 2025 11:06<\/time><\/span><span class=\"entry-meta-item penci-post-countview\"><span class=\"entry-meta-item penci-post-countview penci_post-meta_item\"><i class=\"fa fa-eye\"\/><span class=\"penci-post-countview-number penci-post-countview-p444271\">5<\/span><\/span><\/span>\t\t\t\t\t\t\t\t<\/p>\n<p><!-- .entry-meta --><br \/>\n\t\t\t\t\t\t\t\t<span class=\"penci-social-buttons penci-social-share-footer\"><span class=\"penci-social-share-text\">Compartilhar<\/span><a href=\"#\" class=\"penci-post-like penci_post-meta_item  single-like-button penci-social-item like\" data-post_id=\"444271\" title=\"Like\" data-like=\"Like\" data-unlike=\"Unlike\"><i class=\"fa fa-thumbs-o-up\"\/><span class=\"penci-share-number\">0<\/span><\/a><i class=\"fa fa-facebook\"\/><a class=\"penci-social-item twitter\" target=\"_blank\" rel=\"noopener\" title=\"\" href=\"https:\/\/twitter.com\/intent\/tweet?text=Pai%20\u00e9%20suspeito%20de%20matar%20filha%20com%20mais%20de%2030%20golpes%20na%20cabe\u00e7a%20-%20https:\/\/www.tribunaribeirao.com.br\/pai-e-suspeito-de-matar-filha-com-mais-de-30-golpes-na-cabeca\/\"><i class=\"fa fa-twitter\"\/><\/a><i class=\"fa fa-linkedin\"\/><i class=\"fa fa-whatsapp\"\/><i class=\"fa fa-telegram\"\/><i class=\"fa fa-envelope\"\/><\/span>\t\t\t\t\t\t\t<\/div>\n<div>\n<p>Por: Adalberto Luque<\/p>\n<p>Um homem de 77 anos foi preso, na noite deste domingo, 26 de outubro, suspeito de matar sua filha, de 54 anos. O corpo da mulher foi encontrado j\u00e1 sem vida no meio da avenida Virg\u00edlio Soeira, Jardim Arlindo Laguna, zona Oeste de Ribeir\u00e3o Preto.<\/p>\n<p>Imagens de c\u00e2meras de seguran\u00e7a mostram o momento em que o pai agride a filha, aparentemente com uma barra de ferro. Foram mais de 30 golpes, na regi\u00e3o da cabe\u00e7a.<\/p>\n<p>De acordo com o Boletim de Ocorr\u00eancia (BO), a Pol\u00edcia Militar foi acionada por uma vizinha que presenciou as agress\u00f5es. A mulher achou que o homem agredia a v\u00edtima com um fac\u00e3o.<\/p>\n<figure id=\"attachment_444276\" aria-describedby=\"caption-attachment-444276\" style=\"width: 1170px\" class=\"wp-caption alignnone\"><img data-recalc-dims=\"1\" loading=\"lazy\" decoding=\"async\" class=\"size-full wp-image-444276 lazyload\" src=\"https:\/\/i0.wp.com\/www.tribunaribeirao.com.br\/wp-content\/uploads\/2025\/10\/27-out-2025-paimatafilha4-scaled.jpg?resize=1170%2C780&#038;ssl=1\" alt=\"\" width=\"1170\" height=\"780\" srcset=\"https:\/\/www.tribunaribeirao.com.br\/wp-content\/uploads\/2025\/10\/27-out-2025-paimatafilha4-scaled.jpg 1170w, https:\/\/www.tribunaribeirao.com.br\/wp-content\/uploads\/2025\/10\/27-out-2025-paimatafilha4-300x200.jpg 300w, https:\/\/www.tribunaribeirao.com.br\/wp-content\/uploads\/2025\/10\/27-out-2025-paimatafilha4-1024x683.jpg 1024w, https:\/\/www.tribunaribeirao.com.br\/wp-content\/uploads\/2025\/10\/27-out-2025-paimatafilha4-768x512.jpg 768w, https:\/\/www.tribunaribeirao.com.br\/wp-content\/uploads\/2025\/10\/27-out-2025-paimatafilha4-1536x1024.jpg 1536w, https:\/\/www.tribunaribeirao.com.br\/wp-content\/uploads\/2025\/10\/27-out-2025-paimatafilha4-480x320.jpg 480w, https:\/\/www.tribunaribeirao.com.br\/wp-content\/uploads\/2025\/10\/27-out-2025-paimatafilha4-280x186.jpg 280w, https:\/\/www.tribunaribeirao.com.br\/wp-content\/uploads\/2025\/10\/27-out-2025-paimatafilha4-960x640.jpg 960w, https:\/\/www.tribunaribeirao.com.br\/wp-content\/uploads\/2025\/10\/27-out-2025-paimatafilha4-600x400.jpg 600w, https:\/\/www.tribunaribeirao.com.br\/wp-content\/uploads\/2025\/10\/27-out-2025-paimatafilha4-585x390.jpg 585w\" data-sizes=\"(max-width: 1170px) 100vw, 1170px\" style=\"--smush-placeholder-width: 1170px; --smush-placeholder-aspect-ratio: 1170\/780;\"\/><figcaption id=\"caption-attachment-444276\" class=\"wp-caption-text\">Ap\u00f3s per\u00edcia, cal\u00e7ada e parte do asfalto foram lavadas para remover marcas de sangue (Foto: Max Gall\u00e3o Mesquita)<\/figcaption><\/figure>\n<p>Assim que a PM chegou, a mulher j\u00e1 estava sem vida. Mesmo assim, acionaram a Unidade de Suporte Avan\u00e7ado (USA) do Corpo de Bombeiros e o m\u00e9dico Leandro Mota constatou a morte da mulher, identificada como Andreia Adonai da Silva Almeira, de 54 anos.<\/p>\n<p>Ela tinha diversos ferimentos no rosto e na cabe\u00e7a. As testemunhas indicaram onde estaria o suposto autor das agress\u00f5es, numa casa pr\u00f3xima. Os PMs foram at\u00e9 o local e encontraram Jos\u00e9 Pereira da Silva, pai da v\u00edtima.<\/p>\n<figure id=\"attachment_444275\" aria-describedby=\"caption-attachment-444275\" style=\"width: 1200px\" class=\"wp-caption alignnone\"><img data-recalc-dims=\"1\" loading=\"lazy\" decoding=\"async\" class=\"size-full wp-image-444275 lazyload\" src=\"https:\/\/i0.wp.com\/www.tribunaribeirao.com.br\/wp-content\/uploads\/2025\/10\/27-out-2025-paimatafilha3-scaled.jpg?resize=1200%2C675&#038;ssl=1\" alt=\"\" width=\"1200\" height=\"675\" srcset=\"https:\/\/www.tribunaribeirao.com.br\/wp-content\/uploads\/2025\/10\/27-out-2025-paimatafilha3-scaled.jpg 1200w, https:\/\/www.tribunaribeirao.com.br\/wp-content\/uploads\/2025\/10\/27-out-2025-paimatafilha3-300x169.jpg 300w, https:\/\/www.tribunaribeirao.com.br\/wp-content\/uploads\/2025\/10\/27-out-2025-paimatafilha3-1024x576.jpg 1024w, https:\/\/www.tribunaribeirao.com.br\/wp-content\/uploads\/2025\/10\/27-out-2025-paimatafilha3-768x432.jpg 768w, https:\/\/www.tribunaribeirao.com.br\/wp-content\/uploads\/2025\/10\/27-out-2025-paimatafilha3-1536x864.jpg 1536w, https:\/\/www.tribunaribeirao.com.br\/wp-content\/uploads\/2025\/10\/27-out-2025-paimatafilha3-960x540.jpg 960w, https:\/\/www.tribunaribeirao.com.br\/wp-content\/uploads\/2025\/10\/27-out-2025-paimatafilha3-711x400.jpg 711w, https:\/\/www.tribunaribeirao.com.br\/wp-content\/uploads\/2025\/10\/27-out-2025-paimatafilha3-585x329.jpg 585w\" data-sizes=\"(max-width: 1200px) 100vw, 1200px\" style=\"--smush-placeholder-width: 1200px; --smush-placeholder-aspect-ratio: 1200\/675;\"\/><figcaption id=\"caption-attachment-444275\" class=\"wp-caption-text\">Pol\u00edcia Militar preservou o local onde ocorreram as agress\u00f5es para o trabalho de per\u00edcia (Foto: Max Gall\u00e3o Mesquita)<\/figcaption><\/figure>\n<p>O port\u00e3o estava aberto e tinha marcas de sangue na entrada e na sala do im\u00f3vel, mas n\u00e3o havia sinais de luta. Os policiais tamb\u00e9m encontraram duas barras de ferro, com marcas de sangue, possivelmente usadas na agress\u00e3o.<\/p>\n<p>O homem havia acabado de sair do banheiro, onde havia tomado banho. Ele tinha ferimentos no bra\u00e7o, inclusive um corte profundo. Silva n\u00e3o disse uma palavra sequer para os policiais. Ele foi levado para um hospital e, em seguida, conduzido para a Delegacia de Defesa da Mulher, na Ribeir\u00e2nia, zona Leste da cidade.<\/p>\n<p>Na presen\u00e7a do delegado, novamente o pai de Andr\u00e9ia permaneceu calado. Preso em flagrante, foi encaminhado para uma unidade prisional, permanecendo \u00e0 disposi\u00e7\u00e3o da Justi\u00e7a. Ele vai responder por viol\u00eancia dom\u00e9stica e feminic\u00eddio. O celular da v\u00edtima, que estava na resid\u00eancia, foi entregue ao delegado. A defesa do homem n\u00e3o foi localizada.<\/p>\n<p><!-- CONTENT END 3 -->\n<\/div>\n<p><script async src=\"\/\/platform.twitter.com\/widgets.js\" charset=\"utf-8\"><\/script><br \/>\n<br \/><br \/>\n<br \/><a href=\"https:\/\/www.tribunaribeirao.com.br\/pai-e-suspeito-de-matar-filha-com-mais-de-30-golpes-na-cabeca\/\">Source link <\/a><\/p>\n","protected":false},"excerpt":{"rendered":"<p>Homem foi preso em flagrante ap\u00f3s o crime, mas permaneceu em sil\u00eancio e n\u00e3o falou sobre o caso 27 de outubro de 2025 11:0527 de&#8230;<\/p>\n","protected":false},"author":1,"featured_media":79200,"comment_status":"open","ping_status":"open","sticky":false,"template":"","format":"standard","meta":{"advanced_seo_description":"","jetpack_seo_html_title":"","jetpack_seo_noindex":false,"jetpack_post_was_ever_published":false,"_jetpack_newsletter_access":"","_jetpack_dont_email_post_to_subs":false,"_jetpack_newsletter_tier_id":0,"_jetpack_memberships_contains_paywalled_content":false,"_jetpack_memberships_contains_paid_content":false,"footnotes":"","jetpack_publicize_message":"","jetpack_publicize_feature_enabled":true,"jetpack_social_post_already_shared":true,"jetpack_social_options":{"image_generator_settings":{"template":"highway","default_image_id":0,"font":"","enabled":false},"version":2}},"categories":[11],"tags":[],"class_list":["post-79199","post","type-post","status-publish","format-standard","has-post-thumbnail","hentry","category-noticias-de-ribeirao-preto-sp-e-regiao-ismael-colosi"],"jetpack_publicize_connections":[],"jetpack_featured_media_url":"https:\/\/i0.wp.com\/noticiasribeiraopreto.com.br\/wp-content\/uploads\/2025\/10\/27-out-2025-paimatafilha2.jpg?fit=969%2C576&ssl=1","jetpack-related-posts":[{"id":78319,"url":"https:\/\/noticiasribeiraopreto.com.br\/index.php\/2025\/10\/08\/usp-tem-concurso-publico-com-salarios-de-ate-r-11-mil-e-vaga-em-ribeirao-preto\/","url_meta":{"origin":79199,"position":0},"title":"USP tem concurso p\u00fablico com sal\u00e1rios de at\u00e9 R$ 11 mil e vaga em Ribeir\u00e3o Preto","author":"noticiasribeiraopreto.com.br","date":"8 de October de 2025","format":false,"excerpt":"A USP (Universidade de S\u00e3o Paulo) publicou 10 editais de concurso p\u00fablico com 12 vagas e oportunidades para diversos campi, incluindo o de Ribeir\u00e3o Preto. As inscri\u00e7\u00f5es come\u00e7am no dia 13 de outubro e os sal\u00e1rios variam entre R$ 6 mil e R$ 11 mil. Edital 64\/2025 Enfermeiro (especialidade obstetr\u00edcia).\u2026","rel":"","context":"In &quot;Not\u00edcias de Ribeir\u00e3o Preto-SP e Regi\u00e3o&quot;","block_context":{"text":"Not\u00edcias de Ribeir\u00e3o Preto-SP e Regi\u00e3o","link":"https:\/\/noticiasribeiraopreto.com.br\/index.php\/category\/noticias-de-ribeirao-preto-sp-e-regiao-ismael-colosi\/"},"img":{"alt_text":"","src":"https:\/\/i0.wp.com\/noticiasribeiraopreto.com.br\/wp-content\/uploads\/2025\/09\/Copia-de-Copia-de-TAMANHO-EXATO-PARA-FOTOS-NO-SISTEMA-NOVO-6_2024-06-11_13-40-15_jpg_2024-06-11_13-40-15.webp.webp?fit=1200%2C675&ssl=1&resize=350%2C200","width":350,"height":200,"srcset":"https:\/\/i0.wp.com\/noticiasribeiraopreto.com.br\/wp-content\/uploads\/2025\/09\/Copia-de-Copia-de-TAMANHO-EXATO-PARA-FOTOS-NO-SISTEMA-NOVO-6_2024-06-11_13-40-15_jpg_2024-06-11_13-40-15.webp.webp?fit=1200%2C675&ssl=1&resize=350%2C200 1x, https:\/\/i0.wp.com\/noticiasribeiraopreto.com.br\/wp-content\/uploads\/2025\/09\/Copia-de-Copia-de-TAMANHO-EXATO-PARA-FOTOS-NO-SISTEMA-NOVO-6_2024-06-11_13-40-15_jpg_2024-06-11_13-40-15.webp.webp?fit=1200%2C675&ssl=1&resize=525%2C300 1.5x, https:\/\/i0.wp.com\/noticiasribeiraopreto.com.br\/wp-content\/uploads\/2025\/09\/Copia-de-Copia-de-TAMANHO-EXATO-PARA-FOTOS-NO-SISTEMA-NOVO-6_2024-06-11_13-40-15_jpg_2024-06-11_13-40-15.webp.webp?fit=1200%2C675&ssl=1&resize=700%2C400 2x, https:\/\/i0.wp.com\/noticiasribeiraopreto.com.br\/wp-content\/uploads\/2025\/09\/Copia-de-Copia-de-TAMANHO-EXATO-PARA-FOTOS-NO-SISTEMA-NOVO-6_2024-06-11_13-40-15_jpg_2024-06-11_13-40-15.webp.webp?fit=1200%2C675&ssl=1&resize=1050%2C600 3x"},"classes":[]},{"id":27210,"url":"https:\/\/noticiasribeiraopreto.com.br\/index.php\/2024\/01\/11\/eleitor-tem-quatro-meses-para-regularizar-titulo-e-votar-em-outubro\/","url_meta":{"origin":79199,"position":1},"title":"Eleitor tem quatro meses para regularizar t\u00edtulo e votar em outubro","author":"noticiasribeiraopreto.com.br","date":"11 de January de 2024","format":false,"excerpt":"11 de janeiro de 2024 | 18:0011 de janeiro de 2024 | 9:24 0Os cidad\u00e3os que pretendem votar nas elei\u00e7\u00f5es municipais de outubro t\u00eam menos de quatro meses para tirar o primeiro t\u00edtulo de eleitor ou regularizar o documento. A partir de 8 de maio, o cadastro eleitoral ser\u00e1 fechado\u2026","rel":"","context":"In &quot;Not\u00edcias de Ribeir\u00e3o Preto-SP e Regi\u00e3o&quot;","block_context":{"text":"Not\u00edcias de Ribeir\u00e3o Preto-SP e Regi\u00e3o","link":"https:\/\/noticiasribeiraopreto.com.br\/index.php\/category\/noticias-de-ribeirao-preto-sp-e-regiao-ismael-colosi\/"},"img":{"alt_text":"","src":"https:\/\/i0.wp.com\/noticiasribeiraopreto.com.br\/wp-content\/uploads\/2024\/01\/1e94da9c-69b2-46ed-b952-a2dcb7b08cfa-scaled.jpg?fit=1000%2C598&ssl=1&resize=350%2C200","width":350,"height":200,"srcset":"https:\/\/i0.wp.com\/noticiasribeiraopreto.com.br\/wp-content\/uploads\/2024\/01\/1e94da9c-69b2-46ed-b952-a2dcb7b08cfa-scaled.jpg?fit=1000%2C598&ssl=1&resize=350%2C200 1x, https:\/\/i0.wp.com\/noticiasribeiraopreto.com.br\/wp-content\/uploads\/2024\/01\/1e94da9c-69b2-46ed-b952-a2dcb7b08cfa-scaled.jpg?fit=1000%2C598&ssl=1&resize=525%2C300 1.5x, https:\/\/i0.wp.com\/noticiasribeiraopreto.com.br\/wp-content\/uploads\/2024\/01\/1e94da9c-69b2-46ed-b952-a2dcb7b08cfa-scaled.jpg?fit=1000%2C598&ssl=1&resize=700%2C400 2x"},"classes":[]},{"id":78187,"url":"https:\/\/noticiasribeiraopreto.com.br\/index.php\/2025\/10\/03\/rp-mobi-altera-horarios-de-11-linhas-de-onibus-a-partir-deste-sabado-confira\/","url_meta":{"origin":79199,"position":2},"title":"RP Mobi altera hor\u00e1rios de 11 linhas de \u00f4nibus a partir deste s\u00e1bado; Confira","author":"noticiasribeiraopreto.com.br","date":"3 de October de 2025","format":false,"excerpt":"A RP Mobi, empresa que gerencia o transporte urbano de Ribeir\u00e3o Preto, informou que a os quadros de hor\u00e1rios de 11 linhas ser\u00e3o alterados ou ampliados a partir deste s\u00e1bado (4). O objetivo, segundo a Prefeitura Municipal, \u00e9 adequar a oferta de viagens \u00e0 demanda dos usu\u00e1rios, garantindo mais op\u00e7\u00f5es\u2026","rel":"","context":"In &quot;Not\u00edcias de Ribeir\u00e3o Preto-SP e Regi\u00e3o&quot;","block_context":{"text":"Not\u00edcias de Ribeir\u00e3o Preto-SP e Regi\u00e3o","link":"https:\/\/noticiasribeiraopreto.com.br\/index.php\/category\/noticias-de-ribeirao-preto-sp-e-regiao-ismael-colosi\/"},"img":{"alt_text":"","src":"https:\/\/i0.wp.com\/noticiasribeiraopreto.com.br\/wp-content\/uploads\/2025\/10\/linhaonibus__2025-10-03_18-15-05.webp.webp?fit=1200%2C800&ssl=1&resize=350%2C200","width":350,"height":200,"srcset":"https:\/\/i0.wp.com\/noticiasribeiraopreto.com.br\/wp-content\/uploads\/2025\/10\/linhaonibus__2025-10-03_18-15-05.webp.webp?fit=1200%2C800&ssl=1&resize=350%2C200 1x, https:\/\/i0.wp.com\/noticiasribeiraopreto.com.br\/wp-content\/uploads\/2025\/10\/linhaonibus__2025-10-03_18-15-05.webp.webp?fit=1200%2C800&ssl=1&resize=525%2C300 1.5x, https:\/\/i0.wp.com\/noticiasribeiraopreto.com.br\/wp-content\/uploads\/2025\/10\/linhaonibus__2025-10-03_18-15-05.webp.webp?fit=1200%2C800&ssl=1&resize=700%2C400 2x, https:\/\/i0.wp.com\/noticiasribeiraopreto.com.br\/wp-content\/uploads\/2025\/10\/linhaonibus__2025-10-03_18-15-05.webp.webp?fit=1200%2C800&ssl=1&resize=1050%2C600 3x"},"classes":[]},{"id":1031,"url":"https:\/\/noticiasribeiraopreto.com.br\/index.php\/2023\/11\/10\/autovias-s-a-ata-de-assembleia-geral-extraordinaria-realizada-em-10-de-outubro-de-2023\/","url_meta":{"origin":79199,"position":3},"title":"Autovias S.A. \u2013 Ata de Assembleia Geral Extraordin\u00e1ria realizada em 10 de outubro de 2023","author":"noticiasribeiraopreto.com.br","date":"10 de November de 2023","format":false,"excerpt":"O post Autovias S.A. \u2013 Ata de Assembleia Geral Extraordin\u00e1ria realizada em 10 de outubro de 2023 apareceu primeiro em Jornal Tribuna Ribeir\u00e3o. Source link","rel":"","context":"In &quot;Not\u00edcias de Ribeir\u00e3o Preto-SP e Regi\u00e3o&quot;","block_context":{"text":"Not\u00edcias de Ribeir\u00e3o Preto-SP e Regi\u00e3o","link":"https:\/\/noticiasribeiraopreto.com.br\/index.php\/category\/noticias-de-ribeirao-preto-sp-e-regiao-ismael-colosi\/"},"img":{"alt_text":"","src":"https:\/\/i0.wp.com\/noticiasribeiraopreto.com.br\/wp-content\/uploads\/2023\/11\/pdfdownload.png?fit=1000%2C268&ssl=1&resize=350%2C200","width":350,"height":200,"srcset":"https:\/\/i0.wp.com\/noticiasribeiraopreto.com.br\/wp-content\/uploads\/2023\/11\/pdfdownload.png?fit=1000%2C268&ssl=1&resize=350%2C200 1x, https:\/\/i0.wp.com\/noticiasribeiraopreto.com.br\/wp-content\/uploads\/2023\/11\/pdfdownload.png?fit=1000%2C268&ssl=1&resize=525%2C300 1.5x, https:\/\/i0.wp.com\/noticiasribeiraopreto.com.br\/wp-content\/uploads\/2023\/11\/pdfdownload.png?fit=1000%2C268&ssl=1&resize=700%2C400 2x"},"classes":[]},{"id":8734,"url":"https:\/\/noticiasribeiraopreto.com.br\/index.php\/2023\/11\/30\/consumo-dos-brasileiros-medido-pela-abras-registrou-alta-de-289-em-outubro\/","url_meta":{"origin":79199,"position":4},"title":"Consumo dos brasileiros medido pela Abras, registrou alta de 2,89% em outubro","author":"noticiasribeiraopreto.com.br","date":"30 de November de 2023","format":false,"excerpt":"O consumo nos lares brasileiros, medido pela Associa\u00e7\u00e3o Brasileira de Supermercados (Abras), registrou alta de 2,89% em outubro, na compara\u00e7\u00e3o com o m\u00eas anterior. Na compara\u00e7\u00e3o com outubro do ano passado, a alta \u00e9 de 0,61%. No acumulado do ano, a alta \u00e9 de 2,64%. O resultado contempla os formatos\u2026","rel":"","context":"In &quot;Not\u00edcias de Ribeir\u00e3o Preto-SP e Regi\u00e3o&quot;","block_context":{"text":"Not\u00edcias de Ribeir\u00e3o Preto-SP e Regi\u00e3o","link":"https:\/\/noticiasribeiraopreto.com.br\/index.php\/category\/noticias-de-ribeirao-preto-sp-e-regiao-ismael-colosi\/"},"img":{"alt_text":"","src":"https:\/\/i0.wp.com\/noticiasribeiraopreto.com.br\/wp-content\/uploads\/2023\/11\/consumo-scaled.jpg?fit=1000%2C598&ssl=1&resize=350%2C200","width":350,"height":200,"srcset":"https:\/\/i0.wp.com\/noticiasribeiraopreto.com.br\/wp-content\/uploads\/2023\/11\/consumo-scaled.jpg?fit=1000%2C598&ssl=1&resize=350%2C200 1x, https:\/\/i0.wp.com\/noticiasribeiraopreto.com.br\/wp-content\/uploads\/2023\/11\/consumo-scaled.jpg?fit=1000%2C598&ssl=1&resize=525%2C300 1.5x, https:\/\/i0.wp.com\/noticiasribeiraopreto.com.br\/wp-content\/uploads\/2023\/11\/consumo-scaled.jpg?fit=1000%2C598&ssl=1&resize=700%2C400 2x"},"classes":[]},{"id":78218,"url":"https:\/\/noticiasribeiraopreto.com.br\/index.php\/2025\/10\/04\/ribeirao-oferece-mais-de-mil-vagas-gratuitas-para-exames-de-mamografia-veja-como-se-inscrever\/","url_meta":{"origin":79199,"position":5},"title":"Ribeir\u00e3o oferece mais de mil vagas gratuitas para exames de mamografia; Veja como se inscrever","author":"noticiasribeiraopreto.com.br","date":"4 de October de 2025","format":false,"excerpt":"A Prefeitura de Ribeir\u00e3o Preto oferece 1.200 vagas para exames de mamografia gratuitos. A iniciativa integra a campanha Outubro Rosa 2025, que tamb\u00e9m contar\u00e1 com a\u00e7\u00f5es de conscientiza\u00e7\u00e3o e atividades nas unidades de sa\u00fade. As vagas s\u00e3o voltadas a mulheres e homens transexuais, com idade entre 40 e 74 anos,\u2026","rel":"","context":"In &quot;Not\u00edcias de Ribeir\u00e3o Preto-SP e Regi\u00e3o&quot;","block_context":{"text":"Not\u00edcias de Ribeir\u00e3o Preto-SP e Regi\u00e3o","link":"https:\/\/noticiasribeiraopreto.com.br\/index.php\/category\/noticias-de-ribeirao-preto-sp-e-regiao-ismael-colosi\/"},"img":{"alt_text":"","src":"https:\/\/i0.wp.com\/noticiasribeiraopreto.com.br\/wp-content\/uploads\/2025\/10\/world-cancer-day-awareness-with-patient_2024-10-01_19-29-50_jpg_2024-10-01_19-29-52-1024x683.webp.webp?fit=1024%2C683&ssl=1&resize=350%2C200","width":350,"height":200,"srcset":"https:\/\/i0.wp.com\/noticiasribeiraopreto.com.br\/wp-content\/uploads\/2025\/10\/world-cancer-day-awareness-with-patient_2024-10-01_19-29-50_jpg_2024-10-01_19-29-52-1024x683.webp.webp?fit=1024%2C683&ssl=1&resize=350%2C200 1x, https:\/\/i0.wp.com\/noticiasribeiraopreto.com.br\/wp-content\/uploads\/2025\/10\/world-cancer-day-awareness-with-patient_2024-10-01_19-29-50_jpg_2024-10-01_19-29-52-1024x683.webp.webp?fit=1024%2C683&ssl=1&resize=525%2C300 1.5x, https:\/\/i0.wp.com\/noticiasribeiraopreto.com.br\/wp-content\/uploads\/2025\/10\/world-cancer-day-awareness-with-patient_2024-10-01_19-29-50_jpg_2024-10-01_19-29-52-1024x683.webp.webp?fit=1024%2C683&ssl=1&resize=700%2C400 2x"},"classes":[]}],"jetpack_sharing_enabled":true,"jetpack_shortlink":"https:\/\/wp.me\/peQAOb-kBp","_links":{"self":[{"href":"https:\/\/noticiasribeiraopreto.com.br\/index.php\/wp-json\/wp\/v2\/posts\/79199","targetHints":{"allow":["GET"]}}],"collection":[{"href":"https:\/\/noticiasribeiraopreto.com.br\/index.php\/wp-json\/wp\/v2\/posts"}],"about":[{"href":"https:\/\/noticiasribeiraopreto.com.br\/index.php\/wp-json\/wp\/v2\/types\/post"}],"author":[{"embeddable":true,"href":"https:\/\/noticiasribeiraopreto.com.br\/index.php\/wp-json\/wp\/v2\/users\/1"}],"replies":[{"embeddable":true,"href":"https:\/\/noticiasribeiraopreto.com.br\/index.php\/wp-json\/wp\/v2\/comments?post=79199"}],"version-history":[{"count":0,"href":"https:\/\/noticiasribeiraopreto.com.br\/index.php\/wp-json\/wp\/v2\/posts\/79199\/revisions"}],"wp:featuredmedia":[{"embeddable":true,"href":"https:\/\/noticiasribeiraopreto.com.br\/index.php\/wp-json\/wp\/v2\/media\/79200"}],"wp:attachment":[{"href":"https:\/\/noticiasribeiraopreto.com.br\/index.php\/wp-json\/wp\/v2\/media?parent=79199"}],"wp:term":[{"taxonomy":"category","embeddable":true,"href":"https:\/\/noticiasribeiraopreto.com.br\/index.php\/wp-json\/wp\/v2\/categories?post=79199"},{"taxonomy":"post_tag","embeddable":true,"href":"https:\/\/noticiasribeiraopreto.com.br\/index.php\/wp-json\/wp\/v2\/tags?post=79199"}],"curies":[{"name":"wp","href":"https:\/\/api.w.org\/{rel}","templated":true}]}}