{"id":79203,"date":"2025-10-27T12:08:08","date_gmt":"2025-10-27T15:08:08","guid":{"rendered":"https:\/\/noticiasribeiraopreto.com.br\/index.php\/2025\/10\/27\/ribeirao-preto-recebe-musical-autobiografico-de-rita-lee-veja-quando\/"},"modified":"2025-10-27T12:08:08","modified_gmt":"2025-10-27T15:08:08","slug":"ribeirao-preto-recebe-musical-autobiografico-de-rita-lee-veja-quando","status":"publish","type":"post","link":"https:\/\/noticiasribeiraopreto.com.br\/index.php\/2025\/10\/27\/ribeirao-preto-recebe-musical-autobiografico-de-rita-lee-veja-quando\/","title":{"rendered":"Ribeir\u00e3o Preto recebe musical autobiogr\u00e1fico de Rita Lee; veja quando"},"content":{"rendered":"<div class='code-block code-block-1' style='margin: 8px 0 8px auto; text-align: right; display: block; clear: both;'>\n<p><a href=\"https:\/\/wa.link\/vpicfd\"><img data-recalc-dims=\"1\" class=\"wp-image-4922\" style=\"aspect-ratio: 2.0253164556962027; width: 561px; height: auto;\" src=\"https:\/\/i0.wp.com\/ismaelcolosi.com.br\/wp-content\/uploads\/2023\/11\/grupo-de-empregos-whatsapp-e-facebook-ismael-colosi-vagas.jpg?ssl=1\" alt=\"\" \/><\/a><\/p>\n<!-- \/wp:image -->\n<\/div>\n<p> <br \/>\n<\/p>\n<div>\n<p><strong>Ribeir\u00e3o Preto<\/strong> recebe tr\u00eas sess\u00f5es de o musical \u201c<strong>Rita Lee \u2013 Uma Autobiografia Musical<\/strong>\u201d, no <strong>Theatro Pedro II<\/strong>, nos pr\u00f3ximos dias <strong>8 e 9 de novembro<\/strong>. Espet\u00e1culo sobre a rainha do rock \u00e9 montado com base no livro da cantora lan\u00e7ado em<strong> 2016<\/strong> e um dos maiores sucessos editoriais do <strong>Brasil<\/strong>.<\/p>\n<p>A ideia do novo musical surgiu quando<strong> Mel Lisboa <\/strong>gravou a vers\u00e3o em audiolivro, como <strong>Rita<\/strong>, em <strong>2022<\/strong>. O texto conta do primeiro \u201cdisco voador avistado\u201d por <strong>Rita <\/strong>ao \u00faltimo porre, falando da inf\u00e2ncia da artista, dos primeiros passos na carreira, sua pris\u00e3o em <strong>1976<\/strong>, do ativismo pelos direitos dos animais, dos trope\u00e7os e das gl\u00f3rias.<\/p>\n<div class=\"wp-block-image\">\n<figure class=\"aligncenter size-large is-resized\"><img data-recalc-dims=\"1\" fetchpriority=\"high\" decoding=\"async\" width=\"1024\" height=\"684\" src=\"https:\/\/i0.wp.com\/cdn.media-acidadeon.com.br\/ribeiraopreto\/wp-content\/uploads\/sites\/3\/2025\/10\/JC250516_200447-press_2025-10-27_12-05-45-1024x684.webp?resize=1024%2C684&#038;ssl=1\" alt=\"Rita Lee\" class=\"wp-image-133636\" style=\"width:804px;height:auto\" title=\"Ribeir\u00e3o Preto recebe musical autobiogr\u00e1fico de Rita Lee; veja quando 1\" srcset=\"https:\/\/cdn.media-acidadeon.com.br\/ribeiraopreto\/wp-content\/uploads\/sites\/3\/2025\/10\/JC250516_200447-press_2025-10-27_12-05-45-1024x684.webp 1024w, https:\/\/cdn.media-acidadeon.com.br\/ribeiraopreto\/wp-content\/uploads\/sites\/3\/2025\/10\/JC250516_200447-press_2025-10-27_12-05-45-300x200.webp 300w, https:\/\/cdn.media-acidadeon.com.br\/ribeiraopreto\/wp-content\/uploads\/sites\/3\/2025\/10\/JC250516_200447-press_2025-10-27_12-05-45-768x513.webp 768w, https:\/\/cdn.media-acidadeon.com.br\/ribeiraopreto\/wp-content\/uploads\/sites\/3\/2025\/10\/JC250516_200447-press_2025-10-27_12-05-45-696x465.webp 696w, https:\/\/cdn.media-acidadeon.com.br\/ribeiraopreto\/wp-content\/uploads\/sites\/3\/2025\/10\/JC250516_200447-press_2025-10-27_12-05-45-1068x713.webp 1068w, https:\/\/cdn.media-acidadeon.com.br\/ribeiraopreto\/wp-content\/uploads\/sites\/3\/2025\/10\/JC250516_200447-press_2025-10-27_12-05-45.webp 1200w\" sizes=\"(max-width: 1024px) 100vw, 1024px\"\/><figcaption class=\"wp-element-caption\">Espet\u00e1culo \u00e9 protagonizado por Mel Lisboa (Foto: Jo\u00e3o Caldas)<\/figcaption><\/figure>\n<\/div>\n<p>O espet\u00e1culo \u00e9 protagonizado por <strong>Mel Lisboa<\/strong> e dirigido por <strong>M\u00e1rcio Macena e D\u00e9bora Dubois<\/strong>. O enredo traz personagens ic\u00f4nicos da m\u00fasica popular brasileira. Completam o elenco os atores <strong>Bruno Fraga<\/strong> (Roberto de Carvalho), <strong>Fabiano Augusto<\/strong> (Ney Matogrosso), <strong>Carol Portes<\/strong> (Censora Solange), <strong>Debora Reis<\/strong> (Hebe Camargo), <strong>Fl\u00e1via Strongolli<\/strong> (Elis Regina), <strong>Yael Pacarovich<\/strong> (Gal Costa), <strong>Antonio Vanfill <\/strong>(Arnaldo Baptista e Charles Jones), <strong>Gustavo Rezende<\/strong> (Raul Seixas), <strong>Roquildes Junior<\/strong> (Gilberto Gil) e <strong>Lui Vizotto<\/strong> e <strong>Priscila Esteves <\/strong>(swing).<\/p>\n<figure class=\"wp-block-pullquote\">\n<blockquote>\n<p>\u201cA vida de Rita precisa ser contada e recontada. Sua exist\u00eancia transformou toda uma gera\u00e7\u00e3o. E continua a conquistar f\u00e3s cada vez mais jovens.\u201d<\/p>\n<p><cite>Mel Lisboa<\/cite><\/p><\/blockquote>\n<\/figure>\n<figure class=\"wp-block-gallery has-nested-images columns-default is-cropped wp-block-gallery-1 is-layout-flex wp-block-gallery-is-layout-flex\">\n<figure class=\"wp-block-image size-large\"><img data-recalc-dims=\"1\" loading=\"lazy\" decoding=\"async\" width=\"1024\" height=\"683\" data-id=\"133635\" src=\"https:\/\/i0.wp.com\/cdn.media-acidadeon.com.br\/ribeiraopreto\/wp-content\/uploads\/sites\/3\/2025\/10\/JC250516_200510-press_2025-10-27_12-05-20-1024x683.webp?resize=1024%2C683&#038;ssl=1\" alt=\"Rita Lee\" class=\"wp-image-133635\" title=\"Ribeir\u00e3o Preto recebe musical autobiogr\u00e1fico de Rita Lee; veja quando 2\" srcset=\"https:\/\/cdn.media-acidadeon.com.br\/ribeiraopreto\/wp-content\/uploads\/sites\/3\/2025\/10\/JC250516_200510-press_2025-10-27_12-05-20-1024x683.webp 1024w, https:\/\/cdn.media-acidadeon.com.br\/ribeiraopreto\/wp-content\/uploads\/sites\/3\/2025\/10\/JC250516_200510-press_2025-10-27_12-05-20-300x200.webp 300w, https:\/\/cdn.media-acidadeon.com.br\/ribeiraopreto\/wp-content\/uploads\/sites\/3\/2025\/10\/JC250516_200510-press_2025-10-27_12-05-20-768x512.webp 768w, https:\/\/cdn.media-acidadeon.com.br\/ribeiraopreto\/wp-content\/uploads\/sites\/3\/2025\/10\/JC250516_200510-press_2025-10-27_12-05-20-696x464.webp 696w, https:\/\/cdn.media-acidadeon.com.br\/ribeiraopreto\/wp-content\/uploads\/sites\/3\/2025\/10\/JC250516_200510-press_2025-10-27_12-05-20-1068x712.webp 1068w, https:\/\/cdn.media-acidadeon.com.br\/ribeiraopreto\/wp-content\/uploads\/sites\/3\/2025\/10\/JC250516_200510-press_2025-10-27_12-05-20.webp 1200w\" sizes=\"auto, (max-width: 1024px) 100vw, 1024px\"\/><figcaption class=\"wp-element-caption\">Foto: Divulga\u00e7\u00e3o <\/figcaption><\/figure>\n<figure class=\"wp-block-image size-large\"><img data-recalc-dims=\"1\" loading=\"lazy\" decoding=\"async\" width=\"1024\" height=\"639\" data-id=\"133634\" src=\"https:\/\/i0.wp.com\/cdn.media-acidadeon.com.br\/ribeiraopreto\/wp-content\/uploads\/sites\/3\/2025\/10\/JC250516_201216-press_2025-10-27_12-05-20-1024x639.webp?resize=1024%2C639&#038;ssl=1\" alt=\"Rita Lee\" class=\"wp-image-133634\" title=\"Ribeir\u00e3o Preto recebe musical autobiogr\u00e1fico de Rita Lee; veja quando 3\" srcset=\"https:\/\/cdn.media-acidadeon.com.br\/ribeiraopreto\/wp-content\/uploads\/sites\/3\/2025\/10\/JC250516_201216-press_2025-10-27_12-05-20-1024x639.webp 1024w, https:\/\/cdn.media-acidadeon.com.br\/ribeiraopreto\/wp-content\/uploads\/sites\/3\/2025\/10\/JC250516_201216-press_2025-10-27_12-05-20-300x187.webp 300w, https:\/\/cdn.media-acidadeon.com.br\/ribeiraopreto\/wp-content\/uploads\/sites\/3\/2025\/10\/JC250516_201216-press_2025-10-27_12-05-20-768x479.webp 768w, https:\/\/cdn.media-acidadeon.com.br\/ribeiraopreto\/wp-content\/uploads\/sites\/3\/2025\/10\/JC250516_201216-press_2025-10-27_12-05-20-696x434.webp 696w, https:\/\/cdn.media-acidadeon.com.br\/ribeiraopreto\/wp-content\/uploads\/sites\/3\/2025\/10\/JC250516_201216-press_2025-10-27_12-05-20-1068x667.webp 1068w, https:\/\/cdn.media-acidadeon.com.br\/ribeiraopreto\/wp-content\/uploads\/sites\/3\/2025\/10\/JC250516_201216-press_2025-10-27_12-05-20.webp 1200w\" sizes=\"auto, (max-width: 1024px) 100vw, 1024px\"\/><figcaption class=\"wp-element-caption\">Foto: Jo\u00e3o Caldas<\/figcaption><\/figure>\n<\/figure>\n<h2 class=\"wp-block-heading\"><strong>Ingressos e sess\u00f5es<\/strong><\/h2>\n<p>O Theatro recebe tr\u00eas apresenta\u00e7\u00f5es do musical, sendo duas no <strong>s\u00e1bado (8)<\/strong>, \u00e0s <strong>16h<\/strong> e \u00e0s <strong>20h<\/strong>, e outra no <strong>domingo (9)<\/strong>, \u00e0s <strong>18h<\/strong>. Os ingressos podem ser adquiridos <strong>on-line <a href=\"https:\/\/megabilheteria.com\/evento\/temporada?id=20190626140118\" target=\"_blank\" rel=\"noopener\">(clique aqui)<\/a><\/strong>, com pre\u00e7os a partir de <strong>R$ 25<\/strong> (meia-popular). A classifica\u00e7\u00e3o indicativa do espet\u00e1culo \u00e9 de <strong>12 anos<\/strong>. Al\u00e9m disso, todas as sess\u00f5es contar\u00e3o com tradu\u00e7\u00e3o em <strong>libras e audiodescri\u00e7\u00e3o<\/strong>.<\/p>\n<h2 class=\"wp-block-heading\"><strong>Servi\u00e7o<\/strong><\/h2>\n<p><strong><em>Rita Lee \u2013 Uma Autobiografia Musical<\/em><\/strong><\/p>\n<p>Quando: 8 e 9 de novembro, s\u00e1bado e domingo <br \/>Hor\u00e1rio: S\u00e1bado \u00e0s 16h e \u00e0s 20h; domingo \u00e0s 18h <br \/>Local: Theatro Pedro II | rua \u00c1lvares Cabral, 370 \u2013 Centro <br \/>Ingressos: A partir de R$ 25 (meia) <\/p>\n<p>SAIBA MAIS<br \/>Jovem de 20 anos vence concurso de cosplay na Mostra Jap\u00e3o em Ribeir\u00e3o Preto; Fotos<\/p>\n<h2 class=\"wp-block-heading\"><strong>FIQUE ON<\/strong><\/h2>\n<p>Fique ligado em tudo que acontece em Ribeir\u00e3o Preto e regi\u00e3o. Siga os perfis do\u00a0<strong>acidade on<\/strong>\u00a0no<a href=\"https:\/\/www.instagram.com\/acidadeonribeirao\" target=\"_blank\" rel=\"noreferrer noopener\">\u00a0Instagram\u00a0<\/a>e no\u00a0<a href=\"https:\/\/www.facebook.com\/acidadeonribeirao\/\" target=\"_blank\" rel=\"noreferrer noopener\">Facebook<\/a>.<\/p>\n<p>Receba not\u00edcias do<strong>\u00a0acidade on<\/strong>\u00a0no WhatsApp. Para entrar no grupo,\u00a0basta\u00a0<a href=\"https:\/\/chat.whatsapp.com\/I4nieTEMKlf50pJ28aMemC?mode=ac_t\" target=\"_blank\" rel=\"noreferrer noopener\">clicar aqui<\/a>. Ou, acesse o nosso\u00a0Canal\u00a0<a href=\"https:\/\/whatsapp.com\/channel\/0029Vb6IQl1JENyAeS57fk2p\" target=\"_blank\" rel=\"noreferrer noopener\">clicando aqui<\/a>.<\/p>\n<p>Fa\u00e7a uma den\u00fancia ou sugira uma reportagem sobre Ribeir\u00e3o Preto e regi\u00e3o pelo WhatsApp: 16 99117 7802.<\/p>\n<p>VEJA TAMB\u00c9M<br \/>Quem \u00e9 o f\u00e3 que participar\u00e1 de \u2018Amanhecer na Colheita\u2019?<\/p>\n<p><!-- AI CONTENT END 1 -->\n<\/div>\n<p><script async src=\"\/\/www.instagram.com\/embed.js\"><\/script><br \/>\n<br \/><br \/>\n<br \/><a href=\"https:\/\/www.acidadeon.com\/ribeiraopreto\/lazer-e-cultura\/ribeirao-preto-recebe-musical-autobiografico-de-rita-lee-veja-quando\/\">Source link <\/a><\/p>\n<!-- CONTENT END 1 -->\n","protected":false},"excerpt":{"rendered":"<p>Ribeir\u00e3o Preto recebe tr\u00eas sess\u00f5es de o musical \u201cRita Lee \u2013 Uma Autobiografia Musical\u201d, no Theatro Pedro II, nos pr\u00f3ximos dias 8 e 9 de&#8230;<\/p>\n","protected":false},"author":1,"featured_media":79204,"comment_status":"open","ping_status":"open","sticky":false,"template":"","format":"standard","meta":{"advanced_seo_description":"","jetpack_seo_html_title":"","jetpack_seo_noindex":false,"jetpack_post_was_ever_published":false,"_jetpack_newsletter_access":"","_jetpack_dont_email_post_to_subs":false,"_jetpack_newsletter_tier_id":0,"_jetpack_memberships_contains_paywalled_content":false,"_jetpack_memberships_contains_paid_content":false,"footnotes":"","jetpack_publicize_message":"","jetpack_publicize_feature_enabled":true,"jetpack_social_post_already_shared":true,"jetpack_social_options":{"image_generator_settings":{"template":"highway","default_image_id":0,"font":"","enabled":false},"version":2}},"categories":[11],"tags":[],"class_list":["post-79203","post","type-post","status-publish","format-standard","has-post-thumbnail","hentry","category-noticias-de-ribeirao-preto-sp-e-regiao-ismael-colosi"],"jetpack_publicize_connections":[],"jetpack_featured_media_url":"https:\/\/i0.wp.com\/noticiasribeiraopreto.com.br\/wp-content\/uploads\/2025\/10\/JC250516_201180-press_2025-10-27_12-01-31.webp.webp?fit=1200%2C805&ssl=1","jetpack-related-posts":[{"id":74380,"url":"https:\/\/noticiasribeiraopreto.com.br\/index.php\/2025\/07\/21\/rita-lee-uma-autobiografia-musical-anuncia-datas-em-ribeirao-preto\/","url_meta":{"origin":79203,"position":0},"title":"\u2018Rita Lee \u2013 uma autobiografia musical\u2019 anuncia datas em Ribeir\u00e3o Preto","author":"noticiasribeiraopreto.com.br","date":"21 de July de 2025","format":false,"excerpt":"O espet\u00e1culo \u201cRita Lee \u2013 uma autobiografia musical\u201d anunciou datas em Ribeir\u00e3o Preto. De acordo com a p\u00e1gina oficial da obra, as apresenta\u00e7\u00f5es acontecem entre os dias 8 e 9 de novembro, no Theatro Pedro II. A p\u00e1gina ainda informa que a venda dos ingressos come\u00e7a no dia 23 de\u2026","rel":"","context":"In &quot;Not\u00edcias de Ribeir\u00e3o Preto-SP e Regi\u00e3o&quot;","block_context":{"text":"Not\u00edcias de Ribeir\u00e3o Preto-SP e Regi\u00e3o","link":"https:\/\/noticiasribeiraopreto.com.br\/index.php\/category\/noticias-de-ribeirao-preto-sp-e-regiao-ismael-colosi\/"},"img":{"alt_text":"","src":"https:\/\/i0.wp.com\/noticiasribeiraopreto.com.br\/wp-content\/uploads\/2025\/07\/mel-lisboa_2025-07-21_19-46-44.webp.webp?fit=1200%2C690&ssl=1&resize=350%2C200","width":350,"height":200,"srcset":"https:\/\/i0.wp.com\/noticiasribeiraopreto.com.br\/wp-content\/uploads\/2025\/07\/mel-lisboa_2025-07-21_19-46-44.webp.webp?fit=1200%2C690&ssl=1&resize=350%2C200 1x, https:\/\/i0.wp.com\/noticiasribeiraopreto.com.br\/wp-content\/uploads\/2025\/07\/mel-lisboa_2025-07-21_19-46-44.webp.webp?fit=1200%2C690&ssl=1&resize=525%2C300 1.5x, https:\/\/i0.wp.com\/noticiasribeiraopreto.com.br\/wp-content\/uploads\/2025\/07\/mel-lisboa_2025-07-21_19-46-44.webp.webp?fit=1200%2C690&ssl=1&resize=700%2C400 2x, https:\/\/i0.wp.com\/noticiasribeiraopreto.com.br\/wp-content\/uploads\/2025\/07\/mel-lisboa_2025-07-21_19-46-44.webp.webp?fit=1200%2C690&ssl=1&resize=1050%2C600 3x"},"classes":[]},{"id":70063,"url":"https:\/\/noticiasribeiraopreto.com.br\/index.php\/2025\/05\/22\/estreias-em-ribeirao-preto-lilo-stitch-e-documentario-sobre-rita-lee-sao-destaques\/","url_meta":{"origin":79203,"position":1},"title":"Estreias em Ribeir\u00e3o Preto: &#8216;Lilo &#038; Stitch&#8217; e document\u00e1rio sobre Rita Lee s\u00e3o destaques","author":"noticiasribeiraopreto.com.br","date":"22 de May de 2025","format":false,"excerpt":"Nesta quinta-feira (22), os cinemas de Ribeir\u00e3o Preto recebem tr\u00eas novos filmes na programa\u00e7\u00e3o. Entre os destaques est\u00e3o o lan\u00e7amento da Disney \u201cLilo & Stitch\u201d, e \u201cRitas\u201d, document\u00e1rio sobre Rita Lee. Confira os filmes dispon\u00edveis nesta semana: Ribeir\u00e3o Preto conta com quatro cinemas, o UCI localizado no Ribeir\u00e3oShopping, o Cinep\u00f3lis\u2026","rel":"","context":"In &quot;Not\u00edcias de Ribeir\u00e3o Preto-SP e Regi\u00e3o&quot;","block_context":{"text":"Not\u00edcias de Ribeir\u00e3o Preto-SP e Regi\u00e3o","link":"https:\/\/noticiasribeiraopreto.com.br\/index.php\/category\/noticias-de-ribeirao-preto-sp-e-regiao-ismael-colosi\/"},"img":{"alt_text":"","src":"https:\/\/i0.wp.com\/noticiasribeiraopreto.com.br\/wp-content\/uploads\/2025\/05\/1747831745682dcbc12b59d_1747831745_3x2_md_2025-05-22_12-15-37.webp.webp?fit=768%2C432&ssl=1&resize=350%2C200","width":350,"height":200,"srcset":"https:\/\/i0.wp.com\/noticiasribeiraopreto.com.br\/wp-content\/uploads\/2025\/05\/1747831745682dcbc12b59d_1747831745_3x2_md_2025-05-22_12-15-37.webp.webp?fit=768%2C432&ssl=1&resize=350%2C200 1x, https:\/\/i0.wp.com\/noticiasribeiraopreto.com.br\/wp-content\/uploads\/2025\/05\/1747831745682dcbc12b59d_1747831745_3x2_md_2025-05-22_12-15-37.webp.webp?fit=768%2C432&ssl=1&resize=525%2C300 1.5x, https:\/\/i0.wp.com\/noticiasribeiraopreto.com.br\/wp-content\/uploads\/2025\/05\/1747831745682dcbc12b59d_1747831745_3x2_md_2025-05-22_12-15-37.webp.webp?fit=768%2C432&ssl=1&resize=700%2C400 2x"},"classes":[]},{"id":39669,"url":"https:\/\/noticiasribeiraopreto.com.br\/index.php\/2024\/02\/27\/roberto-de-carvalho-musico-e-viuvo-de-rita-lee-anuncia-autobiografia\/","url_meta":{"origin":79203,"position":2},"title":"Roberto de Carvalho, m\u00fasico e vi\u00favo de Rita Lee, anuncia autobiografia","author":"noticiasribeiraopreto.com.br","date":"27 de February de 2024","format":false,"excerpt":"O m\u00fasico e compositor Roberto de Carvalho divulgou que vai lan\u00e7ar sua autobiografia. A obra contar\u00e1 com a ajuda de Guilherme Samora, jornalista e parceiro de Rita Lee, que fez as vezes do fantasma \u201cPhantom\u201d nas duas autobiografias da artista, esclarecendo fatos da carreira de Rita com nomes e datas.\u2026","rel":"","context":"In &quot;Not\u00edcias de Ribeir\u00e3o Preto-SP e Regi\u00e3o&quot;","block_context":{"text":"Not\u00edcias de Ribeir\u00e3o Preto-SP e Regi\u00e3o","link":"https:\/\/noticiasribeiraopreto.com.br\/index.php\/category\/noticias-de-ribeirao-preto-sp-e-regiao-ismael-colosi\/"},"img":{"alt_text":"","src":"https:\/\/i0.wp.com\/noticiasribeiraopreto.com.br\/wp-content\/uploads\/2024\/02\/e3494eb7-b912-4551-a82b-23835b3cc089-scaled.jpg?fit=1000%2C563&ssl=1&resize=350%2C200","width":350,"height":200,"srcset":"https:\/\/i0.wp.com\/noticiasribeiraopreto.com.br\/wp-content\/uploads\/2024\/02\/e3494eb7-b912-4551-a82b-23835b3cc089-scaled.jpg?fit=1000%2C563&ssl=1&resize=350%2C200 1x, https:\/\/i0.wp.com\/noticiasribeiraopreto.com.br\/wp-content\/uploads\/2024\/02\/e3494eb7-b912-4551-a82b-23835b3cc089-scaled.jpg?fit=1000%2C563&ssl=1&resize=525%2C300 1.5x, https:\/\/i0.wp.com\/noticiasribeiraopreto.com.br\/wp-content\/uploads\/2024\/02\/e3494eb7-b912-4551-a82b-23835b3cc089-scaled.jpg?fit=1000%2C563&ssl=1&resize=700%2C400 2x"},"classes":[]},{"id":56408,"url":"https:\/\/noticiasribeiraopreto.com.br\/index.php\/2024\/08\/13\/ribeirao-preto-recebe-show-tributo-a-renato-russo-e-rita-lee-no-theatro-pedro-ii\/","url_meta":{"origin":79203,"position":3},"title":"Ribeir\u00e3o Preto recebe show tributo a Renato Russo e Rita Lee no Theatro Pedro II","author":"noticiasribeiraopreto.com.br","date":"13 de August de 2024","format":false,"excerpt":"O \u201cSomos T\u00e3o Jovens \u2013 Tributo Legi\u00e3o\u201d apresenta, no Theatro Pedro II, em Ribeir\u00e3o Preto, o novo espet\u00e1culo \u201cA Rainha e o Poeta\u201d, que presta tributo \u00e0 Rita Lee e Renato Russo. O concerto est\u00e1 marcado para domingo (18), \u00e0s 19h. O repert\u00f3rio inclui os principais hits dos dois artistas,\u2026","rel":"","context":"In &quot;Not\u00edcias de Ribeir\u00e3o Preto-SP e Regi\u00e3o&quot;","block_context":{"text":"Not\u00edcias de Ribeir\u00e3o Preto-SP e Regi\u00e3o","link":"https:\/\/noticiasribeiraopreto.com.br\/index.php\/category\/noticias-de-ribeirao-preto-sp-e-regiao-ismael-colosi\/"},"img":{"alt_text":"","src":"https:\/\/i0.wp.com\/noticiasribeiraopreto.com.br\/wp-content\/uploads\/2024\/08\/Copia-de-Copia-de-TAMANHO-EXATO-PARA-FOTOS-NO-SISTEMA-NOVO-50_2024-08-13_16-28-48_jpg_2024-08-13_16-28-48.webp.webp?fit=1200%2C675&ssl=1&resize=350%2C200","width":350,"height":200,"srcset":"https:\/\/i0.wp.com\/noticiasribeiraopreto.com.br\/wp-content\/uploads\/2024\/08\/Copia-de-Copia-de-TAMANHO-EXATO-PARA-FOTOS-NO-SISTEMA-NOVO-50_2024-08-13_16-28-48_jpg_2024-08-13_16-28-48.webp.webp?fit=1200%2C675&ssl=1&resize=350%2C200 1x, https:\/\/i0.wp.com\/noticiasribeiraopreto.com.br\/wp-content\/uploads\/2024\/08\/Copia-de-Copia-de-TAMANHO-EXATO-PARA-FOTOS-NO-SISTEMA-NOVO-50_2024-08-13_16-28-48_jpg_2024-08-13_16-28-48.webp.webp?fit=1200%2C675&ssl=1&resize=525%2C300 1.5x, https:\/\/i0.wp.com\/noticiasribeiraopreto.com.br\/wp-content\/uploads\/2024\/08\/Copia-de-Copia-de-TAMANHO-EXATO-PARA-FOTOS-NO-SISTEMA-NOVO-50_2024-08-13_16-28-48_jpg_2024-08-13_16-28-48.webp.webp?fit=1200%2C675&ssl=1&resize=700%2C400 2x, https:\/\/i0.wp.com\/noticiasribeiraopreto.com.br\/wp-content\/uploads\/2024\/08\/Copia-de-Copia-de-TAMANHO-EXATO-PARA-FOTOS-NO-SISTEMA-NOVO-50_2024-08-13_16-28-48_jpg_2024-08-13_16-28-48.webp.webp?fit=1200%2C675&ssl=1&resize=1050%2C600 3x"},"classes":[]},{"id":70061,"url":"https:\/\/noticiasribeiraopreto.com.br\/index.php\/2025\/05\/22\/quermesse-celebra-dia-de-santa-rita-em-ribeirao-preto-veja-a-programacao\/","url_meta":{"origin":79203,"position":4},"title":"Quermesse celebra dia de Santa Rita em Ribeir\u00e3o Preto; Veja a programa\u00e7\u00e3o","author":"noticiasribeiraopreto.com.br","date":"22 de May de 2025","format":false,"excerpt":"O dia de Santa Rita de C\u00e1ssia \u00e9 celebrado nesta quinta-feira (22) com missas e quermesse na Par\u00f3quia Santa Rita de C\u00e1ssia, no Jardim Independ\u00eancia, em Ribeir\u00e3o Preto. A entrada \u00e9 gratuita. LEIA TAMB\u00c9MConfira todas as quermesses de Ribeir\u00e3o Preto e regi\u00e3o Santa Rita de C\u00e1ssia nasceu na It\u00e1lia, em\u2026","rel":"","context":"In &quot;Not\u00edcias de Ribeir\u00e3o Preto-SP e Regi\u00e3o&quot;","block_context":{"text":"Not\u00edcias de Ribeir\u00e3o Preto-SP e Regi\u00e3o","link":"https:\/\/noticiasribeiraopreto.com.br\/index.php\/category\/noticias-de-ribeirao-preto-sp-e-regiao-ismael-colosi\/"},"img":{"alt_text":"","src":"https:\/\/i0.wp.com\/noticiasribeiraopreto.com.br\/wp-content\/uploads\/2025\/05\/ShoppingdeRibeiroPretopromovefestajuninaejulinacombalonismo_Tamanho_2_image.jpg?fit=1200%2C900&ssl=1&resize=350%2C200","width":350,"height":200,"srcset":"https:\/\/i0.wp.com\/noticiasribeiraopreto.com.br\/wp-content\/uploads\/2025\/05\/ShoppingdeRibeiroPretopromovefestajuninaejulinacombalonismo_Tamanho_2_image.jpg?fit=1200%2C900&ssl=1&resize=350%2C200 1x, https:\/\/i0.wp.com\/noticiasribeiraopreto.com.br\/wp-content\/uploads\/2025\/05\/ShoppingdeRibeiroPretopromovefestajuninaejulinacombalonismo_Tamanho_2_image.jpg?fit=1200%2C900&ssl=1&resize=525%2C300 1.5x, https:\/\/i0.wp.com\/noticiasribeiraopreto.com.br\/wp-content\/uploads\/2025\/05\/ShoppingdeRibeiroPretopromovefestajuninaejulinacombalonismo_Tamanho_2_image.jpg?fit=1200%2C900&ssl=1&resize=700%2C400 2x, https:\/\/i0.wp.com\/noticiasribeiraopreto.com.br\/wp-content\/uploads\/2025\/05\/ShoppingdeRibeiroPretopromovefestajuninaejulinacombalonismo_Tamanho_2_image.jpg?fit=1200%2C900&ssl=1&resize=1050%2C600 3x"},"classes":[]},{"id":84775,"url":"https:\/\/noticiasribeiraopreto.com.br\/index.php\/2026\/04\/15\/quermesse-de-santa-rita-sera-realizada-em-10-dias-de-maio-em-paroquia-de-ribeirao-preto\/","url_meta":{"origin":79203,"position":5},"title":"Quermesse de Santa Rita ser\u00e1 realizada em 10 dias de maio em par\u00f3quia de Ribeir\u00e3o Preto","author":"noticiasribeiraopreto.com.br","date":"15 de April de 2026","format":false,"excerpt":"00:00 A+ A- Ler o resumo da not\u00edcia \r Par\u00f3quia Santa Rita de C\u00e1ssia promove quermesse em louvor \u00e0 padroeira de 8 a 24 de maio, em Ribeir\u00e3o Preto.\r Evento ocorre na Rua Primo Furquim, 18, no Jardim Independ\u00eancia, zona Norte da cidade.\r No dia 22 de maio, data de\u2026","rel":"","context":"In &quot;Not\u00edcias de Ribeir\u00e3o Preto-SP e Regi\u00e3o&quot;","block_context":{"text":"Not\u00edcias de Ribeir\u00e3o Preto-SP e Regi\u00e3o","link":"https:\/\/noticiasribeiraopreto.com.br\/index.php\/category\/noticias-de-ribeirao-preto-sp-e-regiao-ismael-colosi\/"},"img":{"alt_text":"","src":"https:\/\/i0.wp.com\/noticiasribeiraopreto.com.br\/wp-content\/uploads\/2026\/04\/santaritacassiaribeirao_2026-04-15_14-50-55.webp.webp?fit=804%2C534&ssl=1&resize=350%2C200","width":350,"height":200,"srcset":"https:\/\/i0.wp.com\/noticiasribeiraopreto.com.br\/wp-content\/uploads\/2026\/04\/santaritacassiaribeirao_2026-04-15_14-50-55.webp.webp?fit=804%2C534&ssl=1&resize=350%2C200 1x, https:\/\/i0.wp.com\/noticiasribeiraopreto.com.br\/wp-content\/uploads\/2026\/04\/santaritacassiaribeirao_2026-04-15_14-50-55.webp.webp?fit=804%2C534&ssl=1&resize=525%2C300 1.5x, https:\/\/i0.wp.com\/noticiasribeiraopreto.com.br\/wp-content\/uploads\/2026\/04\/santaritacassiaribeirao_2026-04-15_14-50-55.webp.webp?fit=804%2C534&ssl=1&resize=700%2C400 2x"},"classes":[]}],"jetpack_sharing_enabled":true,"jetpack_shortlink":"https:\/\/wp.me\/peQAOb-kBt","_links":{"self":[{"href":"https:\/\/noticiasribeiraopreto.com.br\/index.php\/wp-json\/wp\/v2\/posts\/79203","targetHints":{"allow":["GET"]}}],"collection":[{"href":"https:\/\/noticiasribeiraopreto.com.br\/index.php\/wp-json\/wp\/v2\/posts"}],"about":[{"href":"https:\/\/noticiasribeiraopreto.com.br\/index.php\/wp-json\/wp\/v2\/types\/post"}],"author":[{"embeddable":true,"href":"https:\/\/noticiasribeiraopreto.com.br\/index.php\/wp-json\/wp\/v2\/users\/1"}],"replies":[{"embeddable":true,"href":"https:\/\/noticiasribeiraopreto.com.br\/index.php\/wp-json\/wp\/v2\/comments?post=79203"}],"version-history":[{"count":0,"href":"https:\/\/noticiasribeiraopreto.com.br\/index.php\/wp-json\/wp\/v2\/posts\/79203\/revisions"}],"wp:featuredmedia":[{"embeddable":true,"href":"https:\/\/noticiasribeiraopreto.com.br\/index.php\/wp-json\/wp\/v2\/media\/79204"}],"wp:attachment":[{"href":"https:\/\/noticiasribeiraopreto.com.br\/index.php\/wp-json\/wp\/v2\/media?parent=79203"}],"wp:term":[{"taxonomy":"category","embeddable":true,"href":"https:\/\/noticiasribeiraopreto.com.br\/index.php\/wp-json\/wp\/v2\/categories?post=79203"},{"taxonomy":"post_tag","embeddable":true,"href":"https:\/\/noticiasribeiraopreto.com.br\/index.php\/wp-json\/wp\/v2\/tags?post=79203"}],"curies":[{"name":"wp","href":"https:\/\/api.w.org\/{rel}","templated":true}]}}