{"id":79205,"date":"2025-10-27T12:15:03","date_gmt":"2025-10-27T15:15:03","guid":{"rendered":"https:\/\/noticiasribeiraopreto.com.br\/index.php\/2025\/10\/27\/o-que-se-sabe-sobre-o-caso-da-influenciadora-presa-por-desacatar-pm-em-ribeirao-preto\/"},"modified":"2025-10-27T12:15:03","modified_gmt":"2025-10-27T15:15:03","slug":"o-que-se-sabe-sobre-o-caso-da-influenciadora-presa-por-desacatar-pm-em-ribeirao-preto","status":"publish","type":"post","link":"https:\/\/noticiasribeiraopreto.com.br\/index.php\/2025\/10\/27\/o-que-se-sabe-sobre-o-caso-da-influenciadora-presa-por-desacatar-pm-em-ribeirao-preto\/","title":{"rendered":"O que se sabe sobre o caso da influenciadora presa por desacatar PM em Ribeir\u00e3o Preto"},"content":{"rendered":"<div class='code-block code-block-1' style='margin: 8px 0 8px auto; text-align: right; display: block; clear: both;'>\n<p><a href=\"https:\/\/wa.link\/vpicfd\"><img data-recalc-dims=\"1\" class=\"wp-image-4922\" style=\"aspect-ratio: 2.0253164556962027; width: 561px; height: auto;\" src=\"https:\/\/i0.wp.com\/ismaelcolosi.com.br\/wp-content\/uploads\/2023\/11\/grupo-de-empregos-whatsapp-e-facebook-ismael-colosi-vagas.jpg?ssl=1\" alt=\"\" \/><\/a><\/p>\n<!-- \/wp:image -->\n<\/div>\n<p> <br \/>\n<\/p>\n<div>\n<p><strong>A influenciadora Aline Bardy Dutra, de 45 anos, conhecida nas redes sociais como Esquerdogata, foi presa na madrugada do \u00faltimo s\u00e1bado (25), por desacato contra policiais militares na esquina das ruas Flor\u00eancio de Abreu e Cerqueira C\u00e9sar, no Centro de Ribeir\u00e3o Preto.<\/strong><\/p>\n<h2 class=\"wp-block-heading\"><strong>O que aconteceu:<\/strong><\/h2>\n<p>Os policiais relataram no boletim de ocorr\u00eancia (BO) que, ap\u00f3s uma fiscaliza\u00e7\u00e3o de tr\u00e2nsito, a equipe foi surpreendida pela influenciadora, que passou a question\u00e1-los sobre o motivo da abordagem e a filmar a a\u00e7\u00e3o. <\/p>\n<p>Ainda conforme o registro, a influenciadora teria dito que o procedimento dos policiais seria por conta da cor do abordado, que tratava-se de pessoa de cor preta.<\/p>\n<p>Os policiais ainda relataram que quando a influenciadora foi comunicada que seria conduzida at\u00e9 a delegacia, ela passou a xing\u00e1-los.<\/p>\n<p>A PM disse que foi necess\u00e1rio o usar algemas contra a influenciadora.<\/p>\n<p>O caso foi registrado na CPJ (Central de Pol\u00edcia Judici\u00e1ria) Permanente como desacato, resist\u00eancia, e preconceitos de ra\u00e7a ou de cor.<\/p>\n<p>A influenciadora passou por audi\u00eancia de cust\u00f3dia e foi liberada para cumprir medidas cautelares como permanecer em casa entre 20h e 6h, al\u00e9m de comprovar o tratamento m\u00e9dico psiqui\u00e1trico e psicol\u00f3gico a cada 60 dias.<\/p>\n<h3 class=\"wp-block-heading\"><strong>Outro lado<\/strong><\/h3>\n<p>O <strong>acidade on<\/strong> procurou a defesa de Aline Bardy Dutra e aguarda retorno.<\/p>\n<p>SAIBA MAIS<\/p>\n<p>Homem \u00e9 preso por matar a pr\u00f3pria filha em Ribeir\u00e3o Preto<\/p>\n<h2 class=\"wp-block-heading\"><strong>FIQUE ON<\/strong><\/h2>\n<p>Fique ligado em tudo que acontece em Ribeir\u00e3o Preto e regi\u00e3o. Siga os perfis do<strong>\u00a0acidade on<\/strong>\u00a0no<a href=\"https:\/\/www.instagram.com\/acidadeonribeirao\" target=\"_blank\" rel=\"noreferrer noopener\">\u00a0Instagram\u00a0<\/a>e no\u00a0<a href=\"https:\/\/www.facebook.com\/acidadeonribeirao\/\" target=\"_blank\" rel=\"noreferrer noopener\">Facebook<\/a>.<\/p>\n<p>Receba not\u00edcias do<strong>\u00a0acidade on\u00a0<\/strong>no WhatsApp. Para entrar no grupo,\u00a0basta\u00a0<a href=\"https:\/\/chat.whatsapp.com\/I4nieTEMKlf50pJ28aMemC?mode=ac_t\" target=\"_blank\" rel=\"noreferrer noopener\">clicar aqui<\/a>. Ou, acesse o nosso\u00a0Canal\u00a0<a href=\"https:\/\/whatsapp.com\/channel\/0029Vb6IQl1JENyAeS57fk2p\" target=\"_blank\" rel=\"noreferrer noopener\">clicando aqui<\/a>.<\/p>\n<p>Fa\u00e7a uma den\u00fancia ou sugira uma reportagem sobre Ribeir\u00e3o Preto e regi\u00e3o pelo WhatsApp: 16 99117 7802.<\/p>\n<p>VEJA TAMB\u00c9M<\/p>\n<p>Governan\u00e7a, IA e Compliance: A Tr\u00edade para a Perenidade dos Neg\u00f3cios Familiares<\/p>\n<p><!-- AI CONTENT END 1 -->\n<\/div>\n<p><script async src=\"\/\/www.instagram.com\/embed.js\"><\/script><br \/>\n<br \/><br \/>\n<br \/><a href=\"https:\/\/www.acidadeon.com\/ribeiraopreto\/cotidiano\/o-que-se-sabe-sobre-o-caso-da-influenciadora-presa-por-desacatar-pm-em-ribeirao-preto\/\">Source link <\/a><\/p>\n<!-- CONTENT END 1 -->\n","protected":false},"excerpt":{"rendered":"<p>A influenciadora Aline Bardy Dutra, de 45 anos, conhecida nas redes sociais como Esquerdogata, foi presa na madrugada do \u00faltimo s\u00e1bado (25), por desacato contra&#8230;<\/p>\n","protected":false},"author":1,"featured_media":79206,"comment_status":"open","ping_status":"open","sticky":false,"template":"","format":"standard","meta":{"advanced_seo_description":"","jetpack_seo_html_title":"","jetpack_seo_noindex":false,"jetpack_post_was_ever_published":false,"_jetpack_newsletter_access":"","_jetpack_dont_email_post_to_subs":false,"_jetpack_newsletter_tier_id":0,"_jetpack_memberships_contains_paywalled_content":false,"_jetpack_memberships_contains_paid_content":false,"footnotes":"","jetpack_publicize_message":"","jetpack_publicize_feature_enabled":true,"jetpack_social_post_already_shared":true,"jetpack_social_options":{"image_generator_settings":{"template":"highway","default_image_id":0,"font":"","enabled":false},"version":2}},"categories":[11],"tags":[],"class_list":["post-79205","post","type-post","status-publish","format-standard","has-post-thumbnail","hentry","category-noticias-de-ribeirao-preto-sp-e-regiao-ismael-colosi"],"jetpack_publicize_connections":[],"jetpack_featured_media_url":"https:\/\/i0.wp.com\/noticiasribeiraopreto.com.br\/wp-content\/uploads\/2025\/10\/esquerdogata_2025-10-27_13-36-44.webp.webp?fit=1200%2C675&ssl=1","jetpack-related-posts":[{"id":79215,"url":"https:\/\/noticiasribeiraopreto.com.br\/index.php\/2025\/10\/27\/quem-e-esquerdogata-influenciadora-presa-apos-ofender-pm-em-ribeirao-preto\/","url_meta":{"origin":79205,"position":0},"title":"Quem \u00e9 Esquerdogata, influenciadora presa ap\u00f3s ofender PM em Ribeir\u00e3o Preto","author":"noticiasribeiraopreto.com.br","date":"27 de October de 2025","format":false,"excerpt":"Presa na madrugada do \u00faltimo s\u00e1bado (25) por desacato contra policiais militares no Centro de Ribeir\u00e3o Preto, Aline Bardy Dutra, conhecida como Esquerdogata, \u00e9 comunicadora, professora e militante pol\u00edtica. Com mais de 800 mil seguidores nas redes sociais, Aline, que tem 45 anos, produz e compartilha v\u00eddeos e textos principalmente\u2026","rel":"","context":"In &quot;Not\u00edcias de Ribeir\u00e3o Preto-SP e Regi\u00e3o&quot;","block_context":{"text":"Not\u00edcias de Ribeir\u00e3o Preto-SP e Regi\u00e3o","link":"https:\/\/noticiasribeiraopreto.com.br\/index.php\/category\/noticias-de-ribeirao-preto-sp-e-regiao-ismael-colosi\/"},"img":{"alt_text":"","src":"https:\/\/i0.wp.com\/noticiasribeiraopreto.com.br\/wp-content\/uploads\/2025\/10\/Copia-de-Copia-de-Copia-de-TAMANHO-EXATO-PARA-FOTOS-NO-SISTEMA-NOVO-2025-10-27T133032.461_2025-10-27_16-30-35.webp.webp?fit=1200%2C675&ssl=1&resize=350%2C200","width":350,"height":200,"srcset":"https:\/\/i0.wp.com\/noticiasribeiraopreto.com.br\/wp-content\/uploads\/2025\/10\/Copia-de-Copia-de-Copia-de-TAMANHO-EXATO-PARA-FOTOS-NO-SISTEMA-NOVO-2025-10-27T133032.461_2025-10-27_16-30-35.webp.webp?fit=1200%2C675&ssl=1&resize=350%2C200 1x, https:\/\/i0.wp.com\/noticiasribeiraopreto.com.br\/wp-content\/uploads\/2025\/10\/Copia-de-Copia-de-Copia-de-TAMANHO-EXATO-PARA-FOTOS-NO-SISTEMA-NOVO-2025-10-27T133032.461_2025-10-27_16-30-35.webp.webp?fit=1200%2C675&ssl=1&resize=525%2C300 1.5x, https:\/\/i0.wp.com\/noticiasribeiraopreto.com.br\/wp-content\/uploads\/2025\/10\/Copia-de-Copia-de-Copia-de-TAMANHO-EXATO-PARA-FOTOS-NO-SISTEMA-NOVO-2025-10-27T133032.461_2025-10-27_16-30-35.webp.webp?fit=1200%2C675&ssl=1&resize=700%2C400 2x, https:\/\/i0.wp.com\/noticiasribeiraopreto.com.br\/wp-content\/uploads\/2025\/10\/Copia-de-Copia-de-Copia-de-TAMANHO-EXATO-PARA-FOTOS-NO-SISTEMA-NOVO-2025-10-27T133032.461_2025-10-27_16-30-35.webp.webp?fit=1200%2C675&ssl=1&resize=1050%2C600 3x"},"classes":[]},{"id":82841,"url":"https:\/\/noticiasribeiraopreto.com.br\/index.php\/2026\/02\/28\/esquerdogata-e-denunciada-pelo-ministerio-publico-por-tres-crimes\/","url_meta":{"origin":79205,"position":1},"title":"Esquerdogata \u00e9 denunciada pelo Minist\u00e9rio P\u00fablico por tr\u00eas crimes","author":"noticiasribeiraopreto.com.br","date":"28 de February de 2026","format":false,"excerpt":"O MP-SP (Minist\u00e9rio P\u00fablico de S\u00e3o Paulo) denunciou a influenciadora Aline Bardy Dutra, conhecida como Esquerdogata, por tr\u00eas crimes. A influenciadora foi detida no dia 25 de outubro de 2025, no Centro de Ribeir\u00e3o Preto, por desacato contra policiais militares na esquina das ruas Flor\u00eancio de Abreu e Cerqueira C\u00e9sar.\u2026","rel":"","context":"In &quot;Not\u00edcias de Ribeir\u00e3o Preto-SP e Regi\u00e3o&quot;","block_context":{"text":"Not\u00edcias de Ribeir\u00e3o Preto-SP e Regi\u00e3o","link":"https:\/\/noticiasribeiraopreto.com.br\/index.php\/category\/noticias-de-ribeirao-preto-sp-e-regiao-ismael-colosi\/"},"img":{"alt_text":"","src":"https:\/\/i0.wp.com\/noticiasribeiraopreto.com.br\/wp-content\/uploads\/2025\/10\/WhatsApp-Image-2025-10-29-at-10.45.43_2025-10-29_13-46-18.webp.webp?fit=573%2C354&ssl=1&resize=350%2C200","width":350,"height":200,"srcset":"https:\/\/i0.wp.com\/noticiasribeiraopreto.com.br\/wp-content\/uploads\/2025\/10\/WhatsApp-Image-2025-10-29-at-10.45.43_2025-10-29_13-46-18.webp.webp?fit=573%2C354&ssl=1&resize=350%2C200 1x, https:\/\/i0.wp.com\/noticiasribeiraopreto.com.br\/wp-content\/uploads\/2025\/10\/WhatsApp-Image-2025-10-29-at-10.45.43_2025-10-29_13-46-18.webp.webp?fit=573%2C354&ssl=1&resize=525%2C300 1.5x"},"classes":[]},{"id":80971,"url":"https:\/\/noticiasribeiraopreto.com.br\/index.php\/2025\/12\/19\/esquerdogata-passara-por-exame-de-sanidade-mental-apos-decisao-da-justica\/","url_meta":{"origin":79205,"position":2},"title":"Esquerdogata passar\u00e1 por exame de sanidade mental ap\u00f3s decis\u00e3o da Justi\u00e7a","author":"noticiasribeiraopreto.com.br","date":"19 de December de 2025","format":false,"excerpt":"A Justi\u00e7a autorizou a realiza\u00e7\u00e3o de um exame de sanidade mental na influenciadora Aline Bardy Dutra, conhecida como Esquerdogata, acusada de racismo contra dois policiais militares de Ribeir\u00e3o Preto. A decis\u00e3o atende a um pedido feito pela defesa e j\u00e1 foi deferida pelo Judici\u00e1rio. De acordo com o documento ao\u2026","rel":"","context":"In &quot;Not\u00edcias de Ribeir\u00e3o Preto-SP e Regi\u00e3o&quot;","block_context":{"text":"Not\u00edcias de Ribeir\u00e3o Preto-SP e Regi\u00e3o","link":"https:\/\/noticiasribeiraopreto.com.br\/index.php\/category\/noticias-de-ribeirao-preto-sp-e-regiao-ismael-colosi\/"},"img":{"alt_text":"","src":"https:\/\/i0.wp.com\/noticiasribeiraopreto.com.br\/wp-content\/uploads\/2025\/10\/voguing_2025-10-28_15-10-23.webp.webp?fit=1200%2C675&ssl=1&resize=350%2C200","width":350,"height":200,"srcset":"https:\/\/i0.wp.com\/noticiasribeiraopreto.com.br\/wp-content\/uploads\/2025\/10\/voguing_2025-10-28_15-10-23.webp.webp?fit=1200%2C675&ssl=1&resize=350%2C200 1x, https:\/\/i0.wp.com\/noticiasribeiraopreto.com.br\/wp-content\/uploads\/2025\/10\/voguing_2025-10-28_15-10-23.webp.webp?fit=1200%2C675&ssl=1&resize=525%2C300 1.5x, https:\/\/i0.wp.com\/noticiasribeiraopreto.com.br\/wp-content\/uploads\/2025\/10\/voguing_2025-10-28_15-10-23.webp.webp?fit=1200%2C675&ssl=1&resize=700%2C400 2x, https:\/\/i0.wp.com\/noticiasribeiraopreto.com.br\/wp-content\/uploads\/2025\/10\/voguing_2025-10-28_15-10-23.webp.webp?fit=1200%2C675&ssl=1&resize=1050%2C600 3x"},"classes":[]},{"id":79223,"url":"https:\/\/noticiasribeiraopreto.com.br\/index.php\/2025\/10\/27\/video-influenciadora-e-presa-por-desacato-e-preconceito-racial-no-centro\/","url_meta":{"origin":79205,"position":3},"title":"V\u00cdDEO &#8211; Influenciadora \u00e9 presa por desacato e preconceito racial no Centro","author":"noticiasribeiraopreto.com.br","date":"27 de October de 2025","format":false,"excerpt":"Mulher teria ofendido policiais militares durante abordagem a um homem dizendo \u201cum preto f. outro preto\u201d 27 de outubro de 2025 15:5627 de outubro de 2025 15:575 Compartilhar0 A influenciadora digital, Aline Bardy Dutra, de 45 anos foi presa, na madrugada de s\u00e1bado, 25 de outubro, por desacato, resist\u00eancia e\u2026","rel":"","context":"In &quot;Not\u00edcias de Ribeir\u00e3o Preto-SP e Regi\u00e3o&quot;","block_context":{"text":"Not\u00edcias de Ribeir\u00e3o Preto-SP e Regi\u00e3o","link":"https:\/\/noticiasribeiraopreto.com.br\/index.php\/category\/noticias-de-ribeirao-preto-sp-e-regiao-ismael-colosi\/"},"img":{"alt_text":"","src":"https:\/\/i0.wp.com\/noticiasribeiraopreto.com.br\/wp-content\/uploads\/2025\/10\/27-out-2025-esquerdogata1-scaled.jpg?fit=892%2C780&ssl=1&resize=350%2C200","width":350,"height":200,"srcset":"https:\/\/i0.wp.com\/noticiasribeiraopreto.com.br\/wp-content\/uploads\/2025\/10\/27-out-2025-esquerdogata1-scaled.jpg?fit=892%2C780&ssl=1&resize=350%2C200 1x, https:\/\/i0.wp.com\/noticiasribeiraopreto.com.br\/wp-content\/uploads\/2025\/10\/27-out-2025-esquerdogata1-scaled.jpg?fit=892%2C780&ssl=1&resize=525%2C300 1.5x, https:\/\/i0.wp.com\/noticiasribeiraopreto.com.br\/wp-content\/uploads\/2025\/10\/27-out-2025-esquerdogata1-scaled.jpg?fit=892%2C780&ssl=1&resize=700%2C400 2x"},"classes":[]},{"id":82816,"url":"https:\/\/noticiasribeiraopreto.com.br\/index.php\/2026\/02\/27\/mpsp-denuncia-esquerdogata-a-justica\/","url_meta":{"origin":79205,"position":4},"title":"MPSP denuncia \u201cEsquerdogata\u201d \u00e0 Justi\u00e7a","author":"noticiasribeiraopreto.com.br","date":"27 de February de 2026","format":false,"excerpt":"\r \r \r 27 de fevereiro de 2026 12:5427 de fevereiro de 2026 13:06 \r Compartilhar2 Por: Adalberto Luque \u2013 O Minist\u00e9rio P\u00fablico de S\u00e3o Paulo (MPSP) apresentou formalmente den\u00fancia contra a influenciadora digital e professora Aline Bardy Dutra, popularmente conhecida por \u201cEsquerdogata\u201d, para o Tribunal de Justi\u00e7a de S\u00e3o\u2026","rel":"","context":"In &quot;Not\u00edcias de Ribeir\u00e3o Preto-SP e Regi\u00e3o&quot;","block_context":{"text":"Not\u00edcias de Ribeir\u00e3o Preto-SP e Regi\u00e3o","link":"https:\/\/noticiasribeiraopreto.com.br\/index.php\/category\/noticias-de-ribeirao-preto-sp-e-regiao-ismael-colosi\/"},"img":{"alt_text":"","src":"https:\/\/i0.wp.com\/noticiasribeiraopreto.com.br\/wp-content\/uploads\/2026\/02\/27-fev-2026-esquerdogata.jpg?fit=501%2C505&ssl=1&resize=350%2C200","width":350,"height":200},"classes":[]},{"id":85179,"url":"https:\/\/noticiasribeiraopreto.com.br\/index.php\/2026\/04\/24\/justica-marca-julgamento-de-esquerdogata\/","url_meta":{"origin":79205,"position":5},"title":"Justi\u00e7a marca julgamento de \u2018Esquerdogata\u2019","author":"noticiasribeiraopreto.com.br","date":"24 de April de 2026","format":false,"excerpt":"\r Influenciadora digital vai passar por audi\u00eancia de instru\u00e7\u00e3o pelas acusa\u00e7\u00f5es de inj\u00faria racial, desacato e resist\u00eancia \u00e0 pris\u00e3o no segundo semestre deste ano\r \r 24 de abril de 2026 07:1723 de abril de 2026 18:04 \r Compartilhar1 | Por: Adalberto Luque | O Tribunal de Justi\u00e7a de S\u00e3o Paulo\u2026","rel":"","context":"In &quot;Not\u00edcias de Ribeir\u00e3o Preto-SP e Regi\u00e3o&quot;","block_context":{"text":"Not\u00edcias de Ribeir\u00e3o Preto-SP e Regi\u00e3o","link":"https:\/\/noticiasribeiraopreto.com.br\/index.php\/category\/noticias-de-ribeirao-preto-sp-e-regiao-ismael-colosi\/"},"img":{"alt_text":"","src":"https:\/\/i0.wp.com\/noticiasribeiraopreto.com.br\/wp-content\/uploads\/2026\/04\/28-out-2025-esquerdogata1-scaled.jpg?fit=1200%2C712&ssl=1&resize=350%2C200","width":350,"height":200,"srcset":"https:\/\/i0.wp.com\/noticiasribeiraopreto.com.br\/wp-content\/uploads\/2026\/04\/28-out-2025-esquerdogata1-scaled.jpg?fit=1200%2C712&ssl=1&resize=350%2C200 1x, https:\/\/i0.wp.com\/noticiasribeiraopreto.com.br\/wp-content\/uploads\/2026\/04\/28-out-2025-esquerdogata1-scaled.jpg?fit=1200%2C712&ssl=1&resize=525%2C300 1.5x, https:\/\/i0.wp.com\/noticiasribeiraopreto.com.br\/wp-content\/uploads\/2026\/04\/28-out-2025-esquerdogata1-scaled.jpg?fit=1200%2C712&ssl=1&resize=700%2C400 2x, https:\/\/i0.wp.com\/noticiasribeiraopreto.com.br\/wp-content\/uploads\/2026\/04\/28-out-2025-esquerdogata1-scaled.jpg?fit=1200%2C712&ssl=1&resize=1050%2C600 3x"},"classes":[]}],"jetpack_sharing_enabled":true,"jetpack_shortlink":"https:\/\/wp.me\/peQAOb-kBv","_links":{"self":[{"href":"https:\/\/noticiasribeiraopreto.com.br\/index.php\/wp-json\/wp\/v2\/posts\/79205","targetHints":{"allow":["GET"]}}],"collection":[{"href":"https:\/\/noticiasribeiraopreto.com.br\/index.php\/wp-json\/wp\/v2\/posts"}],"about":[{"href":"https:\/\/noticiasribeiraopreto.com.br\/index.php\/wp-json\/wp\/v2\/types\/post"}],"author":[{"embeddable":true,"href":"https:\/\/noticiasribeiraopreto.com.br\/index.php\/wp-json\/wp\/v2\/users\/1"}],"replies":[{"embeddable":true,"href":"https:\/\/noticiasribeiraopreto.com.br\/index.php\/wp-json\/wp\/v2\/comments?post=79205"}],"version-history":[{"count":0,"href":"https:\/\/noticiasribeiraopreto.com.br\/index.php\/wp-json\/wp\/v2\/posts\/79205\/revisions"}],"wp:featuredmedia":[{"embeddable":true,"href":"https:\/\/noticiasribeiraopreto.com.br\/index.php\/wp-json\/wp\/v2\/media\/79206"}],"wp:attachment":[{"href":"https:\/\/noticiasribeiraopreto.com.br\/index.php\/wp-json\/wp\/v2\/media?parent=79205"}],"wp:term":[{"taxonomy":"category","embeddable":true,"href":"https:\/\/noticiasribeiraopreto.com.br\/index.php\/wp-json\/wp\/v2\/categories?post=79205"},{"taxonomy":"post_tag","embeddable":true,"href":"https:\/\/noticiasribeiraopreto.com.br\/index.php\/wp-json\/wp\/v2\/tags?post=79205"}],"curies":[{"name":"wp","href":"https:\/\/api.w.org\/{rel}","templated":true}]}}