{"id":79207,"date":"2025-10-27T12:39:23","date_gmt":"2025-10-27T15:39:23","guid":{"rendered":"https:\/\/noticiasribeiraopreto.com.br\/index.php\/2025\/10\/27\/nayane-ramos-e-eleita-miss-comerciaria-2025\/"},"modified":"2025-10-27T12:39:23","modified_gmt":"2025-10-27T15:39:23","slug":"nayane-ramos-e-eleita-miss-comerciaria-2025","status":"publish","type":"post","link":"https:\/\/noticiasribeiraopreto.com.br\/index.php\/2025\/10\/27\/nayane-ramos-e-eleita-miss-comerciaria-2025\/","title":{"rendered":"Nayane Ramos \u00e9 eleita Miss Comerci\u00e1ria 2025"},"content":{"rendered":"<p> <br \/>\n<\/p>\n<div>\n<p><em>Final aconteceu no \u00faltimo s\u00e1bado, 25, em evento que contou com a presen\u00e7a de quase 600 pessoas, no Clube dos Comerci\u00e1rios<\/em><\/p>\n<p>A vendedora e analista de marketing da R&amp;K Jeans, Nayane Marques Ramos (@nayane_ramoss), de 23 anos, foi a grande vencedora da 27\u00aa. edi\u00e7\u00e3o do concurso Miss Comerci\u00e1ria 2025 (@misscomerciariarp). A jovem baiana natural de Paramirim (Caturama), levou o pr\u00eamio de R$ 6.000,00 e uma viagem para Riviera de S\u00e3o Louren\u00e7o, oferecida pela Darcy Silveira Excurs\u00f5es. A final do concurso aconteceu no \u00faltimo s\u00e1bado (25), na sede do Clube dos Comerci\u00e1rios, no Parque S\u00e3o Sebasti\u00e3o em Ribeir\u00e3o Preto. A Recepcionista da Euro Renault, Taciany Oliveira, 25 anos, ficou em segundo lugar com um pr\u00eamio de R$ 3.300,00; a Assistente de Vendas da Atri Comercial Ltda., Esther Silva, 22 anos, ficou em 3\u00ba. Lugar, com um pr\u00eamio de R$ 2.750,00 e, por fim, a vendedora da Leroy Merlin, Dalileia Coelho, 39 anos, ficou com o t\u00edtulo de Miss Simpatia (eleita entre as pr\u00f3prias candidatas) e levou o pr\u00eamio de R$ 1.150,00.<\/p>\n<figure id=\"attachment_444292\" aria-describedby=\"caption-attachment-444292\" style=\"width: 1170px\" class=\"wp-caption alignnone\"><img data-recalc-dims=\"1\" loading=\"lazy\" decoding=\"async\" class=\"size-full wp-image-444292 lazyload\" src=\"https:\/\/i0.wp.com\/www.tribunaribeirao.com.br\/wp-content\/uploads\/2025\/10\/02-Miss-25-scaled.jpeg?resize=1170%2C780&#038;ssl=1\" alt=\"\" width=\"1170\" height=\"780\" srcset=\"https:\/\/www.tribunaribeirao.com.br\/wp-content\/uploads\/2025\/10\/02-Miss-25-scaled.jpeg 1170w, https:\/\/www.tribunaribeirao.com.br\/wp-content\/uploads\/2025\/10\/02-Miss-25-300x200.jpeg 300w, https:\/\/www.tribunaribeirao.com.br\/wp-content\/uploads\/2025\/10\/02-Miss-25-1024x682.jpeg 1024w, https:\/\/www.tribunaribeirao.com.br\/wp-content\/uploads\/2025\/10\/02-Miss-25-768x512.jpeg 768w, https:\/\/www.tribunaribeirao.com.br\/wp-content\/uploads\/2025\/10\/02-Miss-25-1536x1023.jpeg 1536w, https:\/\/www.tribunaribeirao.com.br\/wp-content\/uploads\/2025\/10\/02-Miss-25-480x320.jpeg 480w, https:\/\/www.tribunaribeirao.com.br\/wp-content\/uploads\/2025\/10\/02-Miss-25-280x186.jpeg 280w, https:\/\/www.tribunaribeirao.com.br\/wp-content\/uploads\/2025\/10\/02-Miss-25-960x640.jpeg 960w, https:\/\/www.tribunaribeirao.com.br\/wp-content\/uploads\/2025\/10\/02-Miss-25-600x400.jpeg 600w, https:\/\/www.tribunaribeirao.com.br\/wp-content\/uploads\/2025\/10\/02-Miss-25-585x390.jpeg 585w\" data-sizes=\"(max-width: 1170px) 100vw, 1170px\" style=\"--smush-placeholder-width: 1170px; --smush-placeholder-aspect-ratio: 1170\/780;\"\/><figcaption id=\"caption-attachment-444292\" class=\"wp-caption-text\">O desfile da campe\u00e3 Nayane Ramos \u2013 Foto Max Mesquita<\/figcaption><\/figure>\n<p>A faixa de Miss Comerci\u00e1ria 2025 para Nayane Ramos foi passada por L\u00eddia Natania Geraldo Pinto, vencedora do concurso de 2024, que tamb\u00e9m fez um desfile de gala com a coroa e o manto de Miss. A equipe do Savegnago foi eleita como a torcida mais animada e levou um trof\u00e9u da organiza\u00e7\u00e3o do evento. \u201c\u00c9 uma honra e uma alegria muito grande promover esse concurso que faz parte da hist\u00f3ria da nossa entidade\u201d, comemora Regina Pessoti, presidente do Sincomerci\u00e1rios. O evento envolve toda a base do Sindicato, com 14 cidades.<\/p>\n<p>Em Ribeir\u00e3o Preto h\u00e1 quatro anos (veio para trabalhar e estudar), Nayane Ramos faz Biomedicina na UNIP e disse que vai investir o dinheiro do pr\u00eamio em alguma aplica\u00e7\u00e3o para, depois que se formar, abrir uma cl\u00ednica na \u00e1rea de est\u00e9tica. Ela termina a faculdade em 2026. Esta foi a 3\u00aa. vez que Nayane participa do concurso. Em 2023 foi a campe\u00e3 de curtidas no Instagram, (em uma iniciativa do jornal <strong>Tribuna Ribeir\u00e3o<\/strong>); em 2024 ficou em 3\u00ba. Lugar e este ano finalmente veio o t\u00edtulo maior do concurso.<\/p>\n<figure id=\"attachment_444302\" aria-describedby=\"caption-attachment-444302\" style=\"width: 1170px\" class=\"wp-caption alignnone\"><img data-recalc-dims=\"1\" loading=\"lazy\" decoding=\"async\" class=\"wp-image-444302 size-full lazyload\" src=\"https:\/\/i0.wp.com\/www.tribunaribeirao.com.br\/wp-content\/uploads\/2025\/10\/07-Miss-25-Autoridades-1-scaled.jpeg?resize=1170%2C780&#038;ssl=1\" alt=\"\" width=\"1170\" height=\"780\" srcset=\"https:\/\/www.tribunaribeirao.com.br\/wp-content\/uploads\/2025\/10\/07-Miss-25-Autoridades-1-scaled.jpeg 1170w, https:\/\/www.tribunaribeirao.com.br\/wp-content\/uploads\/2025\/10\/07-Miss-25-Autoridades-1-300x200.jpeg 300w, https:\/\/www.tribunaribeirao.com.br\/wp-content\/uploads\/2025\/10\/07-Miss-25-Autoridades-1-1024x682.jpeg 1024w, https:\/\/www.tribunaribeirao.com.br\/wp-content\/uploads\/2025\/10\/07-Miss-25-Autoridades-1-768x512.jpeg 768w, https:\/\/www.tribunaribeirao.com.br\/wp-content\/uploads\/2025\/10\/07-Miss-25-Autoridades-1-1536x1023.jpeg 1536w, https:\/\/www.tribunaribeirao.com.br\/wp-content\/uploads\/2025\/10\/07-Miss-25-Autoridades-1-480x320.jpeg 480w, https:\/\/www.tribunaribeirao.com.br\/wp-content\/uploads\/2025\/10\/07-Miss-25-Autoridades-1-280x186.jpeg 280w, https:\/\/www.tribunaribeirao.com.br\/wp-content\/uploads\/2025\/10\/07-Miss-25-Autoridades-1-960x640.jpeg 960w, https:\/\/www.tribunaribeirao.com.br\/wp-content\/uploads\/2025\/10\/07-Miss-25-Autoridades-1-600x400.jpeg 600w, https:\/\/www.tribunaribeirao.com.br\/wp-content\/uploads\/2025\/10\/07-Miss-25-Autoridades-1-585x390.jpeg 585w\" data-sizes=\"(max-width: 1170px) 100vw, 1170px\" style=\"--smush-placeholder-width: 1170px; --smush-placeholder-aspect-ratio: 1170\/780;\"\/><figcaption id=\"caption-attachment-444302\" class=\"wp-caption-text\">As vencedoras com a presidente do Sincomerci\u00e1rios, Regina Pessoti; Sandra Brandani (Acirp); Paulo Lopes (Sincovarp) e Anderson Silva (KA2RP Eventos)<\/figcaption><\/figure>\n<p><strong>Presen\u00e7as ilustres<\/strong><\/p>\n<p>A festa desse ano foi abrilhantada com as presen\u00e7as do prefeito municipal de Ribeir\u00e3o Preto, Ricardo Silva; do vice-prefeito, Alessandro Maraca; de Rafael Silva J\u00fanior, representando o deputado estadual, Rafael Silva; da assessora parlamentar P\u00e2mela Marchi<strong>, <\/strong>representando o presidente da Fecomerci\u00e1rios e deputado federal, Luiz Carlos Motta e da vereadora Perla M\u00fcller.<\/p>\n<figure id=\"attachment_444299\" aria-describedby=\"caption-attachment-444299\" style=\"width: 1170px\" class=\"wp-caption alignnone\"><img data-recalc-dims=\"1\" loading=\"lazy\" decoding=\"async\" class=\"wp-image-444299 size-full lazyload\" src=\"https:\/\/i0.wp.com\/www.tribunaribeirao.com.br\/wp-content\/uploads\/2025\/10\/08-Miss-25-prefeito-scaled.jpeg?resize=1170%2C780&#038;ssl=1\" alt=\"\" width=\"1170\" height=\"780\" srcset=\"https:\/\/www.tribunaribeirao.com.br\/wp-content\/uploads\/2025\/10\/08-Miss-25-prefeito-scaled.jpeg 1170w, https:\/\/www.tribunaribeirao.com.br\/wp-content\/uploads\/2025\/10\/08-Miss-25-prefeito-300x200.jpeg 300w, https:\/\/www.tribunaribeirao.com.br\/wp-content\/uploads\/2025\/10\/08-Miss-25-prefeito-1024x682.jpeg 1024w, https:\/\/www.tribunaribeirao.com.br\/wp-content\/uploads\/2025\/10\/08-Miss-25-prefeito-768x512.jpeg 768w, https:\/\/www.tribunaribeirao.com.br\/wp-content\/uploads\/2025\/10\/08-Miss-25-prefeito-1536x1023.jpeg 1536w, https:\/\/www.tribunaribeirao.com.br\/wp-content\/uploads\/2025\/10\/08-Miss-25-prefeito-480x320.jpeg 480w, https:\/\/www.tribunaribeirao.com.br\/wp-content\/uploads\/2025\/10\/08-Miss-25-prefeito-280x186.jpeg 280w, https:\/\/www.tribunaribeirao.com.br\/wp-content\/uploads\/2025\/10\/08-Miss-25-prefeito-960x640.jpeg 960w, https:\/\/www.tribunaribeirao.com.br\/wp-content\/uploads\/2025\/10\/08-Miss-25-prefeito-600x400.jpeg 600w, https:\/\/www.tribunaribeirao.com.br\/wp-content\/uploads\/2025\/10\/08-Miss-25-prefeito-585x390.jpeg 585w\" data-sizes=\"(max-width: 1170px) 100vw, 1170px\" style=\"--smush-placeholder-width: 1170px; --smush-placeholder-aspect-ratio: 1170\/780;\"\/><figcaption id=\"caption-attachment-444299\" class=\"wp-caption-text\">O prefeito Ricardo Silva discursa com Regina Pessoti; P\u00e2mela Marchi (representando Luiz Carlos Motta \u2013 Fecomerci\u00e1rios); vice-prefeito, Alessandro Maraca, vereadora Perla M\u00fcller e Rafael Silva Junior, representando o deputado federal, Rafael Silva<\/figcaption><\/figure>\n<p>O tradicional concurso Miss Comerci\u00e1ria, que prestigia as trabalhadoras do com\u00e9rcio de Ribeir\u00e3o Preto e regi\u00e3o, \u00e9 realizado pelo Sincomerci\u00e1rios (Sindicato dos Empregados no Com\u00e9rcio de RP); teve organiza\u00e7\u00e3o da KA2RP Eventos e contou com o apoio da Fecomerci\u00e1rios e da Secretaria Municipal da Cultura e Turismo de Ribeir\u00e3o Preto.<\/p>\n<p>O \u201cMiss Comerci\u00e1ria\u201d tamb\u00e9m integra o calend\u00e1rio oficial de eventos da cidade, de acordo com a Lei N\u00ba 14.860, de 15 de setembro de 2023, de iniciativa do ent\u00e3o vereador e atual vice-prefeito de Ribeir\u00e3o Preto, Alessandro Maraca (MDB).<\/p>\n<p>Este ano, o concurso bateu recorde de inscri\u00e7\u00f5es com 36 candidatas para disputar 12 vagas para a grande final. As finalistas foram escolhidas por um corpo renomado de jurados de Ribeir\u00e3o Preto, sendo avaliadas nos quesitos postura, beleza pl\u00e1stica e apresenta\u00e7\u00e3o pessoal. Participaram do pr\u00e9-j\u00fari, Amanda Francine de Oliveira Carvalhaes \u2013 Diretora-Administrativa da Sicoob\/Cooperac; Dulce Neves \u2013 Ex-modelo, jornalista e produtora cultural; Juliana Pagotto Gasparini \u2013 Gerente de Marketing do Shopping Santa \u00darsula; Maria Eug\u00eania Biffi \u2013 Advogada e Secret\u00e1ria da Cultura e Turismo de Ribeir\u00e3o Preto; Od\u00f4nio dos Anjos \u2013 Empres\u00e1rio e produtor cultural; Paulo C\u00e9sar Garcia Lopes \u2013 Presidente do Sincovarp; Ricardo Carvalho \u2013 Empres\u00e1rio e organizador do Pr\u00eamio Recall de Cria\u00e7\u00e3o Publicit\u00e1ria e Valdo Barreto \u2013 Presidente do Sindicato dos Profissionais de Beleza e Est\u00e9tica de Ribeir\u00e3o Preto e Regi\u00e3o.<\/p>\n<p><strong>Parceiros<\/strong><\/p>\n<p>O Miss Comerci\u00e1ria 2025 contou com o patroc\u00ednio do Sindicato do Com\u00e9rcio Varejista (Sincovarp); C\u00e2mara dos Dirigentes Lojistas (CDL); Shopping Santa \u00darsula; Sindicato dos Profissionais de Beleza e Est\u00e9tica de Ribeir\u00e3o Preto e Regi\u00e3o (SindBeleza) e Sicoob-Cooperac. O concurso teve a coordena\u00e7\u00e3o t\u00e9cnica do Studium Carla Petroni e, tamb\u00e9m contou com o apoio dos parceiros comerciais, Associa\u00e7\u00e3o Comercial e Industrial de Ribeir\u00e3o Preto; Carol Frigeri Cosm\u00e9ticos e Acess\u00f3rios; Chlo\u00e9 Acess\u00f3rios; Darcy Silveira Excurs\u00f5es; Flowers Floricultura; , Marco Boni Cosm\u00e9ticos; InVoga Cosm\u00e9ticos; Perfumaria Goya; Espazio Di Belezza e We Pink Novo Shopping.<\/p>\n<p><img data-recalc-dims=\"1\" loading=\"lazy\" decoding=\"async\" class=\"alignnone size-full wp-image-444301 lazyload\" src=\"https:\/\/i0.wp.com\/www.tribunaribeirao.com.br\/wp-content\/uploads\/2025\/10\/05-Miss-25-1-scaled.jpeg?resize=1170%2C780&#038;ssl=1\" alt=\"\" width=\"1170\" height=\"780\" srcset=\"https:\/\/www.tribunaribeirao.com.br\/wp-content\/uploads\/2025\/10\/05-Miss-25-1-scaled.jpeg 1170w, https:\/\/www.tribunaribeirao.com.br\/wp-content\/uploads\/2025\/10\/05-Miss-25-1-300x200.jpeg 300w, https:\/\/www.tribunaribeirao.com.br\/wp-content\/uploads\/2025\/10\/05-Miss-25-1-1024x682.jpeg 1024w, https:\/\/www.tribunaribeirao.com.br\/wp-content\/uploads\/2025\/10\/05-Miss-25-1-768x512.jpeg 768w, https:\/\/www.tribunaribeirao.com.br\/wp-content\/uploads\/2025\/10\/05-Miss-25-1-1536x1023.jpeg 1536w, https:\/\/www.tribunaribeirao.com.br\/wp-content\/uploads\/2025\/10\/05-Miss-25-1-480x320.jpeg 480w, https:\/\/www.tribunaribeirao.com.br\/wp-content\/uploads\/2025\/10\/05-Miss-25-1-280x186.jpeg 280w, https:\/\/www.tribunaribeirao.com.br\/wp-content\/uploads\/2025\/10\/05-Miss-25-1-960x640.jpeg 960w, https:\/\/www.tribunaribeirao.com.br\/wp-content\/uploads\/2025\/10\/05-Miss-25-1-600x400.jpeg 600w, https:\/\/www.tribunaribeirao.com.br\/wp-content\/uploads\/2025\/10\/05-Miss-25-1-585x390.jpeg 585w\" data-sizes=\"(max-width: 1170px) 100vw, 1170px\" style=\"--smush-placeholder-width: 1170px; --smush-placeholder-aspect-ratio: 1170\/780;\"\/><\/p>\n<p><img data-recalc-dims=\"1\" loading=\"lazy\" decoding=\"async\" class=\"alignnone size-full wp-image-444300 lazyload\" src=\"https:\/\/i0.wp.com\/www.tribunaribeirao.com.br\/wp-content\/uploads\/2025\/10\/03-Miss-25-1-scaled.jpeg?resize=1173%2C780&#038;ssl=1\" alt=\"\" width=\"1173\" height=\"780\" srcset=\"https:\/\/www.tribunaribeirao.com.br\/wp-content\/uploads\/2025\/10\/03-Miss-25-1-scaled.jpeg 1173w, https:\/\/www.tribunaribeirao.com.br\/wp-content\/uploads\/2025\/10\/03-Miss-25-1-300x200.jpeg 300w, https:\/\/www.tribunaribeirao.com.br\/wp-content\/uploads\/2025\/10\/03-Miss-25-1-1024x681.jpeg 1024w, https:\/\/www.tribunaribeirao.com.br\/wp-content\/uploads\/2025\/10\/03-Miss-25-1-768x511.jpeg 768w, https:\/\/www.tribunaribeirao.com.br\/wp-content\/uploads\/2025\/10\/03-Miss-25-1-1536x1021.jpeg 1536w, https:\/\/www.tribunaribeirao.com.br\/wp-content\/uploads\/2025\/10\/03-Miss-25-1-480x320.jpeg 480w, https:\/\/www.tribunaribeirao.com.br\/wp-content\/uploads\/2025\/10\/03-Miss-25-1-280x186.jpeg 280w, https:\/\/www.tribunaribeirao.com.br\/wp-content\/uploads\/2025\/10\/03-Miss-25-1-960x638.jpeg 960w, https:\/\/www.tribunaribeirao.com.br\/wp-content\/uploads\/2025\/10\/03-Miss-25-1-602x400.jpeg 602w, https:\/\/www.tribunaribeirao.com.br\/wp-content\/uploads\/2025\/10\/03-Miss-25-1-585x389.jpeg 585w\" data-sizes=\"(max-width: 1173px) 100vw, 1173px\" style=\"--smush-placeholder-width: 1173px; --smush-placeholder-aspect-ratio: 1173\/780;\"\/><\/p>\n<p><strong>Saiba quem foram as 12 finalistas:<\/strong><\/p>\n<p><strong>Adriele Fernandes <\/strong>\u2013 29 anos \u2013 Natural de Itaobim-MG \u2013 Operadora de loja \u2013 P\u00e3o de A\u00e7\u00facar Fi\u00fasa<\/p>\n<p><strong>Allana Mendes<\/strong> \u2013 19 anos \u2013 Natural de S\u00e3o Paulo\/SP \u2013 Vendedora \u2013 Via Veneto Roupas<\/p>\n<p><strong>Dalileia Coelho<\/strong> \u2013 39 anos \u2013 Natural de Jaboticabal\/SP \u2013 Vendedora \u2013 Leroy Merlin<\/p>\n<p><strong>Daniella Soltovski<\/strong> \u2013 20 anos Natural de Ribeir\u00e3o Preto\/SP \u2013 Auxiliar Financeiro \u2013 Carrefour<\/p>\n<p><strong>Deborah Aquino<\/strong> \u2013 33 anos \u2013 Natural de Ribeir\u00e3o Preto\/SP \u2013 Assessora \u2013 Leroy Merlin<\/p>\n<p><strong>Esther Silva<\/strong> \u2013 22 anos \u2013 Natural de Ribeir\u00e3o Preto\/SP \u2013 Assistente de Vendas \u2013 Atri Comercial Ltda.<\/p>\n<p><strong>Karolayne Soares<\/strong> \u2013 19 anos \u2013 Assistente de Administra\u00e7\u00e3o \u2013 Marvitubos<\/p>\n<p><strong>Luana Pedrini<\/strong> \u2013 22 anos \u2013 Natural de Ribeir\u00e3o Preto\/SP \u2013 Auxiliar de RH \u2013 Sendas Distribuidora<\/p>\n<p><strong>Maria Bastos<\/strong> \u2013 21 anos \u2013 Natural de Mococa\/SP \u2013 Operadora de Caixa \u2013 Savegnago<\/p>\n<p><strong>Nayane Marques<\/strong> \u2013 23 anos \u2013 Natural de Paramirim\/BA \u2013 Vendedora e Marketing \u2013 REK Jeans<\/p>\n<p><strong>Paloma Dantas<\/strong> \u2013 26 anos \u2013 Natural de Ribeir\u00e3o Preto\/SP \u2013 Analista de Benef\u00edcios \u2013 Euro Renault Ve\u00edculos<\/p>\n<p><strong>Taciany Oliveira<\/strong> \u2013 25 anos \u2013 Recepcionista \u2013 Euro Renault<\/p>\n<p><img data-recalc-dims=\"1\" loading=\"lazy\" decoding=\"async\" class=\"alignnone size-full wp-image-444297 lazyload\" src=\"https:\/\/i0.wp.com\/www.tribunaribeirao.com.br\/wp-content\/uploads\/2025\/10\/06-Miss-25-juri-scaled.jpeg?resize=1170%2C780&#038;ssl=1\" alt=\"\" width=\"1170\" height=\"780\" srcset=\"https:\/\/www.tribunaribeirao.com.br\/wp-content\/uploads\/2025\/10\/06-Miss-25-juri-scaled.jpeg 1170w, https:\/\/www.tribunaribeirao.com.br\/wp-content\/uploads\/2025\/10\/06-Miss-25-juri-300x200.jpeg 300w, https:\/\/www.tribunaribeirao.com.br\/wp-content\/uploads\/2025\/10\/06-Miss-25-juri-1024x682.jpeg 1024w, https:\/\/www.tribunaribeirao.com.br\/wp-content\/uploads\/2025\/10\/06-Miss-25-juri-768x512.jpeg 768w, https:\/\/www.tribunaribeirao.com.br\/wp-content\/uploads\/2025\/10\/06-Miss-25-juri-1536x1023.jpeg 1536w, https:\/\/www.tribunaribeirao.com.br\/wp-content\/uploads\/2025\/10\/06-Miss-25-juri-480x320.jpeg 480w, https:\/\/www.tribunaribeirao.com.br\/wp-content\/uploads\/2025\/10\/06-Miss-25-juri-280x186.jpeg 280w, https:\/\/www.tribunaribeirao.com.br\/wp-content\/uploads\/2025\/10\/06-Miss-25-juri-960x640.jpeg 960w, https:\/\/www.tribunaribeirao.com.br\/wp-content\/uploads\/2025\/10\/06-Miss-25-juri-600x400.jpeg 600w, https:\/\/www.tribunaribeirao.com.br\/wp-content\/uploads\/2025\/10\/06-Miss-25-juri-585x390.jpeg 585w\" data-sizes=\"(max-width: 1170px) 100vw, 1170px\" style=\"--smush-placeholder-width: 1170px; --smush-placeholder-aspect-ratio: 1170\/780;\"\/><\/p>\n<p><strong>J\u00fari de peso<\/strong><\/p>\n<p>O j\u00fari do 27\u00ba. Miss Comerci\u00e1ria 2025 foi presidido pelo presidente do Sincovarp e da C\u00e2mara de Dirigentes Lojistas, Paulo Cesar Garcia Lopes. A miss\u00e3o foi completada pelo presidente do SindTur, Aguinaldo Silva; pela diretora da Marco Boni Cosm\u00e9ticos, Vladia Zioti; pelo gerente da PA Centro da Sicoob\/Cooperac, Marcelo Borges; Subgerente da Perfumaria Goya, Nathalia Raissa dos Santos Santana; presidente da Associa\u00e7\u00e3o Comercial e Industrial de Ribeir\u00e3o Preto, Sandra Brandani Piscinato; pela propriet\u00e1ria do sal\u00e3o Spazio Di Belezza, Kellen Mirantos; pelo presidente do SindBeleza, Valdo Barreto e pela analista de Marketing do ShoppingSanta\u00darsula, Paula Bianca de Oliveira.<\/p>\n<figure id=\"attachment_444307\" aria-describedby=\"caption-attachment-444307\" style=\"width: 1200px\" class=\"wp-caption alignnone\"><img data-recalc-dims=\"1\" loading=\"lazy\" decoding=\"async\" class=\"wp-image-444307 size-full lazyload\" src=\"https:\/\/i0.wp.com\/www.tribunaribeirao.com.br\/wp-content\/uploads\/2025\/10\/10-Miss-25-Salao-Lotado-foto-e-prado-1-scaled.jpeg?resize=1200%2C675&#038;ssl=1\" alt=\"\" width=\"1200\" height=\"675\" srcset=\"https:\/\/www.tribunaribeirao.com.br\/wp-content\/uploads\/2025\/10\/10-Miss-25-Salao-Lotado-foto-e-prado-1-scaled.jpeg 1200w, https:\/\/www.tribunaribeirao.com.br\/wp-content\/uploads\/2025\/10\/10-Miss-25-Salao-Lotado-foto-e-prado-1-300x169.jpeg 300w, https:\/\/www.tribunaribeirao.com.br\/wp-content\/uploads\/2025\/10\/10-Miss-25-Salao-Lotado-foto-e-prado-1-1024x576.jpeg 1024w, https:\/\/www.tribunaribeirao.com.br\/wp-content\/uploads\/2025\/10\/10-Miss-25-Salao-Lotado-foto-e-prado-1-768x432.jpeg 768w, https:\/\/www.tribunaribeirao.com.br\/wp-content\/uploads\/2025\/10\/10-Miss-25-Salao-Lotado-foto-e-prado-1-1536x864.jpeg 1536w, https:\/\/www.tribunaribeirao.com.br\/wp-content\/uploads\/2025\/10\/10-Miss-25-Salao-Lotado-foto-e-prado-1-960x540.jpeg 960w, https:\/\/www.tribunaribeirao.com.br\/wp-content\/uploads\/2025\/10\/10-Miss-25-Salao-Lotado-foto-e-prado-1-711x400.jpeg 711w, https:\/\/www.tribunaribeirao.com.br\/wp-content\/uploads\/2025\/10\/10-Miss-25-Salao-Lotado-foto-e-prado-1-585x329.jpeg 585w\" data-sizes=\"(max-width: 1200px) 100vw, 1200px\" style=\"--smush-placeholder-width: 1200px; --smush-placeholder-aspect-ratio: 1200\/675;\"\/><figcaption id=\"caption-attachment-444307\" class=\"wp-caption-text\">A presidente do Sincomerci\u00e1rios, Regina Pessoti; o vice-presidente Oscar Gon\u00e7alves e a assessora parlamentar P\u00e2mela Marchi, representante o presidente da Fecomerci\u00e1rios, Luiz Carlos Motta<\/figcaption><\/figure>\n<p><img data-recalc-dims=\"1\" decoding=\"async\" class=\"alignnone size-full wp-image-444306\" src=\"https:\/\/i0.wp.com\/www.tribunaribeirao.com.br\/wp-content\/uploads\/2025\/10\/10-Miss-25-Salao-Lotado-foto-e-prado.heic?ssl=1\" alt=\"\"\/><\/p>\n<p><strong>Conhe\u00e7a mais da Miss Comerci\u00e1ria 2025 \u2013 Nayane Marques Ramos<\/strong><\/p>\n<p><strong>Nome: <\/strong>Nayane Marques Ramos<\/p>\n<p><strong>Empresa: <\/strong>R&amp;K Jeans<\/p>\n<p><strong>Data de Nascimento: <\/strong>03\/10\/2002<\/p>\n<p><strong>Naturalidade:<\/strong> Paramirim-BA<\/p>\n<p><strong>Idade: <\/strong>23 Anos<\/p>\n<p><strong>Peso\/Altura: <\/strong>60kg \/ 1,66m<\/p>\n<p><strong>Signo: <\/strong>Libra<\/p>\n<p><strong>Sonho: <\/strong>Ter uma excelente carreira profissional<\/p>\n<p><strong>Cor preferida: <\/strong>Azul<\/p>\n<p><strong>Hobby:<\/strong> Maquiar e ir para a Academia<\/p>\n<p><strong>Estilo musical preferido:<\/strong> Sertanejo<\/p>\n<p><!-- CONTENT END 3 -->\n<\/div>\n<p><br \/>\n<br \/><a href=\"https:\/\/www.tribunaribeirao.com.br\/nayane-ramos-e-eleita-miss-comerciaria-2025\/\">Source link <\/a><\/p>\n","protected":false},"excerpt":{"rendered":"<p>Final aconteceu no \u00faltimo s\u00e1bado, 25, em evento que contou com a presen\u00e7a de quase 600 pessoas, no Clube dos Comerci\u00e1rios A vendedora e analista&#8230;<\/p>\n","protected":false},"author":1,"featured_media":79208,"comment_status":"open","ping_status":"open","sticky":false,"template":"","format":"standard","meta":{"advanced_seo_description":"","jetpack_seo_html_title":"","jetpack_seo_noindex":false,"jetpack_post_was_ever_published":false,"_jetpack_newsletter_access":"","_jetpack_dont_email_post_to_subs":false,"_jetpack_newsletter_tier_id":0,"_jetpack_memberships_contains_paywalled_content":false,"_jetpack_memberships_contains_paid_content":false,"footnotes":"","jetpack_publicize_message":"","jetpack_publicize_feature_enabled":true,"jetpack_social_post_already_shared":true,"jetpack_social_options":{"image_generator_settings":{"template":"highway","default_image_id":0,"font":"","enabled":false},"version":2}},"categories":[11],"tags":[],"class_list":["post-79207","post","type-post","status-publish","format-standard","has-post-thumbnail","hentry","category-noticias-de-ribeirao-preto-sp-e-regiao-ismael-colosi"],"jetpack_publicize_connections":[],"jetpack_featured_media_url":"https:\/\/i0.wp.com\/noticiasribeiraopreto.com.br\/wp-content\/uploads\/2025\/10\/01-Miss-25-capa-scaled.jpeg?fit=1170%2C780&ssl=1","jetpack-related-posts":[{"id":79100,"url":"https:\/\/noticiasribeiraopreto.com.br\/index.php\/2025\/10\/24\/final-do-miss-comerciaria-2025-acontece-neste-sabado\/","url_meta":{"origin":79207,"position":0},"title":"Final do Miss Comerci\u00e1ria 2025 acontece neste s\u00e1bado","author":"noticiasribeiraopreto.com.br","date":"24 de October de 2025","format":false,"excerpt":"Concurso desse ano teve recorde de inscri\u00e7\u00f5es com 36 candidatas para 12 vagas finalistas O Clube dos Comerci\u00e1rios ser\u00e1 palco neste s\u00e1bado (25) da grande final do concurso \u201cMiss Comerci\u00e1ria 2025\u201d. Deoze finalistas disputam os t\u00edtulos de Miss Comerci\u00e1ria, 2\u00aa. Colocada, 3\u00aa. Colocada e Miss Simpatia (que \u00e9 eleita entre\u2026","rel":"","context":"In &quot;Not\u00edcias de Ribeir\u00e3o Preto-SP e Regi\u00e3o&quot;","block_context":{"text":"Not\u00edcias de Ribeir\u00e3o Preto-SP e Regi\u00e3o","link":"https:\/\/noticiasribeiraopreto.com.br\/index.php\/category\/noticias-de-ribeirao-preto-sp-e-regiao-ismael-colosi\/"},"img":{"alt_text":"","src":"https:\/\/i0.wp.com\/noticiasribeiraopreto.com.br\/wp-content\/uploads\/2025\/10\/Miss-Final-2024.jpeg?fit=1042%2C685&ssl=1&resize=350%2C200","width":350,"height":200,"srcset":"https:\/\/i0.wp.com\/noticiasribeiraopreto.com.br\/wp-content\/uploads\/2025\/10\/Miss-Final-2024.jpeg?fit=1042%2C685&ssl=1&resize=350%2C200 1x, https:\/\/i0.wp.com\/noticiasribeiraopreto.com.br\/wp-content\/uploads\/2025\/10\/Miss-Final-2024.jpeg?fit=1042%2C685&ssl=1&resize=525%2C300 1.5x, https:\/\/i0.wp.com\/noticiasribeiraopreto.com.br\/wp-content\/uploads\/2025\/10\/Miss-Final-2024.jpeg?fit=1042%2C685&ssl=1&resize=700%2C400 2x"},"classes":[]},{"id":76111,"url":"https:\/\/noticiasribeiraopreto.com.br\/index.php\/2025\/08\/22\/concurso-miss-comerciaria-2025-ja-tem-suas-12-finalistas\/","url_meta":{"origin":79207,"position":1},"title":"Concurso Miss Comerci\u00e1ria 2025 j\u00e1 tem suas 12 finalistas","author":"noticiasribeiraopreto.com.br","date":"22 de August de 2025","format":false,"excerpt":"Concurso desse ano foi super disputado, com 36 candidatas para 12 vagas Nesta sexta-feira (22) foram selecionadas as finalistas que v\u00e3o concorrer ao Miss Comerci\u00e1ria 2025. Este ano, o concurso bateu recorde de inscri\u00e7\u00f5es com 36 candidatas para disputar 12 vagas para a grande final. O evento que vai escolher\u2026","rel":"","context":"In &quot;Not\u00edcias de Ribeir\u00e3o Preto-SP e Regi\u00e3o&quot;","block_context":{"text":"Not\u00edcias de Ribeir\u00e3o Preto-SP e Regi\u00e3o","link":"https:\/\/noticiasribeiraopreto.com.br\/index.php\/category\/noticias-de-ribeirao-preto-sp-e-regiao-ismael-colosi\/"},"img":{"alt_text":"","src":"https:\/\/i0.wp.com\/noticiasribeiraopreto.com.br\/wp-content\/uploads\/2025\/08\/Miss.jpeg?fit=910%2C557&ssl=1&resize=350%2C200","width":350,"height":200,"srcset":"https:\/\/i0.wp.com\/noticiasribeiraopreto.com.br\/wp-content\/uploads\/2025\/08\/Miss.jpeg?fit=910%2C557&ssl=1&resize=350%2C200 1x, https:\/\/i0.wp.com\/noticiasribeiraopreto.com.br\/wp-content\/uploads\/2025\/08\/Miss.jpeg?fit=910%2C557&ssl=1&resize=525%2C300 1.5x, https:\/\/i0.wp.com\/noticiasribeiraopreto.com.br\/wp-content\/uploads\/2025\/08\/Miss.jpeg?fit=910%2C557&ssl=1&resize=700%2C400 2x"},"classes":[]},{"id":85309,"url":"https:\/\/noticiasribeiraopreto.com.br\/index.php\/2026\/04\/28\/estao-abertas-as-inscricoes-para-o-28o-concurso-miss-comerciaria-de-ribeirao-preto\/","url_meta":{"origin":79207,"position":2},"title":"Est\u00e3o abertas as inscri\u00e7\u00f5es para o 28\u00ba Concurso Miss Comerci\u00e1ria de Ribeir\u00e3o Preto","author":"noticiasribeiraopreto.com.br","date":"28 de April de 2026","format":false,"excerpt":"\r \r \r 28 de abril de 2026 13:28 \r Compartilhar0 No ano passado o concurso teve o maior n\u00famero de inscritos de sua hist\u00f3ria, com 36 candidatas J\u00e1 est\u00e3o abertas as inscri\u00e7\u00f5es para o tradicional Concurso Miss Comerci\u00e1ria de Ribeir\u00e3o Preto, que chega em 2026 \u00e0 sua 28\u00aa edi\u00e7\u00e3o\u2026","rel":"","context":"In &quot;Not\u00edcias de Ribeir\u00e3o Preto-SP e Regi\u00e3o&quot;","block_context":{"text":"Not\u00edcias de Ribeir\u00e3o Preto-SP e Regi\u00e3o","link":"https:\/\/noticiasribeiraopreto.com.br\/index.php\/category\/noticias-de-ribeirao-preto-sp-e-regiao-ismael-colosi\/"},"img":{"alt_text":"","src":"https:\/\/i0.wp.com\/noticiasribeiraopreto.com.br\/wp-content\/uploads\/2026\/04\/09-Miss-25-Desfile-de-campea-scaled.jpeg?fit=1200%2C800&ssl=1&resize=350%2C200","width":350,"height":200,"srcset":"https:\/\/i0.wp.com\/noticiasribeiraopreto.com.br\/wp-content\/uploads\/2026\/04\/09-Miss-25-Desfile-de-campea-scaled.jpeg?fit=1200%2C800&ssl=1&resize=350%2C200 1x, https:\/\/i0.wp.com\/noticiasribeiraopreto.com.br\/wp-content\/uploads\/2026\/04\/09-Miss-25-Desfile-de-campea-scaled.jpeg?fit=1200%2C800&ssl=1&resize=525%2C300 1.5x, https:\/\/i0.wp.com\/noticiasribeiraopreto.com.br\/wp-content\/uploads\/2026\/04\/09-Miss-25-Desfile-de-campea-scaled.jpeg?fit=1200%2C800&ssl=1&resize=700%2C400 2x, https:\/\/i0.wp.com\/noticiasribeiraopreto.com.br\/wp-content\/uploads\/2026\/04\/09-Miss-25-Desfile-de-campea-scaled.jpeg?fit=1200%2C800&ssl=1&resize=1050%2C600 3x"},"classes":[]},{"id":77851,"url":"https:\/\/noticiasribeiraopreto.com.br\/index.php\/2025\/09\/26\/finalistas-do-miss-comerciaria-sao-recebidas-pelo-vice-prefeito-alessandro-maraca\/","url_meta":{"origin":79207,"position":3},"title":"Finalistas do Miss Comerci\u00e1ria s\u00e3o recebidas pelo vice-prefeito Alessandro Maraca","author":"noticiasribeiraopreto.com.br","date":"26 de September de 2025","format":false,"excerpt":"26 de setembro de 2025 16:062 Compartilhar0 As 12 finalistas do Concurso Miss Comerci\u00e1ria Ribeir\u00e3o Preto 2025 foram recebidas na manh\u00e3 desta quinta-feira (25) pelo vice-prefeito de Ribeir\u00e3o Preto, Alessandro Maraca (MDB), na sede da Prefeitura. A recep\u00e7\u00e3o simbolizou o reconhecimento da import\u00e2ncia do concurso, que valoriza as trabalhadoras do\u2026","rel":"","context":"In &quot;Not\u00edcias de Ribeir\u00e3o Preto-SP e Regi\u00e3o&quot;","block_context":{"text":"Not\u00edcias de Ribeir\u00e3o Preto-SP e Regi\u00e3o","link":"https:\/\/noticiasribeiraopreto.com.br\/index.php\/category\/noticias-de-ribeirao-preto-sp-e-regiao-ismael-colosi\/"},"img":{"alt_text":"","src":"https:\/\/i0.wp.com\/noticiasribeiraopreto.com.br\/wp-content\/uploads\/2025\/09\/01-Misses-Prefeitura-scaled.jpg?fit=1200%2C742&ssl=1&resize=350%2C200","width":350,"height":200,"srcset":"https:\/\/i0.wp.com\/noticiasribeiraopreto.com.br\/wp-content\/uploads\/2025\/09\/01-Misses-Prefeitura-scaled.jpg?fit=1200%2C742&ssl=1&resize=350%2C200 1x, https:\/\/i0.wp.com\/noticiasribeiraopreto.com.br\/wp-content\/uploads\/2025\/09\/01-Misses-Prefeitura-scaled.jpg?fit=1200%2C742&ssl=1&resize=525%2C300 1.5x, https:\/\/i0.wp.com\/noticiasribeiraopreto.com.br\/wp-content\/uploads\/2025\/09\/01-Misses-Prefeitura-scaled.jpg?fit=1200%2C742&ssl=1&resize=700%2C400 2x, https:\/\/i0.wp.com\/noticiasribeiraopreto.com.br\/wp-content\/uploads\/2025\/09\/01-Misses-Prefeitura-scaled.jpg?fit=1200%2C742&ssl=1&resize=1050%2C600 3x"},"classes":[]},{"id":75018,"url":"https:\/\/noticiasribeiraopreto.com.br\/index.php\/2025\/08\/01\/concurso-miss-comerciaria-bate-recorde-de-inscricoes\/","url_meta":{"origin":79207,"position":4},"title":"Concurso Miss Comerci\u00e1ria bate recorde de inscri\u00e7\u00f5es","author":"noticiasribeiraopreto.com.br","date":"1 de August de 2025","format":false,"excerpt":"1 de agosto de 2025 16:491 de agosto de 2025 15:487 Compartilhar0 Procura \u00e9 a maior de todos os anos e organiza\u00e7\u00e3o decide prorrogar inscri\u00e7\u00f5es at\u00e9 o pr\u00f3ximo dia oito A 27\u00aa. Edi\u00e7\u00e3o do concurso Miss Comerci\u00e1ria Ribeir\u00e3o Preto j\u00e1 fez hist\u00f3ria. Nada menos que 33 comerci\u00e1rias est\u00e3o inscritas e,\u2026","rel":"","context":"In &quot;Not\u00edcias de Ribeir\u00e3o Preto-SP e Regi\u00e3o&quot;","block_context":{"text":"Not\u00edcias de Ribeir\u00e3o Preto-SP e Regi\u00e3o","link":"https:\/\/noticiasribeiraopreto.com.br\/index.php\/category\/noticias-de-ribeirao-preto-sp-e-regiao-ismael-colosi\/"},"img":{"alt_text":"","src":"https:\/\/i0.wp.com\/noticiasribeiraopreto.com.br\/wp-content\/uploads\/2025\/08\/Miss-Comerciaria-2024-scaled.jpg?fit=1170%2C780&ssl=1&resize=350%2C200","width":350,"height":200,"srcset":"https:\/\/i0.wp.com\/noticiasribeiraopreto.com.br\/wp-content\/uploads\/2025\/08\/Miss-Comerciaria-2024-scaled.jpg?fit=1170%2C780&ssl=1&resize=350%2C200 1x, https:\/\/i0.wp.com\/noticiasribeiraopreto.com.br\/wp-content\/uploads\/2025\/08\/Miss-Comerciaria-2024-scaled.jpg?fit=1170%2C780&ssl=1&resize=525%2C300 1.5x, https:\/\/i0.wp.com\/noticiasribeiraopreto.com.br\/wp-content\/uploads\/2025\/08\/Miss-Comerciaria-2024-scaled.jpg?fit=1170%2C780&ssl=1&resize=700%2C400 2x, https:\/\/i0.wp.com\/noticiasribeiraopreto.com.br\/wp-content\/uploads\/2025\/08\/Miss-Comerciaria-2024-scaled.jpg?fit=1170%2C780&ssl=1&resize=1050%2C600 3x"},"classes":[]},{"id":42659,"url":"https:\/\/noticiasribeiraopreto.com.br\/index.php\/2024\/03\/15\/confira-opcoes-de-clubes-com-piscina-para-se-refrescar-em-ribeirao-preto-durante-onda-de-calor\/","url_meta":{"origin":79207,"position":5},"title":"Confira op\u00e7\u00f5es de clubes com piscina para se refrescar em Ribeir\u00e3o Preto durante onda de calor","author":"noticiasribeiraopreto.com.br","date":"15 de March de 2024","format":false,"excerpt":"O final de semana em Ribeir\u00e3o Preto ser\u00e1 quente, de acordo com a meteorologia. Os term\u00f4metros na cidade podem atingir os 36\u00baC, contudo, a sensa\u00e7\u00e3o t\u00e9rmica pode ser ainda maior. Para te ajudar a refrescar nesse per\u00edodo de onda de calor, o portal acidade on preparou uma lista com clubes\u2026","rel":"","context":"In &quot;Not\u00edcias de Ribeir\u00e3o Preto-SP e Regi\u00e3o&quot;","block_context":{"text":"Not\u00edcias de Ribeir\u00e3o Preto-SP e Regi\u00e3o","link":"https:\/\/noticiasribeiraopreto.com.br\/index.php\/category\/noticias-de-ribeirao-preto-sp-e-regiao-ismael-colosi\/"},"img":{"alt_text":"","src":"https:\/\/i0.wp.com\/noticiasribeiraopreto.com.br\/wp-content\/uploads\/2024\/03\/magic-gardens-ribeirao-preto.jpg?fit=873%2C630&ssl=1&resize=350%2C200","width":350,"height":200,"srcset":"https:\/\/i0.wp.com\/noticiasribeiraopreto.com.br\/wp-content\/uploads\/2024\/03\/magic-gardens-ribeirao-preto.jpg?fit=873%2C630&ssl=1&resize=350%2C200 1x, https:\/\/i0.wp.com\/noticiasribeiraopreto.com.br\/wp-content\/uploads\/2024\/03\/magic-gardens-ribeirao-preto.jpg?fit=873%2C630&ssl=1&resize=525%2C300 1.5x, https:\/\/i0.wp.com\/noticiasribeiraopreto.com.br\/wp-content\/uploads\/2024\/03\/magic-gardens-ribeirao-preto.jpg?fit=873%2C630&ssl=1&resize=700%2C400 2x"},"classes":[]}],"jetpack_sharing_enabled":true,"jetpack_shortlink":"https:\/\/wp.me\/peQAOb-kBx","_links":{"self":[{"href":"https:\/\/noticiasribeiraopreto.com.br\/index.php\/wp-json\/wp\/v2\/posts\/79207","targetHints":{"allow":["GET"]}}],"collection":[{"href":"https:\/\/noticiasribeiraopreto.com.br\/index.php\/wp-json\/wp\/v2\/posts"}],"about":[{"href":"https:\/\/noticiasribeiraopreto.com.br\/index.php\/wp-json\/wp\/v2\/types\/post"}],"author":[{"embeddable":true,"href":"https:\/\/noticiasribeiraopreto.com.br\/index.php\/wp-json\/wp\/v2\/users\/1"}],"replies":[{"embeddable":true,"href":"https:\/\/noticiasribeiraopreto.com.br\/index.php\/wp-json\/wp\/v2\/comments?post=79207"}],"version-history":[{"count":0,"href":"https:\/\/noticiasribeiraopreto.com.br\/index.php\/wp-json\/wp\/v2\/posts\/79207\/revisions"}],"wp:featuredmedia":[{"embeddable":true,"href":"https:\/\/noticiasribeiraopreto.com.br\/index.php\/wp-json\/wp\/v2\/media\/79208"}],"wp:attachment":[{"href":"https:\/\/noticiasribeiraopreto.com.br\/index.php\/wp-json\/wp\/v2\/media?parent=79207"}],"wp:term":[{"taxonomy":"category","embeddable":true,"href":"https:\/\/noticiasribeiraopreto.com.br\/index.php\/wp-json\/wp\/v2\/categories?post=79207"},{"taxonomy":"post_tag","embeddable":true,"href":"https:\/\/noticiasribeiraopreto.com.br\/index.php\/wp-json\/wp\/v2\/tags?post=79207"}],"curies":[{"name":"wp","href":"https:\/\/api.w.org\/{rel}","templated":true}]}}