{"id":79209,"date":"2025-10-27T13:51:17","date_gmt":"2025-10-27T16:51:17","guid":{"rendered":"https:\/\/noticiasribeiraopreto.com.br\/index.php\/2025\/10\/27\/trofeus-do-25o-premio-recall-de-criacao-publicitaria-vao-para-18-agencias-do-interior-paulista\/"},"modified":"2025-10-27T13:51:17","modified_gmt":"2025-10-27T16:51:17","slug":"trofeus-do-25o-premio-recall-de-criacao-publicitaria-vao-para-18-agencias-do-interior-paulista","status":"publish","type":"post","link":"https:\/\/noticiasribeiraopreto.com.br\/index.php\/2025\/10\/27\/trofeus-do-25o-premio-recall-de-criacao-publicitaria-vao-para-18-agencias-do-interior-paulista\/","title":{"rendered":"Trof\u00e9us do 25\u00ba Pr\u00eamio Recall de Cria\u00e7\u00e3o Publicit\u00e1ria v\u00e3o para 18 ag\u00eancias do interior paulista"},"content":{"rendered":"<p> <br \/>\n<\/p>\n<div>\n<p><em>Divulga\u00e7\u00e3o dos vencedores ocorreu na \u00faltima sexta-feira, em cerim\u00f4nia realizada em Itu<\/em><\/p>\n<p>As ag\u00eancias vencedoras do 25\u00ba Pr\u00eamio Recall de Cria\u00e7\u00e3o Publicit\u00e1ria foram conhecidas na noite da \u00faltima sexta-feira (24\/10), em cerim\u00f4nia realizada na Cervejaria Brewtainer Beergarden, em Itu. Os publicit\u00e1rios mais vitoriosos foram de Sorocaba, Campinas e Franca, com 12, 5 e 4 trof\u00e9us conquistados, respectivamente. A premia\u00e7\u00e3o contemplou 11 categorias (v\u00eddeo, impresso, \u00e1udio, gr\u00e1fico, promocional, packing design, branding design, digital, digital MP4, campanha digital e site), com trof\u00e9us de ouro, prata e bronze, al\u00e9m do trof\u00e9u de ouro Jack Ronc para a ag\u00eancia que obteve o maior n\u00famero de trabalhos no short-list.<\/p>\n<figure id=\"attachment_444338\" aria-describedby=\"caption-attachment-444338\" style=\"width: 1040px\" class=\"wp-caption alignnone\"><img data-recalc-dims=\"1\" loading=\"lazy\" decoding=\"async\" class=\"wp-image-444338 size-full lazyload\" src=\"https:\/\/i0.wp.com\/www.tribunaribeirao.com.br\/wp-content\/uploads\/2025\/10\/02-Recall-25-scaled.jpeg?resize=1040%2C780&#038;ssl=1\" alt=\"\" width=\"1040\" height=\"780\" srcset=\"https:\/\/www.tribunaribeirao.com.br\/wp-content\/uploads\/2025\/10\/02-Recall-25-scaled.jpeg 1040w, https:\/\/www.tribunaribeirao.com.br\/wp-content\/uploads\/2025\/10\/02-Recall-25-300x225.jpeg 300w, https:\/\/www.tribunaribeirao.com.br\/wp-content\/uploads\/2025\/10\/02-Recall-25-1024x768.jpeg 1024w, https:\/\/www.tribunaribeirao.com.br\/wp-content\/uploads\/2025\/10\/02-Recall-25-768x576.jpeg 768w, https:\/\/www.tribunaribeirao.com.br\/wp-content\/uploads\/2025\/10\/02-Recall-25-1536x1152.jpeg 1536w, https:\/\/www.tribunaribeirao.com.br\/wp-content\/uploads\/2025\/10\/02-Recall-25-760x570.jpeg 760w, https:\/\/www.tribunaribeirao.com.br\/wp-content\/uploads\/2025\/10\/02-Recall-25-960x720.jpeg 960w, https:\/\/www.tribunaribeirao.com.br\/wp-content\/uploads\/2025\/10\/02-Recall-25-533x400.jpeg 533w, https:\/\/www.tribunaribeirao.com.br\/wp-content\/uploads\/2025\/10\/02-Recall-25-585x439.jpeg 585w\" data-sizes=\"(max-width: 1040px) 100vw, 1040px\" style=\"--smush-placeholder-width: 1040px; --smush-placeholder-aspect-ratio: 1040\/780;\"\/><figcaption id=\"caption-attachment-444338\" class=\"wp-caption-text\">Pr\u00eamio Recall premia 18 ag\u00eancias do interior de SP \u2013 Foto: Divulga\u00e7\u00e3o<\/figcaption><\/figure>\n<p>Das 79 pe\u00e7as finalistas escolhidas pelo j\u00fari, 35 s\u00e3o da regi\u00e3o de <strong>Sorocaba<\/strong>, sendo 33 desta cidade e duas de <strong>Votorantim<\/strong>; enquanto a regi\u00e3o de <strong>Campinas<\/strong> aparece com 26, sendo 18 de Campinas, quatro de <strong>Jundia\u00ed<\/strong>, tr\u00eas de <strong>Rio Claro<\/strong> e uma de <strong>Jaguari\u00fana<\/strong>. <strong>Franca<\/strong> teve seis pe\u00e7as selecionadas, seguida de <strong>Ara\u00e7atuba<\/strong> (4), <strong>Bauru<\/strong> (2), <strong>S\u00e3o Jo\u00e3o da Boa Vista<\/strong> (2), <strong>S\u00e3o Jos\u00e9 do Rio Preto<\/strong> (1), <strong>Vargem Grande do Sul<\/strong> (1), <strong>Ribeir\u00e3o Preto<\/strong> (1) e <strong>Presidente Prudente<\/strong> (1).<\/p>\n<p>Em <strong>Sorocaba<\/strong>, tr\u00eas ag\u00eancias dividiram os 12 trof\u00e9us. A CDR+ conquistou 8, sendo ouro nas categorias site e impresso, prata em packing design, \u00e1udio, impresso e digital MP4 e bronze em v\u00eddeo, al\u00e9m do trof\u00e9u de ouro Jack Ronc. A Atua Ag\u00eancia levou ouro e prata na categoria digital e bronze em impresso. J\u00e1 a Tiberis levou o trof\u00e9u de prata em campanha digital. Na regi\u00e3o de Sorocaba, a Utilit Marketing, de <strong>Votorantim<\/strong>, obteve o ouro na categoria \u00e1udio.<\/p>\n<p>Em <strong>Campinas<\/strong>, a Ag\u00eancia Arpejo levou o ouro em campanha digital e a prata em v\u00eddeo, a Fourmi Publicidade conquistou o ouro em categoria promocional, a Bee Creative ficou com o ouro em material gr\u00e1fico e a You and Us, com o bronze em \u00e1udio. Ainda na regi\u00e3o de Campinas, a Urso Propaganda, de <strong>Jundia\u00ed<\/strong>, ganhou o ouro em branding design, e a Legatto Creative Works ficou com a prata em material gr\u00e1fico. J\u00e1 a Voo Consultoria, de <strong>Rio Claro<\/strong>, obteve o ouro nas categorias v\u00eddeo e digital MP4 e o bronze em material promocional.<\/p>\n<p>As ag\u00eancias de <strong>Franca<\/strong> levaram quatro trof\u00e9us. A Dote Publicidade ficou com o bronze em branding design, campanha digital e site; enquanto a SN3P Comunica\u00e7\u00e3o levou o ouro na categoria packing design. A 4Buzz, de <strong>Ribeir\u00e3o Preto<\/strong>, ficou com a prata em site.<\/p>\n<p>J\u00e1 a ag\u00eancia Neoplan Propaganda e Marketing, de <strong>Ara\u00e7atuba<\/strong>, obteve os trof\u00e9us de prata em branding design e bronze em material gr\u00e1fico; enquanto a Difere Comunica\u00e7\u00e3o, de <strong>Bauru<\/strong>, ficou com a prata em material promocional e o bronze na categoria digital.<\/p>\n<p>A MCNPELOZIO Comunica\u00e7\u00e3o e Design, de <strong>S\u00e3o Jo\u00e3o da Boa Vista<\/strong>, conquistou o trof\u00e9u de bronze em packing design; e a Rawse Creative, de <strong>Presidente Prudente<\/strong>, ficou com o bronze na categoria digital MP4.<\/p>\n<p><strong>A lista completa do short-list e dos vencedores pode ser acessada no site https:\/\/premiorecall.com\/vencedores-2025<\/strong><\/p>\n<figure id=\"attachment_444339\" aria-describedby=\"caption-attachment-444339\" style=\"width: 1040px\" class=\"wp-caption alignnone\"><img data-recalc-dims=\"1\" loading=\"lazy\" decoding=\"async\" class=\"wp-image-444339 size-full lazyload\" src=\"https:\/\/i0.wp.com\/www.tribunaribeirao.com.br\/wp-content\/uploads\/2025\/10\/Trofeus-scaled.jpeg?resize=1040%2C780&#038;ssl=1\" alt=\"\" width=\"1040\" height=\"780\" srcset=\"https:\/\/www.tribunaribeirao.com.br\/wp-content\/uploads\/2025\/10\/Trofeus-scaled.jpeg 1040w, https:\/\/www.tribunaribeirao.com.br\/wp-content\/uploads\/2025\/10\/Trofeus-300x225.jpeg 300w, https:\/\/www.tribunaribeirao.com.br\/wp-content\/uploads\/2025\/10\/Trofeus-1024x768.jpeg 1024w, https:\/\/www.tribunaribeirao.com.br\/wp-content\/uploads\/2025\/10\/Trofeus-768x576.jpeg 768w, https:\/\/www.tribunaribeirao.com.br\/wp-content\/uploads\/2025\/10\/Trofeus-1536x1152.jpeg 1536w, https:\/\/www.tribunaribeirao.com.br\/wp-content\/uploads\/2025\/10\/Trofeus-760x570.jpeg 760w, https:\/\/www.tribunaribeirao.com.br\/wp-content\/uploads\/2025\/10\/Trofeus-960x720.jpeg 960w, https:\/\/www.tribunaribeirao.com.br\/wp-content\/uploads\/2025\/10\/Trofeus-533x400.jpeg 533w, https:\/\/www.tribunaribeirao.com.br\/wp-content\/uploads\/2025\/10\/Trofeus-585x439.jpeg 585w\" data-sizes=\"(max-width: 1040px) 100vw, 1040px\" style=\"--smush-placeholder-width: 1040px; --smush-placeholder-aspect-ratio: 1040\/780;\"\/><figcaption id=\"caption-attachment-444339\" class=\"wp-caption-text\">25 anos do Pr\u00eamio Recall com a campanha \u2018Destilando Ideias\u2019 \u2013 Foto: Divulga\u00e7\u00e3o<\/figcaption><\/figure>\n<p>Na edi\u00e7\u00e3o deste ano, o j\u00fari foi composto por Carlos Righi, s\u00f3cio da Damasco Filmes e ex-presidente do Clube de Cria\u00e7\u00e3o de S\u00e3o Paulo; Luiz Toledo, redator e s\u00f3cio-diretor de cria\u00e7\u00e3o da Toledo Propaganda, com importantes pr\u00eamios nacionais e internacionais no curr\u00edculo; Rog\u00e9rio Lima, que possui mais de 20 anos de experi\u00eancia no mercado publicit\u00e1rio, com passagens por ag\u00eancias como Almap\/BBDO, Young &amp; Rubican, Lew, Lara e Ogilvy; Rodrigo Neves, empres\u00e1rio e professor com foco em tecnologia e maturidade digital e presidente da AnaMid; e Leo Mereu, publicit\u00e1rio com atua\u00e7\u00e3o no ramo criativo h\u00e1 mais de 25 anos e CEO da ag\u00eancia Babushka.<\/p>\n<p>Ao longo de seus 25 anos, ag\u00eancias de todas as regi\u00f5es do interior e litoral paulistas j\u00e1 participaram do Pr\u00eamio Recall, o que demonstra a abrang\u00eancia e a import\u00e2ncia desta premia\u00e7\u00e3o, que sempre contou, desde a sua 1\u00aa edi\u00e7\u00e3o, com um renomado corpo de jurados e o apoio da ABAP (Espa\u00e7o de Articula\u00e7\u00e3o Coletiva do Ecossistema Publicit\u00e1rio). Nesta edi\u00e7\u00e3o, o Pr\u00eamio Recall tamb\u00e9m contou com o apoio da AnaMid (Associa\u00e7\u00e3o Nacional do Mercado e Ind\u00fastria Digital).<\/p>\n<p><!-- CONTENT END 3 -->\n<\/div>\n<p><br \/>\n<br \/><a href=\"https:\/\/www.tribunaribeirao.com.br\/trofeus-do-25o-premio-recall-de-criacao-publicitaria-vao-para-18-agencias-do-interior-paulista\/\">Source link <\/a><\/p>\n","protected":false},"excerpt":{"rendered":"<p>Divulga\u00e7\u00e3o dos vencedores ocorreu na \u00faltima sexta-feira, em cerim\u00f4nia realizada em Itu As ag\u00eancias vencedoras do 25\u00ba Pr\u00eamio Recall de Cria\u00e7\u00e3o Publicit\u00e1ria foram conhecidas na&#8230;<\/p>\n","protected":false},"author":1,"featured_media":79210,"comment_status":"open","ping_status":"open","sticky":false,"template":"","format":"standard","meta":{"advanced_seo_description":"","jetpack_seo_html_title":"","jetpack_seo_noindex":false,"jetpack_post_was_ever_published":false,"_jetpack_newsletter_access":"","_jetpack_dont_email_post_to_subs":false,"_jetpack_newsletter_tier_id":0,"_jetpack_memberships_contains_paywalled_content":false,"_jetpack_memberships_contains_paid_content":false,"footnotes":"","jetpack_publicize_message":"","jetpack_publicize_feature_enabled":true,"jetpack_social_post_already_shared":true,"jetpack_social_options":{"image_generator_settings":{"template":"highway","default_image_id":0,"font":"","enabled":false},"version":2}},"categories":[11],"tags":[],"class_list":["post-79209","post","type-post","status-publish","format-standard","has-post-thumbnail","hentry","category-noticias-de-ribeirao-preto-sp-e-regiao-ismael-colosi"],"jetpack_publicize_connections":[],"jetpack_featured_media_url":"https:\/\/i0.wp.com\/noticiasribeiraopreto.com.br\/wp-content\/uploads\/2025\/10\/01-Recall-25-scaled.jpeg?fit=1040%2C780&ssl=1","jetpack-related-posts":[{"id":13117,"url":"https:\/\/noticiasribeiraopreto.com.br\/index.php\/2023\/12\/09\/agencia-de-ribeirao-preto-conquista-dois-trofeus-na-23a-edicao-do-premio-recall-de-criacao-publicitaria\/","url_meta":{"origin":79209,"position":0},"title":"Ag\u00eancia de Ribeir\u00e3o Preto conquista dois trof\u00e9us na 23\u00aa edi\u00e7\u00e3o do Pr\u00eamio Recall de Cria\u00e7\u00e3o Publicit\u00e1ria","author":"noticiasribeiraopreto.com.br","date":"9 de December de 2023","format":false,"excerpt":"Divulga\u00e7\u00e3o dos vencedores ocorreu ontem \u00e0 noite (7\/12) em cerim\u00f4nia realizada em ValinhosA ag\u00eancia MOV, de Ribeir\u00e3o Preto, conquistou dois trof\u00e9us de prata no 23\u00ba Pr\u00eamio Recall de Cria\u00e7\u00e3o Publicit\u00e1ria, nas categorias impresso e gr\u00e1fico. A cerim\u00f4nia de premia\u00e7\u00e3o foi realizada na noite de ontem (7\/12) no Espa\u00e7o Ambi\u00ea Eventos,\u2026","rel":"","context":"In &quot;Not\u00edcias de Ribeir\u00e3o Preto-SP e Regi\u00e3o&quot;","block_context":{"text":"Not\u00edcias de Ribeir\u00e3o Preto-SP e Regi\u00e3o","link":"https:\/\/noticiasribeiraopreto.com.br\/index.php\/category\/noticias-de-ribeirao-preto-sp-e-regiao-ismael-colosi\/"},"img":{"alt_text":"","src":"https:\/\/i0.wp.com\/noticiasribeiraopreto.com.br\/wp-content\/uploads\/2023\/12\/recall_trofeu_23-scaled.jpg?fit=967%2C645&ssl=1&resize=350%2C200","width":350,"height":200,"srcset":"https:\/\/i0.wp.com\/noticiasribeiraopreto.com.br\/wp-content\/uploads\/2023\/12\/recall_trofeu_23-scaled.jpg?fit=967%2C645&ssl=1&resize=350%2C200 1x, https:\/\/i0.wp.com\/noticiasribeiraopreto.com.br\/wp-content\/uploads\/2023\/12\/recall_trofeu_23-scaled.jpg?fit=967%2C645&ssl=1&resize=525%2C300 1.5x, https:\/\/i0.wp.com\/noticiasribeiraopreto.com.br\/wp-content\/uploads\/2023\/12\/recall_trofeu_23-scaled.jpg?fit=967%2C645&ssl=1&resize=700%2C400 2x"},"classes":[]},{"id":31660,"url":"https:\/\/noticiasribeiraopreto.com.br\/index.php\/2024\/01\/23\/ribeirao-preto-tem-41-agencias-de-publicidade-no-ranking-recall\/","url_meta":{"origin":79209,"position":1},"title":"Ribeir\u00e3o Preto tem 41 ag\u00eancias de publicidade no Ranking Recall","author":"noticiasribeiraopreto.com.br","date":"23 de January de 2024","format":false,"excerpt":"Edi\u00e7\u00e3o deste ano engloba 254 ag\u00eancias de v\u00e1rias regi\u00f5es do estadoNa \u00e1rea publicit\u00e1ria, Ribeir\u00e3o Preto tem se mostrado uma das cidades mais criativas do interior paulista, pelo menos \u00e9 o que demonstra os dados atualizados do Ranking Recall, que atribui pontos \u00e0s ag\u00eancias que obtiveram indica\u00e7\u00f5es ao short-list do Pr\u00eamio\u2026","rel":"","context":"In &quot;Not\u00edcias de Ribeir\u00e3o Preto-SP e Regi\u00e3o&quot;","block_context":{"text":"Not\u00edcias de Ribeir\u00e3o Preto-SP e Regi\u00e3o","link":"https:\/\/noticiasribeiraopreto.com.br\/index.php\/category\/noticias-de-ribeirao-preto-sp-e-regiao-ismael-colosi\/"},"img":{"alt_text":"","src":"https:\/\/i0.wp.com\/noticiasribeiraopreto.com.br\/wp-content\/uploads\/2024\/01\/recall.jpeg?fit=722%2C479&ssl=1&resize=350%2C200","width":350,"height":200,"srcset":"https:\/\/i0.wp.com\/noticiasribeiraopreto.com.br\/wp-content\/uploads\/2024\/01\/recall.jpeg?fit=722%2C479&ssl=1&resize=350%2C200 1x, https:\/\/i0.wp.com\/noticiasribeiraopreto.com.br\/wp-content\/uploads\/2024\/01\/recall.jpeg?fit=722%2C479&ssl=1&resize=525%2C300 1.5x, https:\/\/i0.wp.com\/noticiasribeiraopreto.com.br\/wp-content\/uploads\/2024\/01\/recall.jpeg?fit=722%2C479&ssl=1&resize=700%2C400 2x"},"classes":[]},{"id":60352,"url":"https:\/\/noticiasribeiraopreto.com.br\/index.php\/2024\/11\/11\/acidade-on-ribeirao-conquista-o-trofeu-aceesp-de-cobertura-esportiva-pelo-segundo-ano-consecutivo-2\/","url_meta":{"origin":79209,"position":2},"title":"acidade on Ribeir\u00e3o conquista o Trof\u00e9u Aceesp de cobertura esportiva pelo segundo ano consecutivo","author":"noticiasribeiraopreto.com.br","date":"11 de November de 2024","format":false,"excerpt":"O\u00a0acidade on Ribeir\u00e3o recebeu, pelo segundo ano consecutivo, o Trof\u00e9u Aceesp, o mais tradicional do jornalismo esportivo do Estado de S\u00e3o Paulo. O resultado foi divulgado na noite desta segunda-feira (11) e a\u00a0EPTV\u00a0Ribeir\u00e3o\u00a0e a\u00a0CBN Ribeir\u00e3o Preto tamb\u00e9m foram premiadas. O\u00a0acidade on Ribeir\u00e3o\u00a0venceu\u00a0na categoria Jornal\/Site do Interior. A cerim\u00f4nia de entrega\u2026","rel":"","context":"In &quot;Not\u00edcias de Ribeir\u00e3o Preto-SP e Regi\u00e3o&quot;","block_context":{"text":"Not\u00edcias de Ribeir\u00e3o Preto-SP e Regi\u00e3o","link":"https:\/\/noticiasribeiraopreto.com.br\/index.php\/category\/noticias-de-ribeirao-preto-sp-e-regiao-ismael-colosi\/"},"img":{"alt_text":"","src":"https:\/\/i0.wp.com\/noticiasribeiraopreto.com.br\/wp-content\/uploads\/2024\/11\/Trofeu-Aceesp-2023.foto__2024-11-12_00-33-44_jpg_2024-11-12_00-33-44.webp.webp?fit=591%2C352&ssl=1&resize=350%2C200","width":350,"height":200,"srcset":"https:\/\/i0.wp.com\/noticiasribeiraopreto.com.br\/wp-content\/uploads\/2024\/11\/Trofeu-Aceesp-2023.foto__2024-11-12_00-33-44_jpg_2024-11-12_00-33-44.webp.webp?fit=591%2C352&ssl=1&resize=350%2C200 1x, https:\/\/i0.wp.com\/noticiasribeiraopreto.com.br\/wp-content\/uploads\/2024\/11\/Trofeu-Aceesp-2023.foto__2024-11-12_00-33-44_jpg_2024-11-12_00-33-44.webp.webp?fit=591%2C352&ssl=1&resize=525%2C300 1.5x"},"classes":[]},{"id":60350,"url":"https:\/\/noticiasribeiraopreto.com.br\/index.php\/2024\/11\/11\/acidade-on-ribeirao-conquista-o-trofeu-aceesp-de-cobertura-esportiva-pelo-segundo-ano-consecutivo\/","url_meta":{"origin":79209,"position":3},"title":"acidade on Ribeir\u00e3o conquista o Trof\u00e9u Aceesp de cobertura esportiva pelo segundo ano consecutivo","author":"noticiasribeiraopreto.com.br","date":"11 de November de 2024","format":false,"excerpt":"O\u00a0acidade on Ribeir\u00e3o recebeu, pelo segundo ano consecutivo, o Trof\u00e9u Aceesp, o mais tradicional do jornalismo esportivo do Estado de S\u00e3o Paulo. O resultado foi divulgado na noite desta segunda-feira (11), a\u00a0EPTV\u00a0Ribeir\u00e3o\u00a0e a\u00a0CBN Ribeir\u00e3o Preto tamb\u00e9m foram premiadas. O\u00a0acidade on Ribeir\u00e3o\u00a0venceu\u00a0na categoria Jornal\/Site do Interior. A cerim\u00f4nia de entrega dos\u2026","rel":"","context":"In &quot;Not\u00edcias de Ribeir\u00e3o Preto-SP e Regi\u00e3o&quot;","block_context":{"text":"Not\u00edcias de Ribeir\u00e3o Preto-SP e Regi\u00e3o","link":"https:\/\/noticiasribeiraopreto.com.br\/index.php\/category\/noticias-de-ribeirao-preto-sp-e-regiao-ismael-colosi\/"},"img":{"alt_text":"","src":"https:\/\/i0.wp.com\/noticiasribeiraopreto.com.br\/wp-content\/uploads\/2024\/11\/Trofeu-Aceesp-2023.foto__2024-11-12_00-33-44_jpg_2024-11-12_00-33-44.webp.webp?fit=591%2C352&ssl=1&resize=350%2C200","width":350,"height":200,"srcset":"https:\/\/i0.wp.com\/noticiasribeiraopreto.com.br\/wp-content\/uploads\/2024\/11\/Trofeu-Aceesp-2023.foto__2024-11-12_00-33-44_jpg_2024-11-12_00-33-44.webp.webp?fit=591%2C352&ssl=1&resize=350%2C200 1x, https:\/\/i0.wp.com\/noticiasribeiraopreto.com.br\/wp-content\/uploads\/2024\/11\/Trofeu-Aceesp-2023.foto__2024-11-12_00-33-44_jpg_2024-11-12_00-33-44.webp.webp?fit=591%2C352&ssl=1&resize=525%2C300 1.5x"},"classes":[]},{"id":61088,"url":"https:\/\/noticiasribeiraopreto.com.br\/index.php\/2024\/12\/03\/acidade-on-ribeirao-preto-recebe-pela-2a-vez-seguida-trofeu-aceesp-de-cobertura-esportiva\/","url_meta":{"origin":79209,"position":4},"title":"acidade on Ribeir\u00e3o Preto recebe pela 2\u00aa vez seguida Trof\u00e9u Aceesp de cobertura esportiva","author":"noticiasribeiraopreto.com.br","date":"3 de December de 2024","format":false,"excerpt":"O acidade on Ribeir\u00e3o Preto recebeu, nesta segunda-feira (2), o Trof\u00e9u Aceesp, o mais tradicional do jornalismo esportivo do Estado de S\u00e3o Paulo. A premia\u00e7\u00e3o aconteceu no Museu do Futebol, no est\u00e1dio do Pacaembu, na Capital. Al\u00e9m do portal, a EPTV Ribeir\u00e3o e a r\u00e1dio CBN Ribeir\u00e3o Preto tamb\u00e9m foram\u2026","rel":"","context":"In &quot;Not\u00edcias de Ribeir\u00e3o Preto-SP e Regi\u00e3o&quot;","block_context":{"text":"Not\u00edcias de Ribeir\u00e3o Preto-SP e Regi\u00e3o","link":"https:\/\/noticiasribeiraopreto.com.br\/index.php\/category\/noticias-de-ribeirao-preto-sp-e-regiao-ismael-colosi\/"},"img":{"alt_text":"","src":"https:\/\/i0.wp.com\/noticiasribeiraopreto.com.br\/wp-content\/uploads\/2024\/12\/Todos-1024x682-1_2024-12-03_14-57-51_jpg_2024-12-03_14-57-51.webp.webp?fit=1024%2C682&ssl=1&resize=350%2C200","width":350,"height":200,"srcset":"https:\/\/i0.wp.com\/noticiasribeiraopreto.com.br\/wp-content\/uploads\/2024\/12\/Todos-1024x682-1_2024-12-03_14-57-51_jpg_2024-12-03_14-57-51.webp.webp?fit=1024%2C682&ssl=1&resize=350%2C200 1x, https:\/\/i0.wp.com\/noticiasribeiraopreto.com.br\/wp-content\/uploads\/2024\/12\/Todos-1024x682-1_2024-12-03_14-57-51_jpg_2024-12-03_14-57-51.webp.webp?fit=1024%2C682&ssl=1&resize=525%2C300 1.5x, https:\/\/i0.wp.com\/noticiasribeiraopreto.com.br\/wp-content\/uploads\/2024\/12\/Todos-1024x682-1_2024-12-03_14-57-51_jpg_2024-12-03_14-57-51.webp.webp?fit=1024%2C682&ssl=1&resize=700%2C400 2x"},"classes":[]},{"id":77613,"url":"https:\/\/noticiasribeiraopreto.com.br\/index.php\/2025\/09\/22\/dembele-conquista-bola-de-ouro-raphinha-fica-em-5o\/","url_meta":{"origin":79209,"position":5},"title":"Dembel\u00e9 conquista Bola de Ouro; Raphinha fica em 5\u00ba","author":"noticiasribeiraopreto.com.br","date":"22 de September de 2025","format":false,"excerpt":"O atacante franc\u00eas Ousmane Demb\u00e9l\u00e9, do Paris Saint-Germain, foi condecorado nesta segunda-feira (22) com a Bola de Ouro. Ele superou o espanhol Lamine Yamal, jovem astro do Barcelona, para ser eleito pela primeira vez o melhor jogador do mundo. Demb\u00e9l\u00e9 recebeu das m\u00e3os de Ronaldinho Ga\u00facho o trof\u00e9u mais importante\u2026","rel":"","context":"In &quot;Not\u00edcias de Ribeir\u00e3o Preto-SP e Regi\u00e3o&quot;","block_context":{"text":"Not\u00edcias de Ribeir\u00e3o Preto-SP e Regi\u00e3o","link":"https:\/\/noticiasribeiraopreto.com.br\/index.php\/category\/noticias-de-ribeirao-preto-sp-e-regiao-ismael-colosi\/"},"img":{"alt_text":"","src":"https:\/\/i0.wp.com\/noticiasribeiraopreto.com.br\/wp-content\/uploads\/2025\/09\/ATA-Dembele-Benoit-Tessier_Reuters-scaled.jpg?fit=1151%2C780&ssl=1&resize=350%2C200","width":350,"height":200,"srcset":"https:\/\/i0.wp.com\/noticiasribeiraopreto.com.br\/wp-content\/uploads\/2025\/09\/ATA-Dembele-Benoit-Tessier_Reuters-scaled.jpg?fit=1151%2C780&ssl=1&resize=350%2C200 1x, https:\/\/i0.wp.com\/noticiasribeiraopreto.com.br\/wp-content\/uploads\/2025\/09\/ATA-Dembele-Benoit-Tessier_Reuters-scaled.jpg?fit=1151%2C780&ssl=1&resize=525%2C300 1.5x, https:\/\/i0.wp.com\/noticiasribeiraopreto.com.br\/wp-content\/uploads\/2025\/09\/ATA-Dembele-Benoit-Tessier_Reuters-scaled.jpg?fit=1151%2C780&ssl=1&resize=700%2C400 2x, https:\/\/i0.wp.com\/noticiasribeiraopreto.com.br\/wp-content\/uploads\/2025\/09\/ATA-Dembele-Benoit-Tessier_Reuters-scaled.jpg?fit=1151%2C780&ssl=1&resize=1050%2C600 3x"},"classes":[]}],"jetpack_sharing_enabled":true,"jetpack_shortlink":"https:\/\/wp.me\/peQAOb-kBz","_links":{"self":[{"href":"https:\/\/noticiasribeiraopreto.com.br\/index.php\/wp-json\/wp\/v2\/posts\/79209","targetHints":{"allow":["GET"]}}],"collection":[{"href":"https:\/\/noticiasribeiraopreto.com.br\/index.php\/wp-json\/wp\/v2\/posts"}],"about":[{"href":"https:\/\/noticiasribeiraopreto.com.br\/index.php\/wp-json\/wp\/v2\/types\/post"}],"author":[{"embeddable":true,"href":"https:\/\/noticiasribeiraopreto.com.br\/index.php\/wp-json\/wp\/v2\/users\/1"}],"replies":[{"embeddable":true,"href":"https:\/\/noticiasribeiraopreto.com.br\/index.php\/wp-json\/wp\/v2\/comments?post=79209"}],"version-history":[{"count":0,"href":"https:\/\/noticiasribeiraopreto.com.br\/index.php\/wp-json\/wp\/v2\/posts\/79209\/revisions"}],"wp:featuredmedia":[{"embeddable":true,"href":"https:\/\/noticiasribeiraopreto.com.br\/index.php\/wp-json\/wp\/v2\/media\/79210"}],"wp:attachment":[{"href":"https:\/\/noticiasribeiraopreto.com.br\/index.php\/wp-json\/wp\/v2\/media?parent=79209"}],"wp:term":[{"taxonomy":"category","embeddable":true,"href":"https:\/\/noticiasribeiraopreto.com.br\/index.php\/wp-json\/wp\/v2\/categories?post=79209"},{"taxonomy":"post_tag","embeddable":true,"href":"https:\/\/noticiasribeiraopreto.com.br\/index.php\/wp-json\/wp\/v2\/tags?post=79209"}],"curies":[{"name":"wp","href":"https:\/\/api.w.org\/{rel}","templated":true}]}}