{"id":79211,"date":"2025-10-27T15:07:14","date_gmt":"2025-10-27T18:07:14","guid":{"rendered":"https:\/\/noticiasribeiraopreto.com.br\/index.php\/2025\/10\/27\/veja-as-cidades-da-regiao-de-ribeirao-preto-que-integram-o-muralha-paulista\/"},"modified":"2025-10-27T15:07:14","modified_gmt":"2025-10-27T18:07:14","slug":"veja-as-cidades-da-regiao-de-ribeirao-preto-que-integram-o-muralha-paulista","status":"publish","type":"post","link":"https:\/\/noticiasribeiraopreto.com.br\/index.php\/2025\/10\/27\/veja-as-cidades-da-regiao-de-ribeirao-preto-que-integram-o-muralha-paulista\/","title":{"rendered":"Veja as cidades da regi\u00e3o de Ribeir\u00e3o Preto que integram o Muralha Paulista"},"content":{"rendered":"<div class='code-block code-block-1' style='margin: 8px 0 8px auto; text-align: right; display: block; clear: both;'>\n<p><a href=\"https:\/\/wa.link\/vpicfd\"><img data-recalc-dims=\"1\" class=\"wp-image-4922\" style=\"aspect-ratio: 2.0253164556962027; width: 561px; height: auto;\" src=\"https:\/\/i0.wp.com\/ismaelcolosi.com.br\/wp-content\/uploads\/2023\/11\/grupo-de-empregos-whatsapp-e-facebook-ismael-colosi-vagas.jpg?ssl=1\" alt=\"\" \/><\/a><\/p>\n<!-- \/wp:image -->\n<\/div>\n<p> <br \/>\n<\/p>\n<div>\n<p>A regi\u00e3o de Ribeir\u00e3o Preto tem seis munic\u00edpios integrados ao Muralha Paulista. O programa do Governo de S\u00e3o Paulo conecta sistemas de monitoramento p\u00fablicos e particulares. O objetivo \u00e9 ampliar o Muralha Paulista para as 645 cidades do estado.<\/p>\n<p>\u201cO programa Muralha Paulista \u00e9 uma pol\u00edtica p\u00fablica de controle da mobilidade criminal. Ele integra os sistemas j\u00e1 existentes e devolve as informa\u00e7\u00f5es, aumentando a chance de pris\u00e3o de criminosos e recupera\u00e7\u00e3o de ve\u00edculos\u201d, explica o secret\u00e1rio da Seguran\u00e7a P\u00fablica, Guilherme Derrite, em participa\u00e7\u00e3o no SP em 3, 2, 1, programa da Ag\u00eancia SP.<\/p>\n<h2 class=\"wp-block-heading\"><strong>Cidades da regi\u00e3o de Ribeir\u00e3o Preto no Muralha Paulista:<\/strong><\/h2>\n<h2 class=\"wp-block-heading\"><strong>Como funciona?<\/strong><\/h2>\n<p>Atualmente, o sistema re\u00fane mais de 38 mil c\u00e2meras integradas. Elas fazem leituras autom\u00e1ticas de placas de ve\u00edculos e reconhecimento facial. Os dados s\u00e3o cruzados com as bases da SSP (Secretaria da Seguran\u00e7a P\u00fablica) e geram alertas em tempo real quando um carro roubado, furtado ou um procurado pela Justi\u00e7a \u00e9 identificado.<\/p>\n<h2 class=\"wp-block-heading\"><strong>Como participar do Muralha Paulista?<\/strong><\/h2>\n<p>Munic\u00edpios, empresas e cidad\u00e3os podem participar. O cadastro \u00e9 gratuito e deve ser feito no portal da SSP ou diretamente no site do Muralha Paulista. Basta acessar o site oficial (<a href=\"https:\/\/www.muralhapaulista.sp.gov.br\/\" data-type=\"link\" data-id=\"https:\/\/www.muralhapaulista.sp.gov.br\/\" target=\"_blank\" rel=\"noopener\">clique aqui<\/a>), clicar em \u201cMuralha Paulista\u201d e preencher as informa\u00e7\u00f5es.<\/p>\n<p>Podem se cadastrar pessoas f\u00edsicas (CPF) ou jur\u00eddicas (CNPJ) que tenham c\u00e2meras voltadas para vias p\u00fablicas. Essas imagens passam a integrar o sistema e ajudam na investiga\u00e7\u00e3o de crimes.<\/p>\n<p>\u201cEssas c\u00e2meras passam a integrar esse grande parque tecnol\u00f3gico, auxiliando as for\u00e7as policiais em investiga\u00e7\u00f5es e a\u00e7\u00f5es de seguran\u00e7a\u201d, destacou Derrite.<\/p>\n<h2 class=\"wp-block-heading\"><strong>Prote\u00e7\u00e3o de dados garantida<\/strong><\/h2>\n<p>Desde a cria\u00e7\u00e3o, o Muralha Paulista segue a Lei Geral de Prote\u00e7\u00e3o de Dados (LGPD). O programa foi acompanhado pela Autoridade Nacional de Prote\u00e7\u00e3o de Dados (ANPD) e recebeu mais de 60 pareceres jur\u00eddicos da Procuradoria-Geral do Estado (PGE).<\/p>\n<p>\u201cA pessoa que vai colaborar pode ficar tranquila. Desde que a c\u00e2mera esteja voltada para a rua, tudo est\u00e1 amplamente seguro dentro da pol\u00edtica p\u00fablica e conforme a LGPD\u201d, refor\u00e7a o secret\u00e1rio.<\/p>\n<h2 class=\"wp-block-heading\"><strong>Expans\u00e3o para todos os munic\u00edpios<\/strong><\/h2>\n<p>O programa ser\u00e1 ampliado para os 645 munic\u00edpios paulistas, inclusive os que n\u00e3o possuem c\u00e2meras pr\u00f3prias. O Governo do Estado vai realizar uma licita\u00e7\u00e3o para loca\u00e7\u00e3o de equipamentos, garantindo cobertura total.<\/p>\n<p>SAIBA MAIS<br \/>Alerta de chuva intensa \u00e9 emitido para todo o estado de SP; Veja previs\u00e3o<\/p>\n<h2 class=\"wp-block-heading\"><strong>FIQUE ON<\/strong><\/h2>\n<p>Fique ligado em tudo que acontece em Ribeir\u00e3o Preto e regi\u00e3o. Siga os perfis do\u00a0<strong>acidade on<\/strong>\u00a0no\u00a0<a href=\"https:\/\/www.instagram.com\/acidadeonribeirao\" target=\"_blank\" rel=\"noreferrer noopener\">Instagram<\/a>\u00a0e no<a href=\"https:\/\/www.facebook.com\/acidadeonribeirao\/\" target=\"_blank\" rel=\"noreferrer noopener\">\u00a0Facebook<\/a>.<\/p>\n<p>Receba not\u00edcias do\u00a0<strong>acidade on<\/strong>\u00a0no WhatsApp. Para entrar no grupo,\u00a0basta\u00a0<a href=\"https:\/\/chat.whatsapp.com\/I4nieTEMKlf50pJ28aMemC?mode=ac_t\" target=\"_blank\" rel=\"noreferrer noopener\">clicar aqui<\/a>. Ou, acesse o nosso\u00a0Canal\u00a0<a href=\"https:\/\/whatsapp.com\/channel\/0029Vb6IQl1JENyAeS57fk2p\" target=\"_blank\" rel=\"noreferrer noopener\">clicando aqui<\/a>.<\/p>\n<p>Fa\u00e7a uma den\u00fancia ou sugira uma reportagem sobre Ribeir\u00e3o Preto e regi\u00e3o pelo WhatsApp: 16 99117 7802.<\/p>\n<p>VEJA TAMB\u00c9M<br \/>Por onde vai passar o furac\u00e3o Melissa?<\/p>\n<p><!-- AI CONTENT END 1 -->\n<\/div>\n<p><script async src=\"\/\/www.instagram.com\/embed.js\"><\/script><br \/>\n<br \/><br \/>\n<br \/><a href=\"https:\/\/www.acidadeon.com\/ribeiraopreto\/cotidiano\/veja-as-cidades-da-regiao-de-ribeirao-preto-que-integram-o-muralha-paulista\/\">Source link <\/a><\/p>\n<!-- CONTENT END 1 -->\n","protected":false},"excerpt":{"rendered":"<p>A regi\u00e3o de Ribeir\u00e3o Preto tem seis munic\u00edpios integrados ao Muralha Paulista. O programa do Governo de S\u00e3o Paulo conecta sistemas de monitoramento p\u00fablicos e&#8230;<\/p>\n","protected":false},"author":1,"featured_media":79212,"comment_status":"open","ping_status":"open","sticky":false,"template":"","format":"standard","meta":{"advanced_seo_description":"","jetpack_seo_html_title":"","jetpack_seo_noindex":false,"jetpack_post_was_ever_published":false,"_jetpack_newsletter_access":"","_jetpack_dont_email_post_to_subs":false,"_jetpack_newsletter_tier_id":0,"_jetpack_memberships_contains_paywalled_content":false,"_jetpack_memberships_contains_paid_content":false,"footnotes":"","jetpack_publicize_message":"","jetpack_publicize_feature_enabled":true,"jetpack_social_post_already_shared":true,"jetpack_social_options":{"image_generator_settings":{"template":"highway","default_image_id":0,"font":"","enabled":false},"version":2}},"categories":[11],"tags":[],"class_list":["post-79211","post","type-post","status-publish","format-standard","has-post-thumbnail","hentry","category-noticias-de-ribeirao-preto-sp-e-regiao-ismael-colosi"],"jetpack_publicize_connections":[],"jetpack_featured_media_url":"https:\/\/i0.wp.com\/noticiasribeiraopreto.com.br\/wp-content\/uploads\/2025\/10\/muralha-paulista_2025-10-27_17-34-59.webp.webp?fit=1200%2C800&ssl=1","jetpack-related-posts":[{"id":23095,"url":"https:\/\/noticiasribeiraopreto.com.br\/index.php\/2024\/01\/01\/grupo-muralha-abre-mais-de-35-vagas-conheca-os-cargos\/","url_meta":{"origin":79211,"position":0},"title":"Grupo Muralha ABRE mais de 35 VAGAS; Conhe\u00e7a os cargos!","author":"noticiasribeiraopreto.com.br","date":"1 de January de 2024","format":false,"excerpt":"O Grupo Muralha, empresa especializada em solu\u00e7\u00f5es personalizadas em Seguran\u00e7a Patrimonial, Pessoal, Portaria, Facilities, Limpeza e Conserva\u00e7\u00e3o, est\u00e1 com in\u00fameras oportunidades de emprego dispon\u00edveis. Quer dizer, se voc\u00ea est\u00e1 buscando um novo trabalho, consulte quais s\u00e3o os postos em aberto: Auxiliar de Servi\u00e7os Gerais \u2013 S\u00e3o Paulo \u2013 SP \u2013\u2026","rel":"","context":"In &quot;Vagas de Emprego em Ribeir\u00e3o Preto-SP&quot;","block_context":{"text":"Vagas de Emprego em Ribeir\u00e3o Preto-SP","link":"https:\/\/noticiasribeiraopreto.com.br\/index.php\/category\/empregos-classificados-vagas-trabalho\/vagas-de-empregos-em-ribeirao-preto-regiao-brasil\/"},"img":{"alt_text":"","src":"https:\/\/i0.wp.com\/noticiasribeiraopreto.com.br\/wp-content\/uploads\/2024\/01\/noticiasconcursos.com_.br-grupo-muralha-abre-mais-de-35-vagas-conheca-os-cargos-bn-home-02.jpg?fit=1200%2C500&ssl=1&resize=350%2C200","width":350,"height":200,"srcset":"https:\/\/i0.wp.com\/noticiasribeiraopreto.com.br\/wp-content\/uploads\/2024\/01\/noticiasconcursos.com_.br-grupo-muralha-abre-mais-de-35-vagas-conheca-os-cargos-bn-home-02.jpg?fit=1200%2C500&ssl=1&resize=350%2C200 1x, https:\/\/i0.wp.com\/noticiasribeiraopreto.com.br\/wp-content\/uploads\/2024\/01\/noticiasconcursos.com_.br-grupo-muralha-abre-mais-de-35-vagas-conheca-os-cargos-bn-home-02.jpg?fit=1200%2C500&ssl=1&resize=525%2C300 1.5x, https:\/\/i0.wp.com\/noticiasribeiraopreto.com.br\/wp-content\/uploads\/2024\/01\/noticiasconcursos.com_.br-grupo-muralha-abre-mais-de-35-vagas-conheca-os-cargos-bn-home-02.jpg?fit=1200%2C500&ssl=1&resize=700%2C400 2x, https:\/\/i0.wp.com\/noticiasribeiraopreto.com.br\/wp-content\/uploads\/2024\/01\/noticiasconcursos.com_.br-grupo-muralha-abre-mais-de-35-vagas-conheca-os-cargos-bn-home-02.jpg?fit=1200%2C500&ssl=1&resize=1050%2C600 3x"},"classes":[]},{"id":57823,"url":"https:\/\/noticiasribeiraopreto.com.br\/index.php\/2024\/09\/11\/policia-detem-suspeito-por-ataque-a-carro-forte-na-regiao-de-ribeirao-preto\/","url_meta":{"origin":79211,"position":1},"title":"Pol\u00edcia det\u00e9m suspeito por ataque a carro-forte na regi\u00e3o de Ribeir\u00e3o Preto","author":"noticiasribeiraopreto.com.br","date":"11 de September de 2024","format":false,"excerpt":"A pol\u00edcia deteve um homem suspeito de envolvimento no ataque a carro-forte na regi\u00e3o de Ribeir\u00e3o Preto. O suspeito \u00e9 Roberto Marques Trov\u00e3o Lafaeff, de 36 anos, que havia procurado atendimento m\u00e9dico na UPA (Unidade de Pronto Atendimento) de Valinhos, na regi\u00e3o de Campinas, na \u00faltima ter\u00e7a-feira (10). Ele apresentava\u2026","rel":"","context":"In &quot;Not\u00edcias de Ribeir\u00e3o Preto-SP e Regi\u00e3o&quot;","block_context":{"text":"Not\u00edcias de Ribeir\u00e3o Preto-SP e Regi\u00e3o","link":"https:\/\/noticiasribeiraopreto.com.br\/index.php\/category\/noticias-de-ribeirao-preto-sp-e-regiao-ismael-colosi\/"},"img":{"alt_text":"","src":"https:\/\/i0.wp.com\/noticiasribeiraopreto.com.br\/wp-content\/uploads\/2024\/09\/roberto_2024-09-11_16-51-22_jpeg_2024-09-11_16-51-22.webp.webp?fit=1200%2C674&ssl=1&resize=350%2C200","width":350,"height":200,"srcset":"https:\/\/i0.wp.com\/noticiasribeiraopreto.com.br\/wp-content\/uploads\/2024\/09\/roberto_2024-09-11_16-51-22_jpeg_2024-09-11_16-51-22.webp.webp?fit=1200%2C674&ssl=1&resize=350%2C200 1x, https:\/\/i0.wp.com\/noticiasribeiraopreto.com.br\/wp-content\/uploads\/2024\/09\/roberto_2024-09-11_16-51-22_jpeg_2024-09-11_16-51-22.webp.webp?fit=1200%2C674&ssl=1&resize=525%2C300 1.5x, https:\/\/i0.wp.com\/noticiasribeiraopreto.com.br\/wp-content\/uploads\/2024\/09\/roberto_2024-09-11_16-51-22_jpeg_2024-09-11_16-51-22.webp.webp?fit=1200%2C674&ssl=1&resize=700%2C400 2x, https:\/\/i0.wp.com\/noticiasribeiraopreto.com.br\/wp-content\/uploads\/2024\/09\/roberto_2024-09-11_16-51-22_jpeg_2024-09-11_16-51-22.webp.webp?fit=1200%2C674&ssl=1&resize=1050%2C600 3x"},"classes":[]},{"id":76348,"url":"https:\/\/noticiasribeiraopreto.com.br\/index.php\/2025\/08\/27\/tres-bairros-de-ribeirao-preto-recebem-projeto-de-capoeira-para-pessoas-acima-de-60-anos\/","url_meta":{"origin":79211,"position":2},"title":"Tr\u00eas bairros de Ribeir\u00e3o Preto recebem projeto de capoeira para pessoas acima de 60 anos","author":"noticiasribeiraopreto.com.br","date":"27 de August de 2025","format":false,"excerpt":"O projeto \u201cCapoeira Nan\u00e3\u201d, idealizado pelo professor Eduardo \u201cMuralha\u201d, iniciou suas atividades no \u00faltimo dia 25 de agosto, oferecendo gratuitamente oficinas de capoeira para pessoas com mais de 60 anos em Ribeir\u00e3o Preto. As aulas acontecem no SCFV (Servi\u00e7os de Conviv\u00eancia e Fortalecimento de V\u00ednculos) dos bairros Jardim Marchesi, Adelino\u2026","rel":"","context":"In &quot;Not\u00edcias de Ribeir\u00e3o Preto-SP e Regi\u00e3o&quot;","block_context":{"text":"Not\u00edcias de Ribeir\u00e3o Preto-SP e Regi\u00e3o","link":"https:\/\/noticiasribeiraopreto.com.br\/index.php\/category\/noticias-de-ribeirao-preto-sp-e-regiao-ismael-colosi\/"},"img":{"alt_text":"","src":"https:\/\/i0.wp.com\/noticiasribeiraopreto.com.br\/wp-content\/uploads\/2025\/08\/Projeto-Capoeira-Nana_Foto-Graziela-Expedita_2025-08-27_11-39-08.webp.webp?fit=1200%2C800&ssl=1&resize=350%2C200","width":350,"height":200,"srcset":"https:\/\/i0.wp.com\/noticiasribeiraopreto.com.br\/wp-content\/uploads\/2025\/08\/Projeto-Capoeira-Nana_Foto-Graziela-Expedita_2025-08-27_11-39-08.webp.webp?fit=1200%2C800&ssl=1&resize=350%2C200 1x, https:\/\/i0.wp.com\/noticiasribeiraopreto.com.br\/wp-content\/uploads\/2025\/08\/Projeto-Capoeira-Nana_Foto-Graziela-Expedita_2025-08-27_11-39-08.webp.webp?fit=1200%2C800&ssl=1&resize=525%2C300 1.5x, https:\/\/i0.wp.com\/noticiasribeiraopreto.com.br\/wp-content\/uploads\/2025\/08\/Projeto-Capoeira-Nana_Foto-Graziela-Expedita_2025-08-27_11-39-08.webp.webp?fit=1200%2C800&ssl=1&resize=700%2C400 2x, https:\/\/i0.wp.com\/noticiasribeiraopreto.com.br\/wp-content\/uploads\/2025\/08\/Projeto-Capoeira-Nana_Foto-Graziela-Expedita_2025-08-27_11-39-08.webp.webp?fit=1200%2C800&ssl=1&resize=1050%2C600 3x"},"classes":[]},{"id":60464,"url":"https:\/\/noticiasribeiraopreto.com.br\/index.php\/2024\/11\/14\/moradores-do-interior-de-sp-levam-premio-da-nota-fiscal-paulista-veja-o-resultado\/","url_meta":{"origin":79211,"position":3},"title":"Moradores do interior de SP levam pr\u00eamio da Nota Fiscal Paulista; Veja o resultado","author":"noticiasribeiraopreto.com.br","date":"14 de November de 2024","format":false,"excerpt":"Um morador de Ribeir\u00e3o Preto faturou o pr\u00eamio de R$ 100 mil no sorteio da Nota Fiscal Paulista, realizado nesta quinta-feira (14). Outros moradores do interior paulista tamb\u00e9m levaram pr\u00eamios que variam entre R$ 100 mil e R$ 500 mil. O pr\u00eamio principal de R$ 1 milh\u00e3o, no entanto, saiu\u2026","rel":"","context":"In &quot;Not\u00edcias de Ribeir\u00e3o Preto-SP e Regi\u00e3o&quot;","block_context":{"text":"Not\u00edcias de Ribeir\u00e3o Preto-SP e Regi\u00e3o","link":"https:\/\/noticiasribeiraopreto.com.br\/index.php\/category\/noticias-de-ribeirao-preto-sp-e-regiao-ismael-colosi\/"},"img":{"alt_text":"","src":"https:\/\/i0.wp.com\/noticiasribeiraopreto.com.br\/wp-content\/uploads\/2024\/11\/dinheiro_economia_1024x576_04022021114711.jpg?fit=1024%2C576&ssl=1&resize=350%2C200","width":350,"height":200,"srcset":"https:\/\/i0.wp.com\/noticiasribeiraopreto.com.br\/wp-content\/uploads\/2024\/11\/dinheiro_economia_1024x576_04022021114711.jpg?fit=1024%2C576&ssl=1&resize=350%2C200 1x, https:\/\/i0.wp.com\/noticiasribeiraopreto.com.br\/wp-content\/uploads\/2024\/11\/dinheiro_economia_1024x576_04022021114711.jpg?fit=1024%2C576&ssl=1&resize=525%2C300 1.5x, https:\/\/i0.wp.com\/noticiasribeiraopreto.com.br\/wp-content\/uploads\/2024\/11\/dinheiro_economia_1024x576_04022021114711.jpg?fit=1024%2C576&ssl=1&resize=700%2C400 2x"},"classes":[]},{"id":59038,"url":"https:\/\/noticiasribeiraopreto.com.br\/index.php\/2024\/10\/12\/moradores-do-interior-de-sp-levam-premio-da-nota-fiscal-paulista-confira\/","url_meta":{"origin":79211,"position":4},"title":"Moradores do interior de SP levam pr\u00eamio da Nota Fiscal Paulista; Confira","author":"noticiasribeiraopreto.com.br","date":"12 de October de 2024","format":false,"excerpt":"Um morador de Pontal, na regi\u00e3o de Ribeir\u00e3o Preto, levou o pr\u00eamio de R$ 100 mil no sorteio da Nota Fiscal Paulista, realizado na \u00faltima sexta-feira (11). Outros moradores do interior paulista tamb\u00e9m levaram pr\u00eamios que variam entre R$ 100 mil e R$ 500 mil \u2013 j\u00e1 o pr\u00eamio principal,\u2026","rel":"","context":"In &quot;Not\u00edcias de Ribeir\u00e3o Preto-SP e Regi\u00e3o&quot;","block_context":{"text":"Not\u00edcias de Ribeir\u00e3o Preto-SP e Regi\u00e3o","link":"https:\/\/noticiasribeiraopreto.com.br\/index.php\/category\/noticias-de-ribeirao-preto-sp-e-regiao-ismael-colosi\/"},"img":{"alt_text":"","src":"https:\/\/i0.wp.com\/noticiasribeiraopreto.com.br\/wp-content\/uploads\/2024\/10\/1728747615_WhatsApp-Image-2023-12-20-at-16.26.15.jpeg?fit=1200%2C707&ssl=1&resize=350%2C200","width":350,"height":200,"srcset":"https:\/\/i0.wp.com\/noticiasribeiraopreto.com.br\/wp-content\/uploads\/2024\/10\/1728747615_WhatsApp-Image-2023-12-20-at-16.26.15.jpeg?fit=1200%2C707&ssl=1&resize=350%2C200 1x, https:\/\/i0.wp.com\/noticiasribeiraopreto.com.br\/wp-content\/uploads\/2024\/10\/1728747615_WhatsApp-Image-2023-12-20-at-16.26.15.jpeg?fit=1200%2C707&ssl=1&resize=525%2C300 1.5x, https:\/\/i0.wp.com\/noticiasribeiraopreto.com.br\/wp-content\/uploads\/2024\/10\/1728747615_WhatsApp-Image-2023-12-20-at-16.26.15.jpeg?fit=1200%2C707&ssl=1&resize=700%2C400 2x, https:\/\/i0.wp.com\/noticiasribeiraopreto.com.br\/wp-content\/uploads\/2024\/10\/1728747615_WhatsApp-Image-2023-12-20-at-16.26.15.jpeg?fit=1200%2C707&ssl=1&resize=1050%2C600 3x"},"classes":[]},{"id":76555,"url":"https:\/\/noticiasribeiraopreto.com.br\/index.php\/2025\/08\/31\/sp-amplia-compra-de-cafe-da-regiao-de-ribeirao-preto-para-enfrentar-tarifaco-de-trump\/","url_meta":{"origin":79211,"position":5},"title":"SP amplia compra de caf\u00e9 da regi\u00e3o de Ribeir\u00e3o Preto para enfrentar Tarifa\u00e7o de Trump","author":"noticiasribeiraopreto.com.br","date":"31 de August de 2025","format":false,"excerpt":"O Governo de S\u00e3o Paulo ampliou a compra de caf\u00e9 produzido por cooperativas da regi\u00e3o de Ribeir\u00e3o Preto para enfrentar o Tarifa\u00e7o imposto pelo presidente dos Estados Unidos, Donald Trump. S\u00e3o cinco chamados p\u00fablicos para compra do caf\u00e9, por meio do PPAIS (Programa Paulista da Agricultura de Interesse Social), que\u2026","rel":"","context":"In &quot;Not\u00edcias de Ribeir\u00e3o Preto-SP e Regi\u00e3o&quot;","block_context":{"text":"Not\u00edcias de Ribeir\u00e3o Preto-SP e Regi\u00e3o","link":"https:\/\/noticiasribeiraopreto.com.br\/index.php\/category\/noticias-de-ribeirao-preto-sp-e-regiao-ismael-colosi\/"},"img":{"alt_text":"","src":"https:\/\/i0.wp.com\/noticiasribeiraopreto.com.br\/wp-content\/uploads\/2025\/08\/cafe_2025-08-31_17-54-11.webp.webp?fit=1000%2C667&ssl=1&resize=350%2C200","width":350,"height":200,"srcset":"https:\/\/i0.wp.com\/noticiasribeiraopreto.com.br\/wp-content\/uploads\/2025\/08\/cafe_2025-08-31_17-54-11.webp.webp?fit=1000%2C667&ssl=1&resize=350%2C200 1x, https:\/\/i0.wp.com\/noticiasribeiraopreto.com.br\/wp-content\/uploads\/2025\/08\/cafe_2025-08-31_17-54-11.webp.webp?fit=1000%2C667&ssl=1&resize=525%2C300 1.5x, https:\/\/i0.wp.com\/noticiasribeiraopreto.com.br\/wp-content\/uploads\/2025\/08\/cafe_2025-08-31_17-54-11.webp.webp?fit=1000%2C667&ssl=1&resize=700%2C400 2x"},"classes":[]}],"jetpack_sharing_enabled":true,"jetpack_shortlink":"https:\/\/wp.me\/peQAOb-kBB","_links":{"self":[{"href":"https:\/\/noticiasribeiraopreto.com.br\/index.php\/wp-json\/wp\/v2\/posts\/79211","targetHints":{"allow":["GET"]}}],"collection":[{"href":"https:\/\/noticiasribeiraopreto.com.br\/index.php\/wp-json\/wp\/v2\/posts"}],"about":[{"href":"https:\/\/noticiasribeiraopreto.com.br\/index.php\/wp-json\/wp\/v2\/types\/post"}],"author":[{"embeddable":true,"href":"https:\/\/noticiasribeiraopreto.com.br\/index.php\/wp-json\/wp\/v2\/users\/1"}],"replies":[{"embeddable":true,"href":"https:\/\/noticiasribeiraopreto.com.br\/index.php\/wp-json\/wp\/v2\/comments?post=79211"}],"version-history":[{"count":0,"href":"https:\/\/noticiasribeiraopreto.com.br\/index.php\/wp-json\/wp\/v2\/posts\/79211\/revisions"}],"wp:featuredmedia":[{"embeddable":true,"href":"https:\/\/noticiasribeiraopreto.com.br\/index.php\/wp-json\/wp\/v2\/media\/79212"}],"wp:attachment":[{"href":"https:\/\/noticiasribeiraopreto.com.br\/index.php\/wp-json\/wp\/v2\/media?parent=79211"}],"wp:term":[{"taxonomy":"category","embeddable":true,"href":"https:\/\/noticiasribeiraopreto.com.br\/index.php\/wp-json\/wp\/v2\/categories?post=79211"},{"taxonomy":"post_tag","embeddable":true,"href":"https:\/\/noticiasribeiraopreto.com.br\/index.php\/wp-json\/wp\/v2\/tags?post=79211"}],"curies":[{"name":"wp","href":"https:\/\/api.w.org\/{rel}","templated":true}]}}