{"id":79213,"date":"2025-10-27T15:14:20","date_gmt":"2025-10-27T18:14:20","guid":{"rendered":"https:\/\/noticiasribeiraopreto.com.br\/index.php\/2025\/10\/27\/novo-mercadao-de-ribeirao-preto-promove-1a-oktoberfest-com-entrada-gratuita-veja-quando\/"},"modified":"2025-10-27T15:14:20","modified_gmt":"2025-10-27T18:14:20","slug":"novo-mercadao-de-ribeirao-preto-promove-1a-oktoberfest-com-entrada-gratuita-veja-quando","status":"publish","type":"post","link":"https:\/\/noticiasribeiraopreto.com.br\/index.php\/2025\/10\/27\/novo-mercadao-de-ribeirao-preto-promove-1a-oktoberfest-com-entrada-gratuita-veja-quando\/","title":{"rendered":"Novo Mercad\u00e3o de Ribeir\u00e3o Preto promove 1\u00aa Oktoberfest com entrada gratuita; veja quando"},"content":{"rendered":"<div class='code-block code-block-1' style='margin: 8px 0 8px auto; text-align: right; display: block; clear: both;'>\n<p><a href=\"https:\/\/wa.link\/vpicfd\"><img data-recalc-dims=\"1\" class=\"wp-image-4922\" style=\"aspect-ratio: 2.0253164556962027; width: 561px; height: auto;\" src=\"https:\/\/i0.wp.com\/ismaelcolosi.com.br\/wp-content\/uploads\/2023\/11\/grupo-de-empregos-whatsapp-e-facebook-ismael-colosi-vagas.jpg?ssl=1\" alt=\"\" \/><\/a><\/p>\n<!-- \/wp:image -->\n<\/div>\n<p> <br \/>\n<\/p>\n<div data-td-block-uid=\"tdi_95\">\n<div class=\"tdb-block-inner td-fix-index\">\n<p>O <strong>Novo Mercad\u00e3o de Ribeir\u00e3o Preto<\/strong> realiza, entre os dias <strong>27 de outubro e 2 de novembro de 2025<\/strong>, a <strong>1\u00aa Oktoberfest<\/strong>, com <strong>entrada gratuita<\/strong>. O evento re\u00fane gastronomia, cultura e m\u00fasica, com programa\u00e7\u00e3o aberta ao p\u00fablico.<\/p>\n<p>A edi\u00e7\u00e3o de 2025 coincide com o <strong>anivers\u00e1rio de 17 anos do Novo Mercad\u00e3o<\/strong>, celebrado em <strong>30 de outubro<\/strong>. A data ser\u00e1 o ponto central da programa\u00e7\u00e3o.<\/p>\n<p>Durante toda a semana, o espa\u00e7o, localizado na <strong>avenida Lygia Latuf Salom\u00e3o, 605, Jardim Jo\u00e3o Rossi<\/strong>, ter\u00e1 <strong>decora\u00e7\u00e3o tem\u00e1tica<\/strong> inspirada na tradicional festa alem\u00e3. Os restaurantes participantes ir\u00e3o servir <strong>pratos e bebidas t\u00edpicas<\/strong>, preparados especialmente para o per\u00edodo.<\/p>\n<h3 class=\"wp-block-heading\"><strong>Veja os pratos t\u00edpicos:<\/strong><\/h3>\n<figure class=\"wp-block-gallery has-nested-images columns-default is-cropped wp-block-gallery-1 is-layout-flex wp-block-gallery-is-layout-flex\">\n<figure class=\"wp-block-image size-large\"><img data-recalc-dims=\"1\" fetchpriority=\"high\" decoding=\"async\" width=\"768\" height=\"1024\" data-id=\"133703\" src=\"https:\/\/i0.wp.com\/cdn.media-acidadeon.com.br\/ribeiraopreto\/wp-content\/uploads\/sites\/3\/2025\/10\/image_2025-10-27_17-25-33-768x1024.webp?resize=768%2C1024&#038;ssl=1\" alt=\"image 2025 10 27 17 25 33\" class=\"wp-image-133703\" title=\"Novo Mercad\u00e3o de Ribeir\u00e3o Preto promove 1\u00aa Oktoberfest com entrada gratuita; veja quando 1\" srcset=\"https:\/\/cdn.media-acidadeon.com.br\/ribeiraopreto\/wp-content\/uploads\/sites\/3\/2025\/10\/image_2025-10-27_17-25-33-768x1024.webp 768w, https:\/\/cdn.media-acidadeon.com.br\/ribeiraopreto\/wp-content\/uploads\/sites\/3\/2025\/10\/image_2025-10-27_17-25-33-225x300.webp 225w, https:\/\/cdn.media-acidadeon.com.br\/ribeiraopreto\/wp-content\/uploads\/sites\/3\/2025\/10\/image_2025-10-27_17-25-33-696x928.webp 696w, https:\/\/cdn.media-acidadeon.com.br\/ribeiraopreto\/wp-content\/uploads\/sites\/3\/2025\/10\/image_2025-10-27_17-25-33-1068x1424.webp 1068w, https:\/\/cdn.media-acidadeon.com.br\/ribeiraopreto\/wp-content\/uploads\/sites\/3\/2025\/10\/image_2025-10-27_17-25-33.webp 1080w\" sizes=\"(max-width: 768px) 100vw, 768px\"\/><\/figure>\n<figure class=\"wp-block-image size-large\"><img data-recalc-dims=\"1\" loading=\"lazy\" decoding=\"async\" width=\"768\" height=\"1024\" data-id=\"133702\" src=\"https:\/\/i0.wp.com\/cdn.media-acidadeon.com.br\/ribeiraopreto\/wp-content\/uploads\/sites\/3\/2025\/10\/image_2025-10-27_17-24-56-768x1024.webp?resize=768%2C1024&#038;ssl=1\" alt=\"image 2025 10 27 17 24 56\" class=\"wp-image-133702\" title=\"Novo Mercad\u00e3o de Ribeir\u00e3o Preto promove 1\u00aa Oktoberfest com entrada gratuita; veja quando 2\" srcset=\"https:\/\/cdn.media-acidadeon.com.br\/ribeiraopreto\/wp-content\/uploads\/sites\/3\/2025\/10\/image_2025-10-27_17-24-56-768x1024.webp 768w, https:\/\/cdn.media-acidadeon.com.br\/ribeiraopreto\/wp-content\/uploads\/sites\/3\/2025\/10\/image_2025-10-27_17-24-56-225x300.webp 225w, https:\/\/cdn.media-acidadeon.com.br\/ribeiraopreto\/wp-content\/uploads\/sites\/3\/2025\/10\/image_2025-10-27_17-24-56-696x928.webp 696w, https:\/\/cdn.media-acidadeon.com.br\/ribeiraopreto\/wp-content\/uploads\/sites\/3\/2025\/10\/image_2025-10-27_17-24-56-1068x1424.webp 1068w, https:\/\/cdn.media-acidadeon.com.br\/ribeiraopreto\/wp-content\/uploads\/sites\/3\/2025\/10\/image_2025-10-27_17-24-56.webp 1080w\" sizes=\"auto, (max-width: 768px) 100vw, 768px\"\/><\/figure>\n<figure class=\"wp-block-image size-large\"><img data-recalc-dims=\"1\" loading=\"lazy\" decoding=\"async\" width=\"768\" height=\"1024\" data-id=\"133701\" src=\"https:\/\/i0.wp.com\/cdn.media-acidadeon.com.br\/ribeiraopreto\/wp-content\/uploads\/sites\/3\/2025\/10\/image_2025-10-27_17-24-45-768x1024.webp?resize=768%2C1024&#038;ssl=1\" alt=\"image 2025 10 27 17 24 45\" class=\"wp-image-133701\" title=\"Novo Mercad\u00e3o de Ribeir\u00e3o Preto promove 1\u00aa Oktoberfest com entrada gratuita; veja quando 3\" srcset=\"https:\/\/cdn.media-acidadeon.com.br\/ribeiraopreto\/wp-content\/uploads\/sites\/3\/2025\/10\/image_2025-10-27_17-24-45-768x1024.webp 768w, https:\/\/cdn.media-acidadeon.com.br\/ribeiraopreto\/wp-content\/uploads\/sites\/3\/2025\/10\/image_2025-10-27_17-24-45-225x300.webp 225w, https:\/\/cdn.media-acidadeon.com.br\/ribeiraopreto\/wp-content\/uploads\/sites\/3\/2025\/10\/image_2025-10-27_17-24-45-696x928.webp 696w, https:\/\/cdn.media-acidadeon.com.br\/ribeiraopreto\/wp-content\/uploads\/sites\/3\/2025\/10\/image_2025-10-27_17-24-45-1068x1424.webp 1068w, https:\/\/cdn.media-acidadeon.com.br\/ribeiraopreto\/wp-content\/uploads\/sites\/3\/2025\/10\/image_2025-10-27_17-24-45.webp 1080w\" sizes=\"auto, (max-width: 768px) 100vw, 768px\"\/><\/figure>\n<figure class=\"wp-block-image size-large\"><img data-recalc-dims=\"1\" loading=\"lazy\" decoding=\"async\" width=\"768\" height=\"1024\" data-id=\"133700\" src=\"https:\/\/i0.wp.com\/cdn.media-acidadeon.com.br\/ribeiraopreto\/wp-content\/uploads\/sites\/3\/2025\/10\/image_2025-10-27_17-24-26-768x1024.webp?resize=768%2C1024&#038;ssl=1\" alt=\"image 2025 10 27 17 24 26\" class=\"wp-image-133700\" title=\"Novo Mercad\u00e3o de Ribeir\u00e3o Preto promove 1\u00aa Oktoberfest com entrada gratuita; veja quando 4\" srcset=\"https:\/\/cdn.media-acidadeon.com.br\/ribeiraopreto\/wp-content\/uploads\/sites\/3\/2025\/10\/image_2025-10-27_17-24-26-768x1024.webp 768w, https:\/\/cdn.media-acidadeon.com.br\/ribeiraopreto\/wp-content\/uploads\/sites\/3\/2025\/10\/image_2025-10-27_17-24-26-225x300.webp 225w, https:\/\/cdn.media-acidadeon.com.br\/ribeiraopreto\/wp-content\/uploads\/sites\/3\/2025\/10\/image_2025-10-27_17-24-26-696x928.webp 696w, https:\/\/cdn.media-acidadeon.com.br\/ribeiraopreto\/wp-content\/uploads\/sites\/3\/2025\/10\/image_2025-10-27_17-24-26-1068x1424.webp 1068w, https:\/\/cdn.media-acidadeon.com.br\/ribeiraopreto\/wp-content\/uploads\/sites\/3\/2025\/10\/image_2025-10-27_17-24-26.webp 1080w\" sizes=\"auto, (max-width: 768px) 100vw, 768px\"\/><\/figure>\n<figure class=\"wp-block-image size-large\"><img data-recalc-dims=\"1\" loading=\"lazy\" decoding=\"async\" width=\"768\" height=\"1024\" data-id=\"133699\" src=\"https:\/\/i0.wp.com\/cdn.media-acidadeon.com.br\/ribeiraopreto\/wp-content\/uploads\/sites\/3\/2025\/10\/image_2025-10-27_17-24-16-768x1024.webp?resize=768%2C1024&#038;ssl=1\" alt=\"oktoberfest&#10;\" class=\"wp-image-133699\" title=\"Novo Mercad\u00e3o de Ribeir\u00e3o Preto promove 1\u00aa Oktoberfest com entrada gratuita; veja quando 5\" srcset=\"https:\/\/cdn.media-acidadeon.com.br\/ribeiraopreto\/wp-content\/uploads\/sites\/3\/2025\/10\/image_2025-10-27_17-24-16-768x1024.webp 768w, https:\/\/cdn.media-acidadeon.com.br\/ribeiraopreto\/wp-content\/uploads\/sites\/3\/2025\/10\/image_2025-10-27_17-24-16-225x300.webp 225w, https:\/\/cdn.media-acidadeon.com.br\/ribeiraopreto\/wp-content\/uploads\/sites\/3\/2025\/10\/image_2025-10-27_17-24-16-696x928.webp 696w, https:\/\/cdn.media-acidadeon.com.br\/ribeiraopreto\/wp-content\/uploads\/sites\/3\/2025\/10\/image_2025-10-27_17-24-16-1068x1424.webp 1068w, https:\/\/cdn.media-acidadeon.com.br\/ribeiraopreto\/wp-content\/uploads\/sites\/3\/2025\/10\/image_2025-10-27_17-24-16.webp 1080w\" sizes=\"auto, (max-width: 768px) 100vw, 768px\"\/><\/figure>\n<figure class=\"wp-block-image size-large\"><img data-recalc-dims=\"1\" loading=\"lazy\" decoding=\"async\" width=\"768\" height=\"1024\" data-id=\"133698\" src=\"https:\/\/i0.wp.com\/cdn.media-acidadeon.com.br\/ribeiraopreto\/wp-content\/uploads\/sites\/3\/2025\/10\/image_2025-10-27_17-24-04-768x1024.webp?resize=768%2C1024&#038;ssl=1\" alt=\"image 2025 10 27 17 24 04\" class=\"wp-image-133698\" title=\"Novo Mercad\u00e3o de Ribeir\u00e3o Preto promove 1\u00aa Oktoberfest com entrada gratuita; veja quando 6\" srcset=\"https:\/\/cdn.media-acidadeon.com.br\/ribeiraopreto\/wp-content\/uploads\/sites\/3\/2025\/10\/image_2025-10-27_17-24-04-768x1024.webp 768w, https:\/\/cdn.media-acidadeon.com.br\/ribeiraopreto\/wp-content\/uploads\/sites\/3\/2025\/10\/image_2025-10-27_17-24-04-225x300.webp 225w, https:\/\/cdn.media-acidadeon.com.br\/ribeiraopreto\/wp-content\/uploads\/sites\/3\/2025\/10\/image_2025-10-27_17-24-04-696x928.webp 696w, https:\/\/cdn.media-acidadeon.com.br\/ribeiraopreto\/wp-content\/uploads\/sites\/3\/2025\/10\/image_2025-10-27_17-24-04-1068x1424.webp 1068w, https:\/\/cdn.media-acidadeon.com.br\/ribeiraopreto\/wp-content\/uploads\/sites\/3\/2025\/10\/image_2025-10-27_17-24-04.webp 1080w\" sizes=\"auto, (max-width: 768px) 100vw, 768px\"\/><\/figure>\n<figure class=\"wp-block-image size-large\"><img data-recalc-dims=\"1\" loading=\"lazy\" decoding=\"async\" width=\"768\" height=\"1024\" data-id=\"133694\" src=\"https:\/\/i0.wp.com\/cdn.media-acidadeon.com.br\/ribeiraopreto\/wp-content\/uploads\/sites\/3\/2025\/10\/image_2025-10-27_17-22-53-768x1024.webp?resize=768%2C1024&#038;ssl=1\" alt=\"image 2025 10 27 17 22 53\" class=\"wp-image-133694\" title=\"Novo Mercad\u00e3o de Ribeir\u00e3o Preto promove 1\u00aa Oktoberfest com entrada gratuita; veja quando 7\" srcset=\"https:\/\/cdn.media-acidadeon.com.br\/ribeiraopreto\/wp-content\/uploads\/sites\/3\/2025\/10\/image_2025-10-27_17-22-53-768x1024.webp 768w, https:\/\/cdn.media-acidadeon.com.br\/ribeiraopreto\/wp-content\/uploads\/sites\/3\/2025\/10\/image_2025-10-27_17-22-53-225x300.webp 225w, https:\/\/cdn.media-acidadeon.com.br\/ribeiraopreto\/wp-content\/uploads\/sites\/3\/2025\/10\/image_2025-10-27_17-22-53-696x928.webp 696w, https:\/\/cdn.media-acidadeon.com.br\/ribeiraopreto\/wp-content\/uploads\/sites\/3\/2025\/10\/image_2025-10-27_17-22-53-1068x1424.webp 1068w, https:\/\/cdn.media-acidadeon.com.br\/ribeiraopreto\/wp-content\/uploads\/sites\/3\/2025\/10\/image_2025-10-27_17-22-53.webp 1080w\" sizes=\"auto, (max-width: 768px) 100vw, 768px\"\/><\/figure>\n<figure class=\"wp-block-image size-large\"><img data-recalc-dims=\"1\" loading=\"lazy\" decoding=\"async\" width=\"768\" height=\"1024\" data-id=\"133697\" src=\"https:\/\/i0.wp.com\/cdn.media-acidadeon.com.br\/ribeiraopreto\/wp-content\/uploads\/sites\/3\/2025\/10\/image_2025-10-27_17-23-52-768x1024.webp?resize=768%2C1024&#038;ssl=1\" alt=\"image 2025 10 27 17 23 52\" class=\"wp-image-133697\" title=\"Novo Mercad\u00e3o de Ribeir\u00e3o Preto promove 1\u00aa Oktoberfest com entrada gratuita; veja quando 8\" srcset=\"https:\/\/cdn.media-acidadeon.com.br\/ribeiraopreto\/wp-content\/uploads\/sites\/3\/2025\/10\/image_2025-10-27_17-23-52-768x1024.webp 768w, https:\/\/cdn.media-acidadeon.com.br\/ribeiraopreto\/wp-content\/uploads\/sites\/3\/2025\/10\/image_2025-10-27_17-23-52-225x300.webp 225w, https:\/\/cdn.media-acidadeon.com.br\/ribeiraopreto\/wp-content\/uploads\/sites\/3\/2025\/10\/image_2025-10-27_17-23-52-696x928.webp 696w, https:\/\/cdn.media-acidadeon.com.br\/ribeiraopreto\/wp-content\/uploads\/sites\/3\/2025\/10\/image_2025-10-27_17-23-52-1068x1424.webp 1068w, https:\/\/cdn.media-acidadeon.com.br\/ribeiraopreto\/wp-content\/uploads\/sites\/3\/2025\/10\/image_2025-10-27_17-23-52.webp 1080w\" sizes=\"auto, (max-width: 768px) 100vw, 768px\"\/><\/figure>\n<figure class=\"wp-block-image size-large\"><img data-recalc-dims=\"1\" loading=\"lazy\" decoding=\"async\" width=\"768\" height=\"1024\" data-id=\"133695\" src=\"https:\/\/i0.wp.com\/cdn.media-acidadeon.com.br\/ribeiraopreto\/wp-content\/uploads\/sites\/3\/2025\/10\/image_2025-10-27_17-23-24-768x1024.webp?resize=768%2C1024&#038;ssl=1\" alt=\"image 2025 10 27 17 23 24\" class=\"wp-image-133695\" title=\"Novo Mercad\u00e3o de Ribeir\u00e3o Preto promove 1\u00aa Oktoberfest com entrada gratuita; veja quando 9\" srcset=\"https:\/\/cdn.media-acidadeon.com.br\/ribeiraopreto\/wp-content\/uploads\/sites\/3\/2025\/10\/image_2025-10-27_17-23-24-768x1024.webp 768w, https:\/\/cdn.media-acidadeon.com.br\/ribeiraopreto\/wp-content\/uploads\/sites\/3\/2025\/10\/image_2025-10-27_17-23-24-225x300.webp 225w, https:\/\/cdn.media-acidadeon.com.br\/ribeiraopreto\/wp-content\/uploads\/sites\/3\/2025\/10\/image_2025-10-27_17-23-24-696x928.webp 696w, https:\/\/cdn.media-acidadeon.com.br\/ribeiraopreto\/wp-content\/uploads\/sites\/3\/2025\/10\/image_2025-10-27_17-23-24-1068x1424.webp 1068w, https:\/\/cdn.media-acidadeon.com.br\/ribeiraopreto\/wp-content\/uploads\/sites\/3\/2025\/10\/image_2025-10-27_17-23-24.webp 1080w\" sizes=\"auto, (max-width: 768px) 100vw, 768px\"\/><\/figure>\n<\/figure>\n<h3 class=\"wp-block-heading\"><strong>Shows no dia do anivers\u00e1rio<\/strong><\/h3>\n<p>No dia <strong>30 de outubro<\/strong>, o p\u00fablico poder\u00e1 acompanhar <strong>shows gratuitos<\/strong> na \u00e1rea externa. As apresenta\u00e7\u00f5es ficam por conta das bandas <strong>Fred Sunwalk<\/strong>, com repert\u00f3rio de <strong>blues<\/strong>, e <strong>Vers\u00e3o 2<\/strong>, com <strong>cl\u00e1ssicos do rock<\/strong>.<\/p>\n<p>Confira a programa\u00e7\u00e3o completa no site \u2013 <a href=\"https:\/\/oktoberfest.novomercadao.com.br\/#programacao\" data-type=\"link\" data-id=\"https:\/\/oktoberfest.novomercadao.com.br\/#programacao\" target=\"_blank\" rel=\"noopener\">clique aqui.<\/a><\/p>\n<hr class=\"wp-block-separator has-alpha-channel-opacity\"\/>\n<p>SAIBA MAIS<\/p>\n<p>Homem \u00e9 preso por matar a pr\u00f3pria filha em Ribeir\u00e3o Preto<\/p>\n<h2 class=\"wp-block-heading\"><strong>FIQUE ON<\/strong><\/h2>\n<p>Fique ligado em tudo que acontece em Ribeir\u00e3o Preto e regi\u00e3o. Siga os perfis do<strong>\u00a0acidade on<\/strong>\u00a0no<a href=\"https:\/\/www.instagram.com\/acidadeonribeirao\" target=\"_blank\" rel=\"noreferrer noopener\">\u00a0Instagram\u00a0<\/a>e no\u00a0<a href=\"https:\/\/www.facebook.com\/acidadeonribeirao\/\" target=\"_blank\" rel=\"noreferrer noopener\">Facebook<\/a>.<\/p>\n<p>Receba not\u00edcias do<strong>\u00a0acidade on\u00a0<\/strong>no WhatsApp. Para entrar no grupo,\u00a0basta\u00a0<a href=\"https:\/\/chat.whatsapp.com\/I4nieTEMKlf50pJ28aMemC?mode=ac_t\" target=\"_blank\" rel=\"noreferrer noopener\">clicar aqui<\/a>. Ou, acesse o nosso\u00a0Canal\u00a0<a href=\"https:\/\/whatsapp.com\/channel\/0029Vb6IQl1JENyAeS57fk2p\" target=\"_blank\" rel=\"noreferrer noopener\">clicando aqui<\/a>.<\/p>\n<p>Fa\u00e7a uma den\u00fancia ou sugira uma reportagem sobre Ribeir\u00e3o Preto e regi\u00e3o pelo WhatsApp: 16 99117 7802.<\/p>\n<p>VEJA TAMB\u00c9M<\/p>\n<p>Quando \u00e9 a Black Friday 2025?<\/p>\n<p><!-- AI CONTENT END 1 -->\n<\/div>\n<\/div>\n<p><script async src=\"\/\/www.instagram.com\/embed.js\"><\/script><br \/>\n<br \/><br \/>\n<br \/><a href=\"https:\/\/www.acidadeon.com\/ribeiraopreto\/lazer-e-cultura\/novo-mercadaode-ribeirao-preto-promove-1a-oktoberfest-com-entrada-gratuita-veja-quando\/\">Source link <\/a><\/p>\n<!-- CONTENT END 1 -->\n","protected":false},"excerpt":{"rendered":"<p>O Novo Mercad\u00e3o de Ribeir\u00e3o Preto realiza, entre os dias 27 de outubro e 2 de novembro de 2025, a 1\u00aa Oktoberfest, com entrada gratuita&#8230;.<\/p>\n","protected":false},"author":1,"featured_media":79214,"comment_status":"open","ping_status":"open","sticky":false,"template":"","format":"standard","meta":{"advanced_seo_description":"","jetpack_seo_html_title":"","jetpack_seo_noindex":false,"jetpack_post_was_ever_published":false,"_jetpack_newsletter_access":"","_jetpack_dont_email_post_to_subs":false,"_jetpack_newsletter_tier_id":0,"_jetpack_memberships_contains_paywalled_content":false,"_jetpack_memberships_contains_paid_content":false,"footnotes":"","jetpack_publicize_message":"","jetpack_publicize_feature_enabled":true,"jetpack_social_post_already_shared":true,"jetpack_social_options":{"image_generator_settings":{"template":"highway","default_image_id":0,"font":"","enabled":false},"version":2}},"categories":[11],"tags":[],"class_list":["post-79213","post","type-post","status-publish","format-standard","has-post-thumbnail","hentry","category-noticias-de-ribeirao-preto-sp-e-regiao-ismael-colosi"],"jetpack_publicize_connections":[],"jetpack_featured_media_url":"https:\/\/i0.wp.com\/noticiasribeiraopreto.com.br\/wp-content\/uploads\/2025\/10\/novo_mercadao_blog_institucional_2025-10-27_17-33-50.webp.webp?fit=760%2C350&ssl=1","jetpack-related-posts":[{"id":74417,"url":"https:\/\/noticiasribeiraopreto.com.br\/index.php\/2025\/07\/22\/oktoberfest-ja-tem-data-confirmada-em-ribeirao-preto-veja-quando\/","url_meta":{"origin":79213,"position":0},"title":"Oktoberfest j\u00e1 tem data confirmada em Ribeir\u00e3o Preto; veja quando","author":"noticiasribeiraopreto.com.br","date":"22 de July de 2025","format":false,"excerpt":"A Oktoberfest 2025 em Ribeir\u00e3o Preto j\u00e1 tem data marcada. A festa acontece entre os dias 24 e 28 de setembro e deve reunir milhares de pessoas durante os cinco dias de programa\u00e7\u00e3o. A entrada ser\u00e1 gratuita. O evento segue o modelo das tradicionais celebra\u00e7\u00f5es alem\u00e3s, com destaque para as\u2026","rel":"","context":"In &quot;Not\u00edcias de Ribeir\u00e3o Preto-SP e Regi\u00e3o&quot;","block_context":{"text":"Not\u00edcias de Ribeir\u00e3o Preto-SP e Regi\u00e3o","link":"https:\/\/noticiasribeiraopreto.com.br\/index.php\/category\/noticias-de-ribeirao-preto-sp-e-regiao-ismael-colosi\/"},"img":{"alt_text":"","src":"https:\/\/i0.wp.com\/noticiasribeiraopreto.com.br\/wp-content\/uploads\/2025\/07\/Copia-de-Copia-de-Copia-de-TAMANHO-EXATO-PARA-FOTOS-NO-SISTEMA-NOVO-13_2024-09-26_13-08-37_jpg_2024-09-26_13-08-37.webp.webp?fit=1200%2C675&ssl=1&resize=350%2C200","width":350,"height":200,"srcset":"https:\/\/i0.wp.com\/noticiasribeiraopreto.com.br\/wp-content\/uploads\/2025\/07\/Copia-de-Copia-de-Copia-de-TAMANHO-EXATO-PARA-FOTOS-NO-SISTEMA-NOVO-13_2024-09-26_13-08-37_jpg_2024-09-26_13-08-37.webp.webp?fit=1200%2C675&ssl=1&resize=350%2C200 1x, https:\/\/i0.wp.com\/noticiasribeiraopreto.com.br\/wp-content\/uploads\/2025\/07\/Copia-de-Copia-de-Copia-de-TAMANHO-EXATO-PARA-FOTOS-NO-SISTEMA-NOVO-13_2024-09-26_13-08-37_jpg_2024-09-26_13-08-37.webp.webp?fit=1200%2C675&ssl=1&resize=525%2C300 1.5x, https:\/\/i0.wp.com\/noticiasribeiraopreto.com.br\/wp-content\/uploads\/2025\/07\/Copia-de-Copia-de-Copia-de-TAMANHO-EXATO-PARA-FOTOS-NO-SISTEMA-NOVO-13_2024-09-26_13-08-37_jpg_2024-09-26_13-08-37.webp.webp?fit=1200%2C675&ssl=1&resize=700%2C400 2x, https:\/\/i0.wp.com\/noticiasribeiraopreto.com.br\/wp-content\/uploads\/2025\/07\/Copia-de-Copia-de-Copia-de-TAMANHO-EXATO-PARA-FOTOS-NO-SISTEMA-NOVO-13_2024-09-26_13-08-37_jpg_2024-09-26_13-08-37.webp.webp?fit=1200%2C675&ssl=1&resize=1050%2C600 3x"},"classes":[]},{"id":58393,"url":"https:\/\/noticiasribeiraopreto.com.br\/index.php\/2024\/09\/26\/oktoberfest-comeca-hoje-em-ribeirao-preto-veja-a-programacao\/","url_meta":{"origin":79213,"position":1},"title":"Oktoberfest come\u00e7a hoje em Ribeir\u00e3o Preto; Veja a programa\u00e7\u00e3o","author":"noticiasribeiraopreto.com.br","date":"26 de September de 2024","format":false,"excerpt":"O Oktoberfest Ribeir\u00e3o 2024 come\u00e7a nesta quinta-feira (26), a partir das 16h, e segue at\u00e9 domingo (29) com diversas atividades no Parque Doutor Lu\u00eds Carlos Raya, em Ribeir\u00e3o Preto. A entrada \u00e9 gratuita. A proposta do evento \u00e9 proporcionar uma verdadeira imers\u00e3o no universo alem\u00e3o, com pratos t\u00edpicos e food\u2026","rel":"","context":"In &quot;Not\u00edcias de Ribeir\u00e3o Preto-SP e Regi\u00e3o&quot;","block_context":{"text":"Not\u00edcias de Ribeir\u00e3o Preto-SP e Regi\u00e3o","link":"https:\/\/noticiasribeiraopreto.com.br\/index.php\/category\/noticias-de-ribeirao-preto-sp-e-regiao-ismael-colosi\/"},"img":{"alt_text":"","src":"https:\/\/i0.wp.com\/noticiasribeiraopreto.com.br\/wp-content\/uploads\/2024\/09\/Copia-de-Copia-de-Copia-de-TAMANHO-EXATO-PARA-FOTOS-NO-SISTEMA-NOVO-13_2024-09-26_13-08-37_jpg_2024-09-26_13-08-37.webp.webp?fit=1200%2C675&ssl=1&resize=350%2C200","width":350,"height":200,"srcset":"https:\/\/i0.wp.com\/noticiasribeiraopreto.com.br\/wp-content\/uploads\/2024\/09\/Copia-de-Copia-de-Copia-de-TAMANHO-EXATO-PARA-FOTOS-NO-SISTEMA-NOVO-13_2024-09-26_13-08-37_jpg_2024-09-26_13-08-37.webp.webp?fit=1200%2C675&ssl=1&resize=350%2C200 1x, https:\/\/i0.wp.com\/noticiasribeiraopreto.com.br\/wp-content\/uploads\/2024\/09\/Copia-de-Copia-de-Copia-de-TAMANHO-EXATO-PARA-FOTOS-NO-SISTEMA-NOVO-13_2024-09-26_13-08-37_jpg_2024-09-26_13-08-37.webp.webp?fit=1200%2C675&ssl=1&resize=525%2C300 1.5x, https:\/\/i0.wp.com\/noticiasribeiraopreto.com.br\/wp-content\/uploads\/2024\/09\/Copia-de-Copia-de-Copia-de-TAMANHO-EXATO-PARA-FOTOS-NO-SISTEMA-NOVO-13_2024-09-26_13-08-37_jpg_2024-09-26_13-08-37.webp.webp?fit=1200%2C675&ssl=1&resize=700%2C400 2x, https:\/\/i0.wp.com\/noticiasribeiraopreto.com.br\/wp-content\/uploads\/2024\/09\/Copia-de-Copia-de-Copia-de-TAMANHO-EXATO-PARA-FOTOS-NO-SISTEMA-NOVO-13_2024-09-26_13-08-37_jpg_2024-09-26_13-08-37.webp.webp?fit=1200%2C675&ssl=1&resize=1050%2C600 3x"},"classes":[]},{"id":79415,"url":"https:\/\/noticiasribeiraopreto.com.br\/index.php\/2025\/10\/31\/shows-comedia-e-halloween-confira-o-que-acontece-neste-fim-de-semana-em-ribeirao-preto\/","url_meta":{"origin":79213,"position":2},"title":"Shows, com\u00e9dia e halloween: confira o que acontece neste fim de semana em Ribeir\u00e3o Preto","author":"noticiasribeiraopreto.com.br","date":"31 de October de 2025","format":false,"excerpt":"O fim de semana chegou e Ribeir\u00e3o Preto conta com diversas op\u00e7\u00f5es para aproveitar. Entre as atra\u00e7\u00f5es est\u00e3o o show da dupla sertaneja Edson & Hudson, o novo stand-up de Igor Guimar\u00e3es e a edi\u00e7\u00e3o do \u201cC\u00e3olloween\u201d. Confira a programa\u00e7\u00e3o completa abaixo. Edson & Hudson A dupla sertaneja se apresenta\u2026","rel":"","context":"In &quot;Not\u00edcias de Ribeir\u00e3o Preto-SP e Regi\u00e3o&quot;","block_context":{"text":"Not\u00edcias de Ribeir\u00e3o Preto-SP e Regi\u00e3o","link":"https:\/\/noticiasribeiraopreto.com.br\/index.php\/category\/noticias-de-ribeirao-preto-sp-e-regiao-ismael-colosi\/"},"img":{"alt_text":"","src":"https:\/\/i0.wp.com\/noticiasribeiraopreto.com.br\/wp-content\/uploads\/2025\/08\/edson-hudson_2025-08-30_19-01-55.webp.webp?fit=800%2C533&ssl=1&resize=350%2C200","width":350,"height":200,"srcset":"https:\/\/i0.wp.com\/noticiasribeiraopreto.com.br\/wp-content\/uploads\/2025\/08\/edson-hudson_2025-08-30_19-01-55.webp.webp?fit=800%2C533&ssl=1&resize=350%2C200 1x, https:\/\/i0.wp.com\/noticiasribeiraopreto.com.br\/wp-content\/uploads\/2025\/08\/edson-hudson_2025-08-30_19-01-55.webp.webp?fit=800%2C533&ssl=1&resize=525%2C300 1.5x, https:\/\/i0.wp.com\/noticiasribeiraopreto.com.br\/wp-content\/uploads\/2025\/08\/edson-hudson_2025-08-30_19-01-55.webp.webp?fit=800%2C533&ssl=1&resize=700%2C400 2x"},"classes":[]},{"id":77865,"url":"https:\/\/noticiasribeiraopreto.com.br\/index.php\/2025\/09\/26\/mercadao-central-celebra-125-anos-com-festa-e-bolo-gigante-em-ribeirao\/","url_meta":{"origin":79213,"position":3},"title":"Mercad\u00e3o Central celebra 125 anos com festa e bolo gigante em Ribeir\u00e3o","author":"noticiasribeiraopreto.com.br","date":"26 de September de 2025","format":false,"excerpt":"Funcion\u00e1rios, consumidores e lojistas celebram, na segunda-feira (29) a partir das 8h, os 125 anos do Mercad\u00e3o Central de Ribeir\u00e3o Preto. Segundo publica\u00e7\u00e3o nas redes sociais, a programa\u00e7\u00e3o dos 125 anos do Mercad\u00e3o Central inclui ato ecum\u00eanico, m\u00fasica ao vivo, carrinhos de pipoca, esculturas de bexigas e pintura facial. Al\u00e9m\u2026","rel":"","context":"In &quot;Not\u00edcias de Ribeir\u00e3o Preto-SP e Regi\u00e3o&quot;","block_context":{"text":"Not\u00edcias de Ribeir\u00e3o Preto-SP e Regi\u00e3o","link":"https:\/\/noticiasribeiraopreto.com.br\/index.php\/category\/noticias-de-ribeirao-preto-sp-e-regiao-ismael-colosi\/"},"img":{"alt_text":"","src":"https:\/\/i0.wp.com\/noticiasribeiraopreto.com.br\/wp-content\/uploads\/2025\/09\/Copia-de-Copia-de-Copia-de-TAMANHO-EXATO-PARA-FOTOS-NO-SISTEMA-NOVO-2025-09-26T174803.714_2025-09-26_20-48-14.webp.webp?fit=1200%2C675&ssl=1&resize=350%2C200","width":350,"height":200,"srcset":"https:\/\/i0.wp.com\/noticiasribeiraopreto.com.br\/wp-content\/uploads\/2025\/09\/Copia-de-Copia-de-Copia-de-TAMANHO-EXATO-PARA-FOTOS-NO-SISTEMA-NOVO-2025-09-26T174803.714_2025-09-26_20-48-14.webp.webp?fit=1200%2C675&ssl=1&resize=350%2C200 1x, https:\/\/i0.wp.com\/noticiasribeiraopreto.com.br\/wp-content\/uploads\/2025\/09\/Copia-de-Copia-de-Copia-de-TAMANHO-EXATO-PARA-FOTOS-NO-SISTEMA-NOVO-2025-09-26T174803.714_2025-09-26_20-48-14.webp.webp?fit=1200%2C675&ssl=1&resize=525%2C300 1.5x, https:\/\/i0.wp.com\/noticiasribeiraopreto.com.br\/wp-content\/uploads\/2025\/09\/Copia-de-Copia-de-Copia-de-TAMANHO-EXATO-PARA-FOTOS-NO-SISTEMA-NOVO-2025-09-26T174803.714_2025-09-26_20-48-14.webp.webp?fit=1200%2C675&ssl=1&resize=700%2C400 2x, https:\/\/i0.wp.com\/noticiasribeiraopreto.com.br\/wp-content\/uploads\/2025\/09\/Copia-de-Copia-de-Copia-de-TAMANHO-EXATO-PARA-FOTOS-NO-SISTEMA-NOVO-2025-09-26T174803.714_2025-09-26_20-48-14.webp.webp?fit=1200%2C675&ssl=1&resize=1050%2C600 3x"},"classes":[]},{"id":76967,"url":"https:\/\/noticiasribeiraopreto.com.br\/index.php\/2025\/09\/09\/oktoberfest-ribeirao-conta-com-musica-ao-vivo-chope-e-entrada-gratuita\/","url_meta":{"origin":79213,"position":4},"title":"Oktoberfest Ribeir\u00e3o conta com m\u00fasica ao vivo, chope e entrada gratuita","author":"noticiasribeiraopreto.com.br","date":"9 de September de 2025","format":false,"excerpt":"Ribeir\u00e3o Preto recebe durante os dias 24 a 28 de setembro mais uma edi\u00e7\u00e3o da Oktoberfest Ribeir\u00e3o, uma das festas mais tradicionais da cultura alem\u00e3. O evento ser\u00e1 realizado no Parque Lu\u00eds Carlos Raya e contar\u00e1 com apresenta\u00e7\u00f5es musicais, gastronomia e chope artesanal. Atra\u00e7\u00f5es Al\u00e9m de entrada gratuita, o Oktoberfest\u2026","rel":"","context":"In &quot;Not\u00edcias de Ribeir\u00e3o Preto-SP e Regi\u00e3o&quot;","block_context":{"text":"Not\u00edcias de Ribeir\u00e3o Preto-SP e Regi\u00e3o","link":"https:\/\/noticiasribeiraopreto.com.br\/index.php\/category\/noticias-de-ribeirao-preto-sp-e-regiao-ismael-colosi\/"},"img":{"alt_text":"","src":"https:\/\/i0.wp.com\/noticiasribeiraopreto.com.br\/wp-content\/uploads\/2025\/09\/Copia-de-Copia-de-Copia-de-TAMANHO-EXATO-PARA-FOTOS-NO-SISTEMA-NOVO-74_2025-09-09_15-04-54.webp.webp?fit=1200%2C675&ssl=1&resize=350%2C200","width":350,"height":200,"srcset":"https:\/\/i0.wp.com\/noticiasribeiraopreto.com.br\/wp-content\/uploads\/2025\/09\/Copia-de-Copia-de-Copia-de-TAMANHO-EXATO-PARA-FOTOS-NO-SISTEMA-NOVO-74_2025-09-09_15-04-54.webp.webp?fit=1200%2C675&ssl=1&resize=350%2C200 1x, https:\/\/i0.wp.com\/noticiasribeiraopreto.com.br\/wp-content\/uploads\/2025\/09\/Copia-de-Copia-de-Copia-de-TAMANHO-EXATO-PARA-FOTOS-NO-SISTEMA-NOVO-74_2025-09-09_15-04-54.webp.webp?fit=1200%2C675&ssl=1&resize=525%2C300 1.5x, https:\/\/i0.wp.com\/noticiasribeiraopreto.com.br\/wp-content\/uploads\/2025\/09\/Copia-de-Copia-de-Copia-de-TAMANHO-EXATO-PARA-FOTOS-NO-SISTEMA-NOVO-74_2025-09-09_15-04-54.webp.webp?fit=1200%2C675&ssl=1&resize=700%2C400 2x, https:\/\/i0.wp.com\/noticiasribeiraopreto.com.br\/wp-content\/uploads\/2025\/09\/Copia-de-Copia-de-Copia-de-TAMANHO-EXATO-PARA-FOTOS-NO-SISTEMA-NOVO-74_2025-09-09_15-04-54.webp.webp?fit=1200%2C675&ssl=1&resize=1050%2C600 3x"},"classes":[]},{"id":77680,"url":"https:\/\/noticiasribeiraopreto.com.br\/index.php\/2025\/09\/23\/oktoberfest-ribeirao-comeca-nesta-semana-com-entrada-gratuita-veja-programacao\/","url_meta":{"origin":79213,"position":5},"title":"Oktoberfest Ribeir\u00e3o come\u00e7a nesta semana com entrada gratuita; Veja programa\u00e7\u00e3o","author":"noticiasribeiraopreto.com.br","date":"23 de September de 2025","format":false,"excerpt":"A tradicional Oktoberfest Ribeir\u00e3o come\u00e7a nesta quarta-feira (24), com entrada gratuita, no Parque Municipal Dr. Lu\u00eds Carlos Raya, na zona Sul Do munic\u00edpio. A festa, inspirada na cultura alem\u00e3, vai at\u00e9 domingo (28) e oferece m\u00fasica, gastronomia t\u00edpica, chope artesanal, dan\u00e7as folcl\u00f3ricas e atra\u00e7\u00f5es para toda a fam\u00edlia \u2013 confira\u2026","rel":"","context":"In &quot;Not\u00edcias de Ribeir\u00e3o Preto-SP e Regi\u00e3o&quot;","block_context":{"text":"Not\u00edcias de Ribeir\u00e3o Preto-SP e Regi\u00e3o","link":"https:\/\/noticiasribeiraopreto.com.br\/index.php\/category\/noticias-de-ribeirao-preto-sp-e-regiao-ismael-colosi\/"},"img":{"alt_text":"","src":"https:\/\/i0.wp.com\/noticiasribeiraopreto.com.br\/wp-content\/uploads\/2025\/09\/Copia-de-Copia-de-Copia-de-TAMANHO-EXATO-PARA-FOTOS-NO-SISTEMA-NOVO-2025-09-23T153604.773_2025-09-23_18-36-10.webp.webp?fit=1200%2C675&ssl=1&resize=350%2C200","width":350,"height":200,"srcset":"https:\/\/i0.wp.com\/noticiasribeiraopreto.com.br\/wp-content\/uploads\/2025\/09\/Copia-de-Copia-de-Copia-de-TAMANHO-EXATO-PARA-FOTOS-NO-SISTEMA-NOVO-2025-09-23T153604.773_2025-09-23_18-36-10.webp.webp?fit=1200%2C675&ssl=1&resize=350%2C200 1x, https:\/\/i0.wp.com\/noticiasribeiraopreto.com.br\/wp-content\/uploads\/2025\/09\/Copia-de-Copia-de-Copia-de-TAMANHO-EXATO-PARA-FOTOS-NO-SISTEMA-NOVO-2025-09-23T153604.773_2025-09-23_18-36-10.webp.webp?fit=1200%2C675&ssl=1&resize=525%2C300 1.5x, https:\/\/i0.wp.com\/noticiasribeiraopreto.com.br\/wp-content\/uploads\/2025\/09\/Copia-de-Copia-de-Copia-de-TAMANHO-EXATO-PARA-FOTOS-NO-SISTEMA-NOVO-2025-09-23T153604.773_2025-09-23_18-36-10.webp.webp?fit=1200%2C675&ssl=1&resize=700%2C400 2x, https:\/\/i0.wp.com\/noticiasribeiraopreto.com.br\/wp-content\/uploads\/2025\/09\/Copia-de-Copia-de-Copia-de-TAMANHO-EXATO-PARA-FOTOS-NO-SISTEMA-NOVO-2025-09-23T153604.773_2025-09-23_18-36-10.webp.webp?fit=1200%2C675&ssl=1&resize=1050%2C600 3x"},"classes":[]}],"jetpack_sharing_enabled":true,"jetpack_shortlink":"https:\/\/wp.me\/peQAOb-kBD","_links":{"self":[{"href":"https:\/\/noticiasribeiraopreto.com.br\/index.php\/wp-json\/wp\/v2\/posts\/79213","targetHints":{"allow":["GET"]}}],"collection":[{"href":"https:\/\/noticiasribeiraopreto.com.br\/index.php\/wp-json\/wp\/v2\/posts"}],"about":[{"href":"https:\/\/noticiasribeiraopreto.com.br\/index.php\/wp-json\/wp\/v2\/types\/post"}],"author":[{"embeddable":true,"href":"https:\/\/noticiasribeiraopreto.com.br\/index.php\/wp-json\/wp\/v2\/users\/1"}],"replies":[{"embeddable":true,"href":"https:\/\/noticiasribeiraopreto.com.br\/index.php\/wp-json\/wp\/v2\/comments?post=79213"}],"version-history":[{"count":0,"href":"https:\/\/noticiasribeiraopreto.com.br\/index.php\/wp-json\/wp\/v2\/posts\/79213\/revisions"}],"wp:featuredmedia":[{"embeddable":true,"href":"https:\/\/noticiasribeiraopreto.com.br\/index.php\/wp-json\/wp\/v2\/media\/79214"}],"wp:attachment":[{"href":"https:\/\/noticiasribeiraopreto.com.br\/index.php\/wp-json\/wp\/v2\/media?parent=79213"}],"wp:term":[{"taxonomy":"category","embeddable":true,"href":"https:\/\/noticiasribeiraopreto.com.br\/index.php\/wp-json\/wp\/v2\/categories?post=79213"},{"taxonomy":"post_tag","embeddable":true,"href":"https:\/\/noticiasribeiraopreto.com.br\/index.php\/wp-json\/wp\/v2\/tags?post=79213"}],"curies":[{"name":"wp","href":"https:\/\/api.w.org\/{rel}","templated":true}]}}