{"id":79215,"date":"2025-10-27T15:21:44","date_gmt":"2025-10-27T18:21:44","guid":{"rendered":"https:\/\/noticiasribeiraopreto.com.br\/index.php\/2025\/10\/27\/quem-e-esquerdogata-influenciadora-presa-apos-ofender-pm-em-ribeirao-preto\/"},"modified":"2025-10-27T15:21:44","modified_gmt":"2025-10-27T18:21:44","slug":"quem-e-esquerdogata-influenciadora-presa-apos-ofender-pm-em-ribeirao-preto","status":"publish","type":"post","link":"https:\/\/noticiasribeiraopreto.com.br\/index.php\/2025\/10\/27\/quem-e-esquerdogata-influenciadora-presa-apos-ofender-pm-em-ribeirao-preto\/","title":{"rendered":"Quem \u00e9 Esquerdogata, influenciadora presa ap\u00f3s ofender PM em Ribeir\u00e3o Preto"},"content":{"rendered":"<div class='code-block code-block-1' style='margin: 8px 0 8px auto; text-align: right; display: block; clear: both;'>\n<p><a href=\"https:\/\/wa.link\/vpicfd\"><img data-recalc-dims=\"1\" class=\"wp-image-4922\" style=\"aspect-ratio: 2.0253164556962027; width: 561px; height: auto;\" src=\"https:\/\/i0.wp.com\/ismaelcolosi.com.br\/wp-content\/uploads\/2023\/11\/grupo-de-empregos-whatsapp-e-facebook-ismael-colosi-vagas.jpg?ssl=1\" alt=\"\" \/><\/a><\/p>\n<!-- \/wp:image -->\n<\/div>\n<p> <br \/>\n<\/p>\n<div>\n<p>Presa na madrugada do \u00faltimo s\u00e1bado (25) por desacato contra policiais militares no Centro de Ribeir\u00e3o Preto, <strong>Aline Bardy Dutra<\/strong>, conhecida como <strong>Esquerdogata<\/strong>, \u00e9 comunicadora, professora e militante pol\u00edtica.<\/p>\n<p>Com mais de <strong>800 mil seguidores nas redes sociais<\/strong>, Aline, que tem 45 anos, produz e compartilha <strong>v\u00eddeos <\/strong>e <strong>textos <\/strong>principalmente sobre <strong>pol\u00edtica brasileira<\/strong>. Em seu site, se intitula \u201crefer\u00eancia em an\u00e1lises cr\u00edticas, conte\u00fados sobre pol\u00edtica e debates que unem informa\u00e7\u00e3o e mobiliza\u00e7\u00e3o.\u201d<\/p>\n<p>Aline tamb\u00e9m mant\u00e9m uma <strong>loja online<\/strong> onde comercializa produtos oficiais da marca \u201c<strong>Esquerdogata<\/strong>\u201d. Na p\u00e1gina ela conta que o com\u00e9rcio nasceu \u201cdo desejo de fortalecer a luta coletiva, levado adianta a mensagem da esquerda de fora criativa, acess\u00edvel e autentica.\u201d<\/p>\n<figure class=\"wp-block-gallery has-nested-images columns-default is-cropped wp-block-gallery-1 is-layout-flex wp-block-gallery-is-layout-flex\">\n<figure class=\"wp-block-image size-large\"><img data-recalc-dims=\"1\" fetchpriority=\"high\" decoding=\"async\" width=\"1024\" height=\"576\" data-id=\"133687\" src=\"https:\/\/i0.wp.com\/cdn.media-acidadeon.com.br\/ribeiraopreto\/wp-content\/uploads\/sites\/3\/2025\/10\/Copia-de-Copia-de-Copia-de-TAMANHO-EXATO-PARA-FOTOS-NO-SISTEMA-NOVO-2025-10-27T135455.058_2025-10-27_16-55-03-1024x576.webp?resize=1024%2C576&#038;ssl=1\" alt=\"Aline mant\u00e9m uma loja online onde comercializa produtos oficiais da marca \u201cEsquerdogata - Foto: reprodu\u00e7\u00e3o\/ redes sociais.\" class=\"wp-image-133687\" title=\"Quem \u00e9 Esquerdogata, influenciadora presa ap\u00f3s ofender PM em Ribeir\u00e3o Preto 1\" srcset=\"https:\/\/cdn.media-acidadeon.com.br\/ribeiraopreto\/wp-content\/uploads\/sites\/3\/2025\/10\/Copia-de-Copia-de-Copia-de-TAMANHO-EXATO-PARA-FOTOS-NO-SISTEMA-NOVO-2025-10-27T135455.058_2025-10-27_16-55-03-1024x576.webp 1024w, https:\/\/cdn.media-acidadeon.com.br\/ribeiraopreto\/wp-content\/uploads\/sites\/3\/2025\/10\/Copia-de-Copia-de-Copia-de-TAMANHO-EXATO-PARA-FOTOS-NO-SISTEMA-NOVO-2025-10-27T135455.058_2025-10-27_16-55-03-300x169.webp 300w, https:\/\/cdn.media-acidadeon.com.br\/ribeiraopreto\/wp-content\/uploads\/sites\/3\/2025\/10\/Copia-de-Copia-de-Copia-de-TAMANHO-EXATO-PARA-FOTOS-NO-SISTEMA-NOVO-2025-10-27T135455.058_2025-10-27_16-55-03-768x432.webp 768w, https:\/\/cdn.media-acidadeon.com.br\/ribeiraopreto\/wp-content\/uploads\/sites\/3\/2025\/10\/Copia-de-Copia-de-Copia-de-TAMANHO-EXATO-PARA-FOTOS-NO-SISTEMA-NOVO-2025-10-27T135455.058_2025-10-27_16-55-03-696x392.webp 696w, https:\/\/cdn.media-acidadeon.com.br\/ribeiraopreto\/wp-content\/uploads\/sites\/3\/2025\/10\/Copia-de-Copia-de-Copia-de-TAMANHO-EXATO-PARA-FOTOS-NO-SISTEMA-NOVO-2025-10-27T135455.058_2025-10-27_16-55-03-1068x601.webp 1068w, https:\/\/cdn.media-acidadeon.com.br\/ribeiraopreto\/wp-content\/uploads\/sites\/3\/2025\/10\/Copia-de-Copia-de-Copia-de-TAMANHO-EXATO-PARA-FOTOS-NO-SISTEMA-NOVO-2025-10-27T135455.058_2025-10-27_16-55-03.webp 1200w\" sizes=\"(max-width: 1024px) 100vw, 1024px\"\/><figcaption class=\"wp-element-caption\">Aline mant\u00e9m uma loja online onde comercializa produtos oficiais da marca \u201cEsquerdogata \u2013 Foto: reprodu\u00e7\u00e3o\/ redes sociais.<\/figcaption><\/figure>\n<figure class=\"wp-block-image size-large\"><img data-recalc-dims=\"1\" loading=\"lazy\" decoding=\"async\" width=\"1024\" height=\"576\" data-id=\"133689\" src=\"https:\/\/i0.wp.com\/cdn.media-acidadeon.com.br\/ribeiraopreto\/wp-content\/uploads\/sites\/3\/2025\/10\/Copia-de-Copia-de-Copia-de-TAMANHO-EXATO-PARA-FOTOS-NO-SISTEMA-NOVO-2025-10-27T135027.570_2025-10-27_16-55-23-1024x576.webp?resize=1024%2C576&#038;ssl=1\" alt=\"Aline mant\u00e9m uma loja online onde comercializa produtos oficiais da marca \u201cEsquerdogata - Foto: reprodu\u00e7\u00e3o\/ redes sociais.\" class=\"wp-image-133689\" title=\"Quem \u00e9 Esquerdogata, influenciadora presa ap\u00f3s ofender PM em Ribeir\u00e3o Preto 2\" srcset=\"https:\/\/cdn.media-acidadeon.com.br\/ribeiraopreto\/wp-content\/uploads\/sites\/3\/2025\/10\/Copia-de-Copia-de-Copia-de-TAMANHO-EXATO-PARA-FOTOS-NO-SISTEMA-NOVO-2025-10-27T135027.570_2025-10-27_16-55-23-1024x576.webp 1024w, https:\/\/cdn.media-acidadeon.com.br\/ribeiraopreto\/wp-content\/uploads\/sites\/3\/2025\/10\/Copia-de-Copia-de-Copia-de-TAMANHO-EXATO-PARA-FOTOS-NO-SISTEMA-NOVO-2025-10-27T135027.570_2025-10-27_16-55-23-300x169.webp 300w, https:\/\/cdn.media-acidadeon.com.br\/ribeiraopreto\/wp-content\/uploads\/sites\/3\/2025\/10\/Copia-de-Copia-de-Copia-de-TAMANHO-EXATO-PARA-FOTOS-NO-SISTEMA-NOVO-2025-10-27T135027.570_2025-10-27_16-55-23-768x432.webp 768w, https:\/\/cdn.media-acidadeon.com.br\/ribeiraopreto\/wp-content\/uploads\/sites\/3\/2025\/10\/Copia-de-Copia-de-Copia-de-TAMANHO-EXATO-PARA-FOTOS-NO-SISTEMA-NOVO-2025-10-27T135027.570_2025-10-27_16-55-23-696x392.webp 696w, https:\/\/cdn.media-acidadeon.com.br\/ribeiraopreto\/wp-content\/uploads\/sites\/3\/2025\/10\/Copia-de-Copia-de-Copia-de-TAMANHO-EXATO-PARA-FOTOS-NO-SISTEMA-NOVO-2025-10-27T135027.570_2025-10-27_16-55-23-1068x601.webp 1068w, https:\/\/cdn.media-acidadeon.com.br\/ribeiraopreto\/wp-content\/uploads\/sites\/3\/2025\/10\/Copia-de-Copia-de-Copia-de-TAMANHO-EXATO-PARA-FOTOS-NO-SISTEMA-NOVO-2025-10-27T135027.570_2025-10-27_16-55-23.webp 1200w\" sizes=\"auto, (max-width: 1024px) 100vw, 1024px\"\/><figcaption class=\"wp-element-caption\">Aline mant\u00e9m uma loja online onde comercializa produtos oficiais da marca \u201cEsquerdogata \u2013 Foto: reprodu\u00e7\u00e3o\/ redes sociais.<\/figcaption><\/figure>\n<\/figure>\n<p><mark style=\"background-color:#fcb900\" class=\"has-inline-color\">A influenciadora passou por <strong>audi\u00eancia de cust\u00f3dia<\/strong> e foi <strong>liberada <\/strong>mediante o cumprimento de <strong>medidas cautelares<\/strong>, como permanecer em casa entre 20h e 6h, e comprovar o tratamento m\u00e9dico psiqui\u00e1trico e psicol\u00f3gico a cada 60 dias.<\/mark><\/p>\n<p>Por meio de nota enviado ao <strong>acidade on<\/strong>, os advogados Douglas Eduardo Marques e Roberto Bertholdo, que defendem Aline, disseram que a cliente n\u00e3o se recorda do ocorrido na madrugada do \u00faltimo s\u00e1bado, devido ao uso de \u00e1lcool e medicamentos controlados, e que est\u00e1 disposta a pedir desculpas ao policial.<\/p>\n<h2 class=\"wp-block-heading\"><strong>Professora da rede p\u00fablica<\/strong><\/h2>\n<p>Conforme apura\u00e7\u00e3o, Aline tamb\u00e9m \u00e9 <strong>professora da rede municipal de ensino<\/strong>, vinculada \u00e0 Emei Paulo Henrique de Souza, no Jd. Maria Casagrande Lopes, zona Norte de Ribeir\u00e3o Preto.<\/p>\n<p>Em nota, a <strong>Secretaria Municipal de Educa\u00e7\u00e3o<\/strong> esclareceu que a servidora havia solicitado um afastamento sem vencimentos, com vig\u00eancia de <strong>22 de julho de 2024<\/strong> at\u00e9 <strong>21 de julho de 2027<\/strong>.<\/p>\n<div class=\"wp-block-image\">\n<figure class=\"aligncenter size-large is-resized\"><img data-recalc-dims=\"1\" loading=\"lazy\" decoding=\"async\" width=\"1024\" height=\"576\" src=\"https:\/\/i0.wp.com\/cdn.media-acidadeon.com.br\/ribeiraopreto\/wp-content\/uploads\/sites\/3\/2025\/10\/esquerdogata_2025-10-27_13-36-44-1024x576.webp?resize=1024%2C576&#038;ssl=1\" alt=\"Aline Bardy Dutram conhecida como Esquerdogata, foi presa por desacato \u2013 Foto: Redes sociais.\" class=\"wp-image-133647\" style=\"width:654px\" title=\"Quem \u00e9 Esquerdogata, influenciadora presa ap\u00f3s ofender PM em Ribeir\u00e3o Preto 3\" srcset=\"https:\/\/cdn.media-acidadeon.com.br\/ribeiraopreto\/wp-content\/uploads\/sites\/3\/2025\/10\/esquerdogata_2025-10-27_13-36-44-1024x576.webp 1024w, https:\/\/cdn.media-acidadeon.com.br\/ribeiraopreto\/wp-content\/uploads\/sites\/3\/2025\/10\/esquerdogata_2025-10-27_13-36-44-300x169.webp 300w, https:\/\/cdn.media-acidadeon.com.br\/ribeiraopreto\/wp-content\/uploads\/sites\/3\/2025\/10\/esquerdogata_2025-10-27_13-36-44-768x432.webp 768w, https:\/\/cdn.media-acidadeon.com.br\/ribeiraopreto\/wp-content\/uploads\/sites\/3\/2025\/10\/esquerdogata_2025-10-27_13-36-44-696x392.webp 696w, https:\/\/cdn.media-acidadeon.com.br\/ribeiraopreto\/wp-content\/uploads\/sites\/3\/2025\/10\/esquerdogata_2025-10-27_13-36-44-1068x601.webp 1068w, https:\/\/cdn.media-acidadeon.com.br\/ribeiraopreto\/wp-content\/uploads\/sites\/3\/2025\/10\/esquerdogata_2025-10-27_13-36-44.webp 1200w\" sizes=\"auto, (max-width: 1024px) 100vw, 1024px\"\/><figcaption class=\"wp-element-caption\">Aline Bardy Dutram conhecida como Esquerdogata, foi presa por desacato \u2013 Foto: Redes sociais.<\/figcaption><\/figure>\n<\/div>\n<h2 class=\"wp-block-heading\"><strong>Crime em Ribeir\u00e3o Preto<\/strong><\/h2>\n<p>A <strong>influenciadora Esquerdogata <\/strong>foi presa na madrugada do \u00faltimo s\u00e1bado, por desacato contra policiais militares na esquina das ruas Flor\u00eancio de Abreu e Cerqueira C\u00e9sar, no <strong>Centro de Ribeir\u00e3o Preto<\/strong>.<\/p>\n<p>No <strong>boletim de ocorr\u00eancia<\/strong>, os policiais relataram que, ap\u00f3s uma fiscaliza\u00e7\u00e3o de tr\u00e2nsito, a equipe foi surpreendida pela influenciadora, que <mark style=\"background-color:#fcb900\" class=\"has-inline-color\">passou a question\u00e1-los sobre o motivo da abordagem de uma pessoa e a filmar a a\u00e7\u00e3o \u2013 veja o v\u00eddeo abaixo.<\/mark><\/p>\n<p>Ainda conforme o registro, a influenciadora teria dito que o procedimento dos policiais na blitz de tr\u00e2nsito seria por conta da cor do abordado, que tratava-se de pessoa preta.<\/p>\n<p>Os policiais tamb\u00e9m relataram que quando a influenciadora foi comunicada que seria conduzida at\u00e9 a delegacia, ela passou a xing\u00e1-los. <strong>Foi necess\u00e1rio o uso de algemas contra a influenciadora.<\/strong><\/p>\n<p>O caso foi registrado na <strong>CPJ (Central de Pol\u00edcia Judici\u00e1ria) Permanente<\/strong> como flagrante de desacato, resist\u00eancia e preconceitos de ra\u00e7a ou de cor.<\/p>\n<blockquote class=\"instagram-media\" data-instgrm-permalink=\"https:\/\/www.instagram.com\/reel\/DQUZVdzjt4S\/?utm_source=ig_embed&amp;utm_campaign=loading\" data-instgrm-version=\"14\" style=\" background:#FFF; border:0; border-radius:3px; box-shadow:0 0 1px 0 rgba(0,0,0,0.5),0 1px 10px 0 rgba(0,0,0,0.15); margin: 1px; max-width:540px; min-width:326px; padding:0; width:99.375%; width:-webkit-calc(100% - 2px); width:calc(100% - 2px);\"\/>\n<hr class=\"wp-block-separator has-alpha-channel-opacity\"\/>\n<p>SAIBA MAIS<\/p>\n<p>Homem \u00e9 preso por matar a pr\u00f3pria filha em Ribeir\u00e3o Preto<\/p>\n<h2 class=\"wp-block-heading\"><strong>FIQUE ON<\/strong><\/h2>\n<p>Fique ligado em tudo que acontece em Ribeir\u00e3o Preto e regi\u00e3o. Siga os perfis do<strong>\u00a0acidade on<\/strong>\u00a0no<a href=\"https:\/\/www.instagram.com\/acidadeonribeirao\" target=\"_blank\" rel=\"noreferrer noopener\">\u00a0Instagram\u00a0<\/a>e no\u00a0<a href=\"https:\/\/www.facebook.com\/acidadeonribeirao\/\" target=\"_blank\" rel=\"noreferrer noopener\">Facebook<\/a>.<\/p>\n<p>Receba not\u00edcias do<strong>\u00a0acidade on\u00a0<\/strong>no WhatsApp. Para entrar no grupo,\u00a0basta\u00a0<a href=\"https:\/\/chat.whatsapp.com\/I4nieTEMKlf50pJ28aMemC?mode=ac_t\" target=\"_blank\" rel=\"noreferrer noopener\">clicar aqui<\/a>. Ou, acesse o nosso\u00a0Canal\u00a0<a href=\"https:\/\/whatsapp.com\/channel\/0029Vb6IQl1JENyAeS57fk2p\" target=\"_blank\" rel=\"noreferrer noopener\">clicando aqui<\/a>.<\/p>\n<p>Fa\u00e7a uma den\u00fancia ou sugira uma reportagem sobre Ribeir\u00e3o Preto e regi\u00e3o pelo WhatsApp: 16 99117 7802.<\/p>\n<p>VEJA TAMB\u00c9M<\/p>\n<p>Quando \u00e9 a Black Friday 2025?<\/p>\n<p><!-- AI CONTENT END 1 -->\n<\/div>\n<p><script async src=\"\/\/www.instagram.com\/embed.js\"><\/script><br \/>\n<br \/><br \/>\n<br \/><a href=\"https:\/\/www.acidadeon.com\/ribeiraopreto\/cotidiano\/quem-e-esquerdogata-influenciadora-presa-apos-ofender-pm-em-ribeirao-preto\/\">Source link <\/a><\/p>\n<!-- CONTENT END 1 -->\n","protected":false},"excerpt":{"rendered":"<p>Presa na madrugada do \u00faltimo s\u00e1bado (25) por desacato contra policiais militares no Centro de Ribeir\u00e3o Preto, Aline Bardy Dutra, conhecida como Esquerdogata, \u00e9 comunicadora,&#8230;<\/p>\n","protected":false},"author":1,"featured_media":79216,"comment_status":"open","ping_status":"open","sticky":false,"template":"","format":"standard","meta":{"advanced_seo_description":"","jetpack_seo_html_title":"","jetpack_seo_noindex":false,"jetpack_post_was_ever_published":false,"_jetpack_newsletter_access":"","_jetpack_dont_email_post_to_subs":false,"_jetpack_newsletter_tier_id":0,"_jetpack_memberships_contains_paywalled_content":false,"_jetpack_memberships_contains_paid_content":false,"footnotes":"","jetpack_publicize_message":"","jetpack_publicize_feature_enabled":true,"jetpack_social_post_already_shared":true,"jetpack_social_options":{"image_generator_settings":{"template":"highway","default_image_id":0,"font":"","enabled":false},"version":2}},"categories":[11],"tags":[],"class_list":["post-79215","post","type-post","status-publish","format-standard","has-post-thumbnail","hentry","category-noticias-de-ribeirao-preto-sp-e-regiao-ismael-colosi"],"jetpack_publicize_connections":[],"jetpack_featured_media_url":"https:\/\/i0.wp.com\/noticiasribeiraopreto.com.br\/wp-content\/uploads\/2025\/10\/Copia-de-Copia-de-Copia-de-TAMANHO-EXATO-PARA-FOTOS-NO-SISTEMA-NOVO-2025-10-27T133032.461_2025-10-27_16-30-35.webp.webp?fit=1200%2C675&ssl=1","jetpack-related-posts":[{"id":79253,"url":"https:\/\/noticiasribeiraopreto.com.br\/index.php\/2025\/10\/28\/esquerdogata-ja-foi-condenada-por-desacatar-policiais-militares-em-ribeirao-entenda\/","url_meta":{"origin":79215,"position":0},"title":"Esquerdogata j\u00e1 foi condenada por desacatar policiais militares em Ribeir\u00e3o; Entenda","author":"noticiasribeiraopreto.com.br","date":"28 de October de 2025","format":false,"excerpt":"Presa no \u00faltimo s\u00e1bado (25) por desacatar policiais militares no Centro de Ribeir\u00e3o Preto, a influenciadora e professora Aline Bardy Dutra, conhecida nas redes sociais como Esquerdogata, esteve envolvida em um caso semelhante em outubro de 2022. Em fevereiro deste ano, Aline foi condenada em primeira inst\u00e2ncia pela Justi\u00e7a de\u2026","rel":"","context":"In &quot;Not\u00edcias de Ribeir\u00e3o Preto-SP e Regi\u00e3o&quot;","block_context":{"text":"Not\u00edcias de Ribeir\u00e3o Preto-SP e Regi\u00e3o","link":"https:\/\/noticiasribeiraopreto.com.br\/index.php\/category\/noticias-de-ribeirao-preto-sp-e-regiao-ismael-colosi\/"},"img":{"alt_text":"","src":"https:\/\/i0.wp.com\/noticiasribeiraopreto.com.br\/wp-content\/uploads\/2025\/10\/voguing_2025-10-28_15-10-23.webp.webp?fit=1200%2C675&ssl=1&resize=350%2C200","width":350,"height":200,"srcset":"https:\/\/i0.wp.com\/noticiasribeiraopreto.com.br\/wp-content\/uploads\/2025\/10\/voguing_2025-10-28_15-10-23.webp.webp?fit=1200%2C675&ssl=1&resize=350%2C200 1x, https:\/\/i0.wp.com\/noticiasribeiraopreto.com.br\/wp-content\/uploads\/2025\/10\/voguing_2025-10-28_15-10-23.webp.webp?fit=1200%2C675&ssl=1&resize=525%2C300 1.5x, https:\/\/i0.wp.com\/noticiasribeiraopreto.com.br\/wp-content\/uploads\/2025\/10\/voguing_2025-10-28_15-10-23.webp.webp?fit=1200%2C675&ssl=1&resize=700%2C400 2x, https:\/\/i0.wp.com\/noticiasribeiraopreto.com.br\/wp-content\/uploads\/2025\/10\/voguing_2025-10-28_15-10-23.webp.webp?fit=1200%2C675&ssl=1&resize=1050%2C600 3x"},"classes":[]},{"id":80971,"url":"https:\/\/noticiasribeiraopreto.com.br\/index.php\/2025\/12\/19\/esquerdogata-passara-por-exame-de-sanidade-mental-apos-decisao-da-justica\/","url_meta":{"origin":79215,"position":1},"title":"Esquerdogata passar\u00e1 por exame de sanidade mental ap\u00f3s decis\u00e3o da Justi\u00e7a","author":"noticiasribeiraopreto.com.br","date":"19 de December de 2025","format":false,"excerpt":"A Justi\u00e7a autorizou a realiza\u00e7\u00e3o de um exame de sanidade mental na influenciadora Aline Bardy Dutra, conhecida como Esquerdogata, acusada de racismo contra dois policiais militares de Ribeir\u00e3o Preto. A decis\u00e3o atende a um pedido feito pela defesa e j\u00e1 foi deferida pelo Judici\u00e1rio. De acordo com o documento ao\u2026","rel":"","context":"In &quot;Not\u00edcias de Ribeir\u00e3o Preto-SP e Regi\u00e3o&quot;","block_context":{"text":"Not\u00edcias de Ribeir\u00e3o Preto-SP e Regi\u00e3o","link":"https:\/\/noticiasribeiraopreto.com.br\/index.php\/category\/noticias-de-ribeirao-preto-sp-e-regiao-ismael-colosi\/"},"img":{"alt_text":"","src":"https:\/\/i0.wp.com\/noticiasribeiraopreto.com.br\/wp-content\/uploads\/2025\/10\/voguing_2025-10-28_15-10-23.webp.webp?fit=1200%2C675&ssl=1&resize=350%2C200","width":350,"height":200,"srcset":"https:\/\/i0.wp.com\/noticiasribeiraopreto.com.br\/wp-content\/uploads\/2025\/10\/voguing_2025-10-28_15-10-23.webp.webp?fit=1200%2C675&ssl=1&resize=350%2C200 1x, https:\/\/i0.wp.com\/noticiasribeiraopreto.com.br\/wp-content\/uploads\/2025\/10\/voguing_2025-10-28_15-10-23.webp.webp?fit=1200%2C675&ssl=1&resize=525%2C300 1.5x, https:\/\/i0.wp.com\/noticiasribeiraopreto.com.br\/wp-content\/uploads\/2025\/10\/voguing_2025-10-28_15-10-23.webp.webp?fit=1200%2C675&ssl=1&resize=700%2C400 2x, https:\/\/i0.wp.com\/noticiasribeiraopreto.com.br\/wp-content\/uploads\/2025\/10\/voguing_2025-10-28_15-10-23.webp.webp?fit=1200%2C675&ssl=1&resize=1050%2C600 3x"},"classes":[]},{"id":83185,"url":"https:\/\/noticiasribeiraopreto.com.br\/index.php\/2026\/03\/12\/nikolas-ferreira-e-esquerdogata-rejeitam-acordo-em-acao-por-difamacao-contra-influenciadora\/","url_meta":{"origin":79215,"position":2},"title":"Nikolas Ferreira e Esquerdogata rejeitam acordo em a\u00e7\u00e3o por difama\u00e7\u00e3o contra influenciadora","author":"noticiasribeiraopreto.com.br","date":"12 de March de 2026","format":false,"excerpt":"\r \r \r 12 de mar\u00e7o de 2026 09:39 \r Compartilhar0 Por Pedro Penteado O deputado federal Nikolas Ferreira (PL-MG) e a influenciadora Aline Bardy Dutra, conhecida como Esquerdogata, recusaram concilia\u00e7\u00e3o em audi\u00eancia realizada na ter\u00e7a-feira, 10, na 1.\u00aa Vara Criminal de Bras\u00edlia, no Tribunal de Justi\u00e7a do Distrito Federal\u2026","rel":"","context":"In &quot;Not\u00edcias de Ribeir\u00e3o Preto-SP e Regi\u00e3o&quot;","block_context":{"text":"Not\u00edcias de Ribeir\u00e3o Preto-SP e Regi\u00e3o","link":"https:\/\/noticiasribeiraopreto.com.br\/index.php\/category\/noticias-de-ribeirao-preto-sp-e-regiao-ismael-colosi\/"},"img":{"alt_text":"","src":"https:\/\/i0.wp.com\/noticiasribeiraopreto.com.br\/wp-content\/uploads\/2026\/03\/27-fev-2026-esquerdogata.jpg?fit=501%2C505&ssl=1&resize=350%2C200","width":350,"height":200},"classes":[]},{"id":79414,"url":"https:\/\/noticiasribeiraopreto.com.br\/index.php\/2025\/10\/31\/moradores-do-quintino-facci-exigem-retratacao-de-esquerdogata-apos-ofensas-a-pm-de-ribeirao\/","url_meta":{"origin":79215,"position":3},"title":"Moradores do Quintino Facci exigem retrata\u00e7\u00e3o de Esquerdogata ap\u00f3s ofensas a PM de Ribeir\u00e3o","author":"noticiasribeiraopreto.com.br","date":"31 de October de 2025","format":false,"excerpt":"A Associa\u00e7\u00e3o de Moradores do Bairro Quintino Facci, em Ribeir\u00e3o Preto, emitiu uma nota de rep\u00fadio, exigindo uma retrata\u00e7\u00e3o formal da influenciadora e professora Aline Bardy Dutra, conhecida como Esquerdogata. No \u00faltimo s\u00e1bado (25), ela se envolveu em uma pol\u00eamica ao desacatar policiais militares. A influenciadora chegou a ser presa,\u2026","rel":"","context":"In &quot;Not\u00edcias de Ribeir\u00e3o Preto-SP e Regi\u00e3o&quot;","block_context":{"text":"Not\u00edcias de Ribeir\u00e3o Preto-SP e Regi\u00e3o","link":"https:\/\/noticiasribeiraopreto.com.br\/index.php\/category\/noticias-de-ribeirao-preto-sp-e-regiao-ismael-colosi\/"},"img":{"alt_text":"","src":"https:\/\/i0.wp.com\/noticiasribeiraopreto.com.br\/wp-content\/uploads\/2025\/10\/Copia-de-Copia-de-Copia-de-TAMANHO-EXATO-PARA-FOTOS-NO-SISTEMA-NOVO-2025-10-27T133032.461_2025-10-27_16-30-35.webp.webp?fit=1200%2C675&ssl=1&resize=350%2C200","width":350,"height":200,"srcset":"https:\/\/i0.wp.com\/noticiasribeiraopreto.com.br\/wp-content\/uploads\/2025\/10\/Copia-de-Copia-de-Copia-de-TAMANHO-EXATO-PARA-FOTOS-NO-SISTEMA-NOVO-2025-10-27T133032.461_2025-10-27_16-30-35.webp.webp?fit=1200%2C675&ssl=1&resize=350%2C200 1x, https:\/\/i0.wp.com\/noticiasribeiraopreto.com.br\/wp-content\/uploads\/2025\/10\/Copia-de-Copia-de-Copia-de-TAMANHO-EXATO-PARA-FOTOS-NO-SISTEMA-NOVO-2025-10-27T133032.461_2025-10-27_16-30-35.webp.webp?fit=1200%2C675&ssl=1&resize=525%2C300 1.5x, https:\/\/i0.wp.com\/noticiasribeiraopreto.com.br\/wp-content\/uploads\/2025\/10\/Copia-de-Copia-de-Copia-de-TAMANHO-EXATO-PARA-FOTOS-NO-SISTEMA-NOVO-2025-10-27T133032.461_2025-10-27_16-30-35.webp.webp?fit=1200%2C675&ssl=1&resize=700%2C400 2x, https:\/\/i0.wp.com\/noticiasribeiraopreto.com.br\/wp-content\/uploads\/2025\/10\/Copia-de-Copia-de-Copia-de-TAMANHO-EXATO-PARA-FOTOS-NO-SISTEMA-NOVO-2025-10-27T133032.461_2025-10-27_16-30-35.webp.webp?fit=1200%2C675&ssl=1&resize=1050%2C600 3x"},"classes":[]},{"id":85179,"url":"https:\/\/noticiasribeiraopreto.com.br\/index.php\/2026\/04\/24\/justica-marca-julgamento-de-esquerdogata\/","url_meta":{"origin":79215,"position":4},"title":"Justi\u00e7a marca julgamento de \u2018Esquerdogata\u2019","author":"noticiasribeiraopreto.com.br","date":"24 de April de 2026","format":false,"excerpt":"\r Influenciadora digital vai passar por audi\u00eancia de instru\u00e7\u00e3o pelas acusa\u00e7\u00f5es de inj\u00faria racial, desacato e resist\u00eancia \u00e0 pris\u00e3o no segundo semestre deste ano\r \r 24 de abril de 2026 07:1723 de abril de 2026 18:04 \r Compartilhar1 | Por: Adalberto Luque | O Tribunal de Justi\u00e7a de S\u00e3o Paulo\u2026","rel":"","context":"In &quot;Not\u00edcias de Ribeir\u00e3o Preto-SP e Regi\u00e3o&quot;","block_context":{"text":"Not\u00edcias de Ribeir\u00e3o Preto-SP e Regi\u00e3o","link":"https:\/\/noticiasribeiraopreto.com.br\/index.php\/category\/noticias-de-ribeirao-preto-sp-e-regiao-ismael-colosi\/"},"img":{"alt_text":"","src":"https:\/\/i0.wp.com\/noticiasribeiraopreto.com.br\/wp-content\/uploads\/2026\/04\/28-out-2025-esquerdogata1-scaled.jpg?fit=1200%2C712&ssl=1&resize=350%2C200","width":350,"height":200,"srcset":"https:\/\/i0.wp.com\/noticiasribeiraopreto.com.br\/wp-content\/uploads\/2026\/04\/28-out-2025-esquerdogata1-scaled.jpg?fit=1200%2C712&ssl=1&resize=350%2C200 1x, https:\/\/i0.wp.com\/noticiasribeiraopreto.com.br\/wp-content\/uploads\/2026\/04\/28-out-2025-esquerdogata1-scaled.jpg?fit=1200%2C712&ssl=1&resize=525%2C300 1.5x, https:\/\/i0.wp.com\/noticiasribeiraopreto.com.br\/wp-content\/uploads\/2026\/04\/28-out-2025-esquerdogata1-scaled.jpg?fit=1200%2C712&ssl=1&resize=700%2C400 2x, https:\/\/i0.wp.com\/noticiasribeiraopreto.com.br\/wp-content\/uploads\/2026\/04\/28-out-2025-esquerdogata1-scaled.jpg?fit=1200%2C712&ssl=1&resize=1050%2C600 3x"},"classes":[]},{"id":79328,"url":"https:\/\/noticiasribeiraopreto.com.br\/index.php\/2025\/10\/29\/prefeitura-de-ribeirao-diz-que-esquerdogata-tem-83-faltas-e-apresentou-mais-de-100-atestados\/","url_meta":{"origin":79215,"position":5},"title":"Prefeitura de Ribeir\u00e3o diz que Esquerdogata tem 83 faltas e apresentou mais de 100 atestados","author":"noticiasribeiraopreto.com.br","date":"29 de October de 2025","format":false,"excerpt":"O prefeito de Ribeir\u00e3o Preto, Ricardo Silva (PSD), disse que a influenciadora e professora Aline Bardy Dutra, a Esquerdogata, tem 83 faltas injustificadas, al\u00e9m de apresentado mais de 100 atestados m\u00e9dicos. Aline \u00e9 professora concursada da rede municipal de Ribeir\u00e3o Preto, mas em julho do ano passado pediu o afastamento,\u2026","rel":"","context":"In &quot;Not\u00edcias de Ribeir\u00e3o Preto-SP e Regi\u00e3o&quot;","block_context":{"text":"Not\u00edcias de Ribeir\u00e3o Preto-SP e Regi\u00e3o","link":"https:\/\/noticiasribeiraopreto.com.br\/index.php\/category\/noticias-de-ribeirao-preto-sp-e-regiao-ismael-colosi\/"},"img":{"alt_text":"","src":"https:\/\/i0.wp.com\/noticiasribeiraopreto.com.br\/wp-content\/uploads\/2025\/10\/aline-bardy-dutra_2025-10-29_17-27-07.webp.webp?fit=1200%2C675&ssl=1&resize=350%2C200","width":350,"height":200,"srcset":"https:\/\/i0.wp.com\/noticiasribeiraopreto.com.br\/wp-content\/uploads\/2025\/10\/aline-bardy-dutra_2025-10-29_17-27-07.webp.webp?fit=1200%2C675&ssl=1&resize=350%2C200 1x, https:\/\/i0.wp.com\/noticiasribeiraopreto.com.br\/wp-content\/uploads\/2025\/10\/aline-bardy-dutra_2025-10-29_17-27-07.webp.webp?fit=1200%2C675&ssl=1&resize=525%2C300 1.5x, https:\/\/i0.wp.com\/noticiasribeiraopreto.com.br\/wp-content\/uploads\/2025\/10\/aline-bardy-dutra_2025-10-29_17-27-07.webp.webp?fit=1200%2C675&ssl=1&resize=700%2C400 2x, https:\/\/i0.wp.com\/noticiasribeiraopreto.com.br\/wp-content\/uploads\/2025\/10\/aline-bardy-dutra_2025-10-29_17-27-07.webp.webp?fit=1200%2C675&ssl=1&resize=1050%2C600 3x"},"classes":[]}],"jetpack_sharing_enabled":true,"jetpack_shortlink":"https:\/\/wp.me\/peQAOb-kBF","_links":{"self":[{"href":"https:\/\/noticiasribeiraopreto.com.br\/index.php\/wp-json\/wp\/v2\/posts\/79215","targetHints":{"allow":["GET"]}}],"collection":[{"href":"https:\/\/noticiasribeiraopreto.com.br\/index.php\/wp-json\/wp\/v2\/posts"}],"about":[{"href":"https:\/\/noticiasribeiraopreto.com.br\/index.php\/wp-json\/wp\/v2\/types\/post"}],"author":[{"embeddable":true,"href":"https:\/\/noticiasribeiraopreto.com.br\/index.php\/wp-json\/wp\/v2\/users\/1"}],"replies":[{"embeddable":true,"href":"https:\/\/noticiasribeiraopreto.com.br\/index.php\/wp-json\/wp\/v2\/comments?post=79215"}],"version-history":[{"count":0,"href":"https:\/\/noticiasribeiraopreto.com.br\/index.php\/wp-json\/wp\/v2\/posts\/79215\/revisions"}],"wp:featuredmedia":[{"embeddable":true,"href":"https:\/\/noticiasribeiraopreto.com.br\/index.php\/wp-json\/wp\/v2\/media\/79216"}],"wp:attachment":[{"href":"https:\/\/noticiasribeiraopreto.com.br\/index.php\/wp-json\/wp\/v2\/media?parent=79215"}],"wp:term":[{"taxonomy":"category","embeddable":true,"href":"https:\/\/noticiasribeiraopreto.com.br\/index.php\/wp-json\/wp\/v2\/categories?post=79215"},{"taxonomy":"post_tag","embeddable":true,"href":"https:\/\/noticiasribeiraopreto.com.br\/index.php\/wp-json\/wp\/v2\/tags?post=79215"}],"curies":[{"name":"wp","href":"https:\/\/api.w.org\/{rel}","templated":true}]}}