{"id":79217,"date":"2025-10-27T15:28:59","date_gmt":"2025-10-27T18:28:59","guid":{"rendered":"https:\/\/noticiasribeiraopreto.com.br\/index.php\/2025\/10\/27\/o-que-se-sabe-sobre-o-caso-do-pai-preso-por-matar-a-filha-em-ribeirao-preto\/"},"modified":"2025-10-27T15:28:59","modified_gmt":"2025-10-27T18:28:59","slug":"o-que-se-sabe-sobre-o-caso-do-pai-preso-por-matar-a-filha-em-ribeirao-preto","status":"publish","type":"post","link":"https:\/\/noticiasribeiraopreto.com.br\/index.php\/2025\/10\/27\/o-que-se-sabe-sobre-o-caso-do-pai-preso-por-matar-a-filha-em-ribeirao-preto\/","title":{"rendered":"O que se sabe sobre o caso do pai preso por matar a filha em Ribeir\u00e3o Preto"},"content":{"rendered":"<div class='code-block code-block-1' style='margin: 8px 0 8px auto; text-align: right; display: block; clear: both;'>\n<p><a href=\"https:\/\/wa.link\/vpicfd\"><img data-recalc-dims=\"1\" class=\"wp-image-4922\" style=\"aspect-ratio: 2.0253164556962027; width: 561px; height: auto;\" src=\"https:\/\/i0.wp.com\/ismaelcolosi.com.br\/wp-content\/uploads\/2023\/11\/grupo-de-empregos-whatsapp-e-facebook-ismael-colosi-vagas.jpg?ssl=1\" alt=\"\" \/><\/a><\/p>\n<!-- \/wp:image -->\n<\/div>\n<p> <br \/>\n<\/p>\n<div>\n<p><strong>Um homem de 77 anos foi preso neste domingo (26), suspeito de matar a pr\u00f3pria filha, de 54 anos, com golpes de barra de ferro, no Jardim Arlindo Laguna, zona Oeste de Ribeir\u00e3o Preto.<\/strong><\/p>\n<h2 class=\"wp-block-heading\"><strong>O que aconteceu:<\/strong><\/h2>\n<p>Segundo o boletim de ocorr\u00eancia (BO), <mark style=\"background-color:#fcb900\" class=\"has-inline-color has-black-color\">a v\u00edtima, identificada como Andreia Adonai da Silva Almeida, morreu na avenida Virg\u00edlio Soeira.<\/mark><\/p>\n<p>Ainda conforme o registro, Jos\u00e9 Pereira da Silva foi encontrado pela PM (Pol\u00edcia Militar) na casa onde morava com a filha, que fica perto de onde a v\u00edtima foi encontrada j\u00e1 sem vida. <\/p>\n<p>Os policias disseram que o homem aparentava ter sa\u00eddo do banho. Ele apresentava ferimentos em um dos bra\u00e7os, inclusive um corte profundo. Ao ser questionado, permaneceu em sil\u00eancio. Marcas de sangue foram encontradas na resid\u00eancia.<\/p>\n<p>O homem acabou socorrido e, posteriormente, foi levado \u00e0 CPJ (Central de Pol\u00edcia Judici\u00e1ria) Permanente.<\/p>\n<p>A pol\u00edcia disse que imagens de c\u00e2meras de seguran\u00e7a registraram o momento da agress\u00e3o contra a v\u00edtima.<\/p>\n<p>Duas barras de ferro com marcas de sangue, que teriam sido utilizadas no crime, foram apreendidas.<\/p>\n<p>O caso foi registrado como flagrante de feminic\u00eddio e viol\u00eancia dom\u00e9stica para investiga\u00e7\u00e3o da Pol\u00edcia Civil.<\/p>\n<p>O Tribunal de Justi\u00e7a do Estado de S\u00e3o Paulo (TJ-SP) informou que a pris\u00e3o em flagrante de Jos\u00e9 Pereira da Silva foi convertida em preventiva na audi\u00eancia de cust\u00f3dia.<\/p>\n<h3 class=\"wp-block-heading\"><strong>Outro lado<\/strong><\/h3>\n<p>O <strong>acidade on<\/strong> tenta contato com defesa do homem preso.<\/p>\n<p>SAIBA MAIS<\/p>\n<p>O que se sabe sobre o caso da influenciadora presa por desacatar PM em Ribeir\u00e3o Preto<\/p>\n<h4 class=\"wp-block-heading\"><strong>FIQUE ON<\/strong><\/h4>\n<p>Fique ligado em tudo que acontece em Ribeir\u00e3o Preto e regi\u00e3o. Siga os perfis do<strong>\u00a0acidade on<\/strong>\u00a0no<a href=\"https:\/\/www.instagram.com\/acidadeonribeirao\" target=\"_blank\" rel=\"noreferrer noopener\">\u00a0Instagram\u00a0<\/a>e no\u00a0<a href=\"https:\/\/www.facebook.com\/acidadeonribeirao\/\" target=\"_blank\" rel=\"noreferrer noopener\">Facebook<\/a>.<\/p>\n<p>Receba not\u00edcias do<strong>\u00a0acidade on\u00a0<\/strong>no WhatsApp. Para entrar no grupo,\u00a0basta\u00a0<a href=\"https:\/\/chat.whatsapp.com\/I4nieTEMKlf50pJ28aMemC?mode=ac_t\" target=\"_blank\" rel=\"noreferrer noopener\">clicar aqui<\/a>. Ou, acesse o nosso\u00a0Canal\u00a0<a href=\"https:\/\/whatsapp.com\/channel\/0029Vb6IQl1JENyAeS57fk2p\" target=\"_blank\" rel=\"noreferrer noopener\">clicando aqui<\/a>.<\/p>\n<p>Fa\u00e7a uma den\u00fancia ou sugira uma reportagem sobre Ribeir\u00e3o Preto e regi\u00e3o pelo WhatsApp: 16 99117 7802.<\/p>\n<p>VEJA TAMB\u00c9M<\/p>\n<p>Governan\u00e7a, IA e Compliance: A Tr\u00edade para a Perenidade dos Neg\u00f3cios Familiares<\/p>\n<p><!-- AI CONTENT END 1 -->\n<\/div>\n<p><script async src=\"\/\/www.instagram.com\/embed.js\"><\/script><br \/>\n<br \/><br \/>\n<br \/><a href=\"https:\/\/www.acidadeon.com\/ribeiraopreto\/cotidiano\/o-que-se-sabe-sobre-o-caso-do-pai-preso-por-matar-a-filha-em-ribeirao-preto\/\">Source link <\/a><\/p>\n<!-- CONTENT END 1 -->\n","protected":false},"excerpt":{"rendered":"<p>Um homem de 77 anos foi preso neste domingo (26), suspeito de matar a pr\u00f3pria filha, de 54 anos, com golpes de barra de ferro,&#8230;<\/p>\n","protected":false},"author":1,"featured_media":79218,"comment_status":"open","ping_status":"open","sticky":false,"template":"","format":"standard","meta":{"advanced_seo_description":"","jetpack_seo_html_title":"","jetpack_seo_noindex":false,"jetpack_post_was_ever_published":false,"_jetpack_newsletter_access":"","_jetpack_dont_email_post_to_subs":false,"_jetpack_newsletter_tier_id":0,"_jetpack_memberships_contains_paywalled_content":false,"_jetpack_memberships_contains_paid_content":false,"footnotes":"","jetpack_publicize_message":"","jetpack_publicize_feature_enabled":true,"jetpack_social_post_already_shared":true,"jetpack_social_options":{"image_generator_settings":{"template":"highway","default_image_id":0,"font":"","enabled":false},"version":2}},"categories":[11],"tags":[],"class_list":["post-79217","post","type-post","status-publish","format-standard","has-post-thumbnail","hentry","category-noticias-de-ribeirao-preto-sp-e-regiao-ismael-colosi"],"jetpack_publicize_connections":[],"jetpack_featured_media_url":"https:\/\/i0.wp.com\/noticiasribeiraopreto.com.br\/wp-content\/uploads\/2025\/10\/POLICIA_2025-10-27_16-19-14.webp.webp?fit=1200%2C811&ssl=1","jetpack-related-posts":[{"id":79197,"url":"https:\/\/noticiasribeiraopreto.com.br\/index.php\/2025\/10\/27\/homem-e-preso-por-matar-a-propria-filha-em-ribeirao-preto\/","url_meta":{"origin":79217,"position":0},"title":"Homem \u00e9 preso por matar a pr\u00f3pria filha em Ribeir\u00e3o Preto","author":"noticiasribeiraopreto.com.br","date":"27 de October de 2025","format":false,"excerpt":"Um homem foi preso na noite deste domingo (26), suspeito de matar a pr\u00f3pria filha na avenida Virg\u00edlio Soeira, no Jardim Arlindo Laguna, zona Oeste de Ribeir\u00e3o Preto. A v\u00edtima teria sido atingida por golpes de faca. A PM (Pol\u00edcia Militar) foi chamada e encontrou a mulher ca\u00edda ao lado\u2026","rel":"","context":"In &quot;Not\u00edcias de Ribeir\u00e3o Preto-SP e Regi\u00e3o&quot;","block_context":{"text":"Not\u00edcias de Ribeir\u00e3o Preto-SP e Regi\u00e3o","link":"https:\/\/noticiasribeiraopreto.com.br\/index.php\/category\/noticias-de-ribeirao-preto-sp-e-regiao-ismael-colosi\/"},"img":{"alt_text":"","src":"https:\/\/i0.wp.com\/noticiasribeiraopreto.com.br\/wp-content\/uploads\/2025\/10\/POLICIA_2025-10-27_09-32-47.webp.webp?fit=1200%2C664&ssl=1&resize=350%2C200","width":350,"height":200,"srcset":"https:\/\/i0.wp.com\/noticiasribeiraopreto.com.br\/wp-content\/uploads\/2025\/10\/POLICIA_2025-10-27_09-32-47.webp.webp?fit=1200%2C664&ssl=1&resize=350%2C200 1x, https:\/\/i0.wp.com\/noticiasribeiraopreto.com.br\/wp-content\/uploads\/2025\/10\/POLICIA_2025-10-27_09-32-47.webp.webp?fit=1200%2C664&ssl=1&resize=525%2C300 1.5x, https:\/\/i0.wp.com\/noticiasribeiraopreto.com.br\/wp-content\/uploads\/2025\/10\/POLICIA_2025-10-27_09-32-47.webp.webp?fit=1200%2C664&ssl=1&resize=700%2C400 2x, https:\/\/i0.wp.com\/noticiasribeiraopreto.com.br\/wp-content\/uploads\/2025\/10\/POLICIA_2025-10-27_09-32-47.webp.webp?fit=1200%2C664&ssl=1&resize=1050%2C600 3x"},"classes":[]},{"id":79199,"url":"https:\/\/noticiasribeiraopreto.com.br\/index.php\/2025\/10\/27\/pai-e-suspeito-de-matar-filha-com-mais-de-30-golpes-na-cabeca\/","url_meta":{"origin":79217,"position":1},"title":"Pai \u00e9 suspeito de matar filha com mais de 30 golpes na cabe\u00e7a","author":"noticiasribeiraopreto.com.br","date":"27 de October de 2025","format":false,"excerpt":"Homem foi preso em flagrante ap\u00f3s o crime, mas permaneceu em sil\u00eancio e n\u00e3o falou sobre o caso 27 de outubro de 2025 11:0527 de outubro de 2025 11:065 Compartilhar0 Por: Adalberto Luque Um homem de 77 anos foi preso, na noite deste domingo, 26 de outubro, suspeito de matar\u2026","rel":"","context":"In &quot;Not\u00edcias de Ribeir\u00e3o Preto-SP e Regi\u00e3o&quot;","block_context":{"text":"Not\u00edcias de Ribeir\u00e3o Preto-SP e Regi\u00e3o","link":"https:\/\/noticiasribeiraopreto.com.br\/index.php\/category\/noticias-de-ribeirao-preto-sp-e-regiao-ismael-colosi\/"},"img":{"alt_text":"","src":"https:\/\/i0.wp.com\/noticiasribeiraopreto.com.br\/wp-content\/uploads\/2025\/10\/27-out-2025-paimatafilha2.jpg?fit=969%2C576&ssl=1&resize=350%2C200","width":350,"height":200,"srcset":"https:\/\/i0.wp.com\/noticiasribeiraopreto.com.br\/wp-content\/uploads\/2025\/10\/27-out-2025-paimatafilha2.jpg?fit=969%2C576&ssl=1&resize=350%2C200 1x, https:\/\/i0.wp.com\/noticiasribeiraopreto.com.br\/wp-content\/uploads\/2025\/10\/27-out-2025-paimatafilha2.jpg?fit=969%2C576&ssl=1&resize=525%2C300 1.5x, https:\/\/i0.wp.com\/noticiasribeiraopreto.com.br\/wp-content\/uploads\/2025\/10\/27-out-2025-paimatafilha2.jpg?fit=969%2C576&ssl=1&resize=700%2C400 2x"},"classes":[]},{"id":48340,"url":"https:\/\/noticiasribeiraopreto.com.br\/index.php\/2024\/05\/02\/homem-e-preso-acusado-de-matar-esposa-apos-ela-recusar-fazer-almoco-na-regiao-de-ribeirao\/","url_meta":{"origin":79217,"position":2},"title":"Homem \u00e9 preso acusado de matar esposa ap\u00f3s ela recusar fazer almo\u00e7o na regi\u00e3o de Ribeir\u00e3o","author":"noticiasribeiraopreto.com.br","date":"2 de May de 2024","format":false,"excerpt":"Um homem de 53 anos foi preso suspeito de matar a esposa com uma garrucha nesta quarta-feira (1\u00ba), em um s\u00edtio de Santo Ant\u00f4nio da Alegria, cidade a aproximadamente 90 quil\u00f4metros de Ribeir\u00e3o Preto. Segundo o boletim de ocorr\u00eancia (BO), a v\u00edtima, identificada como Clarice Marciano da Silva, de 50\u2026","rel":"","context":"In &quot;Not\u00edcias de Ribeir\u00e3o Preto-SP e Regi\u00e3o&quot;","block_context":{"text":"Not\u00edcias de Ribeir\u00e3o Preto-SP e Regi\u00e3o","link":"https:\/\/noticiasribeiraopreto.com.br\/index.php\/category\/noticias-de-ribeirao-preto-sp-e-regiao-ismael-colosi\/"},"img":{"alt_text":"","src":"https:\/\/i0.wp.com\/noticiasribeiraopreto.com.br\/wp-content\/uploads\/2024\/05\/WhatsApp-Image-2024-05-02-at-11.51.13_2024-05-02_15-02-15_jpeg_2024-05-02_15-02-15.webp.webp?fit=1200%2C675&ssl=1&resize=350%2C200","width":350,"height":200,"srcset":"https:\/\/i0.wp.com\/noticiasribeiraopreto.com.br\/wp-content\/uploads\/2024\/05\/WhatsApp-Image-2024-05-02-at-11.51.13_2024-05-02_15-02-15_jpeg_2024-05-02_15-02-15.webp.webp?fit=1200%2C675&ssl=1&resize=350%2C200 1x, https:\/\/i0.wp.com\/noticiasribeiraopreto.com.br\/wp-content\/uploads\/2024\/05\/WhatsApp-Image-2024-05-02-at-11.51.13_2024-05-02_15-02-15_jpeg_2024-05-02_15-02-15.webp.webp?fit=1200%2C675&ssl=1&resize=525%2C300 1.5x, https:\/\/i0.wp.com\/noticiasribeiraopreto.com.br\/wp-content\/uploads\/2024\/05\/WhatsApp-Image-2024-05-02-at-11.51.13_2024-05-02_15-02-15_jpeg_2024-05-02_15-02-15.webp.webp?fit=1200%2C675&ssl=1&resize=700%2C400 2x, https:\/\/i0.wp.com\/noticiasribeiraopreto.com.br\/wp-content\/uploads\/2024\/05\/WhatsApp-Image-2024-05-02-at-11.51.13_2024-05-02_15-02-15_jpeg_2024-05-02_15-02-15.webp.webp?fit=1200%2C675&ssl=1&resize=1050%2C600 3x"},"classes":[]},{"id":85222,"url":"https:\/\/noticiasribeiraopreto.com.br\/index.php\/2026\/04\/25\/homem-suspeito-de-matar-a-propria-esposa-e-preso-em-ribeirao-preto\/","url_meta":{"origin":79217,"position":3},"title":"Homem suspeito de matar a pr\u00f3pria esposa \u00e9 preso em Ribeir\u00e3o Preto &#8211; THMais","author":"noticiasribeiraopreto.com.br","date":"25 de April de 2026","format":false,"excerpt":"Um homem de 44 anos, cuja identidade ser\u00e1 preservada, foi preso por policiais militares competentes nesta sexta-feira (24) suspeito de assassinar a pr\u00f3pria esposa, em Ribeir\u00e3o Preto.A v\u00edtima foi encontrada morta na \u00faltima ter\u00e7a-feira (21), em sua pr\u00f3pria casa, localizada no bairro Campos El\u00edseos.Segundo apurado, o suspeito teria cometido o\u2026","rel":"","context":"In &quot;Not\u00edcias de Ribeir\u00e3o Preto-SP e Regi\u00e3o&quot;","block_context":{"text":"Not\u00edcias de Ribeir\u00e3o Preto-SP e Regi\u00e3o","link":"https:\/\/noticiasribeiraopreto.com.br\/index.php\/category\/noticias-de-ribeirao-preto-sp-e-regiao-ismael-colosi\/"},"img":{"alt_text":"","src":"https:\/\/i0.wp.com\/noticiasribeiraopreto.com.br\/wp-content\/uploads\/2026\/04\/delegacia-flavia-tostes-e1572017709724.jpeg?fit=1024%2C688&ssl=1&resize=350%2C200","width":350,"height":200,"srcset":"https:\/\/i0.wp.com\/noticiasribeiraopreto.com.br\/wp-content\/uploads\/2026\/04\/delegacia-flavia-tostes-e1572017709724.jpeg?fit=1024%2C688&ssl=1&resize=350%2C200 1x, https:\/\/i0.wp.com\/noticiasribeiraopreto.com.br\/wp-content\/uploads\/2026\/04\/delegacia-flavia-tostes-e1572017709724.jpeg?fit=1024%2C688&ssl=1&resize=525%2C300 1.5x, https:\/\/i0.wp.com\/noticiasribeiraopreto.com.br\/wp-content\/uploads\/2026\/04\/delegacia-flavia-tostes-e1572017709724.jpeg?fit=1024%2C688&ssl=1&resize=700%2C400 2x"},"classes":[]},{"id":61163,"url":"https:\/\/noticiasribeiraopreto.com.br\/index.php\/2024\/12\/05\/homem-e-preso-acusasado-de-matar-vitima-a-pauladas-em-ribeirao-preto\/","url_meta":{"origin":79217,"position":4},"title":"Homem \u00e9 preso acusasado de matar v\u00edtima a pauladas em Ribeir\u00e3o Preto","author":"noticiasribeiraopreto.com.br","date":"5 de December de 2024","format":false,"excerpt":"Um homem de 25 anos foi preso suspeito de matar a pauladas uma v\u00edtima, ainda sem identifica\u00e7\u00e3o, na noite desta quarta-feira (4), no bairro Lagoinha, zona Leste de Ribeir\u00e3o Preto. Segundo a PM (Pol\u00edcia Militar), o homem alegou que a v\u00edtima o teria acusado de tentativa de estupro em data\u2026","rel":"","context":"In &quot;Not\u00edcias de Ribeir\u00e3o Preto-SP e Regi\u00e3o&quot;","block_context":{"text":"Not\u00edcias de Ribeir\u00e3o Preto-SP e Regi\u00e3o","link":"https:\/\/noticiasribeiraopreto.com.br\/index.php\/category\/noticias-de-ribeirao-preto-sp-e-regiao-ismael-colosi\/"},"img":{"alt_text":"","src":"https:\/\/i0.wp.com\/noticiasribeiraopreto.com.br\/wp-content\/uploads\/2024\/12\/GOLPES-PAU_2024-12-05_10-05-00_jpg_2024-12-05_10-05-01.webp.webp?fit=1200%2C801&ssl=1&resize=350%2C200","width":350,"height":200,"srcset":"https:\/\/i0.wp.com\/noticiasribeiraopreto.com.br\/wp-content\/uploads\/2024\/12\/GOLPES-PAU_2024-12-05_10-05-00_jpg_2024-12-05_10-05-01.webp.webp?fit=1200%2C801&ssl=1&resize=350%2C200 1x, https:\/\/i0.wp.com\/noticiasribeiraopreto.com.br\/wp-content\/uploads\/2024\/12\/GOLPES-PAU_2024-12-05_10-05-00_jpg_2024-12-05_10-05-01.webp.webp?fit=1200%2C801&ssl=1&resize=525%2C300 1.5x, https:\/\/i0.wp.com\/noticiasribeiraopreto.com.br\/wp-content\/uploads\/2024\/12\/GOLPES-PAU_2024-12-05_10-05-00_jpg_2024-12-05_10-05-01.webp.webp?fit=1200%2C801&ssl=1&resize=700%2C400 2x, https:\/\/i0.wp.com\/noticiasribeiraopreto.com.br\/wp-content\/uploads\/2024\/12\/GOLPES-PAU_2024-12-05_10-05-00_jpg_2024-12-05_10-05-01.webp.webp?fit=1200%2C801&ssl=1&resize=1050%2C600 3x"},"classes":[]},{"id":61169,"url":"https:\/\/noticiasribeiraopreto.com.br\/index.php\/2024\/12\/05\/homem-e-preso-acusado-de-matar-vitima-a-pauladas-em-ribeirao-preto\/","url_meta":{"origin":79217,"position":5},"title":"Homem \u00e9 preso acusado de matar v\u00edtima a pauladas em Ribeir\u00e3o Preto","author":"noticiasribeiraopreto.com.br","date":"5 de December de 2024","format":false,"excerpt":"Um homem de 25 anos foi preso suspeito de matar a pauladas uma v\u00edtima, ainda sem identifica\u00e7\u00e3o, na noite desta quarta-feira (4), no bairro Lagoinha, zona Leste de Ribeir\u00e3o Preto. Segundo a PM (Pol\u00edcia Militar), o homem alegou que a v\u00edtima o teria acusado de tentativa de estupro em data\u2026","rel":"","context":"In &quot;Not\u00edcias de Ribeir\u00e3o Preto-SP e Regi\u00e3o&quot;","block_context":{"text":"Not\u00edcias de Ribeir\u00e3o Preto-SP e Regi\u00e3o","link":"https:\/\/noticiasribeiraopreto.com.br\/index.php\/category\/noticias-de-ribeirao-preto-sp-e-regiao-ismael-colosi\/"},"img":{"alt_text":"","src":"https:\/\/i0.wp.com\/noticiasribeiraopreto.com.br\/wp-content\/uploads\/2024\/12\/GOLPES-PAU_2024-12-05_10-05-00_jpg_2024-12-05_10-05-01.webp.webp?fit=1200%2C801&ssl=1&resize=350%2C200","width":350,"height":200,"srcset":"https:\/\/i0.wp.com\/noticiasribeiraopreto.com.br\/wp-content\/uploads\/2024\/12\/GOLPES-PAU_2024-12-05_10-05-00_jpg_2024-12-05_10-05-01.webp.webp?fit=1200%2C801&ssl=1&resize=350%2C200 1x, https:\/\/i0.wp.com\/noticiasribeiraopreto.com.br\/wp-content\/uploads\/2024\/12\/GOLPES-PAU_2024-12-05_10-05-00_jpg_2024-12-05_10-05-01.webp.webp?fit=1200%2C801&ssl=1&resize=525%2C300 1.5x, https:\/\/i0.wp.com\/noticiasribeiraopreto.com.br\/wp-content\/uploads\/2024\/12\/GOLPES-PAU_2024-12-05_10-05-00_jpg_2024-12-05_10-05-01.webp.webp?fit=1200%2C801&ssl=1&resize=700%2C400 2x, https:\/\/i0.wp.com\/noticiasribeiraopreto.com.br\/wp-content\/uploads\/2024\/12\/GOLPES-PAU_2024-12-05_10-05-00_jpg_2024-12-05_10-05-01.webp.webp?fit=1200%2C801&ssl=1&resize=1050%2C600 3x"},"classes":[]}],"jetpack_sharing_enabled":true,"jetpack_shortlink":"https:\/\/wp.me\/peQAOb-kBH","_links":{"self":[{"href":"https:\/\/noticiasribeiraopreto.com.br\/index.php\/wp-json\/wp\/v2\/posts\/79217","targetHints":{"allow":["GET"]}}],"collection":[{"href":"https:\/\/noticiasribeiraopreto.com.br\/index.php\/wp-json\/wp\/v2\/posts"}],"about":[{"href":"https:\/\/noticiasribeiraopreto.com.br\/index.php\/wp-json\/wp\/v2\/types\/post"}],"author":[{"embeddable":true,"href":"https:\/\/noticiasribeiraopreto.com.br\/index.php\/wp-json\/wp\/v2\/users\/1"}],"replies":[{"embeddable":true,"href":"https:\/\/noticiasribeiraopreto.com.br\/index.php\/wp-json\/wp\/v2\/comments?post=79217"}],"version-history":[{"count":0,"href":"https:\/\/noticiasribeiraopreto.com.br\/index.php\/wp-json\/wp\/v2\/posts\/79217\/revisions"}],"wp:featuredmedia":[{"embeddable":true,"href":"https:\/\/noticiasribeiraopreto.com.br\/index.php\/wp-json\/wp\/v2\/media\/79218"}],"wp:attachment":[{"href":"https:\/\/noticiasribeiraopreto.com.br\/index.php\/wp-json\/wp\/v2\/media?parent=79217"}],"wp:term":[{"taxonomy":"category","embeddable":true,"href":"https:\/\/noticiasribeiraopreto.com.br\/index.php\/wp-json\/wp\/v2\/categories?post=79217"},{"taxonomy":"post_tag","embeddable":true,"href":"https:\/\/noticiasribeiraopreto.com.br\/index.php\/wp-json\/wp\/v2\/tags?post=79217"}],"curies":[{"name":"wp","href":"https:\/\/api.w.org\/{rel}","templated":true}]}}