{"id":79219,"date":"2025-10-27T15:35:41","date_gmt":"2025-10-27T18:35:41","guid":{"rendered":"https:\/\/noticiasribeiraopreto.com.br\/index.php\/2025\/10\/27\/projeto-tocando-e-encantando-encerra-temporada-com-espetaculo-gratuito-em-ribeirao-preto\/"},"modified":"2025-10-27T15:35:41","modified_gmt":"2025-10-27T18:35:41","slug":"projeto-tocando-e-encantando-encerra-temporada-com-espetaculo-gratuito-em-ribeirao-preto","status":"publish","type":"post","link":"https:\/\/noticiasribeiraopreto.com.br\/index.php\/2025\/10\/27\/projeto-tocando-e-encantando-encerra-temporada-com-espetaculo-gratuito-em-ribeirao-preto\/","title":{"rendered":"Projeto \u2018Tocando e Encantando\u2019 encerra temporada com espet\u00e1culo gratuito em Ribeir\u00e3o Preto"},"content":{"rendered":"<div class='code-block code-block-1' style='margin: 8px 0 8px auto; text-align: right; display: block; clear: both;'>\n<p><a href=\"https:\/\/wa.link\/vpicfd\"><img data-recalc-dims=\"1\" class=\"wp-image-4922\" style=\"aspect-ratio: 2.0253164556962027; width: 561px; height: auto;\" src=\"https:\/\/i0.wp.com\/ismaelcolosi.com.br\/wp-content\/uploads\/2023\/11\/grupo-de-empregos-whatsapp-e-facebook-ismael-colosi-vagas.jpg?ssl=1\" alt=\"\" \/><\/a><\/p>\n<!-- \/wp:image -->\n<\/div>\n<p> <br \/>\n<\/p>\n<div>\n<p>O projeto\u00a0<em><strong>Tocando e Encantando\u00a0<\/strong><\/em>encerra a temporada <strong>2025<\/strong> com uma apresenta\u00e7\u00e3o <strong>gratuita<\/strong> no <strong>Teatro Municipal de Ribeir\u00e3o Preto<\/strong>, nesta<strong> ter\u00e7a-feira (28)<\/strong>, \u00e0s <strong>19h30<\/strong>. O concerto conta com cerca de 250 alunos das oficinas de circo, teatro, m\u00fasica e dan\u00e7as urbanas.<\/p>\n<p>De acordo com a coordenadora do projeto, <strong>B\u00e1rbara Scatena<\/strong>, \u201ca apresenta\u00e7\u00e3o ser\u00e1 uma releitura do cordel \u2018<strong>Coco Verde e Melancia<\/strong>\u2019 e todas as modalidades estar\u00e3o integradas em um roteiro din\u00e2mico\u201d.<\/p>\n<p>O espet\u00e1culo \u00e9 o resultado do trabalho desenvolvido ao longo do ano com <strong>mais de 400 alunos<\/strong>, entre crian\u00e7as, adolescentes e adultos, que participam de oficinas gratuitas em v\u00e1rias regi\u00f5es da cidade. As atividades acontecem no <strong>Centro Cultural Palace<\/strong> (dan\u00e7as urbanas), <strong>Par\u00f3quia Bom Pastor<\/strong> (Jardim Zara) e <strong>Par\u00f3quia S\u00e3o Mateus<\/strong> (Quintino I) (viol\u00e3o e pr\u00e1tica em conjunto),<strong> Casa das Mangueiras <\/strong>(Vila Recreio) (teatro) e <strong>Alvorada \u2013 Jardim do Trevo<\/strong> (circo). <mark style=\"background-color:#fcb900\" class=\"has-inline-color\">As aulas seguem at\u00e9 o dia <strong>30 de novembro<\/strong>.<\/mark><\/p>\n<p>O projeto conta com a equipe pedag\u00f3gica formada por <strong>Daniella Krauss<\/strong> (circo), <strong>C\u00e9sar<\/strong> Mazari (teatro), <strong>Natan Souza <\/strong>(dan\u00e7as urbanas, do Studium Carla Petroni), e os professores de m\u00fasica <strong>Victor Daniel<\/strong>, <strong>Patr\u00edcia Oliveira <\/strong>e <strong>Ronaldo Teixeira<\/strong>.<\/p>\n<h2 class=\"wp-block-heading\"><strong>Servi\u00e7o<\/strong><\/h2>\n<p><strong><em>Espet\u00e1culo de encerramento \u2013 Projeto Tocando e Encantando<\/em><\/strong><\/p>\n<p><strong>Quando: <\/strong>28 de outubro, ter\u00e7a-feira <br \/><strong>Hor\u00e1rio:<\/strong> 19h30<br \/><strong>Local:<\/strong> Teatro Municipal de Ribeir\u00e3o | Jardim Mosteiro <br \/><strong>Entrada gratuita <\/strong><\/p>\n<p>SAIBA MAIS<br \/>Ribeir\u00e3o Preto recebe musical autobiogr\u00e1fico de Rita Lee; veja quando<\/p>\n<h2 class=\"wp-block-heading\"><strong>FIQUE ON<\/strong><\/h2>\n<p>Fique ligado em tudo que acontece em Ribeir\u00e3o Preto e regi\u00e3o. Siga os perfis do\u00a0<strong>acidade on<\/strong>\u00a0no<a href=\"https:\/\/www.instagram.com\/acidadeonribeirao\" target=\"_blank\" rel=\"noreferrer noopener\">\u00a0Instagram\u00a0<\/a>e no\u00a0<a href=\"https:\/\/www.facebook.com\/acidadeonribeirao\/\" target=\"_blank\" rel=\"noreferrer noopener\">Facebook<\/a>.<\/p>\n<p>Receba not\u00edcias do<strong>\u00a0acidade on<\/strong>\u00a0no WhatsApp. Para entrar no grupo,\u00a0basta\u00a0<a href=\"https:\/\/chat.whatsapp.com\/I4nieTEMKlf50pJ28aMemC?mode=ac_t\" target=\"_blank\" rel=\"noreferrer noopener\">clicar aqui<\/a>. Ou, acesse o nosso\u00a0Canal\u00a0<a href=\"https:\/\/whatsapp.com\/channel\/0029Vb6IQl1JENyAeS57fk2p\" target=\"_blank\" rel=\"noreferrer noopener\">clicando aqui<\/a>.<\/p>\n<p>Fa\u00e7a uma den\u00fancia ou sugira uma reportagem sobre Ribeir\u00e3o Preto e regi\u00e3o pelo WhatsApp: 16 99117 7802.<\/p>\n<p>VEJA TAMB\u00c9M<br \/>Vini Jr. e Virginia est\u00e3o juntos em M\u00f4naco?<\/p>\n<p><!-- AI CONTENT END 1 -->\n<\/div>\n<p><script async src=\"\/\/www.instagram.com\/embed.js\"><\/script><br \/>\n<br \/><br \/>\n<br \/><a href=\"https:\/\/www.acidadeon.com\/ribeiraopreto\/lazer-e-cultura\/projeto-tocando-e-encantando-encerra-temporada-com-espetaculo-gratuito-em-ribeirao-preto\/\">Source link <\/a><\/p>\n<!-- CONTENT END 1 -->\n","protected":false},"excerpt":{"rendered":"<p>O projeto\u00a0Tocando e Encantando\u00a0encerra a temporada 2025 com uma apresenta\u00e7\u00e3o gratuita no Teatro Municipal de Ribeir\u00e3o Preto, nesta ter\u00e7a-feira (28), \u00e0s 19h30. O concerto conta&#8230;<\/p>\n","protected":false},"author":1,"featured_media":79220,"comment_status":"open","ping_status":"open","sticky":false,"template":"","format":"standard","meta":{"advanced_seo_description":"","jetpack_seo_html_title":"","jetpack_seo_noindex":false,"jetpack_post_was_ever_published":false,"_jetpack_newsletter_access":"","_jetpack_dont_email_post_to_subs":false,"_jetpack_newsletter_tier_id":0,"_jetpack_memberships_contains_paywalled_content":false,"_jetpack_memberships_contains_paid_content":false,"footnotes":"","jetpack_publicize_message":"","jetpack_publicize_feature_enabled":true,"jetpack_social_post_already_shared":true,"jetpack_social_options":{"image_generator_settings":{"template":"highway","default_image_id":0,"font":"","enabled":false},"version":2}},"categories":[11],"tags":[],"class_list":["post-79219","post","type-post","status-publish","format-standard","has-post-thumbnail","hentry","category-noticias-de-ribeirao-preto-sp-e-regiao-ismael-colosi"],"jetpack_publicize_connections":[],"jetpack_featured_media_url":"https:\/\/i0.wp.com\/noticiasribeiraopreto.com.br\/wp-content\/uploads\/2025\/10\/Tocando-Encantandp-1_2025-10-27_15-12-25.webp.webp?fit=1200%2C900&ssl=1","jetpack-related-posts":[{"id":63442,"url":"https:\/\/noticiasribeiraopreto.com.br\/index.php\/2025\/02\/13\/projeto-em-ribeirao-preto-oferece-100-vagas-para-aulas-gratuitas-de-artes\/","url_meta":{"origin":79219,"position":0},"title":"Projeto em Ribeir\u00e3o Preto oferece 100 vagas para aulas gratuitas de artes","author":"noticiasribeiraopreto.com.br","date":"13 de February de 2025","format":false,"excerpt":"O projeto cultural Tocando e Encantando oferece 100 vagas para aulas de dan\u00e7as urbanas, viol\u00e3o e pr\u00e1tica instrumental para adolescentes de oito a 17 anos em Ribeir\u00e3o Preto. As aulas come\u00e7am nesta sexta-feira (14). Os interessados devem realizar a inscri\u00e7\u00e3o nos locais das aulas. Confira: As aulas de dan\u00e7as urbanas\u2026","rel":"","context":"In &quot;Not\u00edcias de Ribeir\u00e3o Preto-SP e Regi\u00e3o&quot;","block_context":{"text":"Not\u00edcias de Ribeir\u00e3o Preto-SP e Regi\u00e3o","link":"https:\/\/noticiasribeiraopreto.com.br\/index.php\/category\/noticias-de-ribeirao-preto-sp-e-regiao-ismael-colosi\/"},"img":{"alt_text":"","src":"https:\/\/i0.wp.com\/noticiasribeiraopreto.com.br\/wp-content\/uploads\/2025\/02\/Tocando-e-Encantando-1_2025-02-13_15-05-37_jpeg_2025-02-13_15-05-37.webp.webp?fit=1200%2C675&ssl=1&resize=350%2C200","width":350,"height":200,"srcset":"https:\/\/i0.wp.com\/noticiasribeiraopreto.com.br\/wp-content\/uploads\/2025\/02\/Tocando-e-Encantando-1_2025-02-13_15-05-37_jpeg_2025-02-13_15-05-37.webp.webp?fit=1200%2C675&ssl=1&resize=350%2C200 1x, https:\/\/i0.wp.com\/noticiasribeiraopreto.com.br\/wp-content\/uploads\/2025\/02\/Tocando-e-Encantando-1_2025-02-13_15-05-37_jpeg_2025-02-13_15-05-37.webp.webp?fit=1200%2C675&ssl=1&resize=525%2C300 1.5x, https:\/\/i0.wp.com\/noticiasribeiraopreto.com.br\/wp-content\/uploads\/2025\/02\/Tocando-e-Encantando-1_2025-02-13_15-05-37_jpeg_2025-02-13_15-05-37.webp.webp?fit=1200%2C675&ssl=1&resize=700%2C400 2x, https:\/\/i0.wp.com\/noticiasribeiraopreto.com.br\/wp-content\/uploads\/2025\/02\/Tocando-e-Encantando-1_2025-02-13_15-05-37_jpeg_2025-02-13_15-05-37.webp.webp?fit=1200%2C675&ssl=1&resize=1050%2C600 3x"},"classes":[]},{"id":59821,"url":"https:\/\/noticiasribeiraopreto.com.br\/index.php\/2024\/10\/30\/projeto-abre-440-vagas-para-cursos-gratuitos-de-artes-em-ribeirao-preto\/","url_meta":{"origin":79219,"position":1},"title":"Projeto abre 440 vagas para cursos gratuitos de artes em Ribeir\u00e3o Preto","author":"noticiasribeiraopreto.com.br","date":"30 de October de 2024","format":false,"excerpt":"As inscri\u00e7\u00f5es para a 10\u00aa edi\u00e7\u00e3o do projeto Tocando e Encantando est\u00e3o abertas. O projeto oferece mais de 440 vagas gratuitas para crian\u00e7as e adolescentes para as turmas de circo, teatro, viol\u00e3o, dan\u00e7as urbanas e pr\u00e1tica instrumental em conjunto. Os interessados devem ter idades entre 6 e 17 anos. As\u2026","rel":"","context":"In &quot;Not\u00edcias de Ribeir\u00e3o Preto-SP e Regi\u00e3o&quot;","block_context":{"text":"Not\u00edcias de Ribeir\u00e3o Preto-SP e Regi\u00e3o","link":"https:\/\/noticiasribeiraopreto.com.br\/index.php\/category\/noticias-de-ribeirao-preto-sp-e-regiao-ismael-colosi\/"},"img":{"alt_text":"","src":"https:\/\/i0.wp.com\/noticiasribeiraopreto.com.br\/wp-content\/uploads\/2024\/10\/75eb1d83-6471-421d-8dbb-82aed1ff0265_2024-10-30_16-37-59_jpeg_2024-10-30_16-37-59.webp.webp?fit=1200%2C675&ssl=1&resize=350%2C200","width":350,"height":200,"srcset":"https:\/\/i0.wp.com\/noticiasribeiraopreto.com.br\/wp-content\/uploads\/2024\/10\/75eb1d83-6471-421d-8dbb-82aed1ff0265_2024-10-30_16-37-59_jpeg_2024-10-30_16-37-59.webp.webp?fit=1200%2C675&ssl=1&resize=350%2C200 1x, https:\/\/i0.wp.com\/noticiasribeiraopreto.com.br\/wp-content\/uploads\/2024\/10\/75eb1d83-6471-421d-8dbb-82aed1ff0265_2024-10-30_16-37-59_jpeg_2024-10-30_16-37-59.webp.webp?fit=1200%2C675&ssl=1&resize=525%2C300 1.5x, https:\/\/i0.wp.com\/noticiasribeiraopreto.com.br\/wp-content\/uploads\/2024\/10\/75eb1d83-6471-421d-8dbb-82aed1ff0265_2024-10-30_16-37-59_jpeg_2024-10-30_16-37-59.webp.webp?fit=1200%2C675&ssl=1&resize=700%2C400 2x, https:\/\/i0.wp.com\/noticiasribeiraopreto.com.br\/wp-content\/uploads\/2024\/10\/75eb1d83-6471-421d-8dbb-82aed1ff0265_2024-10-30_16-37-59_jpeg_2024-10-30_16-37-59.webp.webp?fit=1200%2C675&ssl=1&resize=1050%2C600 3x"},"classes":[]},{"id":59825,"url":"https:\/\/noticiasribeiraopreto.com.br\/index.php\/2024\/10\/30\/projeto-abre-440-vagas-para-cursos-de-artes-gratuitos-em-ribeirao-preto\/","url_meta":{"origin":79219,"position":2},"title":"Projeto abre 440 vagas para cursos de artes gratuitos em Ribeir\u00e3o Preto","author":"noticiasribeiraopreto.com.br","date":"30 de October de 2024","format":false,"excerpt":"As inscri\u00e7\u00f5es para a 10\u00aa edi\u00e7\u00e3o do projeto Tocando e Encantando est\u00e3o abertas. O projeto oferece mais de 440 vagas gratuitas para crian\u00e7as e adolescentes para as turmas de circo, teatro, viol\u00e3o, dan\u00e7as urbanas e pr\u00e1tica instrumental em conjunto. Os interessados devem ter idades entre 6 e 17 anos. As\u2026","rel":"","context":"In &quot;Not\u00edcias de Ribeir\u00e3o Preto-SP e Regi\u00e3o&quot;","block_context":{"text":"Not\u00edcias de Ribeir\u00e3o Preto-SP e Regi\u00e3o","link":"https:\/\/noticiasribeiraopreto.com.br\/index.php\/category\/noticias-de-ribeirao-preto-sp-e-regiao-ismael-colosi\/"},"img":{"alt_text":"","src":"https:\/\/i0.wp.com\/noticiasribeiraopreto.com.br\/wp-content\/uploads\/2024\/10\/75eb1d83-6471-421d-8dbb-82aed1ff0265_2024-10-30_16-37-59_jpeg_2024-10-30_16-37-59.webp.webp?fit=1200%2C675&ssl=1&resize=350%2C200","width":350,"height":200,"srcset":"https:\/\/i0.wp.com\/noticiasribeiraopreto.com.br\/wp-content\/uploads\/2024\/10\/75eb1d83-6471-421d-8dbb-82aed1ff0265_2024-10-30_16-37-59_jpeg_2024-10-30_16-37-59.webp.webp?fit=1200%2C675&ssl=1&resize=350%2C200 1x, https:\/\/i0.wp.com\/noticiasribeiraopreto.com.br\/wp-content\/uploads\/2024\/10\/75eb1d83-6471-421d-8dbb-82aed1ff0265_2024-10-30_16-37-59_jpeg_2024-10-30_16-37-59.webp.webp?fit=1200%2C675&ssl=1&resize=525%2C300 1.5x, https:\/\/i0.wp.com\/noticiasribeiraopreto.com.br\/wp-content\/uploads\/2024\/10\/75eb1d83-6471-421d-8dbb-82aed1ff0265_2024-10-30_16-37-59_jpeg_2024-10-30_16-37-59.webp.webp?fit=1200%2C675&ssl=1&resize=700%2C400 2x, https:\/\/i0.wp.com\/noticiasribeiraopreto.com.br\/wp-content\/uploads\/2024\/10\/75eb1d83-6471-421d-8dbb-82aed1ff0265_2024-10-30_16-37-59_jpeg_2024-10-30_16-37-59.webp.webp?fit=1200%2C675&ssl=1&resize=1050%2C600 3x"},"classes":[]},{"id":3585,"url":"https:\/\/noticiasribeiraopreto.com.br\/index.php\/2023\/11\/19\/paroquia-na-zona-oeste-de-ribeirao-tem-apresentacao-gratuita-com-orquestra\/","url_meta":{"origin":79219,"position":3},"title":"Par\u00f3quia na zona Oeste de Ribeir\u00e3o tem apresenta\u00e7\u00e3o gratuita com orquestra \u00a0 \u00a0","author":"noticiasribeiraopreto.com.br","date":"19 de November de 2023","format":false,"excerpt":"A Par\u00f3quia S\u00e3o Judas Tadeu, localizado no Parque das Andorinhas, recebe, neste domingo (19), \u00e0s 20h, o projeto \u2018Encantando\u2019 com apresenta\u00e7\u00e3o da Orquestra de C\u00e2mara da Academia Livre de M\u00fasica e Artes de Ribeir\u00e3o Preto (Alma). \u00a0 O concerto tem dura\u00e7\u00e3o de 40 minutos, \u00e9 gratuito e acontece ap\u00f3s a\u2026","rel":"","context":"In &quot;Not\u00edcias de Ribeir\u00e3o Preto-SP e Regi\u00e3o&quot;","block_context":{"text":"Not\u00edcias de Ribeir\u00e3o Preto-SP e Regi\u00e3o","link":"https:\/\/noticiasribeiraopreto.com.br\/index.php\/category\/noticias-de-ribeirao-preto-sp-e-regiao-ismael-colosi\/"},"img":{"alt_text":"","src":"https:\/\/i0.wp.com\/noticiasribeiraopreto.com.br\/wp-content\/uploads\/2023\/11\/Orquestra-de-Camara-da-Academia-Livre-de-Musica-e-Artes-Alma-3-1068x712-1.jpg?fit=1068%2C712&ssl=1&resize=350%2C200","width":350,"height":200,"srcset":"https:\/\/i0.wp.com\/noticiasribeiraopreto.com.br\/wp-content\/uploads\/2023\/11\/Orquestra-de-Camara-da-Academia-Livre-de-Musica-e-Artes-Alma-3-1068x712-1.jpg?fit=1068%2C712&ssl=1&resize=350%2C200 1x, https:\/\/i0.wp.com\/noticiasribeiraopreto.com.br\/wp-content\/uploads\/2023\/11\/Orquestra-de-Camara-da-Academia-Livre-de-Musica-e-Artes-Alma-3-1068x712-1.jpg?fit=1068%2C712&ssl=1&resize=525%2C300 1.5x, https:\/\/i0.wp.com\/noticiasribeiraopreto.com.br\/wp-content\/uploads\/2023\/11\/Orquestra-de-Camara-da-Academia-Livre-de-Musica-e-Artes-Alma-3-1068x712-1.jpg?fit=1068%2C712&ssl=1&resize=700%2C400 2x, https:\/\/i0.wp.com\/noticiasribeiraopreto.com.br\/wp-content\/uploads\/2023\/11\/Orquestra-de-Camara-da-Academia-Livre-de-Musica-e-Artes-Alma-3-1068x712-1.jpg?fit=1068%2C712&ssl=1&resize=1050%2C600 3x"},"classes":[]},{"id":6295,"url":"https:\/\/noticiasribeiraopreto.com.br\/index.php\/2023\/11\/25\/paroquias-de-ribeirao-preto-recebem-apresentacao-gratuita-de-orquestra\/","url_meta":{"origin":79219,"position":4},"title":"Par\u00f3quias de Ribeir\u00e3o Preto recebem apresenta\u00e7\u00e3o gratuita de orquestra\u00a0","author":"noticiasribeiraopreto.com.br","date":"25 de November de 2023","format":false,"excerpt":"A Academia Livre de M\u00fasica e Artes de Ribeir\u00e3o Preto (Alma)\u00a0realiza, neste s\u00e1bado (25) e domingo (26), apresenta\u00e7\u00f5es da Orquestra de C\u00e2mera da Alma em duas par\u00f3quias da cidade, com o projeto \u2018Encantando\u2019.\u00a0\u00a0 \u00a0 Todos os concertos s\u00e3o gratuitos e re\u00fanem m\u00fasicas cl\u00e1ssicas de compositores de diferentes gera\u00e7\u00f5es. As apresenta\u00e7\u00f5es\u2026","rel":"","context":"In &quot;Not\u00edcias de Ribeir\u00e3o Preto-SP e Regi\u00e3o&quot;","block_context":{"text":"Not\u00edcias de Ribeir\u00e3o Preto-SP e Regi\u00e3o","link":"https:\/\/noticiasribeiraopreto.com.br\/index.php\/category\/noticias-de-ribeirao-preto-sp-e-regiao-ismael-colosi\/"},"img":{"alt_text":"","src":"https:\/\/i0.wp.com\/noticiasribeiraopreto.com.br\/wp-content\/uploads\/2023\/11\/Encantando_ALma-2-1.jpg?fit=1200%2C800&ssl=1&resize=350%2C200","width":350,"height":200,"srcset":"https:\/\/i0.wp.com\/noticiasribeiraopreto.com.br\/wp-content\/uploads\/2023\/11\/Encantando_ALma-2-1.jpg?fit=1200%2C800&ssl=1&resize=350%2C200 1x, https:\/\/i0.wp.com\/noticiasribeiraopreto.com.br\/wp-content\/uploads\/2023\/11\/Encantando_ALma-2-1.jpg?fit=1200%2C800&ssl=1&resize=525%2C300 1.5x, https:\/\/i0.wp.com\/noticiasribeiraopreto.com.br\/wp-content\/uploads\/2023\/11\/Encantando_ALma-2-1.jpg?fit=1200%2C800&ssl=1&resize=700%2C400 2x, https:\/\/i0.wp.com\/noticiasribeiraopreto.com.br\/wp-content\/uploads\/2023\/11\/Encantando_ALma-2-1.jpg?fit=1200%2C800&ssl=1&resize=1050%2C600 3x"},"classes":[]},{"id":56881,"url":"https:\/\/noticiasribeiraopreto.com.br\/index.php\/2024\/08\/16\/igrejas-de-ribeirao-preto-recebem-apresentacoes-de-orquestras\/","url_meta":{"origin":79219,"position":5},"title":"Igrejas de Ribeir\u00e3o Preto recebem apresenta\u00e7\u00f5es de orquestras","author":"noticiasribeiraopreto.com.br","date":"16 de August de 2024","format":false,"excerpt":"A Alma (Academia Livre de M\u00fasica e Artes) inicia mais uma temporada do projeto \u201cEncantando\u201d, com apresenta\u00e7\u00f5es em igrejas de Ribeir\u00e3o Preto. Os concertos realizados por orquestras s\u00e3o gratuitos e acontecem ap\u00f3s o t\u00e9rmino das missas. A primeira apresenta\u00e7\u00e3o ser\u00e1 no domingo (18), \u00e0s 20h, na Par\u00f3quia S\u00e3o Paulo Ap\u00f3stolo,\u2026","rel":"","context":"In &quot;Not\u00edcias de Ribeir\u00e3o Preto-SP e Regi\u00e3o&quot;","block_context":{"text":"Not\u00edcias de Ribeir\u00e3o Preto-SP e Regi\u00e3o","link":"https:\/\/noticiasribeiraopreto.com.br\/index.php\/category\/noticias-de-ribeirao-preto-sp-e-regiao-ismael-colosi\/"},"img":{"alt_text":"","src":"https:\/\/i0.wp.com\/noticiasribeiraopreto.com.br\/wp-content\/uploads\/2024\/08\/Alma_Encantando2-3_2024-08-16_16-25-27_jpg_2024-08-16_16-25-27.webp.webp?fit=1200%2C800&ssl=1&resize=350%2C200","width":350,"height":200,"srcset":"https:\/\/i0.wp.com\/noticiasribeiraopreto.com.br\/wp-content\/uploads\/2024\/08\/Alma_Encantando2-3_2024-08-16_16-25-27_jpg_2024-08-16_16-25-27.webp.webp?fit=1200%2C800&ssl=1&resize=350%2C200 1x, https:\/\/i0.wp.com\/noticiasribeiraopreto.com.br\/wp-content\/uploads\/2024\/08\/Alma_Encantando2-3_2024-08-16_16-25-27_jpg_2024-08-16_16-25-27.webp.webp?fit=1200%2C800&ssl=1&resize=525%2C300 1.5x, https:\/\/i0.wp.com\/noticiasribeiraopreto.com.br\/wp-content\/uploads\/2024\/08\/Alma_Encantando2-3_2024-08-16_16-25-27_jpg_2024-08-16_16-25-27.webp.webp?fit=1200%2C800&ssl=1&resize=700%2C400 2x, https:\/\/i0.wp.com\/noticiasribeiraopreto.com.br\/wp-content\/uploads\/2024\/08\/Alma_Encantando2-3_2024-08-16_16-25-27_jpg_2024-08-16_16-25-27.webp.webp?fit=1200%2C800&ssl=1&resize=1050%2C600 3x"},"classes":[]}],"jetpack_sharing_enabled":true,"jetpack_shortlink":"https:\/\/wp.me\/peQAOb-kBJ","_links":{"self":[{"href":"https:\/\/noticiasribeiraopreto.com.br\/index.php\/wp-json\/wp\/v2\/posts\/79219","targetHints":{"allow":["GET"]}}],"collection":[{"href":"https:\/\/noticiasribeiraopreto.com.br\/index.php\/wp-json\/wp\/v2\/posts"}],"about":[{"href":"https:\/\/noticiasribeiraopreto.com.br\/index.php\/wp-json\/wp\/v2\/types\/post"}],"author":[{"embeddable":true,"href":"https:\/\/noticiasribeiraopreto.com.br\/index.php\/wp-json\/wp\/v2\/users\/1"}],"replies":[{"embeddable":true,"href":"https:\/\/noticiasribeiraopreto.com.br\/index.php\/wp-json\/wp\/v2\/comments?post=79219"}],"version-history":[{"count":0,"href":"https:\/\/noticiasribeiraopreto.com.br\/index.php\/wp-json\/wp\/v2\/posts\/79219\/revisions"}],"wp:featuredmedia":[{"embeddable":true,"href":"https:\/\/noticiasribeiraopreto.com.br\/index.php\/wp-json\/wp\/v2\/media\/79220"}],"wp:attachment":[{"href":"https:\/\/noticiasribeiraopreto.com.br\/index.php\/wp-json\/wp\/v2\/media?parent=79219"}],"wp:term":[{"taxonomy":"category","embeddable":true,"href":"https:\/\/noticiasribeiraopreto.com.br\/index.php\/wp-json\/wp\/v2\/categories?post=79219"},{"taxonomy":"post_tag","embeddable":true,"href":"https:\/\/noticiasribeiraopreto.com.br\/index.php\/wp-json\/wp\/v2\/tags?post=79219"}],"curies":[{"name":"wp","href":"https:\/\/api.w.org\/{rel}","templated":true}]}}