{"id":79223,"date":"2025-10-27T15:58:01","date_gmt":"2025-10-27T18:58:01","guid":{"rendered":"https:\/\/noticiasribeiraopreto.com.br\/index.php\/2025\/10\/27\/video-influenciadora-e-presa-por-desacato-e-preconceito-racial-no-centro\/"},"modified":"2025-10-27T15:58:01","modified_gmt":"2025-10-27T18:58:01","slug":"video-influenciadora-e-presa-por-desacato-e-preconceito-racial-no-centro","status":"publish","type":"post","link":"https:\/\/noticiasribeiraopreto.com.br\/index.php\/2025\/10\/27\/video-influenciadora-e-presa-por-desacato-e-preconceito-racial-no-centro\/","title":{"rendered":"V\u00cdDEO &#8211; Influenciadora \u00e9 presa por desacato e preconceito racial no Centro"},"content":{"rendered":"<p> <br \/>\n<\/p>\n<div id=\"\">\n<h2 class=\"penci-post-subtitle\">Mulher teria ofendido policiais militares durante abordagem a um homem dizendo \u201cum preto f. outro preto\u201d<\/h2>\n<p>\n\t\t\t\t\t\t\t\t\t<span class=\"entry-meta-item penci-posted-on\"><i class=\"fa fa-clock-o\"\/><time class=\"entry-date published\" datetime=\"2025-10-27T15:56:40-03:00\">27 de outubro de 2025 15:56<\/time><time class=\"updated\" datetime=\"2025-10-27T15:57:09-03:00\">27 de outubro de 2025 15:57<\/time><\/span><span class=\"entry-meta-item penci-post-countview\"><span class=\"entry-meta-item penci-post-countview penci_post-meta_item\"><i class=\"fa fa-eye\"\/><span class=\"penci-post-countview-number penci-post-countview-p444354\">5<\/span><\/span><\/span>\t\t\t\t\t\t\t\t<\/p>\n<p><!-- .entry-meta --><br \/>\n\t\t\t\t\t\t\t\t<span class=\"penci-social-buttons penci-social-share-footer\"><span class=\"penci-social-share-text\">Compartilhar<\/span><a href=\"#\" class=\"penci-post-like penci_post-meta_item  single-like-button penci-social-item like\" data-post_id=\"444354\" title=\"Like\" data-like=\"Like\" data-unlike=\"Unlike\"><i class=\"fa fa-thumbs-o-up\"\/><span class=\"penci-share-number\">0<\/span><\/a><i class=\"fa fa-facebook\"\/><a class=\"penci-social-item twitter\" target=\"_blank\" rel=\"noopener\" title=\"\" href=\"https:\/\/twitter.com\/intent\/tweet?text=V\u00cdDEO%20-%20Influenciadora%20\u00e9%20presa%20por%20desacato%20e%20preconceito%20racial%20no%20Centro%20-%20https:\/\/www.tribunaribeirao.com.br\/influenciadora-e-presa-por-desacato-e-preconceito-racial-no-centro\/\"><i class=\"fa fa-twitter\"\/><\/a><i class=\"fa fa-linkedin\"\/><i class=\"fa fa-whatsapp\"\/><i class=\"fa fa-telegram\"\/><i class=\"fa fa-envelope\"\/><\/span>\t\t\t\t\t\t\t<\/div>\n<div>\n<p>A influenciadora digital, Aline Bardy Dutra, de 45 anos foi presa, na madrugada de s\u00e1bado, 25 de outubro, por desacato, resist\u00eancia e inj\u00faria racial. A pris\u00e3o ocorreu ap\u00f3s uma abordagem feita por policiais militares na rua Flor\u00eancio de Abreu, esquina com rua Cerqueira C\u00e9sar, Centro de Ribeir\u00e3o Preto.<\/p>\n<p>De acordo com o Boletim de Ocorr\u00eancia (BO), policiais militares faziam fiscaliza\u00e7\u00e3o de tr\u00e2nsito e foram surpreendidas por Aline que, de acordo com o BO, seria servidora p\u00fablica federal e influenciadora digital, conhecida por \u2018Esquerdogata\u2019. Ela tem quase 900 mil seguidores.<\/p>\n<p>A mulher teria se aproximado com seu telefone celular, filmando a a\u00e7\u00e3o e dizendo que o procedimento dos policiais seria feito por conta da cor do abordado. \u201cUm preto f. outro preto (sic)\u201d, \u201cvoc\u00ea \u00e9 sem consci\u00eancia de classe e prende outros da sua cor (sic)?\u201d<\/p>\n<p>O policial pediu que ela esclarecesse o que havia dito, quando a mulher teria, de acordo com o BO, se exaltado e, ao saber que seria levada para a delegacia, resistiu \u00e0 abordagem, passando a xingar os PMs.<\/p>\n<p>\u201cIdiota, imbecil, voc\u00ea nasceu onde? No Quintino, n\u00e9? Voc\u00ea sabe quem \u00e9 voc\u00ea e quem sou eu (sic)?\u201d No BO consta que ela prosseguiu com as ofensas. Ao ser colocada na viatura, teria tentado, de acordo com o registro, quebrar o vidro da viatura.<\/p>\n<figure id=\"attachment_444356\" aria-describedby=\"caption-attachment-444356\" style=\"width: 879px\" class=\"wp-caption alignnone\"><img data-recalc-dims=\"1\" loading=\"lazy\" decoding=\"async\" class=\"size-full wp-image-444356 lazyload\" src=\"https:\/\/i0.wp.com\/www.tribunaribeirao.com.br\/wp-content\/uploads\/2025\/10\/27-out-2025-esquerdogata2-scaled.jpg?resize=879%2C780&#038;ssl=1\" alt=\"\" width=\"879\" height=\"780\" srcset=\"https:\/\/www.tribunaribeirao.com.br\/wp-content\/uploads\/2025\/10\/27-out-2025-esquerdogata2-scaled.jpg 879w, https:\/\/www.tribunaribeirao.com.br\/wp-content\/uploads\/2025\/10\/27-out-2025-esquerdogata2-300x266.jpg 300w, https:\/\/www.tribunaribeirao.com.br\/wp-content\/uploads\/2025\/10\/27-out-2025-esquerdogata2-1024x909.jpg 1024w, https:\/\/www.tribunaribeirao.com.br\/wp-content\/uploads\/2025\/10\/27-out-2025-esquerdogata2-768x682.jpg 768w, https:\/\/www.tribunaribeirao.com.br\/wp-content\/uploads\/2025\/10\/27-out-2025-esquerdogata2-960x852.jpg 960w, https:\/\/www.tribunaribeirao.com.br\/wp-content\/uploads\/2025\/10\/27-out-2025-esquerdogata2-451x400.jpg 451w, https:\/\/www.tribunaribeirao.com.br\/wp-content\/uploads\/2025\/10\/27-out-2025-esquerdogata2-585x519.jpg 585w\" data-sizes=\"(max-width: 879px) 100vw, 879px\" style=\"--smush-placeholder-width: 879px; --smush-placeholder-aspect-ratio: 879\/780;\"\/><figcaption id=\"caption-attachment-444356\" class=\"wp-caption-text\">Segundo BO, ao ser presa, mulher teria tentado quebrar o vidro da viatura da PM (Foto: Divulga\u00e7\u00e3o)<\/figcaption><\/figure>\n<p>O BO tamb\u00e9m relata que ela teria ofendido os advogados presentes. \u201cAmanh\u00e3 eles ser\u00e3o afastados porque s\u00e3o uns bostas\u201d. Disse que, como \u00e9 militante, ap\u00f3s ser presa ela pode chegar a deputada e vai mandar na pol\u00edcia.<\/p>\n<p>O delegado de plant\u00e3o na Central de Pol\u00edcia Judici\u00e1ria (CPJ), Claudinei Nicotari, determinou a pris\u00e3o da mulher em flagrante. Ela seguiu para uma unidade prisional, permanecendo \u00e0 disposi\u00e7\u00e3o da Justi\u00e7a, para responder por desacato, resist\u00eancia e preconceito de ra\u00e7a ou cor.<\/p>\n<p>\u201cPor oportuno, deixo de arbitrar fian\u00e7a, porquanto a pena combinada ao delito racial suplanta o Artigo 322 do C\u00f3digo de Processo Penal. Assim, ao menos nessa fase de persecu\u00e7\u00e3o criminal, necess\u00e1rio se faz a manuten\u00e7\u00e3o da segrega\u00e7\u00e3o provis\u00f3ria da liberdade da indiciada at\u00e9 audi\u00eancia perante o Poder Judici\u00e1rio\u201d, justificou o delegado no BO.<\/p>\n<p>O celular da influenciadora foi apreendido e o delegado requisitou quebra de sigilo telem\u00e1tico para extrair o conte\u00fado do aparelho. As investiga\u00e7\u00f5es prosseguem. A mulher foi liberada em audi\u00eancia de cust\u00f3dia e vai responder em liberdade. O advogado de defesa, Douglas Marques, disse que ela pode ter feito uso recreativo de bebida alco\u00f3lica que, com medicamentos, pode ter causado a situa\u00e7\u00e3o. Ele tamb\u00e9m disse que a mulher pretende se desculpar com os policiais militares.<\/p>\n<p><!-- CONTENT END 3 -->\n<\/div>\n<p><script async src=\"\/\/platform.twitter.com\/widgets.js\" charset=\"utf-8\"><\/script><br \/>\n<br \/><br \/>\n<br \/><a href=\"https:\/\/www.tribunaribeirao.com.br\/influenciadora-e-presa-por-desacato-e-preconceito-racial-no-centro\/\">Source link <\/a><\/p>\n","protected":false},"excerpt":{"rendered":"<p>Mulher teria ofendido policiais militares durante abordagem a um homem dizendo \u201cum preto f. outro preto\u201d 27 de outubro de 2025 15:5627 de outubro de&#8230;<\/p>\n","protected":false},"author":1,"featured_media":79224,"comment_status":"open","ping_status":"open","sticky":false,"template":"","format":"standard","meta":{"advanced_seo_description":"","jetpack_seo_html_title":"","jetpack_seo_noindex":false,"jetpack_post_was_ever_published":false,"_jetpack_newsletter_access":"","_jetpack_dont_email_post_to_subs":false,"_jetpack_newsletter_tier_id":0,"_jetpack_memberships_contains_paywalled_content":false,"_jetpack_memberships_contains_paid_content":false,"footnotes":"","jetpack_publicize_message":"","jetpack_publicize_feature_enabled":true,"jetpack_social_post_already_shared":true,"jetpack_social_options":{"image_generator_settings":{"template":"highway","default_image_id":0,"font":"","enabled":false},"version":2}},"categories":[11],"tags":[],"class_list":["post-79223","post","type-post","status-publish","format-standard","has-post-thumbnail","hentry","category-noticias-de-ribeirao-preto-sp-e-regiao-ismael-colosi"],"jetpack_publicize_connections":[],"jetpack_featured_media_url":"https:\/\/i0.wp.com\/noticiasribeiraopreto.com.br\/wp-content\/uploads\/2025\/10\/27-out-2025-esquerdogata1-scaled.jpg?fit=892%2C780&ssl=1","jetpack-related-posts":[{"id":78590,"url":"https:\/\/noticiasribeiraopreto.com.br\/index.php\/2025\/10\/14\/ribeirao-preto-recebe-evento-que-homenageia-a-cultura-hip-hop\/","url_meta":{"origin":79223,"position":0},"title":"Ribeir\u00e3o Preto recebe evento que homenageia a cultura hip hop","author":"noticiasribeiraopreto.com.br","date":"14 de October de 2025","format":false,"excerpt":"Ribeir\u00e3o Preto e Prad\u00f3polis recebem o \u201cFunk Fockers na Casa\u201d, entre os dias 15 a 17 de outubro. O evento, que homenageia a cultura hip hop, re\u00fane as artes do MC, DJ e grafite em uma roda de breaking. A entrada \u00e9 gratuita. O evento acontece em Ribeir\u00e3o Preto nos\u2026","rel":"","context":"In &quot;Not\u00edcias de Ribeir\u00e3o Preto-SP e Regi\u00e3o&quot;","block_context":{"text":"Not\u00edcias de Ribeir\u00e3o Preto-SP e Regi\u00e3o","link":"https:\/\/noticiasribeiraopreto.com.br\/index.php\/category\/noticias-de-ribeirao-preto-sp-e-regiao-ismael-colosi\/"},"img":{"alt_text":"","src":"https:\/\/i0.wp.com\/noticiasribeiraopreto.com.br\/wp-content\/uploads\/2025\/10\/Copia-de-Copia-de-Copia-de-TAMANHO-EXATO-PARA-FOTOS-NO-SISTEMA-NOVO-77_2025-10-14_12-02-05.webp.webp?fit=1200%2C675&ssl=1&resize=350%2C200","width":350,"height":200,"srcset":"https:\/\/i0.wp.com\/noticiasribeiraopreto.com.br\/wp-content\/uploads\/2025\/10\/Copia-de-Copia-de-Copia-de-TAMANHO-EXATO-PARA-FOTOS-NO-SISTEMA-NOVO-77_2025-10-14_12-02-05.webp.webp?fit=1200%2C675&ssl=1&resize=350%2C200 1x, https:\/\/i0.wp.com\/noticiasribeiraopreto.com.br\/wp-content\/uploads\/2025\/10\/Copia-de-Copia-de-Copia-de-TAMANHO-EXATO-PARA-FOTOS-NO-SISTEMA-NOVO-77_2025-10-14_12-02-05.webp.webp?fit=1200%2C675&ssl=1&resize=525%2C300 1.5x, https:\/\/i0.wp.com\/noticiasribeiraopreto.com.br\/wp-content\/uploads\/2025\/10\/Copia-de-Copia-de-Copia-de-TAMANHO-EXATO-PARA-FOTOS-NO-SISTEMA-NOVO-77_2025-10-14_12-02-05.webp.webp?fit=1200%2C675&ssl=1&resize=700%2C400 2x, https:\/\/i0.wp.com\/noticiasribeiraopreto.com.br\/wp-content\/uploads\/2025\/10\/Copia-de-Copia-de-Copia-de-TAMANHO-EXATO-PARA-FOTOS-NO-SISTEMA-NOVO-77_2025-10-14_12-02-05.webp.webp?fit=1200%2C675&ssl=1&resize=1050%2C600 3x"},"classes":[]},{"id":59116,"url":"https:\/\/noticiasribeiraopreto.com.br\/index.php\/2024\/10\/15\/dia-dos-professores-ribeirao-tem-mais-de-59-mil-educadores-na-rede-publica\/","url_meta":{"origin":79223,"position":1},"title":"Dia dos Professores: Ribeir\u00e3o tem mais de 5,9 mil educadores na rede p\u00fablica","author":"noticiasribeiraopreto.com.br","date":"15 de October de 2024","format":false,"excerpt":"Ribeir\u00e3o Preto tem mais de 5,9 mil professores atuando nas redes municipais e estaduais de educa\u00e7\u00e3o no munic\u00edpio. Nesta ter\u00e7a-feira (15) \u00e9 celebrado o Dia dos Professores em todo o pa\u00eds. De acordo com a Prefeitura de Ribeir\u00e3o Preto, a rede municipal possui, atualmente, 3.156 professores \u2013 dado atualizado em\u2026","rel":"","context":"In &quot;Not\u00edcias de Ribeir\u00e3o Preto-SP e Regi\u00e3o&quot;","block_context":{"text":"Not\u00edcias de Ribeir\u00e3o Preto-SP e Regi\u00e3o","link":"https:\/\/noticiasribeiraopreto.com.br\/index.php\/category\/noticias-de-ribeirao-preto-sp-e-regiao-ismael-colosi\/"},"img":{"alt_text":"","src":"https:\/\/i0.wp.com\/noticiasribeiraopreto.com.br\/wp-content\/uploads\/2024\/10\/educacao_escola_1200x675_07052022112735.jpg?fit=1200%2C675&ssl=1&resize=350%2C200","width":350,"height":200,"srcset":"https:\/\/i0.wp.com\/noticiasribeiraopreto.com.br\/wp-content\/uploads\/2024\/10\/educacao_escola_1200x675_07052022112735.jpg?fit=1200%2C675&ssl=1&resize=350%2C200 1x, https:\/\/i0.wp.com\/noticiasribeiraopreto.com.br\/wp-content\/uploads\/2024\/10\/educacao_escola_1200x675_07052022112735.jpg?fit=1200%2C675&ssl=1&resize=525%2C300 1.5x, https:\/\/i0.wp.com\/noticiasribeiraopreto.com.br\/wp-content\/uploads\/2024\/10\/educacao_escola_1200x675_07052022112735.jpg?fit=1200%2C675&ssl=1&resize=700%2C400 2x, https:\/\/i0.wp.com\/noticiasribeiraopreto.com.br\/wp-content\/uploads\/2024\/10\/educacao_escola_1200x675_07052022112735.jpg?fit=1200%2C675&ssl=1&resize=1050%2C600 3x"},"classes":[]},{"id":58563,"url":"https:\/\/noticiasribeiraopreto.com.br\/index.php\/2024\/10\/01\/outubro-comeca-com-alerta-de-perigo-potencial-no-estado-de-sp-veja-cidades\/","url_meta":{"origin":79223,"position":2},"title":"Outubro come\u00e7a com alerta de &#8216;perigo potencial&#8217; no estado de SP; Veja cidades","author":"noticiasribeiraopreto.com.br","date":"1 de October de 2024","format":false,"excerpt":"O Inmet (Instituto Nacional de Meteorologia) emitiu um um alerta de \u201cperigo potencial\u201d para a baixa umidade do ar nesta ter\u00e7a-feira (1\u00ba) em grande parte do estado de S\u00e3o Paulo. O aviso tem validade entre 11h e 21h, e inclui Ribeir\u00e3o Preto e cidades da regi\u00e3o. O alerta \u00e9 na\u2026","rel":"","context":"In &quot;Not\u00edcias de Ribeir\u00e3o Preto-SP e Regi\u00e3o&quot;","block_context":{"text":"Not\u00edcias de Ribeir\u00e3o Preto-SP e Regi\u00e3o","link":"https:\/\/noticiasribeiraopreto.com.br\/index.php\/category\/noticias-de-ribeirao-preto-sp-e-regiao-ismael-colosi\/"},"img":{"alt_text":"","src":"https:\/\/i0.wp.com\/noticiasribeiraopreto.com.br\/wp-content\/uploads\/2024\/10\/20230711_174150-scaled.jpg?fit=1200%2C540&ssl=1&resize=350%2C200","width":350,"height":200,"srcset":"https:\/\/i0.wp.com\/noticiasribeiraopreto.com.br\/wp-content\/uploads\/2024\/10\/20230711_174150-scaled.jpg?fit=1200%2C540&ssl=1&resize=350%2C200 1x, https:\/\/i0.wp.com\/noticiasribeiraopreto.com.br\/wp-content\/uploads\/2024\/10\/20230711_174150-scaled.jpg?fit=1200%2C540&ssl=1&resize=525%2C300 1.5x, https:\/\/i0.wp.com\/noticiasribeiraopreto.com.br\/wp-content\/uploads\/2024\/10\/20230711_174150-scaled.jpg?fit=1200%2C540&ssl=1&resize=700%2C400 2x, https:\/\/i0.wp.com\/noticiasribeiraopreto.com.br\/wp-content\/uploads\/2024\/10\/20230711_174150-scaled.jpg?fit=1200%2C540&ssl=1&resize=1050%2C600 3x"},"classes":[]},{"id":77526,"url":"https:\/\/noticiasribeiraopreto.com.br\/index.php\/2025\/09\/20\/a-vinganca-do-judeu-chega-ao-teatro-municipal-de-ribeirao-preto-em-outubro\/","url_meta":{"origin":79223,"position":3},"title":"&#8216;A Vingan\u00e7a do Judeu&#8217; chega ao Teatro Municipal de Ribeir\u00e3o Preto em outubro","author":"noticiasribeiraopreto.com.br","date":"20 de September de 2025","format":false,"excerpt":"A pe\u00e7a \u201cA Vingan\u00e7a do Judeu\u201d chega ao ao palco do Teatro Municipal de Ribeir\u00e3o Preto no dia 5 de outubro. A adapta\u00e7\u00e3o teatral retrata a influ\u00eancia ben\u00e9fica do Espiritismo na sociedade. Os ingressos est\u00e3o dispon\u00edveis e podem ser adquiridos on-line e presencialmente \u2013 veja como abaixo. O espet\u00e1culo \u00e9\u2026","rel":"","context":"In &quot;Not\u00edcias de Ribeir\u00e3o Preto-SP e Regi\u00e3o&quot;","block_context":{"text":"Not\u00edcias de Ribeir\u00e3o Preto-SP e Regi\u00e3o","link":"https:\/\/noticiasribeiraopreto.com.br\/index.php\/category\/noticias-de-ribeirao-preto-sp-e-regiao-ismael-colosi\/"},"img":{"alt_text":"","src":"https:\/\/i0.wp.com\/noticiasribeiraopreto.com.br\/wp-content\/uploads\/2025\/09\/26_2025-09-20_14-12-11.webp.webp?fit=1200%2C900&ssl=1&resize=350%2C200","width":350,"height":200,"srcset":"https:\/\/i0.wp.com\/noticiasribeiraopreto.com.br\/wp-content\/uploads\/2025\/09\/26_2025-09-20_14-12-11.webp.webp?fit=1200%2C900&ssl=1&resize=350%2C200 1x, https:\/\/i0.wp.com\/noticiasribeiraopreto.com.br\/wp-content\/uploads\/2025\/09\/26_2025-09-20_14-12-11.webp.webp?fit=1200%2C900&ssl=1&resize=525%2C300 1.5x, https:\/\/i0.wp.com\/noticiasribeiraopreto.com.br\/wp-content\/uploads\/2025\/09\/26_2025-09-20_14-12-11.webp.webp?fit=1200%2C900&ssl=1&resize=700%2C400 2x, https:\/\/i0.wp.com\/noticiasribeiraopreto.com.br\/wp-content\/uploads\/2025\/09\/26_2025-09-20_14-12-11.webp.webp?fit=1200%2C900&ssl=1&resize=1050%2C600 3x"},"classes":[]},{"id":58912,"url":"https:\/\/noticiasribeiraopreto.com.br\/index.php\/2024\/10\/09\/parque-de-ribeirao-preto-tera-cinema-ao-ar-livre-com-entrada-gratuita\/","url_meta":{"origin":79223,"position":4},"title":"Parque de Ribeir\u00e3o Preto ter\u00e1 cinema ao ar livre com entrada gratuita","author":"noticiasribeiraopreto.com.br","date":"9 de October de 2024","format":false,"excerpt":"O parque Doutor Lu\u00eds Carlos Raya, no Jardim Bot\u00e2nico, em Ribeir\u00e3o Preto, ir\u00e1 receber o projeto Super Tela, um cinema ao ar livre entre os dias 9 e 20 de outubro, a partir das 18h. A programa\u00e7\u00e3o \u00e9 gratuita e conta com filmes nacionais e internacionais. Mesmo com entrada gratuita,\u2026","rel":"","context":"In &quot;Not\u00edcias de Ribeir\u00e3o Preto-SP e Regi\u00e3o&quot;","block_context":{"text":"Not\u00edcias de Ribeir\u00e3o Preto-SP e Regi\u00e3o","link":"https:\/\/noticiasribeiraopreto.com.br\/index.php\/category\/noticias-de-ribeirao-preto-sp-e-regiao-ismael-colosi\/"},"img":{"alt_text":"","src":"https:\/\/i0.wp.com\/noticiasribeiraopreto.com.br\/wp-content\/uploads\/2024\/10\/Scene-8_2024-10-09_13-38-38_jpg_2024-10-09_13-38-40-scaled.webp.webp?fit=1200%2C799&ssl=1&resize=350%2C200","width":350,"height":200,"srcset":"https:\/\/i0.wp.com\/noticiasribeiraopreto.com.br\/wp-content\/uploads\/2024\/10\/Scene-8_2024-10-09_13-38-38_jpg_2024-10-09_13-38-40-scaled.webp.webp?fit=1200%2C799&ssl=1&resize=350%2C200 1x, https:\/\/i0.wp.com\/noticiasribeiraopreto.com.br\/wp-content\/uploads\/2024\/10\/Scene-8_2024-10-09_13-38-38_jpg_2024-10-09_13-38-40-scaled.webp.webp?fit=1200%2C799&ssl=1&resize=525%2C300 1.5x, https:\/\/i0.wp.com\/noticiasribeiraopreto.com.br\/wp-content\/uploads\/2024\/10\/Scene-8_2024-10-09_13-38-38_jpg_2024-10-09_13-38-40-scaled.webp.webp?fit=1200%2C799&ssl=1&resize=700%2C400 2x, https:\/\/i0.wp.com\/noticiasribeiraopreto.com.br\/wp-content\/uploads\/2024\/10\/Scene-8_2024-10-09_13-38-38_jpg_2024-10-09_13-38-40-scaled.webp.webp?fit=1200%2C799&ssl=1&resize=1050%2C600 3x"},"classes":[]},{"id":78413,"url":"https:\/\/noticiasribeiraopreto.com.br\/index.php\/2025\/10\/10\/caminhonete-furtada-e-localizada-tribuna-ribeirao\/","url_meta":{"origin":79223,"position":5},"title":"Caminhonete furtada \u00e9 localizada &#8211; Tribuna Ribeir\u00e3o","author":"noticiasribeiraopreto.com.br","date":"10 de October de 2025","format":false,"excerpt":"Ve\u00edculo de luxo foi localizado em canavial da zona rural de Ribeir\u00e3o Preto 10 de outubro de 2025 08:1310 de outubro de 2025 07:1415 Compartilhar1 Por: Adalberto Luque A equipe da Patrulha Rural da Guarda Civil Metropolitana (GCM) localizou, nesta quinta-feira (9), uma caminhonete na zona rural de Ribeir\u00e3o Preto.\u2026","rel":"","context":"In &quot;Not\u00edcias de Ribeir\u00e3o Preto-SP e Regi\u00e3o&quot;","block_context":{"text":"Not\u00edcias de Ribeir\u00e3o Preto-SP e Regi\u00e3o","link":"https:\/\/noticiasribeiraopreto.com.br\/index.php\/category\/noticias-de-ribeirao-preto-sp-e-regiao-ismael-colosi\/"},"img":{"alt_text":"","src":"https:\/\/i0.wp.com\/noticiasribeiraopreto.com.br\/wp-content\/uploads\/2025\/10\/10-out-2025-caminhonetefurtada2-scaled.jpg?fit=1170%2C780&ssl=1&resize=350%2C200","width":350,"height":200,"srcset":"https:\/\/i0.wp.com\/noticiasribeiraopreto.com.br\/wp-content\/uploads\/2025\/10\/10-out-2025-caminhonetefurtada2-scaled.jpg?fit=1170%2C780&ssl=1&resize=350%2C200 1x, https:\/\/i0.wp.com\/noticiasribeiraopreto.com.br\/wp-content\/uploads\/2025\/10\/10-out-2025-caminhonetefurtada2-scaled.jpg?fit=1170%2C780&ssl=1&resize=525%2C300 1.5x, https:\/\/i0.wp.com\/noticiasribeiraopreto.com.br\/wp-content\/uploads\/2025\/10\/10-out-2025-caminhonetefurtada2-scaled.jpg?fit=1170%2C780&ssl=1&resize=700%2C400 2x, https:\/\/i0.wp.com\/noticiasribeiraopreto.com.br\/wp-content\/uploads\/2025\/10\/10-out-2025-caminhonetefurtada2-scaled.jpg?fit=1170%2C780&ssl=1&resize=1050%2C600 3x"},"classes":[]}],"jetpack_sharing_enabled":true,"jetpack_shortlink":"https:\/\/wp.me\/peQAOb-kBN","_links":{"self":[{"href":"https:\/\/noticiasribeiraopreto.com.br\/index.php\/wp-json\/wp\/v2\/posts\/79223","targetHints":{"allow":["GET"]}}],"collection":[{"href":"https:\/\/noticiasribeiraopreto.com.br\/index.php\/wp-json\/wp\/v2\/posts"}],"about":[{"href":"https:\/\/noticiasribeiraopreto.com.br\/index.php\/wp-json\/wp\/v2\/types\/post"}],"author":[{"embeddable":true,"href":"https:\/\/noticiasribeiraopreto.com.br\/index.php\/wp-json\/wp\/v2\/users\/1"}],"replies":[{"embeddable":true,"href":"https:\/\/noticiasribeiraopreto.com.br\/index.php\/wp-json\/wp\/v2\/comments?post=79223"}],"version-history":[{"count":0,"href":"https:\/\/noticiasribeiraopreto.com.br\/index.php\/wp-json\/wp\/v2\/posts\/79223\/revisions"}],"wp:featuredmedia":[{"embeddable":true,"href":"https:\/\/noticiasribeiraopreto.com.br\/index.php\/wp-json\/wp\/v2\/media\/79224"}],"wp:attachment":[{"href":"https:\/\/noticiasribeiraopreto.com.br\/index.php\/wp-json\/wp\/v2\/media?parent=79223"}],"wp:term":[{"taxonomy":"category","embeddable":true,"href":"https:\/\/noticiasribeiraopreto.com.br\/index.php\/wp-json\/wp\/v2\/categories?post=79223"},{"taxonomy":"post_tag","embeddable":true,"href":"https:\/\/noticiasribeiraopreto.com.br\/index.php\/wp-json\/wp\/v2\/tags?post=79223"}],"curies":[{"name":"wp","href":"https:\/\/api.w.org\/{rel}","templated":true}]}}