{"id":79225,"date":"2025-10-27T18:10:27","date_gmt":"2025-10-27T21:10:27","guid":{"rendered":"https:\/\/noticiasribeiraopreto.com.br\/index.php\/2025\/10\/27\/o-teatro-magico-se-apresenta-em-ribeirao-preto-ainda-ha-ingressos\/"},"modified":"2025-10-27T18:10:27","modified_gmt":"2025-10-27T21:10:27","slug":"o-teatro-magico-se-apresenta-em-ribeirao-preto-ainda-ha-ingressos","status":"publish","type":"post","link":"https:\/\/noticiasribeiraopreto.com.br\/index.php\/2025\/10\/27\/o-teatro-magico-se-apresenta-em-ribeirao-preto-ainda-ha-ingressos\/","title":{"rendered":"O Teatro M\u00e1gico se apresenta em Ribeir\u00e3o Preto; Ainda h\u00e1 ingressos"},"content":{"rendered":"<div class='code-block code-block-1' style='margin: 8px 0 8px auto; text-align: right; display: block; clear: both;'>\n<p><a href=\"https:\/\/wa.link\/vpicfd\"><img data-recalc-dims=\"1\" class=\"wp-image-4922\" style=\"aspect-ratio: 2.0253164556962027; width: 561px; height: auto;\" src=\"https:\/\/i0.wp.com\/ismaelcolosi.com.br\/wp-content\/uploads\/2023\/11\/grupo-de-empregos-whatsapp-e-facebook-ismael-colosi-vagas.jpg?ssl=1\" alt=\"\" \/><\/a><\/p>\n<!-- \/wp:image -->\n<\/div>\n<p> <br \/>\n<\/p>\n<div data-td-block-uid=\"tdi_95\">\n<div class=\"tdb-block-inner td-fix-index\">\n<p>A banda <strong>O Teatro M\u00e1gico<\/strong> retorna para <strong>Ribeir\u00e3o Preto<\/strong> no dia 16 de novembro, para uma apresenta\u00e7\u00e3o no <strong>Theatro Pedro II<\/strong>, no Centro do munic\u00edpio, \u00e0 19h.<\/p>\n<p><strong>O show marca a volta da banda aos palcos depois de um per\u00edodo de pausa<\/strong>. Com novas ideias e energias renovadas, o grupo promete reviver o esp\u00edrito que sempre encantou os f\u00e3s, incorporando tamb\u00e9m inova\u00e7\u00f5es e reflex\u00f5es sobre o momento atual. <mark style=\"background-color:#fcb900\" class=\"has-inline-color\">Os ingressos ainda est\u00e3o dispon\u00edveis e podem ser adquiridos de forma online (clique aqui) \u2013 saiba mais abaixo.<\/mark><\/p>\n<p>Fundada em 2003, a banda conquistou f\u00e3s com uma mistura inconfund\u00edvel de m\u00fasica, poesia e performance teatral. Com letras que falam de amor, esperan\u00e7a, reflex\u00e3o e transforma\u00e7\u00e3o.<\/p>\n<p>\u201cO reencontro da forma\u00e7\u00e3o traz de volta alguns dos maiores sucessos do repert\u00f3rio da banda, al\u00e9m de novas composi\u00e7\u00f5es que continuam a explorar as fronteiras entre arte e m\u00fasica\u201d, diz a organiza\u00e7\u00e3o.<\/p>\n<div class=\"wp-block-image\">\n<figure class=\"aligncenter size-large is-resized\"><img data-recalc-dims=\"1\" fetchpriority=\"high\" decoding=\"async\" width=\"1024\" height=\"683\" src=\"https:\/\/i0.wp.com\/cdn.media-acidadeon.com.br\/ribeiraopreto\/wp-content\/uploads\/sites\/3\/2025\/02\/limpeza_lustre_theatro_-_foto_fernando_gonzaga12_2025-02-24_20-18-04_jpg_2025-02-24_20-18-04-1024x683.webp?resize=1024%2C683&#038;ssl=1\" alt=\"Theatro Pedro II em Ribeir\u00e3o Preto - Foto: Fernando Gonzaga\/ CCS Ribeir\u00e3o Preto\" class=\"wp-image-108911\" style=\"width:654px\" title=\"O Teatro M\u00e1gico se apresenta em Ribeir\u00e3o Preto; Ainda h\u00e1 ingressos 1\" srcset=\"https:\/\/cdn.media-acidadeon.com.br\/ribeiraopreto\/wp-content\/uploads\/sites\/3\/2025\/02\/limpeza_lustre_theatro_-_foto_fernando_gonzaga12_2025-02-24_20-18-04_jpg_2025-02-24_20-18-04-1024x683.webp 1024w, https:\/\/cdn.media-acidadeon.com.br\/ribeiraopreto\/wp-content\/uploads\/sites\/3\/2025\/02\/limpeza_lustre_theatro_-_foto_fernando_gonzaga12_2025-02-24_20-18-04_jpg_2025-02-24_20-18-04-300x200.webp 300w, https:\/\/cdn.media-acidadeon.com.br\/ribeiraopreto\/wp-content\/uploads\/sites\/3\/2025\/02\/limpeza_lustre_theatro_-_foto_fernando_gonzaga12_2025-02-24_20-18-04_jpg_2025-02-24_20-18-04-768x512.webp 768w, https:\/\/cdn.media-acidadeon.com.br\/ribeiraopreto\/wp-content\/uploads\/sites\/3\/2025\/02\/limpeza_lustre_theatro_-_foto_fernando_gonzaga12_2025-02-24_20-18-04_jpg_2025-02-24_20-18-04-1536x1024.webp 1536w, https:\/\/cdn.media-acidadeon.com.br\/ribeiraopreto\/wp-content\/uploads\/sites\/3\/2025\/02\/limpeza_lustre_theatro_-_foto_fernando_gonzaga12_2025-02-24_20-18-04_jpg_2025-02-24_20-18-04-696x464.webp 696w, https:\/\/cdn.media-acidadeon.com.br\/ribeiraopreto\/wp-content\/uploads\/sites\/3\/2025\/02\/limpeza_lustre_theatro_-_foto_fernando_gonzaga12_2025-02-24_20-18-04_jpg_2025-02-24_20-18-04-1068x712.webp 1068w, https:\/\/cdn.media-acidadeon.com.br\/ribeiraopreto\/wp-content\/uploads\/sites\/3\/2025\/02\/limpeza_lustre_theatro_-_foto_fernando_gonzaga12_2025-02-24_20-18-04_jpg_2025-02-24_20-18-04.webp 1620w\" sizes=\"(max-width: 1024px) 100vw, 1024px\"\/><figcaption class=\"wp-element-caption\">Theatro Pedro II em Ribeir\u00e3o Preto \u2013 Foto: Fernando Gonzaga\/ CCS Ribeir\u00e3o Preto<\/figcaption><\/figure>\n<\/div>\n<h2 class=\"wp-block-heading\"><strong>Ingressos<\/strong><\/h2>\n<p>Os ingressos podem ser adquiridos de <strong>forma online (<a href=\"https:\/\/ingressomagico.com.br\/comprar\/207\/o-reencontro-ribeirao-preto\" data-type=\"link\" data-id=\"https:\/\/ingressomagico.com.br\/comprar\/207\/o-reencontro-ribeirao-preto\" target=\"_blank\" rel=\"noreferrer noopener\">clique aqui<\/a>)<\/strong>. Os valores variam entre:<\/p>\n<ul class=\"wp-block-list\">\n<li><strong>Frisa<\/strong>: R$ 220 (inteira) | R$ 130 (solid\u00e1rio) | R$ 110 (meia-entrada)<\/li>\n<li><strong>Balc\u00e3o nobre<\/strong>: R$ 180 (inteira) | R$ 110 (solid\u00e1rio) | R$ 90 (meia-entrada)<\/li>\n<li><strong>Balc\u00e3o simples<\/strong>: R$ 140 (inteira) | R$ 90 (solid\u00e1rio) | R$ 70 (meia-entrada)<\/li>\n<\/ul>\n<h2 class=\"wp-block-heading\"><strong>Servi\u00e7o<\/strong><\/h2>\n<p><strong><em>O Teatro M\u00e1gico \u2013 O Reencontro<\/em><\/strong><\/p>\n<p><strong>Quando:\u00a0<\/strong>16 de novembro, domingo<strong><br \/>Hor\u00e1rio:\u00a0<\/strong>19h<strong><br \/>Local:\u00a0<\/strong>Theatro Pedro II | rua \u00c1lvares Cabral, 370 \u2013 Centro<strong><br \/>Ingressos:\u00a0<\/strong>A partir de R$ 70<\/p>\n<hr class=\"wp-block-separator has-alpha-channel-opacity\"\/>\n<p>SAIBA MAIS<\/p>\n<p>Ribeir\u00e3o Preto tem sess\u00f5es gratuitas de cinema no Dia Internacional da Anima\u00e7\u00e3o<\/p>\n<h2 class=\"wp-block-heading\"><strong>FIQUE ON<\/strong><\/h2>\n<p>Fique ligado em tudo que acontece em Ribeir\u00e3o Preto e regi\u00e3o. Siga os perfis do<strong>\u00a0acidade on<\/strong>\u00a0no<a href=\"https:\/\/www.instagram.com\/acidadeonribeirao\" target=\"_blank\" rel=\"noreferrer noopener\">\u00a0Instagram\u00a0<\/a>e no\u00a0<a href=\"https:\/\/www.facebook.com\/acidadeonribeirao\/\" target=\"_blank\" rel=\"noreferrer noopener\">Facebook<\/a>.<\/p>\n<p>Receba not\u00edcias do<strong>\u00a0acidade on\u00a0<\/strong>no WhatsApp. Para entrar no grupo,\u00a0basta\u00a0<a href=\"https:\/\/chat.whatsapp.com\/I4nieTEMKlf50pJ28aMemC?mode=ac_t\" target=\"_blank\" rel=\"noreferrer noopener\">clicar aqui<\/a>. Ou, acesse o nosso\u00a0Canal\u00a0<a href=\"https:\/\/whatsapp.com\/channel\/0029Vb6IQl1JENyAeS57fk2p\" target=\"_blank\" rel=\"noreferrer noopener\">clicando aqui<\/a>.<\/p>\n<p>Fa\u00e7a uma den\u00fancia ou sugira uma reportagem sobre Ribeir\u00e3o Preto e regi\u00e3o pelo WhatsApp: 16 99117 7802.<\/p>\n<p>VEJA TAMB\u00c9M<\/p>\n<p>O que aconteceu com Sergio Bermudes?<\/p>\n<p><!-- AI CONTENT END 1 -->\n<\/div>\n<\/div>\n<p><script async src=\"\/\/www.instagram.com\/embed.js\"><\/script><br \/>\n<br \/><br \/>\n<br \/><a href=\"https:\/\/www.acidadeon.com\/ribeiraopreto\/lazer-e-cultura\/o-teatro-magico-se-apresenta-em-ribeirao-preto-ainda-ha-ingressos\/\">Source link <\/a><\/p>\n<!-- CONTENT END 1 -->\n","protected":false},"excerpt":{"rendered":"<p>A banda O Teatro M\u00e1gico retorna para Ribeir\u00e3o Preto no dia 16 de novembro, para uma apresenta\u00e7\u00e3o no Theatro Pedro II, no Centro do munic\u00edpio,&#8230;<\/p>\n","protected":false},"author":1,"featured_media":79226,"comment_status":"open","ping_status":"open","sticky":false,"template":"","format":"standard","meta":{"advanced_seo_description":"","jetpack_seo_html_title":"","jetpack_seo_noindex":false,"jetpack_post_was_ever_published":false,"_jetpack_newsletter_access":"","_jetpack_dont_email_post_to_subs":false,"_jetpack_newsletter_tier_id":0,"_jetpack_memberships_contains_paywalled_content":false,"_jetpack_memberships_contains_paid_content":false,"footnotes":"","jetpack_publicize_message":"","jetpack_publicize_feature_enabled":true,"jetpack_social_post_already_shared":true,"jetpack_social_options":{"image_generator_settings":{"template":"highway","default_image_id":0,"font":"","enabled":false},"version":2}},"categories":[11],"tags":[],"class_list":["post-79225","post","type-post","status-publish","format-standard","has-post-thumbnail","hentry","category-noticias-de-ribeirao-preto-sp-e-regiao-ismael-colosi"],"jetpack_publicize_connections":[],"jetpack_featured_media_url":"https:\/\/i0.wp.com\/noticiasribeiraopreto.com.br\/wp-content\/uploads\/2025\/10\/post-TEATRO-MAGICO-1160x653-1_2025-05-05_13-44-58.webp.webp?fit=1160%2C653&ssl=1","jetpack-related-posts":[{"id":85107,"url":"https:\/\/noticiasribeiraopreto.com.br\/index.php\/2026\/04\/21\/o-novo-show-de-o-teatro-magico\/","url_meta":{"origin":79225,"position":0},"title":"O novo show de\u2028 O Teatro M\u00e1gico","author":"noticiasribeiraopreto.com.br","date":"21 de April de 2026","format":false,"excerpt":"O Teatro M\u00e1gico inicia um novo cap\u00edtulo de sua trajet\u00f3ria com o lan\u00e7amento do \u00e1lbum \u201cCom a Corda Bamba no Pesco\u00e7o\u201d O Teatro M\u00e1gico inicia um novo cap\u00edtulo de sua trajet\u00f3ria com o lan\u00e7amento do \u00e1lbum \u201cCom a Corda Bamba no Pesco\u00e7o\u201d, projeto que chega ao longo dos pr\u00f3ximos meses\u2026","rel":"","context":"In &quot;Not\u00edcias de Ribeir\u00e3o Preto-SP e Regi\u00e3o&quot;","block_context":{"text":"Not\u00edcias de Ribeir\u00e3o Preto-SP e Regi\u00e3o","link":"https:\/\/noticiasribeiraopreto.com.br\/index.php\/category\/noticias-de-ribeirao-preto-sp-e-regiao-ismael-colosi\/"},"img":{"alt_text":"","src":"https:\/\/i0.wp.com\/noticiasribeiraopreto.com.br\/wp-content\/uploads\/2026\/04\/Magico-Fer-PH-das-Fotos-scaled.jpg?fit=1169%2C780&ssl=1&resize=350%2C200","width":350,"height":200,"srcset":"https:\/\/i0.wp.com\/noticiasribeiraopreto.com.br\/wp-content\/uploads\/2026\/04\/Magico-Fer-PH-das-Fotos-scaled.jpg?fit=1169%2C780&ssl=1&resize=350%2C200 1x, https:\/\/i0.wp.com\/noticiasribeiraopreto.com.br\/wp-content\/uploads\/2026\/04\/Magico-Fer-PH-das-Fotos-scaled.jpg?fit=1169%2C780&ssl=1&resize=525%2C300 1.5x, https:\/\/i0.wp.com\/noticiasribeiraopreto.com.br\/wp-content\/uploads\/2026\/04\/Magico-Fer-PH-das-Fotos-scaled.jpg?fit=1169%2C780&ssl=1&resize=700%2C400 2x, https:\/\/i0.wp.com\/noticiasribeiraopreto.com.br\/wp-content\/uploads\/2026\/04\/Magico-Fer-PH-das-Fotos-scaled.jpg?fit=1169%2C780&ssl=1&resize=1050%2C600 3x"},"classes":[]},{"id":69364,"url":"https:\/\/noticiasribeiraopreto.com.br\/index.php\/2025\/05\/05\/o-teatro-magico-retorna-a-ribeirao-preto-apos-pausa-veja-quando\/","url_meta":{"origin":79225,"position":1},"title":"O Teatro M\u00e1gico retorna a Ribeir\u00e3o Preto ap\u00f3s pausa; veja quando","author":"noticiasribeiraopreto.com.br","date":"5 de May de 2025","format":false,"excerpt":"Ap\u00f3s um per\u00edodo de pausa, a banda O Teatro M\u00e1gico retorna ao palco de Ribeir\u00e3o Preto com o show \u201cO Reencontro\u201d. A apresenta\u00e7\u00e3o acontece no Theatro Pedro II, no pr\u00f3ximo dia 24 de maio, \u00e0s 20h. Fundada em 2003, a banda conquistou f\u00e3s com uma mistura inconfund\u00edvel de m\u00fasica, poesia\u2026","rel":"","context":"In &quot;Not\u00edcias de Ribeir\u00e3o Preto-SP e Regi\u00e3o&quot;","block_context":{"text":"Not\u00edcias de Ribeir\u00e3o Preto-SP e Regi\u00e3o","link":"https:\/\/noticiasribeiraopreto.com.br\/index.php\/category\/noticias-de-ribeirao-preto-sp-e-regiao-ismael-colosi\/"},"img":{"alt_text":"","src":"https:\/\/i0.wp.com\/noticiasribeiraopreto.com.br\/wp-content\/uploads\/2025\/05\/post-TEATRO-MAGICO-1160x653-1_2025-05-05_13-44-58.webp.webp?fit=1160%2C653&ssl=1&resize=350%2C200","width":350,"height":200,"srcset":"https:\/\/i0.wp.com\/noticiasribeiraopreto.com.br\/wp-content\/uploads\/2025\/05\/post-TEATRO-MAGICO-1160x653-1_2025-05-05_13-44-58.webp.webp?fit=1160%2C653&ssl=1&resize=350%2C200 1x, https:\/\/i0.wp.com\/noticiasribeiraopreto.com.br\/wp-content\/uploads\/2025\/05\/post-TEATRO-MAGICO-1160x653-1_2025-05-05_13-44-58.webp.webp?fit=1160%2C653&ssl=1&resize=525%2C300 1.5x, https:\/\/i0.wp.com\/noticiasribeiraopreto.com.br\/wp-content\/uploads\/2025\/05\/post-TEATRO-MAGICO-1160x653-1_2025-05-05_13-44-58.webp.webp?fit=1160%2C653&ssl=1&resize=700%2C400 2x, https:\/\/i0.wp.com\/noticiasribeiraopreto.com.br\/wp-content\/uploads\/2025\/05\/post-TEATRO-MAGICO-1160x653-1_2025-05-05_13-44-58.webp.webp?fit=1160%2C653&ssl=1&resize=1050%2C600 3x"},"classes":[]},{"id":84277,"url":"https:\/\/noticiasribeiraopreto.com.br\/index.php\/2026\/04\/06\/o-teatro-magico-volta-a-ribeirao-preto-com-novo-espetaculo\/","url_meta":{"origin":79225,"position":2},"title":"O Teatro M\u00e1gico volta a Ribeir\u00e3o Preto com novo espet\u00e1culo","author":"noticiasribeiraopreto.com.br","date":"6 de April de 2026","format":false,"excerpt":"Ler o resumo da not\u00edcia O Teatro M\u00e1gico volta a Ribeir\u00e3o Preto com novo espet\u00e1culo O Teatro M\u00e1gico retorna a Ribeir\u00e3o Preto com o espet\u00e1culo \u201cCom a Corda Bamba no Pesco\u00e7o\u201d, t\u00edtulo que tamb\u00e9m d\u00e1 nome ao novo \u00e1lbum de est\u00fadio do grupo, no dia 18 de julho, \u00e0s 20h,\u2026","rel":"","context":"In &quot;Not\u00edcias de Ribeir\u00e3o Preto-SP e Regi\u00e3o&quot;","block_context":{"text":"Not\u00edcias de Ribeir\u00e3o Preto-SP e Regi\u00e3o","link":"https:\/\/noticiasribeiraopreto.com.br\/index.php\/category\/noticias-de-ribeirao-preto-sp-e-regiao-ismael-colosi\/"},"img":{"alt_text":"","src":"https:\/\/i0.wp.com\/noticiasribeiraopreto.com.br\/wp-content\/uploads\/2026\/04\/584073917_18544351720004838_8482099106153740264_n_2026-04-06_20-14-48.webp.webp?fit=1200%2C900&ssl=1&resize=350%2C200","width":350,"height":200,"srcset":"https:\/\/i0.wp.com\/noticiasribeiraopreto.com.br\/wp-content\/uploads\/2026\/04\/584073917_18544351720004838_8482099106153740264_n_2026-04-06_20-14-48.webp.webp?fit=1200%2C900&ssl=1&resize=350%2C200 1x, https:\/\/i0.wp.com\/noticiasribeiraopreto.com.br\/wp-content\/uploads\/2026\/04\/584073917_18544351720004838_8482099106153740264_n_2026-04-06_20-14-48.webp.webp?fit=1200%2C900&ssl=1&resize=525%2C300 1.5x, https:\/\/i0.wp.com\/noticiasribeiraopreto.com.br\/wp-content\/uploads\/2026\/04\/584073917_18544351720004838_8482099106153740264_n_2026-04-06_20-14-48.webp.webp?fit=1200%2C900&ssl=1&resize=700%2C400 2x, https:\/\/i0.wp.com\/noticiasribeiraopreto.com.br\/wp-content\/uploads\/2026\/04\/584073917_18544351720004838_8482099106153740264_n_2026-04-06_20-14-48.webp.webp?fit=1200%2C900&ssl=1&resize=1050%2C600 3x"},"classes":[]},{"id":42010,"url":"https:\/\/noticiasribeiraopreto.com.br\/index.php\/2024\/03\/12\/vocalista-do-grupo-o-teatro-magico-faz-show-em-ribeirao-preto\/","url_meta":{"origin":79225,"position":3},"title":"Vocalista do grupo \u2018O Teatro M\u00e1gico\u2019 faz show em Ribeir\u00e3o Preto","author":"noticiasribeiraopreto.com.br","date":"12 de March de 2024","format":false,"excerpt":"O vocalista do grupo \u201cO Teatro M\u00e1gico\u201d Fernando Anitelli, se apresenta no Theatro Pedro II em Ribeir\u00e3o Preto, neste domingo (17), \u00e0s 19h. Em comemora\u00e7\u00e3o aos 20 anos de trajet\u00f3ria do grupo, Fernando Anitelli traz para a cidade a nova turn\u00ea com o nome \u201cHist\u00f3rias para Cantar\u201d com m\u00fasicas in\u00e9ditas\u2026","rel":"","context":"In &quot;Not\u00edcias de Ribeir\u00e3o Preto-SP e Regi\u00e3o&quot;","block_context":{"text":"Not\u00edcias de Ribeir\u00e3o Preto-SP e Regi\u00e3o","link":"https:\/\/noticiasribeiraopreto.com.br\/index.php\/category\/noticias-de-ribeirao-preto-sp-e-regiao-ismael-colosi\/"},"img":{"alt_text":"","src":"https:\/\/i0.wp.com\/noticiasribeiraopreto.com.br\/wp-content\/uploads\/2024\/03\/Copia-de-Copia-de-TAMANHO-EXATO-PARA-FOTOS-NO-SISTEMA-NOVO-42.jpg?fit=1200%2C675&ssl=1&resize=350%2C200","width":350,"height":200,"srcset":"https:\/\/i0.wp.com\/noticiasribeiraopreto.com.br\/wp-content\/uploads\/2024\/03\/Copia-de-Copia-de-TAMANHO-EXATO-PARA-FOTOS-NO-SISTEMA-NOVO-42.jpg?fit=1200%2C675&ssl=1&resize=350%2C200 1x, https:\/\/i0.wp.com\/noticiasribeiraopreto.com.br\/wp-content\/uploads\/2024\/03\/Copia-de-Copia-de-TAMANHO-EXATO-PARA-FOTOS-NO-SISTEMA-NOVO-42.jpg?fit=1200%2C675&ssl=1&resize=525%2C300 1.5x, https:\/\/i0.wp.com\/noticiasribeiraopreto.com.br\/wp-content\/uploads\/2024\/03\/Copia-de-Copia-de-TAMANHO-EXATO-PARA-FOTOS-NO-SISTEMA-NOVO-42.jpg?fit=1200%2C675&ssl=1&resize=700%2C400 2x, https:\/\/i0.wp.com\/noticiasribeiraopreto.com.br\/wp-content\/uploads\/2024\/03\/Copia-de-Copia-de-TAMANHO-EXATO-PARA-FOTOS-NO-SISTEMA-NOVO-42.jpg?fit=1200%2C675&ssl=1&resize=1050%2C600 3x"},"classes":[]},{"id":80302,"url":"https:\/\/noticiasribeiraopreto.com.br\/index.php\/2025\/11\/19\/banda-da-juventude-se-apresenta-na-mostra-anual-no-teatro-municipal-de-sertaozinho\/","url_meta":{"origin":79225,"position":4},"title":"Banda da Juventude se apresenta na Mostra Anual no Teatro Municipal de Sert\u00e3ozinho","author":"noticiasribeiraopreto.com.br","date":"19 de November de 2025","format":false,"excerpt":"A Banda da Juventude realiza no pr\u00f3ximo domingo (23), \u00e0s 10h, a 4\u00aa Mostra Anual, no Teatro Municipal de Sert\u00e3ozinho. A apresenta\u00e7\u00e3o vai reunir em m\u00e9dia 90 crian\u00e7as e adolescentes, incluindo estudantes do n\u00facleo de Cruz das Posses. A entrada \u00e9 gratuita e n\u00e3o h\u00e1 necessidade de retirada de ingressos.\u2026","rel":"","context":"In &quot;Not\u00edcias de Ribeir\u00e3o Preto-SP e Regi\u00e3o&quot;","block_context":{"text":"Not\u00edcias de Ribeir\u00e3o Preto-SP e Regi\u00e3o","link":"https:\/\/noticiasribeiraopreto.com.br\/index.php\/category\/noticias-de-ribeirao-preto-sp-e-regiao-ismael-colosi\/"},"img":{"alt_text":"","src":"https:\/\/i0.wp.com\/noticiasribeiraopreto.com.br\/wp-content\/uploads\/2025\/11\/IMG_7537_2025-11-19_13-24-12.webp.webp?fit=1200%2C674&ssl=1&resize=350%2C200","width":350,"height":200,"srcset":"https:\/\/i0.wp.com\/noticiasribeiraopreto.com.br\/wp-content\/uploads\/2025\/11\/IMG_7537_2025-11-19_13-24-12.webp.webp?fit=1200%2C674&ssl=1&resize=350%2C200 1x, https:\/\/i0.wp.com\/noticiasribeiraopreto.com.br\/wp-content\/uploads\/2025\/11\/IMG_7537_2025-11-19_13-24-12.webp.webp?fit=1200%2C674&ssl=1&resize=525%2C300 1.5x, https:\/\/i0.wp.com\/noticiasribeiraopreto.com.br\/wp-content\/uploads\/2025\/11\/IMG_7537_2025-11-19_13-24-12.webp.webp?fit=1200%2C674&ssl=1&resize=700%2C400 2x, https:\/\/i0.wp.com\/noticiasribeiraopreto.com.br\/wp-content\/uploads\/2025\/11\/IMG_7537_2025-11-19_13-24-12.webp.webp?fit=1200%2C674&ssl=1&resize=1050%2C600 3x"},"classes":[]},{"id":66913,"url":"https:\/\/noticiasribeiraopreto.com.br\/index.php\/2025\/04\/07\/banda-lamparina-se-apresenta-no-teatro-de-arena-de-ribeirao-preto\/","url_meta":{"origin":79225,"position":5},"title":"Banda Lamparina se apresenta no Teatro de Arena de Ribeir\u00e3o Preto","author":"noticiasribeiraopreto.com.br","date":"7 de April de 2025","format":false,"excerpt":"O grupo mineiro Lamparina se apresenta no Teatro de Arena \u201cJaime Zeiger\u201d, em Ribeir\u00e3o Preto, na pr\u00f3xima quinta-feira (10), \u00e0s 20h. Os ingressos j\u00e1 est\u00e3o \u00e0 venda. \u2013 veja como adquirir abaixo. O repert\u00f3rio faz uma ode \u00e0 m\u00fasica brasileira, com suingue e batidas eletr\u00f4nicas. Al\u00e9m de trazer elementos org\u00e2nicos,\u2026","rel":"","context":"In &quot;Not\u00edcias de Ribeir\u00e3o Preto-SP e Regi\u00e3o&quot;","block_context":{"text":"Not\u00edcias de Ribeir\u00e3o Preto-SP e Regi\u00e3o","link":"https:\/\/noticiasribeiraopreto.com.br\/index.php\/category\/noticias-de-ribeirao-preto-sp-e-regiao-ismael-colosi\/"},"img":{"alt_text":"","src":"https:\/\/i0.wp.com\/noticiasribeiraopreto.com.br\/wp-content\/uploads\/2025\/04\/banda-lamparina_2025-04-07_15-49-39_jpg_2025-04-07_15-49-39.webp.webp?fit=1000%2C733&ssl=1&resize=350%2C200","width":350,"height":200,"srcset":"https:\/\/i0.wp.com\/noticiasribeiraopreto.com.br\/wp-content\/uploads\/2025\/04\/banda-lamparina_2025-04-07_15-49-39_jpg_2025-04-07_15-49-39.webp.webp?fit=1000%2C733&ssl=1&resize=350%2C200 1x, https:\/\/i0.wp.com\/noticiasribeiraopreto.com.br\/wp-content\/uploads\/2025\/04\/banda-lamparina_2025-04-07_15-49-39_jpg_2025-04-07_15-49-39.webp.webp?fit=1000%2C733&ssl=1&resize=525%2C300 1.5x, https:\/\/i0.wp.com\/noticiasribeiraopreto.com.br\/wp-content\/uploads\/2025\/04\/banda-lamparina_2025-04-07_15-49-39_jpg_2025-04-07_15-49-39.webp.webp?fit=1000%2C733&ssl=1&resize=700%2C400 2x"},"classes":[]}],"jetpack_sharing_enabled":true,"jetpack_shortlink":"https:\/\/wp.me\/peQAOb-kBP","_links":{"self":[{"href":"https:\/\/noticiasribeiraopreto.com.br\/index.php\/wp-json\/wp\/v2\/posts\/79225","targetHints":{"allow":["GET"]}}],"collection":[{"href":"https:\/\/noticiasribeiraopreto.com.br\/index.php\/wp-json\/wp\/v2\/posts"}],"about":[{"href":"https:\/\/noticiasribeiraopreto.com.br\/index.php\/wp-json\/wp\/v2\/types\/post"}],"author":[{"embeddable":true,"href":"https:\/\/noticiasribeiraopreto.com.br\/index.php\/wp-json\/wp\/v2\/users\/1"}],"replies":[{"embeddable":true,"href":"https:\/\/noticiasribeiraopreto.com.br\/index.php\/wp-json\/wp\/v2\/comments?post=79225"}],"version-history":[{"count":0,"href":"https:\/\/noticiasribeiraopreto.com.br\/index.php\/wp-json\/wp\/v2\/posts\/79225\/revisions"}],"wp:featuredmedia":[{"embeddable":true,"href":"https:\/\/noticiasribeiraopreto.com.br\/index.php\/wp-json\/wp\/v2\/media\/79226"}],"wp:attachment":[{"href":"https:\/\/noticiasribeiraopreto.com.br\/index.php\/wp-json\/wp\/v2\/media?parent=79225"}],"wp:term":[{"taxonomy":"category","embeddable":true,"href":"https:\/\/noticiasribeiraopreto.com.br\/index.php\/wp-json\/wp\/v2\/categories?post=79225"},{"taxonomy":"post_tag","embeddable":true,"href":"https:\/\/noticiasribeiraopreto.com.br\/index.php\/wp-json\/wp\/v2\/tags?post=79225"}],"curies":[{"name":"wp","href":"https:\/\/api.w.org\/{rel}","templated":true}]}}