{"id":7930,"date":"2023-11-29T05:12:16","date_gmt":"2023-11-29T08:12:16","guid":{"rendered":"https:\/\/noticiasribeiraopreto.com.br\/index.php\/2023\/11\/29\/veja-o-que-fazer-se-seu-cnpj-foi-excluido-por-divida-com-a-receita\/"},"modified":"2023-11-29T05:12:16","modified_gmt":"2023-11-29T08:12:16","slug":"veja-o-que-fazer-se-seu-cnpj-foi-excluido-por-divida-com-a-receita","status":"publish","type":"post","link":"https:\/\/noticiasribeiraopreto.com.br\/index.php\/2023\/11\/29\/veja-o-que-fazer-se-seu-cnpj-foi-excluido-por-divida-com-a-receita\/","title":{"rendered":"Veja o que fazer se seu CNPJ foi exclu\u00eddo por d\u00edvida com a Receita"},"content":{"rendered":"<div class='code-block code-block-1' style='margin: 8px 0 8px auto; text-align: right; display: block; clear: both;'>\n<p><a href=\"https:\/\/wa.link\/vpicfd\"><img data-recalc-dims=\"1\" class=\"wp-image-4922\" style=\"aspect-ratio: 2.0253164556962027; width: 561px; height: auto;\" src=\"https:\/\/i0.wp.com\/ismaelcolosi.com.br\/wp-content\/uploads\/2023\/11\/grupo-de-empregos-whatsapp-e-facebook-ismael-colosi-vagas.jpg?ssl=1\" alt=\"\" \/><\/a><\/p>\n<!-- \/wp:image -->\n<\/div>\n<p> <br \/>\n<\/p>\n<div>\n<p>Microempreendedores Individuais (<a href=\"https:\/\/catracalivre.com.br\/cidadania\/mei-pode-agora-se-beneficiar-do-bolsa-familia\/\">MEI<\/a>) t\u00eam uma oportunidade crucial de evitar a exclus\u00e3o do Simples Nacional devido a d\u00edvidas e pend\u00eancias com a <a href=\"https:\/\/catracalivre.com.br\/cidadania\/atencao-mudanca-na-receita-atinge-todos-que-declaram-imposto-de-renda\/\">Receita Federal<\/a>.<\/p>\n<div id=\"attachment_2297895\" class=\"wp-caption aligncenter\">\n<div class=\"d-flex justify-content-center\" data-attachment-id=\"2297895\">\n<div class=\"position-relative d-inline-block\"><img data-recalc-dims=\"1\" data-portal-copyright=\"Istock\/SDI Productions\" decoding=\"async\" fetchpriority=\"high\" class=\"size-large wp-image-2297895\" src=\"https:\/\/i0.wp.com\/catracalivre.com.br\/wp-content\/uploads\/2023\/09\/istock-1162215633-910x607.jpg?resize=910%2C607&#038;ssl=1\" alt=\"MEI cancelado? N\u00e3o se desespere! Agora voc\u00ea vai descobrir como resolver\" width=\"910\" height=\"607\" srcset=\"https:\/\/catracalivre.com.br\/wp-content\/uploads\/2023\/09\/istock-1162215633-910x607.jpg 910w, https:\/\/catracalivre.com.br\/wp-content\/uploads\/2023\/09\/istock-1162215633-450x300.jpg 450w, https:\/\/catracalivre.com.br\/wp-content\/uploads\/2023\/09\/istock-1162215633-768x512.jpg 768w\" sizes=\"(max-width: 910px) 100vw, 910px\"\/><\/p>\n<p>Cr\u00e9ditos: Istock\/SDI Productions<\/p>\n<\/div>\n<\/div>\n<p><span class=\"post-imagem__legenda\">MEI cancelado? N\u00e3o se desespere! Agora voc\u00ea vai descobrir como resolver<\/span><\/p>\n<\/div>\n<p>O \u00f3rg\u00e3o alerta que, em todo o pa\u00eds, um total de 393.678 MEIs receberam notifica\u00e7\u00f5es para regularizar sua situa\u00e7\u00e3o financeira com o fisco, totalizando aproximadamente R$2,25 bilh\u00f5es em d\u00e9bitos.<\/p>\n<p>Manter um <a href=\"https:\/\/catracalivre.com.br\/cidadania\/mei-regularize-impostos-com-pendencias-voce-pode-ter-cnpj-excluido\/\">CNPJ<\/a> em situa\u00e7\u00e3o irregular tem implica\u00e7\u00f5es s\u00e9rias, como a impossibilidade de emitir notas fiscais, obter licen\u00e7as e at\u00e9 mesmo o cancelamento de alvar\u00e1s. Al\u00e9m disso, as d\u00edvidas assumem o nome do microempreendedor, afetando seu <a href=\"https:\/\/catracalivre.com.br\/cidadania\/mei-inadimplentes-podem-ter-cpf-negativado-veja-o-que-fazer\/\">CPF<\/a> e dificultando a obten\u00e7\u00e3o de empr\u00e9stimos e financiamentos.<\/p>\n<p>No \u00faltimo m\u00eas de setembro, a Receita Federal disponibilizou os Termos de Exclus\u00e3o do Simples Nacional e os relat\u00f3rios de pend\u00eancias dos contribuintes no Domic\u00edlio Tribut\u00e1rio Eletr\u00f4nico do Simples Nacional e MEI (Simples Nacional.<\/p>\n<p>Estas pend\u00eancias devem ser regularizadas at\u00e9 1\u00ba de janeiro de 2024, acess\u00edveis atrav\u00e9s da aba Simei-Servi\u00e7os do Portal do Simples Nacional ou pelo Portal e-CAC (eCAC \u2013 Centro Virtual de Atendimento (fazenda.gov.br) da Receita Federal do Brasil, com c\u00f3digo de acesso espec\u00edfico ou via <a href=\"https:\/\/catracalivre.com.br\/cidadania\/governo-estabelece-limite-de-acesso-ao-site-gov-br-veja-o-que-muda\/\">Gov.BR<\/a>.<\/p>\n<p>Para evitar a exclus\u00e3o, os d\u00e9bitos devem ser quitados integralmente at\u00e9 o final do ano, seja por pagamento \u00e0 vista ou parcelamento, que pode estender-se por at\u00e9 trinta meses a partir da data de ci\u00eancia do Termo de Exclus\u00e3o. \u201cA ci\u00eancia se dar\u00e1 no momento da primeira leitura, se o contribuinte acessar a mensagem dentro de 45 dias contados da disponibiliza\u00e7\u00e3o do referido Termo, ou no quadrag\u00e9simo quinto dia contado da disponibiliza\u00e7\u00e3o do Termo, caso a primeira leitura seja feita posteriormente a esse prazo\u201d, informa a RF.<\/p>\n<p>MEI que regularizar suas d\u00edvidas ver\u00e3o o Termo de Exclus\u00e3o anulado. Entretanto, aqueles que permanecerem inadimplentes ser\u00e3o exclu\u00eddos do Simples Nacional j\u00e1 no in\u00edcio de 2024, sendo automaticamente desenquadrados do Simei.<\/p>\n<p>\u00c9 de extrema import\u00e2ncia que empreendedores estejam cientes das implica\u00e7\u00f5es da exclus\u00e3o do Simples Nacional e cumpram os prazos legais, uma vez que a exclus\u00e3o pode ser prejudicial para os neg\u00f3cios.<\/p>\n<h2>Como regularizar MEI<\/h2>\n<p>Para regularizar sua situa\u00e7\u00e3o como MEI, voc\u00ea pode efetuar o pagamento ou parcelamento das d\u00edvidas diretamente no portal do Simples Nacional ou pelo aplicativo MEI, dispon\u00edvel para dispositivos Android ou iOS.<\/p>\n<p>Se suas d\u00edvidas est\u00e3o inscritas na D\u00edvida Ativa, siga as orienta\u00e7\u00f5es a seguir:<\/p>\n<ul>\n<li>O d\u00e9bito de INSS deve ser recolhido em DAS DAU, um documento espec\u00edfico para D\u00edvida Ativa da Uni\u00e3o.<\/li>\n<li>D\u00e9bitos de ISS e ICMS devem ser quitados em guias pr\u00f3prias do Estado ou munic\u00edpio respons\u00e1vel pelo tributo.<\/li>\n<li>A entrega da Declara\u00e7\u00e3o Anual do Simples Nacional do Microempreendedor Individual (DASN-SIMEI) pode ser realizada pelo <a href=\"https:\/\/www.gov.br\/receitafederal\/pt-br\/canais_atendimento\/fale-conosco\/empresa\/simples-nacional-e-microempreendedor-individual-mei\/simples-nacional\" target=\"_blank\" rel=\"noopener\">portal do Simples Nacional<\/a> ou pelo aplicativo MEI.<\/li>\n<\/ul>\n<p>Para verificar o valor de suas d\u00edvidas, acesse o <a href=\"https:\/\/www8.receita.fazenda.gov.br\/simplesnacional\/aplicacoes\/atspo\/pgmei.app\/identificacao\">Programa Gerador de DAS do Microempreendedor Individual (PGMEI)<\/a>. Em seguida, com certificado digital ou c\u00f3digo de acesso, v\u00e1 at\u00e9 a op\u00e7\u00e3o \u201cConsulta Extrato\/Pend\u00eancias &gt; Consulta Pend\u00eancias no Simei\u201d. As informa\u00e7\u00f5es sobre as d\u00edvidas tamb\u00e9m est\u00e3o dispon\u00edveis no aplicativo MEI.<\/p>\n<p>Caso voc\u00ea n\u00e3o esteja mais atuando como empreendedor e deseja encerrar suas atividades como MEI, \u00e9 importante dar baixa no CNPJ. O processo \u00e9 simples e pode ser realizado gratuitamente pelo <a href=\"https:\/\/www.gov.br\/empresas-e-negocios\/pt-br\/empreendedor\" target=\"_blank\" rel=\"noopener\">Portal do Empreendedor<\/a>.<\/p>\n<\/div>\n<p><script>\n\t\t! function(f, b, e, v, n, t, s) {\n\t\t\tif (f.fbq) return;\n\t\t\tn = f.fbq = function() {\n\t\t\t\tn.callMethod ?\n\t\t\t\t\tn.callMethod.apply(n, arguments) : n.queue.push(arguments)\n\t\t\t};\n\t\t\tif (!f._fbq) f._fbq = n;\n\t\t\tn.push = n;\n\t\t\tn.loaded = !0;\n\t\t\tn.version = '2.0';\n\t\t\tn.queue = [];\n\t\t\tt = b.createElement(e);\n\t\t\tt.async = !0;\n\t\t\tt.src = v;\n\t\t\ts = b.getElementsByTagName(e)[0];\n\t\t\ts.parentNode.insertBefore(t, s)\n\t\t}(window, document, 'script',\n\t\t\t'https:\/\/connect.facebook.net\/en_US\/fbevents.js');\n\t\tfbq('init', '338315473262380');\n\t\tfbq('track', 'PageView');\n\t<\/script><br \/>\n<br \/><br \/>\n<br \/><a href=\"https:\/\/catracalivre.com.br\/cidadania\/mei-veja-o-que-fazer-se-seu-cnpj-foi-excluido-por-divida-com-a-receita\/\">Source link <\/a><\/p>\n<!-- CONTENT END 1 -->\n","protected":false},"excerpt":{"rendered":"<p>Microempreendedores Individuais (MEI) t\u00eam uma oportunidade crucial de evitar a exclus\u00e3o do Simples Nacional devido a d\u00edvidas e pend\u00eancias com a Receita Federal. Cr\u00e9ditos: Istock\/SDI&#8230;<\/p>\n","protected":false},"author":1,"featured_media":7931,"comment_status":"open","ping_status":"open","sticky":false,"template":"","format":"standard","meta":{"advanced_seo_description":"","jetpack_seo_html_title":"","jetpack_seo_noindex":false,"jetpack_post_was_ever_published":false,"_jetpack_newsletter_access":"","_jetpack_dont_email_post_to_subs":false,"_jetpack_newsletter_tier_id":0,"_jetpack_memberships_contains_paywalled_content":false,"_jetpack_memberships_contains_paid_content":false,"footnotes":"","jetpack_publicize_message":"","jetpack_publicize_feature_enabled":true,"jetpack_social_post_already_shared":true,"jetpack_social_options":{"image_generator_settings":{"template":"highway","default_image_id":0,"font":"","enabled":false},"version":2}},"categories":[19],"tags":[],"class_list":["post-7930","post","type-post","status-publish","format-standard","has-post-thumbnail","hentry","category-variedades"],"jetpack_publicize_connections":[],"jetpack_featured_media_url":"https:\/\/i0.wp.com\/noticiasribeiraopreto.com.br\/wp-content\/uploads\/2023\/11\/1701245539_istock-1162215633.jpg?fit=1200%2C638&ssl=1","jetpack-related-posts":[{"id":23420,"url":"https:\/\/noticiasribeiraopreto.com.br\/index.php\/2024\/01\/02\/quite-suas-dividas-com-a-receita-federal-sem-juros-e-multas-a-partir-desta-terca-2-2\/","url_meta":{"origin":7930,"position":0},"title":"Quite suas d\u00edvidas com a Receita Federal sem juros e multas a partir desta ter\u00e7a (2)","author":"noticiasribeiraopreto.com.br","date":"2 de January de 2024","format":false,"excerpt":"A Receita Federal come\u00e7a a oferecer um programa de regulariza\u00e7\u00e3o de d\u00edvidas tribut\u00e1rias com condi\u00e7\u00f5es especiais a partir desta ter\u00e7a-feira (2) at\u00e9 1\u00ba de abril. Os contribuintes que aderirem ao programa poder\u00e3o quitar suas d\u00edvidas sem juros e multas, pagando apenas o valor principal. A d\u00edvida pode ser parcelada em\u2026","rel":"","context":"In &quot;Vagas de Emprego em Ribeir\u00e3o Preto-SP&quot;","block_context":{"text":"Vagas de Emprego em Ribeir\u00e3o Preto-SP","link":"https:\/\/noticiasribeiraopreto.com.br\/index.php\/category\/empregos-classificados-vagas-trabalho\/vagas-de-empregos-em-ribeirao-preto-regiao-brasil\/"},"img":{"alt_text":"","src":"https:\/\/i0.wp.com\/noticiasribeiraopreto.com.br\/wp-content\/uploads\/2024\/01\/concurso-receita-federal-5.jpg?fit=1200%2C675&ssl=1&resize=350%2C200","width":350,"height":200,"srcset":"https:\/\/i0.wp.com\/noticiasribeiraopreto.com.br\/wp-content\/uploads\/2024\/01\/concurso-receita-federal-5.jpg?fit=1200%2C675&ssl=1&resize=350%2C200 1x, https:\/\/i0.wp.com\/noticiasribeiraopreto.com.br\/wp-content\/uploads\/2024\/01\/concurso-receita-federal-5.jpg?fit=1200%2C675&ssl=1&resize=525%2C300 1.5x, https:\/\/i0.wp.com\/noticiasribeiraopreto.com.br\/wp-content\/uploads\/2024\/01\/concurso-receita-federal-5.jpg?fit=1200%2C675&ssl=1&resize=700%2C400 2x, https:\/\/i0.wp.com\/noticiasribeiraopreto.com.br\/wp-content\/uploads\/2024\/01\/concurso-receita-federal-5.jpg?fit=1200%2C675&ssl=1&resize=1050%2C600 3x"},"classes":[]},{"id":23394,"url":"https:\/\/noticiasribeiraopreto.com.br\/index.php\/2024\/01\/02\/receita-federal-inicia-processo-de-adesao-a-programa-de-pagamento-de-dividas-sem-juros-e-multas\/","url_meta":{"origin":7930,"position":1},"title":"Receita Federal inicia processo ao programa de pagamento de d\u00edvidas sem juros e multas","author":"noticiasribeiraopreto.com.br","date":"2 de January de 2024","format":false,"excerpt":"Come\u00e7a nesta ter\u00e7a-feira, 2, o per\u00edodo de ades\u00e3o de pessoas f\u00edsicas e jur\u00eddicas ao programa de Autorregulariza\u00e7\u00e3o Incentivada de Tributos, da Receita Federal, em que d\u00edvidas podem ser pagas sem multas e sem juros. A medida foi publicada no Di\u00e1rio Oficial da Uni\u00e3o\u00a0em 29 de dezembro com o objetivo de\u2026","rel":"","context":"In &quot;Not\u00edcias de Ribeir\u00e3o Preto-SP e Regi\u00e3o&quot;","block_context":{"text":"Not\u00edcias de Ribeir\u00e3o Preto-SP e Regi\u00e3o","link":"https:\/\/noticiasribeiraopreto.com.br\/index.php\/category\/noticias-de-ribeirao-preto-sp-e-regiao-ismael-colosi\/"},"img":{"alt_text":"","src":"https:\/\/i0.wp.com\/noticiasribeiraopreto.com.br\/wp-content\/uploads\/2024\/01\/shutterstock_1975528862-scaled.jpg?fit=1000%2C563&ssl=1&resize=350%2C200","width":350,"height":200,"srcset":"https:\/\/i0.wp.com\/noticiasribeiraopreto.com.br\/wp-content\/uploads\/2024\/01\/shutterstock_1975528862-scaled.jpg?fit=1000%2C563&ssl=1&resize=350%2C200 1x, https:\/\/i0.wp.com\/noticiasribeiraopreto.com.br\/wp-content\/uploads\/2024\/01\/shutterstock_1975528862-scaled.jpg?fit=1000%2C563&ssl=1&resize=525%2C300 1.5x, https:\/\/i0.wp.com\/noticiasribeiraopreto.com.br\/wp-content\/uploads\/2024\/01\/shutterstock_1975528862-scaled.jpg?fit=1000%2C563&ssl=1&resize=700%2C400 2x"},"classes":[]},{"id":25049,"url":"https:\/\/noticiasribeiraopreto.com.br\/index.php\/2024\/01\/05\/devedores-da-receita-federal-ja-podem-quitar-dividas-sem-multa-e-juros-2\/","url_meta":{"origin":7930,"position":2},"title":"Devedores da Receita Federal j\u00e1 podem quitar d\u00edvidas sem multa e juros \u2013 Folha de Ribeir\u00e3o","author":"noticiasribeiraopreto.com.br","date":"5 de January de 2024","format":false,"excerpt":"A partir desta sexta-feira (5), os contribuintes com d\u00edvidas com a Receita Federal poder\u00e3o quitar seus d\u00e9bitos com desconto de 100% das multas e dos juros. Para aderir ao programa da autorregulariza\u00e7\u00e3o incentivada de tributos, o contribuinte precisa fazer um pedido por meio do portal do\u00a0Centro Virtual de Atendimento\u00a0da Receita\u2026","rel":"","context":"In &quot;Not\u00edcias de Ribeir\u00e3o Preto-SP e Regi\u00e3o&quot;","block_context":{"text":"Not\u00edcias de Ribeir\u00e3o Preto-SP e Regi\u00e3o","link":"https:\/\/noticiasribeiraopreto.com.br\/index.php\/category\/noticias-de-ribeirao-preto-sp-e-regiao-ismael-colosi\/"},"img":{"alt_text":"","src":"","width":0,"height":0},"classes":[]},{"id":24881,"url":"https:\/\/noticiasribeiraopreto.com.br\/index.php\/2024\/01\/05\/devedores-da-receita-federal-ja-podem-quitar-dividas-sem-multa-e-juros\/","url_meta":{"origin":7930,"position":3},"title":"Devedores da Receita Federal j\u00e1 podem quitar d\u00edvidas sem multa e juros","author":"noticiasribeiraopreto.com.br","date":"5 de January de 2024","format":false,"excerpt":"5 de janeiro de 2024 | 12:305 de janeiro de 2024 | 10:55 0A partir desta sexta-feira (5), os contribuintes com d\u00edvidas com a Receita Federal poder\u00e3o quitar seus d\u00e9bitos com desconto de 100% das multas e dos juros. Para aderir ao programa da autorregulariza\u00e7\u00e3o incentivada de tributos, o contribuinte\u2026","rel":"","context":"In &quot;Not\u00edcias de Ribeir\u00e3o Preto-SP e Regi\u00e3o&quot;","block_context":{"text":"Not\u00edcias de Ribeir\u00e3o Preto-SP e Regi\u00e3o","link":"https:\/\/noticiasribeiraopreto.com.br\/index.php\/category\/noticias-de-ribeirao-preto-sp-e-regiao-ismael-colosi\/"},"img":{"alt_text":"","src":"https:\/\/i0.wp.com\/noticiasribeiraopreto.com.br\/wp-content\/uploads\/2024\/01\/real_moedadinheiro_jfcrz_abr_1701220046_1-1-scaled.jpg?fit=1000%2C598&ssl=1&resize=350%2C200","width":350,"height":200,"srcset":"https:\/\/i0.wp.com\/noticiasribeiraopreto.com.br\/wp-content\/uploads\/2024\/01\/real_moedadinheiro_jfcrz_abr_1701220046_1-1-scaled.jpg?fit=1000%2C598&ssl=1&resize=350%2C200 1x, https:\/\/i0.wp.com\/noticiasribeiraopreto.com.br\/wp-content\/uploads\/2024\/01\/real_moedadinheiro_jfcrz_abr_1701220046_1-1-scaled.jpg?fit=1000%2C598&ssl=1&resize=525%2C300 1.5x, https:\/\/i0.wp.com\/noticiasribeiraopreto.com.br\/wp-content\/uploads\/2024\/01\/real_moedadinheiro_jfcrz_abr_1701220046_1-1-scaled.jpg?fit=1000%2C598&ssl=1&resize=700%2C400 2x"},"classes":[]},{"id":23211,"url":"https:\/\/noticiasribeiraopreto.com.br\/index.php\/2024\/01\/01\/comeca-amanha-programa-da-receita-federal-para-pagar-dividas-sem-juros-e-multa-veja-como-ira-funcionar-e-como-participar\/","url_meta":{"origin":7930,"position":4},"title":"Come\u00e7a amanh\u00e3 programa da Receita Federal para pagar d\u00edvidas sem juros e multa; veja como ir\u00e1 funcionar e como participar","author":"noticiasribeiraopreto.com.br","date":"1 de January de 2024","format":false,"excerpt":"Come\u00e7a nesta ter\u00e7a-feira (2) o per\u00edodo de ades\u00e3o de pessoas f\u00edsicas e jur\u00eddicas ao programa de Autorregulariza\u00e7\u00e3o Incentivada de Tributos, da Receita Federal, em que as d\u00edvidas podem ser pagas sem multas e sem juros. A medida foi publicada no Di\u00e1rio Oficial da Uni\u00e3o em 29 de dezembro com o\u2026","rel":"","context":"In &quot;Dinheiro e Investimento&quot;","block_context":{"text":"Dinheiro e Investimento","link":"https:\/\/noticiasribeiraopreto.com.br\/index.php\/category\/dinheiro-e-investimento-como-fazer-como-ganhar\/"},"img":{"alt_text":"","src":"https:\/\/i0.wp.com\/noticiasribeiraopreto.com.br\/wp-content\/uploads\/2024\/01\/show_PredioReceitaFederal-628x353.jpg?fit=628%2C353&ssl=1&resize=350%2C200","width":350,"height":200,"srcset":"https:\/\/i0.wp.com\/noticiasribeiraopreto.com.br\/wp-content\/uploads\/2024\/01\/show_PredioReceitaFederal-628x353.jpg?fit=628%2C353&ssl=1&resize=350%2C200 1x, https:\/\/i0.wp.com\/noticiasribeiraopreto.com.br\/wp-content\/uploads\/2024\/01\/show_PredioReceitaFederal-628x353.jpg?fit=628%2C353&ssl=1&resize=525%2C300 1.5x"},"classes":[]},{"id":13897,"url":"https:\/\/noticiasribeiraopreto.com.br\/index.php\/2023\/12\/11\/oportunidade-para-empresas-e-pessoas-fisicas-limparem-o-nome-na-receita-federal-2\/","url_meta":{"origin":7930,"position":5},"title":"OPORTUNIDADE para empresas e pessoas f\u00edsicas limparem o nome na Receita Federal","author":"noticiasribeiraopreto.com.br","date":"11 de December de 2023","format":false,"excerpt":"O Conselho Nacional de Justi\u00e7a (CNJ) promove de 11 a 15 de dezembro a 1\u00aa Semana Nacional de Regulariza\u00e7\u00e3o Tribut\u00e1ria. Essa \u00e9 uma oportunidade para as empresas e pessoas f\u00edsicas limparem o nome na Receita Federal.\u00a0 A iniciativa conta com a ades\u00e3o de 33 entes federativos, entre estados, munic\u00edpios e\u2026","rel":"","context":"In &quot;Vagas de Emprego em Ribeir\u00e3o Preto-SP&quot;","block_context":{"text":"Vagas de Emprego em Ribeir\u00e3o Preto-SP","link":"https:\/\/noticiasribeiraopreto.com.br\/index.php\/category\/empregos-classificados-vagas-trabalho\/vagas-de-empregos-em-ribeirao-preto-regiao-brasil\/"},"img":{"alt_text":"","src":"https:\/\/i0.wp.com\/noticiasribeiraopreto.com.br\/wp-content\/uploads\/2023\/12\/negociacao-dividas-freepik.jpg?fit=1200%2C675&ssl=1&resize=350%2C200","width":350,"height":200,"srcset":"https:\/\/i0.wp.com\/noticiasribeiraopreto.com.br\/wp-content\/uploads\/2023\/12\/negociacao-dividas-freepik.jpg?fit=1200%2C675&ssl=1&resize=350%2C200 1x, https:\/\/i0.wp.com\/noticiasribeiraopreto.com.br\/wp-content\/uploads\/2023\/12\/negociacao-dividas-freepik.jpg?fit=1200%2C675&ssl=1&resize=525%2C300 1.5x, https:\/\/i0.wp.com\/noticiasribeiraopreto.com.br\/wp-content\/uploads\/2023\/12\/negociacao-dividas-freepik.jpg?fit=1200%2C675&ssl=1&resize=700%2C400 2x, https:\/\/i0.wp.com\/noticiasribeiraopreto.com.br\/wp-content\/uploads\/2023\/12\/negociacao-dividas-freepik.jpg?fit=1200%2C675&ssl=1&resize=1050%2C600 3x"},"classes":[]}],"jetpack_sharing_enabled":true,"jetpack_shortlink":"https:\/\/wp.me\/peQAOb-23U","_links":{"self":[{"href":"https:\/\/noticiasribeiraopreto.com.br\/index.php\/wp-json\/wp\/v2\/posts\/7930","targetHints":{"allow":["GET"]}}],"collection":[{"href":"https:\/\/noticiasribeiraopreto.com.br\/index.php\/wp-json\/wp\/v2\/posts"}],"about":[{"href":"https:\/\/noticiasribeiraopreto.com.br\/index.php\/wp-json\/wp\/v2\/types\/post"}],"author":[{"embeddable":true,"href":"https:\/\/noticiasribeiraopreto.com.br\/index.php\/wp-json\/wp\/v2\/users\/1"}],"replies":[{"embeddable":true,"href":"https:\/\/noticiasribeiraopreto.com.br\/index.php\/wp-json\/wp\/v2\/comments?post=7930"}],"version-history":[{"count":0,"href":"https:\/\/noticiasribeiraopreto.com.br\/index.php\/wp-json\/wp\/v2\/posts\/7930\/revisions"}],"wp:featuredmedia":[{"embeddable":true,"href":"https:\/\/noticiasribeiraopreto.com.br\/index.php\/wp-json\/wp\/v2\/media\/7931"}],"wp:attachment":[{"href":"https:\/\/noticiasribeiraopreto.com.br\/index.php\/wp-json\/wp\/v2\/media?parent=7930"}],"wp:term":[{"taxonomy":"category","embeddable":true,"href":"https:\/\/noticiasribeiraopreto.com.br\/index.php\/wp-json\/wp\/v2\/categories?post=7930"},{"taxonomy":"post_tag","embeddable":true,"href":"https:\/\/noticiasribeiraopreto.com.br\/index.php\/wp-json\/wp\/v2\/tags?post=7930"}],"curies":[{"name":"wp","href":"https:\/\/api.w.org\/{rel}","templated":true}]}}