{"id":79320,"date":"2025-10-29T16:16:00","date_gmt":"2025-10-29T19:16:00","guid":{"rendered":"https:\/\/noticiasribeiraopreto.com.br\/index.php\/2025\/10\/29\/testagem-rapida-e-gratuita-para-hiv-sifilis-e-hepatites-b-e-c-acontece-na-rodoviaria-de-ribeirao-veja-quando\/"},"modified":"2025-10-29T16:16:00","modified_gmt":"2025-10-29T19:16:00","slug":"testagem-rapida-e-gratuita-para-hiv-sifilis-e-hepatites-b-e-c-acontece-na-rodoviaria-de-ribeirao-veja-quando","status":"publish","type":"post","link":"https:\/\/noticiasribeiraopreto.com.br\/index.php\/2025\/10\/29\/testagem-rapida-e-gratuita-para-hiv-sifilis-e-hepatites-b-e-c-acontece-na-rodoviaria-de-ribeirao-veja-quando\/","title":{"rendered":"Testagem r\u00e1pida e gratuita para HIV, s\u00edfilis e hepatites B e C acontece na Rodovi\u00e1ria de Ribeir\u00e3o; Veja quando"},"content":{"rendered":"<div class='code-block code-block-1' style='margin: 8px 0 8px auto; text-align: right; display: block; clear: both;'>\n<p><a href=\"https:\/\/wa.link\/vpicfd\"><img data-recalc-dims=\"1\" class=\"wp-image-4922\" style=\"aspect-ratio: 2.0253164556962027; width: 561px; height: auto;\" src=\"https:\/\/i0.wp.com\/ismaelcolosi.com.br\/wp-content\/uploads\/2023\/11\/grupo-de-empregos-whatsapp-e-facebook-ismael-colosi-vagas.jpg?ssl=1\" alt=\"\" \/><\/a><\/p>\n<!-- \/wp:image -->\n<\/div>\n<p> <br \/>\n<\/p>\n<div>\n<p>O <strong>Terminal Rodovi\u00e1rio de Ribeir\u00e3o Preto<\/strong> vai receber uma nova a\u00e7\u00e3o especial de <strong>testagem r\u00e1pida gratuita para ISTs (Infec\u00e7\u00f5es Sexualmente Transmiss\u00edveis)<\/strong> nesta sexta-feira (31) e no s\u00e1bado (1\u00ba de novembro).<\/p>\n<p>Os interessados poder\u00e3o realizar testes r\u00e1pidos para <strong>HIV<\/strong>, <strong>s\u00edfilis <\/strong>e <strong>hepatites B e C<\/strong> no sagu\u00e3o da rodovi\u00e1ria. <mark style=\"background-color:#fcb900\" class=\"has-inline-color\">No dia 31, a testagem ser\u00e1 das 16h \u00e0s 19h30, e no dia 1\u00ba, das 8h \u00e0s 12h30.<\/mark><\/p>\n<p>Al\u00e9m da testagem com resultado em 20 minutos, a campanha tamb\u00e9m contar\u00e1 com <strong>bate-papo<\/strong>,<strong> aplica\u00e7\u00e3o de question\u00e1rio de sa\u00fade<\/strong>, <strong>distribui\u00e7\u00e3o gratuita de preservativos <\/strong>e<strong> aconselhamentos para preven\u00e7\u00f5es<\/strong>.<\/p>\n<p>A iniciativa ser\u00e1 realizada pelo grupo de pesquisa<strong> Fala Chemsex<\/strong>, da <strong>EERP-USP (Escola de Enfermagem de Ribeir\u00e3o Preto da Universidade de S\u00e3o Paulo)<\/strong> \u2013 saiba mais abaixo.<\/p>\n<div class=\"wp-block-image\">\n<figure class=\"aligncenter size-full is-resized\"><img data-recalc-dims=\"1\" decoding=\"async\" src=\"https:\/\/i0.wp.com\/cdn.media-acidadeon.com.br\/ribeiraopreto\/wp-content\/uploads\/sites\/3\/2023\/08\/rodoviaria_de_1200x675_29102021103033.jpg?ssl=1\" alt=\"Rodovi\u00e1ria de Ribeir\u00e3o Preto - Foto: Weber Sian\/ acidade on.\" class=\"wp-image-39390\" style=\"width:654px\" title=\"Testagem r\u00e1pida e gratuita para HIV, s\u00edfilis e hepatites B e C acontece na Rodovi\u00e1ria de Ribeir\u00e3o; Veja quando 1\"\/><figcaption class=\"wp-element-caption\">Rodovi\u00e1ria de Ribeir\u00e3o Preto \u2013 Foto: Weber Sian\/ acidade on.<\/figcaption><\/figure>\n<\/div>\n<h2 class=\"wp-block-heading\"><strong>Fala Chemsex<\/strong><\/h2>\n<p>O\u00a0<strong>Fala Chemsex<\/strong>\u00a0\u00e9 um grupo de pesquisa que busca desenvolver uma linha de cuidado voltada para pessoas que praticam\u00a0<strong>chemsex\u00a0<\/strong>\u2014 o uso intencional de subst\u00e2ncias psicoativas para potencializar experi\u00eancias sexuais.<\/p>\n<p>Coordenado pela\u00a0<strong>USP<\/strong>, com apoio de diversas institui\u00e7\u00f5es acad\u00eamicas, governamentais e da sociedade civil, o projeto prop\u00f5e protocolos de acolhimento, cuidado e redu\u00e7\u00e3o de danos que respeitam a diversidade, a autonomia e a viv\u00eancia de quem vive essa realidade.<\/p>\n<h2 class=\"wp-block-heading\"><strong>Servi\u00e7o<\/strong><\/h2>\n<p><em>Testagem r\u00e1pida para HIV, s\u00edfilis e hepatites B e C na Rodovi\u00e1ria de Ribeir\u00e3o<\/em><\/p>\n<p>Quando: dias 31 de ouutbro e 1\u00ba de novembro (sexta-feira e s\u00e1bado)<\/p>\n<p>Hor\u00e1rio: no dia 10 das 16h \u00e0s 19h30 | no dia 1\u00ba das 8h \u00e0s 12h30<\/p>\n<p>Local: Terminal Rodovi\u00e1rio de Ribeir\u00e3o Preto \u2013 avenida Jer\u00f4nimo Gon\u00e7alves, 640 \u2013 Centro, Ribeir\u00e3o Preto<\/p>\n<p><em>*Com informa\u00e7\u00f5es de\u00a0Joyce Pezzato, do Jornal da USP<\/em><\/p>\n<hr class=\"wp-block-separator has-alpha-channel-opacity\"\/>\n<p>SAIBA MAIS<\/p>\n<p>Alerta de tempestade e queda nas temperaturas \u00e9 emitido para o interior de SP; Veja previs\u00e3o<\/p>\n<h2 class=\"wp-block-heading\"><strong>FIQUE ON<\/strong><\/h2>\n<p>Fique ligado em tudo que acontece em Ribeir\u00e3o Preto e regi\u00e3o. Siga os perfis do\u00a0<strong>acidade on<\/strong>\u00a0no<a href=\"https:\/\/www.instagram.com\/acidadeonribeirao\" target=\"_blank\" rel=\"noreferrer noopener\">\u00a0Instagram\u00a0<\/a>e no\u00a0<a href=\"https:\/\/www.facebook.com\/acidadeonribeirao\/\" target=\"_blank\" rel=\"noreferrer noopener\">Facebook<\/a>.<\/p>\n<p>Receba not\u00edcias do<strong>\u00a0acidade on<\/strong>\u00a0no WhatsApp. Para entrar no grupo,\u00a0basta\u00a0<a href=\"https:\/\/chat.whatsapp.com\/I4nieTEMKlf50pJ28aMemC?mode=ac_t\" target=\"_blank\" rel=\"noreferrer noopener\">clicar aqui<\/a>. Ou, acesse o nosso\u00a0Canal\u00a0<a href=\"https:\/\/whatsapp.com\/channel\/0029Vb6IQl1JENyAeS57fk2p\" target=\"_blank\" rel=\"noreferrer noopener\">clicando aqui<\/a>.<\/p>\n<p>Fa\u00e7a uma den\u00fancia ou sugira uma reportagem sobre Ribeir\u00e3o Preto e regi\u00e3o pelo WhatsApp: 16 99117 7802.<\/p>\n<p>VEJA TAMB\u00c9M<\/p>\n<p>Quando estreia \u2018Toy Story 5\u2019?<\/p>\n<p><!-- AI CONTENT END 1 -->\n<\/div>\n<p><script async src=\"\/\/www.instagram.com\/embed.js\"><\/script><br \/>\n<br \/><br \/>\n<br \/><a href=\"https:\/\/www.acidadeon.com\/ribeiraopreto\/cotidiano\/testagem-rapida-e-gratuita-para-hiv-sifilis-e-hepatites-b-e-c-acontece-na-rodoviaria-de-ribeirao-veja-quando\/\">Source link <\/a><\/p>\n<!-- CONTENT END 1 -->\n","protected":false},"excerpt":{"rendered":"<p>O Terminal Rodovi\u00e1rio de Ribeir\u00e3o Preto vai receber uma nova a\u00e7\u00e3o especial de testagem r\u00e1pida gratuita para ISTs (Infec\u00e7\u00f5es Sexualmente Transmiss\u00edveis) nesta sexta-feira (31) e&#8230;<\/p>\n","protected":false},"author":1,"featured_media":79321,"comment_status":"open","ping_status":"open","sticky":false,"template":"","format":"standard","meta":{"advanced_seo_description":"","jetpack_seo_html_title":"","jetpack_seo_noindex":false,"jetpack_post_was_ever_published":false,"_jetpack_newsletter_access":"","_jetpack_dont_email_post_to_subs":false,"_jetpack_newsletter_tier_id":0,"_jetpack_memberships_contains_paywalled_content":false,"_jetpack_memberships_contains_paid_content":false,"footnotes":"","jetpack_publicize_message":"","jetpack_publicize_feature_enabled":true,"jetpack_social_post_already_shared":true,"jetpack_social_options":{"image_generator_settings":{"template":"highway","default_image_id":0,"font":"","enabled":false},"version":2}},"categories":[11],"tags":[],"class_list":["post-79320","post","type-post","status-publish","format-standard","has-post-thumbnail","hentry","category-noticias-de-ribeirao-preto-sp-e-regiao-ismael-colosi"],"jetpack_publicize_connections":[],"jetpack_featured_media_url":"https:\/\/i0.wp.com\/noticiasribeiraopreto.com.br\/wp-content\/uploads\/2025\/10\/29959218716_f5880d07bc_o_2025-10-29_18-49-16.webp.webp?fit=1200%2C800&ssl=1","jetpack-related-posts":[{"id":78393,"url":"https:\/\/noticiasribeiraopreto.com.br\/index.php\/2025\/10\/09\/rodoviaria-de-ribeirao-oferece-testagem-rapida-gratuita-para-ist-veja-quando\/","url_meta":{"origin":79320,"position":0},"title":"Rodovi\u00e1ria de Ribeir\u00e3o oferece testagem r\u00e1pida gratuita para IST; Veja quando","author":"noticiasribeiraopreto.com.br","date":"9 de October de 2025","format":false,"excerpt":"O Terminal Rodovi\u00e1rio de Ribeir\u00e3o Preto, no Centro da cidade, recebe nesta sexta-feira (10) e s\u00e1bado (11) uma a\u00e7\u00e3o especial de testagem r\u00e1pida para IST (Infec\u00e7\u00f5es Sexualmente Transmiss\u00edveis) gratuita. No dia 10, a testagem ocorrer\u00e1 das 16h \u00e0s 20h, e no dia 11, das 8h \u00e0s 13h. Os interessados poder\u00e3o\u2026","rel":"","context":"In &quot;Not\u00edcias de Ribeir\u00e3o Preto-SP e Regi\u00e3o&quot;","block_context":{"text":"Not\u00edcias de Ribeir\u00e3o Preto-SP e Regi\u00e3o","link":"https:\/\/noticiasribeiraopreto.com.br\/index.php\/category\/noticias-de-ribeirao-preto-sp-e-regiao-ismael-colosi\/"},"img":{"alt_text":"","src":"https:\/\/i0.wp.com\/noticiasribeiraopreto.com.br\/wp-content\/uploads\/2025\/10\/Copia-de-Copia-de-Copia-de-TAMANHO-EXATO-PARA-FOTOS-NO-SISTEMA-NOVO-2025-10-09T172553.467_2025-10-09_20-25-58.webp.webp?fit=1200%2C675&ssl=1&resize=350%2C200","width":350,"height":200,"srcset":"https:\/\/i0.wp.com\/noticiasribeiraopreto.com.br\/wp-content\/uploads\/2025\/10\/Copia-de-Copia-de-Copia-de-TAMANHO-EXATO-PARA-FOTOS-NO-SISTEMA-NOVO-2025-10-09T172553.467_2025-10-09_20-25-58.webp.webp?fit=1200%2C675&ssl=1&resize=350%2C200 1x, https:\/\/i0.wp.com\/noticiasribeiraopreto.com.br\/wp-content\/uploads\/2025\/10\/Copia-de-Copia-de-Copia-de-TAMANHO-EXATO-PARA-FOTOS-NO-SISTEMA-NOVO-2025-10-09T172553.467_2025-10-09_20-25-58.webp.webp?fit=1200%2C675&ssl=1&resize=525%2C300 1.5x, https:\/\/i0.wp.com\/noticiasribeiraopreto.com.br\/wp-content\/uploads\/2025\/10\/Copia-de-Copia-de-Copia-de-TAMANHO-EXATO-PARA-FOTOS-NO-SISTEMA-NOVO-2025-10-09T172553.467_2025-10-09_20-25-58.webp.webp?fit=1200%2C675&ssl=1&resize=700%2C400 2x, https:\/\/i0.wp.com\/noticiasribeiraopreto.com.br\/wp-content\/uploads\/2025\/10\/Copia-de-Copia-de-Copia-de-TAMANHO-EXATO-PARA-FOTOS-NO-SISTEMA-NOVO-2025-10-09T172553.467_2025-10-09_20-25-58.webp.webp?fit=1200%2C675&ssl=1&resize=1050%2C600 3x"},"classes":[]},{"id":7774,"url":"https:\/\/noticiasribeiraopreto.com.br\/index.php\/2023\/11\/28\/saude-comeca-a-campanha-fique-sabendo\/","url_meta":{"origin":79320,"position":1},"title":"Sa\u00fade: come\u00e7a a campanha \u201cFique Sabendo\u201d","author":"noticiasribeiraopreto.com.br","date":"28 de November de 2023","format":false,"excerpt":"A Secretaria Municipal da Sa\u00fade, por meio do programa municipal\u00a0de DST\/Aids, Tuberculose e Hepatites Virais, promove de 29 de novembro a 7 de dezembro, a campanha \u201cFique Sabendo\u201d, que\u00a0tem o objetivo de estimular a popula\u00e7\u00e3o a realizar o teste de Aids e de S\u00edfilis, especialmente pessoas com vida sexual ativa\u2026","rel":"","context":"In &quot;Not\u00edcias de Ribeir\u00e3o Preto-SP e Regi\u00e3o&quot;","block_context":{"text":"Not\u00edcias de Ribeir\u00e3o Preto-SP e Regi\u00e3o","link":"https:\/\/noticiasribeiraopreto.com.br\/index.php\/category\/noticias-de-ribeirao-preto-sp-e-regiao-ismael-colosi\/"},"img":{"alt_text":"","src":"https:\/\/i0.wp.com\/noticiasribeiraopreto.com.br\/wp-content\/uploads\/2023\/11\/testes-1-scaled.jpg?fit=1200%2C1032&ssl=1&resize=350%2C200","width":350,"height":200,"srcset":"https:\/\/i0.wp.com\/noticiasribeiraopreto.com.br\/wp-content\/uploads\/2023\/11\/testes-1-scaled.jpg?fit=1200%2C1032&ssl=1&resize=350%2C200 1x, https:\/\/i0.wp.com\/noticiasribeiraopreto.com.br\/wp-content\/uploads\/2023\/11\/testes-1-scaled.jpg?fit=1200%2C1032&ssl=1&resize=525%2C300 1.5x, https:\/\/i0.wp.com\/noticiasribeiraopreto.com.br\/wp-content\/uploads\/2023\/11\/testes-1-scaled.jpg?fit=1200%2C1032&ssl=1&resize=700%2C400 2x, https:\/\/i0.wp.com\/noticiasribeiraopreto.com.br\/wp-content\/uploads\/2023\/11\/testes-1-scaled.jpg?fit=1200%2C1032&ssl=1&resize=1050%2C600 3x"},"classes":[]},{"id":36701,"url":"https:\/\/noticiasribeiraopreto.com.br\/index.php\/2024\/02\/11\/ribeirao-preto-e-uma-das-cidades-prioritarias-para-eliminacao-de-14-doencas-entenda\/","url_meta":{"origin":79320,"position":2},"title":"Ribeir\u00e3o Preto \u00e9 uma das cidades priorit\u00e1rias para elimina\u00e7\u00e3o de 14 doen\u00e7as; Entenda","author":"noticiasribeiraopreto.com.br","date":"11 de February de 2024","format":false,"excerpt":"O Minist\u00e9rio da Sa\u00fade informou que Ribeir\u00e3o Preto \u00e9 uma das 23 cidades do Estado de S\u00e3o Paulo na lista de prioridades para elimina\u00e7\u00e3o, ou redu\u00e7\u00e3o, de 14 doen\u00e7as que afetam as popula\u00e7\u00f5es em situa\u00e7\u00e3o de vulnerabilidade social. O que \u00e9? As cidades foram definidas como priorit\u00e1rias pelo programa Brasil\u2026","rel":"","context":"In &quot;Not\u00edcias de Ribeir\u00e3o Preto-SP e Regi\u00e3o&quot;","block_context":{"text":"Not\u00edcias de Ribeir\u00e3o Preto-SP e Regi\u00e3o","link":"https:\/\/noticiasribeiraopreto.com.br\/index.php\/category\/noticias-de-ribeirao-preto-sp-e-regiao-ismael-colosi\/"},"img":{"alt_text":"","src":"https:\/\/i0.wp.com\/noticiasribeiraopreto.com.br\/wp-content\/uploads\/2024\/02\/aerea-ribeirao-preto.jpg?fit=1200%2C800&ssl=1&resize=350%2C200","width":350,"height":200,"srcset":"https:\/\/i0.wp.com\/noticiasribeiraopreto.com.br\/wp-content\/uploads\/2024\/02\/aerea-ribeirao-preto.jpg?fit=1200%2C800&ssl=1&resize=350%2C200 1x, https:\/\/i0.wp.com\/noticiasribeiraopreto.com.br\/wp-content\/uploads\/2024\/02\/aerea-ribeirao-preto.jpg?fit=1200%2C800&ssl=1&resize=525%2C300 1.5x, https:\/\/i0.wp.com\/noticiasribeiraopreto.com.br\/wp-content\/uploads\/2024\/02\/aerea-ribeirao-preto.jpg?fit=1200%2C800&ssl=1&resize=700%2C400 2x, https:\/\/i0.wp.com\/noticiasribeiraopreto.com.br\/wp-content\/uploads\/2024\/02\/aerea-ribeirao-preto.jpg?fit=1200%2C800&ssl=1&resize=1050%2C600 3x"},"classes":[]},{"id":9096,"url":"https:\/\/noticiasribeiraopreto.com.br\/index.php\/2023\/12\/01\/alerta-casos-de-sifilis-e-de-hiv-aids-aumentam-entre-homens-jovens\/","url_meta":{"origin":79320,"position":3},"title":"Alerta: Casos de s\u00edfilis e de HIV\/aids aumentam entre homens jovens","author":"noticiasribeiraopreto.com.br","date":"1 de December de 2023","format":false,"excerpt":"Dados do Minist\u00e9rio da Sa\u00fade indicam que o pa\u00eds vem registrando\u00a0queda nos casos de HIV\/aids, mas n\u00e3o entre homens de 15 a 29 anos. Nesta faixa,\u00a0o \u00edndice tem aumentado, chegando,\u00a0em 2021, a 53,3% dos infectados\u00a0de 25 a 29 anos. Os n\u00fameros da pasta tamb\u00e9m registram crescimento dos casos de s\u00edfilis\u2026","rel":"","context":"In &quot;Not\u00edcias de Ribeir\u00e3o Preto-SP e Regi\u00e3o&quot;","block_context":{"text":"Not\u00edcias de Ribeir\u00e3o Preto-SP e Regi\u00e3o","link":"https:\/\/noticiasribeiraopreto.com.br\/index.php\/category\/noticias-de-ribeirao-preto-sp-e-regiao-ismael-colosi\/"},"img":{"alt_text":"","src":"https:\/\/i0.wp.com\/noticiasribeiraopreto.com.br\/wp-content\/uploads\/2023\/12\/aids.jpg?fit=1170%2C700&ssl=1&resize=350%2C200","width":350,"height":200,"srcset":"https:\/\/i0.wp.com\/noticiasribeiraopreto.com.br\/wp-content\/uploads\/2023\/12\/aids.jpg?fit=1170%2C700&ssl=1&resize=350%2C200 1x, https:\/\/i0.wp.com\/noticiasribeiraopreto.com.br\/wp-content\/uploads\/2023\/12\/aids.jpg?fit=1170%2C700&ssl=1&resize=525%2C300 1.5x, https:\/\/i0.wp.com\/noticiasribeiraopreto.com.br\/wp-content\/uploads\/2023\/12\/aids.jpg?fit=1170%2C700&ssl=1&resize=700%2C400 2x, https:\/\/i0.wp.com\/noticiasribeiraopreto.com.br\/wp-content\/uploads\/2023\/12\/aids.jpg?fit=1170%2C700&ssl=1&resize=1050%2C600 3x"},"classes":[]},{"id":10412,"url":"https:\/\/noticiasribeiraopreto.com.br\/index.php\/2023\/12\/04\/casos-de-sifilis-e-de-hiv-aids-aumentam-entre-homens-jovens-2\/","url_meta":{"origin":79320,"position":4},"title":"Casos de s\u00edfilis e de HIV\/aids aumentam entre homens jovens \u2013 Folha de Ribeir\u00e3o","author":"noticiasribeiraopreto.com.br","date":"4 de December de 2023","format":false,"excerpt":"Dados do Minist\u00e9rio da Sa\u00fade indicam que o pa\u00eds vem registrando\u00a0queda nos casos de HIV\/aids, mas n\u00e3o entre homens de 15 a 29 anos. Nesta faixa,\u00a0o \u00edndice tem aumentado, chegando,\u00a0em 2021, a 53,3% dos infectados\u00a0de 25 a 29 anos. Os n\u00fameros da pasta tamb\u00e9m registram crescimento dos casos de s\u00edfilis\u2026","rel":"","context":"In &quot;Not\u00edcias de Ribeir\u00e3o Preto-SP e Regi\u00e3o&quot;","block_context":{"text":"Not\u00edcias de Ribeir\u00e3o Preto-SP e Regi\u00e3o","link":"https:\/\/noticiasribeiraopreto.com.br\/index.php\/category\/noticias-de-ribeirao-preto-sp-e-regiao-ismael-colosi\/"},"img":{"alt_text":"","src":"","width":0,"height":0},"classes":[]},{"id":10072,"url":"https:\/\/noticiasribeiraopreto.com.br\/index.php\/2023\/12\/03\/casos-de-sifilis-e-de-hiv-aids-aumentam-entre-homens-jovens\/","url_meta":{"origin":79320,"position":5},"title":"Casos de s\u00edfilis e de HIV\/aids aumentam entre homens jovens\u00a0","author":"noticiasribeiraopreto.com.br","date":"3 de December de 2023","format":false,"excerpt":"Dados do Minist\u00e9rio da Sa\u00fade indicam que o pa\u00eds vem registrando queda nos casos de HIV\/aids, mas n\u00e3o entre homens de 15 a 29 anos. Nesta faixa, o \u00edndice tem aumentado, chegando, em 2021, a 53,3% dos infectados de 25 a 29 anos. Os n\u00fameros da pasta tamb\u00e9m registram crescimento\u2026","rel":"","context":"In &quot;Not\u00edcias de Ribeir\u00e3o Preto-SP e Regi\u00e3o&quot;","block_context":{"text":"Not\u00edcias de Ribeir\u00e3o Preto-SP e Regi\u00e3o","link":"https:\/\/noticiasribeiraopreto.com.br\/index.php\/category\/noticias-de-ribeirao-preto-sp-e-regiao-ismael-colosi\/"},"img":{"alt_text":"","src":"https:\/\/i0.wp.com\/noticiasribeiraopreto.com.br\/wp-content\/uploads\/2023\/12\/aids-scaled.jpg?fit=1000%2C598&ssl=1&resize=350%2C200","width":350,"height":200,"srcset":"https:\/\/i0.wp.com\/noticiasribeiraopreto.com.br\/wp-content\/uploads\/2023\/12\/aids-scaled.jpg?fit=1000%2C598&ssl=1&resize=350%2C200 1x, https:\/\/i0.wp.com\/noticiasribeiraopreto.com.br\/wp-content\/uploads\/2023\/12\/aids-scaled.jpg?fit=1000%2C598&ssl=1&resize=525%2C300 1.5x, https:\/\/i0.wp.com\/noticiasribeiraopreto.com.br\/wp-content\/uploads\/2023\/12\/aids-scaled.jpg?fit=1000%2C598&ssl=1&resize=700%2C400 2x"},"classes":[]}],"jetpack_sharing_enabled":true,"jetpack_shortlink":"https:\/\/wp.me\/peQAOb-kDm","_links":{"self":[{"href":"https:\/\/noticiasribeiraopreto.com.br\/index.php\/wp-json\/wp\/v2\/posts\/79320","targetHints":{"allow":["GET"]}}],"collection":[{"href":"https:\/\/noticiasribeiraopreto.com.br\/index.php\/wp-json\/wp\/v2\/posts"}],"about":[{"href":"https:\/\/noticiasribeiraopreto.com.br\/index.php\/wp-json\/wp\/v2\/types\/post"}],"author":[{"embeddable":true,"href":"https:\/\/noticiasribeiraopreto.com.br\/index.php\/wp-json\/wp\/v2\/users\/1"}],"replies":[{"embeddable":true,"href":"https:\/\/noticiasribeiraopreto.com.br\/index.php\/wp-json\/wp\/v2\/comments?post=79320"}],"version-history":[{"count":0,"href":"https:\/\/noticiasribeiraopreto.com.br\/index.php\/wp-json\/wp\/v2\/posts\/79320\/revisions"}],"wp:featuredmedia":[{"embeddable":true,"href":"https:\/\/noticiasribeiraopreto.com.br\/index.php\/wp-json\/wp\/v2\/media\/79321"}],"wp:attachment":[{"href":"https:\/\/noticiasribeiraopreto.com.br\/index.php\/wp-json\/wp\/v2\/media?parent=79320"}],"wp:term":[{"taxonomy":"category","embeddable":true,"href":"https:\/\/noticiasribeiraopreto.com.br\/index.php\/wp-json\/wp\/v2\/categories?post=79320"},{"taxonomy":"post_tag","embeddable":true,"href":"https:\/\/noticiasribeiraopreto.com.br\/index.php\/wp-json\/wp\/v2\/tags?post=79320"}],"curies":[{"name":"wp","href":"https:\/\/api.w.org\/{rel}","templated":true}]}}