{"id":79322,"date":"2025-10-29T16:22:20","date_gmt":"2025-10-29T19:22:20","guid":{"rendered":"https:\/\/noticiasribeiraopreto.com.br\/index.php\/2025\/10\/29\/rodovia-na-regiao-de-ribeirao-preto-registra-segundo-acidente-com-morte-em-menos-de-24-horas\/"},"modified":"2025-10-29T16:22:20","modified_gmt":"2025-10-29T19:22:20","slug":"rodovia-na-regiao-de-ribeirao-preto-registra-segundo-acidente-com-morte-em-menos-de-24-horas","status":"publish","type":"post","link":"https:\/\/noticiasribeiraopreto.com.br\/index.php\/2025\/10\/29\/rodovia-na-regiao-de-ribeirao-preto-registra-segundo-acidente-com-morte-em-menos-de-24-horas\/","title":{"rendered":"Rodovia na regi\u00e3o de Ribeir\u00e3o Preto registra segundo acidente com morte em menos de 24 horas"},"content":{"rendered":"<div class='code-block code-block-1' style='margin: 8px 0 8px auto; text-align: right; display: block; clear: both;'>\n<p><a href=\"https:\/\/wa.link\/vpicfd\"><img data-recalc-dims=\"1\" class=\"wp-image-4922\" style=\"aspect-ratio: 2.0253164556962027; width: 561px; height: auto;\" src=\"https:\/\/i0.wp.com\/ismaelcolosi.com.br\/wp-content\/uploads\/2023\/11\/grupo-de-empregos-whatsapp-e-facebook-ismael-colosi-vagas.jpg?ssl=1\" alt=\"\" \/><\/a><\/p>\n<!-- \/wp:image -->\n<\/div>\n<p> <br \/>\n<\/p>\n<div data-td-block-uid=\"tdi_95\">\n<div class=\"tdb-block-inner td-fix-index\">\n<p>Mais um acidente foi registrado na <strong>rodovia Brigadeiro Faria Lima (SP-326)<\/strong>, desta vez no trecho que passa pela cidade de <strong>Bebedouro<\/strong>, na regi\u00e3o de <strong>Ribeir\u00e3o Preto<\/strong>.<\/p>\n<p>Vale lembrar que, na <strong>ter\u00e7a-feira (28)<\/strong>, um homem morreu ap\u00f3s bater o carro na traseira de um caminh\u00e3o parado no acostamento da mesma rodovia.<\/p>\n<p>J\u00e1 nesta <strong>quarta-feira (29)<\/strong>, uma <strong>motocicleta colidiu na traseira de uma carreta<\/strong>, resultando em mais uma v\u00edtima fatal. De acordo com informa\u00e7\u00f5es da <strong>Artesp (Ag\u00eancia de Transporte do Estado de S\u00e3o Paulo)<\/strong>, a pista segue <strong>parcialmente interditada<\/strong> para o atendimento da ocorr\u00eancia.<\/p>\n<div class=\"wp-block-image\">\n<figure class=\"aligncenter size-large\"><img data-recalc-dims=\"1\" fetchpriority=\"high\" decoding=\"async\" width=\"1024\" height=\"576\" src=\"https:\/\/i0.wp.com\/cdn.media-acidadeon.com.br\/ribeiraopreto\/wp-content\/uploads\/sites\/3\/2025\/10\/voguing-7_2025-10-29_18-49-21-1024x576.webp?resize=1024%2C576&#038;ssl=1\" alt=\"Acidente na rodovia Brigadeiro Faria Lima, em Bebedouro - Foto: CCI \/ Artesp\" class=\"wp-image-133984\" title=\"Rodovia na regi\u00e3o de Ribeir\u00e3o Preto registra segundo acidente com morte em menos de 24 horas 1\" srcset=\"https:\/\/cdn.media-acidadeon.com.br\/ribeiraopreto\/wp-content\/uploads\/sites\/3\/2025\/10\/voguing-7_2025-10-29_18-49-21-1024x576.webp 1024w, https:\/\/cdn.media-acidadeon.com.br\/ribeiraopreto\/wp-content\/uploads\/sites\/3\/2025\/10\/voguing-7_2025-10-29_18-49-21-300x169.webp 300w, https:\/\/cdn.media-acidadeon.com.br\/ribeiraopreto\/wp-content\/uploads\/sites\/3\/2025\/10\/voguing-7_2025-10-29_18-49-21-768x432.webp 768w, https:\/\/cdn.media-acidadeon.com.br\/ribeiraopreto\/wp-content\/uploads\/sites\/3\/2025\/10\/voguing-7_2025-10-29_18-49-21-696x392.webp 696w, https:\/\/cdn.media-acidadeon.com.br\/ribeiraopreto\/wp-content\/uploads\/sites\/3\/2025\/10\/voguing-7_2025-10-29_18-49-21-1068x601.webp 1068w, https:\/\/cdn.media-acidadeon.com.br\/ribeiraopreto\/wp-content\/uploads\/sites\/3\/2025\/10\/voguing-7_2025-10-29_18-49-21.webp 1200w\" sizes=\"(max-width: 1024px) 100vw, 1024px\"\/><figcaption class=\"wp-element-caption\">Acidente na rodovia Brigadeiro Faria Lima, em Bebedouro \u2013 Foto: CCI \/ Artesp<\/figcaption><\/figure>\n<\/div>\n<p>Equipes do <strong>Corpo de Bombeiros<\/strong>, <strong>Pol\u00edcia Militar Rodovi\u00e1ria<\/strong>, <strong>Per\u00edcia<\/strong> e <strong>Funer\u00e1ria<\/strong> est\u00e3o no local. At\u00e9 o momento, <strong>a v\u00edtima ainda n\u00e3o foi identificada<\/strong>.<\/p>\n<hr class=\"wp-block-separator has-alpha-channel-opacity\"\/>\n<h3 class=\"wp-block-heading\"><strong>SAIBA MAIS<\/strong><\/h3>\n<p>Investiga\u00e7\u00e3o em Ribeir\u00e3o Preto mira quadrilha envolvida em venda de rem\u00e9dios falsificados para c\u00e2ncer<\/p>\n<h2 class=\"wp-block-heading\"><strong>FIQUE ON<\/strong><\/h2>\n<p>Fique ligado em tudo que acontece em Ribeir\u00e3o Preto e regi\u00e3o. Siga os perfis do\u00a0<strong>acidade on<\/strong>\u00a0no<a href=\"https:\/\/www.instagram.com\/acidadeonribeirao\" target=\"_blank\" rel=\"noreferrer noopener\">\u00a0Instagram\u00a0<\/a>e no\u00a0<a href=\"https:\/\/www.facebook.com\/acidadeonribeirao\/\" target=\"_blank\" rel=\"noreferrer noopener\">Facebook<\/a>.<\/p>\n<p>Receba not\u00edcias do<strong>\u00a0acidade on<\/strong>\u00a0no WhatsApp. Para entrar no grupo,\u00a0basta\u00a0<a href=\"https:\/\/chat.whatsapp.com\/I4nieTEMKlf50pJ28aMemC?mode=ac_t\" target=\"_blank\" rel=\"noreferrer noopener\">clicar aqui<\/a>. Ou, acesse o nosso\u00a0Canal\u00a0<a href=\"https:\/\/whatsapp.com\/channel\/0029Vb6IQl1JENyAeS57fk2p\" target=\"_blank\" rel=\"noreferrer noopener\">clicando aqui<\/a>.<\/p>\n<p>Fa\u00e7a uma den\u00fancia ou sugira uma reportagem sobre Ribeir\u00e3o Preto e regi\u00e3o pelo WhatsApp: 16 99117 7802.<\/p>\n<p>VEJA TAMB\u00c9M<\/p>\n<p>Veja 5 motivos para jogar Little Nightmares III no Halloween<\/p>\n<p><!-- AI CONTENT END 1 -->\n<\/div>\n<\/div>\n<p><script async src=\"\/\/www.instagram.com\/embed.js\"><\/script><br \/>\n<br \/><br \/>\n<br \/><a href=\"https:\/\/www.acidadeon.com\/ribeiraopreto\/cotidiano\/rodovia-na-regiao-de-ribeirao-preto-registra-segundo-acidente-com-morte-em-menos-de-24-horas\/\">Source link <\/a><\/p>\n<!-- CONTENT END 1 -->\n","protected":false},"excerpt":{"rendered":"<p>Mais um acidente foi registrado na rodovia Brigadeiro Faria Lima (SP-326), desta vez no trecho que passa pela cidade de Bebedouro, na regi\u00e3o de Ribeir\u00e3o&#8230;<\/p>\n","protected":false},"author":1,"featured_media":79323,"comment_status":"open","ping_status":"open","sticky":false,"template":"","format":"standard","meta":{"advanced_seo_description":"","jetpack_seo_html_title":"","jetpack_seo_noindex":false,"jetpack_post_was_ever_published":false,"_jetpack_newsletter_access":"","_jetpack_dont_email_post_to_subs":false,"_jetpack_newsletter_tier_id":0,"_jetpack_memberships_contains_paywalled_content":false,"_jetpack_memberships_contains_paid_content":false,"footnotes":"","jetpack_publicize_message":"","jetpack_publicize_feature_enabled":true,"jetpack_social_post_already_shared":true,"jetpack_social_options":{"image_generator_settings":{"template":"highway","default_image_id":0,"font":"","enabled":false},"version":2}},"categories":[11],"tags":[],"class_list":["post-79322","post","type-post","status-publish","format-standard","has-post-thumbnail","hentry","category-noticias-de-ribeirao-preto-sp-e-regiao-ismael-colosi"],"jetpack_publicize_connections":[],"jetpack_featured_media_url":"https:\/\/i0.wp.com\/noticiasribeiraopreto.com.br\/wp-content\/uploads\/2025\/10\/voguing-8_2025-10-29_18-55-08.webp.webp?fit=1200%2C675&ssl=1","jetpack-related-posts":[{"id":82589,"url":"https:\/\/noticiasribeiraopreto.com.br\/index.php\/2026\/02\/20\/acidente-entre-dois-veiculos-deixa-vitimas-em-rodovia-na-regiao-de-ribeirao-preto\/","url_meta":{"origin":79322,"position":0},"title":"Acidente entre dois ve\u00edculos deixa v\u00edtimas em rodovia na regi\u00e3o de Ribeir\u00e3o Preto","author":"noticiasribeiraopreto.com.br","date":"20 de February de 2026","format":false,"excerpt":"Um acidente envolveu um carro e uma picape na manh\u00e3 desta sexta-feira (20), na rodovia M\u00e1rio Doneg\u00e1 (SP-291), no sentido a Dumont regi\u00e3o de Ribeir\u00e3o Preto. Segundo informa\u00e7\u00f5es, um casal que estava na picape e o motorista do carro foram socorridos e encaminhados a uma unidade de sa\u00fade de Dumont.\u2026","rel":"","context":"In &quot;Not\u00edcias de Ribeir\u00e3o Preto-SP e Regi\u00e3o&quot;","block_context":{"text":"Not\u00edcias de Ribeir\u00e3o Preto-SP e Regi\u00e3o","link":"https:\/\/noticiasribeiraopreto.com.br\/index.php\/category\/noticias-de-ribeirao-preto-sp-e-regiao-ismael-colosi\/"},"img":{"alt_text":"","src":"https:\/\/i0.wp.com\/noticiasribeiraopreto.com.br\/wp-content\/uploads\/2026\/02\/ACIDENTE-1_2026-02-20_11-26-59.webp.webp?fit=1200%2C760&ssl=1&resize=350%2C200","width":350,"height":200,"srcset":"https:\/\/i0.wp.com\/noticiasribeiraopreto.com.br\/wp-content\/uploads\/2026\/02\/ACIDENTE-1_2026-02-20_11-26-59.webp.webp?fit=1200%2C760&ssl=1&resize=350%2C200 1x, https:\/\/i0.wp.com\/noticiasribeiraopreto.com.br\/wp-content\/uploads\/2026\/02\/ACIDENTE-1_2026-02-20_11-26-59.webp.webp?fit=1200%2C760&ssl=1&resize=525%2C300 1.5x, https:\/\/i0.wp.com\/noticiasribeiraopreto.com.br\/wp-content\/uploads\/2026\/02\/ACIDENTE-1_2026-02-20_11-26-59.webp.webp?fit=1200%2C760&ssl=1&resize=700%2C400 2x, https:\/\/i0.wp.com\/noticiasribeiraopreto.com.br\/wp-content\/uploads\/2026\/02\/ACIDENTE-1_2026-02-20_11-26-59.webp.webp?fit=1200%2C760&ssl=1&resize=1050%2C600 3x"},"classes":[]},{"id":79284,"url":"https:\/\/noticiasribeiraopreto.com.br\/index.php\/2025\/10\/28\/acidente-entre-carro-e-caminhao-deixa-uma-pessoa-morta-em-rodovia-na-regiao-de-ribeirao-preto\/","url_meta":{"origin":79322,"position":1},"title":"Acidente entre carro e caminh\u00e3o deixa uma pessoa morta em rodovia na regi\u00e3o de Ribeir\u00e3o Preto","author":"noticiasribeiraopreto.com.br","date":"28 de October de 2025","format":false,"excerpt":"Uma pessoa morreu ap\u00f3s o carro em que estava bater na traseira de um caminh\u00e3o, na tarde desta ter\u00e7a-feira (28), na rodovia Brigadeiro Faria Lima, em Guariba, regi\u00e3o de Ribeir\u00e3o Preto. Segundo o Centro de Controle de Informa\u00e7\u00f5es (CCI) da Artesp, o ve\u00edculo saiu da pista e colidiu com a\u2026","rel":"","context":"In &quot;Not\u00edcias de Ribeir\u00e3o Preto-SP e Regi\u00e3o&quot;","block_context":{"text":"Not\u00edcias de Ribeir\u00e3o Preto-SP e Regi\u00e3o","link":"https:\/\/noticiasribeiraopreto.com.br\/index.php\/category\/noticias-de-ribeirao-preto-sp-e-regiao-ismael-colosi\/"},"img":{"alt_text":"","src":"https:\/\/i0.wp.com\/noticiasribeiraopreto.com.br\/wp-content\/uploads\/2025\/10\/voguing-3_2025-10-28_20-01-45.webp.webp?fit=1200%2C675&ssl=1&resize=350%2C200","width":350,"height":200,"srcset":"https:\/\/i0.wp.com\/noticiasribeiraopreto.com.br\/wp-content\/uploads\/2025\/10\/voguing-3_2025-10-28_20-01-45.webp.webp?fit=1200%2C675&ssl=1&resize=350%2C200 1x, https:\/\/i0.wp.com\/noticiasribeiraopreto.com.br\/wp-content\/uploads\/2025\/10\/voguing-3_2025-10-28_20-01-45.webp.webp?fit=1200%2C675&ssl=1&resize=525%2C300 1.5x, https:\/\/i0.wp.com\/noticiasribeiraopreto.com.br\/wp-content\/uploads\/2025\/10\/voguing-3_2025-10-28_20-01-45.webp.webp?fit=1200%2C675&ssl=1&resize=700%2C400 2x, https:\/\/i0.wp.com\/noticiasribeiraopreto.com.br\/wp-content\/uploads\/2025\/10\/voguing-3_2025-10-28_20-01-45.webp.webp?fit=1200%2C675&ssl=1&resize=1050%2C600 3x"},"classes":[]},{"id":64809,"url":"https:\/\/noticiasribeiraopreto.com.br\/index.php\/2025\/03\/12\/idoso-que-morreu-na-rodovia-antonio-machado-santanna-sera-enterrado-na-regiao-de-ribeirao\/","url_meta":{"origin":79322,"position":2},"title":"Idoso que morreu na rodovia Ant\u00f4nio Machado Sant\u2019Anna ser\u00e1 enterrado na regi\u00e3o de Ribeir\u00e3o","author":"noticiasribeiraopreto.com.br","date":"12 de March de 2025","format":false,"excerpt":"Um idoso de 71 anos, natural de Sert\u00e3ozinho, na regi\u00e3o de Ribeir\u00e3o Preto, morreu ap\u00f3s bater o carro na traseira de um caminh\u00e3o. O acidente aconteceu na ter\u00e7a-feira (11), na rodovia Ant\u00f4nio Machado Sant\u2019Anna (SP-255), em Araraquara. De acordo com boletim de ocorr\u00eancia, Carlos Oswaldo Rodrigues colidiu na traseira de\u2026","rel":"","context":"In &quot;Not\u00edcias de Ribeir\u00e3o Preto-SP e Regi\u00e3o&quot;","block_context":{"text":"Not\u00edcias de Ribeir\u00e3o Preto-SP e Regi\u00e3o","link":"https:\/\/noticiasribeiraopreto.com.br\/index.php\/category\/noticias-de-ribeirao-preto-sp-e-regiao-ismael-colosi\/"},"img":{"alt_text":"","src":"https:\/\/i0.wp.com\/noticiasribeiraopreto.com.br\/wp-content\/uploads\/2025\/03\/Copia-de-Copia-de-Copia-de-TAMANHO-EXATO-PARA-FOTOS-NO-SISTEMA-NOVO-2025-03-12T174209.142_2025-03-12_20-42-15_png_2025-03-12_20-42-15.webp.webp?fit=1200%2C675&ssl=1&resize=350%2C200","width":350,"height":200,"srcset":"https:\/\/i0.wp.com\/noticiasribeiraopreto.com.br\/wp-content\/uploads\/2025\/03\/Copia-de-Copia-de-Copia-de-TAMANHO-EXATO-PARA-FOTOS-NO-SISTEMA-NOVO-2025-03-12T174209.142_2025-03-12_20-42-15_png_2025-03-12_20-42-15.webp.webp?fit=1200%2C675&ssl=1&resize=350%2C200 1x, https:\/\/i0.wp.com\/noticiasribeiraopreto.com.br\/wp-content\/uploads\/2025\/03\/Copia-de-Copia-de-Copia-de-TAMANHO-EXATO-PARA-FOTOS-NO-SISTEMA-NOVO-2025-03-12T174209.142_2025-03-12_20-42-15_png_2025-03-12_20-42-15.webp.webp?fit=1200%2C675&ssl=1&resize=525%2C300 1.5x, https:\/\/i0.wp.com\/noticiasribeiraopreto.com.br\/wp-content\/uploads\/2025\/03\/Copia-de-Copia-de-Copia-de-TAMANHO-EXATO-PARA-FOTOS-NO-SISTEMA-NOVO-2025-03-12T174209.142_2025-03-12_20-42-15_png_2025-03-12_20-42-15.webp.webp?fit=1200%2C675&ssl=1&resize=700%2C400 2x, https:\/\/i0.wp.com\/noticiasribeiraopreto.com.br\/wp-content\/uploads\/2025\/03\/Copia-de-Copia-de-Copia-de-TAMANHO-EXATO-PARA-FOTOS-NO-SISTEMA-NOVO-2025-03-12T174209.142_2025-03-12_20-42-15_png_2025-03-12_20-42-15.webp.webp?fit=1200%2C675&ssl=1&resize=1050%2C600 3x"},"classes":[]},{"id":78375,"url":"https:\/\/noticiasribeiraopreto.com.br\/index.php\/2025\/10\/09\/acidente-entre-caminhoes-deixa-um-morto-em-rodovia-na-regiao-de-ribeirao-preto\/","url_meta":{"origin":79322,"position":3},"title":"Acidente entre caminh\u00f5es deixa um morto em rodovia na regi\u00e3o de Ribeir\u00e3o Preto","author":"noticiasribeiraopreto.com.br","date":"9 de October de 2025","format":false,"excerpt":"Uma pessoa morreu e outra ficou ferida em um acidente entre dois caminh\u00f5es na noite desta quarta-feira (8), no km 343 da rodovia Washington Lu\u00eds (SP-310), em Taquaritinga, a 80 quil\u00f4metros de Ribeir\u00e3o Preto. Segundo Artesp (Ag\u00eancia de Transporte do Estado de S\u00e3o Paulo), um caminh\u00e3o carregado de papel\u00e3o atingiu\u2026","rel":"","context":"In &quot;Not\u00edcias de Ribeir\u00e3o Preto-SP e Regi\u00e3o&quot;","block_context":{"text":"Not\u00edcias de Ribeir\u00e3o Preto-SP e Regi\u00e3o","link":"https:\/\/noticiasribeiraopreto.com.br\/index.php\/category\/noticias-de-ribeirao-preto-sp-e-regiao-ismael-colosi\/"},"img":{"alt_text":"","src":"https:\/\/i0.wp.com\/noticiasribeiraopreto.com.br\/wp-content\/uploads\/2025\/10\/WhatsApp-Image-2025-10-09-at-06.31.02_2025-10-09_15-04-48.webp.webp?fit=1200%2C673&ssl=1&resize=350%2C200","width":350,"height":200,"srcset":"https:\/\/i0.wp.com\/noticiasribeiraopreto.com.br\/wp-content\/uploads\/2025\/10\/WhatsApp-Image-2025-10-09-at-06.31.02_2025-10-09_15-04-48.webp.webp?fit=1200%2C673&ssl=1&resize=350%2C200 1x, https:\/\/i0.wp.com\/noticiasribeiraopreto.com.br\/wp-content\/uploads\/2025\/10\/WhatsApp-Image-2025-10-09-at-06.31.02_2025-10-09_15-04-48.webp.webp?fit=1200%2C673&ssl=1&resize=525%2C300 1.5x, https:\/\/i0.wp.com\/noticiasribeiraopreto.com.br\/wp-content\/uploads\/2025\/10\/WhatsApp-Image-2025-10-09-at-06.31.02_2025-10-09_15-04-48.webp.webp?fit=1200%2C673&ssl=1&resize=700%2C400 2x, https:\/\/i0.wp.com\/noticiasribeiraopreto.com.br\/wp-content\/uploads\/2025\/10\/WhatsApp-Image-2025-10-09-at-06.31.02_2025-10-09_15-04-48.webp.webp?fit=1200%2C673&ssl=1&resize=1050%2C600 3x"},"classes":[]},{"id":55214,"url":"https:\/\/noticiasribeiraopreto.com.br\/index.php\/2024\/07\/30\/acidente-deixa-1-morto-em-rodovia-na-regiao-de-ribeirao-preto\/","url_meta":{"origin":79322,"position":4},"title":"Acidente deixa 1 morto em rodovia na regi\u00e3o de Ribeir\u00e3o Preto","author":"noticiasribeiraopreto.com.br","date":"30 de July de 2024","format":false,"excerpt":"Um acidente entre um furg\u00e3o e um caminh\u00e3o deixou uma pessoa morta nesta ter\u00e7a-feira (30), no quil\u00f4metro 83 da rodovia Carlos Tonani (SP-333), em Sert\u00e3ozinho. Segundo a concession\u00e1ria EcoNoroeste, os ve\u00edculos seguiam no sentido Oeste, pela faixa da direita, quando o motorista do carro bateu na traseira do caminh\u00e3o e\u2026","rel":"","context":"In &quot;Not\u00edcias de Ribeir\u00e3o Preto-SP e Regi\u00e3o&quot;","block_context":{"text":"Not\u00edcias de Ribeir\u00e3o Preto-SP e Regi\u00e3o","link":"https:\/\/noticiasribeiraopreto.com.br\/index.php\/category\/noticias-de-ribeirao-preto-sp-e-regiao-ismael-colosi\/"},"img":{"alt_text":"","src":"https:\/\/i0.wp.com\/noticiasribeiraopreto.com.br\/wp-content\/uploads\/2024\/07\/ACIDENTE_2024-07-30_17-41-45_jpg_2024-07-30_17-41-45.webp.webp?fit=1200%2C800&ssl=1&resize=350%2C200","width":350,"height":200,"srcset":"https:\/\/i0.wp.com\/noticiasribeiraopreto.com.br\/wp-content\/uploads\/2024\/07\/ACIDENTE_2024-07-30_17-41-45_jpg_2024-07-30_17-41-45.webp.webp?fit=1200%2C800&ssl=1&resize=350%2C200 1x, https:\/\/i0.wp.com\/noticiasribeiraopreto.com.br\/wp-content\/uploads\/2024\/07\/ACIDENTE_2024-07-30_17-41-45_jpg_2024-07-30_17-41-45.webp.webp?fit=1200%2C800&ssl=1&resize=525%2C300 1.5x, https:\/\/i0.wp.com\/noticiasribeiraopreto.com.br\/wp-content\/uploads\/2024\/07\/ACIDENTE_2024-07-30_17-41-45_jpg_2024-07-30_17-41-45.webp.webp?fit=1200%2C800&ssl=1&resize=700%2C400 2x, https:\/\/i0.wp.com\/noticiasribeiraopreto.com.br\/wp-content\/uploads\/2024\/07\/ACIDENTE_2024-07-30_17-41-45_jpg_2024-07-30_17-41-45.webp.webp?fit=1200%2C800&ssl=1&resize=1050%2C600 3x"},"classes":[]},{"id":84227,"url":"https:\/\/noticiasribeiraopreto.com.br\/index.php\/2026\/04\/05\/motociclista-morre-apos-acidente-em-rodovia-da-regiao-de-ribeirao-preto\/","url_meta":{"origin":79322,"position":5},"title":"Motociclista morre ap\u00f3s acidente em rodovia da regi\u00e3o de Ribeir\u00e3o Preto","author":"noticiasribeiraopreto.com.br","date":"5 de April de 2026","format":false,"excerpt":"Ler o resumo da not\u00edcia Motociclista morre ap\u00f3s acidente em rodovia da regi\u00e3o de Ribeir\u00e3o Preto Na madrugada deste domingo (5), um acidente foi registrado na Rodovia Brigadeiro Faria Lima (SP-326), em Barretos, na regi\u00e3o de Ribeir\u00e3o Preto. Um motociclista que trafegava no sentido Sul, pela faixa 2, morreu ap\u00f3s\u2026","rel":"","context":"In &quot;Not\u00edcias de Ribeir\u00e3o Preto-SP e Regi\u00e3o&quot;","block_context":{"text":"Not\u00edcias de Ribeir\u00e3o Preto-SP e Regi\u00e3o","link":"https:\/\/noticiasribeiraopreto.com.br\/index.php\/category\/noticias-de-ribeirao-preto-sp-e-regiao-ismael-colosi\/"},"img":{"alt_text":"","src":"https:\/\/i0.wp.com\/noticiasribeiraopreto.com.br\/wp-content\/uploads\/2026\/04\/palace-2026-04-05T102258.415_2026-04-05_13-24-48.webp.webp?fit=1200%2C675&ssl=1&resize=350%2C200","width":350,"height":200,"srcset":"https:\/\/i0.wp.com\/noticiasribeiraopreto.com.br\/wp-content\/uploads\/2026\/04\/palace-2026-04-05T102258.415_2026-04-05_13-24-48.webp.webp?fit=1200%2C675&ssl=1&resize=350%2C200 1x, https:\/\/i0.wp.com\/noticiasribeiraopreto.com.br\/wp-content\/uploads\/2026\/04\/palace-2026-04-05T102258.415_2026-04-05_13-24-48.webp.webp?fit=1200%2C675&ssl=1&resize=525%2C300 1.5x, https:\/\/i0.wp.com\/noticiasribeiraopreto.com.br\/wp-content\/uploads\/2026\/04\/palace-2026-04-05T102258.415_2026-04-05_13-24-48.webp.webp?fit=1200%2C675&ssl=1&resize=700%2C400 2x, https:\/\/i0.wp.com\/noticiasribeiraopreto.com.br\/wp-content\/uploads\/2026\/04\/palace-2026-04-05T102258.415_2026-04-05_13-24-48.webp.webp?fit=1200%2C675&ssl=1&resize=1050%2C600 3x"},"classes":[]}],"jetpack_sharing_enabled":true,"jetpack_shortlink":"https:\/\/wp.me\/peQAOb-kDo","_links":{"self":[{"href":"https:\/\/noticiasribeiraopreto.com.br\/index.php\/wp-json\/wp\/v2\/posts\/79322","targetHints":{"allow":["GET"]}}],"collection":[{"href":"https:\/\/noticiasribeiraopreto.com.br\/index.php\/wp-json\/wp\/v2\/posts"}],"about":[{"href":"https:\/\/noticiasribeiraopreto.com.br\/index.php\/wp-json\/wp\/v2\/types\/post"}],"author":[{"embeddable":true,"href":"https:\/\/noticiasribeiraopreto.com.br\/index.php\/wp-json\/wp\/v2\/users\/1"}],"replies":[{"embeddable":true,"href":"https:\/\/noticiasribeiraopreto.com.br\/index.php\/wp-json\/wp\/v2\/comments?post=79322"}],"version-history":[{"count":0,"href":"https:\/\/noticiasribeiraopreto.com.br\/index.php\/wp-json\/wp\/v2\/posts\/79322\/revisions"}],"wp:featuredmedia":[{"embeddable":true,"href":"https:\/\/noticiasribeiraopreto.com.br\/index.php\/wp-json\/wp\/v2\/media\/79323"}],"wp:attachment":[{"href":"https:\/\/noticiasribeiraopreto.com.br\/index.php\/wp-json\/wp\/v2\/media?parent=79322"}],"wp:term":[{"taxonomy":"category","embeddable":true,"href":"https:\/\/noticiasribeiraopreto.com.br\/index.php\/wp-json\/wp\/v2\/categories?post=79322"},{"taxonomy":"post_tag","embeddable":true,"href":"https:\/\/noticiasribeiraopreto.com.br\/index.php\/wp-json\/wp\/v2\/tags?post=79322"}],"curies":[{"name":"wp","href":"https:\/\/api.w.org\/{rel}","templated":true}]}}