{"id":79324,"date":"2025-10-29T16:30:00","date_gmt":"2025-10-29T19:30:00","guid":{"rendered":"https:\/\/noticiasribeiraopreto.com.br\/index.php\/2025\/10\/29\/alerta-de-tempestade-e-queda-nas-temperaturas-e-emitido-para-o-interior-de-sp-veja-previsao\/"},"modified":"2025-10-29T16:30:00","modified_gmt":"2025-10-29T19:30:00","slug":"alerta-de-tempestade-e-queda-nas-temperaturas-e-emitido-para-o-interior-de-sp-veja-previsao","status":"publish","type":"post","link":"https:\/\/noticiasribeiraopreto.com.br\/index.php\/2025\/10\/29\/alerta-de-tempestade-e-queda-nas-temperaturas-e-emitido-para-o-interior-de-sp-veja-previsao\/","title":{"rendered":"Alerta de tempestade e queda nas temperaturas \u00e9 emitido para o interior de SP; Veja previs\u00e3o"},"content":{"rendered":"<div class='code-block code-block-1' style='margin: 8px 0 8px auto; text-align: right; display: block; clear: both;'>\n<p><a href=\"https:\/\/wa.link\/vpicfd\"><img data-recalc-dims=\"1\" class=\"wp-image-4922\" style=\"aspect-ratio: 2.0253164556962027; width: 561px; height: auto;\" src=\"https:\/\/i0.wp.com\/ismaelcolosi.com.br\/wp-content\/uploads\/2023\/11\/grupo-de-empregos-whatsapp-e-facebook-ismael-colosi-vagas.jpg?ssl=1\" alt=\"\" \/><\/a><\/p>\n<!-- \/wp:image -->\n<\/div>\n<p> <br \/>\n<\/p>\n<div>\n<p>O <strong>interior do estado de S\u00e3o Paulo<\/strong> recebeu um novo alerta do <strong><a href=\"https:\/\/portal.inmet.gov.br\/\" data-type=\"link\" data-id=\"https:\/\/portal.inmet.gov.br\/\" target=\"_blank\" rel=\"noreferrer noopener\">Inmet (Instituto Nacional de Meteorologia)<\/a><\/strong> para o p<strong>erigo potencial de tempestades<\/strong> em v\u00e1rias regi\u00f5es \u2014 veja abaixo<\/p>\n<p>De acordo com a <strong><a href=\"https:\/\/www.climatempo.com.br\/\" target=\"_blank\" data-type=\"link\" data-id=\"https:\/\/www.climatempo.com.br\/\" rel=\"noreferrer noopener\">Climatempo<\/a><\/strong>, uma <strong>frente fria<\/strong> se afasta para o oceano nesta quarta, no entanto, <mark style=\"background-color:#fcb900\" class=\"has-inline-color\">um novo sistema dever\u00e1 se formar a partir de um centro de baixa press\u00e3o e avan\u00e7ar para o Sudeste.<\/mark><\/p>\n<p>Vale lembrar que <strong>a chuva deve se alternar com per\u00edodos de sol entre nuvens<\/strong>, por esse motivo, as temperaturas sobem e causam sensa\u00e7\u00e3o de abafamento.<\/p>\n<p>Apesar disso, a <strong>Defesa Civil do Estado alerta para uma massa de ar frio<\/strong> que deve atingir diversos munic\u00edpios do interior paulista, inclusive <strong>Ribeir\u00e3o Preto<\/strong> \u2014 saiba mais abaixo.<\/p>\n<figure class=\"wp-block-image aligncenter size-large is-resized\"><img data-recalc-dims=\"1\" fetchpriority=\"high\" decoding=\"async\" width=\"1024\" height=\"576\" src=\"https:\/\/i0.wp.com\/cdn.media-acidadeon.com.br\/ribeiraopreto\/wp-content\/uploads\/sites\/3\/2025\/10\/Copia-de-Copia-de-Copia-de-TAMANHO-EXATO-PARA-FOTOS-NO-SISTEMA-NOVO-2025-10-09T141609.594_2025-10-09_17-16-18-1024x576.webp?resize=1024%2C576&#038;ssl=1\" alt=\"Inmet alerta para tempestade no interior de SP - Foto: Valter Campanato\/ Ag\u00eancia Brasil.&#10;\" class=\"wp-image-131754\" style=\"width:654px\" title=\"Alerta de tempestade e queda nas temperaturas \u00e9 emitido para o interior de SP; Veja previs\u00e3o 1\" srcset=\"https:\/\/cdn.media-acidadeon.com.br\/ribeiraopreto\/wp-content\/uploads\/sites\/3\/2025\/10\/Copia-de-Copia-de-Copia-de-TAMANHO-EXATO-PARA-FOTOS-NO-SISTEMA-NOVO-2025-10-09T141609.594_2025-10-09_17-16-18-1024x576.webp 1024w, https:\/\/cdn.media-acidadeon.com.br\/ribeiraopreto\/wp-content\/uploads\/sites\/3\/2025\/10\/Copia-de-Copia-de-Copia-de-TAMANHO-EXATO-PARA-FOTOS-NO-SISTEMA-NOVO-2025-10-09T141609.594_2025-10-09_17-16-18-300x169.webp 300w, https:\/\/cdn.media-acidadeon.com.br\/ribeiraopreto\/wp-content\/uploads\/sites\/3\/2025\/10\/Copia-de-Copia-de-Copia-de-TAMANHO-EXATO-PARA-FOTOS-NO-SISTEMA-NOVO-2025-10-09T141609.594_2025-10-09_17-16-18-768x432.webp 768w, https:\/\/cdn.media-acidadeon.com.br\/ribeiraopreto\/wp-content\/uploads\/sites\/3\/2025\/10\/Copia-de-Copia-de-Copia-de-TAMANHO-EXATO-PARA-FOTOS-NO-SISTEMA-NOVO-2025-10-09T141609.594_2025-10-09_17-16-18-696x392.webp 696w, https:\/\/cdn.media-acidadeon.com.br\/ribeiraopreto\/wp-content\/uploads\/sites\/3\/2025\/10\/Copia-de-Copia-de-Copia-de-TAMANHO-EXATO-PARA-FOTOS-NO-SISTEMA-NOVO-2025-10-09T141609.594_2025-10-09_17-16-18-1068x601.webp 1068w, https:\/\/cdn.media-acidadeon.com.br\/ribeiraopreto\/wp-content\/uploads\/sites\/3\/2025\/10\/Copia-de-Copia-de-Copia-de-TAMANHO-EXATO-PARA-FOTOS-NO-SISTEMA-NOVO-2025-10-09T141609.594_2025-10-09_17-16-18.webp 1200w\" sizes=\"(max-width: 1024px) 100vw, 1024px\"\/><figcaption class=\"wp-element-caption\">Inmet alerta para tempestade no interior de SP \u2013 Foto: Valter Campanato\/ Ag\u00eancia Brasil.<br \/>\n<\/figcaption><\/figure>\n<h2 class=\"wp-block-heading\"><strong>O que diz o alerta de tempestade?<\/strong><\/h2>\n<p>Conforme o comunicado emitido pelo <strong>Inmet<\/strong>, h\u00e1 previs\u00e3o de chuva de at\u00e9<strong> 50 mil\u00edmetros por dia<\/strong>, acompanhados de<strong> ventos intensos<\/strong> que variam entre 40 km\/h e 60 km\/h, al\u00e9m de queda de granizo.<\/p>\n<p>Apesar de baixo, o \u00f3rg\u00e3o tamb\u00e9m alerta para o corte de energia el\u00e9trica, estragos em planta\u00e7\u00f5es, queda de galhos de \u00e1rvores e de alagamentos. <strong><mark style=\"background-color:#fcb900\" class=\"has-inline-color\">O alerta foi emitido nesta quarta-feira (29) e \u00e9 v\u00e1lido at\u00e9 ter\u00e7a-feira (30).<\/mark><\/strong><\/p>\n<div class=\"wp-block-image\">\n<figure class=\"aligncenter size-full is-resized\"><img data-recalc-dims=\"1\" loading=\"lazy\" decoding=\"async\" width=\"518\" height=\"350\" src=\"https:\/\/i0.wp.com\/cdn.media-acidadeon.com.br\/ribeiraopreto\/wp-content\/uploads\/sites\/3\/2025\/10\/inmet-alerta-tempestade_2025-10-29_17-57-22.webp?resize=518%2C350&#038;ssl=1\" alt=\"Alerta de tempestade \u00e9 v\u00e1lido para diversas regi\u00f5es do interior de SP - Foto: reprodu\u00e7\u00e3o\/  Inmet.\" class=\"wp-image-133977\" style=\"width:654px\" title=\"Alerta de tempestade e queda nas temperaturas \u00e9 emitido para o interior de SP; Veja previs\u00e3o 2\" srcset=\"https:\/\/cdn.media-acidadeon.com.br\/ribeiraopreto\/wp-content\/uploads\/sites\/3\/2025\/10\/inmet-alerta-tempestade_2025-10-29_17-57-22.webp 518w, https:\/\/cdn.media-acidadeon.com.br\/ribeiraopreto\/wp-content\/uploads\/sites\/3\/2025\/10\/inmet-alerta-tempestade_2025-10-29_17-57-22-300x203.webp 300w\" sizes=\"auto, (max-width: 518px) 100vw, 518px\"\/><figcaption class=\"wp-element-caption\">Alerta de tempestade \u00e9 v\u00e1lido para diversas regi\u00f5es do interior de SP \u2013 Foto: reprodu\u00e7\u00e3o\/  Inmet.<\/figcaption><\/figure>\n<\/div>\n<h3 class=\"wp-block-heading\"><strong>Confira as regi\u00f5es em alerta<\/strong><\/h3>\n<ul class=\"wp-block-list\">\n<li>S\u00e3o Jos\u00e9 do Rio Preto<\/li>\n<li>Campinas<\/li>\n<li>Piracicaba<\/li>\n<li>Bauru<\/li>\n<li><strong>Ribeir\u00e3o Preto<\/strong><\/li>\n<li>Ara\u00e7atuba<\/li>\n<li>Mar\u00edlia<\/li>\n<li>Araraquara<\/li>\n<li>Vale do Para\u00edba Paulista<\/li>\n<li>Itapetininga<\/li>\n<\/ul>\n<h2 class=\"wp-block-heading\"><strong>Temperaturas caem no interior de SP<\/strong><\/h2>\n<p>No in\u00edcio da tarde desta quarta-feira, a <strong>Defesa Civil do Estado de S\u00e3o Paulo<\/strong> emitiu um alerta sobre a passagem de uma frente fria, deixando diversas regi\u00f5es em aten\u00e7\u00e3o para temporais.<\/p>\n<div class=\"wp-block-image\">\n<figure class=\"aligncenter size-large is-resized\"><img data-recalc-dims=\"1\" loading=\"lazy\" decoding=\"async\" width=\"1024\" height=\"689\" src=\"https:\/\/i0.wp.com\/cdn.media-acidadeon.com.br\/ribeiraopreto\/wp-content\/uploads\/sites\/3\/2025\/07\/frio_sp06_2025-07-29_09-28-55-1024x689.webp?resize=1024%2C689&#038;ssl=1\" alt=\"Defesa Civil alerta para massa de ar frio nesta quinta-feira (29) - Foto: Paulo Pinto \/ Ag\u00eancia Brasil\" class=\"wp-image-124088\" style=\"width:654px\" title=\"Alerta de tempestade e queda nas temperaturas \u00e9 emitido para o interior de SP; Veja previs\u00e3o 3\" srcset=\"https:\/\/cdn.media-acidadeon.com.br\/ribeiraopreto\/wp-content\/uploads\/sites\/3\/2025\/07\/frio_sp06_2025-07-29_09-28-55-1024x689.webp 1024w, https:\/\/cdn.media-acidadeon.com.br\/ribeiraopreto\/wp-content\/uploads\/sites\/3\/2025\/07\/frio_sp06_2025-07-29_09-28-55-300x202.webp 300w, https:\/\/cdn.media-acidadeon.com.br\/ribeiraopreto\/wp-content\/uploads\/sites\/3\/2025\/07\/frio_sp06_2025-07-29_09-28-55-768x517.webp 768w, https:\/\/cdn.media-acidadeon.com.br\/ribeiraopreto\/wp-content\/uploads\/sites\/3\/2025\/07\/frio_sp06_2025-07-29_09-28-55-696x469.webp 696w, https:\/\/cdn.media-acidadeon.com.br\/ribeiraopreto\/wp-content\/uploads\/sites\/3\/2025\/07\/frio_sp06_2025-07-29_09-28-55-1068x719.webp 1068w, https:\/\/cdn.media-acidadeon.com.br\/ribeiraopreto\/wp-content\/uploads\/sites\/3\/2025\/07\/frio_sp06_2025-07-29_09-28-55.webp 1200w\" sizes=\"auto, (max-width: 1024px) 100vw, 1024px\"\/><figcaption class=\"wp-element-caption\">Defesa Civil alerta para massa de ar frio nesta quinta-feira (29) \u2013 Foto: Paulo Pinto \/ Ag\u00eancia Brasil<\/figcaption><\/figure>\n<\/div>\n<p>Al\u00e9m disso, o \u00f3rg\u00e3o informou que, nesta quinta-feira, uma massa de ar frio deve provocar queda de temperatura em v\u00e1rias partes do estado. Confira:<\/p>\n<ul class=\"wp-block-list\">\n<li><strong>Ribeir\u00e3o Preto: <\/strong>19\u00baC de m\u00ednima e 27\u00baC de m\u00e1xima;<\/li>\n<li><strong>Sorocaba:<\/strong> 16\u00baC de m\u00ednima e 20\u00baC de m\u00e1xima;<\/li>\n<li><strong>Baixada Santista:<\/strong> 19\u00baC de m\u00ednima e 21\u00baC de m\u00e1xima;<\/li>\n<li><strong>Vale do Para\u00edba:<\/strong> 17\u00baC de m\u00ednima e 19\u00baC de m\u00e1xima.<\/li>\n<\/ul>\n<blockquote class=\"instagram-media\" data-instgrm-permalink=\"https:\/\/www.instagram.com\/p\/DQZcL8JEXRE\/?utm_source=ig_embed&amp;utm_campaign=loading\" data-instgrm-version=\"14\" style=\" background:#FFF; border:0; border-radius:3px; box-shadow:0 0 1px 0 rgba(0,0,0,0.5),0 1px 10px 0 rgba(0,0,0,0.15); margin: 1px; max-width:540px; min-width:326px; padding:0; width:99.375%; width:-webkit-calc(100% - 2px); width:calc(100% - 2px);\"\/>\n<hr class=\"wp-block-separator has-alpha-channel-opacity\"\/>\n<p>SAIBA MAIS<\/p>\n<p>Investiga\u00e7\u00e3o em Ribeir\u00e3o Preto mira quadrilha envolvida em venda de rem\u00e9dios falsificados para c\u00e2ncer<\/p>\n<h2 class=\"wp-block-heading\"><strong>FIQUE ON<\/strong><\/h2>\n<p>Fique ligado em tudo que acontece em Ribeir\u00e3o Preto e regi\u00e3o. Siga os perfis do\u00a0<strong>acidade on<\/strong>\u00a0no<a href=\"https:\/\/www.instagram.com\/acidadeonribeirao\" target=\"_blank\" rel=\"noreferrer noopener\">\u00a0Instagram\u00a0<\/a>e no\u00a0<a href=\"https:\/\/www.facebook.com\/acidadeonribeirao\/\" target=\"_blank\" rel=\"noreferrer noopener\">Facebook<\/a>.<\/p>\n<p>Receba not\u00edcias do<strong>\u00a0acidade on<\/strong>\u00a0no WhatsApp. Para entrar no grupo,\u00a0basta\u00a0<a href=\"https:\/\/chat.whatsapp.com\/I4nieTEMKlf50pJ28aMemC?mode=ac_t\" target=\"_blank\" rel=\"noreferrer noopener\">clicar aqui<\/a>. Ou, acesse o nosso\u00a0Canal\u00a0<a href=\"https:\/\/whatsapp.com\/channel\/0029Vb6IQl1JENyAeS57fk2p\" target=\"_blank\" rel=\"noreferrer noopener\">clicando aqui<\/a>.<\/p>\n<p>Fa\u00e7a uma den\u00fancia ou sugira uma reportagem sobre Ribeir\u00e3o Preto e regi\u00e3o pelo WhatsApp: 16 99117 7802.<\/p>\n<p>VEJA TAMB\u00c9M<\/p>\n<p>Veja 5 motivos para jogar Little Nightmares III no Halloween<\/p>\n<p><!-- AI CONTENT END 1 -->\n<\/div>\n<p><script async src=\"\/\/www.instagram.com\/embed.js\"><\/script><br \/>\n<br \/><br \/>\n<br \/><a href=\"https:\/\/www.acidadeon.com\/ribeiraopreto\/cotidiano\/alerta-de-tempestade-e-queda-nas-temperaturas-e-emitido-para-o-interior-de-sp-veja-previsao\/\">Source link <\/a><\/p>\n<!-- CONTENT END 1 -->\n","protected":false},"excerpt":{"rendered":"<p>O interior do estado de S\u00e3o Paulo recebeu um novo alerta do Inmet (Instituto Nacional de Meteorologia) para o perigo potencial de tempestades em v\u00e1rias&#8230;<\/p>\n","protected":false},"author":1,"featured_media":79325,"comment_status":"open","ping_status":"open","sticky":false,"template":"","format":"standard","meta":{"advanced_seo_description":"","jetpack_seo_html_title":"","jetpack_seo_noindex":false,"jetpack_post_was_ever_published":false,"_jetpack_newsletter_access":"","_jetpack_dont_email_post_to_subs":false,"_jetpack_newsletter_tier_id":0,"_jetpack_memberships_contains_paywalled_content":false,"_jetpack_memberships_contains_paid_content":false,"footnotes":"","jetpack_publicize_message":"","jetpack_publicize_feature_enabled":true,"jetpack_social_post_already_shared":true,"jetpack_social_options":{"image_generator_settings":{"template":"highway","default_image_id":0,"font":"","enabled":false},"version":2}},"categories":[11],"tags":[],"class_list":["post-79324","post","type-post","status-publish","format-standard","has-post-thumbnail","hentry","category-noticias-de-ribeirao-preto-sp-e-regiao-ismael-colosi"],"jetpack_publicize_connections":[],"jetpack_featured_media_url":"https:\/\/i0.wp.com\/noticiasribeiraopreto.com.br\/wp-content\/uploads\/2025\/10\/WhatsApp-Image-2024-12-20-at-12.48.29-1_2024-12-20_16-00-01_jpeg_2024-12-20_16-00-01.webp.webp?fit=1599%2C899&ssl=1","jetpack-related-posts":[{"id":81931,"url":"https:\/\/noticiasribeiraopreto.com.br\/index.php\/2026\/01\/30\/novo-ciclone-se-forma-e-coloca-interior-de-sp-em-alerta-para-tempestades-veja-regioes-afetadas\/","url_meta":{"origin":79324,"position":0},"title":"Novo ciclone se forma e coloca interior de SP em alerta para tempestades; Veja regi\u00f5es afetadas","author":"noticiasribeiraopreto.com.br","date":"30 de January de 2026","format":false,"excerpt":"O interior do estado de S\u00e3o Paulo est\u00e1 em alerta para o risco de tempestade nesta quinta-feira (29) \u2013 veja as regi\u00f5es logo abaixo. De acordo com os meteorologistas, um novo ciclone extratropical come\u00e7ou se formar e vai contribuir para a forma\u00e7\u00e3o de \u00e1reas de instabilidade. O Estado de S\u00e3o\u2026","rel":"","context":"In &quot;Not\u00edcias de Ribeir\u00e3o Preto-SP e Regi\u00e3o&quot;","block_context":{"text":"Not\u00edcias de Ribeir\u00e3o Preto-SP e Regi\u00e3o","link":"https:\/\/noticiasribeiraopreto.com.br\/index.php\/category\/noticias-de-ribeirao-preto-sp-e-regiao-ismael-colosi\/"},"img":{"alt_text":"","src":"https:\/\/i0.wp.com\/noticiasribeiraopreto.com.br\/wp-content\/uploads\/2025\/12\/chuva_mudanca_tempo_05_2025-04-08_20-53-35_jpg_2025-04-08_20-53-35-1024x769.webp.webp?fit=1024%2C769&ssl=1&resize=350%2C200","width":350,"height":200,"srcset":"https:\/\/i0.wp.com\/noticiasribeiraopreto.com.br\/wp-content\/uploads\/2025\/12\/chuva_mudanca_tempo_05_2025-04-08_20-53-35_jpg_2025-04-08_20-53-35-1024x769.webp.webp?fit=1024%2C769&ssl=1&resize=350%2C200 1x, https:\/\/i0.wp.com\/noticiasribeiraopreto.com.br\/wp-content\/uploads\/2025\/12\/chuva_mudanca_tempo_05_2025-04-08_20-53-35_jpg_2025-04-08_20-53-35-1024x769.webp.webp?fit=1024%2C769&ssl=1&resize=525%2C300 1.5x, https:\/\/i0.wp.com\/noticiasribeiraopreto.com.br\/wp-content\/uploads\/2025\/12\/chuva_mudanca_tempo_05_2025-04-08_20-53-35_jpg_2025-04-08_20-53-35-1024x769.webp.webp?fit=1024%2C769&ssl=1&resize=700%2C400 2x"},"classes":[]},{"id":80038,"url":"https:\/\/noticiasribeiraopreto.com.br\/index.php\/2025\/11\/13\/novo-alerta-laranja-e-emitido-para-o-interior-de-sp-saiba-quais-sao-as-cidades\/","url_meta":{"origin":79324,"position":1},"title":"Novo alerta laranja \u00e9 emitido para o interior de SP; Saiba quais s\u00e3o as cidades","author":"noticiasribeiraopreto.com.br","date":"13 de November de 2025","format":false,"excerpt":"O\u00a0Inmet (Instituto Nacional de Meteorologia)\u00a0publicou um novo alerta laranja para tempestade no interior de S\u00e3o Paulo, com validade entre esta quinta-feira (13) e sexta-feira (14). O aviso indica \u201cperigo\u201d entre as regi\u00f5es oeste, central, norte e sul do estado. Clique\u00a0aqui\u00a0e confira as cidades na faixa laranja \u2013 a segunda na\u2026","rel":"","context":"In &quot;Not\u00edcias de Ribeir\u00e3o Preto-SP e Regi\u00e3o&quot;","block_context":{"text":"Not\u00edcias de Ribeir\u00e3o Preto-SP e Regi\u00e3o","link":"https:\/\/noticiasribeiraopreto.com.br\/index.php\/category\/noticias-de-ribeirao-preto-sp-e-regiao-ismael-colosi\/"},"img":{"alt_text":"","src":"https:\/\/i0.wp.com\/noticiasribeiraopreto.com.br\/wp-content\/uploads\/2025\/11\/MAPA_2025-11-13_13-34-20.webp.webp?fit=1200%2C863&ssl=1&resize=350%2C200","width":350,"height":200,"srcset":"https:\/\/i0.wp.com\/noticiasribeiraopreto.com.br\/wp-content\/uploads\/2025\/11\/MAPA_2025-11-13_13-34-20.webp.webp?fit=1200%2C863&ssl=1&resize=350%2C200 1x, https:\/\/i0.wp.com\/noticiasribeiraopreto.com.br\/wp-content\/uploads\/2025\/11\/MAPA_2025-11-13_13-34-20.webp.webp?fit=1200%2C863&ssl=1&resize=525%2C300 1.5x, https:\/\/i0.wp.com\/noticiasribeiraopreto.com.br\/wp-content\/uploads\/2025\/11\/MAPA_2025-11-13_13-34-20.webp.webp?fit=1200%2C863&ssl=1&resize=700%2C400 2x, https:\/\/i0.wp.com\/noticiasribeiraopreto.com.br\/wp-content\/uploads\/2025\/11\/MAPA_2025-11-13_13-34-20.webp.webp?fit=1200%2C863&ssl=1&resize=1050%2C600 3x"},"classes":[]},{"id":57589,"url":"https:\/\/noticiasribeiraopreto.com.br\/index.php\/2024\/09\/04\/interior-de-sp-pode-registrar-ventos-de-ate-50-km-h-veja-quando\/","url_meta":{"origin":79324,"position":2},"title":"Interior de SP pode registrar ventos de at\u00e9 50 km\/h; Veja quando","author":"noticiasribeiraopreto.com.br","date":"4 de September de 2024","format":false,"excerpt":"Uma nova frente fria deve chegar nesta semana e mudar o tempo em algumas cidades do interior de S\u00e3o Paulo, da capital e litoral paulista, de acordo com os meteorologistas. Por conta desse cen\u00e1rio, a Defesa Civil publicou um aviso para ventos fortes em todo o estado de S\u00e3o Paulo.\u2026","rel":"","context":"In &quot;Not\u00edcias de Ribeir\u00e3o Preto-SP e Regi\u00e3o&quot;","block_context":{"text":"Not\u00edcias de Ribeir\u00e3o Preto-SP e Regi\u00e3o","link":"https:\/\/noticiasribeiraopreto.com.br\/index.php\/category\/noticias-de-ribeirao-preto-sp-e-regiao-ismael-colosi\/"},"img":{"alt_text":"","src":"https:\/\/i0.wp.com\/noticiasribeiraopreto.com.br\/wp-content\/uploads\/2024\/06\/WhatsApp-Image-2024-06-05-at-08.22.06_2024-06-05_11-29-47_jpeg_2024-06-05_11-29-48.webp.webp?fit=1200%2C540&ssl=1&resize=350%2C200","width":350,"height":200,"srcset":"https:\/\/i0.wp.com\/noticiasribeiraopreto.com.br\/wp-content\/uploads\/2024\/06\/WhatsApp-Image-2024-06-05-at-08.22.06_2024-06-05_11-29-47_jpeg_2024-06-05_11-29-48.webp.webp?fit=1200%2C540&ssl=1&resize=350%2C200 1x, https:\/\/i0.wp.com\/noticiasribeiraopreto.com.br\/wp-content\/uploads\/2024\/06\/WhatsApp-Image-2024-06-05-at-08.22.06_2024-06-05_11-29-47_jpeg_2024-06-05_11-29-48.webp.webp?fit=1200%2C540&ssl=1&resize=525%2C300 1.5x, https:\/\/i0.wp.com\/noticiasribeiraopreto.com.br\/wp-content\/uploads\/2024\/06\/WhatsApp-Image-2024-06-05-at-08.22.06_2024-06-05_11-29-47_jpeg_2024-06-05_11-29-48.webp.webp?fit=1200%2C540&ssl=1&resize=700%2C400 2x, https:\/\/i0.wp.com\/noticiasribeiraopreto.com.br\/wp-content\/uploads\/2024\/06\/WhatsApp-Image-2024-06-05-at-08.22.06_2024-06-05_11-29-47_jpeg_2024-06-05_11-29-48.webp.webp?fit=1200%2C540&ssl=1&resize=1050%2C600 3x"},"classes":[]},{"id":3684,"url":"https:\/\/noticiasribeiraopreto.com.br\/index.php\/2023\/11\/19\/interior-de-sp-tem-novo-alerta-de-tempestade-veja-as-cidades-afetadas\/","url_meta":{"origin":79324,"position":3},"title":"Interior de SP tem novo alerta de tempestade; Veja as cidades afetadas","author":"noticiasribeiraopreto.com.br","date":"19 de November de 2023","format":false,"excerpt":"O Inmet (Instituto Nacional de Meteorologia) emitiu um alerta de perigo potencial para tempestade no interior de S\u00e3o Paulo, neste domingo. O novo comunicado \u00e9 v\u00e1lido at\u00e9 as 10h desta segunda-feira (20), dia da Consci\u00eancia Negra. De acordo com o \u00f3rg\u00e3o, pode chover o acumulado entre 20 e 30 mil\u00edmetros\u2026","rel":"","context":"In &quot;Not\u00edcias de Ribeir\u00e3o Preto-SP e Regi\u00e3o&quot;","block_context":{"text":"Not\u00edcias de Ribeir\u00e3o Preto-SP e Regi\u00e3o","link":"https:\/\/noticiasribeiraopreto.com.br\/index.php\/category\/noticias-de-ribeirao-preto-sp-e-regiao-ismael-colosi\/"},"img":{"alt_text":"","src":"https:\/\/i0.wp.com\/noticiasribeiraopreto.com.br\/wp-content\/uploads\/2023\/11\/chuva-no-interior.jpeg?fit=1200%2C903&ssl=1&resize=350%2C200","width":350,"height":200,"srcset":"https:\/\/i0.wp.com\/noticiasribeiraopreto.com.br\/wp-content\/uploads\/2023\/11\/chuva-no-interior.jpeg?fit=1200%2C903&ssl=1&resize=350%2C200 1x, https:\/\/i0.wp.com\/noticiasribeiraopreto.com.br\/wp-content\/uploads\/2023\/11\/chuva-no-interior.jpeg?fit=1200%2C903&ssl=1&resize=525%2C300 1.5x, https:\/\/i0.wp.com\/noticiasribeiraopreto.com.br\/wp-content\/uploads\/2023\/11\/chuva-no-interior.jpeg?fit=1200%2C903&ssl=1&resize=700%2C400 2x, https:\/\/i0.wp.com\/noticiasribeiraopreto.com.br\/wp-content\/uploads\/2023\/11\/chuva-no-interior.jpeg?fit=1200%2C903&ssl=1&resize=1050%2C600 3x"},"classes":[]},{"id":80593,"url":"https:\/\/noticiasribeiraopreto.com.br\/index.php\/2025\/12\/07\/novo-ciclone-se-forma-e-deixa-estado-de-sp-em-alerta-para-tempestades-veja-previsao\/","url_meta":{"origin":79324,"position":4},"title":"Novo ciclone se forma e deixa estado de SP em alerta para tempestades; Veja previs\u00e3o","author":"noticiasribeiraopreto.com.br","date":"7 de December de 2025","format":false,"excerpt":"A pr\u00f3xima semana tem previs\u00e3o de virada no tempo no Sudeste\u00a0com a forma\u00e7\u00e3o de um novo ciclone e o transporte de umidade da regi\u00e3o Norte. Segundo a Meteored, na pr\u00f3xima segunda-feira (8) as chuvas j\u00e1 devem afetar boa parte do estado de S\u00e3o Paulo e ter\u00a0forte intensidade em \u00e1reas pontuais.\u2026","rel":"","context":"In &quot;Not\u00edcias de Ribeir\u00e3o Preto-SP e Regi\u00e3o&quot;","block_context":{"text":"Not\u00edcias de Ribeir\u00e3o Preto-SP e Regi\u00e3o","link":"https:\/\/noticiasribeiraopreto.com.br\/index.php\/category\/noticias-de-ribeirao-preto-sp-e-regiao-ismael-colosi\/"},"img":{"alt_text":"","src":"https:\/\/i0.wp.com\/noticiasribeiraopreto.com.br\/wp-content\/uploads\/2025\/12\/ciclone_2025-12-06_18-33-20.webp.webp?fit=1200%2C811&ssl=1&resize=350%2C200","width":350,"height":200,"srcset":"https:\/\/i0.wp.com\/noticiasribeiraopreto.com.br\/wp-content\/uploads\/2025\/12\/ciclone_2025-12-06_18-33-20.webp.webp?fit=1200%2C811&ssl=1&resize=350%2C200 1x, https:\/\/i0.wp.com\/noticiasribeiraopreto.com.br\/wp-content\/uploads\/2025\/12\/ciclone_2025-12-06_18-33-20.webp.webp?fit=1200%2C811&ssl=1&resize=525%2C300 1.5x, https:\/\/i0.wp.com\/noticiasribeiraopreto.com.br\/wp-content\/uploads\/2025\/12\/ciclone_2025-12-06_18-33-20.webp.webp?fit=1200%2C811&ssl=1&resize=700%2C400 2x, https:\/\/i0.wp.com\/noticiasribeiraopreto.com.br\/wp-content\/uploads\/2025\/12\/ciclone_2025-12-06_18-33-20.webp.webp?fit=1200%2C811&ssl=1&resize=1050%2C600 3x"},"classes":[]},{"id":61988,"url":"https:\/\/noticiasribeiraopreto.com.br\/index.php\/2024\/12\/30\/alerta-de-perigo-para-tempestade-e-emitido-para-o-interior-de-sp-veja-regioes\/","url_meta":{"origin":79324,"position":5},"title":"Alerta de perigo para tempestade \u00e9 emitido para o interior de SP; Veja regi\u00f5es","author":"noticiasribeiraopreto.com.br","date":"30 de December de 2024","format":false,"excerpt":"A chuva diminui no Estado de S\u00e3o Paulo nesses \u00faltimos dias de 2024, entretanto, \u00e1reas de instabilidades ainda s\u00e3o esperadas ao longo dos pr\u00f3ximos dias, de acordo com os meteorologistas. Por conta desse cen\u00e1rio, o Inmet (Instituto Nacional de Meteorologia) emitiu um novo alerta de perigo para o risco de\u2026","rel":"","context":"In &quot;Not\u00edcias de Ribeir\u00e3o Preto-SP e Regi\u00e3o&quot;","block_context":{"text":"Not\u00edcias de Ribeir\u00e3o Preto-SP e Regi\u00e3o","link":"https:\/\/noticiasribeiraopreto.com.br\/index.php\/category\/noticias-de-ribeirao-preto-sp-e-regiao-ismael-colosi\/"},"img":{"alt_text":"","src":"https:\/\/i0.wp.com\/noticiasribeiraopreto.com.br\/wp-content\/uploads\/2024\/12\/chuva_sexta_08_2024-12-30_19-10-10_jpg_2024-12-30_19-10-11-scaled.webp.webp?fit=1200%2C800&ssl=1&resize=350%2C200","width":350,"height":200,"srcset":"https:\/\/i0.wp.com\/noticiasribeiraopreto.com.br\/wp-content\/uploads\/2024\/12\/chuva_sexta_08_2024-12-30_19-10-10_jpg_2024-12-30_19-10-11-scaled.webp.webp?fit=1200%2C800&ssl=1&resize=350%2C200 1x, https:\/\/i0.wp.com\/noticiasribeiraopreto.com.br\/wp-content\/uploads\/2024\/12\/chuva_sexta_08_2024-12-30_19-10-10_jpg_2024-12-30_19-10-11-scaled.webp.webp?fit=1200%2C800&ssl=1&resize=525%2C300 1.5x, https:\/\/i0.wp.com\/noticiasribeiraopreto.com.br\/wp-content\/uploads\/2024\/12\/chuva_sexta_08_2024-12-30_19-10-10_jpg_2024-12-30_19-10-11-scaled.webp.webp?fit=1200%2C800&ssl=1&resize=700%2C400 2x, https:\/\/i0.wp.com\/noticiasribeiraopreto.com.br\/wp-content\/uploads\/2024\/12\/chuva_sexta_08_2024-12-30_19-10-10_jpg_2024-12-30_19-10-11-scaled.webp.webp?fit=1200%2C800&ssl=1&resize=1050%2C600 3x"},"classes":[]}],"jetpack_sharing_enabled":true,"jetpack_shortlink":"https:\/\/wp.me\/peQAOb-kDq","_links":{"self":[{"href":"https:\/\/noticiasribeiraopreto.com.br\/index.php\/wp-json\/wp\/v2\/posts\/79324","targetHints":{"allow":["GET"]}}],"collection":[{"href":"https:\/\/noticiasribeiraopreto.com.br\/index.php\/wp-json\/wp\/v2\/posts"}],"about":[{"href":"https:\/\/noticiasribeiraopreto.com.br\/index.php\/wp-json\/wp\/v2\/types\/post"}],"author":[{"embeddable":true,"href":"https:\/\/noticiasribeiraopreto.com.br\/index.php\/wp-json\/wp\/v2\/users\/1"}],"replies":[{"embeddable":true,"href":"https:\/\/noticiasribeiraopreto.com.br\/index.php\/wp-json\/wp\/v2\/comments?post=79324"}],"version-history":[{"count":0,"href":"https:\/\/noticiasribeiraopreto.com.br\/index.php\/wp-json\/wp\/v2\/posts\/79324\/revisions"}],"wp:featuredmedia":[{"embeddable":true,"href":"https:\/\/noticiasribeiraopreto.com.br\/index.php\/wp-json\/wp\/v2\/media\/79325"}],"wp:attachment":[{"href":"https:\/\/noticiasribeiraopreto.com.br\/index.php\/wp-json\/wp\/v2\/media?parent=79324"}],"wp:term":[{"taxonomy":"category","embeddable":true,"href":"https:\/\/noticiasribeiraopreto.com.br\/index.php\/wp-json\/wp\/v2\/categories?post=79324"},{"taxonomy":"post_tag","embeddable":true,"href":"https:\/\/noticiasribeiraopreto.com.br\/index.php\/wp-json\/wp\/v2\/tags?post=79324"}],"curies":[{"name":"wp","href":"https:\/\/api.w.org\/{rel}","templated":true}]}}