{"id":79326,"date":"2025-10-29T16:37:50","date_gmt":"2025-10-29T19:37:50","guid":{"rendered":"https:\/\/noticiasribeiraopreto.com.br\/index.php\/2025\/10\/29\/investigacao-em-ribeirao-preto-mira-quadrilha-envolvida-em-venda-de-remedios-falsificados-para-cancer\/"},"modified":"2025-10-29T16:37:50","modified_gmt":"2025-10-29T19:37:50","slug":"investigacao-em-ribeirao-preto-mira-quadrilha-envolvida-em-venda-de-remedios-falsificados-para-cancer","status":"publish","type":"post","link":"https:\/\/noticiasribeiraopreto.com.br\/index.php\/2025\/10\/29\/investigacao-em-ribeirao-preto-mira-quadrilha-envolvida-em-venda-de-remedios-falsificados-para-cancer\/","title":{"rendered":"Investiga\u00e7\u00e3o em Ribeir\u00e3o Preto mira quadrilha envolvida em venda de rem\u00e9dios falsificados para c\u00e2ncer"},"content":{"rendered":"<div class='code-block code-block-1' style='margin: 8px 0 8px auto; text-align: right; display: block; clear: both;'>\n<p><a href=\"https:\/\/wa.link\/vpicfd\"><img data-recalc-dims=\"1\" class=\"wp-image-4922\" style=\"aspect-ratio: 2.0253164556962027; width: 561px; height: auto;\" src=\"https:\/\/i0.wp.com\/ismaelcolosi.com.br\/wp-content\/uploads\/2023\/11\/grupo-de-empregos-whatsapp-e-facebook-ismael-colosi-vagas.jpg?ssl=1\" alt=\"\" \/><\/a><\/p>\n<!-- \/wp:image -->\n<\/div>\n<p> <br \/>\n<\/p>\n<div data-td-block-uid=\"tdi_95\">\n<div class=\"tdb-block-inner td-fix-index\">\n<p><strong>O Gaeco (Grupo de Atua\u00e7\u00e3o Especial de Combate ao Crime Organizado), do Minist\u00e9rio P\u00fablico do Estado de S\u00e3o Paulo (MP-SP), deflagrou nesta quarta-feira (29) a opera\u00e7\u00e3o Ant\u00edgeno contra uma quadrilha apontada por comercializar medicamentos falsificados ou de proced\u00eancia ignorada, al\u00e9m de lavagem de dinheiro.<\/strong><\/p>\n<p><mark style=\"background-color:#fcb900\" class=\"has-inline-color has-black-color\">Ap\u00f3s investiga\u00e7\u00f5es conduzidas em Ribeir\u00e3o Preto, foram cumpridos 12 mandados de busca e apreens\u00e3o em cidades dos estados do Rio de Janeiro e de Goi\u00e1s.<\/mark><\/p>\n<p>A Justi\u00e7a tamb\u00e9m determinou o bloqueio de R$ 15 milh\u00f5es dos investigados e de pessoas jur\u00eddicas relacionadas a eles, al\u00e9m do sequestro de im\u00f3veis e ve\u00edculos, apreens\u00e3o de bens como dinheiro em esp\u00e9cie e da suspens\u00e3o de atividades de empresas envolvidas. Os nomes, por\u00e9m, n\u00e3o foram divulgados.<\/p>\n<p>O Gaeco disse que as investiga\u00e7\u00f5es tiveram in\u00edcio ap\u00f3s um hospital da regi\u00e3o de Ribeir\u00e3o Preto identificar um lote de imunoter\u00e1picos com ind\u00edcios de falsifica\u00e7\u00e3o.<\/p>\n<figure class=\"wp-block-pullquote\">\n<blockquote>\n<p>As apura\u00e7\u00f5es apontam a exist\u00eancia de uma estrutura criminosa, sediada principalmente nos estados do Rio de Janeiro e de Goi\u00e1s, respons\u00e1vel por fornecer medicamentos falsificados ou de proced\u00eancia ignorada a estabelecimentos hospitalares em diferentes unidades da Federa\u00e7\u00e3o, com foco em f\u00e1rmacos de alto custo destinados ao tratamento de doen\u00e7as graves, como o c\u00e2ncer. O grupo tamb\u00e9m se valeria de empresas de fachada para ocultar e dissimular valores obtidos ilicitamente, caracterizando lavagem de capitais<\/p>\n<p><cite><strong>Gaeco<\/strong><\/cite><\/p><\/blockquote>\n<\/figure>\n<p>O Gaeco tamb\u00e9m informou que objetivo desta fase \u00e9 interromper o com\u00e9rcio il\u00edcito de medicamentos e garantir a recupera\u00e7\u00e3o de bens e valores.<\/p>\n<p>As investiga\u00e7\u00f5es devem continuar com a an\u00e1lise do material apreendido e novas dilig\u00eancias.<\/p>\n<p>SAIB MAIS<\/p>\n<p>Sequestro em Ribeir\u00e3o? Empres\u00e1rio diz que foi v\u00edtima de briga por heran\u00e7a com a m\u00e3e<\/p>\n<h2 class=\"wp-block-heading\"><strong>FIQUE ON<\/strong><\/h2>\n<p>Fique ligado em tudo que acontece em Ribeir\u00e3o Preto e regi\u00e3o. Siga os perfis do\u00a0<strong>acidade on<\/strong>\u00a0no<a href=\"https:\/\/www.instagram.com\/acidadeonribeirao\" target=\"_blank\" rel=\"noreferrer noopener\">\u00a0Instagram\u00a0<\/a>e no\u00a0<a href=\"https:\/\/www.facebook.com\/acidadeonribeirao\/\" target=\"_blank\" rel=\"noreferrer noopener\">Facebook<\/a>.<\/p>\n<p>Receba not\u00edcias do<strong>\u00a0acidade on<\/strong>\u00a0no WhatsApp. Para entrar no grupo,\u00a0basta\u00a0<a href=\"https:\/\/chat.whatsapp.com\/I4nieTEMKlf50pJ28aMemC?mode=ac_t\" target=\"_blank\" rel=\"noreferrer noopener\">clicar aqui<\/a>. Ou, acesse o nosso\u00a0Canal\u00a0<a href=\"https:\/\/whatsapp.com\/channel\/0029Vb6IQl1JENyAeS57fk2p\" target=\"_blank\" rel=\"noreferrer noopener\">clicando aqui<\/a>.<\/p>\n<p>Fa\u00e7a uma den\u00fancia ou sugira uma reportagem sobre Ribeir\u00e3o Preto e regi\u00e3o pelo WhatsApp: 16 99117 7802.<\/p>\n<p>VEJA TAMB\u00c9M<\/p>\n<p>Veja 5 motivos para jogar Little Nightmares III no Halloween<\/p>\n<p><!-- AI CONTENT END 1 -->\n<\/div>\n<\/div>\n<p><script async src=\"\/\/www.instagram.com\/embed.js\"><\/script><br \/>\n<br \/><br \/>\n<br \/><a href=\"https:\/\/www.acidadeon.com\/ribeiraopreto\/cotidiano\/investigacao-em-ribeirao-preto-mira-quadrilha-envolvida-em-venda-remedios-falsificados-para-cancer\/\">Source link <\/a><\/p>\n<!-- CONTENT END 1 -->\n","protected":false},"excerpt":{"rendered":"<p>O Gaeco (Grupo de Atua\u00e7\u00e3o Especial de Combate ao Crime Organizado), do Minist\u00e9rio P\u00fablico do Estado de S\u00e3o Paulo (MP-SP), deflagrou nesta quarta-feira (29) a&#8230;<\/p>\n","protected":false},"author":1,"featured_media":79327,"comment_status":"open","ping_status":"open","sticky":false,"template":"","format":"standard","meta":{"advanced_seo_description":"","jetpack_seo_html_title":"","jetpack_seo_noindex":false,"jetpack_post_was_ever_published":false,"_jetpack_newsletter_access":"","_jetpack_dont_email_post_to_subs":false,"_jetpack_newsletter_tier_id":0,"_jetpack_memberships_contains_paywalled_content":false,"_jetpack_memberships_contains_paid_content":false,"footnotes":"","jetpack_publicize_message":"","jetpack_publicize_feature_enabled":true,"jetpack_social_post_already_shared":true,"jetpack_social_options":{"image_generator_settings":{"template":"highway","default_image_id":0,"font":"","enabled":false},"version":2}},"categories":[11],"tags":[],"class_list":["post-79326","post","type-post","status-publish","format-standard","has-post-thumbnail","hentry","category-noticias-de-ribeirao-preto-sp-e-regiao-ismael-colosi"],"jetpack_publicize_connections":[],"jetpack_featured_media_url":"https:\/\/i0.wp.com\/noticiasribeiraopreto.com.br\/wp-content\/uploads\/2025\/10\/WhatsApp-Image-2025-10-29-at-14.49.28_2025-10-29_17-49-52.webp.webp?fit=852%2C470&ssl=1","jetpack-related-posts":[{"id":14727,"url":"https:\/\/noticiasribeiraopreto.com.br\/index.php\/2023\/12\/12\/operacao-contra-o-trafico-apreende-carros-de-luxo-em-ribeirao-preto\/","url_meta":{"origin":79326,"position":0},"title":"Opera\u00e7\u00e3o contra o tr\u00e1fico apreende carros de luxo em Ribeir\u00e3o Preto","author":"noticiasribeiraopreto.com.br","date":"12 de December de 2023","format":false,"excerpt":"A PF (Pol\u00edcia Federal) fez a apreens\u00e3o de carros de luxo durante a deflagra\u00e7\u00e3o da Opera\u00e7\u00e3o Alteia, na manh\u00e3 desta ter\u00e7a-feira (12), em Ribeir\u00e3o Preto. A a\u00e7\u00e3o foi deflagrada junto com o Gaeco (Grupo de Atua\u00e7\u00e3o Especial de Combate ao Crime Organizado) e com a Pol\u00edcia Civil e visa combater\u2026","rel":"","context":"In &quot;Not\u00edcias de Ribeir\u00e3o Preto-SP e Regi\u00e3o&quot;","block_context":{"text":"Not\u00edcias de Ribeir\u00e3o Preto-SP e Regi\u00e3o","link":"https:\/\/noticiasribeiraopreto.com.br\/index.php\/category\/noticias-de-ribeirao-preto-sp-e-regiao-ismael-colosi\/"},"img":{"alt_text":"","src":"https:\/\/i0.wp.com\/noticiasribeiraopreto.com.br\/wp-content\/uploads\/2023\/12\/bmw-de-luxo.jpg?fit=1193%2C573&ssl=1&resize=350%2C200","width":350,"height":200,"srcset":"https:\/\/i0.wp.com\/noticiasribeiraopreto.com.br\/wp-content\/uploads\/2023\/12\/bmw-de-luxo.jpg?fit=1193%2C573&ssl=1&resize=350%2C200 1x, https:\/\/i0.wp.com\/noticiasribeiraopreto.com.br\/wp-content\/uploads\/2023\/12\/bmw-de-luxo.jpg?fit=1193%2C573&ssl=1&resize=525%2C300 1.5x, https:\/\/i0.wp.com\/noticiasribeiraopreto.com.br\/wp-content\/uploads\/2023\/12\/bmw-de-luxo.jpg?fit=1193%2C573&ssl=1&resize=700%2C400 2x, https:\/\/i0.wp.com\/noticiasribeiraopreto.com.br\/wp-content\/uploads\/2023\/12\/bmw-de-luxo.jpg?fit=1193%2C573&ssl=1&resize=1050%2C600 3x"},"classes":[]},{"id":65977,"url":"https:\/\/noticiasribeiraopreto.com.br\/index.php\/2025\/03\/26\/megaoperacao-policial-busca-desmantelar-quadrilha-de-trafico-de-drogas-e-lavagem-de-dinheiro-em-sp-pr-e-mg\/","url_meta":{"origin":79326,"position":1},"title":"Megaopera\u00e7\u00e3o policial busca desmantelar quadrilha de tr\u00e1fico de drogas e lavagem de dinheiro em SP, PR e MG","author":"noticiasribeiraopreto.com.br","date":"26 de March de 2025","format":false,"excerpt":"Na manh\u00e3 desta quarta-feira (26), uma opera\u00e7\u00e3o conjunta das pol\u00edcias civis de S\u00e3o Paulo, Paran\u00e1 e Minas Gerais foi deflagrada com o objetivo de desmantelar uma organiza\u00e7\u00e3o criminosa envolvida em tr\u00e1fico de drogas e lavagem de dinheiro. A megaopera\u00e7\u00e3o visa cumprir 39 mandados de pris\u00e3o e 53 de busca e\u2026","rel":"","context":"In &quot;Not\u00edcias de Ribeir\u00e3o Preto-SP e Regi\u00e3o&quot;","block_context":{"text":"Not\u00edcias de Ribeir\u00e3o Preto-SP e Regi\u00e3o","link":"https:\/\/noticiasribeiraopreto.com.br\/index.php\/category\/noticias-de-ribeirao-preto-sp-e-regiao-ismael-colosi\/"},"img":{"alt_text":"","src":"https:\/\/i0.wp.com\/noticiasribeiraopreto.com.br\/wp-content\/uploads\/2025\/03\/14_07_2020_policia_civil_sao_paulo.webp.webp?fit=1170%2C700&ssl=1&resize=350%2C200","width":350,"height":200,"srcset":"https:\/\/i0.wp.com\/noticiasribeiraopreto.com.br\/wp-content\/uploads\/2025\/03\/14_07_2020_policia_civil_sao_paulo.webp.webp?fit=1170%2C700&ssl=1&resize=350%2C200 1x, https:\/\/i0.wp.com\/noticiasribeiraopreto.com.br\/wp-content\/uploads\/2025\/03\/14_07_2020_policia_civil_sao_paulo.webp.webp?fit=1170%2C700&ssl=1&resize=525%2C300 1.5x, https:\/\/i0.wp.com\/noticiasribeiraopreto.com.br\/wp-content\/uploads\/2025\/03\/14_07_2020_policia_civil_sao_paulo.webp.webp?fit=1170%2C700&ssl=1&resize=700%2C400 2x, https:\/\/i0.wp.com\/noticiasribeiraopreto.com.br\/wp-content\/uploads\/2025\/03\/14_07_2020_policia_civil_sao_paulo.webp.webp?fit=1170%2C700&ssl=1&resize=1050%2C600 3x"},"classes":[]},{"id":14762,"url":"https:\/\/noticiasribeiraopreto.com.br\/index.php\/2023\/12\/12\/pf-e-gaeco-miram-quadrilha-que-movimentou-r-700-milhoes-com-drogas-e-lavagem-de-dinheiro-alvo-em-mt\/","url_meta":{"origin":79326,"position":2},"title":"PF e Gaeco miram quadrilha que movimentou R$ 700 milh\u00f5es com drogas e lavagem de dinheiro; alvo em MT","author":"noticiasribeiraopreto.com.br","date":"12 de December de 2023","format":false,"excerpt":"O Grupo de Atua\u00e7\u00e3o Especial de Combate ao Crime Organizado (GAECO) e a Pol\u00edcia Federal deflagraram nesta ter\u00e7a-feira (12), a Opera\u00e7\u00e3o Alcateia para desarticular organiza\u00e7\u00e3o criminosa dedicada ao tr\u00e1fico de drogas e lavagem de dinheiro estabelecida na cidade de Ribeir\u00e3o Preto (SP). Por determina\u00e7\u00e3o da Justi\u00e7a, foram cumpridos 26 mandados\u2026","rel":"","context":"In &quot;Not\u00edcias de Ribeir\u00e3o Preto-SP e Regi\u00e3o&quot;","block_context":{"text":"Not\u00edcias de Ribeir\u00e3o Preto-SP e Regi\u00e3o","link":"https:\/\/noticiasribeiraopreto.com.br\/index.php\/category\/noticias-de-ribeirao-preto-sp-e-regiao-ismael-colosi\/"},"img":{"alt_text":"","src":"https:\/\/i0.wp.com\/noticiasribeiraopreto.com.br\/wp-content\/uploads\/2023\/12\/a-a-16.webp.webp?fit=984%2C740&ssl=1&resize=350%2C200","width":350,"height":200,"srcset":"https:\/\/i0.wp.com\/noticiasribeiraopreto.com.br\/wp-content\/uploads\/2023\/12\/a-a-16.webp.webp?fit=984%2C740&ssl=1&resize=350%2C200 1x, https:\/\/i0.wp.com\/noticiasribeiraopreto.com.br\/wp-content\/uploads\/2023\/12\/a-a-16.webp.webp?fit=984%2C740&ssl=1&resize=525%2C300 1.5x, https:\/\/i0.wp.com\/noticiasribeiraopreto.com.br\/wp-content\/uploads\/2023\/12\/a-a-16.webp.webp?fit=984%2C740&ssl=1&resize=700%2C400 2x"},"classes":[]},{"id":14664,"url":"https:\/\/noticiasribeiraopreto.com.br\/index.php\/2023\/12\/12\/pf-e-gaeco-prendem-integrantes-de-quadrilha-que-movimentou-r-700-milhoes\/","url_meta":{"origin":79326,"position":3},"title":"PF e GAECO prendem integrantes de quadrilha que movimentou R$ 700 milh\u00f5es","author":"noticiasribeiraopreto.com.br","date":"12 de December de 2023","format":false,"excerpt":"Grupo que agia em pelo menos seis estados a partir de Ribeir\u00e3o Preto, criou sofisticado esquema criminoso para tr\u00e1fico de drogas e lavagem de dinheiro 12 de dezembro de 2023 | 10:24 2Por: Adalberto LuqueA Pol\u00edcia Federal (PF) e o Grupo de Atua\u00e7\u00e3o Especial de Combate ao Crime Organizado (GAECO),\u2026","rel":"","context":"In &quot;Not\u00edcias de Ribeir\u00e3o Preto-SP e Regi\u00e3o&quot;","block_context":{"text":"Not\u00edcias de Ribeir\u00e3o Preto-SP e Regi\u00e3o","link":"https:\/\/noticiasribeiraopreto.com.br\/index.php\/category\/noticias-de-ribeirao-preto-sp-e-regiao-ismael-colosi\/"},"img":{"alt_text":"","src":"https:\/\/i0.wp.com\/noticiasribeiraopreto.com.br\/wp-content\/uploads\/2023\/12\/00-12-dez-2023-operacao-alcateia-01-foto-pf-scaled.jpg?fit=860%2C645&ssl=1&resize=350%2C200","width":350,"height":200,"srcset":"https:\/\/i0.wp.com\/noticiasribeiraopreto.com.br\/wp-content\/uploads\/2023\/12\/00-12-dez-2023-operacao-alcateia-01-foto-pf-scaled.jpg?fit=860%2C645&ssl=1&resize=350%2C200 1x, https:\/\/i0.wp.com\/noticiasribeiraopreto.com.br\/wp-content\/uploads\/2023\/12\/00-12-dez-2023-operacao-alcateia-01-foto-pf-scaled.jpg?fit=860%2C645&ssl=1&resize=525%2C300 1.5x, https:\/\/i0.wp.com\/noticiasribeiraopreto.com.br\/wp-content\/uploads\/2023\/12\/00-12-dez-2023-operacao-alcateia-01-foto-pf-scaled.jpg?fit=860%2C645&ssl=1&resize=700%2C400 2x"},"classes":[]},{"id":61564,"url":"https:\/\/noticiasribeiraopreto.com.br\/index.php\/2024\/12\/16\/megaoperacao-contra-roubo-a-carros-fortes-em-sp-prisoes-suspeito-morto-e-apreensao-milionaria\/","url_meta":{"origin":79326,"position":4},"title":"Megaopera\u00e7\u00e3o contra roubo a carros-fortes em SP: pris\u00f5es, suspeito morto e apreens\u00e3o milion\u00e1ria","author":"noticiasribeiraopreto.com.br","date":"16 de December de 2024","format":false,"excerpt":"Uma opera\u00e7\u00e3o de grande escala foi realizada nesta segunda-feira (16) para desarticular uma quadrilha suspeita de cometer roubos a carros-fortes em v\u00e1rias regi\u00f5es do estado de S\u00e3o Paulo. Coordenada pela Pol\u00edcia Civil, a a\u00e7\u00e3o contou com o apoio de diversas for\u00e7as policiais e resultou em um balan\u00e7o significativo: 10 pessoas\u2026","rel":"","context":"In &quot;Not\u00edcias de Ribeir\u00e3o Preto-SP e Regi\u00e3o&quot;","block_context":{"text":"Not\u00edcias de Ribeir\u00e3o Preto-SP e Regi\u00e3o","link":"https:\/\/noticiasribeiraopreto.com.br\/index.php\/category\/noticias-de-ribeirao-preto-sp-e-regiao-ismael-colosi\/"},"img":{"alt_text":"","src":"https:\/\/i0.wp.com\/noticiasribeiraopreto.com.br\/wp-content\/uploads\/2024\/12\/Captura-de-tela-2024-12-16-150335-e1734372598135.png?fit=1200%2C672&ssl=1&resize=350%2C200","width":350,"height":200,"srcset":"https:\/\/i0.wp.com\/noticiasribeiraopreto.com.br\/wp-content\/uploads\/2024\/12\/Captura-de-tela-2024-12-16-150335-e1734372598135.png?fit=1200%2C672&ssl=1&resize=350%2C200 1x, https:\/\/i0.wp.com\/noticiasribeiraopreto.com.br\/wp-content\/uploads\/2024\/12\/Captura-de-tela-2024-12-16-150335-e1734372598135.png?fit=1200%2C672&ssl=1&resize=525%2C300 1.5x, https:\/\/i0.wp.com\/noticiasribeiraopreto.com.br\/wp-content\/uploads\/2024\/12\/Captura-de-tela-2024-12-16-150335-e1734372598135.png?fit=1200%2C672&ssl=1&resize=700%2C400 2x, https:\/\/i0.wp.com\/noticiasribeiraopreto.com.br\/wp-content\/uploads\/2024\/12\/Captura-de-tela-2024-12-16-150335-e1734372598135.png?fit=1200%2C672&ssl=1&resize=1050%2C600 3x"},"classes":[]},{"id":77634,"url":"https:\/\/noticiasribeiraopreto.com.br\/index.php\/2025\/09\/23\/pf-e-gaeco-miram-quadrilha-de-ribeirao-preto-em-esquema-de-trafico-e-lavagem-de-dinheiro\/","url_meta":{"origin":79326,"position":5},"title":"PF e Gaeco miram quadrilha de Ribeir\u00e3o Preto em esquema de tr\u00e1fico e lavagem de dinheiro","author":"noticiasribeiraopreto.com.br","date":"23 de September de 2025","format":false,"excerpt":"A PF (Pol\u00edcia Federal) e o Gaeco (Grupo de Atua\u00e7\u00e3o Especial de Combate ao Crime Organizado) deflagraram nesta ter\u00e7a-feira (23), em Ribeir\u00e3o Preto, a 2\u00aa fase da opera\u00e7\u00e3o Arco Sul contra suspeitos de integrarem uma quadrilha de tr\u00e1fico de drogas e lavagem de dinheiro com atua\u00e7\u00e3o em tr\u00eas estados. A\u2026","rel":"","context":"In &quot;Not\u00edcias de Ribeir\u00e3o Preto-SP e Regi\u00e3o&quot;","block_context":{"text":"Not\u00edcias de Ribeir\u00e3o Preto-SP e Regi\u00e3o","link":"https:\/\/noticiasribeiraopreto.com.br\/index.php\/category\/noticias-de-ribeirao-preto-sp-e-regiao-ismael-colosi\/"},"img":{"alt_text":"","src":"https:\/\/i0.wp.com\/noticiasribeiraopreto.com.br\/wp-content\/uploads\/2025\/09\/WhatsApp-Image-2025-09-23-at-08.46.03_2025-09-23_11-53-22.webp.webp?fit=1200%2C675&ssl=1&resize=350%2C200","width":350,"height":200,"srcset":"https:\/\/i0.wp.com\/noticiasribeiraopreto.com.br\/wp-content\/uploads\/2025\/09\/WhatsApp-Image-2025-09-23-at-08.46.03_2025-09-23_11-53-22.webp.webp?fit=1200%2C675&ssl=1&resize=350%2C200 1x, https:\/\/i0.wp.com\/noticiasribeiraopreto.com.br\/wp-content\/uploads\/2025\/09\/WhatsApp-Image-2025-09-23-at-08.46.03_2025-09-23_11-53-22.webp.webp?fit=1200%2C675&ssl=1&resize=525%2C300 1.5x, https:\/\/i0.wp.com\/noticiasribeiraopreto.com.br\/wp-content\/uploads\/2025\/09\/WhatsApp-Image-2025-09-23-at-08.46.03_2025-09-23_11-53-22.webp.webp?fit=1200%2C675&ssl=1&resize=700%2C400 2x, https:\/\/i0.wp.com\/noticiasribeiraopreto.com.br\/wp-content\/uploads\/2025\/09\/WhatsApp-Image-2025-09-23-at-08.46.03_2025-09-23_11-53-22.webp.webp?fit=1200%2C675&ssl=1&resize=1050%2C600 3x"},"classes":[]}],"jetpack_sharing_enabled":true,"jetpack_shortlink":"https:\/\/wp.me\/peQAOb-kDs","_links":{"self":[{"href":"https:\/\/noticiasribeiraopreto.com.br\/index.php\/wp-json\/wp\/v2\/posts\/79326","targetHints":{"allow":["GET"]}}],"collection":[{"href":"https:\/\/noticiasribeiraopreto.com.br\/index.php\/wp-json\/wp\/v2\/posts"}],"about":[{"href":"https:\/\/noticiasribeiraopreto.com.br\/index.php\/wp-json\/wp\/v2\/types\/post"}],"author":[{"embeddable":true,"href":"https:\/\/noticiasribeiraopreto.com.br\/index.php\/wp-json\/wp\/v2\/users\/1"}],"replies":[{"embeddable":true,"href":"https:\/\/noticiasribeiraopreto.com.br\/index.php\/wp-json\/wp\/v2\/comments?post=79326"}],"version-history":[{"count":0,"href":"https:\/\/noticiasribeiraopreto.com.br\/index.php\/wp-json\/wp\/v2\/posts\/79326\/revisions"}],"wp:featuredmedia":[{"embeddable":true,"href":"https:\/\/noticiasribeiraopreto.com.br\/index.php\/wp-json\/wp\/v2\/media\/79327"}],"wp:attachment":[{"href":"https:\/\/noticiasribeiraopreto.com.br\/index.php\/wp-json\/wp\/v2\/media?parent=79326"}],"wp:term":[{"taxonomy":"category","embeddable":true,"href":"https:\/\/noticiasribeiraopreto.com.br\/index.php\/wp-json\/wp\/v2\/categories?post=79326"},{"taxonomy":"post_tag","embeddable":true,"href":"https:\/\/noticiasribeiraopreto.com.br\/index.php\/wp-json\/wp\/v2\/tags?post=79326"}],"curies":[{"name":"wp","href":"https:\/\/api.w.org\/{rel}","templated":true}]}}