{"id":79328,"date":"2025-10-29T16:44:52","date_gmt":"2025-10-29T19:44:52","guid":{"rendered":"https:\/\/noticiasribeiraopreto.com.br\/index.php\/2025\/10\/29\/prefeitura-de-ribeirao-diz-que-esquerdogata-tem-83-faltas-e-apresentou-mais-de-100-atestados\/"},"modified":"2025-10-29T16:44:52","modified_gmt":"2025-10-29T19:44:52","slug":"prefeitura-de-ribeirao-diz-que-esquerdogata-tem-83-faltas-e-apresentou-mais-de-100-atestados","status":"publish","type":"post","link":"https:\/\/noticiasribeiraopreto.com.br\/index.php\/2025\/10\/29\/prefeitura-de-ribeirao-diz-que-esquerdogata-tem-83-faltas-e-apresentou-mais-de-100-atestados\/","title":{"rendered":"Prefeitura de Ribeir\u00e3o diz que Esquerdogata tem 83 faltas e apresentou mais de 100 atestados"},"content":{"rendered":"<div class='code-block code-block-1' style='margin: 8px 0 8px auto; text-align: right; display: block; clear: both;'>\n<p><a href=\"https:\/\/wa.link\/vpicfd\"><img data-recalc-dims=\"1\" class=\"wp-image-4922\" style=\"aspect-ratio: 2.0253164556962027; width: 561px; height: auto;\" src=\"https:\/\/i0.wp.com\/ismaelcolosi.com.br\/wp-content\/uploads\/2023\/11\/grupo-de-empregos-whatsapp-e-facebook-ismael-colosi-vagas.jpg?ssl=1\" alt=\"\" \/><\/a><\/p>\n<!-- \/wp:image -->\n<\/div>\n<p> <br \/>\n<\/p>\n<div>\n<p>O prefeito de<strong> Ribeir\u00e3o Preto<\/strong>, <strong>Ricardo Silva (PSD)<\/strong>, disse que a influenciadora e professora Aline Bardy Dutra, a Esquerdogata, tem 83 faltas injustificadas, al\u00e9m de apresentado mais de 100 atestados m\u00e9dicos. Aline \u00e9 professora concursada da rede municipal de Ribeir\u00e3o Preto, mas em julho do ano passado pediu o afastamento, n\u00e3o remunerado, por tr\u00eas anos.<\/p>\n<p>A influenciadora Esquerdogata, que tem 796 mil seguidores nas redes sociais, foi presa no \u00faltimo s\u00e1bado (25) por desacatar policiais militares. Um processo administrativo foi aberto pela prefeitura para apurar a conduta de Aline, al\u00e9m de investigar os atestados apresentados por ela.<\/p>\n<p>Segundo Ricardo Silva, Aline Bardy Dutra \u00e9 servidora p\u00fablica municipal desde 2007 \u2013 primeiro foi contratada por um processo seletivo emergencial e, em 2012, foi aprovada em concurso p\u00fablico.<\/p>\n<figure class=\"wp-block-image size-large\"><img data-recalc-dims=\"1\" fetchpriority=\"high\" decoding=\"async\" width=\"1024\" height=\"719\" src=\"https:\/\/i0.wp.com\/cdn.media-acidadeon.com.br\/ribeiraopreto\/wp-content\/uploads\/sites\/3\/2025\/10\/coletiva-prefeitura_2025-10-29_17-26-23-1024x719.webp?resize=1024%2C719&#038;ssl=1\" alt=\"coletiva prefeitura 2025 10 29 17 26 23\" class=\"wp-image-133970\" title=\"Prefeitura de Ribeir\u00e3o diz que Esquerdogata tem 83 faltas e apresentou mais de 100 atestados 1\" srcset=\"https:\/\/cdn.media-acidadeon.com.br\/ribeiraopreto\/wp-content\/uploads\/sites\/3\/2025\/10\/coletiva-prefeitura_2025-10-29_17-26-23-1024x719.webp 1024w, https:\/\/cdn.media-acidadeon.com.br\/ribeiraopreto\/wp-content\/uploads\/sites\/3\/2025\/10\/coletiva-prefeitura_2025-10-29_17-26-23-300x211.webp 300w, https:\/\/cdn.media-acidadeon.com.br\/ribeiraopreto\/wp-content\/uploads\/sites\/3\/2025\/10\/coletiva-prefeitura_2025-10-29_17-26-23-768x539.webp 768w, https:\/\/cdn.media-acidadeon.com.br\/ribeiraopreto\/wp-content\/uploads\/sites\/3\/2025\/10\/coletiva-prefeitura_2025-10-29_17-26-23-696x488.webp 696w, https:\/\/cdn.media-acidadeon.com.br\/ribeiraopreto\/wp-content\/uploads\/sites\/3\/2025\/10\/coletiva-prefeitura_2025-10-29_17-26-23-1068x749.webp 1068w, https:\/\/cdn.media-acidadeon.com.br\/ribeiraopreto\/wp-content\/uploads\/sites\/3\/2025\/10\/coletiva-prefeitura_2025-10-29_17-26-23.webp 1200w\" sizes=\"(max-width: 1024px) 100vw, 1024px\"\/><figcaption class=\"wp-element-caption\">Processo administrativo foi anunciado pelo prefeito Ricardo Silva (Foto: Leonardo Santos)<\/figcaption><\/figure>\n<p>Os afastamentos de Esquerdogata chegavam a 82 dias. \u201cDiante das faltas injustificadas, certamente, essa senhora teria problemas para ser efetivada no seu est\u00e1gio probat\u00f3rio\u201d, disse o prefeito. \u201cN\u00f3s vamos analisar cada atestado. N\u00f3s vamos analisar cada conduta m\u00e9dica, inclusive\u201d.<\/p>\n<p>\u201cEla n\u00e3o estaria em condi\u00e7\u00f5es de estar viajando para o exterior, fazendo tudo o que estava fazendo\u201d, declarou Ricardo Silva. O processo de exonera\u00e7\u00e3o aberto pela Administra\u00e7\u00e3o Municipal tem o objetivo de exonerar a professora.<\/p>\n<h2 class=\"wp-block-heading\"><strong>Outro lado<\/strong><\/h2>\n<p>Por meio de nota, o advogado Douglas Marques, que representa Aline Bardy Dutra, disse que tomou conhecimento da abertura do processo administrativo da Prefeitura de Ribeir\u00e3o Preto pela imprensa e afirmou que aguarda a intima\u00e7\u00e3o oficial para se manifestar formalmente sobre os fatos.<\/p>\n<p>No comunicado, o advogado ressaltou que Aline est\u00e1 afastada do cargo, sem receber sal\u00e1rios. \u201cAo longo de todo o per\u00edodo em que exerceu suas fun\u00e7\u00f5es no servi\u00e7o p\u00fablico, sempre atuou com lisura, dedica\u00e7\u00e3o e \u00e9tica, n\u00e3o havendo qualquer registro ou conduta que desabone sua trajet\u00f3ria enquanto servidora p\u00fablica\u201d, afirma.<\/p>\n<h2 class=\"wp-block-heading\"><strong>Veja a nota completa:<\/strong><\/h2>\n<p><em>A defesa t\u00e9cnica informa que tomou conhecimento, pela imprensa, da abertura do procedimento administrativo instaurado pela Prefeitura, e que aguarda a devida intima\u00e7\u00e3o oficial para se manifestar formalmente sobre os fatos.<\/em><\/p>\n<p><em>Ressalta, contudo, que sua cliente encontra-se afastada do cargo, sem o recebimento de seus vencimentos, e que, ao longo de todo o per\u00edodo em que exerceu suas fun\u00e7\u00f5es no servi\u00e7o p\u00fablico, sempre atuou com lisura, dedica\u00e7\u00e3o e \u00e9tica, n\u00e3o havendo qualquer registro ou conduta que desabone sua trajet\u00f3ria enquanto servidora p\u00fablica.<\/em><\/p>\n<p><em>Douglas Marques.<\/em><\/p>\n<p>SAIBA MAIS<\/p>\n<p>Interior de SP tem previs\u00e3o de chuva forte nesta quarta-feira<\/p>\n<h3 class=\"wp-block-heading\"><strong>FIQUE ON<\/strong><\/h3>\n<p>Fique ligado em tudo que acontece em Ribeir\u00e3o Preto e regi\u00e3o. Siga os perfis do\u00a0<strong>acidade on<\/strong>\u00a0no<a href=\"https:\/\/www.instagram.com\/acidadeonribeirao\" target=\"_blank\" rel=\"noreferrer noopener\">\u00a0Instagram\u00a0<\/a>e no\u00a0<a href=\"https:\/\/www.facebook.com\/acidadeonribeirao\/\" target=\"_blank\" rel=\"noreferrer noopener\">Facebook<\/a>.<\/p>\n<p>Receba not\u00edcias do<strong>\u00a0acidade on<\/strong>\u00a0no WhatsApp. Para entrar no grupo,\u00a0basta\u00a0<a href=\"https:\/\/chat.whatsapp.com\/I4nieTEMKlf50pJ28aMemC?mode=ac_t\" target=\"_blank\" rel=\"noreferrer noopener\">clicar aqui<\/a>. Ou, acesse o nosso\u00a0Canal\u00a0<a href=\"https:\/\/whatsapp.com\/channel\/0029Vb6IQl1JENyAeS57fk2p\" target=\"_blank\" rel=\"noreferrer noopener\">clicando aqui<\/a>.<\/p>\n<p>Fa\u00e7a uma den\u00fancia ou sugira uma reportagem sobre Ribeir\u00e3o Preto e regi\u00e3o pelo WhatsApp: 16 99117 7802.<\/p>\n<p>VEJA TAMB\u00c9M<\/p>\n<p>Veja 5 motivos para jogar Little Nightmares III no Halloween<\/p>\n<p><!-- AI CONTENT END 1 -->\n<\/div>\n<p><script async src=\"\/\/www.instagram.com\/embed.js\"><\/script><br \/>\n<br \/><br \/>\n<br \/><a href=\"https:\/\/www.acidadeon.com\/ribeiraopreto\/politica\/prefeitura-de-ribeirao-diz-que-esquerdogata-tem-83-faltas-e-apresentou-mais-de-100-atestados\/\">Source link <\/a><\/p>\n<!-- CONTENT END 1 -->\n","protected":false},"excerpt":{"rendered":"<p>O prefeito de Ribeir\u00e3o Preto, Ricardo Silva (PSD), disse que a influenciadora e professora Aline Bardy Dutra, a Esquerdogata, tem 83 faltas injustificadas, al\u00e9m de&#8230;<\/p>\n","protected":false},"author":1,"featured_media":79329,"comment_status":"open","ping_status":"open","sticky":false,"template":"","format":"standard","meta":{"advanced_seo_description":"","jetpack_seo_html_title":"","jetpack_seo_noindex":false,"jetpack_post_was_ever_published":false,"_jetpack_newsletter_access":"","_jetpack_dont_email_post_to_subs":false,"_jetpack_newsletter_tier_id":0,"_jetpack_memberships_contains_paywalled_content":false,"_jetpack_memberships_contains_paid_content":false,"footnotes":"","jetpack_publicize_message":"","jetpack_publicize_feature_enabled":true,"jetpack_social_post_already_shared":true,"jetpack_social_options":{"image_generator_settings":{"template":"highway","default_image_id":0,"font":"","enabled":false},"version":2}},"categories":[11],"tags":[],"class_list":["post-79328","post","type-post","status-publish","format-standard","has-post-thumbnail","hentry","category-noticias-de-ribeirao-preto-sp-e-regiao-ismael-colosi"],"jetpack_publicize_connections":[],"jetpack_featured_media_url":"https:\/\/i0.wp.com\/noticiasribeiraopreto.com.br\/wp-content\/uploads\/2025\/10\/aline-bardy-dutra_2025-10-29_17-27-07.webp.webp?fit=1200%2C675&ssl=1","jetpack-related-posts":[{"id":79414,"url":"https:\/\/noticiasribeiraopreto.com.br\/index.php\/2025\/10\/31\/moradores-do-quintino-facci-exigem-retratacao-de-esquerdogata-apos-ofensas-a-pm-de-ribeirao\/","url_meta":{"origin":79328,"position":0},"title":"Moradores do Quintino Facci exigem retrata\u00e7\u00e3o de Esquerdogata ap\u00f3s ofensas a PM de Ribeir\u00e3o","author":"noticiasribeiraopreto.com.br","date":"31 de October de 2025","format":false,"excerpt":"A Associa\u00e7\u00e3o de Moradores do Bairro Quintino Facci, em Ribeir\u00e3o Preto, emitiu uma nota de rep\u00fadio, exigindo uma retrata\u00e7\u00e3o formal da influenciadora e professora Aline Bardy Dutra, conhecida como Esquerdogata. No \u00faltimo s\u00e1bado (25), ela se envolveu em uma pol\u00eamica ao desacatar policiais militares. A influenciadora chegou a ser presa,\u2026","rel":"","context":"In &quot;Not\u00edcias de Ribeir\u00e3o Preto-SP e Regi\u00e3o&quot;","block_context":{"text":"Not\u00edcias de Ribeir\u00e3o Preto-SP e Regi\u00e3o","link":"https:\/\/noticiasribeiraopreto.com.br\/index.php\/category\/noticias-de-ribeirao-preto-sp-e-regiao-ismael-colosi\/"},"img":{"alt_text":"","src":"https:\/\/i0.wp.com\/noticiasribeiraopreto.com.br\/wp-content\/uploads\/2025\/10\/Copia-de-Copia-de-Copia-de-TAMANHO-EXATO-PARA-FOTOS-NO-SISTEMA-NOVO-2025-10-27T133032.461_2025-10-27_16-30-35.webp.webp?fit=1200%2C675&ssl=1&resize=350%2C200","width":350,"height":200,"srcset":"https:\/\/i0.wp.com\/noticiasribeiraopreto.com.br\/wp-content\/uploads\/2025\/10\/Copia-de-Copia-de-Copia-de-TAMANHO-EXATO-PARA-FOTOS-NO-SISTEMA-NOVO-2025-10-27T133032.461_2025-10-27_16-30-35.webp.webp?fit=1200%2C675&ssl=1&resize=350%2C200 1x, https:\/\/i0.wp.com\/noticiasribeiraopreto.com.br\/wp-content\/uploads\/2025\/10\/Copia-de-Copia-de-Copia-de-TAMANHO-EXATO-PARA-FOTOS-NO-SISTEMA-NOVO-2025-10-27T133032.461_2025-10-27_16-30-35.webp.webp?fit=1200%2C675&ssl=1&resize=525%2C300 1.5x, https:\/\/i0.wp.com\/noticiasribeiraopreto.com.br\/wp-content\/uploads\/2025\/10\/Copia-de-Copia-de-Copia-de-TAMANHO-EXATO-PARA-FOTOS-NO-SISTEMA-NOVO-2025-10-27T133032.461_2025-10-27_16-30-35.webp.webp?fit=1200%2C675&ssl=1&resize=700%2C400 2x, https:\/\/i0.wp.com\/noticiasribeiraopreto.com.br\/wp-content\/uploads\/2025\/10\/Copia-de-Copia-de-Copia-de-TAMANHO-EXATO-PARA-FOTOS-NO-SISTEMA-NOVO-2025-10-27T133032.461_2025-10-27_16-30-35.webp.webp?fit=1200%2C675&ssl=1&resize=1050%2C600 3x"},"classes":[]},{"id":79318,"url":"https:\/\/noticiasribeiraopreto.com.br\/index.php\/2025\/10\/29\/prefeitura-de-ribeirao-preto-abre-processo-que-pode-exonerar-esquerdogata-entenda\/","url_meta":{"origin":79328,"position":1},"title":"Prefeitura de Ribeir\u00e3o Preto abre processo que pode exonerar Esquerdogata; Entenda","author":"noticiasribeiraopreto.com.br","date":"29 de October de 2025","format":false,"excerpt":"A Prefeitura de Ribeir\u00e3o Preto abriu um processo administrativo disciplinar para apurar 83 faltas injustificadas da\u00a0influenciadora\u00a0e\u00a0professora Aline Bardy Dutra, conhecida nas redes sociais como\u00a0Esquerdogata. Ela est\u00e1 afastada do cargo de docente da rede p\u00fablica municipal, sem receber vencimentos, desde 22 de julho de 2024 at\u00e9 21 de julho de 2027.\u2026","rel":"","context":"In &quot;Not\u00edcias de Ribeir\u00e3o Preto-SP e Regi\u00e3o&quot;","block_context":{"text":"Not\u00edcias de Ribeir\u00e3o Preto-SP e Regi\u00e3o","link":"https:\/\/noticiasribeiraopreto.com.br\/index.php\/category\/noticias-de-ribeirao-preto-sp-e-regiao-ismael-colosi\/"},"img":{"alt_text":"","src":"https:\/\/i0.wp.com\/noticiasribeiraopreto.com.br\/wp-content\/uploads\/2025\/10\/WhatsApp-Image-2025-10-29-at-10.45.43_2025-10-29_13-46-18.webp.webp?fit=573%2C354&ssl=1&resize=350%2C200","width":350,"height":200,"srcset":"https:\/\/i0.wp.com\/noticiasribeiraopreto.com.br\/wp-content\/uploads\/2025\/10\/WhatsApp-Image-2025-10-29-at-10.45.43_2025-10-29_13-46-18.webp.webp?fit=573%2C354&ssl=1&resize=350%2C200 1x, https:\/\/i0.wp.com\/noticiasribeiraopreto.com.br\/wp-content\/uploads\/2025\/10\/WhatsApp-Image-2025-10-29-at-10.45.43_2025-10-29_13-46-18.webp.webp?fit=573%2C354&ssl=1&resize=525%2C300 1.5x"},"classes":[]},{"id":80971,"url":"https:\/\/noticiasribeiraopreto.com.br\/index.php\/2025\/12\/19\/esquerdogata-passara-por-exame-de-sanidade-mental-apos-decisao-da-justica\/","url_meta":{"origin":79328,"position":2},"title":"Esquerdogata passar\u00e1 por exame de sanidade mental ap\u00f3s decis\u00e3o da Justi\u00e7a","author":"noticiasribeiraopreto.com.br","date":"19 de December de 2025","format":false,"excerpt":"A Justi\u00e7a autorizou a realiza\u00e7\u00e3o de um exame de sanidade mental na influenciadora Aline Bardy Dutra, conhecida como Esquerdogata, acusada de racismo contra dois policiais militares de Ribeir\u00e3o Preto. A decis\u00e3o atende a um pedido feito pela defesa e j\u00e1 foi deferida pelo Judici\u00e1rio. De acordo com o documento ao\u2026","rel":"","context":"In &quot;Not\u00edcias de Ribeir\u00e3o Preto-SP e Regi\u00e3o&quot;","block_context":{"text":"Not\u00edcias de Ribeir\u00e3o Preto-SP e Regi\u00e3o","link":"https:\/\/noticiasribeiraopreto.com.br\/index.php\/category\/noticias-de-ribeirao-preto-sp-e-regiao-ismael-colosi\/"},"img":{"alt_text":"","src":"https:\/\/i0.wp.com\/noticiasribeiraopreto.com.br\/wp-content\/uploads\/2025\/10\/voguing_2025-10-28_15-10-23.webp.webp?fit=1200%2C675&ssl=1&resize=350%2C200","width":350,"height":200,"srcset":"https:\/\/i0.wp.com\/noticiasribeiraopreto.com.br\/wp-content\/uploads\/2025\/10\/voguing_2025-10-28_15-10-23.webp.webp?fit=1200%2C675&ssl=1&resize=350%2C200 1x, https:\/\/i0.wp.com\/noticiasribeiraopreto.com.br\/wp-content\/uploads\/2025\/10\/voguing_2025-10-28_15-10-23.webp.webp?fit=1200%2C675&ssl=1&resize=525%2C300 1.5x, https:\/\/i0.wp.com\/noticiasribeiraopreto.com.br\/wp-content\/uploads\/2025\/10\/voguing_2025-10-28_15-10-23.webp.webp?fit=1200%2C675&ssl=1&resize=700%2C400 2x, https:\/\/i0.wp.com\/noticiasribeiraopreto.com.br\/wp-content\/uploads\/2025\/10\/voguing_2025-10-28_15-10-23.webp.webp?fit=1200%2C675&ssl=1&resize=1050%2C600 3x"},"classes":[]},{"id":79215,"url":"https:\/\/noticiasribeiraopreto.com.br\/index.php\/2025\/10\/27\/quem-e-esquerdogata-influenciadora-presa-apos-ofender-pm-em-ribeirao-preto\/","url_meta":{"origin":79328,"position":3},"title":"Quem \u00e9 Esquerdogata, influenciadora presa ap\u00f3s ofender PM em Ribeir\u00e3o Preto","author":"noticiasribeiraopreto.com.br","date":"27 de October de 2025","format":false,"excerpt":"Presa na madrugada do \u00faltimo s\u00e1bado (25) por desacato contra policiais militares no Centro de Ribeir\u00e3o Preto, Aline Bardy Dutra, conhecida como Esquerdogata, \u00e9 comunicadora, professora e militante pol\u00edtica. Com mais de 800 mil seguidores nas redes sociais, Aline, que tem 45 anos, produz e compartilha v\u00eddeos e textos principalmente\u2026","rel":"","context":"In &quot;Not\u00edcias de Ribeir\u00e3o Preto-SP e Regi\u00e3o&quot;","block_context":{"text":"Not\u00edcias de Ribeir\u00e3o Preto-SP e Regi\u00e3o","link":"https:\/\/noticiasribeiraopreto.com.br\/index.php\/category\/noticias-de-ribeirao-preto-sp-e-regiao-ismael-colosi\/"},"img":{"alt_text":"","src":"https:\/\/i0.wp.com\/noticiasribeiraopreto.com.br\/wp-content\/uploads\/2025\/10\/Copia-de-Copia-de-Copia-de-TAMANHO-EXATO-PARA-FOTOS-NO-SISTEMA-NOVO-2025-10-27T133032.461_2025-10-27_16-30-35.webp.webp?fit=1200%2C675&ssl=1&resize=350%2C200","width":350,"height":200,"srcset":"https:\/\/i0.wp.com\/noticiasribeiraopreto.com.br\/wp-content\/uploads\/2025\/10\/Copia-de-Copia-de-Copia-de-TAMANHO-EXATO-PARA-FOTOS-NO-SISTEMA-NOVO-2025-10-27T133032.461_2025-10-27_16-30-35.webp.webp?fit=1200%2C675&ssl=1&resize=350%2C200 1x, https:\/\/i0.wp.com\/noticiasribeiraopreto.com.br\/wp-content\/uploads\/2025\/10\/Copia-de-Copia-de-Copia-de-TAMANHO-EXATO-PARA-FOTOS-NO-SISTEMA-NOVO-2025-10-27T133032.461_2025-10-27_16-30-35.webp.webp?fit=1200%2C675&ssl=1&resize=525%2C300 1.5x, https:\/\/i0.wp.com\/noticiasribeiraopreto.com.br\/wp-content\/uploads\/2025\/10\/Copia-de-Copia-de-Copia-de-TAMANHO-EXATO-PARA-FOTOS-NO-SISTEMA-NOVO-2025-10-27T133032.461_2025-10-27_16-30-35.webp.webp?fit=1200%2C675&ssl=1&resize=700%2C400 2x, https:\/\/i0.wp.com\/noticiasribeiraopreto.com.br\/wp-content\/uploads\/2025\/10\/Copia-de-Copia-de-Copia-de-TAMANHO-EXATO-PARA-FOTOS-NO-SISTEMA-NOVO-2025-10-27T133032.461_2025-10-27_16-30-35.webp.webp?fit=1200%2C675&ssl=1&resize=1050%2C600 3x"},"classes":[]},{"id":79253,"url":"https:\/\/noticiasribeiraopreto.com.br\/index.php\/2025\/10\/28\/esquerdogata-ja-foi-condenada-por-desacatar-policiais-militares-em-ribeirao-entenda\/","url_meta":{"origin":79328,"position":4},"title":"Esquerdogata j\u00e1 foi condenada por desacatar policiais militares em Ribeir\u00e3o; Entenda","author":"noticiasribeiraopreto.com.br","date":"28 de October de 2025","format":false,"excerpt":"Presa no \u00faltimo s\u00e1bado (25) por desacatar policiais militares no Centro de Ribeir\u00e3o Preto, a influenciadora e professora Aline Bardy Dutra, conhecida nas redes sociais como Esquerdogata, esteve envolvida em um caso semelhante em outubro de 2022. Em fevereiro deste ano, Aline foi condenada em primeira inst\u00e2ncia pela Justi\u00e7a de\u2026","rel":"","context":"In &quot;Not\u00edcias de Ribeir\u00e3o Preto-SP e Regi\u00e3o&quot;","block_context":{"text":"Not\u00edcias de Ribeir\u00e3o Preto-SP e Regi\u00e3o","link":"https:\/\/noticiasribeiraopreto.com.br\/index.php\/category\/noticias-de-ribeirao-preto-sp-e-regiao-ismael-colosi\/"},"img":{"alt_text":"","src":"https:\/\/i0.wp.com\/noticiasribeiraopreto.com.br\/wp-content\/uploads\/2025\/10\/voguing_2025-10-28_15-10-23.webp.webp?fit=1200%2C675&ssl=1&resize=350%2C200","width":350,"height":200,"srcset":"https:\/\/i0.wp.com\/noticiasribeiraopreto.com.br\/wp-content\/uploads\/2025\/10\/voguing_2025-10-28_15-10-23.webp.webp?fit=1200%2C675&ssl=1&resize=350%2C200 1x, https:\/\/i0.wp.com\/noticiasribeiraopreto.com.br\/wp-content\/uploads\/2025\/10\/voguing_2025-10-28_15-10-23.webp.webp?fit=1200%2C675&ssl=1&resize=525%2C300 1.5x, https:\/\/i0.wp.com\/noticiasribeiraopreto.com.br\/wp-content\/uploads\/2025\/10\/voguing_2025-10-28_15-10-23.webp.webp?fit=1200%2C675&ssl=1&resize=700%2C400 2x, https:\/\/i0.wp.com\/noticiasribeiraopreto.com.br\/wp-content\/uploads\/2025\/10\/voguing_2025-10-28_15-10-23.webp.webp?fit=1200%2C675&ssl=1&resize=1050%2C600 3x"},"classes":[]},{"id":82816,"url":"https:\/\/noticiasribeiraopreto.com.br\/index.php\/2026\/02\/27\/mpsp-denuncia-esquerdogata-a-justica\/","url_meta":{"origin":79328,"position":5},"title":"MPSP denuncia \u201cEsquerdogata\u201d \u00e0 Justi\u00e7a","author":"noticiasribeiraopreto.com.br","date":"27 de February de 2026","format":false,"excerpt":"\r \r \r 27 de fevereiro de 2026 12:5427 de fevereiro de 2026 13:06 \r Compartilhar2 Por: Adalberto Luque \u2013 O Minist\u00e9rio P\u00fablico de S\u00e3o Paulo (MPSP) apresentou formalmente den\u00fancia contra a influenciadora digital e professora Aline Bardy Dutra, popularmente conhecida por \u201cEsquerdogata\u201d, para o Tribunal de Justi\u00e7a de S\u00e3o\u2026","rel":"","context":"In &quot;Not\u00edcias de Ribeir\u00e3o Preto-SP e Regi\u00e3o&quot;","block_context":{"text":"Not\u00edcias de Ribeir\u00e3o Preto-SP e Regi\u00e3o","link":"https:\/\/noticiasribeiraopreto.com.br\/index.php\/category\/noticias-de-ribeirao-preto-sp-e-regiao-ismael-colosi\/"},"img":{"alt_text":"","src":"https:\/\/i0.wp.com\/noticiasribeiraopreto.com.br\/wp-content\/uploads\/2026\/02\/27-fev-2026-esquerdogata.jpg?fit=501%2C505&ssl=1&resize=350%2C200","width":350,"height":200},"classes":[]}],"jetpack_sharing_enabled":true,"jetpack_shortlink":"https:\/\/wp.me\/peQAOb-kDu","_links":{"self":[{"href":"https:\/\/noticiasribeiraopreto.com.br\/index.php\/wp-json\/wp\/v2\/posts\/79328","targetHints":{"allow":["GET"]}}],"collection":[{"href":"https:\/\/noticiasribeiraopreto.com.br\/index.php\/wp-json\/wp\/v2\/posts"}],"about":[{"href":"https:\/\/noticiasribeiraopreto.com.br\/index.php\/wp-json\/wp\/v2\/types\/post"}],"author":[{"embeddable":true,"href":"https:\/\/noticiasribeiraopreto.com.br\/index.php\/wp-json\/wp\/v2\/users\/1"}],"replies":[{"embeddable":true,"href":"https:\/\/noticiasribeiraopreto.com.br\/index.php\/wp-json\/wp\/v2\/comments?post=79328"}],"version-history":[{"count":0,"href":"https:\/\/noticiasribeiraopreto.com.br\/index.php\/wp-json\/wp\/v2\/posts\/79328\/revisions"}],"wp:featuredmedia":[{"embeddable":true,"href":"https:\/\/noticiasribeiraopreto.com.br\/index.php\/wp-json\/wp\/v2\/media\/79329"}],"wp:attachment":[{"href":"https:\/\/noticiasribeiraopreto.com.br\/index.php\/wp-json\/wp\/v2\/media?parent=79328"}],"wp:term":[{"taxonomy":"category","embeddable":true,"href":"https:\/\/noticiasribeiraopreto.com.br\/index.php\/wp-json\/wp\/v2\/categories?post=79328"},{"taxonomy":"post_tag","embeddable":true,"href":"https:\/\/noticiasribeiraopreto.com.br\/index.php\/wp-json\/wp\/v2\/tags?post=79328"}],"curies":[{"name":"wp","href":"https:\/\/api.w.org\/{rel}","templated":true}]}}