{"id":79332,"date":"2025-10-29T17:03:34","date_gmt":"2025-10-29T20:03:34","guid":{"rendered":"https:\/\/noticiasribeiraopreto.com.br\/index.php\/2025\/10\/29\/sequestro-em-ribeirao-empresario-diz-que-foi-vitima-de-briga-por-heranca-com-a-mae\/"},"modified":"2025-10-29T17:03:34","modified_gmt":"2025-10-29T20:03:34","slug":"sequestro-em-ribeirao-empresario-diz-que-foi-vitima-de-briga-por-heranca-com-a-mae","status":"publish","type":"post","link":"https:\/\/noticiasribeiraopreto.com.br\/index.php\/2025\/10\/29\/sequestro-em-ribeirao-empresario-diz-que-foi-vitima-de-briga-por-heranca-com-a-mae\/","title":{"rendered":"Sequestro em Ribeir\u00e3o? Empres\u00e1rio diz que foi v\u00edtima de briga por heran\u00e7a com a m\u00e3e"},"content":{"rendered":"<div class='code-block code-block-1' style='margin: 8px 0 8px auto; text-align: right; display: block; clear: both;'>\n<p><a href=\"https:\/\/wa.link\/vpicfd\"><img data-recalc-dims=\"1\" class=\"wp-image-4922\" style=\"aspect-ratio: 2.0253164556962027; width: 561px; height: auto;\" src=\"https:\/\/i0.wp.com\/ismaelcolosi.com.br\/wp-content\/uploads\/2023\/11\/grupo-de-empregos-whatsapp-e-facebook-ismael-colosi-vagas.jpg?ssl=1\" alt=\"\" \/><\/a><\/p>\n<!-- \/wp:image -->\n<\/div>\n<p> <br \/>\n<\/p>\n<div>\n<p>O empres\u00e1rio <strong>Guilherme de Freitas<\/strong>, de 29 anos, acusou a pr\u00f3pria m\u00e3e de t\u00ea-lo sequestrado por conta de uma briga pela partilha de uma heran\u00e7a milion\u00e1ria. O suposto sequestro, segundo o empres\u00e1rio, aconteceu na<strong> avenida Wladimir Meirelles<\/strong>, na zona Sul de <strong>Ribeir\u00e3o Preto<\/strong>, no dia 22 de junho de 2024.<\/p>\n<p>Guilherme de Freitas \u00e9 de S\u00e3o Paulo, mas na ocasi\u00e3o morava em Ribeir\u00e3o Preto com a namorada e vivia uma discuss\u00e3o com a m\u00e3e para divis\u00e3o de bens ap\u00f3s a morte do pai.<\/p>\n<h2 class=\"wp-block-heading\"><strong>O caso<\/strong><\/h2>\n<p>No dia do suposto sequestro, Guilherme havia encontrado a m\u00e3e em um restaurante para organizar a documenta\u00e7\u00e3o da quita\u00e7\u00e3o de um carro. Ap\u00f3s o encontro, ocorreu a abordagem e Guilherme foi colocado \u00e0 for\u00e7a dentro de um carro e levado para uma cl\u00ednica de reabilita\u00e7\u00e3o em Pirassununga. A m\u00e3e alegava que o filho enfrentava problemas com drogas.<\/p>\n<p>A namorada desconfiou da situa\u00e7\u00e3o e foi atr\u00e1s da cl\u00ednica, onde conseguiu contato com Guilherme. O empres\u00e1rio passou seis dias internados, no qual tamb\u00e9m passou por uma segunda cl\u00ednica. A namorada entrou na Justi\u00e7a e conseguiu um Habeas Corpus para que ele n\u00e3o ficasse internado \u00e0 for\u00e7a.<\/p>\n<figure class=\"wp-block-image size-large\"><img data-recalc-dims=\"1\" fetchpriority=\"high\" decoding=\"async\" width=\"1024\" height=\"680\" src=\"https:\/\/i0.wp.com\/cdn.media-acidadeon.com.br\/ribeiraopreto\/wp-content\/uploads\/sites\/3\/2025\/10\/empresario-vitima_2025-10-29_16-19-33-1024x680.webp?resize=1024%2C680&#038;ssl=1\" alt=\"empresario vitima 2025 10 29 16 19 33\" class=\"wp-image-133952\" title=\"Sequestro em Ribeir\u00e3o? Empres\u00e1rio diz que foi v\u00edtima de briga por heran\u00e7a com a m\u00e3e 1\" srcset=\"https:\/\/cdn.media-acidadeon.com.br\/ribeiraopreto\/wp-content\/uploads\/sites\/3\/2025\/10\/empresario-vitima_2025-10-29_16-19-33-1024x680.webp 1024w, https:\/\/cdn.media-acidadeon.com.br\/ribeiraopreto\/wp-content\/uploads\/sites\/3\/2025\/10\/empresario-vitima_2025-10-29_16-19-33-300x199.webp 300w, https:\/\/cdn.media-acidadeon.com.br\/ribeiraopreto\/wp-content\/uploads\/sites\/3\/2025\/10\/empresario-vitima_2025-10-29_16-19-33-768x510.webp 768w, https:\/\/cdn.media-acidadeon.com.br\/ribeiraopreto\/wp-content\/uploads\/sites\/3\/2025\/10\/empresario-vitima_2025-10-29_16-19-33-696x462.webp 696w, https:\/\/cdn.media-acidadeon.com.br\/ribeiraopreto\/wp-content\/uploads\/sites\/3\/2025\/10\/empresario-vitima_2025-10-29_16-19-33-1068x709.webp 1068w, https:\/\/cdn.media-acidadeon.com.br\/ribeiraopreto\/wp-content\/uploads\/sites\/3\/2025\/10\/empresario-vitima_2025-10-29_16-19-33.webp 1098w\" sizes=\"(max-width: 1024px) 100vw, 1024px\"\/><figcaption class=\"wp-element-caption\">O empres\u00e1rio Guilherme de Freitas alega que a m\u00e3e vendeu bens sem autoriza\u00e7\u00e3o (Foto: reprodu\u00e7\u00e3o EPTV)<\/figcaption><\/figure>\n<p>Depois que saiu da cl\u00ednica, Guilherme de Freitas registrou um <strong>BO (boletim de ocorr\u00eancia) <\/strong>contra a m\u00e3e por sequestro. O caso chegou a ser arquivado, mas a defesa do empres\u00e1rio conseguiu que o caso fosse reaberto.<\/p>\n<p>\u201cEntrei no carro, uma pessoa, \u00e0 minha esquerda, imobilizou o bra\u00e7o, outro imobilizou outro [bra\u00e7o]. Seguraram forte, apertaram\u201d, disse Guilherme \u00e0 <strong>EPTV<\/strong>. O empres\u00e1rio ainda contou que os homens que o imobilizaram comentaram que \u201cestavam de olho\u201d nele faz tempo.<\/p>\n<p>\u201cSimplesmente falaram que eu estava internado e me puxaram para um cantinho e disseram que n\u00e3o tinha nenhum m\u00e9dico ou enfermeiro respons\u00e1vel naquele momento\u201d, afirma.<\/p>\n<h2 class=\"wp-block-heading\"><strong>Disputa<\/strong><\/h2>\n<p>Guilherme afirma que a m\u00e3e vendeu algumas coisas sem aval. A heran\u00e7a em disputa inclui casas em condom\u00ednios de luxo avaliadas entre R$ 2,5 e R$ 3 milh\u00f5es, al\u00e9m de carros de uma cole\u00e7\u00e3o que era mantida pelo pai do empres\u00e1rio.<\/p>\n<h2 class=\"wp-block-heading\"><strong>Outro lado<\/strong><\/h2>\n<p>A m\u00e3e de Guilherme de Freitas foi procurada pela <strong>EPTV<\/strong> e n\u00e3o quis se pronunciar. Em nota, o advogado dela disse que \u201cest\u00e1 sendo injustamente exposta a fatos que nunca foram praticados e que o filho dela est\u00e1 sendo movido por um sentimento de vingan\u00e7a sem justo motivo\u201d.<\/p>\n<p>Al\u00e9m disso, afirma que o valor da heran\u00e7a n\u00e3o chega a R$ 1 milh\u00e3o, conforme registrado, e que Guilherme \u00e9 usu\u00e1rio de entorpecentes, e que ele sempre quis tirar a m\u00e3e da casa herdada do pai, o que \u00e9 proibido por lei.<\/p>\n<p>Uma das cl\u00ednicas em que Guilherme ficou internado disse que o empres\u00e1rio teria ido ao local voluntariamente e negou qualquer rela\u00e7\u00e3o com supostas irregularidades. A outra n\u00e3o se manifestou.<\/p>\n<p>O advogado do Guilherme, Rafael Ferro, afirma \u00e0 <strong>EPTV<\/strong> que o empres\u00e1rio comprovou que n\u00e3o \u00e9 dependente qu\u00edmico. \u201cO m\u00e9dico disse que o relat\u00f3rio m\u00e9dico \u00e9 ap\u00f3crifo e n\u00e3o correspondia com a realidade de um documento que teria sa\u00eddo de seu consult\u00f3rio\u201d (com informa\u00e7\u00f5es <strong>EPTV<\/strong>).<\/p>\n<p>SAIBA MAIS<\/p>\n<p>Interior de SP tem previs\u00e3o de chuva forte nesta quarta-feira<\/p>\n<h4 class=\"wp-block-heading\"><strong>FIQUE ON<\/strong><\/h4>\n<p>Fique ligado em tudo que acontece em Ribeir\u00e3o Preto e regi\u00e3o. Siga os perfis do\u00a0<strong>acidade on<\/strong>\u00a0no<a href=\"https:\/\/www.instagram.com\/acidadeonribeirao\" target=\"_blank\" rel=\"noreferrer noopener\">\u00a0Instagram\u00a0<\/a>e no\u00a0<a href=\"https:\/\/www.facebook.com\/acidadeonribeirao\/\" target=\"_blank\" rel=\"noreferrer noopener\">Facebook<\/a>.<\/p>\n<p>Receba not\u00edcias do<strong>\u00a0acidade on<\/strong>\u00a0no WhatsApp. Para entrar no grupo,\u00a0basta\u00a0<a href=\"https:\/\/chat.whatsapp.com\/I4nieTEMKlf50pJ28aMemC?mode=ac_t\" target=\"_blank\" rel=\"noreferrer noopener\">clicar aqui<\/a>. Ou, acesse o nosso\u00a0Canal\u00a0<a href=\"https:\/\/whatsapp.com\/channel\/0029Vb6IQl1JENyAeS57fk2p\" target=\"_blank\" rel=\"noreferrer noopener\">clicando aqui<\/a>.<\/p>\n<p>Fa\u00e7a uma den\u00fancia ou sugira uma reportagem sobre Ribeir\u00e3o Preto e regi\u00e3o pelo WhatsApp: 16 99117 7802.<\/p>\n<p>VEJA TAMB\u00c9M<\/p>\n<p>Veja 5 motivos para jogar Little Nightmares III no Halloween<\/p>\n<p><!-- AI CONTENT END 1 -->\n<\/div>\n<p><script async src=\"\/\/www.instagram.com\/embed.js\"><\/script><br \/>\n<br \/><br \/>\n<br \/><a href=\"https:\/\/www.acidadeon.com\/ribeiraopreto\/cotidiano\/sequestro-em-ribeirao-empresario-diz-que-foi-vitima-de-briga-por-heranca-com-a-mae\/\">Source link <\/a><\/p>\n<!-- CONTENT END 1 -->\n","protected":false},"excerpt":{"rendered":"<p>O empres\u00e1rio Guilherme de Freitas, de 29 anos, acusou a pr\u00f3pria m\u00e3e de t\u00ea-lo sequestrado por conta de uma briga pela partilha de uma heran\u00e7a&#8230;<\/p>\n","protected":false},"author":1,"featured_media":79333,"comment_status":"open","ping_status":"open","sticky":false,"template":"","format":"standard","meta":{"advanced_seo_description":"","jetpack_seo_html_title":"","jetpack_seo_noindex":false,"jetpack_post_was_ever_published":false,"_jetpack_newsletter_access":"","_jetpack_dont_email_post_to_subs":false,"_jetpack_newsletter_tier_id":0,"_jetpack_memberships_contains_paywalled_content":false,"_jetpack_memberships_contains_paid_content":false,"footnotes":"","jetpack_publicize_message":"","jetpack_publicize_feature_enabled":true,"jetpack_social_post_already_shared":true,"jetpack_social_options":{"image_generator_settings":{"template":"highway","default_image_id":0,"font":"","enabled":false},"version":2}},"categories":[11],"tags":[],"class_list":["post-79332","post","type-post","status-publish","format-standard","has-post-thumbnail","hentry","category-noticias-de-ribeirao-preto-sp-e-regiao-ismael-colosi"],"jetpack_publicize_connections":[],"jetpack_featured_media_url":"https:\/\/i0.wp.com\/noticiasribeiraopreto.com.br\/wp-content\/uploads\/2025\/10\/suposto-sequestro_2025-10-29_16-22-23.webp.webp?fit=1200%2C674&ssl=1","jetpack-related-posts":[{"id":70222,"url":"https:\/\/noticiasribeiraopreto.com.br\/index.php\/2025\/05\/23\/empresario-de-sp-desaparecido-ha-uma-semana-foi-sequestrado-em-2013\/","url_meta":{"origin":79332,"position":0},"title":"Empres\u00e1rio de SP desaparecido h\u00e1 uma semana foi sequestrado em 2013","author":"noticiasribeiraopreto.com.br","date":"23 de May de 2025","format":false,"excerpt":"O empres\u00e1rio Nelson Francisco Carreira Filho, desaparecido h\u00e1 uma semana, depois de participar de uma reuni\u00e3o de trabalho em Cravinhos, na regi\u00e3o de Ribeir\u00e3o Preto, j\u00e1 havia sofrido um sequestro. Em 2013, um amigo do empres\u00e1rio registrou BO (boletim de ocorr\u00eancia) por conta do sumi\u00e7o de Nelson, na Capital. Segundo\u2026","rel":"","context":"In &quot;Not\u00edcias de Ribeir\u00e3o Preto-SP e Regi\u00e3o&quot;","block_context":{"text":"Not\u00edcias de Ribeir\u00e3o Preto-SP e Regi\u00e3o","link":"https:\/\/noticiasribeiraopreto.com.br\/index.php\/category\/noticias-de-ribeirao-preto-sp-e-regiao-ismael-colosi\/"},"img":{"alt_text":"","src":"https:\/\/i0.wp.com\/noticiasribeiraopreto.com.br\/wp-content\/uploads\/2025\/05\/nelson-francisco-carreira-filho_2025-05-19_15-09-58.webp.webp?fit=1200%2C674&ssl=1&resize=350%2C200","width":350,"height":200,"srcset":"https:\/\/i0.wp.com\/noticiasribeiraopreto.com.br\/wp-content\/uploads\/2025\/05\/nelson-francisco-carreira-filho_2025-05-19_15-09-58.webp.webp?fit=1200%2C674&ssl=1&resize=350%2C200 1x, https:\/\/i0.wp.com\/noticiasribeiraopreto.com.br\/wp-content\/uploads\/2025\/05\/nelson-francisco-carreira-filho_2025-05-19_15-09-58.webp.webp?fit=1200%2C674&ssl=1&resize=525%2C300 1.5x, https:\/\/i0.wp.com\/noticiasribeiraopreto.com.br\/wp-content\/uploads\/2025\/05\/nelson-francisco-carreira-filho_2025-05-19_15-09-58.webp.webp?fit=1200%2C674&ssl=1&resize=700%2C400 2x, https:\/\/i0.wp.com\/noticiasribeiraopreto.com.br\/wp-content\/uploads\/2025\/05\/nelson-francisco-carreira-filho_2025-05-19_15-09-58.webp.webp?fit=1200%2C674&ssl=1&resize=1050%2C600 3x"},"classes":[]},{"id":83874,"url":"https:\/\/noticiasribeiraopreto.com.br\/index.php\/2026\/03\/27\/policia-investiga-sequestro-de-empresario-em-ribeirao-preto\/","url_meta":{"origin":79332,"position":1},"title":"Pol\u00edcia investiga sequestro de empres\u00e1rio em Ribeir\u00e3o Preto","author":"noticiasribeiraopreto.com.br","date":"27 de March de 2026","format":false,"excerpt":"A Pol\u00edcia Civil investiga o sequestro de um empres\u00e1rio que aconteceu dentro da pr\u00f3pria empresa, no bairro do Ipiranga, em Ribeir\u00e3o Preto. Criminosos abordaram a v\u00edtima, colocaram ela \u00e0 for\u00e7a em um carro e seguiram para um cativeiro ainda n\u00e3o identificado. De acordo com o delegado Andr\u00e9 Baldochi, a v\u00edtima\u2026","rel":"","context":"In &quot;Not\u00edcias de Ribeir\u00e3o Preto-SP e Regi\u00e3o&quot;","block_context":{"text":"Not\u00edcias de Ribeir\u00e3o Preto-SP e Regi\u00e3o","link":"https:\/\/noticiasribeiraopreto.com.br\/index.php\/category\/noticias-de-ribeirao-preto-sp-e-regiao-ismael-colosi\/"},"img":{"alt_text":"","src":"https:\/\/i0.wp.com\/noticiasribeiraopreto.com.br\/wp-content\/uploads\/2026\/03\/palace-96_2026-03-27_20-37-49.webp.webp?fit=1200%2C675&ssl=1&resize=350%2C200","width":350,"height":200,"srcset":"https:\/\/i0.wp.com\/noticiasribeiraopreto.com.br\/wp-content\/uploads\/2026\/03\/palace-96_2026-03-27_20-37-49.webp.webp?fit=1200%2C675&ssl=1&resize=350%2C200 1x, https:\/\/i0.wp.com\/noticiasribeiraopreto.com.br\/wp-content\/uploads\/2026\/03\/palace-96_2026-03-27_20-37-49.webp.webp?fit=1200%2C675&ssl=1&resize=525%2C300 1.5x, https:\/\/i0.wp.com\/noticiasribeiraopreto.com.br\/wp-content\/uploads\/2026\/03\/palace-96_2026-03-27_20-37-49.webp.webp?fit=1200%2C675&ssl=1&resize=700%2C400 2x, https:\/\/i0.wp.com\/noticiasribeiraopreto.com.br\/wp-content\/uploads\/2026\/03\/palace-96_2026-03-27_20-37-49.webp.webp?fit=1200%2C675&ssl=1&resize=1050%2C600 3x"},"classes":[]},{"id":80727,"url":"https:\/\/noticiasribeiraopreto.com.br\/index.php\/2025\/12\/12\/apos-sequestro-na-zona-sul-de-ribeirao-preto-empresario-reaparece-e-e-ouvido-pela-policia\/","url_meta":{"origin":79332,"position":2},"title":"Ap\u00f3s sequestro na zona Sul de Ribeir\u00e3o Preto, empres\u00e1rio reaparece e \u00e9 ouvido pela pol\u00edcia","author":"noticiasribeiraopreto.com.br","date":"12 de December de 2025","format":false,"excerpt":"Na \u00faltima ter\u00e7a-feira (9), o empres\u00e1rio Ronan Franco Muniz, de 44 anos, foi surpreendido por homens armados e levado na rua Cl\u00e1udio Scodro, no Jardim Bot\u00e2nico, zona Sul de Ribeir\u00e3o Preto. C\u00e2meras de seguran\u00e7a registraram a a\u00e7\u00e3o, que aconteceu no momento em que ele estacionava o carro. Veja v\u00eddeo: Ap\u00f3s\u2026","rel":"","context":"In &quot;Not\u00edcias de Ribeir\u00e3o Preto-SP e Regi\u00e3o&quot;","block_context":{"text":"Not\u00edcias de Ribeir\u00e3o Preto-SP e Regi\u00e3o","link":"https:\/\/noticiasribeiraopreto.com.br\/index.php\/category\/noticias-de-ribeirao-preto-sp-e-regiao-ismael-colosi\/"},"img":{"alt_text":"","src":"https:\/\/i0.wp.com\/noticiasribeiraopreto.com.br\/wp-content\/uploads\/2025\/12\/image_2025-12-11_19-30-23.webp.webp?fit=1200%2C675&ssl=1&resize=350%2C200","width":350,"height":200,"srcset":"https:\/\/i0.wp.com\/noticiasribeiraopreto.com.br\/wp-content\/uploads\/2025\/12\/image_2025-12-11_19-30-23.webp.webp?fit=1200%2C675&ssl=1&resize=350%2C200 1x, https:\/\/i0.wp.com\/noticiasribeiraopreto.com.br\/wp-content\/uploads\/2025\/12\/image_2025-12-11_19-30-23.webp.webp?fit=1200%2C675&ssl=1&resize=525%2C300 1.5x, https:\/\/i0.wp.com\/noticiasribeiraopreto.com.br\/wp-content\/uploads\/2025\/12\/image_2025-12-11_19-30-23.webp.webp?fit=1200%2C675&ssl=1&resize=700%2C400 2x, https:\/\/i0.wp.com\/noticiasribeiraopreto.com.br\/wp-content\/uploads\/2025\/12\/image_2025-12-11_19-30-23.webp.webp?fit=1200%2C675&ssl=1&resize=1050%2C600 3x"},"classes":[]},{"id":81355,"url":"https:\/\/noticiasribeiraopreto.com.br\/index.php\/2026\/01\/03\/motorista-que-atropelou-mae-e-filho-se-entrega-a-policia-em-ribeirao-preto\/","url_meta":{"origin":79332,"position":3},"title":"Motorista que atropelou m\u00e3e e filho se entrega \u00e0 pol\u00edcia em Ribeir\u00e3o Preto","author":"noticiasribeiraopreto.com.br","date":"3 de January de 2026","format":false,"excerpt":"O motorista que atropelou uma mulher e seu filho em Bonfim Paulista, distrito de Ribeir\u00e3o Preto, se entregou \u00e0 pol\u00edcia na noite desta sexta-feira (2). De acordo com a Pol\u00edcia Civil, ele chegou \u00e0 Central de Pol\u00edcia Judici\u00e1ria (CPJ) acompanhado de sua advogada. Ap\u00f3s prestar depoimento, o motorista foi liberado.\u2026","rel":"","context":"In &quot;Not\u00edcias de Ribeir\u00e3o Preto-SP e Regi\u00e3o&quot;","block_context":{"text":"Not\u00edcias de Ribeir\u00e3o Preto-SP e Regi\u00e3o","link":"https:\/\/noticiasribeiraopreto.com.br\/index.php\/category\/noticias-de-ribeirao-preto-sp-e-regiao-ismael-colosi\/"},"img":{"alt_text":"","src":"https:\/\/i0.wp.com\/noticiasribeiraopreto.com.br\/wp-content\/uploads\/2026\/01\/image_2026-01-02_15-42-11.webp.webp?fit=984%2C549&ssl=1&resize=350%2C200","width":350,"height":200,"srcset":"https:\/\/i0.wp.com\/noticiasribeiraopreto.com.br\/wp-content\/uploads\/2026\/01\/image_2026-01-02_15-42-11.webp.webp?fit=984%2C549&ssl=1&resize=350%2C200 1x, https:\/\/i0.wp.com\/noticiasribeiraopreto.com.br\/wp-content\/uploads\/2026\/01\/image_2026-01-02_15-42-11.webp.webp?fit=984%2C549&ssl=1&resize=525%2C300 1.5x, https:\/\/i0.wp.com\/noticiasribeiraopreto.com.br\/wp-content\/uploads\/2026\/01\/image_2026-01-02_15-42-11.webp.webp?fit=984%2C549&ssl=1&resize=700%2C400 2x"},"classes":[]},{"id":79326,"url":"https:\/\/noticiasribeiraopreto.com.br\/index.php\/2025\/10\/29\/investigacao-em-ribeirao-preto-mira-quadrilha-envolvida-em-venda-de-remedios-falsificados-para-cancer\/","url_meta":{"origin":79332,"position":4},"title":"Investiga\u00e7\u00e3o em Ribeir\u00e3o Preto mira quadrilha envolvida em venda de rem\u00e9dios falsificados para c\u00e2ncer","author":"noticiasribeiraopreto.com.br","date":"29 de October de 2025","format":false,"excerpt":"O Gaeco (Grupo de Atua\u00e7\u00e3o Especial de Combate ao Crime Organizado), do Minist\u00e9rio P\u00fablico do Estado de S\u00e3o Paulo (MP-SP), deflagrou nesta quarta-feira (29) a opera\u00e7\u00e3o Ant\u00edgeno contra uma quadrilha apontada por comercializar medicamentos falsificados ou de proced\u00eancia ignorada, al\u00e9m de lavagem de dinheiro. Ap\u00f3s investiga\u00e7\u00f5es conduzidas em Ribeir\u00e3o Preto,\u2026","rel":"","context":"In &quot;Not\u00edcias de Ribeir\u00e3o Preto-SP e Regi\u00e3o&quot;","block_context":{"text":"Not\u00edcias de Ribeir\u00e3o Preto-SP e Regi\u00e3o","link":"https:\/\/noticiasribeiraopreto.com.br\/index.php\/category\/noticias-de-ribeirao-preto-sp-e-regiao-ismael-colosi\/"},"img":{"alt_text":"","src":"https:\/\/i0.wp.com\/noticiasribeiraopreto.com.br\/wp-content\/uploads\/2025\/10\/WhatsApp-Image-2025-10-29-at-14.49.28_2025-10-29_17-49-52.webp.webp?fit=852%2C470&ssl=1&resize=350%2C200","width":350,"height":200,"srcset":"https:\/\/i0.wp.com\/noticiasribeiraopreto.com.br\/wp-content\/uploads\/2025\/10\/WhatsApp-Image-2025-10-29-at-14.49.28_2025-10-29_17-49-52.webp.webp?fit=852%2C470&ssl=1&resize=350%2C200 1x, https:\/\/i0.wp.com\/noticiasribeiraopreto.com.br\/wp-content\/uploads\/2025\/10\/WhatsApp-Image-2025-10-29-at-14.49.28_2025-10-29_17-49-52.webp.webp?fit=852%2C470&ssl=1&resize=525%2C300 1.5x, https:\/\/i0.wp.com\/noticiasribeiraopreto.com.br\/wp-content\/uploads\/2025\/10\/WhatsApp-Image-2025-10-29-at-14.49.28_2025-10-29_17-49-52.webp.webp?fit=852%2C470&ssl=1&resize=700%2C400 2x"},"classes":[]},{"id":80983,"url":"https:\/\/noticiasribeiraopreto.com.br\/index.php\/2025\/12\/19\/policia-prende-4-por-sequestro-de-empresario\/","url_meta":{"origin":79332,"position":5},"title":"Pol\u00edcia prende 4 por sequestro de empres\u00e1rio","author":"noticiasribeiraopreto.com.br","date":"19 de December de 2025","format":false,"excerpt":"Por: Adalberto Luque Uma grande opera\u00e7\u00e3o, realizada na manh\u00e3 desta sexta-feira (19), resultou na pris\u00e3o de quatro suspeitos de sequestrar um empres\u00e1rio em Ribeir\u00e3o Preto, na noite de 9 de dezembro. A Opera\u00e7\u00e3o Rastro Final foi realizada simultaneamente nas cidades de Ribeir\u00e3o Preto, S\u00e3o Paulo e Guaruj\u00e1. Foram mobilizados 75\u2026","rel":"","context":"In &quot;Not\u00edcias de Ribeir\u00e3o Preto-SP e Regi\u00e3o&quot;","block_context":{"text":"Not\u00edcias de Ribeir\u00e3o Preto-SP e Regi\u00e3o","link":"https:\/\/noticiasribeiraopreto.com.br\/index.php\/category\/noticias-de-ribeirao-preto-sp-e-regiao-ismael-colosi\/"},"img":{"alt_text":"","src":"https:\/\/i0.wp.com\/noticiasribeiraopreto.com.br\/wp-content\/uploads\/2025\/12\/19-dez-2025-rastrofinal3.jpg?fit=803%2C780&ssl=1&resize=350%2C200","width":350,"height":200,"srcset":"https:\/\/i0.wp.com\/noticiasribeiraopreto.com.br\/wp-content\/uploads\/2025\/12\/19-dez-2025-rastrofinal3.jpg?fit=803%2C780&ssl=1&resize=350%2C200 1x, https:\/\/i0.wp.com\/noticiasribeiraopreto.com.br\/wp-content\/uploads\/2025\/12\/19-dez-2025-rastrofinal3.jpg?fit=803%2C780&ssl=1&resize=525%2C300 1.5x, https:\/\/i0.wp.com\/noticiasribeiraopreto.com.br\/wp-content\/uploads\/2025\/12\/19-dez-2025-rastrofinal3.jpg?fit=803%2C780&ssl=1&resize=700%2C400 2x"},"classes":[]}],"jetpack_sharing_enabled":true,"jetpack_shortlink":"https:\/\/wp.me\/peQAOb-kDy","_links":{"self":[{"href":"https:\/\/noticiasribeiraopreto.com.br\/index.php\/wp-json\/wp\/v2\/posts\/79332","targetHints":{"allow":["GET"]}}],"collection":[{"href":"https:\/\/noticiasribeiraopreto.com.br\/index.php\/wp-json\/wp\/v2\/posts"}],"about":[{"href":"https:\/\/noticiasribeiraopreto.com.br\/index.php\/wp-json\/wp\/v2\/types\/post"}],"author":[{"embeddable":true,"href":"https:\/\/noticiasribeiraopreto.com.br\/index.php\/wp-json\/wp\/v2\/users\/1"}],"replies":[{"embeddable":true,"href":"https:\/\/noticiasribeiraopreto.com.br\/index.php\/wp-json\/wp\/v2\/comments?post=79332"}],"version-history":[{"count":0,"href":"https:\/\/noticiasribeiraopreto.com.br\/index.php\/wp-json\/wp\/v2\/posts\/79332\/revisions"}],"wp:featuredmedia":[{"embeddable":true,"href":"https:\/\/noticiasribeiraopreto.com.br\/index.php\/wp-json\/wp\/v2\/media\/79333"}],"wp:attachment":[{"href":"https:\/\/noticiasribeiraopreto.com.br\/index.php\/wp-json\/wp\/v2\/media?parent=79332"}],"wp:term":[{"taxonomy":"category","embeddable":true,"href":"https:\/\/noticiasribeiraopreto.com.br\/index.php\/wp-json\/wp\/v2\/categories?post=79332"},{"taxonomy":"post_tag","embeddable":true,"href":"https:\/\/noticiasribeiraopreto.com.br\/index.php\/wp-json\/wp\/v2\/tags?post=79332"}],"curies":[{"name":"wp","href":"https:\/\/api.w.org\/{rel}","templated":true}]}}