{"id":79334,"date":"2025-10-29T19:20:40","date_gmt":"2025-10-29T22:20:40","guid":{"rendered":"https:\/\/noticiasribeiraopreto.com.br\/index.php\/2025\/10\/29\/vai-ser-uma-pena-se-nao-concluir-diz-engenheiro-que-opera-semaforos-inteligentes-em-ribeirao\/"},"modified":"2025-10-29T19:20:40","modified_gmt":"2025-10-29T22:20:40","slug":"vai-ser-uma-pena-se-nao-concluir-diz-engenheiro-que-opera-semaforos-inteligentes-em-ribeirao","status":"publish","type":"post","link":"https:\/\/noticiasribeiraopreto.com.br\/index.php\/2025\/10\/29\/vai-ser-uma-pena-se-nao-concluir-diz-engenheiro-que-opera-semaforos-inteligentes-em-ribeirao\/","title":{"rendered":"\u2018Vai ser uma pena se n\u00e3o concluir\u2019, diz engenheiro que opera sem\u00e1foros inteligentes em Ribeir\u00e3o"},"content":{"rendered":"<div class='code-block code-block-1' style='margin: 8px 0 8px auto; text-align: right; display: block; clear: both;'>\n<p><a href=\"https:\/\/wa.link\/vpicfd\"><img data-recalc-dims=\"1\" class=\"wp-image-4922\" style=\"aspect-ratio: 2.0253164556962027; width: 561px; height: auto;\" src=\"https:\/\/i0.wp.com\/ismaelcolosi.com.br\/wp-content\/uploads\/2023\/11\/grupo-de-empregos-whatsapp-e-facebook-ismael-colosi-vagas.jpg?ssl=1\" alt=\"\" \/><\/a><\/p>\n<!-- \/wp:image -->\n<\/div>\n<p> <br \/>\n<\/p>\n<div>\n<p>O engenheiro respons\u00e1vel pela opera\u00e7\u00e3o dos sem\u00e1foros inteligentes, o<strong> ITS<\/strong>, em<strong> Ribeir\u00e3o Preto<\/strong>, disse que \u201cvai ser uma pena\u201d se a cidade n\u00e3o concluir as pr\u00f3ximas duas etapas do sistema. Os representantes do Cons\u00f3rcio ITS participaram, nesta quarta-feira (29), da reuni\u00e3o da <strong>CPI (Comiss\u00e3o Parlamentar de Inqu\u00e9rito) <\/strong>que apura a implanta\u00e7\u00e3o do sistema.<\/p>\n<p>O Cons\u00f3rcio ITS \u00e9 formado pelas empresas Sigma Engenharia, Kapsch TrafficCom e Sitran Sinaliza\u00e7\u00e3o de Tr\u00e2nsito, e j\u00e1 recebeu cerca de R$ 20 milh\u00f5es para conclus\u00e3o dos servi\u00e7os. Participaram da reuni\u00e3o da CPI Ailton Luiz Faria, representante do cons\u00f3rcio, e Luiz Carlos Mathias, o engenheiro respons\u00e1vel pelo ITS.<\/p>\n<p>A CPI j\u00e1 ouviu o superintendente da <strong>RP Mobi<\/strong>, Marcelo Galli, o atual secret\u00e1rio de Obras de Ribeir\u00e3o Preto, Walter Telli, e o ex-secret\u00e1rio de Obras Pedro Luiz Pegoraro. O colegiado \u00e9 composto pelos vereadores Isaac Antunes (PL), presidente, Daniel Gobbi (PP), relator, e Jean Corauci (PSD), vice-presidente.<\/p>\n<h2 class=\"wp-block-heading\"><strong>O que disseram na CPI?<\/strong><\/h2>\n<p>Durante os depoimentos, os representantes afirmaram que a quantidade de fibra \u00f3tica contratada foi insuficiente para a interliga\u00e7\u00e3o completa do sistema, o que impactou o funcionamento da rede de comunica\u00e7\u00e3o entre os equipamentos.<\/p>\n<p>E, entre os problemas apontados pelos representantes do cons\u00f3rcio, est\u00e1 a obstru\u00e7\u00e3o dos tubos para instala\u00e7\u00e3o dos cabos de fibra \u00f3ptica. De acordo com eles, as informa\u00e7\u00f5es utilizadas s\u00e3o transmitidas via 3G, o que impede o funcionamento de 100% dos servi\u00e7os.<\/p>\n<p>Isso porque, a transmiss\u00e3o da c\u00e2mera de monitoramento do tr\u00e2nsito depende do cabeamento, j\u00e1 que n\u00e3o \u00e9 poss\u00edvel transmitir por internet m\u00f3vel. \u201cPrecisamos da desobstru\u00e7\u00e3o [tubos de fibra \u00f3ptica] para finalizar a obra\u201d, disse Luiz, que afirma que os problemas foram verificados em 12 controladores e 23 cruzamentos.<\/p>\n<p>Entre as sugest\u00f5es apresentadas pelo cons\u00f3rcio para solucionar o problema, j\u00e1 que o cabeamento de fibra \u00f3ptica ainda n\u00e3o alcan\u00e7a o CCO (Centro de Controle Operacional), localizado na sede da RP Mobi, seria a utiliza\u00e7\u00e3o da fibra \u00f3ptica a\u00e9rea da Coderp para conex\u00e3o completa do sistema.<\/p>\n<figure class=\"wp-block-image size-large\"><img data-recalc-dims=\"1\" fetchpriority=\"high\" decoding=\"async\" width=\"1024\" height=\"847\" src=\"https:\/\/i0.wp.com\/cdn.media-acidadeon.com.br\/ribeiraopreto\/wp-content\/uploads\/sites\/3\/2025\/10\/luiz-carlos-mathias_2025-10-29_21-16-12-1024x847.webp?resize=1024%2C847&#038;ssl=1\" alt=\"luiz carlos mathias 2025 10 29 21 16 12\" class=\"wp-image-134009\" title=\"\u2018Vai ser uma pena se n\u00e3o concluir\u2019, diz engenheiro que opera sem\u00e1foros inteligentes em Ribeir\u00e3o 1\" srcset=\"https:\/\/cdn.media-acidadeon.com.br\/ribeiraopreto\/wp-content\/uploads\/sites\/3\/2025\/10\/luiz-carlos-mathias_2025-10-29_21-16-12-1024x847.webp 1024w, https:\/\/cdn.media-acidadeon.com.br\/ribeiraopreto\/wp-content\/uploads\/sites\/3\/2025\/10\/luiz-carlos-mathias_2025-10-29_21-16-12-300x248.webp 300w, https:\/\/cdn.media-acidadeon.com.br\/ribeiraopreto\/wp-content\/uploads\/sites\/3\/2025\/10\/luiz-carlos-mathias_2025-10-29_21-16-12-768x636.webp 768w, https:\/\/cdn.media-acidadeon.com.br\/ribeiraopreto\/wp-content\/uploads\/sites\/3\/2025\/10\/luiz-carlos-mathias_2025-10-29_21-16-12-696x576.webp 696w, https:\/\/cdn.media-acidadeon.com.br\/ribeiraopreto\/wp-content\/uploads\/sites\/3\/2025\/10\/luiz-carlos-mathias_2025-10-29_21-16-12-1068x884.webp 1068w, https:\/\/cdn.media-acidadeon.com.br\/ribeiraopreto\/wp-content\/uploads\/sites\/3\/2025\/10\/luiz-carlos-mathias_2025-10-29_21-16-12.webp 1200w\" sizes=\"(max-width: 1024px) 100vw, 1024px\"\/><figcaption class=\"wp-element-caption\">Luiz Carlos Mathias, engenheiro respons\u00e1vel pelo ITS de Ribeir\u00e3o Preto (Foto: Divulga\u00e7\u00e3o\/C\u00e2mara de Ribeir\u00e3o Preto)<\/figcaption><\/figure>\n<h2 class=\"wp-block-heading\"><strong>Compara\u00e7\u00e3o com Buenos Aires<\/strong><\/h2>\n<p>O engenheiro comparou a situa\u00e7\u00e3o de Ribeir\u00e3o Preto com Buenos Aires, que tamb\u00e9m implantou o ITS por etapas. \u201cO CCO \u00e9 a alma do sistema ITS, que \u00e9 o mesmo usado em Buenos Aires, Cidade do Panam\u00e1, Barcelona, Madrid, Nova York. \u00c9 um sistema robusto, testado\u201d, disse.<\/p>\n<p>Luiz Carlos Mathias ainda afirmou que o que foi contratado pela prefeitura est\u00e1 funcionando e sugeriu que o munic\u00edpio conclua as outras duas etapas do sistema \u2013 a licita\u00e7\u00e3o da segunda fase do ITS foi suspensa pela gest\u00e3o Ricardo Silva (PSD).<\/p>\n<p>\u201cO sistema \u00e9 robusto. \u00c9 bem feito. Vai ser uma pena, falo isso como t\u00e9cnico, se a cidade n\u00e3o concluir os outros m\u00f3dulos. \u00c9 um sistema robusto, testado em outras cidades e que funciona. Voc\u00eas poderiam ter toda a gest\u00e3o da cidade, transporte p\u00fablico, no sistema\u201d, completou.<\/p>\n<figure class=\"wp-block-embed is-type-video is-provider-youtube wp-block-embed-youtube wp-embed-aspect-4-3 wp-has-aspect-ratio\">\n<div class=\"wp-block-embed__wrapper\">\n<p><iframe loading=\"lazy\" title=\"CPI DOS SEM\u00c1FOROS - 29\/10\/2025\" width=\"500\" height=\"375\" src=\"https:\/\/www.youtube.com\/embed\/GI3ST60D1u4?feature=oembed\" frameborder=\"0\" allow=\"accelerometer; autoplay; clipboard-write; encrypted-media; gyroscope; picture-in-picture; web-share\" referrerpolicy=\"strict-origin-when-cross-origin\" allowfullscreen><\/iframe><\/p>\n<\/div>\n<\/figure>\n<p>SAIBA MAIS<\/p>\n<p>Interior de SP tem previs\u00e3o de chuva forte nesta quarta-feira<\/p>\n<h3 class=\"wp-block-heading\"><strong>FIQUE ON<\/strong><\/h3>\n<p>Fique ligado em tudo que acontece em Ribeir\u00e3o Preto e regi\u00e3o. Siga os perfis do\u00a0<strong>acidade on<\/strong>\u00a0no<a href=\"https:\/\/www.instagram.com\/acidadeonribeirao\" target=\"_blank\" rel=\"noreferrer noopener\">\u00a0Instagram\u00a0<\/a>e no\u00a0<a href=\"https:\/\/www.facebook.com\/acidadeonribeirao\/\" target=\"_blank\" rel=\"noreferrer noopener\">Facebook<\/a>.<\/p>\n<p>Receba not\u00edcias do<strong>\u00a0acidade on<\/strong>\u00a0no WhatsApp. Para entrar no grupo,\u00a0basta\u00a0<a href=\"https:\/\/chat.whatsapp.com\/I4nieTEMKlf50pJ28aMemC?mode=ac_t\" target=\"_blank\" rel=\"noreferrer noopener\">clicar aqui<\/a>. Ou, acesse o nosso\u00a0Canal\u00a0<a href=\"https:\/\/whatsapp.com\/channel\/0029Vb6IQl1JENyAeS57fk2p\" target=\"_blank\" rel=\"noreferrer noopener\">clicando aqui<\/a>.<\/p>\n<p>Fa\u00e7a uma den\u00fancia ou sugira uma reportagem sobre Ribeir\u00e3o Preto e regi\u00e3o pelo WhatsApp: 16 99117 7802.<\/p>\n<p>VEJA TAMB\u00c9M<\/p>\n<p>Veja 5 motivos para jogar Little Nightmares III no Halloween<\/p>\n<p><!-- AI CONTENT END 1 -->\n<\/div>\n<p><script async src=\"\/\/www.instagram.com\/embed.js\"><\/script><br \/>\n<br \/><br \/>\n<br \/><a href=\"https:\/\/www.acidadeon.com\/ribeiraopreto\/politica\/vai-ser-uma-pena-se-nao-concluir-diz-engenheiro-que-opera-semaforos-inteligentes-em-ribeirao\/\">Source link <\/a><\/p>\n<!-- CONTENT END 1 -->\n","protected":false},"excerpt":{"rendered":"<p>O engenheiro respons\u00e1vel pela opera\u00e7\u00e3o dos sem\u00e1foros inteligentes, o ITS, em Ribeir\u00e3o Preto, disse que \u201cvai ser uma pena\u201d se a cidade n\u00e3o concluir as&#8230;<\/p>\n","protected":false},"author":1,"featured_media":79336,"comment_status":"open","ping_status":"open","sticky":false,"template":"","format":"standard","meta":{"advanced_seo_description":"","jetpack_seo_html_title":"","jetpack_seo_noindex":false,"jetpack_post_was_ever_published":false,"_jetpack_newsletter_access":"","_jetpack_dont_email_post_to_subs":false,"_jetpack_newsletter_tier_id":0,"_jetpack_memberships_contains_paywalled_content":false,"_jetpack_memberships_contains_paid_content":false,"footnotes":"","jetpack_publicize_message":"","jetpack_publicize_feature_enabled":true,"jetpack_social_post_already_shared":true,"jetpack_social_options":{"image_generator_settings":{"template":"highway","default_image_id":0,"font":"","enabled":false},"version":2}},"categories":[11],"tags":[],"class_list":["post-79334","post","type-post","status-publish","format-standard","has-post-thumbnail","hentry","category-noticias-de-ribeirao-preto-sp-e-regiao-ismael-colosi"],"jetpack_publicize_connections":[],"jetpack_featured_media_url":"https:\/\/i0.wp.com\/noticiasribeiraopreto.com.br\/wp-content\/uploads\/2025\/10\/its-avenida-independencia_2025-10-29_21-11-08.webp.webp?fit=1200%2C808&ssl=1","jetpack-related-posts":[{"id":79243,"url":"https:\/\/noticiasribeiraopreto.com.br\/index.php\/2025\/10\/28\/consorcio-its-depoe-amanha-tribuna-ribeirao\/","url_meta":{"origin":79334,"position":0},"title":"Cons\u00f3rcio ITS \u2028dep\u00f5e amanh\u00e3 &#8211; Tribuna Ribeir\u00e3o","author":"noticiasribeiraopreto.com.br","date":"28 de October de 2025","format":false,"excerpt":"28 de outubro de 2025 07:1528 de outubro de 2025 01:2011 Compartilhar0 A Comiss\u00e3o Parlamentar de Inqu\u00e9rito (CPI) dos Sem\u00e1foros vai ouvir, na tarde desta quarta-feira, 29 de outubro,\u00e0s 16 horas, no plen\u00e1rio do Legislativo, representantes do Cons\u00f3rcio ITS Ribeir\u00e3o Preto \u2013 formado pelas empresas Sigma Engenharia Ind\u00fastria e Com\u00e9rcio\u2026","rel":"","context":"In &quot;Not\u00edcias de Ribeir\u00e3o Preto-SP e Regi\u00e3o&quot;","block_context":{"text":"Not\u00edcias de Ribeir\u00e3o Preto-SP e Regi\u00e3o","link":"https:\/\/noticiasribeiraopreto.com.br\/index.php\/category\/noticias-de-ribeirao-preto-sp-e-regiao-ismael-colosi\/"},"img":{"alt_text":"","src":"https:\/\/i0.wp.com\/noticiasribeiraopreto.com.br\/wp-content\/uploads\/2025\/10\/Transerp-Alfredo-Risk-2-scaled.jpg?fit=1170%2C780&ssl=1&resize=350%2C200","width":350,"height":200,"srcset":"https:\/\/i0.wp.com\/noticiasribeiraopreto.com.br\/wp-content\/uploads\/2025\/10\/Transerp-Alfredo-Risk-2-scaled.jpg?fit=1170%2C780&ssl=1&resize=350%2C200 1x, https:\/\/i0.wp.com\/noticiasribeiraopreto.com.br\/wp-content\/uploads\/2025\/10\/Transerp-Alfredo-Risk-2-scaled.jpg?fit=1170%2C780&ssl=1&resize=525%2C300 1.5x, https:\/\/i0.wp.com\/noticiasribeiraopreto.com.br\/wp-content\/uploads\/2025\/10\/Transerp-Alfredo-Risk-2-scaled.jpg?fit=1170%2C780&ssl=1&resize=700%2C400 2x, https:\/\/i0.wp.com\/noticiasribeiraopreto.com.br\/wp-content\/uploads\/2025\/10\/Transerp-Alfredo-Risk-2-scaled.jpg?fit=1170%2C780&ssl=1&resize=1050%2C600 3x"},"classes":[]},{"id":80005,"url":"https:\/\/noticiasribeiraopreto.com.br\/index.php\/2025\/11\/12\/rp-mobi-estuda-instalar-semaforo-em-cruzamento-na-zona-sul-de-ribeirao-preto\/","url_meta":{"origin":79334,"position":1},"title":"RP Mobi estuda instalar sem\u00e1foro em cruzamento na zona Sul de Ribeir\u00e3o Preto","author":"noticiasribeiraopreto.com.br","date":"12 de November de 2025","format":false,"excerpt":"A Prefeitura de Ribeir\u00e3o Preto estuda a instala\u00e7\u00e3o de um sem\u00e1foro no cruzamento da rua Paschoal Bardaro com a avenida Wladimir Meirelles, na zona Sul do munic\u00edpio. Em nota, a Secretaria de Planejamento, Desenvolvimento Urbano e Habita\u00e7\u00e3o e a RP Mobi, informaram que o sem\u00e1foro faz parte das contrapartidas de\u2026","rel":"","context":"In &quot;Not\u00edcias de Ribeir\u00e3o Preto-SP e Regi\u00e3o&quot;","block_context":{"text":"Not\u00edcias de Ribeir\u00e3o Preto-SP e Regi\u00e3o","link":"https:\/\/noticiasribeiraopreto.com.br\/index.php\/category\/noticias-de-ribeirao-preto-sp-e-regiao-ismael-colosi\/"},"img":{"alt_text":"","src":"https:\/\/i0.wp.com\/noticiasribeiraopreto.com.br\/wp-content\/uploads\/2025\/11\/palace-36_2025-11-12_14-26-56.webp.webp?fit=1200%2C675&ssl=1&resize=350%2C200","width":350,"height":200,"srcset":"https:\/\/i0.wp.com\/noticiasribeiraopreto.com.br\/wp-content\/uploads\/2025\/11\/palace-36_2025-11-12_14-26-56.webp.webp?fit=1200%2C675&ssl=1&resize=350%2C200 1x, https:\/\/i0.wp.com\/noticiasribeiraopreto.com.br\/wp-content\/uploads\/2025\/11\/palace-36_2025-11-12_14-26-56.webp.webp?fit=1200%2C675&ssl=1&resize=525%2C300 1.5x, https:\/\/i0.wp.com\/noticiasribeiraopreto.com.br\/wp-content\/uploads\/2025\/11\/palace-36_2025-11-12_14-26-56.webp.webp?fit=1200%2C675&ssl=1&resize=700%2C400 2x, https:\/\/i0.wp.com\/noticiasribeiraopreto.com.br\/wp-content\/uploads\/2025\/11\/palace-36_2025-11-12_14-26-56.webp.webp?fit=1200%2C675&ssl=1&resize=1050%2C600 3x"},"classes":[]},{"id":77982,"url":"https:\/\/noticiasribeiraopreto.com.br\/index.php\/2025\/09\/30\/cpi-dos-semaforos-notifica-consorcio\/","url_meta":{"origin":79334,"position":2},"title":"CPI dos Sem\u00e1foros \u2028notifica cons\u00f3rcio","author":"noticiasribeiraopreto.com.br","date":"30 de September de 2025","format":false,"excerpt":"30 de setembro de 2025 07:196 Compartilhar0 A Comiss\u00e3o Parlamentar de Inqu\u00e9rito (CPI) dos Sem\u00e1foros, criada na C\u00e2mara para investigar poss\u00edveis irregularidades na implanta\u00e7\u00e3o da primeira fase dos sem\u00e1foros inteligentes \u2013 Sistema Inteligente de Transporte (SIT, \u201cIntelligent Transport System\u201d, em ingl\u00eas, o ITS) \u2013, notificou nesta segunda-feira, 29 de setembro\u2026","rel":"","context":"In &quot;Not\u00edcias de Ribeir\u00e3o Preto-SP e Regi\u00e3o&quot;","block_context":{"text":"Not\u00edcias de Ribeir\u00e3o Preto-SP e Regi\u00e3o","link":"https:\/\/noticiasribeiraopreto.com.br\/index.php\/category\/noticias-de-ribeirao-preto-sp-e-regiao-ismael-colosi\/"},"img":{"alt_text":"","src":"https:\/\/i0.wp.com\/noticiasribeiraopreto.com.br\/wp-content\/uploads\/2025\/09\/Transerp-Alfredo-Risk-1-scaled.jpg?fit=1170%2C780&ssl=1&resize=350%2C200","width":350,"height":200,"srcset":"https:\/\/i0.wp.com\/noticiasribeiraopreto.com.br\/wp-content\/uploads\/2025\/09\/Transerp-Alfredo-Risk-1-scaled.jpg?fit=1170%2C780&ssl=1&resize=350%2C200 1x, https:\/\/i0.wp.com\/noticiasribeiraopreto.com.br\/wp-content\/uploads\/2025\/09\/Transerp-Alfredo-Risk-1-scaled.jpg?fit=1170%2C780&ssl=1&resize=525%2C300 1.5x, https:\/\/i0.wp.com\/noticiasribeiraopreto.com.br\/wp-content\/uploads\/2025\/09\/Transerp-Alfredo-Risk-1-scaled.jpg?fit=1170%2C780&ssl=1&resize=700%2C400 2x, https:\/\/i0.wp.com\/noticiasribeiraopreto.com.br\/wp-content\/uploads\/2025\/09\/Transerp-Alfredo-Risk-1-scaled.jpg?fit=1170%2C780&ssl=1&resize=1050%2C600 3x"},"classes":[]},{"id":78814,"url":"https:\/\/noticiasribeiraopreto.com.br\/index.php\/2025\/10\/18\/ex-secretario-vai-depor-a-cpi\/","url_meta":{"origin":79334,"position":3},"title":"Ex-secret\u00e1rio vai depor \u00e0 CPI","author":"noticiasribeiraopreto.com.br","date":"18 de October de 2025","format":false,"excerpt":"Pedro Luiz Pegoraro vai falar sobre o processo de implanta\u00e7\u00e3o da primeira fase do sistema de sem\u00e1foros inteligentes licitada na gest\u00e3o Duarte Nogueira O ex-secret\u00e1rio de Obras P\u00fablicas da gest\u00e3o Duarte Nogueira (ent\u00e3o no PSDB, hoje no PSD), Pedro Luiz Pegoraro, vai prestar depoimento \u00e0 Comiss\u00e3o Parlamentar de Inqu\u00e9rito (CPI)\u2026","rel":"","context":"In &quot;Not\u00edcias de Ribeir\u00e3o Preto-SP e Regi\u00e3o&quot;","block_context":{"text":"Not\u00edcias de Ribeir\u00e3o Preto-SP e Regi\u00e3o","link":"https:\/\/noticiasribeiraopreto.com.br\/index.php\/category\/noticias-de-ribeirao-preto-sp-e-regiao-ismael-colosi\/"},"img":{"alt_text":"","src":"https:\/\/i0.wp.com\/noticiasribeiraopreto.com.br\/wp-content\/uploads\/2025\/10\/pegoraro_Alfredo-Risk.jpg?fit=800%2C533&ssl=1&resize=350%2C200","width":350,"height":200,"srcset":"https:\/\/i0.wp.com\/noticiasribeiraopreto.com.br\/wp-content\/uploads\/2025\/10\/pegoraro_Alfredo-Risk.jpg?fit=800%2C533&ssl=1&resize=350%2C200 1x, https:\/\/i0.wp.com\/noticiasribeiraopreto.com.br\/wp-content\/uploads\/2025\/10\/pegoraro_Alfredo-Risk.jpg?fit=800%2C533&ssl=1&resize=525%2C300 1.5x, https:\/\/i0.wp.com\/noticiasribeiraopreto.com.br\/wp-content\/uploads\/2025\/10\/pegoraro_Alfredo-Risk.jpg?fit=800%2C533&ssl=1&resize=700%2C400 2x"},"classes":[]},{"id":78036,"url":"https:\/\/noticiasribeiraopreto.com.br\/index.php\/2025\/10\/01\/cpi-dos-semaforos-abre-depoimentos\/","url_meta":{"origin":79334,"position":4},"title":"CPI dos Sem\u00e1foros \u2028abre depoimentos","author":"noticiasribeiraopreto.com.br","date":"1 de October de 2025","format":false,"excerpt":"1 de outubro de 2025 08:501 de outubro de 2025 08:338 Compartilhar0 A Comiss\u00e3o Parlamentar de Inqu\u00e9rito (CPI) dos Sem\u00e1foros, criada na C\u00e2mara para investigar poss\u00edveis irregularidades na implanta\u00e7\u00e3o da primeira fase dos sem\u00e1foros inteligentes \u2013 Sistema Inteligente de Transporte (SIT, \u201cIntelligent Transport System\u201d, em ingl\u00eas, o ITS) \u2013, recebe\u2026","rel":"","context":"In &quot;Not\u00edcias de Ribeir\u00e3o Preto-SP e Regi\u00e3o&quot;","block_context":{"text":"Not\u00edcias de Ribeir\u00e3o Preto-SP e Regi\u00e3o","link":"https:\/\/noticiasribeiraopreto.com.br\/index.php\/category\/noticias-de-ribeirao-preto-sp-e-regiao-ismael-colosi\/"},"img":{"alt_text":"","src":"https:\/\/i0.wp.com\/noticiasribeiraopreto.com.br\/wp-content\/uploads\/2025\/10\/30-jun-2025-semaforoproblema.jpg?fit=1200%2C900&ssl=1&resize=350%2C200","width":350,"height":200,"srcset":"https:\/\/i0.wp.com\/noticiasribeiraopreto.com.br\/wp-content\/uploads\/2025\/10\/30-jun-2025-semaforoproblema.jpg?fit=1200%2C900&ssl=1&resize=350%2C200 1x, https:\/\/i0.wp.com\/noticiasribeiraopreto.com.br\/wp-content\/uploads\/2025\/10\/30-jun-2025-semaforoproblema.jpg?fit=1200%2C900&ssl=1&resize=525%2C300 1.5x, https:\/\/i0.wp.com\/noticiasribeiraopreto.com.br\/wp-content\/uploads\/2025\/10\/30-jun-2025-semaforoproblema.jpg?fit=1200%2C900&ssl=1&resize=700%2C400 2x, https:\/\/i0.wp.com\/noticiasribeiraopreto.com.br\/wp-content\/uploads\/2025\/10\/30-jun-2025-semaforoproblema.jpg?fit=1200%2C900&ssl=1&resize=1050%2C600 3x"},"classes":[]},{"id":78900,"url":"https:\/\/noticiasribeiraopreto.com.br\/index.php\/2025\/10\/20\/precisa-dar-o-prosseguimento-diz-ex-secretario-sobre-semaforos-inteligentes-em-ribeirao\/","url_meta":{"origin":79334,"position":5},"title":"\u2018Precisa dar o prosseguimento\u2019, diz ex-secret\u00e1rio sobre sem\u00e1foros inteligentes em Ribeir\u00e3o","author":"noticiasribeiraopreto.com.br","date":"20 de October de 2025","format":false,"excerpt":"O ex-secret\u00e1rio de Obras de Ribeir\u00e3o Preto Pedro\u202fLuiz\u202fPegoraro disse nesta segunda-feira (20) que \u00e9 necess\u00e1rio dar prosseguimento ao projeto de implanta\u00e7\u00e3o dos sem\u00e1foros inteligentes, o ITS, para que a cidade n\u00e3o perca o investimento realizado at\u00e9 o momento. A declara\u00e7\u00e3o foi dada durante reuni\u00e3o da CPI (Comiss\u00e3o Parlamentar de Inqu\u00e9rito)\u2026","rel":"","context":"In &quot;Not\u00edcias de Ribeir\u00e3o Preto-SP e Regi\u00e3o&quot;","block_context":{"text":"Not\u00edcias de Ribeir\u00e3o Preto-SP e Regi\u00e3o","link":"https:\/\/noticiasribeiraopreto.com.br\/index.php\/category\/noticias-de-ribeirao-preto-sp-e-regiao-ismael-colosi\/"},"img":{"alt_text":"","src":"https:\/\/i0.wp.com\/noticiasribeiraopreto.com.br\/wp-content\/uploads\/2025\/10\/pedro_luiz_1024x576_10122020172030_2025-10-20_20-41-14.webp.webp?fit=1024%2C576&ssl=1&resize=350%2C200","width":350,"height":200,"srcset":"https:\/\/i0.wp.com\/noticiasribeiraopreto.com.br\/wp-content\/uploads\/2025\/10\/pedro_luiz_1024x576_10122020172030_2025-10-20_20-41-14.webp.webp?fit=1024%2C576&ssl=1&resize=350%2C200 1x, https:\/\/i0.wp.com\/noticiasribeiraopreto.com.br\/wp-content\/uploads\/2025\/10\/pedro_luiz_1024x576_10122020172030_2025-10-20_20-41-14.webp.webp?fit=1024%2C576&ssl=1&resize=525%2C300 1.5x, https:\/\/i0.wp.com\/noticiasribeiraopreto.com.br\/wp-content\/uploads\/2025\/10\/pedro_luiz_1024x576_10122020172030_2025-10-20_20-41-14.webp.webp?fit=1024%2C576&ssl=1&resize=700%2C400 2x"},"classes":[]}],"jetpack_sharing_enabled":true,"jetpack_shortlink":"https:\/\/wp.me\/peQAOb-kDA","_links":{"self":[{"href":"https:\/\/noticiasribeiraopreto.com.br\/index.php\/wp-json\/wp\/v2\/posts\/79334","targetHints":{"allow":["GET"]}}],"collection":[{"href":"https:\/\/noticiasribeiraopreto.com.br\/index.php\/wp-json\/wp\/v2\/posts"}],"about":[{"href":"https:\/\/noticiasribeiraopreto.com.br\/index.php\/wp-json\/wp\/v2\/types\/post"}],"author":[{"embeddable":true,"href":"https:\/\/noticiasribeiraopreto.com.br\/index.php\/wp-json\/wp\/v2\/users\/1"}],"replies":[{"embeddable":true,"href":"https:\/\/noticiasribeiraopreto.com.br\/index.php\/wp-json\/wp\/v2\/comments?post=79334"}],"version-history":[{"count":0,"href":"https:\/\/noticiasribeiraopreto.com.br\/index.php\/wp-json\/wp\/v2\/posts\/79334\/revisions"}],"wp:featuredmedia":[{"embeddable":true,"href":"https:\/\/noticiasribeiraopreto.com.br\/index.php\/wp-json\/wp\/v2\/media\/79336"}],"wp:attachment":[{"href":"https:\/\/noticiasribeiraopreto.com.br\/index.php\/wp-json\/wp\/v2\/media?parent=79334"}],"wp:term":[{"taxonomy":"category","embeddable":true,"href":"https:\/\/noticiasribeiraopreto.com.br\/index.php\/wp-json\/wp\/v2\/categories?post=79334"},{"taxonomy":"post_tag","embeddable":true,"href":"https:\/\/noticiasribeiraopreto.com.br\/index.php\/wp-json\/wp\/v2\/tags?post=79334"}],"curies":[{"name":"wp","href":"https:\/\/api.w.org\/{rel}","templated":true}]}}