{"id":79337,"date":"2025-10-29T19:27:57","date_gmt":"2025-10-29T22:27:57","guid":{"rendered":"https:\/\/noticiasribeiraopreto.com.br\/index.php\/2025\/10\/29\/saiba-tudo-sobre-o-jogo-comemorativo-do-sao-paulo-em-ribeirao-preto\/"},"modified":"2025-10-29T19:27:57","modified_gmt":"2025-10-29T22:27:57","slug":"saiba-tudo-sobre-o-jogo-comemorativo-do-sao-paulo-em-ribeirao-preto","status":"publish","type":"post","link":"https:\/\/noticiasribeiraopreto.com.br\/index.php\/2025\/10\/29\/saiba-tudo-sobre-o-jogo-comemorativo-do-sao-paulo-em-ribeirao-preto\/","title":{"rendered":"Saiba tudo sobre o jogo comemorativo do S\u00e3o Paulo em Ribeir\u00e3o Preto"},"content":{"rendered":"<div class='code-block code-block-1' style='margin: 8px 0 8px auto; text-align: right; display: block; clear: both;'>\n<p><a href=\"https:\/\/wa.link\/vpicfd\"><img data-recalc-dims=\"1\" class=\"wp-image-4922\" style=\"aspect-ratio: 2.0253164556962027; width: 561px; height: auto;\" src=\"https:\/\/i0.wp.com\/ismaelcolosi.com.br\/wp-content\/uploads\/2023\/11\/grupo-de-empregos-whatsapp-e-facebook-ismael-colosi-vagas.jpg?ssl=1\" alt=\"\" \/><\/a><\/p>\n<!-- \/wp:image -->\n<\/div>\n<p> <br \/>\n<\/p>\n<div>\n<p>O S\u00e3o Paulo Futebol Clube realiza no dia <strong>1\u00ba de novembro<\/strong>, em <strong>Ribeir\u00e3o Preto<\/strong>, uma partida comemorativa pelos <strong>20 anos do t\u00edtulo mundial<\/strong> conquistado em 2005. O evento acontece <strong>no est\u00e1dio Santa Cruz<\/strong> e re\u00fane atletas que marcaram diferentes per\u00edodos da hist\u00f3ria do clube.<\/p>\n<p>O jogo ter\u00e1 dois elencos. O <strong>Time Campe\u00e3o Mundial de 2005<\/strong> conta com nomes como <strong>Diego Lugano<\/strong>, <strong>Alo\u00edsio<\/strong> e <strong>Cicinho<\/strong>. J\u00e1 a <strong>Sele\u00e7\u00e3o Tricolor<\/strong> re\u00fane <strong>Luis Fabiano<\/strong>, <strong>Den\u00edlson Show<\/strong>, <strong>Leandro Guerreiro<\/strong>, <strong>Alex Silva<\/strong> e <strong>Ronald\u00e3o<\/strong>. A partida busca aproximar o torcedor dos \u00eddolos que participaram de conquistas importantes do S\u00e3o Paulo.<\/p>\n<h3 class=\"wp-block-heading\"><strong>Exposi\u00e7\u00e3o sobre Ra\u00ed<\/strong><\/h3>\n<p>No dia <strong>31 de outubro<\/strong>, o p\u00fablico poder\u00e1 visitar uma <strong>exposi\u00e7\u00e3o sobre Ra\u00ed<\/strong>, ex-camisa 10 do clube. O espa\u00e7o apresenta <strong>camisetas<\/strong>, <strong>chuteiras<\/strong> e <strong>itens autografados<\/strong> que fizeram parte da trajet\u00f3ria do jogador no S\u00e3o Paulo.<\/p>\n<h3 class=\"wp-block-heading\"><strong>Ingressos e setores<\/strong><\/h3>\n<p>Os ingressos est\u00e3o dispon\u00edveis com valores entre <strong>R$ 20 e R$ 30<\/strong>, com meia-entrada liberada para todos os setores:<\/p>\n<ul class=\"wp-block-list\">\n<li><strong>Setor Ouro:<\/strong> R$ 30<\/li>\n<li><strong>Setor Prata:<\/strong> R$ 30<\/li>\n<li><strong>Arquibancada:<\/strong> R$ 20<\/li>\n<\/ul>\n<p>O pagamento ocorre via <strong>PIX<\/strong>, com limite de seis ingressos por CPF.<\/p>\n<p>O <strong>Camarote Hard Rock<\/strong> oferece op\u00e7\u00f5es exclusivas:<\/p>\n<ul class=\"wp-block-list\">\n<li>Hard Rock Jogo \u2013 Adulto: R$ 150<\/li>\n<li>Hard Rock Jogo \u2013 Crian\u00e7a (3 a 10 anos): R$ 75<\/li>\n<li>Hard Rock Festa \u2013 Adulto: R$ 100 (com consuma\u00e7\u00e3o)<\/li>\n<li>Hard Rock Festa \u2013 Crian\u00e7a: R$ 50 (com consuma\u00e7\u00e3o)<\/li>\n<\/ul>\n<p>Crian\u00e7as de at\u00e9 dois anos t\u00eam entrada gratuita mediante retirada de ingresso no dia do evento. Para participar da festa e do jogo, \u00e9 necess\u00e1rio adquirir os dois ingressos.<\/p>\n<h3 class=\"wp-block-heading\"><strong>Shoppings oferecem benef\u00edcios exclusivos para torcedores do S\u00e3o Paulo<\/strong><\/h3>\n<p>O <strong>Ribeir\u00e3o Shopping<\/strong> e o <strong>Shopping Santa \u00darsula<\/strong> promovem a\u00e7\u00f5es para ampliar a experi\u00eancia dos torcedores. Clientes das categorias <strong>Silver<\/strong>, <strong>Gold<\/strong> e <strong>Platinum<\/strong> do programa <strong>App Multi<\/strong> podem trocar pontos por <strong>ingressos VIP<\/strong>, <strong>acesso \u00e0 Su\u00edte Multi na Arena NicNet<\/strong>, <strong>camisas autografadas<\/strong> e <strong>participa\u00e7\u00e3o na festa p\u00f3s-jogo<\/strong>.<\/p>\n<p>Vale ressaltar que o <strong>shopping Santa \u00darsula<\/strong> tamb\u00e9m \u00e9 ponto de venda oficial de ingressos do evento, na loja Bola Show, localizada no Piso T\u00e9rreo.<\/p>\n<div class=\"wp-block-image\">\n<figure class=\"aligncenter size-full is-resized\"><img data-recalc-dims=\"1\" fetchpriority=\"high\" decoding=\"async\" width=\"1024\" height=\"768\" src=\"https:\/\/i0.wp.com\/cdn.media-acidadeon.com.br\/ribeiraopreto\/wp-content\/uploads\/sites\/3\/2025\/10\/image_2025-10-29_21-00-54.webp?resize=1024%2C768&#038;ssl=1\" alt=\"jogo\" class=\"wp-image-134005\" style=\"width:755px;height:auto\" title=\"Saiba tudo sobre o jogo comemorativo do S\u00e3o Paulo em Ribeir\u00e3o Preto 1\" srcset=\"https:\/\/cdn.media-acidadeon.com.br\/ribeiraopreto\/wp-content\/uploads\/sites\/3\/2025\/10\/image_2025-10-29_21-00-54.webp 1024w, https:\/\/cdn.media-acidadeon.com.br\/ribeiraopreto\/wp-content\/uploads\/sites\/3\/2025\/10\/image_2025-10-29_21-00-54-300x225.webp 300w, https:\/\/cdn.media-acidadeon.com.br\/ribeiraopreto\/wp-content\/uploads\/sites\/3\/2025\/10\/image_2025-10-29_21-00-54-768x576.webp 768w, https:\/\/cdn.media-acidadeon.com.br\/ribeiraopreto\/wp-content\/uploads\/sites\/3\/2025\/10\/image_2025-10-29_21-00-54-696x522.webp 696w\" sizes=\"(max-width: 1024px) 100vw, 1024px\"\/><figcaption class=\"wp-element-caption\">Foto: Divulga\u00e7\u00e3o<\/figcaption><\/figure>\n<\/div>\n<hr class=\"wp-block-separator has-alpha-channel-opacity\"\/>\n<p>SAIBA MAIS<\/p>\n<p>Dan\u00e7a, m\u00fasica e culin\u00e1ria africana marcam projeto de Fanta Konat\u00ea em Ribeir\u00e3o Preto<\/p>\n<h2 class=\"wp-block-heading\"><strong>FIQUE ON<\/strong><\/h2>\n<p>Fique ligado em tudo que acontece em Ribeir\u00e3o Preto e regi\u00e3o. Siga os perfis do\u00a0<strong>acidade on<\/strong>\u00a0no<a href=\"https:\/\/www.instagram.com\/acidadeonribeirao\" target=\"_blank\" rel=\"noreferrer noopener\">\u00a0Instagram\u00a0<\/a>e no\u00a0<a href=\"https:\/\/www.facebook.com\/acidadeonribeirao\/\" target=\"_blank\" rel=\"noreferrer noopener\">Facebook<\/a>.<\/p>\n<p>Receba not\u00edcias do<strong>\u00a0acidade on<\/strong>\u00a0no WhatsApp. Para entrar no grupo,\u00a0basta\u00a0<a href=\"https:\/\/chat.whatsapp.com\/I4nieTEMKlf50pJ28aMemC?mode=ac_t\" target=\"_blank\" rel=\"noreferrer noopener\">clicar aqui<\/a>. Ou, acesse o nosso\u00a0Canal\u00a0<a href=\"https:\/\/whatsapp.com\/channel\/0029Vb6IQl1JENyAeS57fk2p\" target=\"_blank\" rel=\"noreferrer noopener\">clicando aqui<\/a>.<\/p>\n<p>Fa\u00e7a uma den\u00fancia ou sugira uma reportagem sobre Ribeir\u00e3o Preto e regi\u00e3o pelo WhatsApp: 16 99117 7802.<\/p>\n<p>VEJA TAMB\u00c9M<\/p>\n<p>James Gunn vai deixar a DC?<\/p>\n<p><!-- AI CONTENT END 1 -->\n<\/div>\n<p><script async src=\"\/\/www.instagram.com\/embed.js\"><\/script><br \/>\n<br \/><br \/>\n<br \/><a href=\"https:\/\/www.acidadeon.com\/ribeiraopreto\/esportes\/saiba-tudo-sobre-o-jogo-comemorativo-do-sao-paulo-em-ribeirao-preto\/\">Source link <\/a><\/p>\n<!-- CONTENT END 1 -->\n","protected":false},"excerpt":{"rendered":"<p>O S\u00e3o Paulo Futebol Clube realiza no dia 1\u00ba de novembro, em Ribeir\u00e3o Preto, uma partida comemorativa pelos 20 anos do t\u00edtulo mundial conquistado em&#8230;<\/p>\n","protected":false},"author":1,"featured_media":78711,"comment_status":"open","ping_status":"open","sticky":false,"template":"","format":"standard","meta":{"advanced_seo_description":"","jetpack_seo_html_title":"","jetpack_seo_noindex":false,"jetpack_post_was_ever_published":false,"_jetpack_newsletter_access":"","_jetpack_dont_email_post_to_subs":false,"_jetpack_newsletter_tier_id":0,"_jetpack_memberships_contains_paywalled_content":false,"_jetpack_memberships_contains_paid_content":false,"footnotes":"","jetpack_publicize_message":"","jetpack_publicize_feature_enabled":true,"jetpack_social_post_already_shared":true,"jetpack_social_options":{"image_generator_settings":{"template":"highway","default_image_id":0,"font":"","enabled":false},"version":2}},"categories":[11],"tags":[],"class_list":["post-79337","post","type-post","status-publish","format-standard","has-post-thumbnail","hentry","category-noticias-de-ribeirao-preto-sp-e-regiao-ismael-colosi"],"jetpack_publicize_connections":[],"jetpack_featured_media_url":"https:\/\/i0.wp.com\/noticiasribeiraopreto.com.br\/wp-content\/uploads\/2025\/10\/Copia-de-Copia-de-Copia-de-TAMANHO-EXATO-PARA-FOTOS-NO-SISTEMA-NOVO-2025-10-16T154650.796_2025-10-16_18-47-51.webp.webp?fit=1200%2C675&ssl=1","jetpack-related-posts":[{"id":78710,"url":"https:\/\/noticiasribeiraopreto.com.br\/index.php\/2025\/10\/16\/ribeirao-preto-recebe-idolos-do-sao-paulo-em-jogo-comemorativo-dos-20-anos-do-titulo-mundial\/","url_meta":{"origin":79337,"position":0},"title":"Ribeir\u00e3o Preto recebe \u00eddolos do S\u00e3o Paulo em jogo comemorativo dos 20 anos do t\u00edtulo mundial","author":"noticiasribeiraopreto.com.br","date":"16 de October de 2025","format":false,"excerpt":"Ribeir\u00e3o Preto recebe, no dia 1\u00ba de novembro, a partida comemorativa pelos 20 anos do t\u00edtulo mundial do S\u00e3o Paulo. O evento acontecer\u00e1 na Arena NicNet e reunir\u00e1 \u00eddolos que marcaram a hist\u00f3ria do clube. O jogo contar\u00e1 com dois elencos: o Time Campe\u00e3o Mundial de 2005, com Diego Lugano,\u2026","rel":"","context":"In &quot;Not\u00edcias de Ribeir\u00e3o Preto-SP e Regi\u00e3o&quot;","block_context":{"text":"Not\u00edcias de Ribeir\u00e3o Preto-SP e Regi\u00e3o","link":"https:\/\/noticiasribeiraopreto.com.br\/index.php\/category\/noticias-de-ribeirao-preto-sp-e-regiao-ismael-colosi\/"},"img":{"alt_text":"","src":"https:\/\/i0.wp.com\/noticiasribeiraopreto.com.br\/wp-content\/uploads\/2025\/10\/Copia-de-Copia-de-Copia-de-TAMANHO-EXATO-PARA-FOTOS-NO-SISTEMA-NOVO-2025-10-16T154650.796_2025-10-16_18-47-51.webp.webp?fit=1200%2C675&ssl=1&resize=350%2C200","width":350,"height":200,"srcset":"https:\/\/i0.wp.com\/noticiasribeiraopreto.com.br\/wp-content\/uploads\/2025\/10\/Copia-de-Copia-de-Copia-de-TAMANHO-EXATO-PARA-FOTOS-NO-SISTEMA-NOVO-2025-10-16T154650.796_2025-10-16_18-47-51.webp.webp?fit=1200%2C675&ssl=1&resize=350%2C200 1x, https:\/\/i0.wp.com\/noticiasribeiraopreto.com.br\/wp-content\/uploads\/2025\/10\/Copia-de-Copia-de-Copia-de-TAMANHO-EXATO-PARA-FOTOS-NO-SISTEMA-NOVO-2025-10-16T154650.796_2025-10-16_18-47-51.webp.webp?fit=1200%2C675&ssl=1&resize=525%2C300 1.5x, https:\/\/i0.wp.com\/noticiasribeiraopreto.com.br\/wp-content\/uploads\/2025\/10\/Copia-de-Copia-de-Copia-de-TAMANHO-EXATO-PARA-FOTOS-NO-SISTEMA-NOVO-2025-10-16T154650.796_2025-10-16_18-47-51.webp.webp?fit=1200%2C675&ssl=1&resize=700%2C400 2x, https:\/\/i0.wp.com\/noticiasribeiraopreto.com.br\/wp-content\/uploads\/2025\/10\/Copia-de-Copia-de-Copia-de-TAMANHO-EXATO-PARA-FOTOS-NO-SISTEMA-NOVO-2025-10-16T154650.796_2025-10-16_18-47-51.webp.webp?fit=1200%2C675&ssl=1&resize=1050%2C600 3x"},"classes":[]},{"id":62187,"url":"https:\/\/noticiasribeiraopreto.com.br\/index.php\/2025\/01\/06\/craque-do-penta-acompanha-filhos-na-disputa-da-copinha-na-regiao-de-ribeirao-preto\/","url_meta":{"origin":79337,"position":1},"title":"Craque do Penta acompanha filhos na disputa da Copinha na regi\u00e3o de\u00a0Ribeir\u00e3o\u00a0Preto","author":"noticiasribeiraopreto.com.br","date":"6 de January de 2025","format":false,"excerpt":"A partida entre Retr\u00f4 e Vit\u00f3ria, v\u00e1lida pela segunda rodada da Copa S\u00e3o Paulo de Futebol J\u00fanior, aconteceu nesta segunda-feira (6), em Cravinhos, e teve um destaque especial nas arquibancadas: o pentacampe\u00e3o mundial Rivaldo. O ex-jogador estava presente para apoiar seus filhos, o atacante Isaque e o zagueiro Jo\u00e3o Vitor,\u2026","rel":"","context":"In &quot;Not\u00edcias de Ribeir\u00e3o Preto-SP e Regi\u00e3o&quot;","block_context":{"text":"Not\u00edcias de Ribeir\u00e3o Preto-SP e Regi\u00e3o","link":"https:\/\/noticiasribeiraopreto.com.br\/index.php\/category\/noticias-de-ribeirao-preto-sp-e-regiao-ismael-colosi\/"},"img":{"alt_text":"","src":"https:\/\/i0.wp.com\/noticiasribeiraopreto.com.br\/wp-content\/uploads\/2025\/01\/Copia-de-Copia-de-Copia-de-TAMANHO-EXATO-PARA-FOTOS-NO-SISTEMA-NOVO-2025-01-06T181754.921_2025-01-06_21-18-57_png_2025-01-06_21-18-57.webp.webp?fit=1200%2C675&ssl=1&resize=350%2C200","width":350,"height":200,"srcset":"https:\/\/i0.wp.com\/noticiasribeiraopreto.com.br\/wp-content\/uploads\/2025\/01\/Copia-de-Copia-de-Copia-de-TAMANHO-EXATO-PARA-FOTOS-NO-SISTEMA-NOVO-2025-01-06T181754.921_2025-01-06_21-18-57_png_2025-01-06_21-18-57.webp.webp?fit=1200%2C675&ssl=1&resize=350%2C200 1x, https:\/\/i0.wp.com\/noticiasribeiraopreto.com.br\/wp-content\/uploads\/2025\/01\/Copia-de-Copia-de-Copia-de-TAMANHO-EXATO-PARA-FOTOS-NO-SISTEMA-NOVO-2025-01-06T181754.921_2025-01-06_21-18-57_png_2025-01-06_21-18-57.webp.webp?fit=1200%2C675&ssl=1&resize=525%2C300 1.5x, https:\/\/i0.wp.com\/noticiasribeiraopreto.com.br\/wp-content\/uploads\/2025\/01\/Copia-de-Copia-de-Copia-de-TAMANHO-EXATO-PARA-FOTOS-NO-SISTEMA-NOVO-2025-01-06T181754.921_2025-01-06_21-18-57_png_2025-01-06_21-18-57.webp.webp?fit=1200%2C675&ssl=1&resize=700%2C400 2x, https:\/\/i0.wp.com\/noticiasribeiraopreto.com.br\/wp-content\/uploads\/2025\/01\/Copia-de-Copia-de-Copia-de-TAMANHO-EXATO-PARA-FOTOS-NO-SISTEMA-NOVO-2025-01-06T181754.921_2025-01-06_21-18-57_png_2025-01-06_21-18-57.webp.webp?fit=1200%2C675&ssl=1&resize=1050%2C600 3x"},"classes":[]},{"id":71084,"url":"https:\/\/noticiasribeiraopreto.com.br\/index.php\/2025\/06\/02\/veja-os-confrontos-das-oitavas-de-final-da-libertadores-2025\/","url_meta":{"origin":79337,"position":2},"title":"Veja os confrontos das oitavas de final da Libertadores 2025","author":"noticiasribeiraopreto.com.br","date":"2 de June de 2025","format":false,"excerpt":"O sorteio dos confrontos das oitavas de final da Libertadores 2025 aconteceu nesta segunda-feira (2), a partir das 12h \u2013 veja o v\u00eddeo acima. O sorteio foi realizado na sede da Conmebol, em Luque, no Paraguai. Os times classificados foram divididos em dois potes: no pote 1 estar\u00e3o os l\u00edderes\u2026","rel":"","context":"In &quot;Not\u00edcias de Ribeir\u00e3o Preto-SP e Regi\u00e3o&quot;","block_context":{"text":"Not\u00edcias de Ribeir\u00e3o Preto-SP e Regi\u00e3o","link":"https:\/\/noticiasribeiraopreto.com.br\/index.php\/category\/noticias-de-ribeirao-preto-sp-e-regiao-ismael-colosi\/"},"img":{"alt_text":"","src":"https:\/\/i0.wp.com\/noticiasribeiraopreto.com.br\/wp-content\/uploads\/2025\/06\/sorteio_da_1200x675_25032022133111.jpg?fit=1200%2C675&ssl=1&resize=350%2C200","width":350,"height":200,"srcset":"https:\/\/i0.wp.com\/noticiasribeiraopreto.com.br\/wp-content\/uploads\/2025\/06\/sorteio_da_1200x675_25032022133111.jpg?fit=1200%2C675&ssl=1&resize=350%2C200 1x, https:\/\/i0.wp.com\/noticiasribeiraopreto.com.br\/wp-content\/uploads\/2025\/06\/sorteio_da_1200x675_25032022133111.jpg?fit=1200%2C675&ssl=1&resize=525%2C300 1.5x, https:\/\/i0.wp.com\/noticiasribeiraopreto.com.br\/wp-content\/uploads\/2025\/06\/sorteio_da_1200x675_25032022133111.jpg?fit=1200%2C675&ssl=1&resize=700%2C400 2x, https:\/\/i0.wp.com\/noticiasribeiraopreto.com.br\/wp-content\/uploads\/2025\/06\/sorteio_da_1200x675_25032022133111.jpg?fit=1200%2C675&ssl=1&resize=1050%2C600 3x"},"classes":[]},{"id":72560,"url":"https:\/\/noticiasribeiraopreto.com.br\/index.php\/2025\/06\/18\/shopping-de-ribeirao-preto-recebe-exposicao-gratuita-de-veiculos-antigos\/","url_meta":{"origin":79337,"position":3},"title":"Shopping de Ribeir\u00e3o Preto recebe exposi\u00e7\u00e3o gratuita de ve\u00edculos antigos","author":"noticiasribeiraopreto.com.br","date":"18 de June de 2025","format":false,"excerpt":"Em junho, o Faixa Branca \u2013 Clube do Carro Antigo de Ribeir\u00e3o Preto comemora 36 anos de funda\u00e7\u00e3o com uma mostra gratuita de ve\u00edculos antigos, que teve in\u00edcio no \u00faltimo dia 14 e segue at\u00e9 domingo (29), no Novo Shopping, localizado na zona Leste da cidade. A mostra tamb\u00e9m integra\u2026","rel":"","context":"In &quot;Not\u00edcias de Ribeir\u00e3o Preto-SP e Regi\u00e3o&quot;","block_context":{"text":"Not\u00edcias de Ribeir\u00e3o Preto-SP e Regi\u00e3o","link":"https:\/\/noticiasribeiraopreto.com.br\/index.php\/category\/noticias-de-ribeirao-preto-sp-e-regiao-ismael-colosi\/"},"img":{"alt_text":"","src":"https:\/\/i0.wp.com\/noticiasribeiraopreto.com.br\/wp-content\/uploads\/2025\/06\/e3914dca-f319-8e78-1e31-c5dab9425b14_2025-06-18_12-24-21.webp.webp?fit=720%2C720&ssl=1&resize=350%2C200","width":350,"height":200,"srcset":"https:\/\/i0.wp.com\/noticiasribeiraopreto.com.br\/wp-content\/uploads\/2025\/06\/e3914dca-f319-8e78-1e31-c5dab9425b14_2025-06-18_12-24-21.webp.webp?fit=720%2C720&ssl=1&resize=350%2C200 1x, https:\/\/i0.wp.com\/noticiasribeiraopreto.com.br\/wp-content\/uploads\/2025\/06\/e3914dca-f319-8e78-1e31-c5dab9425b14_2025-06-18_12-24-21.webp.webp?fit=720%2C720&ssl=1&resize=525%2C300 1.5x, https:\/\/i0.wp.com\/noticiasribeiraopreto.com.br\/wp-content\/uploads\/2025\/06\/e3914dca-f319-8e78-1e31-c5dab9425b14_2025-06-18_12-24-21.webp.webp?fit=720%2C720&ssl=1&resize=700%2C400 2x"},"classes":[]},{"id":64030,"url":"https:\/\/noticiasribeiraopreto.com.br\/index.php\/2025\/02\/27\/jogadores-de-time-do-interior-de-sp-sao-furtados-no-vestiario-durante-partida\/","url_meta":{"origin":79337,"position":4},"title":"Jogadores de time do interior de SP s\u00e3o furtados no vesti\u00e1rio durante partida","author":"noticiasribeiraopreto.com.br","date":"27 de February de 2025","format":false,"excerpt":"Na tarde desta quinta-feira (27), o Clube Atl\u00e9tico Taquaritinga denunciou um furto no vesti\u00e1rio durante a partida contra a Penapolense, na quarta-feira (26), no Est\u00e1dio Municipal Tenente Carri\u00e7o, em Pen\u00e1polis. Atletas do clube tiveram itens pessoais, como celulares e outros objetos de valor, furtados enquanto estavam em campo. Segundo nota\u2026","rel":"","context":"In &quot;Not\u00edcias de Ribeir\u00e3o Preto-SP e Regi\u00e3o&quot;","block_context":{"text":"Not\u00edcias de Ribeir\u00e3o Preto-SP e Regi\u00e3o","link":"https:\/\/noticiasribeiraopreto.com.br\/index.php\/category\/noticias-de-ribeirao-preto-sp-e-regiao-ismael-colosi\/"},"img":{"alt_text":"","src":"https:\/\/i0.wp.com\/noticiasribeiraopreto.com.br\/wp-content\/uploads\/2025\/02\/Copia-de-Copia-de-Copia-de-TAMANHO-EXATO-PARA-FOTOS-NO-SISTEMA-NOVO-2025-02-27T181405.685_2025-02-27_21-14-09_png_2025-02-27_21-14-09.webp.webp?fit=1200%2C675&ssl=1&resize=350%2C200","width":350,"height":200,"srcset":"https:\/\/i0.wp.com\/noticiasribeiraopreto.com.br\/wp-content\/uploads\/2025\/02\/Copia-de-Copia-de-Copia-de-TAMANHO-EXATO-PARA-FOTOS-NO-SISTEMA-NOVO-2025-02-27T181405.685_2025-02-27_21-14-09_png_2025-02-27_21-14-09.webp.webp?fit=1200%2C675&ssl=1&resize=350%2C200 1x, https:\/\/i0.wp.com\/noticiasribeiraopreto.com.br\/wp-content\/uploads\/2025\/02\/Copia-de-Copia-de-Copia-de-TAMANHO-EXATO-PARA-FOTOS-NO-SISTEMA-NOVO-2025-02-27T181405.685_2025-02-27_21-14-09_png_2025-02-27_21-14-09.webp.webp?fit=1200%2C675&ssl=1&resize=525%2C300 1.5x, https:\/\/i0.wp.com\/noticiasribeiraopreto.com.br\/wp-content\/uploads\/2025\/02\/Copia-de-Copia-de-Copia-de-TAMANHO-EXATO-PARA-FOTOS-NO-SISTEMA-NOVO-2025-02-27T181405.685_2025-02-27_21-14-09_png_2025-02-27_21-14-09.webp.webp?fit=1200%2C675&ssl=1&resize=700%2C400 2x, https:\/\/i0.wp.com\/noticiasribeiraopreto.com.br\/wp-content\/uploads\/2025\/02\/Copia-de-Copia-de-Copia-de-TAMANHO-EXATO-PARA-FOTOS-NO-SISTEMA-NOVO-2025-02-27T181405.685_2025-02-27_21-14-09_png_2025-02-27_21-14-09.webp.webp?fit=1200%2C675&ssl=1&resize=1050%2C600 3x"},"classes":[]},{"id":58362,"url":"https:\/\/noticiasribeiraopreto.com.br\/index.php\/2024\/09\/25\/dirigivel-contratado-pelo-sao-paulo-cai-durante-acao-veja-video\/","url_meta":{"origin":79337,"position":5},"title":"Dirig\u00edvel contratado pelo S\u00e3o Paulo cai durante a\u00e7\u00e3o; Veja v\u00eddeo","author":"noticiasribeiraopreto.com.br","date":"25 de September de 2024","format":false,"excerpt":"Diversos v\u00eddeos divulgados nas redes sociais mostram o momento em que um dirig\u00edvel que fazia uma a\u00e7\u00e3o para o S\u00e3o Paulo FC caiu em um bairro de Osasco, no come\u00e7o da tarde desta quarta-feira (25) \u2013 veja abaixo. Nas imagens \u00e9 poss\u00edvel ver o momento em que moradores da regi\u00e3o\u2026","rel":"","context":"In &quot;Not\u00edcias de Ribeir\u00e3o Preto-SP e Regi\u00e3o&quot;","block_context":{"text":"Not\u00edcias de Ribeir\u00e3o Preto-SP e Regi\u00e3o","link":"https:\/\/noticiasribeiraopreto.com.br\/index.php\/category\/noticias-de-ribeirao-preto-sp-e-regiao-ismael-colosi\/"},"img":{"alt_text":"","src":"https:\/\/i0.wp.com\/noticiasribeiraopreto.com.br\/wp-content\/uploads\/2024\/09\/Copia-de-Copia-de-Copia-de-TAMANHO-EXATO-PARA-FOTOS-NO-SISTEMA-NOVO-76_2024-09-25_18-12-09_png_2024-09-25_18-12-09.webp.webp?fit=1200%2C675&ssl=1&resize=350%2C200","width":350,"height":200,"srcset":"https:\/\/i0.wp.com\/noticiasribeiraopreto.com.br\/wp-content\/uploads\/2024\/09\/Copia-de-Copia-de-Copia-de-TAMANHO-EXATO-PARA-FOTOS-NO-SISTEMA-NOVO-76_2024-09-25_18-12-09_png_2024-09-25_18-12-09.webp.webp?fit=1200%2C675&ssl=1&resize=350%2C200 1x, https:\/\/i0.wp.com\/noticiasribeiraopreto.com.br\/wp-content\/uploads\/2024\/09\/Copia-de-Copia-de-Copia-de-TAMANHO-EXATO-PARA-FOTOS-NO-SISTEMA-NOVO-76_2024-09-25_18-12-09_png_2024-09-25_18-12-09.webp.webp?fit=1200%2C675&ssl=1&resize=525%2C300 1.5x, https:\/\/i0.wp.com\/noticiasribeiraopreto.com.br\/wp-content\/uploads\/2024\/09\/Copia-de-Copia-de-Copia-de-TAMANHO-EXATO-PARA-FOTOS-NO-SISTEMA-NOVO-76_2024-09-25_18-12-09_png_2024-09-25_18-12-09.webp.webp?fit=1200%2C675&ssl=1&resize=700%2C400 2x, https:\/\/i0.wp.com\/noticiasribeiraopreto.com.br\/wp-content\/uploads\/2024\/09\/Copia-de-Copia-de-Copia-de-TAMANHO-EXATO-PARA-FOTOS-NO-SISTEMA-NOVO-76_2024-09-25_18-12-09_png_2024-09-25_18-12-09.webp.webp?fit=1200%2C675&ssl=1&resize=1050%2C600 3x"},"classes":[]}],"jetpack_sharing_enabled":true,"jetpack_shortlink":"https:\/\/wp.me\/peQAOb-kDD","_links":{"self":[{"href":"https:\/\/noticiasribeiraopreto.com.br\/index.php\/wp-json\/wp\/v2\/posts\/79337","targetHints":{"allow":["GET"]}}],"collection":[{"href":"https:\/\/noticiasribeiraopreto.com.br\/index.php\/wp-json\/wp\/v2\/posts"}],"about":[{"href":"https:\/\/noticiasribeiraopreto.com.br\/index.php\/wp-json\/wp\/v2\/types\/post"}],"author":[{"embeddable":true,"href":"https:\/\/noticiasribeiraopreto.com.br\/index.php\/wp-json\/wp\/v2\/users\/1"}],"replies":[{"embeddable":true,"href":"https:\/\/noticiasribeiraopreto.com.br\/index.php\/wp-json\/wp\/v2\/comments?post=79337"}],"version-history":[{"count":0,"href":"https:\/\/noticiasribeiraopreto.com.br\/index.php\/wp-json\/wp\/v2\/posts\/79337\/revisions"}],"wp:featuredmedia":[{"embeddable":true,"href":"https:\/\/noticiasribeiraopreto.com.br\/index.php\/wp-json\/wp\/v2\/media\/78711"}],"wp:attachment":[{"href":"https:\/\/noticiasribeiraopreto.com.br\/index.php\/wp-json\/wp\/v2\/media?parent=79337"}],"wp:term":[{"taxonomy":"category","embeddable":true,"href":"https:\/\/noticiasribeiraopreto.com.br\/index.php\/wp-json\/wp\/v2\/categories?post=79337"},{"taxonomy":"post_tag","embeddable":true,"href":"https:\/\/noticiasribeiraopreto.com.br\/index.php\/wp-json\/wp\/v2\/tags?post=79337"}],"curies":[{"name":"wp","href":"https:\/\/api.w.org\/{rel}","templated":true}]}}