{"id":79338,"date":"2025-10-29T19:34:24","date_gmt":"2025-10-29T22:34:24","guid":{"rendered":"https:\/\/noticiasribeiraopreto.com.br\/index.php\/2025\/10\/29\/prefeitura-de-ribeirao-anuncia-novo-secretario-de-educacao\/"},"modified":"2025-10-29T19:34:24","modified_gmt":"2025-10-29T22:34:24","slug":"prefeitura-de-ribeirao-anuncia-novo-secretario-de-educacao","status":"publish","type":"post","link":"https:\/\/noticiasribeiraopreto.com.br\/index.php\/2025\/10\/29\/prefeitura-de-ribeirao-anuncia-novo-secretario-de-educacao\/","title":{"rendered":"Prefeitura de Ribeir\u00e3o anuncia novo secret\u00e1rio de Educa\u00e7\u00e3o"},"content":{"rendered":"<div class='code-block code-block-1' style='margin: 8px 0 8px auto; text-align: right; display: block; clear: both;'>\n<p><a href=\"https:\/\/wa.link\/vpicfd\"><img data-recalc-dims=\"1\" class=\"wp-image-4922\" style=\"aspect-ratio: 2.0253164556962027; width: 561px; height: auto;\" src=\"https:\/\/i0.wp.com\/ismaelcolosi.com.br\/wp-content\/uploads\/2023\/11\/grupo-de-empregos-whatsapp-e-facebook-ismael-colosi-vagas.jpg?ssl=1\" alt=\"\" \/><\/a><\/p>\n<!-- \/wp:image -->\n<\/div>\n<p> <br \/>\n<\/p>\n<div data-td-block-uid=\"tdi_95\">\n<div class=\"tdb-block-inner td-fix-index\">\n<p>A <strong>Prefeitura de Ribeir\u00e3o Preto<\/strong> anunciou, na tarde desta quarta-feira (29), a sa\u00edda do secret\u00e1rio municipal de Educa\u00e7\u00e3o, <strong>Valdir Martins<\/strong>. De acordo com o Executivo, <strong>o desligamento ocorre por motivos pessoais<\/strong>.<\/p>\n<p><strong>Valdir foi nomeado em janeiro de 2025<\/strong> e, segundo a Administra\u00e7\u00e3o, \u201ccontribuiu para a organiza\u00e7\u00e3o administrativa, o fortalecimento pedag\u00f3gico e o di\u00e1logo com as escolas da rede\u201d.<\/p>\n<p>No comunicado, a <strong>Prefeitura<\/strong> informou ainda que a <strong>Secretaria de Educa\u00e7\u00e3o ser\u00e1 conduzida interinamente por Christian Viana Oliveira<\/strong>, servidor da rede municipal desde 2009.<\/p>\n<figure class=\"wp-block-pullquote\">\n<blockquote>\n<p>Agrade\u00e7o ao professor Valdir pelo compromisso, pela seriedade e pela dedica\u00e7\u00e3o com que conduziu a Secretaria da Educa\u00e7\u00e3o neste per\u00edodo. Seu trabalho foi essencial para fortalecer a nossa rede e consolidar importantes avan\u00e7os. Desejo sucesso em seus novos projetos e que continue contribuindo com a educa\u00e7\u00e3o, onde quer que esteja<\/p>\n<\/blockquote>\n<\/figure>\n<div class=\"wp-block-image\">\n<figure class=\"aligncenter size-large is-resized\"><img data-recalc-dims=\"1\" fetchpriority=\"high\" decoding=\"async\" width=\"1024\" height=\"768\" src=\"https:\/\/i0.wp.com\/cdn.media-acidadeon.com.br\/ribeiraopreto\/wp-content\/uploads\/sites\/3\/2025\/10\/WhatsApp-Image-2025-01-01-at-14.55.06-1_2025-01-01_18-15-30_jpeg_2025-01-01_18-15-30-1024x768.webp?resize=1024%2C768&#038;ssl=1\" alt=\"Valdir Martins durante posse no dia 1\u00ba de janeiro de 205 - Foto: V\u00edtor Neves\/ acidade on.\" class=\"wp-image-134001\" style=\"width:654px\" title=\"Prefeitura de Ribeir\u00e3o anuncia novo secret\u00e1rio de Educa\u00e7\u00e3o 1\" srcset=\"https:\/\/cdn.media-acidadeon.com.br\/ribeiraopreto\/wp-content\/uploads\/sites\/3\/2025\/10\/WhatsApp-Image-2025-01-01-at-14.55.06-1_2025-01-01_18-15-30_jpeg_2025-01-01_18-15-30-1024x768.webp 1024w, https:\/\/cdn.media-acidadeon.com.br\/ribeiraopreto\/wp-content\/uploads\/sites\/3\/2025\/10\/WhatsApp-Image-2025-01-01-at-14.55.06-1_2025-01-01_18-15-30_jpeg_2025-01-01_18-15-30-300x225.webp 300w, https:\/\/cdn.media-acidadeon.com.br\/ribeiraopreto\/wp-content\/uploads\/sites\/3\/2025\/10\/WhatsApp-Image-2025-01-01-at-14.55.06-1_2025-01-01_18-15-30_jpeg_2025-01-01_18-15-30-768x576.webp 768w, https:\/\/cdn.media-acidadeon.com.br\/ribeiraopreto\/wp-content\/uploads\/sites\/3\/2025\/10\/WhatsApp-Image-2025-01-01-at-14.55.06-1_2025-01-01_18-15-30_jpeg_2025-01-01_18-15-30-1536x1152.webp 1536w, https:\/\/cdn.media-acidadeon.com.br\/ribeiraopreto\/wp-content\/uploads\/sites\/3\/2025\/10\/WhatsApp-Image-2025-01-01-at-14.55.06-1_2025-01-01_18-15-30_jpeg_2025-01-01_18-15-30-696x522.webp 696w, https:\/\/cdn.media-acidadeon.com.br\/ribeiraopreto\/wp-content\/uploads\/sites\/3\/2025\/10\/WhatsApp-Image-2025-01-01-at-14.55.06-1_2025-01-01_18-15-30_jpeg_2025-01-01_18-15-30-1068x801.webp 1068w, https:\/\/cdn.media-acidadeon.com.br\/ribeiraopreto\/wp-content\/uploads\/sites\/3\/2025\/10\/WhatsApp-Image-2025-01-01-at-14.55.06-1_2025-01-01_18-15-30_jpeg_2025-01-01_18-15-30.webp 1600w\" sizes=\"(max-width: 1024px) 100vw, 1024px\"\/><figcaption class=\"wp-element-caption\">Valdir Martins durante posse no dia 1\u00ba de janeiro de 205 \u2013 Foto: V\u00edtor Neves\/ acidade on.<\/figcaption><\/figure>\n<\/div>\n<h2 class=\"wp-block-heading\"><strong>Quem \u00e9 o novo secret\u00e1rio?<\/strong><\/h2>\n<p>Licenciado em Educa\u00e7\u00e3o F\u00edsica e Pedagogia, mestre pela Unesp (Universidade Estadual Paulista) e doutorando na <strong>USP (Universidade de S\u00e3o Paulo)<\/strong>, <strong>Christian <\/strong>tem experi\u00eancia como professor, gestor e formador.<\/p>\n<p>\u201cCom o professor Christian, como secret\u00e1rio interino, seguimos firmes na miss\u00e3o de fortalecer a educa\u00e7\u00e3o p\u00fablica, garantindo estabilidade, continuidade e novos avan\u00e7os para nossas escolas e profissionais\u201d, disse o <strong>prefeito Ricardo Silva<\/strong>.<\/p>\n<hr class=\"wp-block-separator has-alpha-channel-opacity\"\/>\n<p>SAIBA MAIS<\/p>\n<p>Dan\u00e7a, m\u00fasica e culin\u00e1ria africana marcam projeto de Fanta Konat\u00ea em Ribeir\u00e3o Preto<\/p>\n<h2 class=\"wp-block-heading\"><strong>FIQUE ON<\/strong><\/h2>\n<p>Fique ligado em tudo que acontece em Ribeir\u00e3o Preto e regi\u00e3o. Siga os perfis do\u00a0<strong>acidade on<\/strong>\u00a0no<a href=\"https:\/\/www.instagram.com\/acidadeonribeirao\" target=\"_blank\" rel=\"noreferrer noopener\">\u00a0Instagram\u00a0<\/a>e no\u00a0<a href=\"https:\/\/www.facebook.com\/acidadeonribeirao\/\" target=\"_blank\" rel=\"noreferrer noopener\">Facebook<\/a>.<\/p>\n<p>Receba not\u00edcias do<strong>\u00a0acidade on<\/strong>\u00a0no WhatsApp. Para entrar no grupo,\u00a0basta\u00a0<a href=\"https:\/\/chat.whatsapp.com\/I4nieTEMKlf50pJ28aMemC?mode=ac_t\" target=\"_blank\" rel=\"noreferrer noopener\">clicar aqui<\/a>. Ou, acesse o nosso\u00a0Canal\u00a0<a href=\"https:\/\/whatsapp.com\/channel\/0029Vb6IQl1JENyAeS57fk2p\" target=\"_blank\" rel=\"noreferrer noopener\">clicando aqui<\/a>.<\/p>\n<p>Fa\u00e7a uma den\u00fancia ou sugira uma reportagem sobre Ribeir\u00e3o Preto e regi\u00e3o pelo WhatsApp: 16 99117 7802.<\/p>\n<p>VEJA TAMB\u00c9M<\/p>\n<p>James Gunn vai deixar a DC?<\/p>\n<p><!-- AI CONTENT END 1 -->\n<\/div>\n<\/div>\n<p><script async src=\"\/\/www.instagram.com\/embed.js\"><\/script><br \/>\n<br \/><br \/>\n<br \/><a href=\"https:\/\/www.acidadeon.com\/ribeiraopreto\/politica\/prefeitura-de-ribeirao-anuncia-novo-secretario-de-educacao\/\">Source link <\/a><\/p>\n<!-- CONTENT END 1 -->\n","protected":false},"excerpt":{"rendered":"<p>A Prefeitura de Ribeir\u00e3o Preto anunciou, na tarde desta quarta-feira (29), a sa\u00edda do secret\u00e1rio municipal de Educa\u00e7\u00e3o, Valdir Martins. De acordo com o Executivo,&#8230;<\/p>\n","protected":false},"author":1,"featured_media":79339,"comment_status":"open","ping_status":"open","sticky":false,"template":"","format":"standard","meta":{"advanced_seo_description":"","jetpack_seo_html_title":"","jetpack_seo_noindex":false,"jetpack_post_was_ever_published":false,"_jetpack_newsletter_access":"","_jetpack_dont_email_post_to_subs":false,"_jetpack_newsletter_tier_id":0,"_jetpack_memberships_contains_paywalled_content":false,"_jetpack_memberships_contains_paid_content":false,"footnotes":"","jetpack_publicize_message":"","jetpack_publicize_feature_enabled":true,"jetpack_social_post_already_shared":true,"jetpack_social_options":{"image_generator_settings":{"template":"highway","default_image_id":0,"font":"","enabled":false},"version":2}},"categories":[11],"tags":[],"class_list":["post-79338","post","type-post","status-publish","format-standard","has-post-thumbnail","hentry","category-noticias-de-ribeirao-preto-sp-e-regiao-ismael-colosi"],"jetpack_publicize_connections":[],"jetpack_featured_media_url":"https:\/\/i0.wp.com\/noticiasribeiraopreto.com.br\/wp-content\/uploads\/2025\/10\/voguing-4_2025-10-29_20-52-50.webp.webp?fit=1200%2C675&ssl=1","jetpack-related-posts":[{"id":61414,"url":"https:\/\/noticiasribeiraopreto.com.br\/index.php\/2024\/12\/12\/ricardo-silva-define-futuro-secretario-da-educacao-de-ribeirao-preto-confira\/","url_meta":{"origin":79338,"position":0},"title":"Ricardo Silva define futuro secret\u00e1rio da Educa\u00e7\u00e3o de Ribeir\u00e3o Preto; Confira","author":"noticiasribeiraopreto.com.br","date":"12 de December de 2024","format":false,"excerpt":"O prefeito eleito de Ribeir\u00e3o Preto, Ricardo Silva (PSD), anunciou nesta quinta-feira (12) o professor Valdir Martins como futuro secret\u00e1rio da Educa\u00e7\u00e3o. Al\u00e9m dele, foram anunciados os secret\u00e1rios de Governo e Esportes, al\u00e9m dos chefes da GCM (Guarda Civil Metropolitana), Funtec e Comunica\u00e7\u00e3o, al\u00e9m da procuradora-geral do Munic\u00edpio. Primeira-dama assume\u2026","rel":"","context":"In &quot;Not\u00edcias de Ribeir\u00e3o Preto-SP e Regi\u00e3o&quot;","block_context":{"text":"Not\u00edcias de Ribeir\u00e3o Preto-SP e Regi\u00e3o","link":"https:\/\/noticiasribeiraopreto.com.br\/index.php\/category\/noticias-de-ribeirao-preto-sp-e-regiao-ismael-colosi\/"},"img":{"alt_text":"","src":"https:\/\/i0.wp.com\/noticiasribeiraopreto.com.br\/wp-content\/uploads\/2024\/12\/secretarios_2024-12-12_13-08-00_jpg_2024-12-12_13-08-01.webp.webp?fit=1200%2C675&ssl=1&resize=350%2C200","width":350,"height":200,"srcset":"https:\/\/i0.wp.com\/noticiasribeiraopreto.com.br\/wp-content\/uploads\/2024\/12\/secretarios_2024-12-12_13-08-00_jpg_2024-12-12_13-08-01.webp.webp?fit=1200%2C675&ssl=1&resize=350%2C200 1x, https:\/\/i0.wp.com\/noticiasribeiraopreto.com.br\/wp-content\/uploads\/2024\/12\/secretarios_2024-12-12_13-08-00_jpg_2024-12-12_13-08-01.webp.webp?fit=1200%2C675&ssl=1&resize=525%2C300 1.5x, https:\/\/i0.wp.com\/noticiasribeiraopreto.com.br\/wp-content\/uploads\/2024\/12\/secretarios_2024-12-12_13-08-00_jpg_2024-12-12_13-08-01.webp.webp?fit=1200%2C675&ssl=1&resize=700%2C400 2x, https:\/\/i0.wp.com\/noticiasribeiraopreto.com.br\/wp-content\/uploads\/2024\/12\/secretarios_2024-12-12_13-08-00_jpg_2024-12-12_13-08-01.webp.webp?fit=1200%2C675&ssl=1&resize=1050%2C600 3x"},"classes":[]},{"id":62851,"url":"https:\/\/noticiasribeiraopreto.com.br\/index.php\/2025\/01\/26\/secretaria-de-educacao-de-ribeirao-fala-sobre-projetos-de-reconhecimento-e-nao-descarta-bonus-para-servidores-2\/","url_meta":{"origin":79338,"position":1},"title":"Secretaria de Educa\u00e7\u00e3o de Ribeir\u00e3o fala sobre projetos de reconhecimento e n\u00e3o descarta &#8216;b\u00f4nus&#8217; para servidores","author":"noticiasribeiraopreto.com.br","date":"26 de January de 2025","format":false,"excerpt":"O secret\u00e1rio de Educa\u00e7\u00e3o de Ribeir\u00e3o Preto, Valdir Martins, disse que pretende resgatar a valoriza\u00e7\u00e3o dos profissionais da \u00e1rea de educa\u00e7\u00e3o, durante uma entrevista exclusiva ao portal acidade on. De acordo com o professor, essa \u00e9 uma das prioridades da pasta, que pretende tamb\u00e9m reestabelecer o di\u00e1logo com todos os\u2026","rel":"","context":"In &quot;Not\u00edcias de Ribeir\u00e3o Preto-SP e Regi\u00e3o&quot;","block_context":{"text":"Not\u00edcias de Ribeir\u00e3o Preto-SP e Regi\u00e3o","link":"https:\/\/noticiasribeiraopreto.com.br\/index.php\/category\/noticias-de-ribeirao-preto-sp-e-regiao-ismael-colosi\/"},"img":{"alt_text":"","src":"https:\/\/i0.wp.com\/noticiasribeiraopreto.com.br\/wp-content\/uploads\/2025\/01\/1737903120_EducaodeRibeiroPretoanunciareforonaseguranadeescolas_Tamanho_2_image.jpg?fit=1200%2C900&ssl=1&resize=350%2C200","width":350,"height":200,"srcset":"https:\/\/i0.wp.com\/noticiasribeiraopreto.com.br\/wp-content\/uploads\/2025\/01\/1737903120_EducaodeRibeiroPretoanunciareforonaseguranadeescolas_Tamanho_2_image.jpg?fit=1200%2C900&ssl=1&resize=350%2C200 1x, https:\/\/i0.wp.com\/noticiasribeiraopreto.com.br\/wp-content\/uploads\/2025\/01\/1737903120_EducaodeRibeiroPretoanunciareforonaseguranadeescolas_Tamanho_2_image.jpg?fit=1200%2C900&ssl=1&resize=525%2C300 1.5x, https:\/\/i0.wp.com\/noticiasribeiraopreto.com.br\/wp-content\/uploads\/2025\/01\/1737903120_EducaodeRibeiroPretoanunciareforonaseguranadeescolas_Tamanho_2_image.jpg?fit=1200%2C900&ssl=1&resize=700%2C400 2x, https:\/\/i0.wp.com\/noticiasribeiraopreto.com.br\/wp-content\/uploads\/2025\/01\/1737903120_EducaodeRibeiroPretoanunciareforonaseguranadeescolas_Tamanho_2_image.jpg?fit=1200%2C900&ssl=1&resize=1050%2C600 3x"},"classes":[]},{"id":62845,"url":"https:\/\/noticiasribeiraopreto.com.br\/index.php\/2025\/01\/26\/secretaria-de-educacao-de-ribeirao-fala-sobre-projetos-de-reconhecimento-e-nao-descarta-bonus-para-servidores\/","url_meta":{"origin":79338,"position":2},"title":"Secretaria de Educa\u00e7\u00e3o de Ribeir\u00e3o fala sobre projetos de reconhecimento e n\u00e3o descarta &#8216;b\u00f4nus&#8217; para servidores","author":"noticiasribeiraopreto.com.br","date":"26 de January de 2025","format":false,"excerpt":"O secret\u00e1rio de Educa\u00e7\u00e3o de Ribeir\u00e3o Preto, Valdir Martins, disse que pretende resgatar a valoriza\u00e7\u00e3o dos profissionais da \u00e1rea de educa\u00e7\u00e3o, durante uma entrevista exclusiva ao portal acidade on. De acordo com o professor, essa \u00e9 uma das prioridades da pasta, que pretende tamb\u00e9m reestabelecer o di\u00e1logo com todos os\u2026","rel":"","context":"In &quot;Not\u00edcias de Ribeir\u00e3o Preto-SP e Regi\u00e3o&quot;","block_context":{"text":"Not\u00edcias de Ribeir\u00e3o Preto-SP e Regi\u00e3o","link":"https:\/\/noticiasribeiraopreto.com.br\/index.php\/category\/noticias-de-ribeirao-preto-sp-e-regiao-ismael-colosi\/"},"img":{"alt_text":"","src":"https:\/\/i0.wp.com\/noticiasribeiraopreto.com.br\/wp-content\/uploads\/2025\/01\/EducaodeRibeiroPretoanunciareforonaseguranadeescolas_Tamanho_2_image.jpg?fit=1200%2C900&ssl=1&resize=350%2C200","width":350,"height":200,"srcset":"https:\/\/i0.wp.com\/noticiasribeiraopreto.com.br\/wp-content\/uploads\/2025\/01\/EducaodeRibeiroPretoanunciareforonaseguranadeescolas_Tamanho_2_image.jpg?fit=1200%2C900&ssl=1&resize=350%2C200 1x, https:\/\/i0.wp.com\/noticiasribeiraopreto.com.br\/wp-content\/uploads\/2025\/01\/EducaodeRibeiroPretoanunciareforonaseguranadeescolas_Tamanho_2_image.jpg?fit=1200%2C900&ssl=1&resize=525%2C300 1.5x, https:\/\/i0.wp.com\/noticiasribeiraopreto.com.br\/wp-content\/uploads\/2025\/01\/EducaodeRibeiroPretoanunciareforonaseguranadeescolas_Tamanho_2_image.jpg?fit=1200%2C900&ssl=1&resize=700%2C400 2x, https:\/\/i0.wp.com\/noticiasribeiraopreto.com.br\/wp-content\/uploads\/2025\/01\/EducaodeRibeiroPretoanunciareforonaseguranadeescolas_Tamanho_2_image.jpg?fit=1200%2C900&ssl=1&resize=1050%2C600 3x"},"classes":[]},{"id":83220,"url":"https:\/\/noticiasribeiraopreto.com.br\/index.php\/2026\/03\/13\/julio-balieiro-deixa-a-gestao-ricardo-silva\/","url_meta":{"origin":79338,"position":3},"title":"Julio Balieiro deixa a \u2028gest\u00e3o Ricardo Silva","author":"noticiasribeiraopreto.com.br","date":"13 de March de 2026","format":false,"excerpt":"Maur\u00edcio Godinho assume interinamente a pasta e continua \u00e0 frente da Secretaria de Sa\u00fade J\u00falio Balieiro deixou o cargo de secret\u00e1rio municipal de Assist\u00eancia Social por motivos de ordem pessoal, segundo informou na tarde desta quinta-feira, 12 de mar\u00e7o, a prefeitura de Ribeir\u00e3o Preto. \u201cO prefeito Ricardo Silva (PSD) agradece\u2026","rel":"","context":"In &quot;Not\u00edcias de Ribeir\u00e3o Preto-SP e Regi\u00e3o&quot;","block_context":{"text":"Not\u00edcias de Ribeir\u00e3o Preto-SP e Regi\u00e3o","link":"https:\/\/noticiasribeiraopreto.com.br\/index.php\/category\/noticias-de-ribeirao-preto-sp-e-regiao-ismael-colosi\/"},"img":{"alt_text":"","src":"https:\/\/i0.wp.com\/noticiasribeiraopreto.com.br\/wp-content\/uploads\/2026\/03\/SecreRP-Jul-Divulgacao-scaled.jpg?fit=520%2C780&ssl=1&resize=350%2C200","width":350,"height":200},"classes":[]},{"id":74639,"url":"https:\/\/noticiasribeiraopreto.com.br\/index.php\/2025\/07\/26\/alunos-voltam-as-aulas-nesta-segunda-em-rp\/","url_meta":{"origin":79338,"position":4},"title":"Alunos voltam \u00e0s aulas nesta segunda em RP","author":"noticiasribeiraopreto.com.br","date":"26 de July de 2025","format":false,"excerpt":"26 de julho de 2025 09:0025 de julho de 2025 23:3911 Compartilhar0 Cerca de 50 mil alunos da rede municipal de ensino retornam \u00e0s aulas nesta segunda-feira, 28 de julho, a partir das sete horas,em 146 escolas ligadas \u00e0 prefeitura de Ribeir\u00e3o Preto. S\u00e3o estudantes de Educa\u00e7\u00e3o Infantil, Ensino Fundamental\u2026","rel":"","context":"In &quot;Not\u00edcias de Ribeir\u00e3o Preto-SP e Regi\u00e3o&quot;","block_context":{"text":"Not\u00edcias de Ribeir\u00e3o Preto-SP e Regi\u00e3o","link":"https:\/\/noticiasribeiraopreto.com.br\/index.php\/category\/noticias-de-ribeirao-preto-sp-e-regiao-ismael-colosi\/"},"img":{"alt_text":"","src":"https:\/\/i0.wp.com\/noticiasribeiraopreto.com.br\/wp-content\/uploads\/2025\/07\/AulaRP-Fernando-Gonzaga-scaled.jpg?fit=750%2C500&ssl=1&resize=350%2C200","width":350,"height":200,"srcset":"https:\/\/i0.wp.com\/noticiasribeiraopreto.com.br\/wp-content\/uploads\/2025\/07\/AulaRP-Fernando-Gonzaga-scaled.jpg?fit=750%2C500&ssl=1&resize=350%2C200 1x, https:\/\/i0.wp.com\/noticiasribeiraopreto.com.br\/wp-content\/uploads\/2025\/07\/AulaRP-Fernando-Gonzaga-scaled.jpg?fit=750%2C500&ssl=1&resize=525%2C300 1.5x, https:\/\/i0.wp.com\/noticiasribeiraopreto.com.br\/wp-content\/uploads\/2025\/07\/AulaRP-Fernando-Gonzaga-scaled.jpg?fit=750%2C500&ssl=1&resize=700%2C400 2x"},"classes":[]},{"id":74703,"url":"https:\/\/noticiasribeiraopreto.com.br\/index.php\/2025\/07\/28\/aulas-sao-retomadas-nesta-segunda-em-rp\/","url_meta":{"origin":79338,"position":5},"title":"Aulas s\u00e3o retomadas nesta segunda em RP","author":"noticiasribeiraopreto.com.br","date":"28 de July de 2025","format":false,"excerpt":"28 de julho de 2025 06:3027 de julho de 2025 10:0413 Compartilhar0 Cerca de 50 mil alunos da\u00a0rede municipal de ensino retornam\u00a0\u00e0s aulas nesta\u00a0segunda-feira, 28 de julho, a partir das\u00a0sete\u00a0horas,\u00a0em\u00a0146 escolas ligadas \u00e0 prefeitura de Ribeir\u00e3o Preto. S\u00e3o\u00a0estudantes de Educa\u00e7\u00e3o Infantil, Ensino Fundamental e Educa\u00e7\u00e3o de Jovens e Adultos (EJA).\u00a0\u00a0\u00a0Durante\u2026","rel":"","context":"In &quot;Not\u00edcias de Ribeir\u00e3o Preto-SP e Regi\u00e3o&quot;","block_context":{"text":"Not\u00edcias de Ribeir\u00e3o Preto-SP e Regi\u00e3o","link":"https:\/\/noticiasribeiraopreto.com.br\/index.php\/category\/noticias-de-ribeirao-preto-sp-e-regiao-ismael-colosi\/"},"img":{"alt_text":"","src":"https:\/\/i0.wp.com\/noticiasribeiraopreto.com.br\/wp-content\/uploads\/2025\/07\/1-29-scaled-1.jpg?fit=675%2C450&ssl=1&resize=350%2C200","width":350,"height":200,"srcset":"https:\/\/i0.wp.com\/noticiasribeiraopreto.com.br\/wp-content\/uploads\/2025\/07\/1-29-scaled-1.jpg?fit=675%2C450&ssl=1&resize=350%2C200 1x, https:\/\/i0.wp.com\/noticiasribeiraopreto.com.br\/wp-content\/uploads\/2025\/07\/1-29-scaled-1.jpg?fit=675%2C450&ssl=1&resize=525%2C300 1.5x"},"classes":[]}],"jetpack_sharing_enabled":true,"jetpack_shortlink":"https:\/\/wp.me\/peQAOb-kDE","_links":{"self":[{"href":"https:\/\/noticiasribeiraopreto.com.br\/index.php\/wp-json\/wp\/v2\/posts\/79338","targetHints":{"allow":["GET"]}}],"collection":[{"href":"https:\/\/noticiasribeiraopreto.com.br\/index.php\/wp-json\/wp\/v2\/posts"}],"about":[{"href":"https:\/\/noticiasribeiraopreto.com.br\/index.php\/wp-json\/wp\/v2\/types\/post"}],"author":[{"embeddable":true,"href":"https:\/\/noticiasribeiraopreto.com.br\/index.php\/wp-json\/wp\/v2\/users\/1"}],"replies":[{"embeddable":true,"href":"https:\/\/noticiasribeiraopreto.com.br\/index.php\/wp-json\/wp\/v2\/comments?post=79338"}],"version-history":[{"count":0,"href":"https:\/\/noticiasribeiraopreto.com.br\/index.php\/wp-json\/wp\/v2\/posts\/79338\/revisions"}],"wp:featuredmedia":[{"embeddable":true,"href":"https:\/\/noticiasribeiraopreto.com.br\/index.php\/wp-json\/wp\/v2\/media\/79339"}],"wp:attachment":[{"href":"https:\/\/noticiasribeiraopreto.com.br\/index.php\/wp-json\/wp\/v2\/media?parent=79338"}],"wp:term":[{"taxonomy":"category","embeddable":true,"href":"https:\/\/noticiasribeiraopreto.com.br\/index.php\/wp-json\/wp\/v2\/categories?post=79338"},{"taxonomy":"post_tag","embeddable":true,"href":"https:\/\/noticiasribeiraopreto.com.br\/index.php\/wp-json\/wp\/v2\/tags?post=79338"}],"curies":[{"name":"wp","href":"https:\/\/api.w.org\/{rel}","templated":true}]}}