{"id":79340,"date":"2025-10-29T19:41:07","date_gmt":"2025-10-29T22:41:07","guid":{"rendered":"https:\/\/noticiasribeiraopreto.com.br\/index.php\/2025\/10\/29\/tecnologia-e-precisao-na-nova-era-da-unimed-ribeirao-preto\/"},"modified":"2025-10-29T19:41:07","modified_gmt":"2025-10-29T22:41:07","slug":"tecnologia-e-precisao-na-nova-era-da-unimed-ribeirao-preto","status":"publish","type":"post","link":"https:\/\/noticiasribeiraopreto.com.br\/index.php\/2025\/10\/29\/tecnologia-e-precisao-na-nova-era-da-unimed-ribeirao-preto\/","title":{"rendered":"Tecnologia e precis\u00e3o na nova era da Unimed Ribeir\u00e3o Preto"},"content":{"rendered":"<div class='code-block code-block-1' style='margin: 8px 0 8px auto; text-align: right; display: block; clear: both;'>\n<p><a href=\"https:\/\/wa.link\/vpicfd\"><img data-recalc-dims=\"1\" class=\"wp-image-4922\" style=\"aspect-ratio: 2.0253164556962027; width: 561px; height: auto;\" src=\"https:\/\/i0.wp.com\/ismaelcolosi.com.br\/wp-content\/uploads\/2023\/11\/grupo-de-empregos-whatsapp-e-facebook-ismael-colosi-vagas.jpg?ssl=1\" alt=\"\" \/><\/a><\/p>\n<!-- \/wp:image -->\n<\/div>\n<p> <br \/>\n<\/p>\n<div>\n<p>O Hospital Unimed Ribeir\u00e3o Preto vem escrevendo um novo cap\u00edtulo na hist\u00f3ria da medicina regional. Com o sistema rob\u00f3tico Da Vinci, a institui\u00e7\u00e3o ultrapassou a marca de 200 cirurgias em apenas 12 meses, confirmando sua voca\u00e7\u00e3o para unir tecnologia, seguran\u00e7a e excel\u00eancia em sa\u00fade.<\/p>\n<p>Desde a primeira cirurgia, em setembro de 2024, o crescimento tem sido cont\u00ednuo \u2013 um reflexo da confian\u00e7a de pacientes e m\u00e9dicos em um modelo assistencial que coloca a inova\u00e7\u00e3o a servi\u00e7o da vida.<\/p>\n<p><strong>Precis\u00e3o que transforma resultados<\/strong><\/p>\n<p>A rob\u00f3tica trouxe um novo padr\u00e3o para a pr\u00e1tica m\u00e9dica, principalmente em casos de maior complexidade. O sistema Da Vinci permite movimentos milim\u00e9tricos, vis\u00e3o tridimensional e controle total das pin\u00e7as cir\u00fargicas, o que garante cirurgias mais seguras, menos invasivas e com alta previsibilidade de resultados.<\/p>\n<blockquote class=\"wp-block-quote is-layout-flow wp-block-quote-is-layout-flow\">\n<p>\u201cA rob\u00f3tica \u00e9 hoje um divisor de \u00e1guas na medicina moderna. Ela amplia possibilidades e redefine o que entendemos por seguran\u00e7a cir\u00fargica\u201d, afirma o m\u00e9dico Fernando Galante, coordenador da Cirurgia Rob\u00f3tica do hospital.<\/p>\n<\/blockquote>\n<figure class=\"wp-block-image size-large\"><img data-recalc-dims=\"1\" fetchpriority=\"high\" decoding=\"async\" width=\"1024\" height=\"683\" src=\"https:\/\/i0.wp.com\/cdn.media-acidadeon.com.br\/ribeiraopreto\/wp-content\/uploads\/sites\/3\/2025\/10\/2-2025-10-29T170255.692_2025-10-29_20-10-25-1024x683.webp?resize=1024%2C683&#038;ssl=1\" alt=\"2 2025 10 29T170255.692 2025 10 29 20 10 25\" class=\"wp-image-133996\" title=\"Tecnologia e precis\u00e3o na nova era da Unimed Ribeir\u00e3o Preto 1\" srcset=\"https:\/\/cdn.media-acidadeon.com.br\/ribeiraopreto\/wp-content\/uploads\/sites\/3\/2025\/10\/2-2025-10-29T170255.692_2025-10-29_20-10-25-1024x683.webp 1024w, https:\/\/cdn.media-acidadeon.com.br\/ribeiraopreto\/wp-content\/uploads\/sites\/3\/2025\/10\/2-2025-10-29T170255.692_2025-10-29_20-10-25-300x200.webp 300w, https:\/\/cdn.media-acidadeon.com.br\/ribeiraopreto\/wp-content\/uploads\/sites\/3\/2025\/10\/2-2025-10-29T170255.692_2025-10-29_20-10-25-768x512.webp 768w, https:\/\/cdn.media-acidadeon.com.br\/ribeiraopreto\/wp-content\/uploads\/sites\/3\/2025\/10\/2-2025-10-29T170255.692_2025-10-29_20-10-25-696x464.webp 696w, https:\/\/cdn.media-acidadeon.com.br\/ribeiraopreto\/wp-content\/uploads\/sites\/3\/2025\/10\/2-2025-10-29T170255.692_2025-10-29_20-10-25-1068x712.webp 1068w, https:\/\/cdn.media-acidadeon.com.br\/ribeiraopreto\/wp-content\/uploads\/sites\/3\/2025\/10\/2-2025-10-29T170255.692_2025-10-29_20-10-25.webp 1200w\" sizes=\"(max-width: 1024px) 100vw, 1024px\"\/><figcaption class=\"wp-element-caption\">Equipe do Hospital Unimed Ribeir\u00e3o realiza cirurgia rob\u00f3tica com o sistema Da Vinci \u2013 Foto: Divulga\u00e7\u00e3o\/Unimed Ribeir\u00e3o Preto<\/figcaption><\/figure>\n<p><strong>Avan\u00e7os que marcam a trajet\u00f3ria<\/strong><\/p>\n<p>Entre os marcos do primeiro ano, est\u00e1 a primeira cirurgia rob\u00f3tica da regi\u00e3o em paciente pedi\u00e1trico, realizada em setembro de 2025. O procedimento exigiu planejamento minucioso e simboliza a maturidade t\u00e9cnica e humana do time multiprofissional do hospital.<\/p>\n<p>Cada avan\u00e7o confirma o compromisso da Unimed Ribeir\u00e3o Preto com o cuidado de alta complexidade \u2014 que vai muito al\u00e9m da tecnologia.<\/p>\n<blockquote class=\"wp-block-quote is-layout-flow wp-block-quote-is-layout-flow\">\n<p>\u201cEsse marco mostra a maturidade e a integra\u00e7\u00e3o do nosso time. Operar um paciente t\u00e3o pequeno exige t\u00e9cnica, preparo e confian\u00e7a\u201d, comenta Helen Francine Rodrigues, enfermeira coordenadora do bloco cir\u00fargico.<\/p>\n<\/blockquote>\n<figure class=\"wp-block-image size-large\"><img data-recalc-dims=\"1\" loading=\"lazy\" decoding=\"async\" width=\"1024\" height=\"683\" src=\"https:\/\/i0.wp.com\/cdn.media-acidadeon.com.br\/ribeiraopreto\/wp-content\/uploads\/sites\/3\/2025\/10\/3-2025-10-29T170257.724_2025-10-29_20-10-47-1024x683.webp?resize=1024%2C683&#038;ssl=1\" alt=\"3 2025 10 29T170257.724 2025 10 29 20 10 47\" class=\"wp-image-133997\" title=\"Tecnologia e precis\u00e3o na nova era da Unimed Ribeir\u00e3o Preto 2\" srcset=\"https:\/\/cdn.media-acidadeon.com.br\/ribeiraopreto\/wp-content\/uploads\/sites\/3\/2025\/10\/3-2025-10-29T170257.724_2025-10-29_20-10-47-1024x683.webp 1024w, https:\/\/cdn.media-acidadeon.com.br\/ribeiraopreto\/wp-content\/uploads\/sites\/3\/2025\/10\/3-2025-10-29T170257.724_2025-10-29_20-10-47-300x200.webp 300w, https:\/\/cdn.media-acidadeon.com.br\/ribeiraopreto\/wp-content\/uploads\/sites\/3\/2025\/10\/3-2025-10-29T170257.724_2025-10-29_20-10-47-768x512.webp 768w, https:\/\/cdn.media-acidadeon.com.br\/ribeiraopreto\/wp-content\/uploads\/sites\/3\/2025\/10\/3-2025-10-29T170257.724_2025-10-29_20-10-47-696x464.webp 696w, https:\/\/cdn.media-acidadeon.com.br\/ribeiraopreto\/wp-content\/uploads\/sites\/3\/2025\/10\/3-2025-10-29T170257.724_2025-10-29_20-10-47-1068x712.webp 1068w, https:\/\/cdn.media-acidadeon.com.br\/ribeiraopreto\/wp-content\/uploads\/sites\/3\/2025\/10\/3-2025-10-29T170257.724_2025-10-29_20-10-47.webp 1200w\" sizes=\"auto, (max-width: 1024px) 100vw, 1024px\"\/><figcaption class=\"wp-element-caption\">Equipe do Hospital Unimed Ribeir\u00e3o realiza cirurgia rob\u00f3tica com o sistema Da Vinci \u2013 Foto: Divulga\u00e7\u00e3o\/Unimed Ribeir\u00e3o Preto<\/figcaption><\/figure>\n<p><strong>Excel\u00eancia que se renova<\/strong><\/p>\n<p>O avan\u00e7o da rob\u00f3tica na Unimed Ribeir\u00e3o \u00e9 resultado de planejamento, investimento e treinamento cont\u00ednuo. Um sucesso sustentado por protocolos rigorosos de seguran\u00e7a e pela dedica\u00e7\u00e3o de profissionais altamente capacitados nas mais avan\u00e7adas pr\u00e1ticas internacionais.<\/p>\n<p>Antes, durante e ap\u00f3s cada cirurgia, a equipe atua com sincronia e precis\u00e3o, garantindo qualidade em todas as etapas do atendimento. Para o paciente, essa integra\u00e7\u00e3o se traduz em menos dor, menor tempo de interna\u00e7\u00e3o e retorno mais r\u00e1pido \u00e0 rotina \u2014 benef\u00edcios que representam a ess\u00eancia da medicina moderna.<\/p>\n<p><strong>Refer\u00eancia regional em alta complexidade<\/strong><\/p>\n<p>O Hospital Unimed Ribeir\u00e3o Preto se destaca entre os principais centros do pa\u00eds no uso da rob\u00f3tica. No Brasil, dos mais de 7 mil hospitais em atividade, apenas 90 contam com essa tecnologia \u2014 e a unidade integra esse seleto grupo de refer\u00eancia em inova\u00e7\u00e3o m\u00e9dica.<\/p>\n<p><strong>Compromisso com o futuro<\/strong><\/p>\n<p>O programa segue em expans\u00e3o, com novos campos de atua\u00e7\u00e3o previstos para os pr\u00f3ximos anos.<\/p>\n<blockquote class=\"wp-block-quote is-layout-flow wp-block-quote-is-layout-flow\">\n<p>\u00a0\u201cEstamos conectados com o que h\u00e1 de mais avan\u00e7ado em n\u00edvel mundial quando o assunto \u00e9 seguran\u00e7a do paciente e incorpora\u00e7\u00e3o de novas tecnologias. Os programas de cirurgias rob\u00f3ticas tiveram in\u00edcio pela urologia, mas atualmente j\u00e1 se expandem para cirurgias oncol\u00f3gicas complexas em outras especialidades, dentre elas, as cirurgias tor\u00e1cicas e do aparelho digestivo\u201d, comenta Julio Cesar Paim, CEO da Unimed Ribeir\u00e3o. Ele destaca\u00a0 que a ANS ainda n\u00e3o regulamentou a cobertura da rob\u00f3tica para os planos de sa\u00fade.\u00a0<\/p>\n<\/blockquote>\n<figure class=\"wp-block-table\"\/>\n<figure class=\"wp-block-video\"><video controls=\"\" src=\"https:\/\/www.acidadeon.com\/ribeiraopreto\/wp-content\/uploads\/sites\/3\/2025\/10\/INFORME-15-reduzido.mp4\"\/><\/figure>\n<p><!-- AI CONTENT END 1 -->\n<\/div>\n<p><br \/>\n<br \/><a href=\"https:\/\/www.acidadeon.com\/ribeiraopreto\/conteudo-patrocinado\/unimed-ribeirao-preto\/tecnologia-e-precisao-na-nova-era-da-unimed-ribeirao-preto\/\">Source link <\/a><\/p>\n<!-- CONTENT END 1 -->\n","protected":false},"excerpt":{"rendered":"<p>O Hospital Unimed Ribeir\u00e3o Preto vem escrevendo um novo cap\u00edtulo na hist\u00f3ria da medicina regional. Com o sistema rob\u00f3tico Da Vinci, a institui\u00e7\u00e3o ultrapassou a&#8230;<\/p>\n","protected":false},"author":1,"featured_media":79341,"comment_status":"open","ping_status":"open","sticky":false,"template":"","format":"standard","meta":{"advanced_seo_description":"","jetpack_seo_html_title":"","jetpack_seo_noindex":false,"jetpack_post_was_ever_published":false,"_jetpack_newsletter_access":"","_jetpack_dont_email_post_to_subs":false,"_jetpack_newsletter_tier_id":0,"_jetpack_memberships_contains_paywalled_content":false,"_jetpack_memberships_contains_paid_content":false,"footnotes":"","jetpack_publicize_message":"","jetpack_publicize_feature_enabled":true,"jetpack_social_post_already_shared":true,"jetpack_social_options":{"image_generator_settings":{"template":"highway","default_image_id":0,"font":"","enabled":false},"version":2}},"categories":[11],"tags":[],"class_list":["post-79340","post","type-post","status-publish","format-standard","has-post-thumbnail","hentry","category-noticias-de-ribeirao-preto-sp-e-regiao-ismael-colosi"],"jetpack_publicize_connections":[],"jetpack_featured_media_url":"https:\/\/i0.wp.com\/noticiasribeiraopreto.com.br\/wp-content\/uploads\/2025\/10\/1-2025-10-29T170253.877_2025-10-29_20-09-43.webp.webp?fit=1200%2C800&ssl=1","jetpack-related-posts":[{"id":52589,"url":"https:\/\/noticiasribeiraopreto.com.br\/index.php\/2024\/06\/10\/hc-rp-e-o-primeiro-hospital-publico-da-america-latina-a-usar-robo-em-cirurgia-de-coluna\/","url_meta":{"origin":79340,"position":0},"title":"HC-RP \u00e9 o primeiro hospital p\u00fablico da Am\u00e9rica Latina a usar rob\u00f4 em cirurgia de coluna","author":"noticiasribeiraopreto.com.br","date":"10 de June de 2024","format":false,"excerpt":"O HC-RP (Hospital das Cl\u00ednicas de Ribeir\u00e3o Preto) foi o primeiro hospital p\u00fablico da Am\u00e9rica Latina a realizar uma cirurgia utilizando um rob\u00f4 cir\u00fargico. O procedimento ocorreu na \u00faltima sexta-feira (7) em um paciente de 66 anos com escoliose degenerativa. Ap\u00f3s cinco dias internado, a previs\u00e3o \u00e9 de que o\u2026","rel":"","context":"In &quot;Not\u00edcias de Ribeir\u00e3o Preto-SP e Regi\u00e3o&quot;","block_context":{"text":"Not\u00edcias de Ribeir\u00e3o Preto-SP e Regi\u00e3o","link":"https:\/\/noticiasribeiraopreto.com.br\/index.php\/category\/noticias-de-ribeirao-preto-sp-e-regiao-ismael-colosi\/"},"img":{"alt_text":"","src":"https:\/\/i0.wp.com\/noticiasribeiraopreto.com.br\/wp-content\/uploads\/2024\/06\/Copia-de-Copia-de-TAMANHO-EXATO-PARA-FOTOS-NO-SISTEMA-NOVO-2_2024-06-10_14-22-29_jpg_2024-06-10_14-22-29.webp.webp?fit=1200%2C675&ssl=1&resize=350%2C200","width":350,"height":200,"srcset":"https:\/\/i0.wp.com\/noticiasribeiraopreto.com.br\/wp-content\/uploads\/2024\/06\/Copia-de-Copia-de-TAMANHO-EXATO-PARA-FOTOS-NO-SISTEMA-NOVO-2_2024-06-10_14-22-29_jpg_2024-06-10_14-22-29.webp.webp?fit=1200%2C675&ssl=1&resize=350%2C200 1x, https:\/\/i0.wp.com\/noticiasribeiraopreto.com.br\/wp-content\/uploads\/2024\/06\/Copia-de-Copia-de-TAMANHO-EXATO-PARA-FOTOS-NO-SISTEMA-NOVO-2_2024-06-10_14-22-29_jpg_2024-06-10_14-22-29.webp.webp?fit=1200%2C675&ssl=1&resize=525%2C300 1.5x, https:\/\/i0.wp.com\/noticiasribeiraopreto.com.br\/wp-content\/uploads\/2024\/06\/Copia-de-Copia-de-TAMANHO-EXATO-PARA-FOTOS-NO-SISTEMA-NOVO-2_2024-06-10_14-22-29_jpg_2024-06-10_14-22-29.webp.webp?fit=1200%2C675&ssl=1&resize=700%2C400 2x, https:\/\/i0.wp.com\/noticiasribeiraopreto.com.br\/wp-content\/uploads\/2024\/06\/Copia-de-Copia-de-TAMANHO-EXATO-PARA-FOTOS-NO-SISTEMA-NOVO-2_2024-06-10_14-22-29_jpg_2024-06-10_14-22-29.webp.webp?fit=1200%2C675&ssl=1&resize=1050%2C600 3x"},"classes":[]},{"id":76331,"url":"https:\/\/noticiasribeiraopreto.com.br\/index.php\/2025\/08\/26\/hospital-das-clinicas-de-ribeirao-preto-realiza-cirurgia-pioneira-de-correcao-ossea\/","url_meta":{"origin":79340,"position":1},"title":"Hospital das Cl\u00ednicas de Ribeir\u00e3o Preto realiza cirurgia pioneira de corre\u00e7\u00e3o \u00f3ssea","author":"noticiasribeiraopreto.com.br","date":"26 de August de 2025","format":false,"excerpt":"O Hospital das Cl\u00ednicas de Ribeir\u00e3o Preto (HC-RP) realizou, pela primeira vez, uma cirurgia de corre\u00e7\u00e3o de deformidade \u00f3ssea utilizando um sistema que combina um fixador externo moderno com software de planejamento avan\u00e7ado. A t\u00e9cnica permite corrigir m\u00faltiplas deformidades simultaneamente com maior precis\u00e3o e efici\u00eancia. O procedimento foi conduzido pelo\u2026","rel":"","context":"In &quot;Not\u00edcias de Ribeir\u00e3o Preto-SP e Regi\u00e3o&quot;","block_context":{"text":"Not\u00edcias de Ribeir\u00e3o Preto-SP e Regi\u00e3o","link":"https:\/\/noticiasribeiraopreto.com.br\/index.php\/category\/noticias-de-ribeirao-preto-sp-e-regiao-ismael-colosi\/"},"img":{"alt_text":"","src":"https:\/\/i0.wp.com\/noticiasribeiraopreto.com.br\/wp-content\/uploads\/2025\/08\/WhatsApp-Image-2025-08-15-at-11.54.34-1_2025-08-26_18-46-18.webp.webp?fit=1200%2C675&ssl=1&resize=350%2C200","width":350,"height":200,"srcset":"https:\/\/i0.wp.com\/noticiasribeiraopreto.com.br\/wp-content\/uploads\/2025\/08\/WhatsApp-Image-2025-08-15-at-11.54.34-1_2025-08-26_18-46-18.webp.webp?fit=1200%2C675&ssl=1&resize=350%2C200 1x, https:\/\/i0.wp.com\/noticiasribeiraopreto.com.br\/wp-content\/uploads\/2025\/08\/WhatsApp-Image-2025-08-15-at-11.54.34-1_2025-08-26_18-46-18.webp.webp?fit=1200%2C675&ssl=1&resize=525%2C300 1.5x, https:\/\/i0.wp.com\/noticiasribeiraopreto.com.br\/wp-content\/uploads\/2025\/08\/WhatsApp-Image-2025-08-15-at-11.54.34-1_2025-08-26_18-46-18.webp.webp?fit=1200%2C675&ssl=1&resize=700%2C400 2x, https:\/\/i0.wp.com\/noticiasribeiraopreto.com.br\/wp-content\/uploads\/2025\/08\/WhatsApp-Image-2025-08-15-at-11.54.34-1_2025-08-26_18-46-18.webp.webp?fit=1200%2C675&ssl=1&resize=1050%2C600 3x"},"classes":[]},{"id":55313,"url":"https:\/\/noticiasribeiraopreto.com.br\/index.php\/2024\/07\/31\/hospital-das-clinicas-de-ribeirao-preto-realiza-cirurgia-inedita-com-robo-em-bebe-de-7-meses\/","url_meta":{"origin":79340,"position":2},"title":"Hospital das Cl\u00ednicas de Ribeir\u00e3o Preto realiza cirurgia in\u00e9dita com rob\u00f4 em beb\u00ea de 7 meses","author":"noticiasribeiraopreto.com.br","date":"31 de July de 2024","format":false,"excerpt":"O HCRP (Hospital das Cl\u00ednicas de Ribeir\u00e3o Preto) realizou uma cirurgia in\u00e9dita em todo o mundo utilizando um rob\u00f4 para a retirada de 98% do p\u00e2ncreas de um beb\u00ea de sete meses de idade. O procedimento foi necess\u00e1rio, por conta de uma doen\u00e7a rara,chamada hiperinsulinismo cong\u00eanito, que faz com que\u2026","rel":"","context":"In &quot;Not\u00edcias de Ribeir\u00e3o Preto-SP e Regi\u00e3o&quot;","block_context":{"text":"Not\u00edcias de Ribeir\u00e3o Preto-SP e Regi\u00e3o","link":"https:\/\/noticiasribeiraopreto.com.br\/index.php\/category\/noticias-de-ribeirao-preto-sp-e-regiao-ismael-colosi\/"},"img":{"alt_text":"","src":"https:\/\/i0.wp.com\/noticiasribeiraopreto.com.br\/wp-content\/uploads\/2024\/07\/Copia-de-Copia-de-TAMANHO-EXATO-PARA-FOTOS-NO-SISTEMA-NOVO-16_2024-07-31_19-18-01_jpg_2024-07-31_19-18-01.webp.webp?fit=1200%2C675&ssl=1&resize=350%2C200","width":350,"height":200,"srcset":"https:\/\/i0.wp.com\/noticiasribeiraopreto.com.br\/wp-content\/uploads\/2024\/07\/Copia-de-Copia-de-TAMANHO-EXATO-PARA-FOTOS-NO-SISTEMA-NOVO-16_2024-07-31_19-18-01_jpg_2024-07-31_19-18-01.webp.webp?fit=1200%2C675&ssl=1&resize=350%2C200 1x, https:\/\/i0.wp.com\/noticiasribeiraopreto.com.br\/wp-content\/uploads\/2024\/07\/Copia-de-Copia-de-TAMANHO-EXATO-PARA-FOTOS-NO-SISTEMA-NOVO-16_2024-07-31_19-18-01_jpg_2024-07-31_19-18-01.webp.webp?fit=1200%2C675&ssl=1&resize=525%2C300 1.5x, https:\/\/i0.wp.com\/noticiasribeiraopreto.com.br\/wp-content\/uploads\/2024\/07\/Copia-de-Copia-de-TAMANHO-EXATO-PARA-FOTOS-NO-SISTEMA-NOVO-16_2024-07-31_19-18-01_jpg_2024-07-31_19-18-01.webp.webp?fit=1200%2C675&ssl=1&resize=700%2C400 2x, https:\/\/i0.wp.com\/noticiasribeiraopreto.com.br\/wp-content\/uploads\/2024\/07\/Copia-de-Copia-de-TAMANHO-EXATO-PARA-FOTOS-NO-SISTEMA-NOVO-16_2024-07-31_19-18-01_jpg_2024-07-31_19-18-01.webp.webp?fit=1200%2C675&ssl=1&resize=1050%2C600 3x"},"classes":[]},{"id":77047,"url":"https:\/\/noticiasribeiraopreto.com.br\/index.php\/2025\/09\/10\/sus-passa-a-oferecer-videocirurgias-em-ribeirao\/","url_meta":{"origin":79340,"position":3},"title":"SUS passa a oferecer videocirurgias em Ribeir\u00e3o","author":"noticiasribeiraopreto.com.br","date":"10 de September de 2025","format":false,"excerpt":"10 de setembro de 2025 16:346 Compartilhar0 T\u00e9cnica garante maior precis\u00e3o cir\u00fargica e recupera\u00e7\u00e3o mais r\u00e1pida para os pacientes do SUS A rede municipal de sa\u00fade de Ribeir\u00e3o Preto d\u00e1 mais um passo na moderniza\u00e7\u00e3o da assist\u00eancia oferecida \u00e0 popula\u00e7\u00e3o com a implanta\u00e7\u00e3o das videocirurgias, t\u00e9cnicas minimamente invasivas que ampliam\u2026","rel":"","context":"In &quot;Not\u00edcias de Ribeir\u00e3o Preto-SP e Regi\u00e3o&quot;","block_context":{"text":"Not\u00edcias de Ribeir\u00e3o Preto-SP e Regi\u00e3o","link":"https:\/\/noticiasribeiraopreto.com.br\/index.php\/category\/noticias-de-ribeirao-preto-sp-e-regiao-ismael-colosi\/"},"img":{"alt_text":"","src":"https:\/\/i0.wp.com\/noticiasribeiraopreto.com.br\/wp-content\/uploads\/2025\/09\/cirugia-scaled.jpeg?fit=1171%2C780&ssl=1&resize=350%2C200","width":350,"height":200,"srcset":"https:\/\/i0.wp.com\/noticiasribeiraopreto.com.br\/wp-content\/uploads\/2025\/09\/cirugia-scaled.jpeg?fit=1171%2C780&ssl=1&resize=350%2C200 1x, https:\/\/i0.wp.com\/noticiasribeiraopreto.com.br\/wp-content\/uploads\/2025\/09\/cirugia-scaled.jpeg?fit=1171%2C780&ssl=1&resize=525%2C300 1.5x, https:\/\/i0.wp.com\/noticiasribeiraopreto.com.br\/wp-content\/uploads\/2025\/09\/cirugia-scaled.jpeg?fit=1171%2C780&ssl=1&resize=700%2C400 2x, https:\/\/i0.wp.com\/noticiasribeiraopreto.com.br\/wp-content\/uploads\/2025\/09\/cirugia-scaled.jpeg?fit=1171%2C780&ssl=1&resize=1050%2C600 3x"},"classes":[]},{"id":78974,"url":"https:\/\/noticiasribeiraopreto.com.br\/index.php\/2025\/10\/22\/ribeirao-e-pioneira-no-uso-de-ia-em-exames-de-raio-x\/","url_meta":{"origin":79340,"position":4},"title":"Ribeir\u00e3o \u00e9 pioneira no uso de \u2028IA em exames de raio-X","author":"noticiasribeiraopreto.com.br","date":"22 de October de 2025","format":false,"excerpt":"22 de outubro de 2025 08:5822 de outubro de 2025 08:402 Compartilhar0 Tecnologia aumenta a precis\u00e3o m\u00e9dica e coloca o munic\u00edpio na vanguarda da sa\u00fade p\u00fablica digital \u2028\u2028 As Unidades de Pronto Atendimento de Ribeir\u00e3o Preto acabam de dar um salto tecnol\u00f3gico. Todas as salas de raio-X foram modernizadas e\u2026","rel":"","context":"In &quot;Not\u00edcias de Ribeir\u00e3o Preto-SP e Regi\u00e3o&quot;","block_context":{"text":"Not\u00edcias de Ribeir\u00e3o Preto-SP e Regi\u00e3o","link":"https:\/\/noticiasribeiraopreto.com.br\/index.php\/category\/noticias-de-ribeirao-preto-sp-e-regiao-ismael-colosi\/"},"img":{"alt_text":"","src":"https:\/\/i0.wp.com\/noticiasribeiraopreto.com.br\/wp-content\/uploads\/2025\/10\/RaioX-Guilherme-Sircili-scaled.jpg?fit=1170%2C780&ssl=1&resize=350%2C200","width":350,"height":200,"srcset":"https:\/\/i0.wp.com\/noticiasribeiraopreto.com.br\/wp-content\/uploads\/2025\/10\/RaioX-Guilherme-Sircili-scaled.jpg?fit=1170%2C780&ssl=1&resize=350%2C200 1x, https:\/\/i0.wp.com\/noticiasribeiraopreto.com.br\/wp-content\/uploads\/2025\/10\/RaioX-Guilherme-Sircili-scaled.jpg?fit=1170%2C780&ssl=1&resize=525%2C300 1.5x, https:\/\/i0.wp.com\/noticiasribeiraopreto.com.br\/wp-content\/uploads\/2025\/10\/RaioX-Guilherme-Sircili-scaled.jpg?fit=1170%2C780&ssl=1&resize=700%2C400 2x, https:\/\/i0.wp.com\/noticiasribeiraopreto.com.br\/wp-content\/uploads\/2025\/10\/RaioX-Guilherme-Sircili-scaled.jpg?fit=1170%2C780&ssl=1&resize=1050%2C600 3x"},"classes":[]},{"id":80423,"url":"https:\/\/noticiasribeiraopreto.com.br\/index.php\/2025\/12\/03\/hospital-das-clinicas-de-ribeirao-realiza-procedimento-inedito-para-tratamento-de-obesidade-e-diabetes\/","url_meta":{"origin":79340,"position":5},"title":"Hospital das Cl\u00ednicas de Ribeir\u00e3o realiza procedimento in\u00e9dito para tratamento de obesidade e diabetes","author":"noticiasribeiraopreto.com.br","date":"3 de December de 2025","format":false,"excerpt":"O Hospital das Cl\u00ednicas de Ribeir\u00e3o preto (HCRP) realizou, na \u00faltima segunda-feira (1\u00ba), pela primeira vez, uma cirurgia de biparti\u00e7\u00e3o do tr\u00e2nsito intestinal (BTI), procedimento em que parte do intestino \u00e9 ligada ao est\u00f4mago, ajudando o corpo a controlar melhor o peso e o diabetes. De acordo com o Hospital\u2026","rel":"","context":"In &quot;Not\u00edcias de Ribeir\u00e3o Preto-SP e Regi\u00e3o&quot;","block_context":{"text":"Not\u00edcias de Ribeir\u00e3o Preto-SP e Regi\u00e3o","link":"https:\/\/noticiasribeiraopreto.com.br\/index.php\/category\/noticias-de-ribeirao-preto-sp-e-regiao-ismael-colosi\/"},"img":{"alt_text":"","src":"https:\/\/i0.wp.com\/noticiasribeiraopreto.com.br\/wp-content\/uploads\/2025\/12\/Copia-de-Copia-de-Copia-de-TAMANHO-EXATO-PARA-FOTOS-NO-SISTEMA-NOVO-2025-12-03T113931.113_2025-12-03_14-39-36.webp.webp?fit=1200%2C675&ssl=1&resize=350%2C200","width":350,"height":200,"srcset":"https:\/\/i0.wp.com\/noticiasribeiraopreto.com.br\/wp-content\/uploads\/2025\/12\/Copia-de-Copia-de-Copia-de-TAMANHO-EXATO-PARA-FOTOS-NO-SISTEMA-NOVO-2025-12-03T113931.113_2025-12-03_14-39-36.webp.webp?fit=1200%2C675&ssl=1&resize=350%2C200 1x, https:\/\/i0.wp.com\/noticiasribeiraopreto.com.br\/wp-content\/uploads\/2025\/12\/Copia-de-Copia-de-Copia-de-TAMANHO-EXATO-PARA-FOTOS-NO-SISTEMA-NOVO-2025-12-03T113931.113_2025-12-03_14-39-36.webp.webp?fit=1200%2C675&ssl=1&resize=525%2C300 1.5x, https:\/\/i0.wp.com\/noticiasribeiraopreto.com.br\/wp-content\/uploads\/2025\/12\/Copia-de-Copia-de-Copia-de-TAMANHO-EXATO-PARA-FOTOS-NO-SISTEMA-NOVO-2025-12-03T113931.113_2025-12-03_14-39-36.webp.webp?fit=1200%2C675&ssl=1&resize=700%2C400 2x, https:\/\/i0.wp.com\/noticiasribeiraopreto.com.br\/wp-content\/uploads\/2025\/12\/Copia-de-Copia-de-Copia-de-TAMANHO-EXATO-PARA-FOTOS-NO-SISTEMA-NOVO-2025-12-03T113931.113_2025-12-03_14-39-36.webp.webp?fit=1200%2C675&ssl=1&resize=1050%2C600 3x"},"classes":[]}],"jetpack_sharing_enabled":true,"jetpack_shortlink":"https:\/\/wp.me\/peQAOb-kDG","_links":{"self":[{"href":"https:\/\/noticiasribeiraopreto.com.br\/index.php\/wp-json\/wp\/v2\/posts\/79340","targetHints":{"allow":["GET"]}}],"collection":[{"href":"https:\/\/noticiasribeiraopreto.com.br\/index.php\/wp-json\/wp\/v2\/posts"}],"about":[{"href":"https:\/\/noticiasribeiraopreto.com.br\/index.php\/wp-json\/wp\/v2\/types\/post"}],"author":[{"embeddable":true,"href":"https:\/\/noticiasribeiraopreto.com.br\/index.php\/wp-json\/wp\/v2\/users\/1"}],"replies":[{"embeddable":true,"href":"https:\/\/noticiasribeiraopreto.com.br\/index.php\/wp-json\/wp\/v2\/comments?post=79340"}],"version-history":[{"count":0,"href":"https:\/\/noticiasribeiraopreto.com.br\/index.php\/wp-json\/wp\/v2\/posts\/79340\/revisions"}],"wp:featuredmedia":[{"embeddable":true,"href":"https:\/\/noticiasribeiraopreto.com.br\/index.php\/wp-json\/wp\/v2\/media\/79341"}],"wp:attachment":[{"href":"https:\/\/noticiasribeiraopreto.com.br\/index.php\/wp-json\/wp\/v2\/media?parent=79340"}],"wp:term":[{"taxonomy":"category","embeddable":true,"href":"https:\/\/noticiasribeiraopreto.com.br\/index.php\/wp-json\/wp\/v2\/categories?post=79340"},{"taxonomy":"post_tag","embeddable":true,"href":"https:\/\/noticiasribeiraopreto.com.br\/index.php\/wp-json\/wp\/v2\/tags?post=79340"}],"curies":[{"name":"wp","href":"https:\/\/api.w.org\/{rel}","templated":true}]}}