{"id":79342,"date":"2025-10-29T19:48:08","date_gmt":"2025-10-29T22:48:08","guid":{"rendered":"https:\/\/noticiasribeiraopreto.com.br\/index.php\/2025\/10\/29\/danca-musica-e-culinaria-africana-marcam-projeto-de-fanta-konate-em-ribeirao-preto\/"},"modified":"2025-10-29T19:48:08","modified_gmt":"2025-10-29T22:48:08","slug":"danca-musica-e-culinaria-africana-marcam-projeto-de-fanta-konate-em-ribeirao-preto","status":"publish","type":"post","link":"https:\/\/noticiasribeiraopreto.com.br\/index.php\/2025\/10\/29\/danca-musica-e-culinaria-africana-marcam-projeto-de-fanta-konate-em-ribeirao-preto\/","title":{"rendered":"Dan\u00e7a, m\u00fasica e culin\u00e1ria africana marcam projeto de Fanta Konat\u00ea em Ribeir\u00e3o Preto"},"content":{"rendered":"<div class='code-block code-block-1' style='margin: 8px 0 8px auto; text-align: right; display: block; clear: both;'>\n<p><a href=\"https:\/\/wa.link\/vpicfd\"><img data-recalc-dims=\"1\" class=\"wp-image-4922\" style=\"aspect-ratio: 2.0253164556962027; width: 561px; height: auto;\" src=\"https:\/\/i0.wp.com\/ismaelcolosi.com.br\/wp-content\/uploads\/2023\/11\/grupo-de-empregos-whatsapp-e-facebook-ismael-colosi-vagas.jpg?ssl=1\" alt=\"\" \/><\/a><\/p>\n<!-- \/wp:image -->\n<\/div>\n<p> <br \/>\n<\/p>\n<div>\n<p>A cantora e bailarina <strong>Fanta Konat\u00ea<\/strong> apresenta em <strong>Ribeir\u00e3o Preto<\/strong> o projeto <strong>\u201c\u00c1frica Viva em Mim\u201d<\/strong>, com atividades gratuitas nos dias <strong>31 de outubro e 1\u00ba de novembro<\/strong>, na <strong>Biblioteca Sinh\u00e1 Junqueira<\/strong>. A programa\u00e7\u00e3o inclui roda de conversa, oficinas de dan\u00e7a e percuss\u00e3o e um show com degusta\u00e7\u00e3o de culin\u00e1ria africana.<\/p>\n<figure class=\"wp-block-gallery has-nested-images columns-default is-cropped wp-block-gallery-1 is-layout-flex wp-block-gallery-is-layout-flex\">\n<figure class=\"wp-block-image size-large\"><img data-recalc-dims=\"1\" fetchpriority=\"high\" decoding=\"async\" width=\"1024\" height=\"713\" data-id=\"133989\" src=\"https:\/\/i0.wp.com\/cdn.media-acidadeon.com.br\/ribeiraopreto\/wp-content\/uploads\/sites\/3\/2025\/10\/09_2025-10-29_19-53-39-1024x713.webp?resize=1024%2C713&#038;ssl=1\" alt=\"09 2025 10 29 19 53 39\" class=\"wp-image-133989\" title=\"Dan\u00e7a, m\u00fasica e culin\u00e1ria africana marcam projeto de Fanta Konat\u00ea em Ribeir\u00e3o Preto 1\" srcset=\"https:\/\/cdn.media-acidadeon.com.br\/ribeiraopreto\/wp-content\/uploads\/sites\/3\/2025\/10\/09_2025-10-29_19-53-39-1024x713.webp 1024w, https:\/\/cdn.media-acidadeon.com.br\/ribeiraopreto\/wp-content\/uploads\/sites\/3\/2025\/10\/09_2025-10-29_19-53-39-300x209.webp 300w, https:\/\/cdn.media-acidadeon.com.br\/ribeiraopreto\/wp-content\/uploads\/sites\/3\/2025\/10\/09_2025-10-29_19-53-39-768x535.webp 768w, https:\/\/cdn.media-acidadeon.com.br\/ribeiraopreto\/wp-content\/uploads\/sites\/3\/2025\/10\/09_2025-10-29_19-53-39-696x485.webp 696w, https:\/\/cdn.media-acidadeon.com.br\/ribeiraopreto\/wp-content\/uploads\/sites\/3\/2025\/10\/09_2025-10-29_19-53-39-1068x744.webp 1068w, https:\/\/cdn.media-acidadeon.com.br\/ribeiraopreto\/wp-content\/uploads\/sites\/3\/2025\/10\/09_2025-10-29_19-53-39.webp 1200w\" sizes=\"(max-width: 1024px) 100vw, 1024px\"\/><\/figure>\n<figure class=\"wp-block-image size-large\"><img data-recalc-dims=\"1\" loading=\"lazy\" decoding=\"async\" width=\"1024\" height=\"666\" data-id=\"133990\" src=\"https:\/\/i0.wp.com\/cdn.media-acidadeon.com.br\/ribeiraopreto\/wp-content\/uploads\/sites\/3\/2025\/10\/21_2025-10-29_19-53-39-1024x666.webp?resize=1024%2C666&#038;ssl=1\" alt=\"Fanta Konat\u00ea&#10;\" class=\"wp-image-133990\" title=\"Dan\u00e7a, m\u00fasica e culin\u00e1ria africana marcam projeto de Fanta Konat\u00ea em Ribeir\u00e3o Preto 2\" srcset=\"https:\/\/cdn.media-acidadeon.com.br\/ribeiraopreto\/wp-content\/uploads\/sites\/3\/2025\/10\/21_2025-10-29_19-53-39-1024x666.webp 1024w, https:\/\/cdn.media-acidadeon.com.br\/ribeiraopreto\/wp-content\/uploads\/sites\/3\/2025\/10\/21_2025-10-29_19-53-39-300x195.webp 300w, https:\/\/cdn.media-acidadeon.com.br\/ribeiraopreto\/wp-content\/uploads\/sites\/3\/2025\/10\/21_2025-10-29_19-53-39-768x500.webp 768w, https:\/\/cdn.media-acidadeon.com.br\/ribeiraopreto\/wp-content\/uploads\/sites\/3\/2025\/10\/21_2025-10-29_19-53-39-696x453.webp 696w, https:\/\/cdn.media-acidadeon.com.br\/ribeiraopreto\/wp-content\/uploads\/sites\/3\/2025\/10\/21_2025-10-29_19-53-39-1068x695.webp 1068w, https:\/\/cdn.media-acidadeon.com.br\/ribeiraopreto\/wp-content\/uploads\/sites\/3\/2025\/10\/21_2025-10-29_19-53-39.webp 1200w\" sizes=\"auto, (max-width: 1024px) 100vw, 1024px\"\/><\/figure>\n<figure class=\"wp-block-image size-large\"><img data-recalc-dims=\"1\" loading=\"lazy\" decoding=\"async\" width=\"1024\" height=\"683\" data-id=\"133991\" src=\"https:\/\/i0.wp.com\/cdn.media-acidadeon.com.br\/ribeiraopreto\/wp-content\/uploads\/sites\/3\/2025\/10\/2023.07.09-Fanta-Konate-fotos-Thais-Mallon-75_2025-10-29_19-53-39-1024x683.webp?resize=1024%2C683&#038;ssl=1\" alt=\"2023.07.09 Fanta Konate fotos Thais Mallon 75 2025 10 29 19 53 39\" class=\"wp-image-133991\" title=\"Dan\u00e7a, m\u00fasica e culin\u00e1ria africana marcam projeto de Fanta Konat\u00ea em Ribeir\u00e3o Preto 3\" srcset=\"https:\/\/cdn.media-acidadeon.com.br\/ribeiraopreto\/wp-content\/uploads\/sites\/3\/2025\/10\/2023.07.09-Fanta-Konate-fotos-Thais-Mallon-75_2025-10-29_19-53-39-1024x683.webp 1024w, https:\/\/cdn.media-acidadeon.com.br\/ribeiraopreto\/wp-content\/uploads\/sites\/3\/2025\/10\/2023.07.09-Fanta-Konate-fotos-Thais-Mallon-75_2025-10-29_19-53-39-300x200.webp 300w, https:\/\/cdn.media-acidadeon.com.br\/ribeiraopreto\/wp-content\/uploads\/sites\/3\/2025\/10\/2023.07.09-Fanta-Konate-fotos-Thais-Mallon-75_2025-10-29_19-53-39-768x512.webp 768w, https:\/\/cdn.media-acidadeon.com.br\/ribeiraopreto\/wp-content\/uploads\/sites\/3\/2025\/10\/2023.07.09-Fanta-Konate-fotos-Thais-Mallon-75_2025-10-29_19-53-39-696x464.webp 696w, https:\/\/cdn.media-acidadeon.com.br\/ribeiraopreto\/wp-content\/uploads\/sites\/3\/2025\/10\/2023.07.09-Fanta-Konate-fotos-Thais-Mallon-75_2025-10-29_19-53-39-1068x712.webp 1068w, https:\/\/cdn.media-acidadeon.com.br\/ribeiraopreto\/wp-content\/uploads\/sites\/3\/2025\/10\/2023.07.09-Fanta-Konate-fotos-Thais-Mallon-75_2025-10-29_19-53-39.webp 1200w\" sizes=\"auto, (max-width: 1024px) 100vw, 1024px\"\/><\/figure>\n<\/figure>\n<p>Na <strong>sexta-feira (31)<\/strong>, \u00e0s <strong>18h<\/strong>, acontece a roda <strong>Kum\u00e1 Lac\u00ed<\/strong>, que discute identidade, ancestralidade e cultura africana. \u00c0s <strong>19h<\/strong>, o p\u00fablico participa de uma oficina de dan\u00e7a e percuss\u00e3o com ritmos tradicionais da <strong>Guin\u00e9-Conacri<\/strong>.<\/p>\n<p>No <strong>s\u00e1bado (1\u00ba)<\/strong>, \u00e0s <strong>19h<\/strong>, Fanta Konat\u00ea se apresenta com o grupo <strong>Djembedon<\/strong> no espet\u00e1culo <strong>\u201cFanta Donab\u00e1 \u2013 A Grande Bailarina\u201d<\/strong>, que combina canto, percuss\u00e3o e dan\u00e7a. Ap\u00f3s o show, os participantes podem degustar pratos t\u00edpicos preparados pela artista e pela irm\u00e3, <strong>Koria Konat\u00ea<\/strong>, como Frufru, Ussen Sadi e Ban Mailan\u00ed, receitas tradicionais da culin\u00e1ria africana preservadas na Guin\u00e9.<\/p>\n<p><strong>O projeto passar\u00e1 por cinco cidades do estado de S\u00e3o Paulo: <\/strong><\/p>\n<h3 class=\"wp-block-heading\"><strong>Fanta Konat\u00ea<\/strong><\/h3>\n<p>Filha do percussionista <strong>Famoud\u00fa Konat\u00ea<\/strong>, Fanta nasceu na <strong>Rep\u00fablica da Guin\u00e9<\/strong> e vive no Brasil h\u00e1 mais de 20 anos. A artista fundou o <strong>Instituto \u00c1frica Viva<\/strong>, com sedes no Brasil e na Guin\u00e9, e j\u00e1 se apresentou em mais de 100 cidades brasileiras e em pa\u00edses como Estados Unidos, Su\u00e9cia, Jap\u00e3o, Chile e Alemanha.<\/p>\n<hr class=\"wp-block-separator has-alpha-channel-opacity\"\/>\n<p>SAIBA MAIS<\/p>\n<p>Alerta de tempestade e queda nas temperaturas \u00e9 emitido para o interior de SP; Veja previs\u00e3o<\/p>\n<h2 class=\"wp-block-heading\"><strong>FIQUE ON<\/strong><\/h2>\n<p>Fique ligado em tudo que acontece em Ribeir\u00e3o Preto e regi\u00e3o. Siga os perfis do\u00a0<strong>acidade on<\/strong>\u00a0no<a href=\"https:\/\/www.instagram.com\/acidadeonribeirao\" target=\"_blank\" rel=\"noreferrer noopener\">\u00a0Instagram\u00a0<\/a>e no\u00a0<a href=\"https:\/\/www.facebook.com\/acidadeonribeirao\/\" target=\"_blank\" rel=\"noreferrer noopener\">Facebook<\/a>.<\/p>\n<p>Receba not\u00edcias do<strong>\u00a0acidade on<\/strong>\u00a0no WhatsApp. Para entrar no grupo,\u00a0basta\u00a0<a href=\"https:\/\/chat.whatsapp.com\/I4nieTEMKlf50pJ28aMemC?mode=ac_t\" target=\"_blank\" rel=\"noreferrer noopener\">clicar aqui<\/a>. Ou, acesse o nosso\u00a0Canal\u00a0<a href=\"https:\/\/whatsapp.com\/channel\/0029Vb6IQl1JENyAeS57fk2p\" target=\"_blank\" rel=\"noreferrer noopener\">clicando aqui<\/a>.<\/p>\n<p>Fa\u00e7a uma den\u00fancia ou sugira uma reportagem sobre Ribeir\u00e3o Preto e regi\u00e3o pelo WhatsApp: 16 99117 7802.<\/p>\n<p>VEJA TAMB\u00c9M<\/p>\n<p>Quando estreia \u2018Toy Story 5\u2019?<\/p>\n<p><!-- AI CONTENT END 1 -->\n<\/div>\n<p><script async src=\"\/\/www.instagram.com\/embed.js\"><\/script><br \/>\n<br \/><br \/>\n<br \/><a href=\"https:\/\/www.acidadeon.com\/ribeiraopreto\/lazer-e-cultura\/danca-musica-e-culinaria-africana-marcam-projeto-de-fanta-konate-em-ribeirao-preto\/\">Source link <\/a><\/p>\n<!-- CONTENT END 1 -->\n","protected":false},"excerpt":{"rendered":"<p>A cantora e bailarina Fanta Konat\u00ea apresenta em Ribeir\u00e3o Preto o projeto \u201c\u00c1frica Viva em Mim\u201d, com atividades gratuitas nos dias 31 de outubro e&#8230;<\/p>\n","protected":false},"author":1,"featured_media":79343,"comment_status":"open","ping_status":"open","sticky":false,"template":"","format":"standard","meta":{"advanced_seo_description":"","jetpack_seo_html_title":"","jetpack_seo_noindex":false,"jetpack_post_was_ever_published":false,"_jetpack_newsletter_access":"","_jetpack_dont_email_post_to_subs":false,"_jetpack_newsletter_tier_id":0,"_jetpack_memberships_contains_paywalled_content":false,"_jetpack_memberships_contains_paid_content":false,"footnotes":"","jetpack_publicize_message":"","jetpack_publicize_feature_enabled":true,"jetpack_social_post_already_shared":true,"jetpack_social_options":{"image_generator_settings":{"template":"highway","default_image_id":0,"font":"","enabled":false},"version":2}},"categories":[11],"tags":[],"class_list":["post-79342","post","type-post","status-publish","format-standard","has-post-thumbnail","hentry","category-noticias-de-ribeirao-preto-sp-e-regiao-ismael-colosi"],"jetpack_publicize_connections":[],"jetpack_featured_media_url":"https:\/\/i0.wp.com\/noticiasribeiraopreto.com.br\/wp-content\/uploads\/2025\/10\/voguing-9_2025-10-29_20-05-41.webp.webp?fit=1200%2C675&ssl=1","jetpack-related-posts":[{"id":79338,"url":"https:\/\/noticiasribeiraopreto.com.br\/index.php\/2025\/10\/29\/prefeitura-de-ribeirao-anuncia-novo-secretario-de-educacao\/","url_meta":{"origin":79342,"position":0},"title":"Prefeitura de Ribeir\u00e3o anuncia novo secret\u00e1rio de Educa\u00e7\u00e3o","author":"noticiasribeiraopreto.com.br","date":"29 de October de 2025","format":false,"excerpt":"A Prefeitura de Ribeir\u00e3o Preto anunciou, na tarde desta quarta-feira (29), a sa\u00edda do secret\u00e1rio municipal de Educa\u00e7\u00e3o, Valdir Martins. De acordo com o Executivo, o desligamento ocorre por motivos pessoais. Valdir foi nomeado em janeiro de 2025 e, segundo a Administra\u00e7\u00e3o, \u201ccontribuiu para a organiza\u00e7\u00e3o administrativa, o fortalecimento pedag\u00f3gico\u2026","rel":"","context":"In &quot;Not\u00edcias de Ribeir\u00e3o Preto-SP e Regi\u00e3o&quot;","block_context":{"text":"Not\u00edcias de Ribeir\u00e3o Preto-SP e Regi\u00e3o","link":"https:\/\/noticiasribeiraopreto.com.br\/index.php\/category\/noticias-de-ribeirao-preto-sp-e-regiao-ismael-colosi\/"},"img":{"alt_text":"","src":"https:\/\/i0.wp.com\/noticiasribeiraopreto.com.br\/wp-content\/uploads\/2025\/10\/voguing-4_2025-10-29_20-52-50.webp.webp?fit=1200%2C675&ssl=1&resize=350%2C200","width":350,"height":200,"srcset":"https:\/\/i0.wp.com\/noticiasribeiraopreto.com.br\/wp-content\/uploads\/2025\/10\/voguing-4_2025-10-29_20-52-50.webp.webp?fit=1200%2C675&ssl=1&resize=350%2C200 1x, https:\/\/i0.wp.com\/noticiasribeiraopreto.com.br\/wp-content\/uploads\/2025\/10\/voguing-4_2025-10-29_20-52-50.webp.webp?fit=1200%2C675&ssl=1&resize=525%2C300 1.5x, https:\/\/i0.wp.com\/noticiasribeiraopreto.com.br\/wp-content\/uploads\/2025\/10\/voguing-4_2025-10-29_20-52-50.webp.webp?fit=1200%2C675&ssl=1&resize=700%2C400 2x, https:\/\/i0.wp.com\/noticiasribeiraopreto.com.br\/wp-content\/uploads\/2025\/10\/voguing-4_2025-10-29_20-52-50.webp.webp?fit=1200%2C675&ssl=1&resize=1050%2C600 3x"},"classes":[]},{"id":79337,"url":"https:\/\/noticiasribeiraopreto.com.br\/index.php\/2025\/10\/29\/saiba-tudo-sobre-o-jogo-comemorativo-do-sao-paulo-em-ribeirao-preto\/","url_meta":{"origin":79342,"position":1},"title":"Saiba tudo sobre o jogo comemorativo do S\u00e3o Paulo em Ribeir\u00e3o Preto","author":"noticiasribeiraopreto.com.br","date":"29 de October de 2025","format":false,"excerpt":"O S\u00e3o Paulo Futebol Clube realiza no dia 1\u00ba de novembro, em Ribeir\u00e3o Preto, uma partida comemorativa pelos 20 anos do t\u00edtulo mundial conquistado em 2005. O evento acontece no est\u00e1dio Santa Cruz e re\u00fane atletas que marcaram diferentes per\u00edodos da hist\u00f3ria do clube. O jogo ter\u00e1 dois elencos. O\u2026","rel":"","context":"In &quot;Not\u00edcias de Ribeir\u00e3o Preto-SP e Regi\u00e3o&quot;","block_context":{"text":"Not\u00edcias de Ribeir\u00e3o Preto-SP e Regi\u00e3o","link":"https:\/\/noticiasribeiraopreto.com.br\/index.php\/category\/noticias-de-ribeirao-preto-sp-e-regiao-ismael-colosi\/"},"img":{"alt_text":"","src":"https:\/\/i0.wp.com\/noticiasribeiraopreto.com.br\/wp-content\/uploads\/2025\/10\/Copia-de-Copia-de-Copia-de-TAMANHO-EXATO-PARA-FOTOS-NO-SISTEMA-NOVO-2025-10-16T154650.796_2025-10-16_18-47-51.webp.webp?fit=1200%2C675&ssl=1&resize=350%2C200","width":350,"height":200,"srcset":"https:\/\/i0.wp.com\/noticiasribeiraopreto.com.br\/wp-content\/uploads\/2025\/10\/Copia-de-Copia-de-Copia-de-TAMANHO-EXATO-PARA-FOTOS-NO-SISTEMA-NOVO-2025-10-16T154650.796_2025-10-16_18-47-51.webp.webp?fit=1200%2C675&ssl=1&resize=350%2C200 1x, https:\/\/i0.wp.com\/noticiasribeiraopreto.com.br\/wp-content\/uploads\/2025\/10\/Copia-de-Copia-de-Copia-de-TAMANHO-EXATO-PARA-FOTOS-NO-SISTEMA-NOVO-2025-10-16T154650.796_2025-10-16_18-47-51.webp.webp?fit=1200%2C675&ssl=1&resize=525%2C300 1.5x, https:\/\/i0.wp.com\/noticiasribeiraopreto.com.br\/wp-content\/uploads\/2025\/10\/Copia-de-Copia-de-Copia-de-TAMANHO-EXATO-PARA-FOTOS-NO-SISTEMA-NOVO-2025-10-16T154650.796_2025-10-16_18-47-51.webp.webp?fit=1200%2C675&ssl=1&resize=700%2C400 2x, https:\/\/i0.wp.com\/noticiasribeiraopreto.com.br\/wp-content\/uploads\/2025\/10\/Copia-de-Copia-de-Copia-de-TAMANHO-EXATO-PARA-FOTOS-NO-SISTEMA-NOVO-2025-10-16T154650.796_2025-10-16_18-47-51.webp.webp?fit=1200%2C675&ssl=1&resize=1050%2C600 3x"},"classes":[]},{"id":60521,"url":"https:\/\/noticiasribeiraopreto.com.br\/index.php\/2024\/11\/16\/veja-a-programacao-do-festival-da-cultura-afro-brasileira-em-ribeirao-preto\/","url_meta":{"origin":79342,"position":2},"title":"Veja a programa\u00e7\u00e3o do Festival da Cultura Afro-Brasileira em Ribeir\u00e3o Preto","author":"noticiasribeiraopreto.com.br","date":"16 de November de 2024","format":false,"excerpt":"Ribeir\u00e3o Preto recebe na pr\u00f3xima semana o Festival da Cultura Afro-Brasileira, que acontece entre os dias 19 e 22 de novembro. O evento ser\u00e1 realizado no Gr\u00eamio Social, Desportivo e Cultural da Comunidade dos Embaixadores, na Vila Carvalho. A programa\u00e7\u00e3o conta com atra\u00e7\u00f5es de m\u00fasica, dan\u00e7a e gastronomia para todos\u2026","rel":"","context":"In &quot;Not\u00edcias de Ribeir\u00e3o Preto-SP e Regi\u00e3o&quot;","block_context":{"text":"Not\u00edcias de Ribeir\u00e3o Preto-SP e Regi\u00e3o","link":"https:\/\/noticiasribeiraopreto.com.br\/index.php\/category\/noticias-de-ribeirao-preto-sp-e-regiao-ismael-colosi\/"},"img":{"alt_text":"","src":"https:\/\/i0.wp.com\/noticiasribeiraopreto.com.br\/wp-content\/uploads\/2024\/11\/WhatsApp-Image-2024-11-16-at-12.00.28_2024-11-16_15-29-16_jpeg_2024-11-16_15-29-16.webp.webp?fit=1200%2C800&ssl=1&resize=350%2C200","width":350,"height":200,"srcset":"https:\/\/i0.wp.com\/noticiasribeiraopreto.com.br\/wp-content\/uploads\/2024\/11\/WhatsApp-Image-2024-11-16-at-12.00.28_2024-11-16_15-29-16_jpeg_2024-11-16_15-29-16.webp.webp?fit=1200%2C800&ssl=1&resize=350%2C200 1x, https:\/\/i0.wp.com\/noticiasribeiraopreto.com.br\/wp-content\/uploads\/2024\/11\/WhatsApp-Image-2024-11-16-at-12.00.28_2024-11-16_15-29-16_jpeg_2024-11-16_15-29-16.webp.webp?fit=1200%2C800&ssl=1&resize=525%2C300 1.5x, https:\/\/i0.wp.com\/noticiasribeiraopreto.com.br\/wp-content\/uploads\/2024\/11\/WhatsApp-Image-2024-11-16-at-12.00.28_2024-11-16_15-29-16_jpeg_2024-11-16_15-29-16.webp.webp?fit=1200%2C800&ssl=1&resize=700%2C400 2x, https:\/\/i0.wp.com\/noticiasribeiraopreto.com.br\/wp-content\/uploads\/2024\/11\/WhatsApp-Image-2024-11-16-at-12.00.28_2024-11-16_15-29-16_jpeg_2024-11-16_15-29-16.webp.webp?fit=1200%2C800&ssl=1&resize=1050%2C600 3x"},"classes":[]},{"id":79415,"url":"https:\/\/noticiasribeiraopreto.com.br\/index.php\/2025\/10\/31\/shows-comedia-e-halloween-confira-o-que-acontece-neste-fim-de-semana-em-ribeirao-preto\/","url_meta":{"origin":79342,"position":3},"title":"Shows, com\u00e9dia e halloween: confira o que acontece neste fim de semana em Ribeir\u00e3o Preto","author":"noticiasribeiraopreto.com.br","date":"31 de October de 2025","format":false,"excerpt":"O fim de semana chegou e Ribeir\u00e3o Preto conta com diversas op\u00e7\u00f5es para aproveitar. Entre as atra\u00e7\u00f5es est\u00e3o o show da dupla sertaneja Edson & Hudson, o novo stand-up de Igor Guimar\u00e3es e a edi\u00e7\u00e3o do \u201cC\u00e3olloween\u201d. Confira a programa\u00e7\u00e3o completa abaixo. Edson & Hudson A dupla sertaneja se apresenta\u2026","rel":"","context":"In &quot;Not\u00edcias de Ribeir\u00e3o Preto-SP e Regi\u00e3o&quot;","block_context":{"text":"Not\u00edcias de Ribeir\u00e3o Preto-SP e Regi\u00e3o","link":"https:\/\/noticiasribeiraopreto.com.br\/index.php\/category\/noticias-de-ribeirao-preto-sp-e-regiao-ismael-colosi\/"},"img":{"alt_text":"","src":"https:\/\/i0.wp.com\/noticiasribeiraopreto.com.br\/wp-content\/uploads\/2025\/08\/edson-hudson_2025-08-30_19-01-55.webp.webp?fit=800%2C533&ssl=1&resize=350%2C200","width":350,"height":200,"srcset":"https:\/\/i0.wp.com\/noticiasribeiraopreto.com.br\/wp-content\/uploads\/2025\/08\/edson-hudson_2025-08-30_19-01-55.webp.webp?fit=800%2C533&ssl=1&resize=350%2C200 1x, https:\/\/i0.wp.com\/noticiasribeiraopreto.com.br\/wp-content\/uploads\/2025\/08\/edson-hudson_2025-08-30_19-01-55.webp.webp?fit=800%2C533&ssl=1&resize=525%2C300 1.5x, https:\/\/i0.wp.com\/noticiasribeiraopreto.com.br\/wp-content\/uploads\/2025\/08\/edson-hudson_2025-08-30_19-01-55.webp.webp?fit=800%2C533&ssl=1&resize=700%2C400 2x"},"classes":[]},{"id":32415,"url":"https:\/\/noticiasribeiraopreto.com.br\/index.php\/2024\/01\/25\/regiao-de-ribeirao-preto-tem-vagas-para-projeto-de-danca-de-salao\/","url_meta":{"origin":79342,"position":4},"title":"Regi\u00e3o de Ribeir\u00e3o Preto tem vagas para projeto de dan\u00e7a de sal\u00e3o","author":"noticiasribeiraopreto.com.br","date":"25 de January de 2024","format":false,"excerpt":"A Prefeitura de Sert\u00e3ozinho, por meio da Secretaria Municipal de Cultura e Turismo, est\u00e1 com inscri\u00e7\u00e3o aberta para maiores de 18 anos de idade que tenham interesse em fazer dan\u00e7a de sal\u00e3o. O prazo para se inscrever \u00e9 at\u00e9 segunda-feira (29). O projeto \u201c\u00c9 dan\u00e7ando que se vive\u201d, ao todo\u2026","rel":"","context":"In &quot;Not\u00edcias de Ribeir\u00e3o Preto-SP e Regi\u00e3o&quot;","block_context":{"text":"Not\u00edcias de Ribeir\u00e3o Preto-SP e Regi\u00e3o","link":"https:\/\/noticiasribeiraopreto.com.br\/index.php\/category\/noticias-de-ribeirao-preto-sp-e-regiao-ismael-colosi\/"},"img":{"alt_text":"","src":"https:\/\/i0.wp.com\/noticiasribeiraopreto.com.br\/wp-content\/uploads\/2024\/01\/danca-de-salao.jpg?fit=1200%2C675&ssl=1&resize=350%2C200","width":350,"height":200,"srcset":"https:\/\/i0.wp.com\/noticiasribeiraopreto.com.br\/wp-content\/uploads\/2024\/01\/danca-de-salao.jpg?fit=1200%2C675&ssl=1&resize=350%2C200 1x, https:\/\/i0.wp.com\/noticiasribeiraopreto.com.br\/wp-content\/uploads\/2024\/01\/danca-de-salao.jpg?fit=1200%2C675&ssl=1&resize=525%2C300 1.5x, https:\/\/i0.wp.com\/noticiasribeiraopreto.com.br\/wp-content\/uploads\/2024\/01\/danca-de-salao.jpg?fit=1200%2C675&ssl=1&resize=700%2C400 2x, https:\/\/i0.wp.com\/noticiasribeiraopreto.com.br\/wp-content\/uploads\/2024\/01\/danca-de-salao.jpg?fit=1200%2C675&ssl=1&resize=1050%2C600 3x"},"classes":[]},{"id":46384,"url":"https:\/\/noticiasribeiraopreto.com.br\/index.php\/2024\/04\/11\/curso-de-culinaria-gratuito-esta-com-inscricoes-abertas-na-regiao-de-ribeirao-preto\/","url_meta":{"origin":79342,"position":5},"title":"Curso de culin\u00e1ria gratuito est\u00e1 com inscri\u00e7\u00f5es abertas na regi\u00e3o de Ribeir\u00e3o Preto","author":"noticiasribeiraopreto.com.br","date":"11 de April de 2024","format":false,"excerpt":"Para quem busca oportunidade no mercado de trabalho e gosta da \u00e1rea de gastronomia, est\u00e3o abertas as inscri\u00e7\u00f5es para o curso de culin\u00e1ria do projeto Cozinha Paulista. Em Jaboticabal, cidade a 57 quil\u00f4metros de Ribeir\u00e3o Preto, s\u00e3o 50 vagas dispon\u00edveis para jovens a partir de 16 anos de idade que\u2026","rel":"","context":"In &quot;Not\u00edcias de Ribeir\u00e3o Preto-SP e Regi\u00e3o&quot;","block_context":{"text":"Not\u00edcias de Ribeir\u00e3o Preto-SP e Regi\u00e3o","link":"https:\/\/noticiasribeiraopreto.com.br\/index.php\/category\/noticias-de-ribeirao-preto-sp-e-regiao-ismael-colosi\/"},"img":{"alt_text":"","src":"https:\/\/i0.wp.com\/noticiasribeiraopreto.com.br\/wp-content\/uploads\/2024\/04\/Copia-de-Copia-de-TAMANHO-EXATO-PARA-FOTOS-NO-SISTEMA-NOVO-3-1.png?fit=1200%2C675&ssl=1&resize=350%2C200","width":350,"height":200,"srcset":"https:\/\/i0.wp.com\/noticiasribeiraopreto.com.br\/wp-content\/uploads\/2024\/04\/Copia-de-Copia-de-TAMANHO-EXATO-PARA-FOTOS-NO-SISTEMA-NOVO-3-1.png?fit=1200%2C675&ssl=1&resize=350%2C200 1x, https:\/\/i0.wp.com\/noticiasribeiraopreto.com.br\/wp-content\/uploads\/2024\/04\/Copia-de-Copia-de-TAMANHO-EXATO-PARA-FOTOS-NO-SISTEMA-NOVO-3-1.png?fit=1200%2C675&ssl=1&resize=525%2C300 1.5x, https:\/\/i0.wp.com\/noticiasribeiraopreto.com.br\/wp-content\/uploads\/2024\/04\/Copia-de-Copia-de-TAMANHO-EXATO-PARA-FOTOS-NO-SISTEMA-NOVO-3-1.png?fit=1200%2C675&ssl=1&resize=700%2C400 2x, https:\/\/i0.wp.com\/noticiasribeiraopreto.com.br\/wp-content\/uploads\/2024\/04\/Copia-de-Copia-de-TAMANHO-EXATO-PARA-FOTOS-NO-SISTEMA-NOVO-3-1.png?fit=1200%2C675&ssl=1&resize=1050%2C600 3x"},"classes":[]}],"jetpack_sharing_enabled":true,"jetpack_shortlink":"https:\/\/wp.me\/peQAOb-kDI","_links":{"self":[{"href":"https:\/\/noticiasribeiraopreto.com.br\/index.php\/wp-json\/wp\/v2\/posts\/79342","targetHints":{"allow":["GET"]}}],"collection":[{"href":"https:\/\/noticiasribeiraopreto.com.br\/index.php\/wp-json\/wp\/v2\/posts"}],"about":[{"href":"https:\/\/noticiasribeiraopreto.com.br\/index.php\/wp-json\/wp\/v2\/types\/post"}],"author":[{"embeddable":true,"href":"https:\/\/noticiasribeiraopreto.com.br\/index.php\/wp-json\/wp\/v2\/users\/1"}],"replies":[{"embeddable":true,"href":"https:\/\/noticiasribeiraopreto.com.br\/index.php\/wp-json\/wp\/v2\/comments?post=79342"}],"version-history":[{"count":0,"href":"https:\/\/noticiasribeiraopreto.com.br\/index.php\/wp-json\/wp\/v2\/posts\/79342\/revisions"}],"wp:featuredmedia":[{"embeddable":true,"href":"https:\/\/noticiasribeiraopreto.com.br\/index.php\/wp-json\/wp\/v2\/media\/79343"}],"wp:attachment":[{"href":"https:\/\/noticiasribeiraopreto.com.br\/index.php\/wp-json\/wp\/v2\/media?parent=79342"}],"wp:term":[{"taxonomy":"category","embeddable":true,"href":"https:\/\/noticiasribeiraopreto.com.br\/index.php\/wp-json\/wp\/v2\/categories?post=79342"},{"taxonomy":"post_tag","embeddable":true,"href":"https:\/\/noticiasribeiraopreto.com.br\/index.php\/wp-json\/wp\/v2\/tags?post=79342"}],"curies":[{"name":"wp","href":"https:\/\/api.w.org\/{rel}","templated":true}]}}