{"id":79344,"date":"2025-10-29T22:23:34","date_gmt":"2025-10-30T01:23:34","guid":{"rendered":"https:\/\/noticiasribeiraopreto.com.br\/index.php\/2025\/10\/29\/mp-denuncia-elizabete-arrabaca-por-feminicidio-contra-a-propria-filha-na-regiao-de-ribeirao-preto\/"},"modified":"2025-10-29T22:23:34","modified_gmt":"2025-10-30T01:23:34","slug":"mp-denuncia-elizabete-arrabaca-por-feminicidio-contra-a-propria-filha-na-regiao-de-ribeirao-preto","status":"publish","type":"post","link":"https:\/\/noticiasribeiraopreto.com.br\/index.php\/2025\/10\/29\/mp-denuncia-elizabete-arrabaca-por-feminicidio-contra-a-propria-filha-na-regiao-de-ribeirao-preto\/","title":{"rendered":"MP denuncia Elizabete Arraba\u00e7a por feminic\u00eddio contra a pr\u00f3pria filha na regi\u00e3o de Ribeir\u00e3o Preto"},"content":{"rendered":"<div class='code-block code-block-1' style='margin: 8px 0 8px auto; text-align: right; display: block; clear: both;'>\n<p><a href=\"https:\/\/wa.link\/vpicfd\"><img data-recalc-dims=\"1\" class=\"wp-image-4922\" style=\"aspect-ratio: 2.0253164556962027; width: 561px; height: auto;\" src=\"https:\/\/i0.wp.com\/ismaelcolosi.com.br\/wp-content\/uploads\/2023\/11\/grupo-de-empregos-whatsapp-e-facebook-ismael-colosi-vagas.jpg?ssl=1\" alt=\"\" \/><\/a><\/p>\n<!-- \/wp:image -->\n<\/div>\n<p> <br \/>\n<\/p>\n<div>\n<p>O Minist\u00e9rio P\u00fablico de S\u00e3o Paulo denunciou <strong>Elizabete Arraba\u00e7a<\/strong> por <strong>matar a pr\u00f3pria filha, Nath\u00e1lia Garnica<\/strong>, com <strong>veneno conhecido como chumbinho<\/strong>. O crime ocorreu em <strong>9 de fevereiro de 2025<\/strong>, em uma casa no <strong>Residencial S\u00e3o Benedito<\/strong>, em <strong>Pontal<\/strong>, na regi\u00e3o de <strong>Ribeir\u00e3o Preto<\/strong>.<\/p>\n<p>Segundo a den\u00fancia, Elizabete agiu com <strong>inten\u00e7\u00e3o de matar<\/strong> e utilizou <strong><em>Carbofurano<\/em><\/strong>, subst\u00e2ncia proibida no Brasil desde 2017 por sua alta toxicidade. A promotoria afirma que o crime teve <strong>motiva\u00e7\u00e3o financeira<\/strong> e foi cometido de forma <strong>dissimulada<\/strong>, impedindo qualquer rea\u00e7\u00e3o da v\u00edtima.<\/p>\n<h3 class=\"wp-block-heading\"><strong>Investiga\u00e7\u00e3o come\u00e7ou ap\u00f3s morte semelhante <\/strong><\/h3>\n<p>A investiga\u00e7\u00e3o sobre a morte de Nath\u00e1lia recome\u00e7ou em mar\u00e7o, depois que <strong>Larissa Rodrigues<\/strong>, nora de Elizabete, morreu <strong>envenenada<\/strong> em Ribeir\u00e3o Preto. A suspeita de liga\u00e7\u00e3o entre as duas mortes levou \u00e0 <strong>exuma\u00e7\u00e3o do corpo de Nath\u00e1lia<\/strong>, que confirmou a presen\u00e7a do mesmo tipo de veneno.<\/p>\n<figure class=\"wp-block-image size-full\"><img data-recalc-dims=\"1\" fetchpriority=\"high\" decoding=\"async\" width=\"984\" height=\"616\" src=\"https:\/\/i0.wp.com\/cdn.media-acidadeon.com.br\/ribeiraopreto\/wp-content\/uploads\/sites\/3\/2025\/10\/image_2025-10-29_23-41-23.webp?resize=984%2C616&#038;ssl=1\" alt=\"elizabete&#10;\" class=\"wp-image-134025\" title=\"MP denuncia Elizabete Arraba\u00e7a por feminic\u00eddio contra a pr\u00f3pria filha na regi\u00e3o de Ribeir\u00e3o Preto 1\" srcset=\"https:\/\/cdn.media-acidadeon.com.br\/ribeiraopreto\/wp-content\/uploads\/sites\/3\/2025\/10\/image_2025-10-29_23-41-23.webp 984w, https:\/\/cdn.media-acidadeon.com.br\/ribeiraopreto\/wp-content\/uploads\/sites\/3\/2025\/10\/image_2025-10-29_23-41-23-300x188.webp 300w, https:\/\/cdn.media-acidadeon.com.br\/ribeiraopreto\/wp-content\/uploads\/sites\/3\/2025\/10\/image_2025-10-29_23-41-23-768x481.webp 768w, https:\/\/cdn.media-acidadeon.com.br\/ribeiraopreto\/wp-content\/uploads\/sites\/3\/2025\/10\/image_2025-10-29_23-41-23-696x436.webp 696w\" sizes=\"(max-width: 984px) 100vw, 984px\"\/><\/figure>\n<p>O laudo toxicol\u00f3gico apontou <strong>intoxica\u00e7\u00e3o por <\/strong><em><strong>Carbofurano<\/strong> <\/em>em \u00f3rg\u00e3os como <strong>est\u00f4mago<\/strong>, <strong>f\u00edgado <\/strong>e <strong>pulm\u00f5es<\/strong>. A per\u00edcia concluiu que a morte n\u00e3o ocorreu por causas naturais, como inicialmente registrado.<\/p>\n<h3 class=\"wp-block-heading\"><strong>Pesquisas online<\/strong><\/h3>\n<p>O Minist\u00e9rio P\u00fablico identificou <strong>pesquisas online feitas por Elisabete<\/strong> um dia antes do crime com os termos \u201c<em>veneno chumbinho<\/em>\u201d e \u201c<em>forma de intoxica\u00e7\u00e3o<\/em>\u201d. O celular da acusada tamb\u00e9m revelou buscas sobre <strong>jogos de azar<\/strong> e <strong>pens\u00e3o por morte de filho<\/strong>, feitas poucos dias ap\u00f3s o falecimento da v\u00edtima.<\/p>\n<p>De acordo com o processo, Elizabete tinha <strong>d\u00edvidas altas<\/strong>, envolvia-se com <strong>apostas online<\/strong> e dependia financeiramente da filha. Testemunhas relataram que as duas mantinham uma rela\u00e7\u00e3o <strong>conflituosa por dinheiro<\/strong> e que a m\u00e3e desaprovava o relacionamento amoroso de Nath\u00e1lia, que pretendia se casar.<\/p>\n<h3 class=\"wp-block-heading\"><strong>Caso Larissa<\/strong><\/h3>\n<p>A denunciada tamb\u00e9m responde por <strong>matar a nora Larissa<\/strong>, em Ribeir\u00e3o Preto, usando o mesmo tipo de veneno. Atualmente, Elizabete est\u00e1 presa na <strong>Penitenci\u00e1ria Feminina de Trememb\u00e9<\/strong>, no interior de S\u00e3o Paulo.<\/p>\n<p>A promotoria descreve o crime como <strong>feminic\u00eddio qualificado<\/strong> \u2014 praticado por motivo torpe, meio cruel e com dissimula\u00e7\u00e3o \u2014 e ainda acusa a r\u00e9 de <strong>fraude processual<\/strong> por alterar o local do crime ap\u00f3s a morte da filha.<\/p>\n<h3 class=\"wp-block-heading\"><strong>O que diz a defesa?<\/strong><\/h3>\n<p>Em nota enviada para a reportagem do <strong><em>acidade on<\/em><\/strong> a defesa de Elizabete Arraba\u00e7a informou que est\u00e1 ciente da den\u00fancia do MP e que a r\u00e9 sempre negou qualquer envolvimento na morte da filha.<\/p>\n<h3 class=\"wp-block-heading\"><strong>Leia na \u00edntegra:<\/strong><\/h3>\n<p>No final da tarde de hoje, tomamos ci\u00eancia do oferecimento de den\u00fancia contra nossa cliente\u00a0<strong>Elizabete Eug\u00eanio Arraba\u00e7a<\/strong>, sendo a ela atribu\u00edda a morte de sua filha\u00a0<strong>Nath\u00e1lia Garnica<\/strong>, oportunidade em que lhe foi imputado pelo Minist\u00e9rio P\u00fablico do Estado de S\u00e3o Paulo o crime de\u00a0<strong>feminic\u00eddio (art. 121-A, CP)<\/strong>, com\u00a0<strong>03 qualificadoras<\/strong>\u00a0(emprego de veneno, meio cruel e mediante dissimula\u00e7\u00e3o e de recurso que dificultou a defesa da ofendida).<\/p>\n<p>Trouxe a ilustre Promotora de Justi\u00e7a que Elizabete teria utilizado a subst\u00e2ncia\u00a0<strong>carbofurano<\/strong>, popularmente conhecida como \u201c<strong>chumbinho<\/strong>\u201d.<\/p>\n<p>Importante expor que\u00a0<strong>Elizabete sempre negou qualquer participa\u00e7\u00e3o<\/strong>\u00a0na morte de sua filha Nath\u00e1lia, motivo pelo qual essa\u00a0<strong>defesa t\u00e9cnica trabalhar\u00e1 para preservar todos os seus direitos<\/strong>, a fim de que o processo tramite dentro dos padr\u00f5es legais.<\/p>\n<p>Aguardamos a an\u00e1lise do\u00a0<strong>Poder Judici\u00e1rio da Comarca de Pontal\/SP<\/strong>, especificamente no que diz respeito ao eventual\u00a0<strong>recebimento da den\u00fancia<\/strong>, bem como da\u00a0<strong>representa\u00e7\u00e3o pela pris\u00e3o preventiva<\/strong>\u00a0de Elizabete, para decidir sobre os pontos do trabalho da defesa t\u00e9cnica.<\/p>\n<hr class=\"wp-block-separator has-alpha-channel-opacity\"\/>\n<h4 class=\"wp-block-heading\"><strong>SAIBA MAIS<\/strong><\/h4>\n<p>Interior de SP tem previs\u00e3o de chuva forte nesta quarta-feira<\/p>\n<h3 class=\"wp-block-heading\"><strong>FIQUE ON<\/strong><\/h3>\n<p>Fique ligado em tudo que acontece em Ribeir\u00e3o Preto e regi\u00e3o. Siga os perfis do\u00a0<strong>acidade on<\/strong>\u00a0no<a href=\"https:\/\/www.instagram.com\/acidadeonribeirao\" target=\"_blank\" rel=\"noreferrer noopener\">\u00a0Instagram\u00a0<\/a>e no\u00a0<a href=\"https:\/\/www.facebook.com\/acidadeonribeirao\/\" target=\"_blank\" rel=\"noreferrer noopener\">Facebook<\/a>.<\/p>\n<p>Receba not\u00edcias do<strong>\u00a0acidade on<\/strong>\u00a0no WhatsApp. Para entrar no grupo,\u00a0basta\u00a0<a href=\"https:\/\/chat.whatsapp.com\/I4nieTEMKlf50pJ28aMemC?mode=ac_t\" target=\"_blank\" rel=\"noreferrer noopener\">clicar aqui<\/a>. Ou, acesse o nosso\u00a0Canal\u00a0<a href=\"https:\/\/whatsapp.com\/channel\/0029Vb6IQl1JENyAeS57fk2p\" target=\"_blank\" rel=\"noreferrer noopener\">clicando aqui<\/a>.<\/p>\n<p>Fa\u00e7a uma den\u00fancia ou sugira uma reportagem sobre Ribeir\u00e3o Preto e regi\u00e3o pelo WhatsApp: 16 99117 7802.<\/p>\n<p>VEJA TAMB\u00c9M<\/p>\n<p>Veja 5 motivos para jogar Little Nightmares III no Halloween<\/p>\n<p><!-- AI CONTENT END 1 -->\n<\/div>\n<p><script async src=\"\/\/www.instagram.com\/embed.js\"><\/script><br \/>\n<br \/><br \/>\n<br \/><a href=\"https:\/\/www.acidadeon.com\/ribeiraopreto\/cotidiano\/mp-denuncia-elizabete-arrabaca-por-feminicidio-contra-a-propria-filha-na-regiao-de-ribeirao-preto\/\">Source link <\/a><\/p>\n<!-- CONTENT END 1 -->\n","protected":false},"excerpt":{"rendered":"<p>O Minist\u00e9rio P\u00fablico de S\u00e3o Paulo denunciou Elizabete Arraba\u00e7a por matar a pr\u00f3pria filha, Nath\u00e1lia Garnica, com veneno conhecido como chumbinho. O crime ocorreu em&#8230;<\/p>\n","protected":false},"author":1,"featured_media":73293,"comment_status":"open","ping_status":"open","sticky":false,"template":"","format":"standard","meta":{"advanced_seo_description":"","jetpack_seo_html_title":"","jetpack_seo_noindex":false,"jetpack_post_was_ever_published":false,"_jetpack_newsletter_access":"","_jetpack_dont_email_post_to_subs":false,"_jetpack_newsletter_tier_id":0,"_jetpack_memberships_contains_paywalled_content":false,"_jetpack_memberships_contains_paid_content":false,"footnotes":"","jetpack_publicize_message":"","jetpack_publicize_feature_enabled":true,"jetpack_social_post_already_shared":true,"jetpack_social_options":{"image_generator_settings":{"template":"highway","default_image_id":0,"font":"","enabled":false},"version":2}},"categories":[11],"tags":[],"class_list":["post-79344","post","type-post","status-publish","format-standard","has-post-thumbnail","hentry","category-noticias-de-ribeirao-preto-sp-e-regiao-ismael-colosi"],"jetpack_publicize_connections":[],"jetpack_featured_media_url":"https:\/\/i0.wp.com\/noticiasribeiraopreto.com.br\/wp-content\/uploads\/2025\/06\/Copia-de-Copia-de-Copia-de-TAMANHO-EXATO-PARA-FOTOS-NO-SISTEMA-NOVO-2025-06-28T184923.591_2025-06-28_21-49-29.webp.webp?fit=1200%2C675&ssl=1","jetpack-related-posts":[{"id":78650,"url":"https:\/\/noticiasribeiraopreto.com.br\/index.php\/2025\/10\/15\/elizabete-arrabaca-e-indiciada-pela-morte-da-propria-filha-por-envenenamento\/","url_meta":{"origin":79344,"position":0},"title":"Elizabete Arraba\u00e7a \u00e9 indiciada pela morte da pr\u00f3pria filha por envenenamento","author":"noticiasribeiraopreto.com.br","date":"15 de October de 2025","format":false,"excerpt":"A Pol\u00edcia Civil concluiu a investiga\u00e7\u00e3o e indiciou Elizabete Arraba\u00e7a pela morte da filha Nath\u00e1lia Garnica, morta em Pontal, na regi\u00e3o de Ribeir\u00e3o Preto, em fevereiro deste ano. Segundo o delegado Fernando Bravo, o crime teria sido motivado por motivos financeiros. O caso foi encaminhado pela pol\u00edcia para o MP-SP\u2026","rel":"","context":"In &quot;Not\u00edcias de Ribeir\u00e3o Preto-SP e Regi\u00e3o&quot;","block_context":{"text":"Not\u00edcias de Ribeir\u00e3o Preto-SP e Regi\u00e3o","link":"https:\/\/noticiasribeiraopreto.com.br\/index.php\/category\/noticias-de-ribeirao-preto-sp-e-regiao-ismael-colosi\/"},"img":{"alt_text":"","src":"https:\/\/i0.wp.com\/noticiasribeiraopreto.com.br\/wp-content\/uploads\/2025\/06\/ret_2025-06-26_17-04-24.webp.webp?fit=1200%2C675&ssl=1&resize=350%2C200","width":350,"height":200,"srcset":"https:\/\/i0.wp.com\/noticiasribeiraopreto.com.br\/wp-content\/uploads\/2025\/06\/ret_2025-06-26_17-04-24.webp.webp?fit=1200%2C675&ssl=1&resize=350%2C200 1x, https:\/\/i0.wp.com\/noticiasribeiraopreto.com.br\/wp-content\/uploads\/2025\/06\/ret_2025-06-26_17-04-24.webp.webp?fit=1200%2C675&ssl=1&resize=525%2C300 1.5x, https:\/\/i0.wp.com\/noticiasribeiraopreto.com.br\/wp-content\/uploads\/2025\/06\/ret_2025-06-26_17-04-24.webp.webp?fit=1200%2C675&ssl=1&resize=700%2C400 2x, https:\/\/i0.wp.com\/noticiasribeiraopreto.com.br\/wp-content\/uploads\/2025\/06\/ret_2025-06-26_17-04-24.webp.webp?fit=1200%2C675&ssl=1&resize=1050%2C600 3x"},"classes":[]},{"id":73773,"url":"https:\/\/noticiasribeiraopreto.com.br\/index.php\/2025\/07\/09\/exumacao-de-cachorrinha-que-estava-com-elizabete-arrabaca-sera-nesta-quinta-feira\/","url_meta":{"origin":79344,"position":1},"title":"Exuma\u00e7\u00e3o de cachorrinha que estava com Elizabete Arraba\u00e7a ser\u00e1 nesta quinta-feira","author":"noticiasribeiraopreto.com.br","date":"9 de July de 2025","format":false,"excerpt":"Os peritos do IML (Instituto M\u00e9dico Legal) de Ribeir\u00e3o Preto realizam nesta quinta-feira (10) a exuma\u00e7\u00e3o da cadela Babi, que morreu 15 dias antes da tutora, Nath\u00e1lia Garnica. O procedimento faz parte da investiga\u00e7\u00e3o que aponta Elizabete Arraba\u00e7a, m\u00e3e de Nath\u00e1lia, como principal suspeita pela morte da filha Nath\u00e1lia e\u2026","rel":"","context":"In &quot;Not\u00edcias de Ribeir\u00e3o Preto-SP e Regi\u00e3o&quot;","block_context":{"text":"Not\u00edcias de Ribeir\u00e3o Preto-SP e Regi\u00e3o","link":"https:\/\/noticiasribeiraopreto.com.br\/index.php\/category\/noticias-de-ribeirao-preto-sp-e-regiao-ismael-colosi\/"},"img":{"alt_text":"","src":"https:\/\/i0.wp.com\/noticiasribeiraopreto.com.br\/wp-content\/uploads\/2025\/07\/babi_2025-07-09_16-55-24.webp.webp?fit=957%2C676&ssl=1&resize=350%2C200","width":350,"height":200,"srcset":"https:\/\/i0.wp.com\/noticiasribeiraopreto.com.br\/wp-content\/uploads\/2025\/07\/babi_2025-07-09_16-55-24.webp.webp?fit=957%2C676&ssl=1&resize=350%2C200 1x, https:\/\/i0.wp.com\/noticiasribeiraopreto.com.br\/wp-content\/uploads\/2025\/07\/babi_2025-07-09_16-55-24.webp.webp?fit=957%2C676&ssl=1&resize=525%2C300 1.5x, https:\/\/i0.wp.com\/noticiasribeiraopreto.com.br\/wp-content\/uploads\/2025\/07\/babi_2025-07-09_16-55-24.webp.webp?fit=957%2C676&ssl=1&resize=700%2C400 2x"},"classes":[]},{"id":74742,"url":"https:\/\/noticiasribeiraopreto.com.br\/index.php\/2025\/07\/28\/policia-investiga-se-elizabete-arrabaca-matou-amiga-envenenada-ha-nove-anos\/","url_meta":{"origin":79344,"position":2},"title":"Pol\u00edcia investiga se Elizabete Arraba\u00e7a matou amiga envenenada h\u00e1 nove anos","author":"noticiasribeiraopreto.com.br","date":"28 de July de 2025","format":false,"excerpt":"A Pol\u00edcia Civil de Ribeir\u00e3o Preto investiga uma terceira morte ligada a Elizabete Arraba\u00e7a, suspeita de envenenar a nora Larissa Rodrigues e de matar a pr\u00f3pria filha, Nath\u00e1lia Garnica, em Pontal. Nos dois casos, a investiga\u00e7\u00e3o concluiu que Elizabete usou chumbinho como subst\u00e2ncia t\u00f3xica. A nova apura\u00e7\u00e3o envolve a morte\u2026","rel":"","context":"In &quot;Not\u00edcias de Ribeir\u00e3o Preto-SP e Regi\u00e3o&quot;","block_context":{"text":"Not\u00edcias de Ribeir\u00e3o Preto-SP e Regi\u00e3o","link":"https:\/\/noticiasribeiraopreto.com.br\/index.php\/category\/noticias-de-ribeirao-preto-sp-e-regiao-ismael-colosi\/"},"img":{"alt_text":"","src":"https:\/\/i0.wp.com\/noticiasribeiraopreto.com.br\/wp-content\/uploads\/2025\/06\/ret_2025-06-26_17-04-24.webp.webp?fit=1200%2C675&ssl=1&resize=350%2C200","width":350,"height":200,"srcset":"https:\/\/i0.wp.com\/noticiasribeiraopreto.com.br\/wp-content\/uploads\/2025\/06\/ret_2025-06-26_17-04-24.webp.webp?fit=1200%2C675&ssl=1&resize=350%2C200 1x, https:\/\/i0.wp.com\/noticiasribeiraopreto.com.br\/wp-content\/uploads\/2025\/06\/ret_2025-06-26_17-04-24.webp.webp?fit=1200%2C675&ssl=1&resize=525%2C300 1.5x, https:\/\/i0.wp.com\/noticiasribeiraopreto.com.br\/wp-content\/uploads\/2025\/06\/ret_2025-06-26_17-04-24.webp.webp?fit=1200%2C675&ssl=1&resize=700%2C400 2x, https:\/\/i0.wp.com\/noticiasribeiraopreto.com.br\/wp-content\/uploads\/2025\/06\/ret_2025-06-26_17-04-24.webp.webp?fit=1200%2C675&ssl=1&resize=1050%2C600 3x"},"classes":[]},{"id":74281,"url":"https:\/\/noticiasribeiraopreto.com.br\/index.php\/2025\/07\/18\/nathalia-garnica-foi-morta-pela-propria-mae-por-dinheiro-aponta-policia\/","url_meta":{"origin":79344,"position":3},"title":"Nath\u00e1lia Garnica foi morta pela pr\u00f3pria m\u00e3e por dinheiro, aponta pol\u00edcia","author":"noticiasribeiraopreto.com.br","date":"18 de July de 2025","format":false,"excerpt":"A Pol\u00edcia Civil de Ribeir\u00e3o Preto afirma que Elizabete Arraba\u00e7a envenenou e matou a pr\u00f3pria filha, a veterin\u00e1ria Nath\u00e1lia Garnica, por motiva\u00e7\u00e3o financeira. A investiga\u00e7\u00e3o, que apura o crime ocorrido em Pontal, est\u00e1 em fase final, mas o inqu\u00e9rito ainda n\u00e3o foi conclu\u00eddo. Segundo o delegado Jos\u00e9 Carvalho de Ara\u00fajo\u2026","rel":"","context":"In &quot;Not\u00edcias de Ribeir\u00e3o Preto-SP e Regi\u00e3o&quot;","block_context":{"text":"Not\u00edcias de Ribeir\u00e3o Preto-SP e Regi\u00e3o","link":"https:\/\/noticiasribeiraopreto.com.br\/index.php\/category\/noticias-de-ribeirao-preto-sp-e-regiao-ismael-colosi\/"},"img":{"alt_text":"","src":"https:\/\/i0.wp.com\/noticiasribeiraopreto.com.br\/wp-content\/uploads\/2025\/06\/WhatsApp-Image-2025-05-07-at-10.51.41-1_2025-05-07_13-52-19.webp.webp?fit=1200%2C675&ssl=1&resize=350%2C200","width":350,"height":200,"srcset":"https:\/\/i0.wp.com\/noticiasribeiraopreto.com.br\/wp-content\/uploads\/2025\/06\/WhatsApp-Image-2025-05-07-at-10.51.41-1_2025-05-07_13-52-19.webp.webp?fit=1200%2C675&ssl=1&resize=350%2C200 1x, https:\/\/i0.wp.com\/noticiasribeiraopreto.com.br\/wp-content\/uploads\/2025\/06\/WhatsApp-Image-2025-05-07-at-10.51.41-1_2025-05-07_13-52-19.webp.webp?fit=1200%2C675&ssl=1&resize=525%2C300 1.5x, https:\/\/i0.wp.com\/noticiasribeiraopreto.com.br\/wp-content\/uploads\/2025\/06\/WhatsApp-Image-2025-05-07-at-10.51.41-1_2025-05-07_13-52-19.webp.webp?fit=1200%2C675&ssl=1&resize=700%2C400 2x, https:\/\/i0.wp.com\/noticiasribeiraopreto.com.br\/wp-content\/uploads\/2025\/06\/WhatsApp-Image-2025-05-07-at-10.51.41-1_2025-05-07_13-52-19.webp.webp?fit=1200%2C675&ssl=1&resize=1050%2C600 3x"},"classes":[]},{"id":83900,"url":"https:\/\/noticiasribeiraopreto.com.br\/index.php\/2026\/03\/27\/justica-decide-que-caso-de-nathalia-garnica-deve-ser-julgado-em-pontal\/","url_meta":{"origin":79344,"position":4},"title":"Justi\u00e7a decide que caso de Nath\u00e1lia Garnica deve ser julgado em Pontal","author":"noticiasribeiraopreto.com.br","date":"27 de March de 2026","format":false,"excerpt":"O Tribunal de Justi\u00e7a de S\u00e3o Paulo decidiu que o caso da morte da veterin\u00e1ria Nath\u00e1lia Garnica ser\u00e1 julgado pelo f\u00f3rum de Pontal, cidade na regi\u00e3o de Ribeir\u00e3o Preto. A mulher, de 42 anos, morreu ap\u00f3s ser envenenada, e a principal suspeita do crime \u00e9 a pr\u00f3pria m\u00e3e, Elizabete Arraba\u00e7a.\u2026","rel":"","context":"In &quot;Not\u00edcias de Ribeir\u00e3o Preto-SP e Regi\u00e3o&quot;","block_context":{"text":"Not\u00edcias de Ribeir\u00e3o Preto-SP e Regi\u00e3o","link":"https:\/\/noticiasribeiraopreto.com.br\/index.php\/category\/noticias-de-ribeirao-preto-sp-e-regiao-ismael-colosi\/"},"img":{"alt_text":"","src":"https:\/\/i0.wp.com\/noticiasribeiraopreto.com.br\/wp-content\/uploads\/2025\/11\/Copia-de-Copia-de-Copia-de-TAMANHO-EXATO-PARA-FOTOS-NO-SISTEMA-NOVO-2025-11-18T205210.520_2025-11-18_23-52-19.webp.webp?fit=1200%2C675&ssl=1&resize=350%2C200","width":350,"height":200,"srcset":"https:\/\/i0.wp.com\/noticiasribeiraopreto.com.br\/wp-content\/uploads\/2025\/11\/Copia-de-Copia-de-Copia-de-TAMANHO-EXATO-PARA-FOTOS-NO-SISTEMA-NOVO-2025-11-18T205210.520_2025-11-18_23-52-19.webp.webp?fit=1200%2C675&ssl=1&resize=350%2C200 1x, https:\/\/i0.wp.com\/noticiasribeiraopreto.com.br\/wp-content\/uploads\/2025\/11\/Copia-de-Copia-de-Copia-de-TAMANHO-EXATO-PARA-FOTOS-NO-SISTEMA-NOVO-2025-11-18T205210.520_2025-11-18_23-52-19.webp.webp?fit=1200%2C675&ssl=1&resize=525%2C300 1.5x, https:\/\/i0.wp.com\/noticiasribeiraopreto.com.br\/wp-content\/uploads\/2025\/11\/Copia-de-Copia-de-Copia-de-TAMANHO-EXATO-PARA-FOTOS-NO-SISTEMA-NOVO-2025-11-18T205210.520_2025-11-18_23-52-19.webp.webp?fit=1200%2C675&ssl=1&resize=700%2C400 2x, https:\/\/i0.wp.com\/noticiasribeiraopreto.com.br\/wp-content\/uploads\/2025\/11\/Copia-de-Copia-de-Copia-de-TAMANHO-EXATO-PARA-FOTOS-NO-SISTEMA-NOVO-2025-11-18T205210.520_2025-11-18_23-52-19.webp.webp?fit=1200%2C675&ssl=1&resize=1050%2C600 3x"},"classes":[]},{"id":79367,"url":"https:\/\/noticiasribeiraopreto.com.br\/index.php\/2025\/10\/30\/mp-denuncia-elizabete-pela-morte-de-filha\/","url_meta":{"origin":79344,"position":5},"title":"MP denuncia Elizabete pela morte de filha","author":"noticiasribeiraopreto.com.br","date":"30 de October de 2025","format":false,"excerpt":"Por: Adalberto Luque O Minist\u00e9rio P\u00fablico de S\u00e3o Paulo (MPSP) denunciou Elizabete Eug\u00eanio Arraba\u00e7a, de 68 anos, pela morte de sua filha Nath\u00e1lia Garnica, de 42 anos, por envenenamento. A promotora apresentou den\u00fancia por crime de feminic\u00eddio, com tr\u00eas qualificadoras :emprego de veneno, meio cruel e mediante dissimula\u00e7\u00e3o e de\u2026","rel":"","context":"In &quot;Not\u00edcias de Ribeir\u00e3o Preto-SP e Regi\u00e3o&quot;","block_context":{"text":"Not\u00edcias de Ribeir\u00e3o Preto-SP e Regi\u00e3o","link":"https:\/\/noticiasribeiraopreto.com.br\/index.php\/category\/noticias-de-ribeirao-preto-sp-e-regiao-ismael-colosi\/"},"img":{"alt_text":"","src":"https:\/\/i0.wp.com\/noticiasribeiraopreto.com.br\/wp-content\/uploads\/2025\/10\/12-set-2025-betechumbinhonathalia2-1.jpg?fit=934%2C780&ssl=1&resize=350%2C200","width":350,"height":200,"srcset":"https:\/\/i0.wp.com\/noticiasribeiraopreto.com.br\/wp-content\/uploads\/2025\/10\/12-set-2025-betechumbinhonathalia2-1.jpg?fit=934%2C780&ssl=1&resize=350%2C200 1x, https:\/\/i0.wp.com\/noticiasribeiraopreto.com.br\/wp-content\/uploads\/2025\/10\/12-set-2025-betechumbinhonathalia2-1.jpg?fit=934%2C780&ssl=1&resize=525%2C300 1.5x, https:\/\/i0.wp.com\/noticiasribeiraopreto.com.br\/wp-content\/uploads\/2025\/10\/12-set-2025-betechumbinhonathalia2-1.jpg?fit=934%2C780&ssl=1&resize=700%2C400 2x"},"classes":[]}],"jetpack_sharing_enabled":true,"jetpack_shortlink":"https:\/\/wp.me\/peQAOb-kDK","_links":{"self":[{"href":"https:\/\/noticiasribeiraopreto.com.br\/index.php\/wp-json\/wp\/v2\/posts\/79344","targetHints":{"allow":["GET"]}}],"collection":[{"href":"https:\/\/noticiasribeiraopreto.com.br\/index.php\/wp-json\/wp\/v2\/posts"}],"about":[{"href":"https:\/\/noticiasribeiraopreto.com.br\/index.php\/wp-json\/wp\/v2\/types\/post"}],"author":[{"embeddable":true,"href":"https:\/\/noticiasribeiraopreto.com.br\/index.php\/wp-json\/wp\/v2\/users\/1"}],"replies":[{"embeddable":true,"href":"https:\/\/noticiasribeiraopreto.com.br\/index.php\/wp-json\/wp\/v2\/comments?post=79344"}],"version-history":[{"count":0,"href":"https:\/\/noticiasribeiraopreto.com.br\/index.php\/wp-json\/wp\/v2\/posts\/79344\/revisions"}],"wp:featuredmedia":[{"embeddable":true,"href":"https:\/\/noticiasribeiraopreto.com.br\/index.php\/wp-json\/wp\/v2\/media\/73293"}],"wp:attachment":[{"href":"https:\/\/noticiasribeiraopreto.com.br\/index.php\/wp-json\/wp\/v2\/media?parent=79344"}],"wp:term":[{"taxonomy":"category","embeddable":true,"href":"https:\/\/noticiasribeiraopreto.com.br\/index.php\/wp-json\/wp\/v2\/categories?post=79344"},{"taxonomy":"post_tag","embeddable":true,"href":"https:\/\/noticiasribeiraopreto.com.br\/index.php\/wp-json\/wp\/v2\/tags?post=79344"}],"curies":[{"name":"wp","href":"https:\/\/api.w.org\/{rel}","templated":true}]}}