{"id":79345,"date":"2025-10-29T22:30:51","date_gmt":"2025-10-30T01:30:51","guid":{"rendered":"https:\/\/noticiasribeiraopreto.com.br\/index.php\/2025\/10\/29\/policia-investiga-furto-de-cranios-em-cemiterio-do-interior-de-sp-e-nao-descarta-rituais-ou-comercio-ilegal\/"},"modified":"2025-10-29T22:30:51","modified_gmt":"2025-10-30T01:30:51","slug":"policia-investiga-furto-de-cranios-em-cemiterio-do-interior-de-sp-e-nao-descarta-rituais-ou-comercio-ilegal","status":"publish","type":"post","link":"https:\/\/noticiasribeiraopreto.com.br\/index.php\/2025\/10\/29\/policia-investiga-furto-de-cranios-em-cemiterio-do-interior-de-sp-e-nao-descarta-rituais-ou-comercio-ilegal\/","title":{"rendered":"Pol\u00edcia investiga furto de cr\u00e2nios em cemit\u00e9rio do interior de SP e n\u00e3o descarta rituais ou com\u00e9rcio ilegal"},"content":{"rendered":"<div class='code-block code-block-1' style='margin: 8px 0 8px auto; text-align: right; display: block; clear: both;'>\n<p><a href=\"https:\/\/wa.link\/vpicfd\"><img data-recalc-dims=\"1\" class=\"wp-image-4922\" style=\"aspect-ratio: 2.0253164556962027; width: 561px; height: auto;\" src=\"https:\/\/i0.wp.com\/ismaelcolosi.com.br\/wp-content\/uploads\/2023\/11\/grupo-de-empregos-whatsapp-e-facebook-ismael-colosi-vagas.jpg?ssl=1\" alt=\"\" \/><\/a><\/p>\n<!-- \/wp:image -->\n<\/div>\n<p> <br \/>\n<\/p>\n<div>\n<p><strong>Dois t\u00famulos foram violados no Cemit\u00e9rio de Juruc\u00ea<\/strong>, distrito de Jardin\u00f3polis, no interior de S\u00e3o Paulo, e os <strong>cr\u00e2nios foram levados<\/strong>. A Pol\u00edcia Civil acredita que os crimes ocorreram na madrugada desta quarta-feira (29). <strong>Um dos jazigos pertencia a um idoso de 83 anos<\/strong>, enterrado na tarde de ter\u00e7a-feira (28).<\/p>\n<p>O delegado Rafael Pelizzaro da Silveira informou que as investiga\u00e7\u00f5es est\u00e3o no in\u00edcio e que ainda n\u00e3o \u00e9 poss\u00edvel definir a motiva\u00e7\u00e3o da viola\u00e7\u00e3o, no entanto, <strong>nenhuma linha investigativa foi descartada<\/strong>.<\/p>\n<figure class=\"wp-block-pullquote\">\n<blockquote>\n<p>Diversas motiva\u00e7\u00f5es podem ter levado a esses atos, desde rituais at\u00e9 desafios que circulam na internet. Tamb\u00e9m \u00e9 poss\u00edvel que haja envolvimento de pessoas que comercializam ossadas na darkweb. At\u00e9 o momento, nenhuma hip\u00f3tese foi descartada<\/p>\n<p><cite>disse o delegado<\/cite><\/p><\/blockquote>\n<\/figure>\n<div class=\"wp-block-image\">\n<figure class=\"aligncenter size-full is-resized\"><img data-recalc-dims=\"1\" fetchpriority=\"high\" decoding=\"async\" width=\"984\" height=\"616\" src=\"https:\/\/i0.wp.com\/cdn.media-acidadeon.com.br\/ribeiraopreto\/wp-content\/uploads\/sites\/3\/2025\/10\/image_2025-10-29_22-59-11.webp?resize=984%2C616&#038;ssl=1\" alt=\"t\u00famulos\" class=\"wp-image-134019\" style=\"width:792px;height:auto\" title=\"Pol\u00edcia investiga furto de cr\u00e2nios em cemit\u00e9rio do interior de SP e n\u00e3o descarta rituais ou com\u00e9rcio ilegal 1\" srcset=\"https:\/\/cdn.media-acidadeon.com.br\/ribeiraopreto\/wp-content\/uploads\/sites\/3\/2025\/10\/image_2025-10-29_22-59-11.webp 984w, https:\/\/cdn.media-acidadeon.com.br\/ribeiraopreto\/wp-content\/uploads\/sites\/3\/2025\/10\/image_2025-10-29_22-59-11-300x188.webp 300w, https:\/\/cdn.media-acidadeon.com.br\/ribeiraopreto\/wp-content\/uploads\/sites\/3\/2025\/10\/image_2025-10-29_22-59-11-768x481.webp 768w, https:\/\/cdn.media-acidadeon.com.br\/ribeiraopreto\/wp-content\/uploads\/sites\/3\/2025\/10\/image_2025-10-29_22-59-11-696x436.webp 696w\" sizes=\"(max-width: 984px) 100vw, 984px\"\/><figcaption class=\"wp-element-caption\">Foto: Aur\u00e9lio Sal\/EPTV<\/figcaption><\/figure>\n<\/div>\n<p>Os corpos foram recolhidos pela per\u00edcia e encaminhados ao <strong>Instituto M\u00e9dico Legal (IML) de Ribeir\u00e3o Preto<\/strong>, onde passar\u00e3o por exames para identificar os itens subtra\u00eddos. Um dos corpos tinha acabado de ser enterrado, e o outro estava sepultado h\u00e1 cerca de dez anos.<\/p>\n<figure class=\"wp-block-pullquote\">\n<blockquote>\n<p>A an\u00e1lise da ossada \u00e9 complexa, porque o corpo humano possui muitos ossos. O exame vai determinar se falta algum outro elemento. No caso do corpo mais recente, tamb\u00e9m ser\u00e1 poss\u00edvel identificar qual instrumento foi usado para separar a cabe\u00e7a do corpo<\/p>\n<p><cite>explicou Pelizzaro<\/cite><\/p><\/blockquote>\n<\/figure>\n<p><strong>A Pol\u00edcia Civil investiga os crimes de vilip\u00eandio de cad\u00e1ver e subtra\u00e7\u00e3o de cad\u00e1ver, previstos no C\u00f3digo Penal. <\/strong>At\u00e9 a publica\u00e7\u00e3o desta reportagem, nenhum suspeito foi identificado ou preso.<\/p>\n<h3 class=\"wp-block-heading\"><strong>O que disse a prefeitura?<\/strong><\/h3>\n<p>A Prefeitura de Jardin\u00f3polis, respons\u00e1vel pelo Cemit\u00e9rio de Juruc\u00ea, informou que o local conta com atua\u00e7\u00e3o da Guarda Patrimonial e apoio das atividades delegadas, visando \u00e0 seguran\u00e7a e \u00e0 preserva\u00e7\u00e3o do patrim\u00f4nio p\u00fablico.<\/p>\n<p>Quanto aos muros que cercam o cemit\u00e9rio, a administra\u00e7\u00e3o municipal esclareceu que est\u00e3o em andamento estudos e projetos voltados \u00e0 melhoria das estruturas existentes, com o objetivo de refor\u00e7ar a seguran\u00e7a e a organiza\u00e7\u00e3o do espa\u00e7o. Est\u00e3o previstas ainda a constru\u00e7\u00e3o de novos muros, novas sepulturas, cal\u00e7amento e outras obras de adequa\u00e7\u00e3o e apoio. <\/p>\n<p>A prefeitura tamb\u00e9m se solidarizou com as fam\u00edlias afetadas, lamentou os ocorridos e reafirmou o compromisso com a apura\u00e7\u00e3o dos fatos e a ado\u00e7\u00e3o das medidas necess\u00e1rias.<\/p>\n<p><em><sup><sub>Com informa\u00e7\u00f5es da EPTV<\/sub><\/sup><\/em><\/p>\n<hr class=\"wp-block-separator has-alpha-channel-opacity\"\/>\n<h4 class=\"wp-block-heading\"><strong>SAIBA MAIS<\/strong><\/h4>\n<p>Interior de SP tem previs\u00e3o de chuva forte nesta quarta-feira<\/p>\n<h3 class=\"wp-block-heading\"><strong>FIQUE ON<\/strong><\/h3>\n<p>Fique ligado em tudo que acontece em Ribeir\u00e3o Preto e regi\u00e3o. Siga os perfis do\u00a0<strong>acidade on<\/strong>\u00a0no<a href=\"https:\/\/www.instagram.com\/acidadeonribeirao\" target=\"_blank\" rel=\"noreferrer noopener\">\u00a0Instagram\u00a0<\/a>e no\u00a0<a href=\"https:\/\/www.facebook.com\/acidadeonribeirao\/\" target=\"_blank\" rel=\"noreferrer noopener\">Facebook<\/a>.<\/p>\n<p>Receba not\u00edcias do<strong>\u00a0acidade on<\/strong>\u00a0no WhatsApp. Para entrar no grupo,\u00a0basta\u00a0<a href=\"https:\/\/chat.whatsapp.com\/I4nieTEMKlf50pJ28aMemC?mode=ac_t\" target=\"_blank\" rel=\"noreferrer noopener\">clicar aqui<\/a>. Ou, acesse o nosso\u00a0Canal\u00a0<a href=\"https:\/\/whatsapp.com\/channel\/0029Vb6IQl1JENyAeS57fk2p\" target=\"_blank\" rel=\"noreferrer noopener\">clicando aqui<\/a>.<\/p>\n<p>Fa\u00e7a uma den\u00fancia ou sugira uma reportagem sobre Ribeir\u00e3o Preto e regi\u00e3o pelo WhatsApp: 16 99117 7802.<\/p>\n<p>VEJA TAMB\u00c9M<\/p>\n<p>Veja 5 motivos para jogar Little Nightmares III no Halloween<\/p>\n<p><!-- AI CONTENT END 1 -->\n<\/div>\n<p><script async src=\"\/\/www.instagram.com\/embed.js\"><\/script><br \/>\n<br \/><br \/>\n<br \/><a href=\"https:\/\/www.acidadeon.com\/ribeiraopreto\/cotidiano\/policia-investiga-furto-de-cranios-em-cemiterio-do-interior-de-sp-e-nao-descarta-rituais-ou-comercio-ilegal\/\">Source link <\/a><\/p>\n<!-- CONTENT END 1 -->\n","protected":false},"excerpt":{"rendered":"<p>Dois t\u00famulos foram violados no Cemit\u00e9rio de Juruc\u00ea, distrito de Jardin\u00f3polis, no interior de S\u00e3o Paulo, e os cr\u00e2nios foram levados. A Pol\u00edcia Civil acredita&#8230;<\/p>\n","protected":false},"author":1,"featured_media":79346,"comment_status":"open","ping_status":"open","sticky":false,"template":"","format":"standard","meta":{"advanced_seo_description":"","jetpack_seo_html_title":"","jetpack_seo_noindex":false,"jetpack_post_was_ever_published":false,"_jetpack_newsletter_access":"","_jetpack_dont_email_post_to_subs":false,"_jetpack_newsletter_tier_id":0,"_jetpack_memberships_contains_paywalled_content":false,"_jetpack_memberships_contains_paid_content":false,"footnotes":"","jetpack_publicize_message":"","jetpack_publicize_feature_enabled":true,"jetpack_social_post_already_shared":true,"jetpack_social_options":{"image_generator_settings":{"template":"highway","default_image_id":0,"font":"","enabled":false},"version":2}},"categories":[11],"tags":[],"class_list":["post-79345","post","type-post","status-publish","format-standard","has-post-thumbnail","hentry","category-noticias-de-ribeirao-preto-sp-e-regiao-ismael-colosi"],"jetpack_publicize_connections":[],"jetpack_featured_media_url":"https:\/\/i0.wp.com\/noticiasribeiraopreto.com.br\/wp-content\/uploads\/2025\/10\/voguing-11_2025-10-29_23-02-33.webp.webp?fit=1200%2C675&ssl=1","jetpack-related-posts":[{"id":79357,"url":"https:\/\/noticiasribeiraopreto.com.br\/index.php\/2025\/10\/30\/vandalos-roubam-cranios-em-cemiterio-da-regiao\/","url_meta":{"origin":79345,"position":0},"title":"V\u00e2ndalos roubam cr\u00e2nios em cemit\u00e9rio da regi\u00e3o","author":"noticiasribeiraopreto.com.br","date":"30 de October de 2025","format":false,"excerpt":"Um dos t\u00famulos violados \u00e9 de um idoso sepultado um dia antes, ap\u00f3s lutar contra um c\u00e2ncer 30 de outubro de 2025 10:231 Compartilhar1 Por: Adalberto Luque A Pol\u00edcia Civil tenta identificar os respons\u00e1veis pelo furto de dois cr\u00e2nios do Cemit\u00e9rio de Juruc\u00ea, distrito de Jardin\u00f3polis, regi\u00e3o metropolitana de Ribeir\u00e3o\u2026","rel":"","context":"In &quot;Not\u00edcias de Ribeir\u00e3o Preto-SP e Regi\u00e3o&quot;","block_context":{"text":"Not\u00edcias de Ribeir\u00e3o Preto-SP e Regi\u00e3o","link":"https:\/\/noticiasribeiraopreto.com.br\/index.php\/category\/noticias-de-ribeirao-preto-sp-e-regiao-ismael-colosi\/"},"img":{"alt_text":"","src":"https:\/\/i0.wp.com\/noticiasribeiraopreto.com.br\/wp-content\/uploads\/2025\/10\/30-out-2025-cemiteriojuruce3-scaled.jpg?fit=1200%2C707&ssl=1&resize=350%2C200","width":350,"height":200,"srcset":"https:\/\/i0.wp.com\/noticiasribeiraopreto.com.br\/wp-content\/uploads\/2025\/10\/30-out-2025-cemiteriojuruce3-scaled.jpg?fit=1200%2C707&ssl=1&resize=350%2C200 1x, https:\/\/i0.wp.com\/noticiasribeiraopreto.com.br\/wp-content\/uploads\/2025\/10\/30-out-2025-cemiteriojuruce3-scaled.jpg?fit=1200%2C707&ssl=1&resize=525%2C300 1.5x, https:\/\/i0.wp.com\/noticiasribeiraopreto.com.br\/wp-content\/uploads\/2025\/10\/30-out-2025-cemiteriojuruce3-scaled.jpg?fit=1200%2C707&ssl=1&resize=700%2C400 2x, https:\/\/i0.wp.com\/noticiasribeiraopreto.com.br\/wp-content\/uploads\/2025\/10\/30-out-2025-cemiteriojuruce3-scaled.jpg?fit=1200%2C707&ssl=1&resize=1050%2C600 3x"},"classes":[]},{"id":79412,"url":"https:\/\/noticiasribeiraopreto.com.br\/index.php\/2025\/10\/31\/cranio-humano-e-encontrado-na-zona-leste-de-ribeirao-preto\/","url_meta":{"origin":79345,"position":1},"title":"Cr\u00e2nio humano \u00e9 encontrado na zona Leste de Ribeir\u00e3o Preto","author":"noticiasribeiraopreto.com.br","date":"31 de October de 2025","format":false,"excerpt":"Um cr\u00e2nio humano foi encontrado nesta quinta-feira (30), em uma \u00e1rea ao final Estrada Ant\u00f4nia Mugnatto Marincek, no Ribeir\u00e3o Verde, zona Leste de Ribeir\u00e3o Preto. Segundo a PM (Pol\u00edcia Militar), um operador de sistemas de esgotos da Saerp (Secretaria de \u00c1gua e Esgoto de Ribeir\u00e3o Preto) relatou que havia visto\u2026","rel":"","context":"In &quot;Not\u00edcias de Ribeir\u00e3o Preto-SP e Regi\u00e3o&quot;","block_context":{"text":"Not\u00edcias de Ribeir\u00e3o Preto-SP e Regi\u00e3o","link":"https:\/\/noticiasribeiraopreto.com.br\/index.php\/category\/noticias-de-ribeirao-preto-sp-e-regiao-ismael-colosi\/"},"img":{"alt_text":"","src":"https:\/\/i0.wp.com\/noticiasribeiraopreto.com.br\/wp-content\/uploads\/2025\/10\/CPJ_2025-10-14_11-49-26.webp.webp?fit=1200%2C833&ssl=1&resize=350%2C200","width":350,"height":200,"srcset":"https:\/\/i0.wp.com\/noticiasribeiraopreto.com.br\/wp-content\/uploads\/2025\/10\/CPJ_2025-10-14_11-49-26.webp.webp?fit=1200%2C833&ssl=1&resize=350%2C200 1x, https:\/\/i0.wp.com\/noticiasribeiraopreto.com.br\/wp-content\/uploads\/2025\/10\/CPJ_2025-10-14_11-49-26.webp.webp?fit=1200%2C833&ssl=1&resize=525%2C300 1.5x, https:\/\/i0.wp.com\/noticiasribeiraopreto.com.br\/wp-content\/uploads\/2025\/10\/CPJ_2025-10-14_11-49-26.webp.webp?fit=1200%2C833&ssl=1&resize=700%2C400 2x, https:\/\/i0.wp.com\/noticiasribeiraopreto.com.br\/wp-content\/uploads\/2025\/10\/CPJ_2025-10-14_11-49-26.webp.webp?fit=1200%2C833&ssl=1&resize=1050%2C600 3x"},"classes":[]},{"id":27441,"url":"https:\/\/noticiasribeiraopreto.com.br\/index.php\/2024\/01\/12\/misterio-corpos-encontrados-em-cemiterio-clandestino-na-regiao-sao-identificados\/","url_meta":{"origin":79345,"position":2},"title":"Mist\u00e9rio: Corpos encontrados em cemit\u00e9rio clandestino na regi\u00e3o s\u00e3o identificados","author":"noticiasribeiraopreto.com.br","date":"12 de January de 2024","format":false,"excerpt":"A Pol\u00edcia Civil identificou dois homens entre as v\u00edtimas que foram encontradas enterradas em um cemit\u00e9rio clandestino na Serra do Jaboticabal, em Taquaritinga, na regi\u00e3o de Ribeir\u00e3o Preto. As v\u00edtimas identificadas s\u00e3o Jo\u00e3o Vitor Rosa, de 24 anos, e Axel Guilherme das Gra\u00e7as Marioto, de 22 anos \u2013 os dois\u2026","rel":"","context":"In &quot;Not\u00edcias de Ribeir\u00e3o Preto-SP e Regi\u00e3o&quot;","block_context":{"text":"Not\u00edcias de Ribeir\u00e3o Preto-SP e Regi\u00e3o","link":"https:\/\/noticiasribeiraopreto.com.br\/index.php\/category\/noticias-de-ribeirao-preto-sp-e-regiao-ismael-colosi\/"},"img":{"alt_text":"","src":"https:\/\/i0.wp.com\/noticiasribeiraopreto.com.br\/wp-content\/uploads\/2024\/01\/cemiterio-serra.jpg?fit=930%2C700&ssl=1&resize=350%2C200","width":350,"height":200,"srcset":"https:\/\/i0.wp.com\/noticiasribeiraopreto.com.br\/wp-content\/uploads\/2024\/01\/cemiterio-serra.jpg?fit=930%2C700&ssl=1&resize=350%2C200 1x, https:\/\/i0.wp.com\/noticiasribeiraopreto.com.br\/wp-content\/uploads\/2024\/01\/cemiterio-serra.jpg?fit=930%2C700&ssl=1&resize=525%2C300 1.5x, https:\/\/i0.wp.com\/noticiasribeiraopreto.com.br\/wp-content\/uploads\/2024\/01\/cemiterio-serra.jpg?fit=930%2C700&ssl=1&resize=700%2C400 2x"},"classes":[]},{"id":61635,"url":"https:\/\/noticiasribeiraopreto.com.br\/index.php\/2024\/12\/17\/corpo-em-avancado-estado-de-decomposicao-e-encontrado-em-telhado-de-casa-em-ribeirao-preto\/","url_meta":{"origin":79345,"position":3},"title":"Corpo em Avan\u00e7ado Estado de Decomposi\u00e7\u00e3o \u00e9 Encontrado em Telhado de Casa em Ribeir\u00e3o Preto","author":"noticiasribeiraopreto.com.br","date":"17 de December de 2024","format":false,"excerpt":"Na tarde desta ter\u00e7a-feira (17), um corpo em avan\u00e7ado estado de decomposi\u00e7\u00e3o foi localizado no telhado de uma resid\u00eancia no bairro Boulevard, em Ribeir\u00e3o Preto. O cad\u00e1ver foi descoberto ap\u00f3s moradores da regi\u00e3o relatarem \u00e0 pol\u00edcia um forte cheiro vindo do local. As autoridades foram acionadas e, ao chegarem na\u2026","rel":"","context":"In &quot;Not\u00edcias de Ribeir\u00e3o Preto-SP e Regi\u00e3o&quot;","block_context":{"text":"Not\u00edcias de Ribeir\u00e3o Preto-SP e Regi\u00e3o","link":"https:\/\/noticiasribeiraopreto.com.br\/index.php\/category\/noticias-de-ribeirao-preto-sp-e-regiao-ismael-colosi\/"},"img":{"alt_text":"","src":"https:\/\/i0.wp.com\/noticiasribeiraopreto.com.br\/wp-content\/uploads\/2024\/12\/Captura-de-tela-2024-12-17-221346-e1734484710563.png?fit=1200%2C640&ssl=1&resize=350%2C200","width":350,"height":200,"srcset":"https:\/\/i0.wp.com\/noticiasribeiraopreto.com.br\/wp-content\/uploads\/2024\/12\/Captura-de-tela-2024-12-17-221346-e1734484710563.png?fit=1200%2C640&ssl=1&resize=350%2C200 1x, https:\/\/i0.wp.com\/noticiasribeiraopreto.com.br\/wp-content\/uploads\/2024\/12\/Captura-de-tela-2024-12-17-221346-e1734484710563.png?fit=1200%2C640&ssl=1&resize=525%2C300 1.5x, https:\/\/i0.wp.com\/noticiasribeiraopreto.com.br\/wp-content\/uploads\/2024\/12\/Captura-de-tela-2024-12-17-221346-e1734484710563.png?fit=1200%2C640&ssl=1&resize=700%2C400 2x, https:\/\/i0.wp.com\/noticiasribeiraopreto.com.br\/wp-content\/uploads\/2024\/12\/Captura-de-tela-2024-12-17-221346-e1734484710563.png?fit=1200%2C640&ssl=1&resize=1050%2C600 3x"},"classes":[]},{"id":27461,"url":"https:\/\/noticiasribeiraopreto.com.br\/index.php\/2024\/01\/12\/cemiterio-clandestino-iml-identifica-mais-dois\/","url_meta":{"origin":79345,"position":4},"title":"Cemit\u00e9rio clandestino: IML identifica mais dois","author":"noticiasribeiraopreto.com.br","date":"12 de January de 2024","format":false,"excerpt":"Jovens eram de Ibat\u00e9 e sepultamento estava previsto para esta sexta-feira (12) 12 de janeiro de 2024 | 10:32 0Por: Adalberto LuqueMais dois corpos encontrados em um cemit\u00e9rio clandestino na cidade de Taquaritinga foram identificados pelo Instituto M\u00e9dico Legal (IML). As v\u00edtimas eram jovens com 22 e 24 anos, residentes\u2026","rel":"","context":"In &quot;Not\u00edcias de Ribeir\u00e3o Preto-SP e Regi\u00e3o&quot;","block_context":{"text":"Not\u00edcias de Ribeir\u00e3o Preto-SP e Regi\u00e3o","link":"https:\/\/noticiasribeiraopreto.com.br\/index.php\/category\/noticias-de-ribeirao-preto-sp-e-regiao-ismael-colosi\/"},"img":{"alt_text":"","src":"https:\/\/i0.wp.com\/noticiasribeiraopreto.com.br\/wp-content\/uploads\/2024\/01\/00-12-jan-2024-cemiterio-clandestino-00-foto-divulgacao.jpg?fit=921%2C474&ssl=1&resize=350%2C200","width":350,"height":200,"srcset":"https:\/\/i0.wp.com\/noticiasribeiraopreto.com.br\/wp-content\/uploads\/2024\/01\/00-12-jan-2024-cemiterio-clandestino-00-foto-divulgacao.jpg?fit=921%2C474&ssl=1&resize=350%2C200 1x, https:\/\/i0.wp.com\/noticiasribeiraopreto.com.br\/wp-content\/uploads\/2024\/01\/00-12-jan-2024-cemiterio-clandestino-00-foto-divulgacao.jpg?fit=921%2C474&ssl=1&resize=525%2C300 1.5x, https:\/\/i0.wp.com\/noticiasribeiraopreto.com.br\/wp-content\/uploads\/2024\/01\/00-12-jan-2024-cemiterio-clandestino-00-foto-divulgacao.jpg?fit=921%2C474&ssl=1&resize=700%2C400 2x"},"classes":[]},{"id":79350,"url":"https:\/\/noticiasribeiraopreto.com.br\/index.php\/2025\/10\/30\/nova-frente-fria-traz-risco-de-chuva-forte-ao-interior-de-sp-confira-previsao\/","url_meta":{"origin":79345,"position":5},"title":"Nova frente fria traz risco de chuva forte ao interior de SP; Confira previs\u00e3o","author":"noticiasribeiraopreto.com.br","date":"30 de October de 2025","format":false,"excerpt":"Uma nova frente fria e a atua\u00e7\u00e3o de um cavado meteorol\u00f3gico deixam o interior de S\u00e3o Paulo em alerta para chuva forte nesta quinta-feira (30). H\u00e1 alerta emitido pelo Inmet (Instituto Nacional de Meteorologia) para chuvas intensas entre as faixas norte e leste do estado paulista, incluindo a regi\u00e3o de\u2026","rel":"","context":"In &quot;Not\u00edcias de Ribeir\u00e3o Preto-SP e Regi\u00e3o&quot;","block_context":{"text":"Not\u00edcias de Ribeir\u00e3o Preto-SP e Regi\u00e3o","link":"https:\/\/noticiasribeiraopreto.com.br\/index.php\/category\/noticias-de-ribeirao-preto-sp-e-regiao-ismael-colosi\/"},"img":{"alt_text":"","src":"https:\/\/i0.wp.com\/noticiasribeiraopreto.com.br\/wp-content\/uploads\/2025\/07\/WhatsApp-Image-2024-07-13-at-19.42.17_2024-07-13_22-42-51_jpeg_2024-07-13_22-42-51.webp.webp?fit=1200%2C553&ssl=1&resize=350%2C200","width":350,"height":200,"srcset":"https:\/\/i0.wp.com\/noticiasribeiraopreto.com.br\/wp-content\/uploads\/2025\/07\/WhatsApp-Image-2024-07-13-at-19.42.17_2024-07-13_22-42-51_jpeg_2024-07-13_22-42-51.webp.webp?fit=1200%2C553&ssl=1&resize=350%2C200 1x, https:\/\/i0.wp.com\/noticiasribeiraopreto.com.br\/wp-content\/uploads\/2025\/07\/WhatsApp-Image-2024-07-13-at-19.42.17_2024-07-13_22-42-51_jpeg_2024-07-13_22-42-51.webp.webp?fit=1200%2C553&ssl=1&resize=525%2C300 1.5x, https:\/\/i0.wp.com\/noticiasribeiraopreto.com.br\/wp-content\/uploads\/2025\/07\/WhatsApp-Image-2024-07-13-at-19.42.17_2024-07-13_22-42-51_jpeg_2024-07-13_22-42-51.webp.webp?fit=1200%2C553&ssl=1&resize=700%2C400 2x, https:\/\/i0.wp.com\/noticiasribeiraopreto.com.br\/wp-content\/uploads\/2025\/07\/WhatsApp-Image-2024-07-13-at-19.42.17_2024-07-13_22-42-51_jpeg_2024-07-13_22-42-51.webp.webp?fit=1200%2C553&ssl=1&resize=1050%2C600 3x"},"classes":[]}],"jetpack_sharing_enabled":true,"jetpack_shortlink":"https:\/\/wp.me\/peQAOb-kDL","_links":{"self":[{"href":"https:\/\/noticiasribeiraopreto.com.br\/index.php\/wp-json\/wp\/v2\/posts\/79345","targetHints":{"allow":["GET"]}}],"collection":[{"href":"https:\/\/noticiasribeiraopreto.com.br\/index.php\/wp-json\/wp\/v2\/posts"}],"about":[{"href":"https:\/\/noticiasribeiraopreto.com.br\/index.php\/wp-json\/wp\/v2\/types\/post"}],"author":[{"embeddable":true,"href":"https:\/\/noticiasribeiraopreto.com.br\/index.php\/wp-json\/wp\/v2\/users\/1"}],"replies":[{"embeddable":true,"href":"https:\/\/noticiasribeiraopreto.com.br\/index.php\/wp-json\/wp\/v2\/comments?post=79345"}],"version-history":[{"count":0,"href":"https:\/\/noticiasribeiraopreto.com.br\/index.php\/wp-json\/wp\/v2\/posts\/79345\/revisions"}],"wp:featuredmedia":[{"embeddable":true,"href":"https:\/\/noticiasribeiraopreto.com.br\/index.php\/wp-json\/wp\/v2\/media\/79346"}],"wp:attachment":[{"href":"https:\/\/noticiasribeiraopreto.com.br\/index.php\/wp-json\/wp\/v2\/media?parent=79345"}],"wp:term":[{"taxonomy":"category","embeddable":true,"href":"https:\/\/noticiasribeiraopreto.com.br\/index.php\/wp-json\/wp\/v2\/categories?post=79345"},{"taxonomy":"post_tag","embeddable":true,"href":"https:\/\/noticiasribeiraopreto.com.br\/index.php\/wp-json\/wp\/v2\/tags?post=79345"}],"curies":[{"name":"wp","href":"https:\/\/api.w.org\/{rel}","templated":true}]}}