{"id":79347,"date":"2025-10-29T22:38:43","date_gmt":"2025-10-30T01:38:43","guid":{"rendered":"https:\/\/noticiasribeiraopreto.com.br\/index.php\/2025\/10\/29\/edson-e-hudson-fazem-show-em-ribeirao-preto-neste-sabado-ainda-ha-ingressos-disponiveis\/"},"modified":"2025-10-29T22:38:43","modified_gmt":"2025-10-30T01:38:43","slug":"edson-e-hudson-fazem-show-em-ribeirao-preto-neste-sabado-ainda-ha-ingressos-disponiveis","status":"publish","type":"post","link":"https:\/\/noticiasribeiraopreto.com.br\/index.php\/2025\/10\/29\/edson-e-hudson-fazem-show-em-ribeirao-preto-neste-sabado-ainda-ha-ingressos-disponiveis\/","title":{"rendered":"Edson e Hudson fazem show em Ribeir\u00e3o Preto neste s\u00e1bado; ainda h\u00e1 ingressos dispon\u00edveis"},"content":{"rendered":"<div class='code-block code-block-1' style='margin: 8px 0 8px auto; text-align: right; display: block; clear: both;'>\n<p><a href=\"https:\/\/wa.link\/vpicfd\"><img data-recalc-dims=\"1\" class=\"wp-image-4922\" style=\"aspect-ratio: 2.0253164556962027; width: 561px; height: auto;\" src=\"https:\/\/i0.wp.com\/ismaelcolosi.com.br\/wp-content\/uploads\/2023\/11\/grupo-de-empregos-whatsapp-e-facebook-ismael-colosi-vagas.jpg?ssl=1\" alt=\"\" \/><\/a><\/p>\n<!-- \/wp:image -->\n<\/div>\n<p> <br \/>\n<\/p>\n<div data-td-block-uid=\"tdi_95\">\n<div class=\"tdb-block-inner td-fix-index\">\n<p>A dupla <strong>Edson &amp; Hudson<\/strong> se apresenta neste s\u00e1bado, <strong>1\u00ba de novembro<\/strong>, no <strong>Multiplan Hall<\/strong>, em Ribeir\u00e3o Preto. O show come\u00e7a \u00e0s <strong>19h30<\/strong>, com abertura da dupla <strong>Roby &amp; Roger<\/strong>.<\/p>\n<p>Edson &amp; Hudson incluem no repert\u00f3rio cl\u00e1ssicos como \u201c<em>Azul<\/em>\u201d, \u201c<em>Deixa Eu Te Amar<\/em>\u201d, \u201c<em>Galera Cora\u00e7\u00e3o<\/em>\u201d e \u201c<em>Foi Deus<\/em>\u201d, al\u00e9m de novas can\u00e7\u00f5es. Roby &amp; Roger sobem ao palco primeiro para apresentar seus sucessos.<\/p>\n<blockquote class=\"instagram-media\" data-instgrm-permalink=\"https:\/\/www.instagram.com\/reel\/DPwNsZcgJJI\/?utm_source=ig_embed&amp;utm_campaign=loading\" data-instgrm-version=\"14\" style=\" background:#FFF; border:0; border-radius:3px; box-shadow:0 0 1px 0 rgba(0,0,0,0.5),0 1px 10px 0 rgba(0,0,0,0.15); margin: 1px; max-width:540px; min-width:326px; padding:0; width:99.375%; width:-webkit-calc(100% - 2px); width:calc(100% - 2px);\"\/>\n<p>Os ingressos est\u00e3o \u00e0 venda pelo site <a href=\"https:\/\/www.ticketmaster.com.br\/event\/nando-reis-ribeirao-preto\" data-type=\"link\" data-id=\"https:\/\/www.ticketmaster.com.br\/event\/nando-reis-ribeirao-preto\" target=\"_blank\" rel=\"noopener\">\u2013 clique aqui<\/a> e na bilheteria do Multiplan Hall. Alguns setores oferecem <strong>ingresso solid\u00e1rio<\/strong> com desconto de 35%. <\/p>\n<h3 class=\"wp-block-heading\"><strong>Valores dos ingressos:<\/strong><\/h3>\n<figure class=\"wp-block-table\">\n<table class=\"has-fixed-layout\">\n<thead>\n<tr>\n<th>Setor<\/th>\n<th>Inteira (R$)<\/th>\n<\/tr>\n<\/thead>\n<tbody>\n<tr>\n<td>Mesa Vip Especial<\/td>\n<td>462,75 + taxas<\/td>\n<\/tr>\n<tr>\n<td>Mesa Vip Extra<\/td>\n<td>345,00 + taxas<\/td>\n<\/tr>\n<tr>\n<td>Mesa Vip A<\/td>\n<td>287,50 + taxas<\/td>\n<\/tr>\n<tr>\n<td>Mesa Vip B<\/td>\n<td>230,00 + taxas<\/td>\n<\/tr>\n<tr>\n<td>Premium Extra<\/td>\n<td>165,25 + taxas<\/td>\n<\/tr>\n<tr>\n<td>Bistr\u00f4<\/td>\n<td>172,50 + taxas<\/td>\n<\/tr>\n<\/tbody>\n<\/table>\n<\/figure>\n<hr class=\"wp-block-separator has-alpha-channel-opacity\"\/>\n<p>SAIBA MAIS<\/p>\n<p>Interior de SP tem previs\u00e3o de chuva forte nesta quarta-feira<\/p>\n<h3 class=\"wp-block-heading\"><strong>FIQUE ON<\/strong><\/h3>\n<p>Fique ligado em tudo que acontece em Ribeir\u00e3o Preto e regi\u00e3o. Siga os perfis do\u00a0<strong>acidade on<\/strong>\u00a0no<a href=\"https:\/\/www.instagram.com\/acidadeonribeirao\" target=\"_blank\" rel=\"noreferrer noopener\">\u00a0Instagram\u00a0<\/a>e no\u00a0<a href=\"https:\/\/www.facebook.com\/acidadeonribeirao\/\" target=\"_blank\" rel=\"noreferrer noopener\">Facebook<\/a>.<\/p>\n<p>Receba not\u00edcias do<strong>\u00a0acidade on<\/strong>\u00a0no WhatsApp. Para entrar no grupo,\u00a0basta\u00a0<a href=\"https:\/\/chat.whatsapp.com\/I4nieTEMKlf50pJ28aMemC?mode=ac_t\" target=\"_blank\" rel=\"noreferrer noopener\">clicar aqui<\/a>. Ou, acesse o nosso\u00a0Canal\u00a0<a href=\"https:\/\/whatsapp.com\/channel\/0029Vb6IQl1JENyAeS57fk2p\" target=\"_blank\" rel=\"noreferrer noopener\">clicando aqui<\/a>.<\/p>\n<p>Fa\u00e7a uma den\u00fancia ou sugira uma reportagem sobre Ribeir\u00e3o Preto e regi\u00e3o pelo WhatsApp: 16 99117 7802.<\/p>\n<p>VEJA TAMB\u00c9M<\/p>\n<p>Veja 5 motivos para jogar Little Nightmares III no Halloween<\/p>\n<p><!-- AI CONTENT END 1 -->\n<\/div>\n<\/div>\n<p><script async src=\"\/\/www.instagram.com\/embed.js\"><\/script><br \/>\n<br \/><br \/>\n<br \/><a href=\"https:\/\/www.acidadeon.com\/ribeiraopreto\/lazer-e-cultura\/edson-e-hudson-fazem-show-em-ribeirao-preto-neste-sabado-ainda-ha-ingressos-disponiveis\/\">Source link <\/a><\/p>\n<!-- CONTENT END 1 -->\n","protected":false},"excerpt":{"rendered":"<p>A dupla Edson &amp; Hudson se apresenta neste s\u00e1bado, 1\u00ba de novembro, no Multiplan Hall, em Ribeir\u00e3o Preto. O show come\u00e7a \u00e0s 19h30, com abertura&#8230;<\/p>\n","protected":false},"author":1,"featured_media":79348,"comment_status":"open","ping_status":"open","sticky":false,"template":"","format":"standard","meta":{"advanced_seo_description":"","jetpack_seo_html_title":"","jetpack_seo_noindex":false,"jetpack_post_was_ever_published":false,"_jetpack_newsletter_access":"","_jetpack_dont_email_post_to_subs":false,"_jetpack_newsletter_tier_id":0,"_jetpack_memberships_contains_paywalled_content":false,"_jetpack_memberships_contains_paid_content":false,"footnotes":"","jetpack_publicize_message":"","jetpack_publicize_feature_enabled":true,"jetpack_social_post_already_shared":true,"jetpack_social_options":{"image_generator_settings":{"template":"highway","default_image_id":0,"font":"","enabled":false},"version":2}},"categories":[11],"tags":[],"class_list":["post-79347","post","type-post","status-publish","format-standard","has-post-thumbnail","hentry","category-noticias-de-ribeirao-preto-sp-e-regiao-ismael-colosi"],"jetpack_publicize_connections":[],"jetpack_featured_media_url":"https:\/\/i0.wp.com\/noticiasribeiraopreto.com.br\/wp-content\/uploads\/2025\/10\/voguing-10_2025-10-29_22-29-10.webp.webp?fit=1200%2C675&ssl=1","jetpack-related-posts":[{"id":76526,"url":"https:\/\/noticiasribeiraopreto.com.br\/index.php\/2025\/08\/30\/edson-e-hudson-apresentam-turne-foi-deus-em-ribeirao-veja-quando\/","url_meta":{"origin":79347,"position":0},"title":"Edson e Hudson apresentam turn\u00ea &#8216;Foi Deus&#8217; em Ribeir\u00e3o; Veja quando","author":"noticiasribeiraopreto.com.br","date":"30 de August de 2025","format":false,"excerpt":"A dupla Edson e Hudson volta a Ribeir\u00e3o Preto no dia 1\u00ba de novembro com a nova turn\u00ea \u201cFoi Deus\u201d, no Multiplan Hall, localizado na zona Sul da cidade. Os ingressos j\u00e1 est\u00e3o dispon\u00edveis para compra on-line e f\u00edsica \u2013 veja como comprar abaixo. A dupla sertaneja acumula milh\u00f5es de\u2026","rel":"","context":"In &quot;Not\u00edcias de Ribeir\u00e3o Preto-SP e Regi\u00e3o&quot;","block_context":{"text":"Not\u00edcias de Ribeir\u00e3o Preto-SP e Regi\u00e3o","link":"https:\/\/noticiasribeiraopreto.com.br\/index.php\/category\/noticias-de-ribeirao-preto-sp-e-regiao-ismael-colosi\/"},"img":{"alt_text":"","src":"https:\/\/i0.wp.com\/noticiasribeiraopreto.com.br\/wp-content\/uploads\/2025\/08\/edson-hudson_2025-08-30_19-01-55.webp.webp?fit=800%2C533&ssl=1&resize=350%2C200","width":350,"height":200,"srcset":"https:\/\/i0.wp.com\/noticiasribeiraopreto.com.br\/wp-content\/uploads\/2025\/08\/edson-hudson_2025-08-30_19-01-55.webp.webp?fit=800%2C533&ssl=1&resize=350%2C200 1x, https:\/\/i0.wp.com\/noticiasribeiraopreto.com.br\/wp-content\/uploads\/2025\/08\/edson-hudson_2025-08-30_19-01-55.webp.webp?fit=800%2C533&ssl=1&resize=525%2C300 1.5x, https:\/\/i0.wp.com\/noticiasribeiraopreto.com.br\/wp-content\/uploads\/2025\/08\/edson-hudson_2025-08-30_19-01-55.webp.webp?fit=800%2C533&ssl=1&resize=700%2C400 2x"},"classes":[]},{"id":57049,"url":"https:\/\/noticiasribeiraopreto.com.br\/index.php\/2024\/08\/21\/veja-como-comprar-ingressos-para-show-de-zeze-di-camargo-e-edson-hudson-em-ribeirao\/","url_meta":{"origin":79347,"position":1},"title":"Veja como comprar ingressos para show de Zez\u00e9 Di Camargo e Edson &#038; Hudson em Ribeir\u00e3o","author":"noticiasribeiraopreto.com.br","date":"21 de August de 2024","format":false,"excerpt":"O cantor Zez\u00e9 di Camargo retorna a Ribeir\u00e3o Preto com seu show \u2018R\u00fastico \u2013 A Festa\u2019 que ter\u00e1 participa\u00e7\u00e3o da dupla Edson & Hudson, no dia 1\u00ba de novembro. O projeto solo do artista e busca \u201cresgatar sua ess\u00eancia de homem do campo, do amante das rimas e das noites\u2026","rel":"","context":"In &quot;Not\u00edcias de Ribeir\u00e3o Preto-SP e Regi\u00e3o&quot;","block_context":{"text":"Not\u00edcias de Ribeir\u00e3o Preto-SP e Regi\u00e3o","link":"https:\/\/noticiasribeiraopreto.com.br\/index.php\/category\/noticias-de-ribeirao-preto-sp-e-regiao-ismael-colosi\/"},"img":{"alt_text":"","src":"https:\/\/i0.wp.com\/noticiasribeiraopreto.com.br\/wp-content\/uploads\/2024\/08\/zeze-di-camargo-edson-e-hudson_2024-07-17_16-23-06_jpeg_2024-07-17_16-23-06.webp.webp?fit=1200%2C674&ssl=1&resize=350%2C200","width":350,"height":200,"srcset":"https:\/\/i0.wp.com\/noticiasribeiraopreto.com.br\/wp-content\/uploads\/2024\/08\/zeze-di-camargo-edson-e-hudson_2024-07-17_16-23-06_jpeg_2024-07-17_16-23-06.webp.webp?fit=1200%2C674&ssl=1&resize=350%2C200 1x, https:\/\/i0.wp.com\/noticiasribeiraopreto.com.br\/wp-content\/uploads\/2024\/08\/zeze-di-camargo-edson-e-hudson_2024-07-17_16-23-06_jpeg_2024-07-17_16-23-06.webp.webp?fit=1200%2C674&ssl=1&resize=525%2C300 1.5x, https:\/\/i0.wp.com\/noticiasribeiraopreto.com.br\/wp-content\/uploads\/2024\/08\/zeze-di-camargo-edson-e-hudson_2024-07-17_16-23-06_jpeg_2024-07-17_16-23-06.webp.webp?fit=1200%2C674&ssl=1&resize=700%2C400 2x, https:\/\/i0.wp.com\/noticiasribeiraopreto.com.br\/wp-content\/uploads\/2024\/08\/zeze-di-camargo-edson-e-hudson_2024-07-17_16-23-06_jpeg_2024-07-17_16-23-06.webp.webp?fit=1200%2C674&ssl=1&resize=1050%2C600 3x"},"classes":[]},{"id":46091,"url":"https:\/\/noticiasribeiraopreto.com.br\/index.php\/2024\/04\/09\/edson-hudson-se-apresentam-na-festa-do-peao-de-barretos\/","url_meta":{"origin":79347,"position":2},"title":"Edson &#038; Hudson se apresentam na Festa do Pe\u00e3o de Barretos","author":"noticiasribeiraopreto.com.br","date":"9 de April de 2024","format":false,"excerpt":"A dupla sertaneja Edson & Hudson est\u00e1 confirmada para 69\u00aa Festa do Pe\u00e3o de Barretos. Os irm\u00e3os se apresentam no dia 18 de agosto. Essa \u00e9 a primeira atra\u00e7\u00e3o musical confirmada para o primeiro domingo da festa, que acontece de 15 a 25 de agosto. Confira a programa\u00e7\u00e3o musical da\u2026","rel":"","context":"In &quot;Not\u00edcias de Ribeir\u00e3o Preto-SP e Regi\u00e3o&quot;","block_context":{"text":"Not\u00edcias de Ribeir\u00e3o Preto-SP e Regi\u00e3o","link":"https:\/\/noticiasribeiraopreto.com.br\/index.php\/category\/noticias-de-ribeirao-preto-sp-e-regiao-ismael-colosi\/"},"img":{"alt_text":"","src":"https:\/\/i0.wp.com\/noticiasribeiraopreto.com.br\/wp-content\/uploads\/2024\/04\/Copia-de-Copia-de-TAMANHO-EXATO-PARA-FOTOS-NO-SISTEMA-NOVO-9-1.jpg?fit=1200%2C675&ssl=1&resize=350%2C200","width":350,"height":200,"srcset":"https:\/\/i0.wp.com\/noticiasribeiraopreto.com.br\/wp-content\/uploads\/2024\/04\/Copia-de-Copia-de-TAMANHO-EXATO-PARA-FOTOS-NO-SISTEMA-NOVO-9-1.jpg?fit=1200%2C675&ssl=1&resize=350%2C200 1x, https:\/\/i0.wp.com\/noticiasribeiraopreto.com.br\/wp-content\/uploads\/2024\/04\/Copia-de-Copia-de-TAMANHO-EXATO-PARA-FOTOS-NO-SISTEMA-NOVO-9-1.jpg?fit=1200%2C675&ssl=1&resize=525%2C300 1.5x, https:\/\/i0.wp.com\/noticiasribeiraopreto.com.br\/wp-content\/uploads\/2024\/04\/Copia-de-Copia-de-TAMANHO-EXATO-PARA-FOTOS-NO-SISTEMA-NOVO-9-1.jpg?fit=1200%2C675&ssl=1&resize=700%2C400 2x, https:\/\/i0.wp.com\/noticiasribeiraopreto.com.br\/wp-content\/uploads\/2024\/04\/Copia-de-Copia-de-TAMANHO-EXATO-PARA-FOTOS-NO-SISTEMA-NOVO-9-1.jpg?fit=1200%2C675&ssl=1&resize=1050%2C600 3x"},"classes":[]},{"id":46085,"url":"https:\/\/noticiasribeiraopreto.com.br\/index.php\/2024\/04\/09\/festa-do-peao-de-barretos-confirma-show-de-edson-hudson\/","url_meta":{"origin":79347,"position":3},"title":"Festa do Pe\u00e3o de Barretos confirma show de Edson &#038; Hudson","author":"noticiasribeiraopreto.com.br","date":"9 de April de 2024","format":false,"excerpt":"Festa do Pe\u00e3o de Barretos confirma show de Edson & HudsonDupla com mais de tr\u00eas d\u00e9cadas de hist\u00f3ria apresentar\u00e1 seus maiores sucessos no dia 18 de agosto, domingo. A Festa acontece de 15 a 25 de agosto, no Parque do Pe\u00e3o, e ingressos j\u00e1 est\u00e3o \u00e0 venda. A 69\u00aa Festa\u2026","rel":"","context":"In &quot;Not\u00edcias de Ribeir\u00e3o Preto-SP e Regi\u00e3o&quot;","block_context":{"text":"Not\u00edcias de Ribeir\u00e3o Preto-SP e Regi\u00e3o","link":"https:\/\/noticiasribeiraopreto.com.br\/index.php\/category\/noticias-de-ribeirao-preto-sp-e-regiao-ismael-colosi\/"},"img":{"alt_text":"","src":"https:\/\/i0.wp.com\/noticiasribeiraopreto.com.br\/wp-content\/uploads\/2024\/04\/85f68e21cdfeac1b8cca92eadc410ba7-1.jpeg?fit=1200%2C645&ssl=1&resize=350%2C200","width":350,"height":200,"srcset":"https:\/\/i0.wp.com\/noticiasribeiraopreto.com.br\/wp-content\/uploads\/2024\/04\/85f68e21cdfeac1b8cca92eadc410ba7-1.jpeg?fit=1200%2C645&ssl=1&resize=350%2C200 1x, https:\/\/i0.wp.com\/noticiasribeiraopreto.com.br\/wp-content\/uploads\/2024\/04\/85f68e21cdfeac1b8cca92eadc410ba7-1.jpeg?fit=1200%2C645&ssl=1&resize=525%2C300 1.5x, https:\/\/i0.wp.com\/noticiasribeiraopreto.com.br\/wp-content\/uploads\/2024\/04\/85f68e21cdfeac1b8cca92eadc410ba7-1.jpeg?fit=1200%2C645&ssl=1&resize=700%2C400 2x, https:\/\/i0.wp.com\/noticiasribeiraopreto.com.br\/wp-content\/uploads\/2024\/04\/85f68e21cdfeac1b8cca92eadc410ba7-1.jpeg?fit=1200%2C645&ssl=1&resize=1050%2C600 3x"},"classes":[]},{"id":79361,"url":"https:\/\/noticiasribeiraopreto.com.br\/index.php\/2025\/10\/30\/humorista-igor-guimaraes-apresenta-stand-up-em-ribeirao-preto-neste-fim-de-semana\/","url_meta":{"origin":79347,"position":4},"title":"Humorista Igor Guimar\u00e3es apresenta stand-up em Ribeir\u00e3o Preto neste fim de semana","author":"noticiasribeiraopreto.com.br","date":"30 de October de 2025","format":false,"excerpt":"O humorista Igor Guimar\u00e3es sobe ao palco do Theatro Pedro II, em Ribeir\u00e3o Preto, neste s\u00e1bado (1\u00ba de novembro), \u00e0s 20h, com o show \u201cStand-up de Humor\u201d. Ainda h\u00e1 ingressos dispon\u00edveis para compra on-line e presencial na bilheteria. Igor Guimar\u00e3es \u00e9 comediante stand-up desde 2009 e se destacou logo no\u2026","rel":"","context":"In &quot;Not\u00edcias de Ribeir\u00e3o Preto-SP e Regi\u00e3o&quot;","block_context":{"text":"Not\u00edcias de Ribeir\u00e3o Preto-SP e Regi\u00e3o","link":"https:\/\/noticiasribeiraopreto.com.br\/index.php\/category\/noticias-de-ribeirao-preto-sp-e-regiao-ismael-colosi\/"},"img":{"alt_text":"","src":"https:\/\/i0.wp.com\/noticiasribeiraopreto.com.br\/wp-content\/uploads\/2025\/10\/PHOTO-2024-04-11-17-20-34_2025-10-30_12-32-20.webp.webp?fit=797%2C520&ssl=1&resize=350%2C200","width":350,"height":200,"srcset":"https:\/\/i0.wp.com\/noticiasribeiraopreto.com.br\/wp-content\/uploads\/2025\/10\/PHOTO-2024-04-11-17-20-34_2025-10-30_12-32-20.webp.webp?fit=797%2C520&ssl=1&resize=350%2C200 1x, https:\/\/i0.wp.com\/noticiasribeiraopreto.com.br\/wp-content\/uploads\/2025\/10\/PHOTO-2024-04-11-17-20-34_2025-10-30_12-32-20.webp.webp?fit=797%2C520&ssl=1&resize=525%2C300 1.5x, https:\/\/i0.wp.com\/noticiasribeiraopreto.com.br\/wp-content\/uploads\/2025\/10\/PHOTO-2024-04-11-17-20-34_2025-10-30_12-32-20.webp.webp?fit=797%2C520&ssl=1&resize=700%2C400 2x"},"classes":[]},{"id":79415,"url":"https:\/\/noticiasribeiraopreto.com.br\/index.php\/2025\/10\/31\/shows-comedia-e-halloween-confira-o-que-acontece-neste-fim-de-semana-em-ribeirao-preto\/","url_meta":{"origin":79347,"position":5},"title":"Shows, com\u00e9dia e halloween: confira o que acontece neste fim de semana em Ribeir\u00e3o Preto","author":"noticiasribeiraopreto.com.br","date":"31 de October de 2025","format":false,"excerpt":"O fim de semana chegou e Ribeir\u00e3o Preto conta com diversas op\u00e7\u00f5es para aproveitar. Entre as atra\u00e7\u00f5es est\u00e3o o show da dupla sertaneja Edson & Hudson, o novo stand-up de Igor Guimar\u00e3es e a edi\u00e7\u00e3o do \u201cC\u00e3olloween\u201d. Confira a programa\u00e7\u00e3o completa abaixo. Edson & Hudson A dupla sertaneja se apresenta\u2026","rel":"","context":"In &quot;Not\u00edcias de Ribeir\u00e3o Preto-SP e Regi\u00e3o&quot;","block_context":{"text":"Not\u00edcias de Ribeir\u00e3o Preto-SP e Regi\u00e3o","link":"https:\/\/noticiasribeiraopreto.com.br\/index.php\/category\/noticias-de-ribeirao-preto-sp-e-regiao-ismael-colosi\/"},"img":{"alt_text":"","src":"https:\/\/i0.wp.com\/noticiasribeiraopreto.com.br\/wp-content\/uploads\/2025\/08\/edson-hudson_2025-08-30_19-01-55.webp.webp?fit=800%2C533&ssl=1&resize=350%2C200","width":350,"height":200,"srcset":"https:\/\/i0.wp.com\/noticiasribeiraopreto.com.br\/wp-content\/uploads\/2025\/08\/edson-hudson_2025-08-30_19-01-55.webp.webp?fit=800%2C533&ssl=1&resize=350%2C200 1x, https:\/\/i0.wp.com\/noticiasribeiraopreto.com.br\/wp-content\/uploads\/2025\/08\/edson-hudson_2025-08-30_19-01-55.webp.webp?fit=800%2C533&ssl=1&resize=525%2C300 1.5x, https:\/\/i0.wp.com\/noticiasribeiraopreto.com.br\/wp-content\/uploads\/2025\/08\/edson-hudson_2025-08-30_19-01-55.webp.webp?fit=800%2C533&ssl=1&resize=700%2C400 2x"},"classes":[]}],"jetpack_sharing_enabled":true,"jetpack_shortlink":"https:\/\/wp.me\/peQAOb-kDN","_links":{"self":[{"href":"https:\/\/noticiasribeiraopreto.com.br\/index.php\/wp-json\/wp\/v2\/posts\/79347","targetHints":{"allow":["GET"]}}],"collection":[{"href":"https:\/\/noticiasribeiraopreto.com.br\/index.php\/wp-json\/wp\/v2\/posts"}],"about":[{"href":"https:\/\/noticiasribeiraopreto.com.br\/index.php\/wp-json\/wp\/v2\/types\/post"}],"author":[{"embeddable":true,"href":"https:\/\/noticiasribeiraopreto.com.br\/index.php\/wp-json\/wp\/v2\/users\/1"}],"replies":[{"embeddable":true,"href":"https:\/\/noticiasribeiraopreto.com.br\/index.php\/wp-json\/wp\/v2\/comments?post=79347"}],"version-history":[{"count":0,"href":"https:\/\/noticiasribeiraopreto.com.br\/index.php\/wp-json\/wp\/v2\/posts\/79347\/revisions"}],"wp:featuredmedia":[{"embeddable":true,"href":"https:\/\/noticiasribeiraopreto.com.br\/index.php\/wp-json\/wp\/v2\/media\/79348"}],"wp:attachment":[{"href":"https:\/\/noticiasribeiraopreto.com.br\/index.php\/wp-json\/wp\/v2\/media?parent=79347"}],"wp:term":[{"taxonomy":"category","embeddable":true,"href":"https:\/\/noticiasribeiraopreto.com.br\/index.php\/wp-json\/wp\/v2\/categories?post=79347"},{"taxonomy":"post_tag","embeddable":true,"href":"https:\/\/noticiasribeiraopreto.com.br\/index.php\/wp-json\/wp\/v2\/tags?post=79347"}],"curies":[{"name":"wp","href":"https:\/\/api.w.org\/{rel}","templated":true}]}}