{"id":79351,"date":"2025-10-30T08:10:25","date_gmt":"2025-10-30T11:10:25","guid":{"rendered":"https:\/\/noticiasribeiraopreto.com.br\/index.php\/2025\/10\/30\/bigodini-volta-hoje-a-camara\/"},"modified":"2025-10-30T08:10:25","modified_gmt":"2025-10-30T11:10:25","slug":"bigodini-volta-hoje-a-camara","status":"publish","type":"post","link":"https:\/\/noticiasribeiraopreto.com.br\/index.php\/2025\/10\/30\/bigodini-volta-hoje-a-camara\/","title":{"rendered":"Bigodini volta hoje \u00e0 C\u00e2mara"},"content":{"rendered":"<p> <br \/>\n<\/p>\n<div>\n<p><em>Tribuna apurou que o parlamentar decidiu retomar atividades ap\u00f3s o vencimento do terceiro atestado m\u00e9dico\u2028\u2028<\/em><\/p>\n<p>O vereador Roger Ronan da Silva (MDB), o Bigodini, de 33 anos, dever\u00e1 retornar \u00e0s atividades legislativas nesta quinta-feira, 30 de outubro, cerca de um m\u00eas depois de envolver em acidente de tr\u00e2nsito, na madrugada de 28 de setembro.<\/p>\n<p>O terceiro atestado m\u00e9dico apresentado pelo parlamentar venceu nesta quarta-feira (29). \u2028\u2028Segundo o Tribuna apurou, Bigodini dever\u00e1 participar de reuni\u00e3o com assessores em seu gabinete. As sess\u00f5es ordin\u00e1rias da C\u00e2mara acontecem \u00e0s segundas e quartas-feiras. Ele ainda poder\u00e1 renovar o pedido de licen\u00e7a nos pr\u00f3ximos dias.<\/p>\n<p>O Conselho de \u00c9tica e Decoro Parlamentar da C\u00e2mara n\u00e3o havia confirmado, at\u00e9 o fechamento desta edi\u00e7\u00e3o, se a Pol\u00edcia Civil havia enviado c\u00f3pia do inqu\u00e9rito que envolve o indiciamento do vereador. \u2028\u2028No dia 20, Bigodini protocolou na C\u00e2mara novo atestado m\u00e9dico com dura\u00e7\u00e3o de mais dez dias para justificar sua aus\u00eancia das atividades parlamentares.<\/p>\n<p>Desde 29 de setembro, o vereador est\u00e1 afastado de suas fun\u00e7\u00f5es legislativas e foi internado em cl\u00ednica particular para tratamento.\u2028\u2028Ele apresentou atestados m\u00e9dicos de ansiedade e estresse. O primeiro, com prazo de quatro dias, venceu em 2 de outubro.<\/p>\n<p>O segundo, de dez dias, expirou no dia 15. Aponta transtorno de estresse agudo, caracterizado por uma resposta emocional intensa a um evento traum\u00e1tico. Os atestados totalizam, at\u00e9 o momento, 24 dias de afastamento.<\/p>\n<p>O parlamentar precisou de interna\u00e7\u00e3o em cl\u00ednica particular.\u2028\u2028Na sexta-feira (24), delegado Gustavo Andr\u00e9 Alves, da Divis\u00e3o Especializada de Investiga\u00e7\u00f5es Criminais (Deic), indiciou o vereador por embriaguez ao volante, falsidade ideol\u00f3gica e fraude processual, confirmando que ele n\u00e3o disse a verdade ap\u00f3s o acidente. Somadas, as penas podem chegar a dez anos de pris\u00e3o em caso de condena\u00e7\u00e3o.<\/p>\n<p>O barbeiro e infuenciador tamb\u00e9m pode ficar ineleg\u00edvel por oito anos. J\u00e1 a namorada dele, a assistente social Isabela de C\u00e1ssia de Andrade Faria, de 29 anos, responder\u00e1 por falsidade ideol\u00f3gica, fraude processual e autoacusa\u00e7\u00e3o.<\/p>\n<p>O casal n\u00e3o ser\u00e1 preso e acompanhar\u00e1 o tr\u00e2mite do processo em liberdade. \u2028\u2028O delegado vai enviar o relat\u00f3rio final do inqu\u00e9rito para o Minist\u00e9rio P\u00fablico de S\u00e3o Paulo (MPSP), que pode optar por arquivar o caso ou oferecer den\u00fancia \u00e0 Justi\u00e7a de Ribeir\u00e3o Preto.<\/p>\n<p>Neste caso, o vereador e a namorada passam a ser considerados r\u00e9us e ser\u00e3o julgados pelos crimes a eles imputados. Como n\u00e3o houve morte, a possibilidade de j\u00fari popular est\u00e1 descartada. \u2028\u2028O acidente de tr\u00e2nsito envolvendo o Chevrolet Tracker cinza alugado pelo vereador ocorreu na madrugada de 28 de setembro, na avenida do Caf\u00e9, Zona Oeste.<\/p>\n<p>Na \u00e9poca, Bigodini disse a policiais que a namorada estava dirigindo. Ela n\u00e3o tem Carteira Nacional de Habilita\u00e7\u00e3o (CNH).\u2028\u2028Segundo o delegado Alves, as investiga\u00e7\u00f5es reuniram diversas imagens de c\u00e2meras de seguran\u00e7a coletadas em diversos pontos por onde o vereador e sua namorada haviam passado naquela noite e madrugada que antecederam o acidente.<\/p>\n<p>O delegado disse que, atrav\u00e9s das imagens, \u00e9 poss\u00edvel afirmar que era sempre Bigodini quem conduzia o carro. Eles foram a diversos bares e a Pol\u00edcia Civil conseguiu levantar o que ele consumiu. Os v\u00eddeos foram submetidos \u00e0 per\u00edcia comprovam que Bigodini estava ao volante do Chevrolet Tracker cinza alugado.<\/p>\n<p>O rastreamento foi poss\u00edvel porque o carro que Bigodini dirigia era alugado e monitorado por GPS. Naquela noite, Bigodini ingeriu vodca, cacha\u00e7a, u\u00edsque e cerveja. Na dire\u00e7\u00e3o do Tracker, atingiu mais de 100 quil\u00f4metros por hora em v\u00e1rias vias da cidade, chegando ao m\u00e1ximo de 183 km\/h na Rodovia Anhanguera (SP-330)\u2028\u2028J\u00e1 o Conselho de \u00c9tica e Decoro Parlamentar da C\u00e2mara Municipal de Ribeir\u00e3o Preto aguarda o envio pela Pol\u00edcia Civil dos documentos com a conclus\u00e3o sobre as investiga\u00e7\u00f5es feitas contra o vereador para decidir o futuro do parlamentar.<\/p>\n<p>O colegiado \u00e9 presidido pelo vereador Di\u00e1cono Ramos (Uni\u00e3o Brasil) e conta com a participa\u00e7\u00e3o de Franco Ferro (PP), Maur\u00edcio Vila Abranches (PSDB), Brando Veiga (Republicanos) e Jean Corauci (PSD). A defesa de Bigodini pede a anula\u00e7\u00e3o do processo de cassa\u00e7\u00e3o por falta de provas.<\/p>\n<p>Na C\u00e2mara, passou a ser investigado ap\u00f3s o jornalista Rodrigo Leone da Silva entrar com pedido de cassa\u00e7\u00e3o. O Conselho de \u00c9tica e Decoro Parlamentar em 180 dias para concluir os trabalhos e emitir parecer sobre o caso. \u2028\u2028Em nota distribu\u00edda a imprensa, os advogados Wesley Felipe Martins dos Santos Rodrigues e Paulo Roberto Pereira Marques dizem que tomaram conhecimento das imagens divulgadas pela Pol\u00edcia Civil atrav\u00e9s da m\u00eddia.<\/p>\n<p>Citam que o processo tem 233 p\u00e1ginas, motivo pelo qual n\u00e3o houve tempo h\u00e1bil para que a defesa procedesse \u00e0 an\u00e1lise minuciosa de todo o conte\u00fado apresentado.<\/p>\n<p><!-- CONTENT END 3 -->\n<\/div>\n<p><br \/>\n<br \/><a href=\"https:\/\/www.tribunaribeirao.com.br\/bigodini-volta-hoje-a-camara\/\">Source link <\/a><\/p>\n","protected":false},"excerpt":{"rendered":"<p>Tribuna apurou que o parlamentar decidiu retomar atividades ap\u00f3s o vencimento do terceiro atestado m\u00e9dico\u2028\u2028 O vereador Roger Ronan da Silva (MDB), o Bigodini, de&#8230;<\/p>\n","protected":false},"author":1,"featured_media":79352,"comment_status":"open","ping_status":"open","sticky":false,"template":"","format":"standard","meta":{"advanced_seo_description":"","jetpack_seo_html_title":"","jetpack_seo_noindex":false,"jetpack_post_was_ever_published":false,"_jetpack_newsletter_access":"","_jetpack_dont_email_post_to_subs":false,"_jetpack_newsletter_tier_id":0,"_jetpack_memberships_contains_paywalled_content":false,"_jetpack_memberships_contains_paid_content":false,"footnotes":"","jetpack_publicize_message":"","jetpack_publicize_feature_enabled":true,"jetpack_social_post_already_shared":true,"jetpack_social_options":{"image_generator_settings":{"template":"highway","default_image_id":0,"font":"","enabled":false},"version":2}},"categories":[11],"tags":[],"class_list":["post-79351","post","type-post","status-publish","format-standard","has-post-thumbnail","hentry","category-noticias-de-ribeirao-preto-sp-e-regiao-ismael-colosi"],"jetpack_publicize_connections":[],"jetpack_featured_media_url":"https:\/\/i0.wp.com\/noticiasribeiraopreto.com.br\/wp-content\/uploads\/2025\/10\/Bigodini-Max-Gallao-Mesquita-1-scaled.jpg?fit=1170%2C780&ssl=1","jetpack-related-posts":[{"id":78897,"url":"https:\/\/noticiasribeiraopreto.com.br\/index.php\/2025\/10\/20\/bigodini-apresenta-terceiro-atestado-medico-e-se-afasta-da-camara-de-ribeirao-preto-por-mais-10-dias\/","url_meta":{"origin":79351,"position":0},"title":"Bigodini apresenta terceiro atestado m\u00e9dico e se afasta da C\u00e2mara de Ribeir\u00e3o Preto por mais 10 dias","author":"noticiasribeiraopreto.com.br","date":"20 de October de 2025","format":false,"excerpt":"O vereador Bigodini (MDB) apresentou o terceiro atestado m\u00e9dico consecutivo e ampliou seu afastamento da C\u00e2mara Municipal de Ribeir\u00e3o Preto por mais dez dias. O documento \u00e9 referente \u00e0 ansiedade generalizada, conforme confirmado pela assessoria do parlamentar. Nos afastamentos anteriores, Bigodini tamb\u00e9m apresentou atestados m\u00e9dicos, permanecendo ausente das sess\u00f5es e\u2026","rel":"","context":"In &quot;Not\u00edcias de Ribeir\u00e3o Preto-SP e Regi\u00e3o&quot;","block_context":{"text":"Not\u00edcias de Ribeir\u00e3o Preto-SP e Regi\u00e3o","link":"https:\/\/noticiasribeiraopreto.com.br\/index.php\/category\/noticias-de-ribeirao-preto-sp-e-regiao-ismael-colosi\/"},"img":{"alt_text":"","src":"https:\/\/i0.wp.com\/noticiasribeiraopreto.com.br\/wp-content\/uploads\/2025\/09\/bigodini_2025-09-30_13-54-26.webp.webp?fit=1200%2C838&ssl=1&resize=350%2C200","width":350,"height":200,"srcset":"https:\/\/i0.wp.com\/noticiasribeiraopreto.com.br\/wp-content\/uploads\/2025\/09\/bigodini_2025-09-30_13-54-26.webp.webp?fit=1200%2C838&ssl=1&resize=350%2C200 1x, https:\/\/i0.wp.com\/noticiasribeiraopreto.com.br\/wp-content\/uploads\/2025\/09\/bigodini_2025-09-30_13-54-26.webp.webp?fit=1200%2C838&ssl=1&resize=525%2C300 1.5x, https:\/\/i0.wp.com\/noticiasribeiraopreto.com.br\/wp-content\/uploads\/2025\/09\/bigodini_2025-09-30_13-54-26.webp.webp?fit=1200%2C838&ssl=1&resize=700%2C400 2x, https:\/\/i0.wp.com\/noticiasribeiraopreto.com.br\/wp-content\/uploads\/2025\/09\/bigodini_2025-09-30_13-54-26.webp.webp?fit=1200%2C838&ssl=1&resize=1050%2C600 3x"},"classes":[]},{"id":77990,"url":"https:\/\/noticiasribeiraopreto.com.br\/index.php\/2025\/09\/30\/bigodini-vai-se-afastar-por-tempo-indeterminado\/","url_meta":{"origin":79351,"position":1},"title":"Bigodini vai se afastar por tempo indeterminado","author":"noticiasribeiraopreto.com.br","date":"30 de September de 2025","format":false,"excerpt":"30 de setembro de 2025 11:326 Compartilhar0 Tribuna apurou que, ap\u00f3s o fim do atestado m\u00e9dico de quatro dias do parlamentar por ansiedade, que termina nesta sexta-feira, 3 de outubro, vereador dever\u00e1 pedir afastamento por tempo indeterminado O vereador Bigodini (MDB) que se envolveu em um acidente de tr\u00e2nsito na\u2026","rel":"","context":"In &quot;Not\u00edcias de Ribeir\u00e3o Preto-SP e Regi\u00e3o&quot;","block_context":{"text":"Not\u00edcias de Ribeir\u00e3o Preto-SP e Regi\u00e3o","link":"https:\/\/noticiasribeiraopreto.com.br\/index.php\/category\/noticias-de-ribeirao-preto-sp-e-regiao-ismael-colosi\/"},"img":{"alt_text":"","src":"https:\/\/i0.wp.com\/noticiasribeiraopreto.com.br\/wp-content\/uploads\/2025\/09\/ProjetoCAM-Thaisa-Coroado-Camara-scaled.jpg?fit=1170%2C780&ssl=1&resize=350%2C200","width":350,"height":200,"srcset":"https:\/\/i0.wp.com\/noticiasribeiraopreto.com.br\/wp-content\/uploads\/2025\/09\/ProjetoCAM-Thaisa-Coroado-Camara-scaled.jpg?fit=1170%2C780&ssl=1&resize=350%2C200 1x, https:\/\/i0.wp.com\/noticiasribeiraopreto.com.br\/wp-content\/uploads\/2025\/09\/ProjetoCAM-Thaisa-Coroado-Camara-scaled.jpg?fit=1170%2C780&ssl=1&resize=525%2C300 1.5x, https:\/\/i0.wp.com\/noticiasribeiraopreto.com.br\/wp-content\/uploads\/2025\/09\/ProjetoCAM-Thaisa-Coroado-Camara-scaled.jpg?fit=1170%2C780&ssl=1&resize=700%2C400 2x, https:\/\/i0.wp.com\/noticiasribeiraopreto.com.br\/wp-content\/uploads\/2025\/09\/ProjetoCAM-Thaisa-Coroado-Camara-scaled.jpg?fit=1170%2C780&ssl=1&resize=1050%2C600 3x"},"classes":[]},{"id":78703,"url":"https:\/\/noticiasribeiraopreto.com.br\/index.php\/2025\/10\/16\/advogado-protocola-defesa-de-bigodini-na-camara\/","url_meta":{"origin":79351,"position":2},"title":"Advogado protocola defesa de Bigodini na C\u00e2mara","author":"noticiasribeiraopreto.com.br","date":"16 de October de 2025","format":false,"excerpt":"Documento tem cerca de 28 p\u00e1ginas e foi protocolado na tarde de quarta-feira; pelo advogado Renato Cassiano, ligado ao diret\u00f3rio do MDB A defesa do vereador de Ribeir\u00e3o Preto, Roger Ronan da Silva, o Bigodini (MDB) acaba de protocolar nesta quarta-feira, 16 de outubro, na C\u00e2mara Municipal a defesa do\u2026","rel":"","context":"In &quot;Not\u00edcias de Ribeir\u00e3o Preto-SP e Regi\u00e3o&quot;","block_context":{"text":"Not\u00edcias de Ribeir\u00e3o Preto-SP e Regi\u00e3o","link":"https:\/\/noticiasribeiraopreto.com.br\/index.php\/category\/noticias-de-ribeirao-preto-sp-e-regiao-ismael-colosi\/"},"img":{"alt_text":"","src":"https:\/\/i0.wp.com\/noticiasribeiraopreto.com.br\/wp-content\/uploads\/2025\/10\/defesa-bigodini-scaled.jpeg?fit=1170%2C780&ssl=1&resize=350%2C200","width":350,"height":200,"srcset":"https:\/\/i0.wp.com\/noticiasribeiraopreto.com.br\/wp-content\/uploads\/2025\/10\/defesa-bigodini-scaled.jpeg?fit=1170%2C780&ssl=1&resize=350%2C200 1x, https:\/\/i0.wp.com\/noticiasribeiraopreto.com.br\/wp-content\/uploads\/2025\/10\/defesa-bigodini-scaled.jpeg?fit=1170%2C780&ssl=1&resize=525%2C300 1.5x, https:\/\/i0.wp.com\/noticiasribeiraopreto.com.br\/wp-content\/uploads\/2025\/10\/defesa-bigodini-scaled.jpeg?fit=1170%2C780&ssl=1&resize=700%2C400 2x, https:\/\/i0.wp.com\/noticiasribeiraopreto.com.br\/wp-content\/uploads\/2025\/10\/defesa-bigodini-scaled.jpeg?fit=1170%2C780&ssl=1&resize=1050%2C600 3x"},"classes":[]},{"id":78250,"url":"https:\/\/noticiasribeiraopreto.com.br\/index.php\/2025\/10\/07\/bigodini-apresenta-novo-atestado-e-fica-afastado-por-mais-10-dias-da-camara-de-ribeirao\/","url_meta":{"origin":79351,"position":3},"title":"Bigodini apresenta novo atestado e fica afastado por mais 10 dias da C\u00e2mara de Ribeir\u00e3o","author":"noticiasribeiraopreto.com.br","date":"7 de October de 2025","format":false,"excerpt":"Uma semana ap\u00f3s o acidente de tr\u00e2nsito envolvendo o vereador Roger Ronan da Silva (MDB), conhecido como Bigodini, o parlamentar n\u00e3o compareceu a sess\u00e3o da C\u00e2mara de Ribeir\u00e3o Preto nesta segunda-feira (6). De acordo com o presidente da C\u00e2mara, vereador Isaac Antunes (PL), Bigodini apresentou um novo atestado m\u00e9dico para\u2026","rel":"","context":"In &quot;Not\u00edcias de Ribeir\u00e3o Preto-SP e Regi\u00e3o&quot;","block_context":{"text":"Not\u00edcias de Ribeir\u00e3o Preto-SP e Regi\u00e3o","link":"https:\/\/noticiasribeiraopreto.com.br\/index.php\/category\/noticias-de-ribeirao-preto-sp-e-regiao-ismael-colosi\/"},"img":{"alt_text":"","src":"https:\/\/i0.wp.com\/noticiasribeiraopreto.com.br\/wp-content\/uploads\/2025\/09\/bigodini_2025-09-30_13-54-26.webp.webp?fit=1200%2C838&ssl=1&resize=350%2C200","width":350,"height":200,"srcset":"https:\/\/i0.wp.com\/noticiasribeiraopreto.com.br\/wp-content\/uploads\/2025\/09\/bigodini_2025-09-30_13-54-26.webp.webp?fit=1200%2C838&ssl=1&resize=350%2C200 1x, https:\/\/i0.wp.com\/noticiasribeiraopreto.com.br\/wp-content\/uploads\/2025\/09\/bigodini_2025-09-30_13-54-26.webp.webp?fit=1200%2C838&ssl=1&resize=525%2C300 1.5x, https:\/\/i0.wp.com\/noticiasribeiraopreto.com.br\/wp-content\/uploads\/2025\/09\/bigodini_2025-09-30_13-54-26.webp.webp?fit=1200%2C838&ssl=1&resize=700%2C400 2x, https:\/\/i0.wp.com\/noticiasribeiraopreto.com.br\/wp-content\/uploads\/2025\/09\/bigodini_2025-09-30_13-54-26.webp.webp?fit=1200%2C838&ssl=1&resize=1050%2C600 3x"},"classes":[]},{"id":78942,"url":"https:\/\/noticiasribeiraopreto.com.br\/index.php\/2025\/10\/21\/processo-de-cassacao-contra-bigodini-tem-segunda-reuniao-no-conselho-de-etica\/","url_meta":{"origin":79351,"position":4},"title":"Processo de cassa\u00e7\u00e3o contra Bigodini tem segunda reuni\u00e3o no Conselho de \u00c9tica","author":"noticiasribeiraopreto.com.br","date":"21 de October de 2025","format":false,"excerpt":"O Conselho de \u00c9tica da C\u00e2mara de Ribeir\u00e3o Preto volta a se reunir na quarta-feira (22) para segunda reuni\u00e3o do processo de cassa\u00e7\u00e3o contra o vereador Roger Ronan da Silva, o Bigodini (MDB). De acordo com o Legislativo, a reuni\u00e3o acontece a partir das 15h, na Sala de Comiss\u00f5es do\u2026","rel":"","context":"In &quot;Not\u00edcias de Ribeir\u00e3o Preto-SP e Regi\u00e3o&quot;","block_context":{"text":"Not\u00edcias de Ribeir\u00e3o Preto-SP e Regi\u00e3o","link":"https:\/\/noticiasribeiraopreto.com.br\/index.php\/category\/noticias-de-ribeirao-preto-sp-e-regiao-ismael-colosi\/"},"img":{"alt_text":"","src":"https:\/\/i0.wp.com\/noticiasribeiraopreto.com.br\/wp-content\/uploads\/2025\/10\/Copia-de-Copia-de-Copia-de-TAMANHO-EXATO-PARA-FOTOS-NO-SISTEMA-NOVO-2025-10-03T142815.473_2025-10-03_17-28-22.webp.webp?fit=1200%2C675&ssl=1&resize=350%2C200","width":350,"height":200,"srcset":"https:\/\/i0.wp.com\/noticiasribeiraopreto.com.br\/wp-content\/uploads\/2025\/10\/Copia-de-Copia-de-Copia-de-TAMANHO-EXATO-PARA-FOTOS-NO-SISTEMA-NOVO-2025-10-03T142815.473_2025-10-03_17-28-22.webp.webp?fit=1200%2C675&ssl=1&resize=350%2C200 1x, https:\/\/i0.wp.com\/noticiasribeiraopreto.com.br\/wp-content\/uploads\/2025\/10\/Copia-de-Copia-de-Copia-de-TAMANHO-EXATO-PARA-FOTOS-NO-SISTEMA-NOVO-2025-10-03T142815.473_2025-10-03_17-28-22.webp.webp?fit=1200%2C675&ssl=1&resize=525%2C300 1.5x, https:\/\/i0.wp.com\/noticiasribeiraopreto.com.br\/wp-content\/uploads\/2025\/10\/Copia-de-Copia-de-Copia-de-TAMANHO-EXATO-PARA-FOTOS-NO-SISTEMA-NOVO-2025-10-03T142815.473_2025-10-03_17-28-22.webp.webp?fit=1200%2C675&ssl=1&resize=700%2C400 2x, https:\/\/i0.wp.com\/noticiasribeiraopreto.com.br\/wp-content\/uploads\/2025\/10\/Copia-de-Copia-de-Copia-de-TAMANHO-EXATO-PARA-FOTOS-NO-SISTEMA-NOVO-2025-10-03T142815.473_2025-10-03_17-28-22.webp.webp?fit=1200%2C675&ssl=1&resize=1050%2C600 3x"},"classes":[]},{"id":78893,"url":"https:\/\/noticiasribeiraopreto.com.br\/index.php\/2025\/10\/20\/bigodini-se-afasta-por-mais-dez-dias\/","url_meta":{"origin":79351,"position":5},"title":"Bigodini se afasta por mais dez dias","author":"noticiasribeiraopreto.com.br","date":"20 de October de 2025","format":false,"excerpt":"20 de outubro de 2025 18:153 Compartilhar0 O vereador de Ribeir\u00e3o Preto, Roger Ronan da Silva, o Bigodini (MDB) protocolou nesta segunda-feira, 16 de outubro, um novo atestado m\u00e9dico com dura\u00e7\u00e3o de mais dez dias, para justificar sua aus\u00eancia das atividades parlamentares.Desde o acidente de tr\u00e2nsito em que se envolveu,\u2026","rel":"","context":"In &quot;Not\u00edcias de Ribeir\u00e3o Preto-SP e Regi\u00e3o&quot;","block_context":{"text":"Not\u00edcias de Ribeir\u00e3o Preto-SP e Regi\u00e3o","link":"https:\/\/noticiasribeiraopreto.com.br\/index.php\/category\/noticias-de-ribeirao-preto-sp-e-regiao-ismael-colosi\/"},"img":{"alt_text":"","src":"https:\/\/i0.wp.com\/noticiasribeiraopreto.com.br\/wp-content\/uploads\/2025\/10\/1760995117_bigodini-scaled.jpg?fit=1170%2C780&ssl=1&resize=350%2C200","width":350,"height":200,"srcset":"https:\/\/i0.wp.com\/noticiasribeiraopreto.com.br\/wp-content\/uploads\/2025\/10\/1760995117_bigodini-scaled.jpg?fit=1170%2C780&ssl=1&resize=350%2C200 1x, https:\/\/i0.wp.com\/noticiasribeiraopreto.com.br\/wp-content\/uploads\/2025\/10\/1760995117_bigodini-scaled.jpg?fit=1170%2C780&ssl=1&resize=525%2C300 1.5x, https:\/\/i0.wp.com\/noticiasribeiraopreto.com.br\/wp-content\/uploads\/2025\/10\/1760995117_bigodini-scaled.jpg?fit=1170%2C780&ssl=1&resize=700%2C400 2x, https:\/\/i0.wp.com\/noticiasribeiraopreto.com.br\/wp-content\/uploads\/2025\/10\/1760995117_bigodini-scaled.jpg?fit=1170%2C780&ssl=1&resize=1050%2C600 3x"},"classes":[]}],"jetpack_sharing_enabled":true,"jetpack_shortlink":"https:\/\/wp.me\/peQAOb-kDR","_links":{"self":[{"href":"https:\/\/noticiasribeiraopreto.com.br\/index.php\/wp-json\/wp\/v2\/posts\/79351","targetHints":{"allow":["GET"]}}],"collection":[{"href":"https:\/\/noticiasribeiraopreto.com.br\/index.php\/wp-json\/wp\/v2\/posts"}],"about":[{"href":"https:\/\/noticiasribeiraopreto.com.br\/index.php\/wp-json\/wp\/v2\/types\/post"}],"author":[{"embeddable":true,"href":"https:\/\/noticiasribeiraopreto.com.br\/index.php\/wp-json\/wp\/v2\/users\/1"}],"replies":[{"embeddable":true,"href":"https:\/\/noticiasribeiraopreto.com.br\/index.php\/wp-json\/wp\/v2\/comments?post=79351"}],"version-history":[{"count":0,"href":"https:\/\/noticiasribeiraopreto.com.br\/index.php\/wp-json\/wp\/v2\/posts\/79351\/revisions"}],"wp:featuredmedia":[{"embeddable":true,"href":"https:\/\/noticiasribeiraopreto.com.br\/index.php\/wp-json\/wp\/v2\/media\/79352"}],"wp:attachment":[{"href":"https:\/\/noticiasribeiraopreto.com.br\/index.php\/wp-json\/wp\/v2\/media?parent=79351"}],"wp:term":[{"taxonomy":"category","embeddable":true,"href":"https:\/\/noticiasribeiraopreto.com.br\/index.php\/wp-json\/wp\/v2\/categories?post=79351"},{"taxonomy":"post_tag","embeddable":true,"href":"https:\/\/noticiasribeiraopreto.com.br\/index.php\/wp-json\/wp\/v2\/tags?post=79351"}],"curies":[{"name":"wp","href":"https:\/\/api.w.org\/{rel}","templated":true}]}}