{"id":79353,"date":"2025-10-30T08:18:26","date_gmt":"2025-10-30T11:18:26","guid":{"rendered":"https:\/\/noticiasribeiraopreto.com.br\/index.php\/2025\/10\/30\/video-preso-homem-suspeito-de-matar-empresario-em-miguelopolis\/"},"modified":"2025-10-30T08:18:26","modified_gmt":"2025-10-30T11:18:26","slug":"video-preso-homem-suspeito-de-matar-empresario-em-miguelopolis","status":"publish","type":"post","link":"https:\/\/noticiasribeiraopreto.com.br\/index.php\/2025\/10\/30\/video-preso-homem-suspeito-de-matar-empresario-em-miguelopolis\/","title":{"rendered":"V\u00cdDEO &#8211; Preso homem suspeito de matar empres\u00e1rio em Miguel\u00f3polis"},"content":{"rendered":"<p> <br \/>\n<\/p>\n<div id=\"\">\n<h2 class=\"penci-post-subtitle\">Pol\u00edcia acredita que d\u00edvida do investigado com a v\u00edtima tenha sido estopim para homic\u00eddio<\/h2>\n<p>\n\t\t\t\t\t\t\t\t\t<span class=\"entry-meta-item penci-posted-on\"><i class=\"fa fa-clock-o\"\/><time class=\"entry-date published\" datetime=\"2025-10-30T08:02:02-03:00\">30 de outubro de 2025 08:02<\/time><time class=\"updated\" datetime=\"2025-10-30T08:02:22-03:00\">30 de outubro de 2025 08:02<\/time><\/span><span class=\"entry-meta-item penci-post-countview\"><span class=\"entry-meta-item penci-post-countview penci_post-meta_item\"><i class=\"fa fa-eye\"\/><span class=\"penci-post-countview-number penci-post-countview-p444647\">18<\/span><\/span><\/span>\t\t\t\t\t\t\t\t<\/p>\n<p><!-- .entry-meta --><br \/>\n\t\t\t\t\t\t\t\t<span class=\"penci-social-buttons penci-social-share-footer\"><span class=\"penci-social-share-text\">Compartilhar<\/span><a href=\"#\" class=\"penci-post-like penci_post-meta_item  single-like-button penci-social-item like\" data-post_id=\"444647\" title=\"Like\" data-like=\"Like\" data-unlike=\"Unlike\"><i class=\"fa fa-thumbs-o-up\"\/><span class=\"penci-share-number\">2<\/span><\/a><i class=\"fa fa-facebook\"\/><a class=\"penci-social-item twitter\" target=\"_blank\" rel=\"noopener\" title=\"\" href=\"https:\/\/twitter.com\/intent\/tweet?text=V\u00cdDEO%20-%20Preso%20homem%20suspeito%20de%20matar%20empres\u00e1rio%20em%20Miguel\u00f3polis%20-%20https:\/\/www.tribunaribeirao.com.br\/video-preso-homem-suspeito-de-matar-empresario-em-miguelopolis\/\"><i class=\"fa fa-twitter\"\/><\/a><i class=\"fa fa-linkedin\"\/><i class=\"fa fa-whatsapp\"\/><i class=\"fa fa-telegram\"\/><i class=\"fa fa-envelope\"\/><\/span>\t\t\t\t\t\t\t<\/div>\n<div>\n<p>Por: Adalberto Luque<\/p>\n<p>O homem suspeito de matar o empres\u00e1rio Pedro J\u00fanior Batista Campos, de 45 anos, em Miguel\u00f3polis, est\u00e1 preso. Marcos Vin\u00edcios Sacardo, de 35 anos, se entregou \u00e0 pol\u00edcia nesta ter\u00e7a-feira (28), em Miguel\u00f3polis, onde o homic\u00eddio ocorreu.<\/p>\n<p>O advogado de defesa de Sacardo disse que ele se apresentou espontaneamente ap\u00f3s ter sido identificado atrav\u00e9s de imagens de c\u00e2meras de seguran\u00e7a do bar onde o crime ocorreu e de ter a pris\u00e3o tempor\u00e1ria decretada pela Justi\u00e7a.<\/p>\n<p>A defesa tamb\u00e9m acrescentou que ele s\u00f3 deve se manifestar em ju\u00edzo. O suspeito foi preso temporariamente por cinco dias. A Pol\u00edcia Civil obteve a confirma\u00e7\u00e3o de que Sacardo havia cometido o crime ap\u00f3s obter imagens de c\u00e2meras de seguran\u00e7a que registraram a cena.<\/p>\n<p>Campos, que morava em Gua\u00edra e tinha neg\u00f3cios em Miguel\u00f3polis, chegou ao bar em sua Range Rover e desceu sem mesmo desligar o motor. Foi conversar com Sacardo na mesa em que ele estava no bar, com outras pessoas.<\/p>\n<figure id=\"attachment_444643\" aria-describedby=\"caption-attachment-444643\" style=\"width: 1200px\" class=\"wp-caption alignnone\"><img data-recalc-dims=\"1\" loading=\"lazy\" decoding=\"async\" class=\"size-full wp-image-444643 lazyload\" src=\"https:\/\/i0.wp.com\/www.tribunaribeirao.com.br\/wp-content\/uploads\/2025\/10\/30-out-2025-crimemiguelopolis1-scaled.jpg?resize=1200%2C777&#038;ssl=1\" alt=\"\" width=\"1200\" height=\"777\" srcset=\"https:\/\/www.tribunaribeirao.com.br\/wp-content\/uploads\/2025\/10\/30-out-2025-crimemiguelopolis1-scaled.jpg 1200w, https:\/\/www.tribunaribeirao.com.br\/wp-content\/uploads\/2025\/10\/30-out-2025-crimemiguelopolis1-300x194.jpg 300w, https:\/\/www.tribunaribeirao.com.br\/wp-content\/uploads\/2025\/10\/30-out-2025-crimemiguelopolis1-1024x663.jpg 1024w, https:\/\/www.tribunaribeirao.com.br\/wp-content\/uploads\/2025\/10\/30-out-2025-crimemiguelopolis1-768x497.jpg 768w, https:\/\/www.tribunaribeirao.com.br\/wp-content\/uploads\/2025\/10\/30-out-2025-crimemiguelopolis1-1536x994.jpg 1536w, https:\/\/www.tribunaribeirao.com.br\/wp-content\/uploads\/2025\/10\/30-out-2025-crimemiguelopolis1-960x621.jpg 960w, https:\/\/www.tribunaribeirao.com.br\/wp-content\/uploads\/2025\/10\/30-out-2025-crimemiguelopolis1-618x400.jpg 618w, https:\/\/www.tribunaribeirao.com.br\/wp-content\/uploads\/2025\/10\/30-out-2025-crimemiguelopolis1-585x379.jpg 585w\" data-sizes=\"(max-width: 1200px) 100vw, 1200px\" style=\"--smush-placeholder-width: 1200px; --smush-placeholder-aspect-ratio: 1200\/777;\"\/><figcaption id=\"caption-attachment-444643\" class=\"wp-caption-text\">Campos (\u00e0 esq.) foi alvejado por Sacardo (\u00e0 dir.) e suspeita \u00e9 que d\u00edvida tenha motivado o homic\u00eddio (Fotos: Redes Sociais)<\/figcaption><\/figure>\n<p>Logo em seguida o tiroteio ocorreu e v\u00e1rios tiros foram disparados. As imagens registraram que Campos ainda saiu de dentro do bar cambaleante, ap\u00f3s ser atingido. Veio em dire\u00e7\u00e3o a seu carro, mas caiu antes. A Pol\u00edcia Civil acredita que uma d\u00edvida de Sacardo com Campos tenha motivado o crime.<\/p>\n<p><strong>Entenda o caso<\/strong><\/p>\n<p>O empres\u00e1rio Pedro J\u00fanior Batista Campos morava em Gua\u00edra. Era casado e tinha um filho pequeno. Ele tamb\u00e9m tinha um restaurante em Miguel\u00f3polis, cidade distante 130 km de Ribeir\u00e3o Preto. Na noite de 22 de outubro, foi at\u00e9 um bar, na avenida Leopoldo Carlos de Oliveira, no Centro de Miguel\u00f3polis.<\/p>\n<p>Estacionou o carro e foi at\u00e9 um bar, onde estavam Sacardo e outros homens. Uma discuss\u00e3o se iniciou e v\u00e1rios tiros foram disparados. Campos chegou a ser socorrido pelo Servi\u00e7o de Atendimento M\u00f3vel de Urg\u00eancia (SAMU), mas morreu antes que chegasse ao hospital.<\/p>\n<p>Sacardo fugiu e as investiga\u00e7\u00f5es come\u00e7aram imediatamente. Campos foi sepultado em Gua\u00edra, onde morava. O caso segue sendo apurado e o delegado estuda se vai pedir pris\u00e3o tempor\u00e1ria por mais 30 dias ou preventiva ao t\u00e9rmino do prazo dos cinco dias.<\/p>\n<p><!-- CONTENT END 3 -->\n<\/div>\n<p><script async src=\"\/\/platform.twitter.com\/widgets.js\" charset=\"utf-8\"><\/script><br \/>\n<br \/><br \/>\n<br \/><a href=\"https:\/\/www.tribunaribeirao.com.br\/video-preso-homem-suspeito-de-matar-empresario-em-miguelopolis\/\">Source link <\/a><\/p>\n","protected":false},"excerpt":{"rendered":"<p>Pol\u00edcia acredita que d\u00edvida do investigado com a v\u00edtima tenha sido estopim para homic\u00eddio 30 de outubro de 2025 08:0230 de outubro de 2025 08:0218&#8230;<\/p>\n","protected":false},"author":1,"featured_media":79354,"comment_status":"open","ping_status":"open","sticky":false,"template":"","format":"standard","meta":{"advanced_seo_description":"","jetpack_seo_html_title":"","jetpack_seo_noindex":false,"jetpack_post_was_ever_published":false,"_jetpack_newsletter_access":"","_jetpack_dont_email_post_to_subs":false,"_jetpack_newsletter_tier_id":0,"_jetpack_memberships_contains_paywalled_content":false,"_jetpack_memberships_contains_paid_content":false,"footnotes":"","jetpack_publicize_message":"","jetpack_publicize_feature_enabled":true,"jetpack_social_post_already_shared":true,"jetpack_social_options":{"image_generator_settings":{"template":"highway","default_image_id":0,"font":"","enabled":false},"version":2}},"categories":[11],"tags":[],"class_list":["post-79353","post","type-post","status-publish","format-standard","has-post-thumbnail","hentry","category-noticias-de-ribeirao-preto-sp-e-regiao-ismael-colosi"],"jetpack_publicize_connections":[],"jetpack_featured_media_url":"https:\/\/i0.wp.com\/noticiasribeiraopreto.com.br\/wp-content\/uploads\/2025\/10\/30-out-2025-crimemiguelopolis2.jpg?fit=823%2C459&ssl=1","jetpack-related-posts":[{"id":78855,"url":"https:\/\/noticiasribeiraopreto.com.br\/index.php\/2025\/10\/20\/apostador-de-ribeirao-leva-premio-da-quina-da-mega-sena\/","url_meta":{"origin":79353,"position":0},"title":"Apostador de Ribeir\u00e3o leva pr\u00eamio da quina da Mega-Sena","author":"noticiasribeiraopreto.com.br","date":"20 de October de 2025","format":false,"excerpt":"20 de outubro de 2025 08:0520 de outubro de 2025 08:1012 Compartilhar0 Saiu para um apostador de Ribeir\u00e3o Preto as\u00a0 cinco dezenas da Mega-Sena.O sorteio foi realizado s\u00e1bado\u00a0 e o ganhador levar\u00e1 a quantia de\u00a0 R$48.914,30. Os n\u00fameros sorteados foram:\u00a0\u00a0 03 \u2013 07 \u2013 08 \u2013 34 \u2013 35 \u2013\u2026","rel":"","context":"In &quot;Not\u00edcias de Ribeir\u00e3o Preto-SP e Regi\u00e3o&quot;","block_context":{"text":"Not\u00edcias de Ribeir\u00e3o Preto-SP e Regi\u00e3o","link":"https:\/\/noticiasribeiraopreto.com.br\/index.php\/category\/noticias-de-ribeirao-preto-sp-e-regiao-ismael-colosi\/"},"img":{"alt_text":"","src":"https:\/\/i0.wp.com\/noticiasribeiraopreto.com.br\/wp-content\/uploads\/2025\/10\/mega-sena-Marcelo-Camargo-Ag.Br_.webp.webp?fit=1170%2C700&ssl=1&resize=350%2C200","width":350,"height":200,"srcset":"https:\/\/i0.wp.com\/noticiasribeiraopreto.com.br\/wp-content\/uploads\/2025\/10\/mega-sena-Marcelo-Camargo-Ag.Br_.webp.webp?fit=1170%2C700&ssl=1&resize=350%2C200 1x, https:\/\/i0.wp.com\/noticiasribeiraopreto.com.br\/wp-content\/uploads\/2025\/10\/mega-sena-Marcelo-Camargo-Ag.Br_.webp.webp?fit=1170%2C700&ssl=1&resize=525%2C300 1.5x, https:\/\/i0.wp.com\/noticiasribeiraopreto.com.br\/wp-content\/uploads\/2025\/10\/mega-sena-Marcelo-Camargo-Ag.Br_.webp.webp?fit=1170%2C700&ssl=1&resize=700%2C400 2x, https:\/\/i0.wp.com\/noticiasribeiraopreto.com.br\/wp-content\/uploads\/2025\/10\/mega-sena-Marcelo-Camargo-Ag.Br_.webp.webp?fit=1170%2C700&ssl=1&resize=1050%2C600 3x"},"classes":[]},{"id":78319,"url":"https:\/\/noticiasribeiraopreto.com.br\/index.php\/2025\/10\/08\/usp-tem-concurso-publico-com-salarios-de-ate-r-11-mil-e-vaga-em-ribeirao-preto\/","url_meta":{"origin":79353,"position":1},"title":"USP tem concurso p\u00fablico com sal\u00e1rios de at\u00e9 R$ 11 mil e vaga em Ribeir\u00e3o Preto","author":"noticiasribeiraopreto.com.br","date":"8 de October de 2025","format":false,"excerpt":"A USP (Universidade de S\u00e3o Paulo) publicou 10 editais de concurso p\u00fablico com 12 vagas e oportunidades para diversos campi, incluindo o de Ribeir\u00e3o Preto. As inscri\u00e7\u00f5es come\u00e7am no dia 13 de outubro e os sal\u00e1rios variam entre R$ 6 mil e R$ 11 mil. Edital 64\/2025 Enfermeiro (especialidade obstetr\u00edcia).\u2026","rel":"","context":"In &quot;Not\u00edcias de Ribeir\u00e3o Preto-SP e Regi\u00e3o&quot;","block_context":{"text":"Not\u00edcias de Ribeir\u00e3o Preto-SP e Regi\u00e3o","link":"https:\/\/noticiasribeiraopreto.com.br\/index.php\/category\/noticias-de-ribeirao-preto-sp-e-regiao-ismael-colosi\/"},"img":{"alt_text":"","src":"https:\/\/i0.wp.com\/noticiasribeiraopreto.com.br\/wp-content\/uploads\/2025\/09\/Copia-de-Copia-de-TAMANHO-EXATO-PARA-FOTOS-NO-SISTEMA-NOVO-6_2024-06-11_13-40-15_jpg_2024-06-11_13-40-15.webp.webp?fit=1200%2C675&ssl=1&resize=350%2C200","width":350,"height":200,"srcset":"https:\/\/i0.wp.com\/noticiasribeiraopreto.com.br\/wp-content\/uploads\/2025\/09\/Copia-de-Copia-de-TAMANHO-EXATO-PARA-FOTOS-NO-SISTEMA-NOVO-6_2024-06-11_13-40-15_jpg_2024-06-11_13-40-15.webp.webp?fit=1200%2C675&ssl=1&resize=350%2C200 1x, https:\/\/i0.wp.com\/noticiasribeiraopreto.com.br\/wp-content\/uploads\/2025\/09\/Copia-de-Copia-de-TAMANHO-EXATO-PARA-FOTOS-NO-SISTEMA-NOVO-6_2024-06-11_13-40-15_jpg_2024-06-11_13-40-15.webp.webp?fit=1200%2C675&ssl=1&resize=525%2C300 1.5x, https:\/\/i0.wp.com\/noticiasribeiraopreto.com.br\/wp-content\/uploads\/2025\/09\/Copia-de-Copia-de-TAMANHO-EXATO-PARA-FOTOS-NO-SISTEMA-NOVO-6_2024-06-11_13-40-15_jpg_2024-06-11_13-40-15.webp.webp?fit=1200%2C675&ssl=1&resize=700%2C400 2x, https:\/\/i0.wp.com\/noticiasribeiraopreto.com.br\/wp-content\/uploads\/2025\/09\/Copia-de-Copia-de-TAMANHO-EXATO-PARA-FOTOS-NO-SISTEMA-NOVO-6_2024-06-11_13-40-15_jpg_2024-06-11_13-40-15.webp.webp?fit=1200%2C675&ssl=1&resize=1050%2C600 3x"},"classes":[]},{"id":13021,"url":"https:\/\/noticiasribeiraopreto.com.br\/index.php\/2023\/12\/08\/banco-central-anuncia-pix-automatico-para-outubro-de-2024-meu-valor-digital\/","url_meta":{"origin":79353,"position":2},"title":"Banco Central anuncia Pix autom\u00e1tico para outubro de 2024 &#8211; Meu Valor Digital","author":"noticiasribeiraopreto.com.br","date":"8 de December de 2023","format":false,"excerpt":"Nesta quinta-feira (07) o Banco Central anunciou que o Pix autom\u00e1tico vai come\u00e7ar a operar em 28 de outubro de 2024. Isso vai permitir que os usu\u00e1rios possam programar transa\u00e7\u00f5es autom\u00e1ticas e recorrentes. Ser\u00e1 poss\u00edvel agendar previamente pagamentos que o cliente j\u00e1 sabe que precisar\u00e1 fazer com as empresas. Voc\u00ea\u2026","rel":"","context":"In &quot;Vagas de Emprego em Ribeir\u00e3o Preto-SP&quot;","block_context":{"text":"Vagas de Emprego em Ribeir\u00e3o Preto-SP","link":"https:\/\/noticiasribeiraopreto.com.br\/index.php\/category\/empregos-classificados-vagas-trabalho\/vagas-de-empregos-em-ribeirao-preto-regiao-brasil\/"},"img":{"alt_text":"","src":"https:\/\/i0.wp.com\/noticiasribeiraopreto.com.br\/wp-content\/uploads\/2023\/12\/PIX-1.jpg?fit=1200%2C773&ssl=1&resize=350%2C200","width":350,"height":200,"srcset":"https:\/\/i0.wp.com\/noticiasribeiraopreto.com.br\/wp-content\/uploads\/2023\/12\/PIX-1.jpg?fit=1200%2C773&ssl=1&resize=350%2C200 1x, https:\/\/i0.wp.com\/noticiasribeiraopreto.com.br\/wp-content\/uploads\/2023\/12\/PIX-1.jpg?fit=1200%2C773&ssl=1&resize=525%2C300 1.5x, https:\/\/i0.wp.com\/noticiasribeiraopreto.com.br\/wp-content\/uploads\/2023\/12\/PIX-1.jpg?fit=1200%2C773&ssl=1&resize=700%2C400 2x, https:\/\/i0.wp.com\/noticiasribeiraopreto.com.br\/wp-content\/uploads\/2023\/12\/PIX-1.jpg?fit=1200%2C773&ssl=1&resize=1050%2C600 3x"},"classes":[]},{"id":10732,"url":"https:\/\/noticiasribeiraopreto.com.br\/index.php\/2023\/12\/05\/jumil-justino-de-morais-irmaos-s-a-ata-da-reuniao-do-conselho-de-administracao-realizada-em-17-de-outubro-de-2023\/","url_meta":{"origin":79353,"position":3},"title":"Jumil \u2013 Justino de Morais, Irm\u00e3os S\/A \u2013 Ata da Reuni\u00e3o do Conselho de Administra\u00e7\u00e3o realizada em 17 de outubro de 2023","author":"noticiasribeiraopreto.com.br","date":"5 de December de 2023","format":false,"excerpt":"O post Jumil \u2013 Justino de Morais, Irm\u00e3os S\/A \u2013 Ata da Reuni\u00e3o do Conselho de Administra\u00e7\u00e3o realizada em 17 de outubro de 2023 apareceu primeiro em Jornal Tribuna Ribeir\u00e3o. Source link","rel":"","context":"In &quot;Not\u00edcias de Ribeir\u00e3o Preto-SP e Regi\u00e3o&quot;","block_context":{"text":"Not\u00edcias de Ribeir\u00e3o Preto-SP e Regi\u00e3o","link":"https:\/\/noticiasribeiraopreto.com.br\/index.php\/category\/noticias-de-ribeirao-preto-sp-e-regiao-ismael-colosi\/"},"img":{"alt_text":"","src":"https:\/\/i0.wp.com\/noticiasribeiraopreto.com.br\/wp-content\/uploads\/2023\/12\/publicidade-legal.png?fit=700%2C450&ssl=1&resize=350%2C200","width":350,"height":200,"srcset":"https:\/\/i0.wp.com\/noticiasribeiraopreto.com.br\/wp-content\/uploads\/2023\/12\/publicidade-legal.png?fit=700%2C450&ssl=1&resize=350%2C200 1x, https:\/\/i0.wp.com\/noticiasribeiraopreto.com.br\/wp-content\/uploads\/2023\/12\/publicidade-legal.png?fit=700%2C450&ssl=1&resize=525%2C300 1.5x, https:\/\/i0.wp.com\/noticiasribeiraopreto.com.br\/wp-content\/uploads\/2023\/12\/publicidade-legal.png?fit=700%2C450&ssl=1&resize=700%2C400 2x"},"classes":[]},{"id":1031,"url":"https:\/\/noticiasribeiraopreto.com.br\/index.php\/2023\/11\/10\/autovias-s-a-ata-de-assembleia-geral-extraordinaria-realizada-em-10-de-outubro-de-2023\/","url_meta":{"origin":79353,"position":4},"title":"Autovias S.A. \u2013 Ata de Assembleia Geral Extraordin\u00e1ria realizada em 10 de outubro de 2023","author":"noticiasribeiraopreto.com.br","date":"10 de November de 2023","format":false,"excerpt":"O post Autovias S.A. \u2013 Ata de Assembleia Geral Extraordin\u00e1ria realizada em 10 de outubro de 2023 apareceu primeiro em Jornal Tribuna Ribeir\u00e3o. Source link","rel":"","context":"In &quot;Not\u00edcias de Ribeir\u00e3o Preto-SP e Regi\u00e3o&quot;","block_context":{"text":"Not\u00edcias de Ribeir\u00e3o Preto-SP e Regi\u00e3o","link":"https:\/\/noticiasribeiraopreto.com.br\/index.php\/category\/noticias-de-ribeirao-preto-sp-e-regiao-ismael-colosi\/"},"img":{"alt_text":"","src":"https:\/\/i0.wp.com\/noticiasribeiraopreto.com.br\/wp-content\/uploads\/2023\/11\/pdfdownload.png?fit=1000%2C268&ssl=1&resize=350%2C200","width":350,"height":200,"srcset":"https:\/\/i0.wp.com\/noticiasribeiraopreto.com.br\/wp-content\/uploads\/2023\/11\/pdfdownload.png?fit=1000%2C268&ssl=1&resize=350%2C200 1x, https:\/\/i0.wp.com\/noticiasribeiraopreto.com.br\/wp-content\/uploads\/2023\/11\/pdfdownload.png?fit=1000%2C268&ssl=1&resize=525%2C300 1.5x, https:\/\/i0.wp.com\/noticiasribeiraopreto.com.br\/wp-content\/uploads\/2023\/11\/pdfdownload.png?fit=1000%2C268&ssl=1&resize=700%2C400 2x"},"classes":[]},{"id":58837,"url":"https:\/\/noticiasribeiraopreto.com.br\/index.php\/2024\/10\/07\/semana-da-crianca-veja-a-programacao-cultural-em-ribeirao-preto-e-regiao\/","url_meta":{"origin":79353,"position":5},"title":"Semana da crian\u00e7a: Veja a programa\u00e7\u00e3o cultural em Ribeir\u00e3o Preto e regi\u00e3o","author":"noticiasribeiraopreto.com.br","date":"7 de October de 2024","format":false,"excerpt":"Al\u00e9m do feriado de Nossa Senhora Aparecida, o Dia das Crian\u00e7as tamb\u00e9m \u00e9 comemorado no pr\u00f3ximo 12 de outubro. Ribeir\u00e3o Preto e regi\u00e3o contam com uma programa\u00e7\u00e3o cultural com diversas atividades para aqueles que desejam se divertir ao lado dos pequenos. Confira: 1. Museu Casa de Portinari \u201cBrinCandinho\u201d \u2013 \u00c9\u2026","rel":"","context":"In &quot;Not\u00edcias de Ribeir\u00e3o Preto-SP e Regi\u00e3o&quot;","block_context":{"text":"Not\u00edcias de Ribeir\u00e3o Preto-SP e Regi\u00e3o","link":"https:\/\/noticiasribeiraopreto.com.br\/index.php\/category\/noticias-de-ribeirao-preto-sp-e-regiao-ismael-colosi\/"},"img":{"alt_text":"","src":"https:\/\/i0.wp.com\/noticiasribeiraopreto.com.br\/wp-content\/uploads\/2024\/10\/brincadeiras-antigas-amarelinha_2024-10-07_13-35-36_jpg_2024-10-07_13-35-36.webp.webp?fit=1200%2C800&ssl=1&resize=350%2C200","width":350,"height":200,"srcset":"https:\/\/i0.wp.com\/noticiasribeiraopreto.com.br\/wp-content\/uploads\/2024\/10\/brincadeiras-antigas-amarelinha_2024-10-07_13-35-36_jpg_2024-10-07_13-35-36.webp.webp?fit=1200%2C800&ssl=1&resize=350%2C200 1x, https:\/\/i0.wp.com\/noticiasribeiraopreto.com.br\/wp-content\/uploads\/2024\/10\/brincadeiras-antigas-amarelinha_2024-10-07_13-35-36_jpg_2024-10-07_13-35-36.webp.webp?fit=1200%2C800&ssl=1&resize=525%2C300 1.5x, https:\/\/i0.wp.com\/noticiasribeiraopreto.com.br\/wp-content\/uploads\/2024\/10\/brincadeiras-antigas-amarelinha_2024-10-07_13-35-36_jpg_2024-10-07_13-35-36.webp.webp?fit=1200%2C800&ssl=1&resize=700%2C400 2x, https:\/\/i0.wp.com\/noticiasribeiraopreto.com.br\/wp-content\/uploads\/2024\/10\/brincadeiras-antigas-amarelinha_2024-10-07_13-35-36_jpg_2024-10-07_13-35-36.webp.webp?fit=1200%2C800&ssl=1&resize=1050%2C600 3x"},"classes":[]}],"jetpack_sharing_enabled":true,"jetpack_shortlink":"https:\/\/wp.me\/peQAOb-kDT","_links":{"self":[{"href":"https:\/\/noticiasribeiraopreto.com.br\/index.php\/wp-json\/wp\/v2\/posts\/79353","targetHints":{"allow":["GET"]}}],"collection":[{"href":"https:\/\/noticiasribeiraopreto.com.br\/index.php\/wp-json\/wp\/v2\/posts"}],"about":[{"href":"https:\/\/noticiasribeiraopreto.com.br\/index.php\/wp-json\/wp\/v2\/types\/post"}],"author":[{"embeddable":true,"href":"https:\/\/noticiasribeiraopreto.com.br\/index.php\/wp-json\/wp\/v2\/users\/1"}],"replies":[{"embeddable":true,"href":"https:\/\/noticiasribeiraopreto.com.br\/index.php\/wp-json\/wp\/v2\/comments?post=79353"}],"version-history":[{"count":0,"href":"https:\/\/noticiasribeiraopreto.com.br\/index.php\/wp-json\/wp\/v2\/posts\/79353\/revisions"}],"wp:featuredmedia":[{"embeddable":true,"href":"https:\/\/noticiasribeiraopreto.com.br\/index.php\/wp-json\/wp\/v2\/media\/79354"}],"wp:attachment":[{"href":"https:\/\/noticiasribeiraopreto.com.br\/index.php\/wp-json\/wp\/v2\/media?parent=79353"}],"wp:term":[{"taxonomy":"category","embeddable":true,"href":"https:\/\/noticiasribeiraopreto.com.br\/index.php\/wp-json\/wp\/v2\/categories?post=79353"},{"taxonomy":"post_tag","embeddable":true,"href":"https:\/\/noticiasribeiraopreto.com.br\/index.php\/wp-json\/wp\/v2\/tags?post=79353"}],"curies":[{"name":"wp","href":"https:\/\/api.w.org\/{rel}","templated":true}]}}