{"id":79355,"date":"2025-10-30T09:52:23","date_gmt":"2025-10-30T12:52:23","guid":{"rendered":"https:\/\/noticiasribeiraopreto.com.br\/index.php\/2025\/10\/30\/justica-aponta-negligencia-e-condena-clube-por-morte-de-jogador-de-rp\/"},"modified":"2025-10-30T09:52:23","modified_gmt":"2025-10-30T12:52:23","slug":"justica-aponta-negligencia-e-condena-clube-por-morte-de-jogador-de-rp","status":"publish","type":"post","link":"https:\/\/noticiasribeiraopreto.com.br\/index.php\/2025\/10\/30\/justica-aponta-negligencia-e-condena-clube-por-morte-de-jogador-de-rp\/","title":{"rendered":"Justi\u00e7a aponta neglig\u00eancia e condena clube por morte de jogador de RP"},"content":{"rendered":"<p> <br \/>\n<\/p>\n<div id=\"\">\n<p>\n\t\t\t\t\t\t\t\t\t<span class=\"entry-meta-item penci-posted-on\"><i class=\"fa fa-clock-o\"\/><time class=\"entry-date published\" datetime=\"2025-10-30T09:45:25-03:00\">30 de outubro de 2025 09:45<\/time><time class=\"updated\" datetime=\"2025-10-30T08:24:39-03:00\">30 de outubro de 2025 08:24<\/time><\/span><span class=\"entry-meta-item penci-post-countview\"><span class=\"entry-meta-item penci-post-countview penci_post-meta_item\"><i class=\"fa fa-eye\"\/><span class=\"penci-post-countview-number penci-post-countview-p444661\">10<\/span><\/span><\/span>\t\t\t\t\t\t\t\t<\/p>\n<p><!-- .entry-meta --><br \/>\n\t\t\t\t\t\t\t\t<span class=\"penci-social-buttons penci-social-share-footer\"><span class=\"penci-social-share-text\">Compartilhar<\/span><a href=\"#\" class=\"penci-post-like penci_post-meta_item  single-like-button penci-social-item like\" data-post_id=\"444661\" title=\"Like\" data-like=\"Like\" data-unlike=\"Unlike\"><i class=\"fa fa-thumbs-o-up\"\/><span class=\"penci-share-number\">0<\/span><\/a><i class=\"fa fa-facebook\"\/><a class=\"penci-social-item twitter\" target=\"_blank\" rel=\"noopener\" title=\"\" href=\"https:\/\/twitter.com\/intent\/tweet?text=Justi\u00e7a%20aponta%20neglig\u00eancia%20e%20condena%20clube%20por%20morte%20de%20jogador%20de%20RP%20-%20https:\/\/www.tribunaribeirao.com.br\/justica-aponta-negligencia-e-condena-clube-por-morte-de-jogador-de-rp\/\"><i class=\"fa fa-twitter\"\/><\/a><i class=\"fa fa-linkedin\"\/><i class=\"fa fa-whatsapp\"\/><i class=\"fa fa-telegram\"\/><i class=\"fa fa-envelope\"\/><\/span>\t\t\t\t\t\t\t<\/div>\n<div>\n<p><em>Eduardo Felipe de Ara\u00fajo Lima, conhecido como Dudu, morreu em 2015, aos 19 anos<\/em><\/p>\n<p>Pr\u00f3ximo advers\u00e1rio do Botafogo na S\u00e9rie B do Campeonato Brasileiro, o Volta Redonda foi condenado pela Justi\u00e7a do Trabalho do Rio de Janeiro, neste m\u00eas, a pagar uma indeniza\u00e7\u00e3o de R$ 242,5 mil aos pais do ribeir\u00e3o-pretano Eduardo Felipe de Ara\u00fajo Lima, ex-jogador da base do clube que morreu em 2015, aos 19 anos de idade.<\/p>\n<p>No processo movido por Eduardo L\u00facio de Lima e Josicl\u00e9ia Leite de Ara\u00fajo, a conclus\u00e3o foi que o Volta Redonda agiu com neglig\u00eancia ao n\u00e3o garantir o atendimento m\u00e9dico adequado e imediato, descumprindo seu dever de cuidado com os jovens sob sua responsabilidade.<br \/>\u201cFicou comprovado que o atleta foi exposto a condi\u00e7\u00f5es inseguras e \u00e0 falta de cuidado m\u00e9dico. O reconhecimento da doen\u00e7a laboral representa uma vit\u00f3ria da justi\u00e7a e da verdade\u201d, destacou a advogada Poliana Beordo, que atuou na defesa da fam\u00edlia.<\/p>\n<p><strong>Relembre o caso<\/strong><\/p>\n<p>Dudu, como era conhecido, nasceu em 1995, em Ribeir\u00e3o Preto, e passou pelas categorias de base de Botafogo e Palmeiras antes de chegar ao Volta\u00e7o, em 2014. Em mar\u00e7o do ano seguinte, o atleta apresentou sinais compat\u00edveis com dengue, conforme confirmado posteriormente por exames. Ele ainda atuou em tr\u00eas partidas depois do in\u00edcio dos primeiros sintomas.<\/p>\n<p>O ribeir\u00e3o-pretano continuou escalado para as atividades e n\u00e3o teria passado por acompanhamento m\u00e9dico adequado, sem afastamento das atividades f\u00edsicas intensas. No in\u00edcio de abril, Dudu voltou de \u00f4nibus para Ribeir\u00e3o Preto. Ele foi internado no come\u00e7o do m\u00eas seguinte e morreu 12 dias depois, em 16 de maio, v\u00edtima de infec\u00e7\u00e3o generalizada decorrente de uma broncopneumonia, na Santa Casa da cidade.<\/p>\n<p>De acordo com a defesa da fam\u00edlia, a per\u00edcia judicial confirmou que a manuten\u00e7\u00e3o dos treinos durante a infec\u00e7\u00e3o resultou em agravamento do quadro de sa\u00fade, o que levou o jovem a uma inj\u00faria renal aguda e culminou em sua morte.<\/p>\n<p>O TRT-RJ reconheceu que o caso configura doen\u00e7a laboral por conta do agravamento da doen\u00e7a em raz\u00e3o direta das condi\u00e7\u00f5es de trabalho e da omiss\u00e3o do clube em afastar o atleta e garantir o tratamento necess\u00e1rio. Desta forma, o Volta Redonda foi condenado ao pagamento de indeniza\u00e7\u00e3o por danos morais e materiais aos pais de Dudu.<\/p>\n<p>\u201cNenhum valor compensa a perda de um filho, mas decis\u00f5es como esta ajudam a transformar a dor em mudan\u00e7a. Que o caso de Dudu sirva de alerta para que clubes e institui\u00e7\u00f5es priorizem a vida acima de qualquer resultado\u201d, completou Poliana Beordo.<\/p>\n<p><!-- CONTENT END 3 -->\n<\/div>\n<p><script async src=\"\/\/platform.twitter.com\/widgets.js\" charset=\"utf-8\"><\/script><br \/>\n<br \/><br \/>\n<br \/><a href=\"https:\/\/www.tribunaribeirao.com.br\/justica-aponta-negligencia-e-condena-clube-por-morte-de-jogador-de-rp\/\">Source link <\/a><\/p>\n","protected":false},"excerpt":{"rendered":"<p>30 de outubro de 2025 09:4530 de outubro de 2025 08:2410 Compartilhar0 Eduardo Felipe de Ara\u00fajo Lima, conhecido como Dudu, morreu em 2015, aos 19&#8230;<\/p>\n","protected":false},"author":1,"featured_media":79356,"comment_status":"open","ping_status":"open","sticky":false,"template":"","format":"standard","meta":{"advanced_seo_description":"","jetpack_seo_html_title":"","jetpack_seo_noindex":false,"jetpack_post_was_ever_published":false,"_jetpack_newsletter_access":"","_jetpack_dont_email_post_to_subs":false,"_jetpack_newsletter_tier_id":0,"_jetpack_memberships_contains_paywalled_content":false,"_jetpack_memberships_contains_paid_content":false,"footnotes":"","jetpack_publicize_message":"","jetpack_publicize_feature_enabled":true,"jetpack_social_post_already_shared":true,"jetpack_social_options":{"image_generator_settings":{"template":"highway","default_image_id":0,"font":"","enabled":false},"version":2}},"categories":[11],"tags":[],"class_list":["post-79355","post","type-post","status-publish","format-standard","has-post-thumbnail","hentry","category-noticias-de-ribeirao-preto-sp-e-regiao-ismael-colosi"],"jetpack_publicize_connections":[],"jetpack_featured_media_url":"https:\/\/i0.wp.com\/noticiasribeiraopreto.com.br\/wp-content\/uploads\/2025\/10\/2-Dudu-Volta-Redonda-Divulgacao.jpeg?fit=320%2C489&ssl=1","jetpack-related-posts":[{"id":58837,"url":"https:\/\/noticiasribeiraopreto.com.br\/index.php\/2024\/10\/07\/semana-da-crianca-veja-a-programacao-cultural-em-ribeirao-preto-e-regiao\/","url_meta":{"origin":79355,"position":0},"title":"Semana da crian\u00e7a: Veja a programa\u00e7\u00e3o cultural em Ribeir\u00e3o Preto e regi\u00e3o","author":"noticiasribeiraopreto.com.br","date":"7 de October de 2024","format":false,"excerpt":"Al\u00e9m do feriado de Nossa Senhora Aparecida, o Dia das Crian\u00e7as tamb\u00e9m \u00e9 comemorado no pr\u00f3ximo 12 de outubro. Ribeir\u00e3o Preto e regi\u00e3o contam com uma programa\u00e7\u00e3o cultural com diversas atividades para aqueles que desejam se divertir ao lado dos pequenos. Confira: 1. Museu Casa de Portinari \u201cBrinCandinho\u201d \u2013 \u00c9\u2026","rel":"","context":"In &quot;Not\u00edcias de Ribeir\u00e3o Preto-SP e Regi\u00e3o&quot;","block_context":{"text":"Not\u00edcias de Ribeir\u00e3o Preto-SP e Regi\u00e3o","link":"https:\/\/noticiasribeiraopreto.com.br\/index.php\/category\/noticias-de-ribeirao-preto-sp-e-regiao-ismael-colosi\/"},"img":{"alt_text":"","src":"https:\/\/i0.wp.com\/noticiasribeiraopreto.com.br\/wp-content\/uploads\/2024\/10\/brincadeiras-antigas-amarelinha_2024-10-07_13-35-36_jpg_2024-10-07_13-35-36.webp.webp?fit=1200%2C800&ssl=1&resize=350%2C200","width":350,"height":200,"srcset":"https:\/\/i0.wp.com\/noticiasribeiraopreto.com.br\/wp-content\/uploads\/2024\/10\/brincadeiras-antigas-amarelinha_2024-10-07_13-35-36_jpg_2024-10-07_13-35-36.webp.webp?fit=1200%2C800&ssl=1&resize=350%2C200 1x, https:\/\/i0.wp.com\/noticiasribeiraopreto.com.br\/wp-content\/uploads\/2024\/10\/brincadeiras-antigas-amarelinha_2024-10-07_13-35-36_jpg_2024-10-07_13-35-36.webp.webp?fit=1200%2C800&ssl=1&resize=525%2C300 1.5x, https:\/\/i0.wp.com\/noticiasribeiraopreto.com.br\/wp-content\/uploads\/2024\/10\/brincadeiras-antigas-amarelinha_2024-10-07_13-35-36_jpg_2024-10-07_13-35-36.webp.webp?fit=1200%2C800&ssl=1&resize=700%2C400 2x, https:\/\/i0.wp.com\/noticiasribeiraopreto.com.br\/wp-content\/uploads\/2024\/10\/brincadeiras-antigas-amarelinha_2024-10-07_13-35-36_jpg_2024-10-07_13-35-36.webp.webp?fit=1200%2C800&ssl=1&resize=1050%2C600 3x"},"classes":[]},{"id":78187,"url":"https:\/\/noticiasribeiraopreto.com.br\/index.php\/2025\/10\/03\/rp-mobi-altera-horarios-de-11-linhas-de-onibus-a-partir-deste-sabado-confira\/","url_meta":{"origin":79355,"position":1},"title":"RP Mobi altera hor\u00e1rios de 11 linhas de \u00f4nibus a partir deste s\u00e1bado; Confira","author":"noticiasribeiraopreto.com.br","date":"3 de October de 2025","format":false,"excerpt":"A RP Mobi, empresa que gerencia o transporte urbano de Ribeir\u00e3o Preto, informou que a os quadros de hor\u00e1rios de 11 linhas ser\u00e3o alterados ou ampliados a partir deste s\u00e1bado (4). O objetivo, segundo a Prefeitura Municipal, \u00e9 adequar a oferta de viagens \u00e0 demanda dos usu\u00e1rios, garantindo mais op\u00e7\u00f5es\u2026","rel":"","context":"In &quot;Not\u00edcias de Ribeir\u00e3o Preto-SP e Regi\u00e3o&quot;","block_context":{"text":"Not\u00edcias de Ribeir\u00e3o Preto-SP e Regi\u00e3o","link":"https:\/\/noticiasribeiraopreto.com.br\/index.php\/category\/noticias-de-ribeirao-preto-sp-e-regiao-ismael-colosi\/"},"img":{"alt_text":"","src":"https:\/\/i0.wp.com\/noticiasribeiraopreto.com.br\/wp-content\/uploads\/2025\/10\/linhaonibus__2025-10-03_18-15-05.webp.webp?fit=1200%2C800&ssl=1&resize=350%2C200","width":350,"height":200,"srcset":"https:\/\/i0.wp.com\/noticiasribeiraopreto.com.br\/wp-content\/uploads\/2025\/10\/linhaonibus__2025-10-03_18-15-05.webp.webp?fit=1200%2C800&ssl=1&resize=350%2C200 1x, https:\/\/i0.wp.com\/noticiasribeiraopreto.com.br\/wp-content\/uploads\/2025\/10\/linhaonibus__2025-10-03_18-15-05.webp.webp?fit=1200%2C800&ssl=1&resize=525%2C300 1.5x, https:\/\/i0.wp.com\/noticiasribeiraopreto.com.br\/wp-content\/uploads\/2025\/10\/linhaonibus__2025-10-03_18-15-05.webp.webp?fit=1200%2C800&ssl=1&resize=700%2C400 2x, https:\/\/i0.wp.com\/noticiasribeiraopreto.com.br\/wp-content\/uploads\/2025\/10\/linhaonibus__2025-10-03_18-15-05.webp.webp?fit=1200%2C800&ssl=1&resize=1050%2C600 3x"},"classes":[]},{"id":78218,"url":"https:\/\/noticiasribeiraopreto.com.br\/index.php\/2025\/10\/04\/ribeirao-oferece-mais-de-mil-vagas-gratuitas-para-exames-de-mamografia-veja-como-se-inscrever\/","url_meta":{"origin":79355,"position":2},"title":"Ribeir\u00e3o oferece mais de mil vagas gratuitas para exames de mamografia; Veja como se inscrever","author":"noticiasribeiraopreto.com.br","date":"4 de October de 2025","format":false,"excerpt":"A Prefeitura de Ribeir\u00e3o Preto oferece 1.200 vagas para exames de mamografia gratuitos. A iniciativa integra a campanha Outubro Rosa 2025, que tamb\u00e9m contar\u00e1 com a\u00e7\u00f5es de conscientiza\u00e7\u00e3o e atividades nas unidades de sa\u00fade. As vagas s\u00e3o voltadas a mulheres e homens transexuais, com idade entre 40 e 74 anos,\u2026","rel":"","context":"In &quot;Not\u00edcias de Ribeir\u00e3o Preto-SP e Regi\u00e3o&quot;","block_context":{"text":"Not\u00edcias de Ribeir\u00e3o Preto-SP e Regi\u00e3o","link":"https:\/\/noticiasribeiraopreto.com.br\/index.php\/category\/noticias-de-ribeirao-preto-sp-e-regiao-ismael-colosi\/"},"img":{"alt_text":"","src":"https:\/\/i0.wp.com\/noticiasribeiraopreto.com.br\/wp-content\/uploads\/2025\/10\/world-cancer-day-awareness-with-patient_2024-10-01_19-29-50_jpg_2024-10-01_19-29-52-1024x683.webp.webp?fit=1024%2C683&ssl=1&resize=350%2C200","width":350,"height":200,"srcset":"https:\/\/i0.wp.com\/noticiasribeiraopreto.com.br\/wp-content\/uploads\/2025\/10\/world-cancer-day-awareness-with-patient_2024-10-01_19-29-50_jpg_2024-10-01_19-29-52-1024x683.webp.webp?fit=1024%2C683&ssl=1&resize=350%2C200 1x, https:\/\/i0.wp.com\/noticiasribeiraopreto.com.br\/wp-content\/uploads\/2025\/10\/world-cancer-day-awareness-with-patient_2024-10-01_19-29-50_jpg_2024-10-01_19-29-52-1024x683.webp.webp?fit=1024%2C683&ssl=1&resize=525%2C300 1.5x, https:\/\/i0.wp.com\/noticiasribeiraopreto.com.br\/wp-content\/uploads\/2025\/10\/world-cancer-day-awareness-with-patient_2024-10-01_19-29-50_jpg_2024-10-01_19-29-52-1024x683.webp.webp?fit=1024%2C683&ssl=1&resize=700%2C400 2x"},"classes":[]},{"id":78070,"url":"https:\/\/noticiasribeiraopreto.com.br\/index.php\/2025\/10\/01\/clima-em-outubro-veja-quando-tem-previsao-de-chuva-no-estado-de-sp\/","url_meta":{"origin":79355,"position":3},"title":"Clima em outubro: Veja quando tem previs\u00e3o de chuva no estado de SP","author":"noticiasribeiraopreto.com.br","date":"1 de October de 2025","format":false,"excerpt":"O m\u00eas de outubro come\u00e7ou quente no estado de S\u00e3o Paulo, com temperaturas perto da casa dos 40\u00b0C em algumas regi\u00f5es. Segundo a Climatempo, nestes primeiros seis dias do m\u00eas, o predom\u00ednio deve ser de sol e calor, com pouca ou nenhuma chuva. \u00a0 Na primeira quinzena de outubro est\u00e3o\u2026","rel":"","context":"In &quot;Not\u00edcias de Ribeir\u00e3o Preto-SP e Regi\u00e3o&quot;","block_context":{"text":"Not\u00edcias de Ribeir\u00e3o Preto-SP e Regi\u00e3o","link":"https:\/\/noticiasribeiraopreto.com.br\/index.php\/category\/noticias-de-ribeirao-preto-sp-e-regiao-ismael-colosi\/"},"img":{"alt_text":"","src":"https:\/\/i0.wp.com\/noticiasribeiraopreto.com.br\/wp-content\/uploads\/2025\/10\/sudeste-Chuva-Outubro-2025_2025-10-01_17-29-44.webp.webp?fit=1200%2C675&ssl=1&resize=350%2C200","width":350,"height":200,"srcset":"https:\/\/i0.wp.com\/noticiasribeiraopreto.com.br\/wp-content\/uploads\/2025\/10\/sudeste-Chuva-Outubro-2025_2025-10-01_17-29-44.webp.webp?fit=1200%2C675&ssl=1&resize=350%2C200 1x, https:\/\/i0.wp.com\/noticiasribeiraopreto.com.br\/wp-content\/uploads\/2025\/10\/sudeste-Chuva-Outubro-2025_2025-10-01_17-29-44.webp.webp?fit=1200%2C675&ssl=1&resize=525%2C300 1.5x, https:\/\/i0.wp.com\/noticiasribeiraopreto.com.br\/wp-content\/uploads\/2025\/10\/sudeste-Chuva-Outubro-2025_2025-10-01_17-29-44.webp.webp?fit=1200%2C675&ssl=1&resize=700%2C400 2x, https:\/\/i0.wp.com\/noticiasribeiraopreto.com.br\/wp-content\/uploads\/2025\/10\/sudeste-Chuva-Outubro-2025_2025-10-01_17-29-44.webp.webp?fit=1200%2C675&ssl=1&resize=1050%2C600 3x"},"classes":[]},{"id":15438,"url":"https:\/\/noticiasribeiraopreto.com.br\/index.php\/2023\/12\/13\/volume-de-servicos-recua-06-em-outubro-revela-ibge\/","url_meta":{"origin":79355,"position":4},"title":"Volume de servi\u00e7os recua 0,6% em outubro, revela IBGE \u2013 Folha de Ribeir\u00e3o","author":"noticiasribeiraopreto.com.br","date":"13 de December de 2023","format":false,"excerpt":"O volume de servi\u00e7os no pa\u00eds caiu 0,6% em outubro deste ano, na compara\u00e7\u00e3o com setembro. Essa foi a terceira queda consecutiva do indicador, que acumula perdas de 2,3% em tr\u00eas meses. Os dados s\u00e3o da Pesquisa Mensal de Servi\u00e7os (PMS), divulgada nesta quarta-feira (13), no Rio de Janeiro, pelo\u2026","rel":"","context":"In &quot;Not\u00edcias de Ribeir\u00e3o Preto-SP e Regi\u00e3o&quot;","block_context":{"text":"Not\u00edcias de Ribeir\u00e3o Preto-SP e Regi\u00e3o","link":"https:\/\/noticiasribeiraopreto.com.br\/index.php\/category\/noticias-de-ribeirao-preto-sp-e-regiao-ismael-colosi\/"},"img":{"alt_text":"","src":"","width":0,"height":0},"classes":[]},{"id":79141,"url":"https:\/\/noticiasribeiraopreto.com.br\/index.php\/2025\/10\/25\/inflacao-desacelera-a-018-em-outubro\/","url_meta":{"origin":79355,"position":5},"title":"Infla\u00e7\u00e3o desacelera a 0,18% em outubro","author":"noticiasribeiraopreto.com.br","date":"25 de October de 2025","format":false,"excerpt":"O \u00cdndice Nacional de Pre\u00e7os ao Consumidor Amplo 15 \u2013 pr\u00e9via da infla\u00e7\u00e3o oficial no pa\u00eds \u2013 desacelerou de 0,48% em setembro para 0,18% em outubro, 0,30 ponto percentual abaixo. Foi a segunda alta seguida, ap\u00f3s defla\u00e7\u00e3o de 0,14% em agosto. Houve aumento de 0,33% em julho, ap\u00f3s taxas de\u2026","rel":"","context":"In &quot;Not\u00edcias de Ribeir\u00e3o Preto-SP e Regi\u00e3o&quot;","block_context":{"text":"Not\u00edcias de Ribeir\u00e3o Preto-SP e Regi\u00e3o","link":"https:\/\/noticiasribeiraopreto.com.br\/index.php\/category\/noticias-de-ribeirao-preto-sp-e-regiao-ismael-colosi\/"},"img":{"alt_text":"","src":"https:\/\/i0.wp.com\/noticiasribeiraopreto.com.br\/wp-content\/uploads\/2025\/10\/pexels-daniel-dan-47825192-7623480-scaled.jpg?fit=1170%2C780&ssl=1&resize=350%2C200","width":350,"height":200,"srcset":"https:\/\/i0.wp.com\/noticiasribeiraopreto.com.br\/wp-content\/uploads\/2025\/10\/pexels-daniel-dan-47825192-7623480-scaled.jpg?fit=1170%2C780&ssl=1&resize=350%2C200 1x, https:\/\/i0.wp.com\/noticiasribeiraopreto.com.br\/wp-content\/uploads\/2025\/10\/pexels-daniel-dan-47825192-7623480-scaled.jpg?fit=1170%2C780&ssl=1&resize=525%2C300 1.5x, https:\/\/i0.wp.com\/noticiasribeiraopreto.com.br\/wp-content\/uploads\/2025\/10\/pexels-daniel-dan-47825192-7623480-scaled.jpg?fit=1170%2C780&ssl=1&resize=700%2C400 2x, https:\/\/i0.wp.com\/noticiasribeiraopreto.com.br\/wp-content\/uploads\/2025\/10\/pexels-daniel-dan-47825192-7623480-scaled.jpg?fit=1170%2C780&ssl=1&resize=1050%2C600 3x"},"classes":[]}],"jetpack_sharing_enabled":true,"jetpack_shortlink":"https:\/\/wp.me\/peQAOb-kDV","_links":{"self":[{"href":"https:\/\/noticiasribeiraopreto.com.br\/index.php\/wp-json\/wp\/v2\/posts\/79355","targetHints":{"allow":["GET"]}}],"collection":[{"href":"https:\/\/noticiasribeiraopreto.com.br\/index.php\/wp-json\/wp\/v2\/posts"}],"about":[{"href":"https:\/\/noticiasribeiraopreto.com.br\/index.php\/wp-json\/wp\/v2\/types\/post"}],"author":[{"embeddable":true,"href":"https:\/\/noticiasribeiraopreto.com.br\/index.php\/wp-json\/wp\/v2\/users\/1"}],"replies":[{"embeddable":true,"href":"https:\/\/noticiasribeiraopreto.com.br\/index.php\/wp-json\/wp\/v2\/comments?post=79355"}],"version-history":[{"count":0,"href":"https:\/\/noticiasribeiraopreto.com.br\/index.php\/wp-json\/wp\/v2\/posts\/79355\/revisions"}],"wp:featuredmedia":[{"embeddable":true,"href":"https:\/\/noticiasribeiraopreto.com.br\/index.php\/wp-json\/wp\/v2\/media\/79356"}],"wp:attachment":[{"href":"https:\/\/noticiasribeiraopreto.com.br\/index.php\/wp-json\/wp\/v2\/media?parent=79355"}],"wp:term":[{"taxonomy":"category","embeddable":true,"href":"https:\/\/noticiasribeiraopreto.com.br\/index.php\/wp-json\/wp\/v2\/categories?post=79355"},{"taxonomy":"post_tag","embeddable":true,"href":"https:\/\/noticiasribeiraopreto.com.br\/index.php\/wp-json\/wp\/v2\/tags?post=79355"}],"curies":[{"name":"wp","href":"https:\/\/api.w.org\/{rel}","templated":true}]}}