{"id":79357,"date":"2025-10-30T10:25:10","date_gmt":"2025-10-30T13:25:10","guid":{"rendered":"https:\/\/noticiasribeiraopreto.com.br\/index.php\/2025\/10\/30\/vandalos-roubam-cranios-em-cemiterio-da-regiao\/"},"modified":"2025-10-30T10:25:10","modified_gmt":"2025-10-30T13:25:10","slug":"vandalos-roubam-cranios-em-cemiterio-da-regiao","status":"publish","type":"post","link":"https:\/\/noticiasribeiraopreto.com.br\/index.php\/2025\/10\/30\/vandalos-roubam-cranios-em-cemiterio-da-regiao\/","title":{"rendered":"V\u00e2ndalos roubam cr\u00e2nios em cemit\u00e9rio da regi\u00e3o"},"content":{"rendered":"<p> <br \/>\n<\/p>\n<div id=\"\">\n<h2 class=\"penci-post-subtitle\">Um dos t\u00famulos violados \u00e9 de um idoso sepultado um dia antes, ap\u00f3s lutar contra um c\u00e2ncer<\/h2>\n<p>\n\t\t\t\t\t\t\t\t\t<span class=\"entry-meta-item penci-posted-on\"><i class=\"fa fa-clock-o\"\/><time class=\"entry-date published updated\" datetime=\"2025-10-30T10:23:01-03:00\">30 de outubro de 2025 10:23<\/time><\/span><span class=\"entry-meta-item penci-post-countview\"><span class=\"entry-meta-item penci-post-countview penci_post-meta_item\"><i class=\"fa fa-eye\"\/><span class=\"penci-post-countview-number penci-post-countview-p444705\">1<\/span><\/span><\/span>\t\t\t\t\t\t\t\t<\/p>\n<p><!-- .entry-meta --><br \/>\n\t\t\t\t\t\t\t\t<span class=\"penci-social-buttons penci-social-share-footer\"><span class=\"penci-social-share-text\">Compartilhar<\/span><a href=\"#\" class=\"penci-post-like penci_post-meta_item  single-like-button penci-social-item like\" data-post_id=\"444705\" title=\"Like\" data-like=\"Like\" data-unlike=\"Unlike\"><i class=\"fa fa-thumbs-o-up\"\/><span class=\"penci-share-number\">1<\/span><\/a><i class=\"fa fa-facebook\"\/><a class=\"penci-social-item twitter\" target=\"_blank\" rel=\"noopener\" title=\"\" href=\"https:\/\/twitter.com\/intent\/tweet?text=V\u00e2ndalos%20roubam%20cr\u00e2nios%20em%20cemit\u00e9rio%20da%20regi\u00e3o%20-%20https:\/\/www.tribunaribeirao.com.br\/vandalos-roubam-cranios-em-cemiterio-da-regiao\/\"><i class=\"fa fa-twitter\"\/><\/a><i class=\"fa fa-linkedin\"\/><i class=\"fa fa-whatsapp\"\/><i class=\"fa fa-telegram\"\/><i class=\"fa fa-envelope\"\/><\/span>\t\t\t\t\t\t\t<\/div>\n<div>\n<p>Por: Adalberto Luque<\/p>\n<p>A Pol\u00edcia Civil tenta identificar os respons\u00e1veis pelo furto de dois cr\u00e2nios do Cemit\u00e9rio de Juruc\u00ea, distrito de Jardin\u00f3polis, regi\u00e3o metropolitana de Ribeir\u00e3o Preto. Os furtos foram notados na manh\u00e3 desta quarta-feira, 29 de outubro e a suspeita \u00e9 que tenham ocorrido horas antes, na madrugada.<\/p>\n<p>Um dos t\u00famulos violados \u00e9 de um idoso de 83 anos, que foi sepultado na tarde de ter\u00e7a-feira, 28 de outubro. O delegado de Jardin\u00f3polis, Rafael Pelizzaro da Silveira, disse que as investiga\u00e7\u00f5es ainda est\u00e3o no in\u00edcio e que a Pol\u00edcia Civil n\u00e3o descarta nenhuma hip\u00f3tese.<\/p>\n<p>Mas ele elenca as tr\u00eas principais linhas de investiga\u00e7\u00e3o: rituais de magia negra, com\u00e9rcio clandestino de cad\u00e1veres ou cr\u00e2nios ou ainda desafios de internet, que segundo o delegado, est\u00e3o se popularizando muito.<\/p>\n<p>Um dos t\u00famulos violados \u00e9 de uma pessoa que morreu h\u00e1 alguns anos e havia sido sepultada em Brodowski, tamb\u00e9m na regi\u00e3o metropolitana. Depois a ossada foi trazida para o Cemit\u00e9rio de Juruc\u00ea.<\/p>\n<p>Familiares do idoso estavam inconformados com a situa\u00e7\u00e3o. Eles n\u00e3o puderam ver o t\u00famulo onde o homem de 83 anos foi sepultado na v\u00e9spera da viola\u00e7\u00e3o, aconselhados por funcion\u00e1rios do cemit\u00e9rio.<\/p>\n<p>Algumas testemunhas afirmam que n\u00e3o \u00e9 a primeira vez que isso ocorre e que o muro do cemit\u00e9rio \u00e9 baixo. A administra\u00e7\u00e3o do Cemit\u00e9rio de Juruc\u00ea \u00e9 da Prefeitura de Jardin\u00f3polis.<\/p>\n<figure id=\"attachment_444708\" aria-describedby=\"caption-attachment-444708\" style=\"width: 1200px\" class=\"wp-caption alignnone\"><img data-recalc-dims=\"1\" loading=\"lazy\" decoding=\"async\" class=\"size-full wp-image-444708 lazyload\" src=\"https:\/\/i0.wp.com\/www.tribunaribeirao.com.br\/wp-content\/uploads\/2025\/10\/30-out-2025-cemiteriojuruce4-scaled.jpg?resize=1200%2C737&#038;ssl=1\" alt=\"\" width=\"1200\" height=\"737\" srcset=\"https:\/\/www.tribunaribeirao.com.br\/wp-content\/uploads\/2025\/10\/30-out-2025-cemiteriojuruce4-scaled.jpg 1200w, https:\/\/www.tribunaribeirao.com.br\/wp-content\/uploads\/2025\/10\/30-out-2025-cemiteriojuruce4-300x184.jpg 300w, https:\/\/www.tribunaribeirao.com.br\/wp-content\/uploads\/2025\/10\/30-out-2025-cemiteriojuruce4-1024x629.jpg 1024w, https:\/\/www.tribunaribeirao.com.br\/wp-content\/uploads\/2025\/10\/30-out-2025-cemiteriojuruce4-768x472.jpg 768w, https:\/\/www.tribunaribeirao.com.br\/wp-content\/uploads\/2025\/10\/30-out-2025-cemiteriojuruce4-960x590.jpg 960w, https:\/\/www.tribunaribeirao.com.br\/wp-content\/uploads\/2025\/10\/30-out-2025-cemiteriojuruce4-651x400.jpg 651w, https:\/\/www.tribunaribeirao.com.br\/wp-content\/uploads\/2025\/10\/30-out-2025-cemiteriojuruce4-585x359.jpg 585w\" data-sizes=\"(max-width: 1200px) 100vw, 1200px\" style=\"--smush-placeholder-width: 1200px; --smush-placeholder-aspect-ratio: 1200\/737;\"\/><figcaption id=\"caption-attachment-444708\" class=\"wp-caption-text\">Muros baixos podem ter facilitado a a\u00e7\u00e3o dos criminosos (Foto: Google Street View)<\/figcaption><\/figure>\n<p>Em nota, a Prefeitura informou que o cemit\u00e9rio, assim como demais pr\u00e9dios e espa\u00e7os p\u00fablicos da cidade, contam com a atua\u00e7\u00e3o da Guarda Patrimonial e com apoio das atividades delegadas.<\/p>\n<p>\u201cDurante todo o hor\u00e1rio de funcionamento, o cemit\u00e9rio permanece com servidores municipais em atividade, garantindo o regular andamento dos servi\u00e7os. Quanto aos muros que o cercam, a Administra\u00e7\u00e3o Municipal esclarece que est\u00e3o em andamento estudos e projetos voltados \u00e0 melhoria das estruturas existentes, com o objetivo de refor\u00e7ar a seguran\u00e7a e a organiza\u00e7\u00e3o do espa\u00e7o. Al\u00e9m disso, est\u00e3o previstas a constru\u00e7\u00e3o de novos muros, novas sepulturas, cal\u00e7amento e outras obras de adequa\u00e7\u00e3o e apoio\u201d, diz a nota.<\/p>\n<p>A Prefeitura acrescenta que os fatos ocorridos no cemit\u00e9rio s\u00e3o criminosos, causando profunda indigna\u00e7\u00e3o e rep\u00fadio e que, assim que soube da viola\u00e7\u00e3o das duas sepulturas, avisou imediatamente as Pol\u00edcias Civil e Militar. \u201cA Prefeitura se solidariza com as fam\u00edlias atingidas, lamenta profundamente os ocorridos e reafirma seu compromisso com a apura\u00e7\u00e3o dos fatos e com a ado\u00e7\u00e3o de medidas necess\u00e1rias para evitar que situa\u00e7\u00f5es como essa voltem a acontecer\u201d, informa.<\/p>\n<p>Os corpos que tiveram os cr\u00e2nios furtados foram levados para o Instituto M\u00e9dico Legal de Ribeir\u00e3o Preto para auxiliar nas investiga\u00e7\u00f5es. Tamb\u00e9m podem ser enviados para o Instituto de Criminal\u00edstica de S\u00e3o Paulo. O caso foi registrado como vilip\u00eandio e subtra\u00e7\u00e3o de cad\u00e1ver.<\/p>\n<p><!-- CONTENT END 3 -->\n<\/div>\n<p><script async src=\"\/\/platform.twitter.com\/widgets.js\" charset=\"utf-8\"><\/script><br \/>\n<br \/><br \/>\n<br \/><a href=\"https:\/\/www.tribunaribeirao.com.br\/vandalos-roubam-cranios-em-cemiterio-da-regiao\/\">Source link <\/a><\/p>\n","protected":false},"excerpt":{"rendered":"<p>Um dos t\u00famulos violados \u00e9 de um idoso sepultado um dia antes, ap\u00f3s lutar contra um c\u00e2ncer 30 de outubro de 2025 10:231 Compartilhar1 Por:&#8230;<\/p>\n","protected":false},"author":1,"featured_media":79358,"comment_status":"open","ping_status":"open","sticky":false,"template":"","format":"standard","meta":{"advanced_seo_description":"","jetpack_seo_html_title":"","jetpack_seo_noindex":false,"jetpack_post_was_ever_published":false,"_jetpack_newsletter_access":"","_jetpack_dont_email_post_to_subs":false,"_jetpack_newsletter_tier_id":0,"_jetpack_memberships_contains_paywalled_content":false,"_jetpack_memberships_contains_paid_content":false,"footnotes":"","jetpack_publicize_message":"","jetpack_publicize_feature_enabled":true,"jetpack_social_post_already_shared":true,"jetpack_social_options":{"image_generator_settings":{"template":"highway","default_image_id":0,"font":"","enabled":false},"version":2}},"categories":[11],"tags":[],"class_list":["post-79357","post","type-post","status-publish","format-standard","has-post-thumbnail","hentry","category-noticias-de-ribeirao-preto-sp-e-regiao-ismael-colosi"],"jetpack_publicize_connections":[],"jetpack_featured_media_url":"https:\/\/i0.wp.com\/noticiasribeiraopreto.com.br\/wp-content\/uploads\/2025\/10\/30-out-2025-cemiteriojuruce3-scaled.jpg?fit=1200%2C707&ssl=1","jetpack-related-posts":[{"id":61329,"url":"https:\/\/noticiasribeiraopreto.com.br\/index.php\/2024\/12\/09\/acidente-entre-carro-e-caminhao-deixa-um-morto-em-rodovia-na-regiao-de-ribeirao\/","url_meta":{"origin":79357,"position":0},"title":"Acidente entre carro e caminh\u00e3o deixa um morto em rodovia na regi\u00e3o de Ribeir\u00e3o","author":"noticiasribeiraopreto.com.br","date":"9 de December de 2024","format":false,"excerpt":"Um acidente, na tarde desta segunda-feira (9), envolvendo um carro e um caminh\u00e3o, deixou uma pessoa morta na rodovia Abr\u00e3o Assed, em Cajuru, na regi\u00e3o de Ribeir\u00e3o Preto. Segundo testemunhas, o motorista do utilit\u00e1rio n\u00e3o resistiu e morreu no local. N\u00e3o foi divulgada a identidade da v\u00edtima. Em nota, o\u2026","rel":"","context":"In &quot;Not\u00edcias de Ribeir\u00e3o Preto-SP e Regi\u00e3o&quot;","block_context":{"text":"Not\u00edcias de Ribeir\u00e3o Preto-SP e Regi\u00e3o","link":"https:\/\/noticiasribeiraopreto.com.br\/index.php\/category\/noticias-de-ribeirao-preto-sp-e-regiao-ismael-colosi\/"},"img":{"alt_text":"","src":"https:\/\/i0.wp.com\/noticiasribeiraopreto.com.br\/wp-content\/uploads\/2024\/12\/Copia-de-Copia-de-Copia-de-TAMANHO-EXATO-PARA-FOTOS-NO-SISTEMA-NOVO-2024-12-09T190604.578_2024-12-09_22-13-11_png_2024-12-09_22-13-12.webp.webp?fit=1200%2C675&ssl=1&resize=350%2C200","width":350,"height":200,"srcset":"https:\/\/i0.wp.com\/noticiasribeiraopreto.com.br\/wp-content\/uploads\/2024\/12\/Copia-de-Copia-de-Copia-de-TAMANHO-EXATO-PARA-FOTOS-NO-SISTEMA-NOVO-2024-12-09T190604.578_2024-12-09_22-13-11_png_2024-12-09_22-13-12.webp.webp?fit=1200%2C675&ssl=1&resize=350%2C200 1x, https:\/\/i0.wp.com\/noticiasribeiraopreto.com.br\/wp-content\/uploads\/2024\/12\/Copia-de-Copia-de-Copia-de-TAMANHO-EXATO-PARA-FOTOS-NO-SISTEMA-NOVO-2024-12-09T190604.578_2024-12-09_22-13-11_png_2024-12-09_22-13-12.webp.webp?fit=1200%2C675&ssl=1&resize=525%2C300 1.5x, https:\/\/i0.wp.com\/noticiasribeiraopreto.com.br\/wp-content\/uploads\/2024\/12\/Copia-de-Copia-de-Copia-de-TAMANHO-EXATO-PARA-FOTOS-NO-SISTEMA-NOVO-2024-12-09T190604.578_2024-12-09_22-13-11_png_2024-12-09_22-13-12.webp.webp?fit=1200%2C675&ssl=1&resize=700%2C400 2x, https:\/\/i0.wp.com\/noticiasribeiraopreto.com.br\/wp-content\/uploads\/2024\/12\/Copia-de-Copia-de-Copia-de-TAMANHO-EXATO-PARA-FOTOS-NO-SISTEMA-NOVO-2024-12-09T190604.578_2024-12-09_22-13-11_png_2024-12-09_22-13-12.webp.webp?fit=1200%2C675&ssl=1&resize=1050%2C600 3x"},"classes":[]},{"id":58223,"url":"https:\/\/noticiasribeiraopreto.com.br\/index.php\/2024\/09\/21\/homem-e-suspeito-de-colocar-fogo-em-canavial-para-fugir-da-policia-na-regiao-de-ribeirao\/","url_meta":{"origin":79357,"position":1},"title":"Homem \u00e9 suspeito de colocar fogo em canavial para fugir da pol\u00edcia na regi\u00e3o de Ribeir\u00e3o","author":"noticiasribeiraopreto.com.br","date":"21 de September de 2024","format":false,"excerpt":"Um homem \u00e9 suspeito de colocar fogo em um canavial \u00e0s margens da rodovia Anhanguera (SP-330) enquanto tentava fugir da pol\u00edcia na noite desta sexta-feira (20), em S\u00e3o Sim\u00e3o, cidade na regi\u00e3o de Ribeir\u00e3o Preto \u2013 veja v\u00eddeo abaixo. Conforme a Pol\u00edcia Militar (PM), dois homens foram abordados em um\u2026","rel":"","context":"In &quot;Not\u00edcias de Ribeir\u00e3o Preto-SP e Regi\u00e3o&quot;","block_context":{"text":"Not\u00edcias de Ribeir\u00e3o Preto-SP e Regi\u00e3o","link":"https:\/\/noticiasribeiraopreto.com.br\/index.php\/category\/noticias-de-ribeirao-preto-sp-e-regiao-ismael-colosi\/"},"img":{"alt_text":"","src":"https:\/\/i0.wp.com\/noticiasribeiraopreto.com.br\/wp-content\/uploads\/2024\/09\/Copia-de-Copia-de-Copia-de-TAMANHO-EXATO-PARA-FOTOS-NO-SISTEMA-NOVO-66_2024-09-21_17-32-46_png_2024-09-21_17-32-46.webp.webp?fit=1200%2C675&ssl=1&resize=350%2C200","width":350,"height":200,"srcset":"https:\/\/i0.wp.com\/noticiasribeiraopreto.com.br\/wp-content\/uploads\/2024\/09\/Copia-de-Copia-de-Copia-de-TAMANHO-EXATO-PARA-FOTOS-NO-SISTEMA-NOVO-66_2024-09-21_17-32-46_png_2024-09-21_17-32-46.webp.webp?fit=1200%2C675&ssl=1&resize=350%2C200 1x, https:\/\/i0.wp.com\/noticiasribeiraopreto.com.br\/wp-content\/uploads\/2024\/09\/Copia-de-Copia-de-Copia-de-TAMANHO-EXATO-PARA-FOTOS-NO-SISTEMA-NOVO-66_2024-09-21_17-32-46_png_2024-09-21_17-32-46.webp.webp?fit=1200%2C675&ssl=1&resize=525%2C300 1.5x, https:\/\/i0.wp.com\/noticiasribeiraopreto.com.br\/wp-content\/uploads\/2024\/09\/Copia-de-Copia-de-Copia-de-TAMANHO-EXATO-PARA-FOTOS-NO-SISTEMA-NOVO-66_2024-09-21_17-32-46_png_2024-09-21_17-32-46.webp.webp?fit=1200%2C675&ssl=1&resize=700%2C400 2x, https:\/\/i0.wp.com\/noticiasribeiraopreto.com.br\/wp-content\/uploads\/2024\/09\/Copia-de-Copia-de-Copia-de-TAMANHO-EXATO-PARA-FOTOS-NO-SISTEMA-NOVO-66_2024-09-21_17-32-46_png_2024-09-21_17-32-46.webp.webp?fit=1200%2C675&ssl=1&resize=1050%2C600 3x"},"classes":[]},{"id":78322,"url":"https:\/\/noticiasribeiraopreto.com.br\/index.php\/2025\/10\/08\/acidente-entre-carro-e-caminhao-deixa-um-morto-na-regiao-de-ribeirao-preto\/","url_meta":{"origin":79357,"position":2},"title":"Acidente entre carro e caminh\u00e3o deixa um morto na regi\u00e3o de Ribeir\u00e3o Preto","author":"noticiasribeiraopreto.com.br","date":"8 de October de 2025","format":false,"excerpt":"Um acidente entre um carro e um caminh\u00e3o deixou um morto na manh\u00e3 desta quarta-feira (8), no km 220 da rodovia Deputado Cunha Bueno (SP-253), em Jaboticabal. Segundo as primeiras informa\u00e7\u00f5es, o motorista do carro n\u00e3o resistiu aos ferimentos e faleceu ainda no local. J\u00e1 o condutor do caminh\u00e3o foi\u2026","rel":"","context":"In &quot;Not\u00edcias de Ribeir\u00e3o Preto-SP e Regi\u00e3o&quot;","block_context":{"text":"Not\u00edcias de Ribeir\u00e3o Preto-SP e Regi\u00e3o","link":"https:\/\/noticiasribeiraopreto.com.br\/index.php\/category\/noticias-de-ribeirao-preto-sp-e-regiao-ismael-colosi\/"},"img":{"alt_text":"","src":"https:\/\/i0.wp.com\/noticiasribeiraopreto.com.br\/wp-content\/uploads\/2025\/10\/ACIDENTE_2025-10-08_13-59-24.webp.webp?fit=1200%2C836&ssl=1&resize=350%2C200","width":350,"height":200,"srcset":"https:\/\/i0.wp.com\/noticiasribeiraopreto.com.br\/wp-content\/uploads\/2025\/10\/ACIDENTE_2025-10-08_13-59-24.webp.webp?fit=1200%2C836&ssl=1&resize=350%2C200 1x, https:\/\/i0.wp.com\/noticiasribeiraopreto.com.br\/wp-content\/uploads\/2025\/10\/ACIDENTE_2025-10-08_13-59-24.webp.webp?fit=1200%2C836&ssl=1&resize=525%2C300 1.5x, https:\/\/i0.wp.com\/noticiasribeiraopreto.com.br\/wp-content\/uploads\/2025\/10\/ACIDENTE_2025-10-08_13-59-24.webp.webp?fit=1200%2C836&ssl=1&resize=700%2C400 2x, https:\/\/i0.wp.com\/noticiasribeiraopreto.com.br\/wp-content\/uploads\/2025\/10\/ACIDENTE_2025-10-08_13-59-24.webp.webp?fit=1200%2C836&ssl=1&resize=1050%2C600 3x"},"classes":[]},{"id":51815,"url":"https:\/\/noticiasribeiraopreto.com.br\/index.php\/2024\/05\/30\/acidente-em-rodovia-da-regiao-de-ribeirao-deixa-um-morto-e-ao-menos-quatro-feridos\/","url_meta":{"origin":79357,"position":3},"title":"Acidente em rodovia da regi\u00e3o de Ribeir\u00e3o deixa um morto e ao menos quatro feridos","author":"noticiasribeiraopreto.com.br","date":"30 de May de 2024","format":false,"excerpt":"Um acidente envolvendo dois caminh\u00f5es e um \u00f4nibus provocou a morte de uma pessoa e aos menos quatro pessoas ficaram gravemente feridas, no quil\u00f4metro 83 da rodovia Altino Arantes, entre Sales Oliveira e Orl\u00e2ndia, na regi\u00e3o de Ribeir\u00e3o Preto, no fim da tarde desta quinta-feira (30). Segundo as primeiras informa\u00e7\u00f5es\u2026","rel":"","context":"In &quot;Not\u00edcias de Ribeir\u00e3o Preto-SP e Regi\u00e3o&quot;","block_context":{"text":"Not\u00edcias de Ribeir\u00e3o Preto-SP e Regi\u00e3o","link":"https:\/\/noticiasribeiraopreto.com.br\/index.php\/category\/noticias-de-ribeirao-preto-sp-e-regiao-ismael-colosi\/"},"img":{"alt_text":"","src":"https:\/\/i0.wp.com\/noticiasribeiraopreto.com.br\/wp-content\/uploads\/2024\/05\/3_2024-05-30_22-14-12_jpg_2024-05-30_22-14-12.webp.webp?fit=1200%2C675&ssl=1&resize=350%2C200","width":350,"height":200,"srcset":"https:\/\/i0.wp.com\/noticiasribeiraopreto.com.br\/wp-content\/uploads\/2024\/05\/3_2024-05-30_22-14-12_jpg_2024-05-30_22-14-12.webp.webp?fit=1200%2C675&ssl=1&resize=350%2C200 1x, https:\/\/i0.wp.com\/noticiasribeiraopreto.com.br\/wp-content\/uploads\/2024\/05\/3_2024-05-30_22-14-12_jpg_2024-05-30_22-14-12.webp.webp?fit=1200%2C675&ssl=1&resize=525%2C300 1.5x, https:\/\/i0.wp.com\/noticiasribeiraopreto.com.br\/wp-content\/uploads\/2024\/05\/3_2024-05-30_22-14-12_jpg_2024-05-30_22-14-12.webp.webp?fit=1200%2C675&ssl=1&resize=700%2C400 2x, https:\/\/i0.wp.com\/noticiasribeiraopreto.com.br\/wp-content\/uploads\/2024\/05\/3_2024-05-30_22-14-12_jpg_2024-05-30_22-14-12.webp.webp?fit=1200%2C675&ssl=1&resize=1050%2C600 3x"},"classes":[]},{"id":57215,"url":"https:\/\/noticiasribeiraopreto.com.br\/index.php\/2024\/08\/26\/acidente-com-ambulancia-deixa-um-morto-na-regiao-de-ribeirao\/","url_meta":{"origin":79357,"position":4},"title":"Acidente com ambul\u00e2ncia deixa um morto, na regi\u00e3o de Ribeir\u00e3o","author":"noticiasribeiraopreto.com.br","date":"26 de August de 2024","format":false,"excerpt":"Uma pessoa morreu e outras quatro ficaram feridas ap\u00f3s um acidente, na manh\u00e3 deste domingo (25), na rodovia Anhanguera, na regi\u00e3o de Ribeir\u00e3o Preto. Segundo o boletim de ocorr\u00eancia, o motorista da caminhonete invadiu a pista contr\u00e1ria e bateu de frente com a ambul\u00e2ncia da Santa Casa de S\u00e3o Sim\u00e3o.\u2026","rel":"","context":"In &quot;Not\u00edcias de Ribeir\u00e3o Preto-SP e Regi\u00e3o&quot;","block_context":{"text":"Not\u00edcias de Ribeir\u00e3o Preto-SP e Regi\u00e3o","link":"https:\/\/noticiasribeiraopreto.com.br\/index.php\/category\/noticias-de-ribeirao-preto-sp-e-regiao-ismael-colosi\/"},"img":{"alt_text":"","src":"https:\/\/i0.wp.com\/noticiasribeiraopreto.com.br\/wp-content\/uploads\/2024\/08\/acidente-ambulancia_2024-08-26_13-54-39_jpg_2024-08-26_13-54-39.webp.webp?fit=1060%2C1123&ssl=1&resize=350%2C200","width":350,"height":200,"srcset":"https:\/\/i0.wp.com\/noticiasribeiraopreto.com.br\/wp-content\/uploads\/2024\/08\/acidente-ambulancia_2024-08-26_13-54-39_jpg_2024-08-26_13-54-39.webp.webp?fit=1060%2C1123&ssl=1&resize=350%2C200 1x, https:\/\/i0.wp.com\/noticiasribeiraopreto.com.br\/wp-content\/uploads\/2024\/08\/acidente-ambulancia_2024-08-26_13-54-39_jpg_2024-08-26_13-54-39.webp.webp?fit=1060%2C1123&ssl=1&resize=525%2C300 1.5x, https:\/\/i0.wp.com\/noticiasribeiraopreto.com.br\/wp-content\/uploads\/2024\/08\/acidente-ambulancia_2024-08-26_13-54-39_jpg_2024-08-26_13-54-39.webp.webp?fit=1060%2C1123&ssl=1&resize=700%2C400 2x, https:\/\/i0.wp.com\/noticiasribeiraopreto.com.br\/wp-content\/uploads\/2024\/08\/acidente-ambulancia_2024-08-26_13-54-39_jpg_2024-08-26_13-54-39.webp.webp?fit=1060%2C1123&ssl=1&resize=1050%2C600 3x"},"classes":[]},{"id":57644,"url":"https:\/\/noticiasribeiraopreto.com.br\/index.php\/2024\/09\/06\/mais-um-homem-e-preso-por-incendio-criminoso-na-regiao-de-ribeirao-preto\/","url_meta":{"origin":79357,"position":5},"title":"Mais um homem \u00e9 preso por inc\u00eandio criminoso na regi\u00e3o de Ribeir\u00e3o Preto","author":"noticiasribeiraopreto.com.br","date":"6 de September de 2024","format":false,"excerpt":"Um homem de 34 anos foi preso nesta quinta-feira (5) suspeito de atear fogo no mato em um terreno baldio de Franca, cidade a aproximadamente 80 quil\u00f4metros de Ribeir\u00e3o Preto. Outros dois suspeitos consegiram fugir. Em todo o\u00a0estado de S\u00e3o Paulo foram efetuadas 13 pris\u00f5es de suspeitos de inc\u00eandios criminosos,\u2026","rel":"","context":"In &quot;Not\u00edcias de Ribeir\u00e3o Preto-SP e Regi\u00e3o&quot;","block_context":{"text":"Not\u00edcias de Ribeir\u00e3o Preto-SP e Regi\u00e3o","link":"https:\/\/noticiasribeiraopreto.com.br\/index.php\/category\/noticias-de-ribeirao-preto-sp-e-regiao-ismael-colosi\/"},"img":{"alt_text":"","src":"https:\/\/i0.wp.com\/noticiasribeiraopreto.com.br\/wp-content\/uploads\/2024\/09\/WhatsApp-Image-2024-09-05-at-18.55.41_2024-09-06_11-23-47_jpeg_2024-09-06_11-23-47.webp.webp?fit=1200%2C900&ssl=1&resize=350%2C200","width":350,"height":200,"srcset":"https:\/\/i0.wp.com\/noticiasribeiraopreto.com.br\/wp-content\/uploads\/2024\/09\/WhatsApp-Image-2024-09-05-at-18.55.41_2024-09-06_11-23-47_jpeg_2024-09-06_11-23-47.webp.webp?fit=1200%2C900&ssl=1&resize=350%2C200 1x, https:\/\/i0.wp.com\/noticiasribeiraopreto.com.br\/wp-content\/uploads\/2024\/09\/WhatsApp-Image-2024-09-05-at-18.55.41_2024-09-06_11-23-47_jpeg_2024-09-06_11-23-47.webp.webp?fit=1200%2C900&ssl=1&resize=525%2C300 1.5x, https:\/\/i0.wp.com\/noticiasribeiraopreto.com.br\/wp-content\/uploads\/2024\/09\/WhatsApp-Image-2024-09-05-at-18.55.41_2024-09-06_11-23-47_jpeg_2024-09-06_11-23-47.webp.webp?fit=1200%2C900&ssl=1&resize=700%2C400 2x, https:\/\/i0.wp.com\/noticiasribeiraopreto.com.br\/wp-content\/uploads\/2024\/09\/WhatsApp-Image-2024-09-05-at-18.55.41_2024-09-06_11-23-47_jpeg_2024-09-06_11-23-47.webp.webp?fit=1200%2C900&ssl=1&resize=1050%2C600 3x"},"classes":[]}],"jetpack_sharing_enabled":true,"jetpack_shortlink":"https:\/\/wp.me\/peQAOb-kDX","_links":{"self":[{"href":"https:\/\/noticiasribeiraopreto.com.br\/index.php\/wp-json\/wp\/v2\/posts\/79357","targetHints":{"allow":["GET"]}}],"collection":[{"href":"https:\/\/noticiasribeiraopreto.com.br\/index.php\/wp-json\/wp\/v2\/posts"}],"about":[{"href":"https:\/\/noticiasribeiraopreto.com.br\/index.php\/wp-json\/wp\/v2\/types\/post"}],"author":[{"embeddable":true,"href":"https:\/\/noticiasribeiraopreto.com.br\/index.php\/wp-json\/wp\/v2\/users\/1"}],"replies":[{"embeddable":true,"href":"https:\/\/noticiasribeiraopreto.com.br\/index.php\/wp-json\/wp\/v2\/comments?post=79357"}],"version-history":[{"count":0,"href":"https:\/\/noticiasribeiraopreto.com.br\/index.php\/wp-json\/wp\/v2\/posts\/79357\/revisions"}],"wp:featuredmedia":[{"embeddable":true,"href":"https:\/\/noticiasribeiraopreto.com.br\/index.php\/wp-json\/wp\/v2\/media\/79358"}],"wp:attachment":[{"href":"https:\/\/noticiasribeiraopreto.com.br\/index.php\/wp-json\/wp\/v2\/media?parent=79357"}],"wp:term":[{"taxonomy":"category","embeddable":true,"href":"https:\/\/noticiasribeiraopreto.com.br\/index.php\/wp-json\/wp\/v2\/categories?post=79357"},{"taxonomy":"post_tag","embeddable":true,"href":"https:\/\/noticiasribeiraopreto.com.br\/index.php\/wp-json\/wp\/v2\/tags?post=79357"}],"curies":[{"name":"wp","href":"https:\/\/api.w.org\/{rel}","templated":true}]}}