{"id":79359,"date":"2025-10-30T10:52:02","date_gmt":"2025-10-30T13:52:02","guid":{"rendered":"https:\/\/noticiasribeiraopreto.com.br\/index.php\/2025\/10\/30\/empreendimento-em-ribeirao-preto-deve-ser-vendido-em-negocio-de-r-364-milhoes\/"},"modified":"2025-10-30T10:52:02","modified_gmt":"2025-10-30T13:52:02","slug":"empreendimento-em-ribeirao-preto-deve-ser-vendido-em-negocio-de-r-364-milhoes","status":"publish","type":"post","link":"https:\/\/noticiasribeiraopreto.com.br\/index.php\/2025\/10\/30\/empreendimento-em-ribeirao-preto-deve-ser-vendido-em-negocio-de-r-364-milhoes\/","title":{"rendered":"Empreendimento em Ribeir\u00e3o Preto deve ser vendido em neg\u00f3cio de R$ 364 milh\u00f5es"},"content":{"rendered":"<div class='code-block code-block-1' style='margin: 8px 0 8px auto; text-align: right; display: block; clear: both;'>\n<p><a href=\"https:\/\/wa.link\/vpicfd\"><img data-recalc-dims=\"1\" class=\"wp-image-4922\" style=\"aspect-ratio: 2.0253164556962027; width: 561px; height: auto;\" src=\"https:\/\/i0.wp.com\/ismaelcolosi.com.br\/wp-content\/uploads\/2023\/11\/grupo-de-empregos-whatsapp-e-facebook-ismael-colosi-vagas.jpg?ssl=1\" alt=\"\" \/><\/a><\/p>\n<!-- \/wp:image -->\n<\/div>\n<p> <br \/>\n<\/p>\n<div data-td-block-uid=\"tdi_95\">\n<div class=\"tdb-block-inner td-fix-index\">\n<p>A <strong>Log Commercial <\/strong>fez um acordo com o fundo de investimento imobili\u00e1rio do <strong>BTG Pactual <\/strong>para <a href=\"https:\/\/api.mziq.com\/mzfilemanager\/v2\/d\/00a289ba-746d-4d34-9b24-94484fddb9b7\/798e4daa-22ea-5a35-72db-f9f23ccf2244?origin=1\" data-type=\"link\" data-id=\"https:\/\/api.mziq.com\/mzfilemanager\/v2\/d\/00a289ba-746d-4d34-9b24-94484fddb9b7\/798e4daa-22ea-5a35-72db-f9f23ccf2244?origin=1\" target=\"_blank\" rel=\"noopener\">venda de empreendimentos no valor de R$ 364 milh\u00f5es<\/a>. Entre os ativos envolvidos no neg\u00f3cio est\u00e1 um condom\u00ednio log\u00edstico em <strong>Ribeir\u00e3o Preto<\/strong>, al\u00e9m de unidades em Natal e Jundia\u00ed.<\/p>\n<p>Em fato relevante publicado na \u00faltima quarta-feira (29), a Log Commercial informou que submeteu o neg\u00f3cio para an\u00e1lise e aprova\u00e7\u00e3o do <strong><a href=\"https:\/\/www.gov.br\/cade\/pt-br\/pagina-inicial\" data-type=\"link\" data-id=\"https:\/\/www.gov.br\/cade\/pt-br\/pagina-inicial\" target=\"_blank\" rel=\"noopener\">Cade (Conselho Administrativo de Defesa Econ\u00f4mica)<\/a><\/strong>.<\/p>\n<p>A venda ser\u00e1 dividida em dois pagamentos: a primeira parcela, correspondente a 53% do total, no fechamento da transa\u00e7\u00e3o e, a segunda parcela, correspondente a 47% do total, ao 24\u00ba m\u00eas ap\u00f3s o fechamento da transa\u00e7\u00e3o, corrigido pelo IPCA.<\/p>\n<p>A \u00e1rea bruta loc\u00e1vel \u00e9 de 110.671 m\u00b2. \u201cA conclus\u00e3o da Transa\u00e7\u00e3o est\u00e1 condicionada ao cumprimento de determinadas condi\u00e7\u00f5es precedentes usuais para este tipo de opera\u00e7\u00e3o\u201d, informa.<\/p>\n<h2 class=\"wp-block-heading\"><strong>Quase R$ 800 milh\u00f5es<\/strong><\/h2>\n<p>Esta \u00e9 a terceira transa\u00e7\u00e3o anunciada pela Log Commercial no ano de 2025, totalizando R$788.651.795,00. Segundo a companhia, o neg\u00f3cio faz parte da estrat\u00e9gia de \u201cgera\u00e7\u00e3o de valor por meio da reciclagem de ativos\u201d.<\/p>\n<p>As vendas deste ano, assim como todas as demais, foram realizadas a NAV (valor patrimonial l\u00edquido), indicando que a Companhia tem vendido seus ativos pelo pre\u00e7o real registrado em seu balan\u00e7o.<\/p>\n<p>SAIBA MAIS<br \/>Nova frente fria traz risco de chuva forte ao interior de SP; Confira previs\u00e3o<\/p>\n<h2 class=\"wp-block-heading\"><strong>FIQUE ON<\/strong><\/h2>\n<p>Fique ligado em tudo que acontece em Ribeir\u00e3o Preto e regi\u00e3o. Siga os perfis do\u00a0<strong>acidade on\u00a0<\/strong>no<a href=\"https:\/\/www.instagram.com\/acidadeonribeirao\" data-type=\"link\" data-id=\"https:\/\/www.instagram.com\/acidadeonribeirao\" target=\"_blank\" rel=\"noopener\">\u00a0Instagram<\/a>\u00a0e no\u00a0<a href=\"https:\/\/www.facebook.com\/acidadeonribeirao\/\" data-type=\"link\" data-id=\"https:\/\/www.facebook.com\/acidadeonribeirao\/\" target=\"_blank\" rel=\"noopener\">Facebook<\/a>.<\/p>\n<p>Receba not\u00edcias do\u00a0<strong>acidade on<\/strong>\u00a0no WhatsApp. Para entrar no grupo,\u00a0basta <a href=\"https:\/\/chat.whatsapp.com\/I4nieTEMKlf50pJ28aMemC?mode=ac_t\" data-type=\"link\" data-id=\"https:\/\/chat.whatsapp.com\/I4nieTEMKlf50pJ28aMemC?mode=ac_t\" target=\"_blank\" rel=\"noopener\">clicar aqui<\/a>. Ou, acesse o nosso\u00a0Canal <a href=\"https:\/\/whatsapp.com\/channel\/0029Vb6IQl1JENyAeS57fk2p\" data-type=\"link\" data-id=\"https:\/\/whatsapp.com\/channel\/0029Vb6IQl1JENyAeS57fk2p\" target=\"_blank\" rel=\"noopener\">clicando aqui<\/a>.<\/p>\n<p>Fa\u00e7a uma den\u00fancia ou sugira uma reportagem sobre Ribeir\u00e3o Preto e regi\u00e3o pelo WhatsApp: 16 99117 7802.<\/p>\n<p>VEJA TAMB\u00c9M<br \/>Felipe Massa pode ficar com o t\u00edtulo de 2008 da F1?<\/p>\n<p><!-- AI CONTENT END 1 -->\n<\/div>\n<\/div>\n<p><script async src=\"\/\/www.instagram.com\/embed.js\"><\/script><br \/>\n<br \/><br \/>\n<br \/><a href=\"https:\/\/www.acidadeon.com\/ribeiraopreto\/economia\/empreendimento-em-ribeirao-preto-deve-ser-vendido-em-negocio-de-r-364-milhoes\/\">Source link <\/a><\/p>\n<!-- CONTENT END 1 -->\n","protected":false},"excerpt":{"rendered":"<p>A Log Commercial fez um acordo com o fundo de investimento imobili\u00e1rio do BTG Pactual para venda de empreendimentos no valor de R$ 364 milh\u00f5es&#8230;.<\/p>\n","protected":false},"author":1,"featured_media":79360,"comment_status":"open","ping_status":"open","sticky":false,"template":"","format":"standard","meta":{"advanced_seo_description":"","jetpack_seo_html_title":"","jetpack_seo_noindex":false,"jetpack_post_was_ever_published":false,"_jetpack_newsletter_access":"","_jetpack_dont_email_post_to_subs":false,"_jetpack_newsletter_tier_id":0,"_jetpack_memberships_contains_paywalled_content":false,"_jetpack_memberships_contains_paid_content":false,"footnotes":"","jetpack_publicize_message":"","jetpack_publicize_feature_enabled":true,"jetpack_social_post_already_shared":true,"jetpack_social_options":{"image_generator_settings":{"template":"highway","default_image_id":0,"font":"","enabled":false},"version":2}},"categories":[11],"tags":[],"class_list":["post-79359","post","type-post","status-publish","format-standard","has-post-thumbnail","hentry","category-noticias-de-ribeirao-preto-sp-e-regiao-ismael-colosi"],"jetpack_publicize_connections":[],"jetpack_featured_media_url":"https:\/\/i0.wp.com\/noticiasribeiraopreto.com.br\/wp-content\/uploads\/2025\/10\/log-ribeirao-preto_2025-10-30_13-17-55.webp.webp?fit=1200%2C691&ssl=1","jetpack-related-posts":[{"id":80807,"url":"https:\/\/noticiasribeiraopreto.com.br\/index.php\/2025\/12\/14\/grupo-com-shopping-em-ribeirao-preto-anuncia-negocio-milionario\/","url_meta":{"origin":79359,"position":0},"title":"Grupo com shopping em Ribeir\u00e3o Preto anuncia neg\u00f3cio milion\u00e1rio","author":"noticiasribeiraopreto.com.br","date":"14 de December de 2025","format":false,"excerpt":"O grupo Iguatemi S.A. anunciou na \u00faltima semana um neg\u00f3cio milion\u00e1rio com a XP Malls, fundo de investimento imobili\u00e1rio, que inclui a venda de 23,96% do shopping Iguatemi Ribeir\u00e3o Preto. Segundo o acordo, o valor total da transa\u00e7\u00e3o \u00e9 de R$ 382 milh\u00f5es. Conforme comunicado ao mercado, a proposta assinada\u2026","rel":"","context":"In &quot;Not\u00edcias de Ribeir\u00e3o Preto-SP e Regi\u00e3o&quot;","block_context":{"text":"Not\u00edcias de Ribeir\u00e3o Preto-SP e Regi\u00e3o","link":"https:\/\/noticiasribeiraopreto.com.br\/index.php\/category\/noticias-de-ribeirao-preto-sp-e-regiao-ismael-colosi\/"},"img":{"alt_text":"","src":"https:\/\/i0.wp.com\/noticiasribeiraopreto.com.br\/wp-content\/uploads\/2025\/12\/shopping-iguatemi-ribeirao-preto_2025-12-13_14-40-07.webp.webp?fit=800%2C533&ssl=1&resize=350%2C200","width":350,"height":200,"srcset":"https:\/\/i0.wp.com\/noticiasribeiraopreto.com.br\/wp-content\/uploads\/2025\/12\/shopping-iguatemi-ribeirao-preto_2025-12-13_14-40-07.webp.webp?fit=800%2C533&ssl=1&resize=350%2C200 1x, https:\/\/i0.wp.com\/noticiasribeiraopreto.com.br\/wp-content\/uploads\/2025\/12\/shopping-iguatemi-ribeirao-preto_2025-12-13_14-40-07.webp.webp?fit=800%2C533&ssl=1&resize=525%2C300 1.5x, https:\/\/i0.wp.com\/noticiasribeiraopreto.com.br\/wp-content\/uploads\/2025\/12\/shopping-iguatemi-ribeirao-preto_2025-12-13_14-40-07.webp.webp?fit=800%2C533&ssl=1&resize=700%2C400 2x"},"classes":[]},{"id":84507,"url":"https:\/\/noticiasribeiraopreto.com.br\/index.php\/2026\/04\/10\/ampliacao-do-aeroporto-de-ribeirao-preto-ja-tem-data-para-ser-inaugurada\/","url_meta":{"origin":79359,"position":1},"title":"Amplia\u00e7\u00e3o do aeroporto de Ribeir\u00e3o Preto j\u00e1 tem data para ser inaugurada","author":"noticiasribeiraopreto.com.br","date":"10 de April de 2026","format":false,"excerpt":"Ler o resumo da not\u00edcia Amplia\u00e7\u00e3o do aeroporto Leite Lopes, em Ribeir\u00e3o Preto, ser\u00e1 inaugurada no dia 27 de abril, \u00e0s 11h30. As obras come\u00e7aram em 1\u00ba de novembro de 2023 com investimento de R$ 15 milh\u00f5es. A reforma visa apoiar a internacionaliza\u00e7\u00e3o do aeroporto e atrair neg\u00f3cios \u00e0 regi\u00e3o.\u2026","rel":"","context":"In &quot;Not\u00edcias de Ribeir\u00e3o Preto-SP e Regi\u00e3o&quot;","block_context":{"text":"Not\u00edcias de Ribeir\u00e3o Preto-SP e Regi\u00e3o","link":"https:\/\/noticiasribeiraopreto.com.br\/index.php\/category\/noticias-de-ribeirao-preto-sp-e-regiao-ismael-colosi\/"},"img":{"alt_text":"","src":"https:\/\/i0.wp.com\/noticiasribeiraopreto.com.br\/wp-content\/uploads\/2026\/04\/aeroporto-ribeirao_2026-04-10_17-04-29.webp.webp?fit=1024%2C682&ssl=1&resize=350%2C200","width":350,"height":200,"srcset":"https:\/\/i0.wp.com\/noticiasribeiraopreto.com.br\/wp-content\/uploads\/2026\/04\/aeroporto-ribeirao_2026-04-10_17-04-29.webp.webp?fit=1024%2C682&ssl=1&resize=350%2C200 1x, https:\/\/i0.wp.com\/noticiasribeiraopreto.com.br\/wp-content\/uploads\/2026\/04\/aeroporto-ribeirao_2026-04-10_17-04-29.webp.webp?fit=1024%2C682&ssl=1&resize=525%2C300 1.5x, https:\/\/i0.wp.com\/noticiasribeiraopreto.com.br\/wp-content\/uploads\/2026\/04\/aeroporto-ribeirao_2026-04-10_17-04-29.webp.webp?fit=1024%2C682&ssl=1&resize=700%2C400 2x"},"classes":[]},{"id":40241,"url":"https:\/\/noticiasribeiraopreto.com.br\/index.php\/2024\/03\/01\/com-atuacao-em-ribeirao-preto-empresa-planeja-investimentos-de-r-500-milhoes\/","url_meta":{"origin":79359,"position":2},"title":"Com atua\u00e7\u00e3o em Ribeir\u00e3o Preto, empresa planeja investimentos de R$ 500 milh\u00f5es","author":"noticiasribeiraopreto.com.br","date":"1 de March de 2024","format":false,"excerpt":"Com atua\u00e7\u00e3o em Ribeir\u00e3o Preto, o Grupo Tracbel assumiu 10 concession\u00e1rias da John Deere no Estado de S\u00e3o Paulo e planeja investimentos de R$ 500 milh\u00f5es at\u00e9 2026. A empresa tamb\u00e9m anunciou a cria\u00e7\u00e3o da unidade Agro, com sede em Ribeir\u00e3o Preto. A nova unidade de neg\u00f3cios \u00e9 voltada para\u2026","rel":"","context":"In &quot;Not\u00edcias de Ribeir\u00e3o Preto-SP e Regi\u00e3o&quot;","block_context":{"text":"Not\u00edcias de Ribeir\u00e3o Preto-SP e Regi\u00e3o","link":"https:\/\/noticiasribeiraopreto.com.br\/index.php\/category\/noticias-de-ribeirao-preto-sp-e-regiao-ismael-colosi\/"},"img":{"alt_text":"","src":"https:\/\/i0.wp.com\/noticiasribeiraopreto.com.br\/wp-content\/uploads\/2024\/03\/AnyConv.com__maquinas-john-deere.webp.webp?fit=1200%2C802&ssl=1&resize=350%2C200","width":350,"height":200,"srcset":"https:\/\/i0.wp.com\/noticiasribeiraopreto.com.br\/wp-content\/uploads\/2024\/03\/AnyConv.com__maquinas-john-deere.webp.webp?fit=1200%2C802&ssl=1&resize=350%2C200 1x, https:\/\/i0.wp.com\/noticiasribeiraopreto.com.br\/wp-content\/uploads\/2024\/03\/AnyConv.com__maquinas-john-deere.webp.webp?fit=1200%2C802&ssl=1&resize=525%2C300 1.5x, https:\/\/i0.wp.com\/noticiasribeiraopreto.com.br\/wp-content\/uploads\/2024\/03\/AnyConv.com__maquinas-john-deere.webp.webp?fit=1200%2C802&ssl=1&resize=700%2C400 2x, https:\/\/i0.wp.com\/noticiasribeiraopreto.com.br\/wp-content\/uploads\/2024\/03\/AnyConv.com__maquinas-john-deere.webp.webp?fit=1200%2C802&ssl=1&resize=1050%2C600 3x"},"classes":[]},{"id":59425,"url":"https:\/\/noticiasribeiraopreto.com.br\/index.php\/2024\/10\/23\/antigo-joquei-clube-de-ribeirao-preto-pode-virar-centro-logistico-entenda\/","url_meta":{"origin":79359,"position":3},"title":"Antigo J\u00f3quei Clube de Ribeir\u00e3o Preto pode virar centro log\u00edstico; Entenda","author":"noticiasribeiraopreto.com.br","date":"23 de October de 2024","format":false,"excerpt":"O antigo J\u00f3quei Clube, na zona Norte de Ribeir\u00e3o Preto, pode virar um centro log\u00edstico. O projeto j\u00e1 deu entrada na Prefeitura de Ribeir\u00e3o Preto para libera\u00e7\u00e3o e, segundo a Administra\u00e7\u00e3o Municipal, ainda segue em an\u00e1lise dos \u00f3rg\u00e3os competentes. O documento aponta que o im\u00f3vel est\u00e1 localizado em uma regi\u00e3o\u2026","rel":"","context":"In &quot;Not\u00edcias de Ribeir\u00e3o Preto-SP e Regi\u00e3o&quot;","block_context":{"text":"Not\u00edcias de Ribeir\u00e3o Preto-SP e Regi\u00e3o","link":"https:\/\/noticiasribeiraopreto.com.br\/index.php\/category\/noticias-de-ribeirao-preto-sp-e-regiao-ismael-colosi\/"},"img":{"alt_text":"","src":"https:\/\/i0.wp.com\/noticiasribeiraopreto.com.br\/wp-content\/uploads\/2024\/10\/joquei-ribeirao-preto_2024-10-23_20-09-54_jpg_2024-10-23_20-09-54.webp.webp?fit=994%2C765&ssl=1&resize=350%2C200","width":350,"height":200,"srcset":"https:\/\/i0.wp.com\/noticiasribeiraopreto.com.br\/wp-content\/uploads\/2024\/10\/joquei-ribeirao-preto_2024-10-23_20-09-54_jpg_2024-10-23_20-09-54.webp.webp?fit=994%2C765&ssl=1&resize=350%2C200 1x, https:\/\/i0.wp.com\/noticiasribeiraopreto.com.br\/wp-content\/uploads\/2024\/10\/joquei-ribeirao-preto_2024-10-23_20-09-54_jpg_2024-10-23_20-09-54.webp.webp?fit=994%2C765&ssl=1&resize=525%2C300 1.5x, https:\/\/i0.wp.com\/noticiasribeiraopreto.com.br\/wp-content\/uploads\/2024\/10\/joquei-ribeirao-preto_2024-10-23_20-09-54_jpg_2024-10-23_20-09-54.webp.webp?fit=994%2C765&ssl=1&resize=700%2C400 2x"},"classes":[]},{"id":66533,"url":"https:\/\/noticiasribeiraopreto.com.br\/index.php\/2025\/04\/02\/feira-sobre-cafe-projeta-superar-r-200-milhoes-em-negocios-no-interior-de-sp\/","url_meta":{"origin":79359,"position":4},"title":"Feira sobre caf\u00e9 projeta superar R$ 200 milh\u00f5es em neg\u00f3cios no interior de SP","author":"noticiasribeiraopreto.com.br","date":"2 de April de 2025","format":false,"excerpt":"Acontece entre os dias 8 e 10 de abril a 5\u00aa edi\u00e7\u00e3o da Alta Caf\u00e9 \u2013 Feira de Neg\u00f3cios e Tecnologia da Alta Mogiana, em Restinga, no interior de S\u00e3o Paulo. Os organizadores esperam superar os R$ 200 milh\u00f5es em neg\u00f3cios, marca registrada na edi\u00e7\u00e3o passada. A feira acontece no\u2026","rel":"","context":"In &quot;Not\u00edcias de Ribeir\u00e3o Preto-SP e Regi\u00e3o&quot;","block_context":{"text":"Not\u00edcias de Ribeir\u00e3o Preto-SP e Regi\u00e3o","link":"https:\/\/noticiasribeiraopreto.com.br\/index.php\/category\/noticias-de-ribeirao-preto-sp-e-regiao-ismael-colosi\/"},"img":{"alt_text":"","src":"https:\/\/i0.wp.com\/noticiasribeiraopreto.com.br\/wp-content\/uploads\/2025\/04\/alta-cafe_2025-04-02_14-51-12_jpg_2025-04-02_14-51-12.webp.webp?fit=1200%2C800&ssl=1&resize=350%2C200","width":350,"height":200,"srcset":"https:\/\/i0.wp.com\/noticiasribeiraopreto.com.br\/wp-content\/uploads\/2025\/04\/alta-cafe_2025-04-02_14-51-12_jpg_2025-04-02_14-51-12.webp.webp?fit=1200%2C800&ssl=1&resize=350%2C200 1x, https:\/\/i0.wp.com\/noticiasribeiraopreto.com.br\/wp-content\/uploads\/2025\/04\/alta-cafe_2025-04-02_14-51-12_jpg_2025-04-02_14-51-12.webp.webp?fit=1200%2C800&ssl=1&resize=525%2C300 1.5x, https:\/\/i0.wp.com\/noticiasribeiraopreto.com.br\/wp-content\/uploads\/2025\/04\/alta-cafe_2025-04-02_14-51-12_jpg_2025-04-02_14-51-12.webp.webp?fit=1200%2C800&ssl=1&resize=700%2C400 2x, https:\/\/i0.wp.com\/noticiasribeiraopreto.com.br\/wp-content\/uploads\/2025\/04\/alta-cafe_2025-04-02_14-51-12_jpg_2025-04-02_14-51-12.webp.webp?fit=1200%2C800&ssl=1&resize=1050%2C600 3x"},"classes":[]},{"id":69366,"url":"https:\/\/noticiasribeiraopreto.com.br\/index.php\/2025\/05\/05\/aeroporto-de-ribeirao-registra-aumento-de-pousos-e-decolagens-durante-a-agrishow\/","url_meta":{"origin":79359,"position":5},"title":"Aeroporto de Ribeir\u00e3o registra aumento de pousos e decolagens durante a Agrishow","author":"noticiasribeiraopreto.com.br","date":"5 de May de 2025","format":false,"excerpt":"O aeroporto Dr. Leite Lopes, em Ribeir\u00e3o Preto, registrou um aumento de 46% no n\u00famero de pousos e decolagens durante a 30\u00aa edi\u00e7\u00e3o da Agrishow, que aconteceu entre os dias 28 de abril e 2 de maio no munic\u00edpio. >>>FIQUE POR DENTRO: Agrishow destaca inova\u00e7\u00f5es em agricultura de precis\u00e3o; confira\u2026","rel":"","context":"In &quot;Not\u00edcias de Ribeir\u00e3o Preto-SP e Regi\u00e3o&quot;","block_context":{"text":"Not\u00edcias de Ribeir\u00e3o Preto-SP e Regi\u00e3o","link":"https:\/\/noticiasribeiraopreto.com.br\/index.php\/category\/noticias-de-ribeirao-preto-sp-e-regiao-ismael-colosi\/"},"img":{"alt_text":"","src":"https:\/\/i0.wp.com\/noticiasribeiraopreto.com.br\/wp-content\/uploads\/2025\/05\/DSC_1604-1-1024x678-1_2025-05-05_15-04-15.webp.webp?fit=1024%2C678&ssl=1&resize=350%2C200","width":350,"height":200,"srcset":"https:\/\/i0.wp.com\/noticiasribeiraopreto.com.br\/wp-content\/uploads\/2025\/05\/DSC_1604-1-1024x678-1_2025-05-05_15-04-15.webp.webp?fit=1024%2C678&ssl=1&resize=350%2C200 1x, https:\/\/i0.wp.com\/noticiasribeiraopreto.com.br\/wp-content\/uploads\/2025\/05\/DSC_1604-1-1024x678-1_2025-05-05_15-04-15.webp.webp?fit=1024%2C678&ssl=1&resize=525%2C300 1.5x, https:\/\/i0.wp.com\/noticiasribeiraopreto.com.br\/wp-content\/uploads\/2025\/05\/DSC_1604-1-1024x678-1_2025-05-05_15-04-15.webp.webp?fit=1024%2C678&ssl=1&resize=700%2C400 2x"},"classes":[]}],"jetpack_sharing_enabled":true,"jetpack_shortlink":"https:\/\/wp.me\/peQAOb-kDZ","_links":{"self":[{"href":"https:\/\/noticiasribeiraopreto.com.br\/index.php\/wp-json\/wp\/v2\/posts\/79359","targetHints":{"allow":["GET"]}}],"collection":[{"href":"https:\/\/noticiasribeiraopreto.com.br\/index.php\/wp-json\/wp\/v2\/posts"}],"about":[{"href":"https:\/\/noticiasribeiraopreto.com.br\/index.php\/wp-json\/wp\/v2\/types\/post"}],"author":[{"embeddable":true,"href":"https:\/\/noticiasribeiraopreto.com.br\/index.php\/wp-json\/wp\/v2\/users\/1"}],"replies":[{"embeddable":true,"href":"https:\/\/noticiasribeiraopreto.com.br\/index.php\/wp-json\/wp\/v2\/comments?post=79359"}],"version-history":[{"count":0,"href":"https:\/\/noticiasribeiraopreto.com.br\/index.php\/wp-json\/wp\/v2\/posts\/79359\/revisions"}],"wp:featuredmedia":[{"embeddable":true,"href":"https:\/\/noticiasribeiraopreto.com.br\/index.php\/wp-json\/wp\/v2\/media\/79360"}],"wp:attachment":[{"href":"https:\/\/noticiasribeiraopreto.com.br\/index.php\/wp-json\/wp\/v2\/media?parent=79359"}],"wp:term":[{"taxonomy":"category","embeddable":true,"href":"https:\/\/noticiasribeiraopreto.com.br\/index.php\/wp-json\/wp\/v2\/categories?post=79359"},{"taxonomy":"post_tag","embeddable":true,"href":"https:\/\/noticiasribeiraopreto.com.br\/index.php\/wp-json\/wp\/v2\/tags?post=79359"}],"curies":[{"name":"wp","href":"https:\/\/api.w.org\/{rel}","templated":true}]}}