{"id":7936,"date":"2023-11-29T05:50:03","date_gmt":"2023-11-29T08:50:03","guid":{"rendered":"https:\/\/noticiasribeiraopreto.com.br\/index.php\/2023\/11\/29\/sesi-sp-oferece-cursos-gratuitos-para-jovens-e-adultos\/"},"modified":"2023-11-29T05:50:03","modified_gmt":"2023-11-29T08:50:03","slug":"sesi-sp-oferece-cursos-gratuitos-para-jovens-e-adultos","status":"publish","type":"post","link":"https:\/\/noticiasribeiraopreto.com.br\/index.php\/2023\/11\/29\/sesi-sp-oferece-cursos-gratuitos-para-jovens-e-adultos\/","title":{"rendered":"Sesi-SP oferece cursos gratuitos para jovens e adultos"},"content":{"rendered":"<div class='code-block code-block-1' style='margin: 8px 0 8px auto; text-align: right; display: block; clear: both;'>\n<p><a href=\"https:\/\/wa.link\/vpicfd\"><img data-recalc-dims=\"1\" class=\"wp-image-4922\" style=\"aspect-ratio: 2.0253164556962027; width: 561px; height: auto;\" src=\"https:\/\/i0.wp.com\/ismaelcolosi.com.br\/wp-content\/uploads\/2023\/11\/grupo-de-empregos-whatsapp-e-facebook-ismael-colosi-vagas.jpg?ssl=1\" alt=\"\" \/><\/a><\/p>\n<!-- \/wp:image -->\n<\/div>\n<p> <br \/>\n<\/p>\n<div>\n<p>O Servi\u00e7o Social da Ind\u00fastria em S\u00e3o Paulo (Sesi-SP) est\u00e1 com inscri\u00e7\u00f5es abertas para Educa\u00e7\u00e3o de Jovens e Adultos, com a Nova EJA e a EJA Profissionalizante.<\/p>\n<p>Os <a href=\"https:\/\/catracalivre.com.br\/educacao\/uninove-oferece-cursos-de-pos-graduacoes-totalmente-gratuitos\/\">programas s\u00e3o gratuitos<\/a> e visam proporcionar a conclus\u00e3o da educa\u00e7\u00e3o b\u00e1sica para aqueles que n\u00e3o tiveram a oportunidade de finaliz\u00e1-la.<\/p>\n<div id=\"attachment_2307079\" class=\"wp-caption aligncenter\">\n<div class=\"d-flex justify-content-center\" data-attachment-id=\"2307079\">\n<div class=\"position-relative d-inline-block\"><img data-recalc-dims=\"1\" data-portal-copyright=\"Divulga\u00e7\u00e3o\" decoding=\"async\" fetchpriority=\"high\" class=\"wp-image-2307079 size-large\" src=\"https:\/\/i0.wp.com\/catracalivre.com.br\/wp-content\/uploads\/2023\/10\/escolas-sesi-sp-910x488.jpg?resize=910%2C488&#038;ssl=1\" alt=\"Inscri\u00e7\u00f5es abertas para a Nova EJA e EJA Profissionalizante do Sesi-SP\" width=\"910\" height=\"488\" srcset=\"https:\/\/catracalivre.com.br\/wp-content\/uploads\/2023\/10\/escolas-sesi-sp-910x488.jpg 910w, https:\/\/catracalivre.com.br\/wp-content\/uploads\/2023\/10\/escolas-sesi-sp-450x242.jpg 450w, https:\/\/catracalivre.com.br\/wp-content\/uploads\/2023\/10\/escolas-sesi-sp-768x412.jpg 768w\" sizes=\"(max-width: 910px) 100vw, 910px\"\/><\/p>\n<p>Cr\u00e9ditos: Divulga\u00e7\u00e3o<\/p>\n<\/div>\n<\/div>\n<p><span class=\"post-imagem__legenda\">Inscri\u00e7\u00f5es abertas para a Nova EJA e EJA Profissionalizante do Sesi-SP<\/span><\/p>\n<\/div>\n<p>A Nova EJA contempla o ensino fundamental anos finais (do 6\u00b0 ao 9\u00b0 ano) e o Ensino M\u00e9dio (do 1\u00b0 ao 3\u00ba ano), enquanto a EJA Profissionalizante, em parceria com o Senai-SP, oferece certifica\u00e7\u00e3o profissional em um dos cursos oferecidos no programa.<\/p>\n<p>Os estudos da Nova EJA e EJA Profissionalizante iniciam em mar\u00e7o de 2024. Os interessados devem preencher o formul\u00e1rio de \u201cTenho Interesse\u201d at\u00e9 29 de janeiro de 2024 no site (acesse <a href=\"http:\/\/sesisp.org.br\/educacao-eja\" target=\"_blank\" rel=\"noopener\">aqui<\/a>).<\/p>\n<h2>EJA no Sesi-SP<\/h2>\n<p>Um diferencial da Nova EJA \u00e9 o Reconhecimento de Saberes, que reconhece e aproveita os conhecimentos formais e informais dos estudantes, possibilitando a redu\u00e7\u00e3o do tempo de conclus\u00e3o do curso.<\/p>\n<p>Na EJA profissionalizante, que inclui tamb\u00e9m o ensino b\u00e1sico, o estudande ter\u00e1 uma certifica\u00e7\u00e3o profissional ao concluir tamb\u00e9m um dos cursos do Senai-SP.<\/p>\n<p>No total, s\u00e3o oito op\u00e7\u00f5es: Almoxarife, Assistente de RH, Assistente de controle e qualidade, Controlador e programador de produ\u00e7\u00e3o, Costureiro sob medida, Desenhista de moda, Inspetor de Qualidade e Operador de computador.<\/p>\n<p>Em ambos os programas, 80% das aulas ser\u00e3o ministradas a dist\u00e2ncia e 20% em encontros presenciais em uma das 50 escolas do Sesi-SP no estado de S\u00e3o Paulo, garantindo flexibilidade e acessibilidade para os estudantes.<\/p>\n<p>O Sesi-SP quer contemplar o maior n\u00famero poss\u00edvel de trabalhadores da ind\u00fastria. Para atingir este objetivo, possui uma equipe especializada para atender as empresas que desejam matricular seus funcion\u00e1rios, contribuindo para o desenvolvimento pessoal e profissional de suas equipes.<\/p>\n<p>Esta iniciativa est\u00e1 em linha com pr\u00e1ticas ESG (sigla em ingl\u00eas para ambiental, social e governan\u00e7a), cada vez mais necess\u00e1rias e valorizadas no mundo corporativo.<\/p>\n<\/div>\n<p><script>\n\t\t! function(f, b, e, v, n, t, s) {\n\t\t\tif (f.fbq) return;\n\t\t\tn = f.fbq = function() {\n\t\t\t\tn.callMethod ?\n\t\t\t\t\tn.callMethod.apply(n, arguments) : n.queue.push(arguments)\n\t\t\t};\n\t\t\tif (!f._fbq) f._fbq = n;\n\t\t\tn.push = n;\n\t\t\tn.loaded = !0;\n\t\t\tn.version = '2.0';\n\t\t\tn.queue = [];\n\t\t\tt = b.createElement(e);\n\t\t\tt.async = !0;\n\t\t\tt.src = v;\n\t\t\ts = b.getElementsByTagName(e)[0];\n\t\t\ts.parentNode.insertBefore(t, s)\n\t\t}(window, document, 'script',\n\t\t\t'https:\/\/connect.facebook.net\/en_US\/fbevents.js');\n\t\tfbq('init', '338315473262380');\n\t\tfbq('track', 'PageView');\n\t<\/script><br \/>\n<br \/><br \/>\n<br \/><a href=\"https:\/\/catracalivre.com.br\/educacao\/sesi-sp-oferece-cursos-gratuitos-para-jovens-e-adultos\/\">Source link <\/a><\/p>\n<!-- CONTENT END 1 -->\n","protected":false},"excerpt":{"rendered":"<p>O Servi\u00e7o Social da Ind\u00fastria em S\u00e3o Paulo (Sesi-SP) est\u00e1 com inscri\u00e7\u00f5es abertas para Educa\u00e7\u00e3o de Jovens e Adultos, com a Nova EJA e a&#8230;<\/p>\n","protected":false},"author":1,"featured_media":7937,"comment_status":"open","ping_status":"open","sticky":false,"template":"","format":"standard","meta":{"advanced_seo_description":"","jetpack_seo_html_title":"","jetpack_seo_noindex":false,"jetpack_post_was_ever_published":false,"_jetpack_newsletter_access":"","_jetpack_dont_email_post_to_subs":false,"_jetpack_newsletter_tier_id":0,"_jetpack_memberships_contains_paywalled_content":false,"_jetpack_memberships_contains_paid_content":false,"footnotes":"","jetpack_publicize_message":"","jetpack_publicize_feature_enabled":true,"jetpack_social_post_already_shared":true,"jetpack_social_options":{"image_generator_settings":{"template":"highway","default_image_id":0,"font":"","enabled":false},"version":2}},"categories":[19],"tags":[],"class_list":["post-7936","post","type-post","status-publish","format-standard","has-post-thumbnail","hentry","category-variedades"],"jetpack_publicize_connections":[],"jetpack_featured_media_url":"https:\/\/i0.wp.com\/noticiasribeiraopreto.com.br\/wp-content\/uploads\/2023\/11\/escolas-sesi-sp.jpg?fit=1200%2C638&ssl=1","jetpack-related-posts":[{"id":58314,"url":"https:\/\/noticiasribeiraopreto.com.br\/index.php\/2024\/09\/24\/inscricoes-para-educacao-de-jovens-e-adultos-estao-abertas-em-ribeirao-preto\/","url_meta":{"origin":7936,"position":0},"title":"Inscri\u00e7\u00f5es para Educa\u00e7\u00e3o de Jovens e Adultos est\u00e3o abertas em Ribeir\u00e3o Preto","author":"noticiasribeiraopreto.com.br","date":"24 de September de 2024","format":false,"excerpt":"O Sesi-SP est\u00e1 com 2 mil vagas dispon\u00edveis para a Nova Educa\u00e7\u00e3o de Jovens e Adultos (Nova EJA) e EJA Profissionalizante em\u00a0escolas de Ribeir\u00e3o Preto, Franca, Sert\u00e3ozinho e Barretos \u2013 veja como se inscrever abaixo. A Nova EJA abrange os anos finais do ensino fundamental (do 6\u00b0 ao 9\u00b0 ano)\u2026","rel":"","context":"In &quot;Not\u00edcias de Ribeir\u00e3o Preto-SP e Regi\u00e3o&quot;","block_context":{"text":"Not\u00edcias de Ribeir\u00e3o Preto-SP e Regi\u00e3o","link":"https:\/\/noticiasribeiraopreto.com.br\/index.php\/category\/noticias-de-ribeirao-preto-sp-e-regiao-ismael-colosi\/"},"img":{"alt_text":"","src":"https:\/\/i0.wp.com\/noticiasribeiraopreto.com.br\/wp-content\/uploads\/2024\/06\/Copia-de-Copia-de-TAMANHO-EXATO-PARA-FOTOS-NO-SISTEMA-NOVO-9_2024-06-12_13-53-12_jpg_2024-06-12_13-53-12.webp.webp?fit=1200%2C675&ssl=1&resize=350%2C200","width":350,"height":200,"srcset":"https:\/\/i0.wp.com\/noticiasribeiraopreto.com.br\/wp-content\/uploads\/2024\/06\/Copia-de-Copia-de-TAMANHO-EXATO-PARA-FOTOS-NO-SISTEMA-NOVO-9_2024-06-12_13-53-12_jpg_2024-06-12_13-53-12.webp.webp?fit=1200%2C675&ssl=1&resize=350%2C200 1x, https:\/\/i0.wp.com\/noticiasribeiraopreto.com.br\/wp-content\/uploads\/2024\/06\/Copia-de-Copia-de-TAMANHO-EXATO-PARA-FOTOS-NO-SISTEMA-NOVO-9_2024-06-12_13-53-12_jpg_2024-06-12_13-53-12.webp.webp?fit=1200%2C675&ssl=1&resize=525%2C300 1.5x, https:\/\/i0.wp.com\/noticiasribeiraopreto.com.br\/wp-content\/uploads\/2024\/06\/Copia-de-Copia-de-TAMANHO-EXATO-PARA-FOTOS-NO-SISTEMA-NOVO-9_2024-06-12_13-53-12_jpg_2024-06-12_13-53-12.webp.webp?fit=1200%2C675&ssl=1&resize=700%2C400 2x, https:\/\/i0.wp.com\/noticiasribeiraopreto.com.br\/wp-content\/uploads\/2024\/06\/Copia-de-Copia-de-TAMANHO-EXATO-PARA-FOTOS-NO-SISTEMA-NOVO-9_2024-06-12_13-53-12_jpg_2024-06-12_13-53-12.webp.webp?fit=1200%2C675&ssl=1&resize=1050%2C600 3x"},"classes":[]},{"id":52771,"url":"https:\/\/noticiasribeiraopreto.com.br\/index.php\/2024\/06\/12\/ribeirao-preto-tem-mais-de-200-vagas-gratuitas-para-educacao-de-jovens-e-adultos\/","url_meta":{"origin":7936,"position":1},"title":"Ribeir\u00e3o Preto tem mais de 200 vagas gratuitas para Educa\u00e7\u00e3o de Jovens e Adultos","author":"noticiasribeiraopreto.com.br","date":"12 de June de 2024","format":false,"excerpt":"Uma parceria entre o Sesi Ribeir\u00e3o Preto e o Senai est\u00e1 oferecendo mais de 200 vagas gratuitas para a Nova EJA (Educa\u00e7\u00e3o Jovens e Adultos) e tamb\u00e9m para cursos profissionalizantes destinados ao mesmo p\u00fablico. Os interessados podem se inscrever at\u00e9 o dia 26 de julho. As inscri\u00e7\u00f5es podem ser feitas,\u2026","rel":"","context":"In &quot;Not\u00edcias de Ribeir\u00e3o Preto-SP e Regi\u00e3o&quot;","block_context":{"text":"Not\u00edcias de Ribeir\u00e3o Preto-SP e Regi\u00e3o","link":"https:\/\/noticiasribeiraopreto.com.br\/index.php\/category\/noticias-de-ribeirao-preto-sp-e-regiao-ismael-colosi\/"},"img":{"alt_text":"","src":"https:\/\/i0.wp.com\/noticiasribeiraopreto.com.br\/wp-content\/uploads\/2024\/06\/Copia-de-Copia-de-TAMANHO-EXATO-PARA-FOTOS-NO-SISTEMA-NOVO-9_2024-06-12_13-53-12_jpg_2024-06-12_13-53-12.webp.webp?fit=1200%2C675&ssl=1&resize=350%2C200","width":350,"height":200,"srcset":"https:\/\/i0.wp.com\/noticiasribeiraopreto.com.br\/wp-content\/uploads\/2024\/06\/Copia-de-Copia-de-TAMANHO-EXATO-PARA-FOTOS-NO-SISTEMA-NOVO-9_2024-06-12_13-53-12_jpg_2024-06-12_13-53-12.webp.webp?fit=1200%2C675&ssl=1&resize=350%2C200 1x, https:\/\/i0.wp.com\/noticiasribeiraopreto.com.br\/wp-content\/uploads\/2024\/06\/Copia-de-Copia-de-TAMANHO-EXATO-PARA-FOTOS-NO-SISTEMA-NOVO-9_2024-06-12_13-53-12_jpg_2024-06-12_13-53-12.webp.webp?fit=1200%2C675&ssl=1&resize=525%2C300 1.5x, https:\/\/i0.wp.com\/noticiasribeiraopreto.com.br\/wp-content\/uploads\/2024\/06\/Copia-de-Copia-de-TAMANHO-EXATO-PARA-FOTOS-NO-SISTEMA-NOVO-9_2024-06-12_13-53-12_jpg_2024-06-12_13-53-12.webp.webp?fit=1200%2C675&ssl=1&resize=700%2C400 2x, https:\/\/i0.wp.com\/noticiasribeiraopreto.com.br\/wp-content\/uploads\/2024\/06\/Copia-de-Copia-de-TAMANHO-EXATO-PARA-FOTOS-NO-SISTEMA-NOVO-9_2024-06-12_13-53-12_jpg_2024-06-12_13-53-12.webp.webp?fit=1200%2C675&ssl=1&resize=1050%2C600 3x"},"classes":[]},{"id":62609,"url":"https:\/\/noticiasribeiraopreto.com.br\/index.php\/2025\/01\/19\/ribeirao-tem-vagas-gratuitas-para-educacao-de-jovens-e-adultos-veja-como-se-inscrever\/","url_meta":{"origin":7936,"position":2},"title":"Ribeir\u00e3o tem vagas gratuitas para Educa\u00e7\u00e3o de Jovens e Adultos; Veja como se inscrever","author":"noticiasribeiraopreto.com.br","date":"19 de January de 2025","format":false,"excerpt":"As unidades do Sesi de Ribeir\u00e3o Preto, Franca, Sert\u00e3ozinho e Barretos est\u00e3o com as inscri\u00e7\u00f5es abertas e gratuitas para a Nova Educa\u00e7\u00e3o de Jovens e Adultos (Nova EJA) e EJA Profissionalizante at\u00e9 o dia 24 de janeiro \u2013 veja como se inscrever abaixo. A Nova EJA abrange os anos finais\u2026","rel":"","context":"In &quot;Not\u00edcias de Ribeir\u00e3o Preto-SP e Regi\u00e3o&quot;","block_context":{"text":"Not\u00edcias de Ribeir\u00e3o Preto-SP e Regi\u00e3o","link":"https:\/\/noticiasribeiraopreto.com.br\/index.php\/category\/noticias-de-ribeirao-preto-sp-e-regiao-ismael-colosi\/"},"img":{"alt_text":"","src":"https:\/\/i0.wp.com\/noticiasribeiraopreto.com.br\/wp-content\/uploads\/2025\/01\/escolas_do_1024x576_09032021083840.jpg?fit=1024%2C576&ssl=1&resize=350%2C200","width":350,"height":200,"srcset":"https:\/\/i0.wp.com\/noticiasribeiraopreto.com.br\/wp-content\/uploads\/2025\/01\/escolas_do_1024x576_09032021083840.jpg?fit=1024%2C576&ssl=1&resize=350%2C200 1x, https:\/\/i0.wp.com\/noticiasribeiraopreto.com.br\/wp-content\/uploads\/2025\/01\/escolas_do_1024x576_09032021083840.jpg?fit=1024%2C576&ssl=1&resize=525%2C300 1.5x, https:\/\/i0.wp.com\/noticiasribeiraopreto.com.br\/wp-content\/uploads\/2025\/01\/escolas_do_1024x576_09032021083840.jpg?fit=1024%2C576&ssl=1&resize=700%2C400 2x"},"classes":[]},{"id":82013,"url":"https:\/\/noticiasribeiraopreto.com.br\/index.php\/2026\/02\/01\/inscricoes-para-educacao-de-jovens-e-adultos-estao-abertas-em-ribeirao-saiba-como-participar\/","url_meta":{"origin":7936,"position":3},"title":"Inscri\u00e7\u00f5es para Educa\u00e7\u00e3o de Jovens e Adultos est\u00e3o abertas em Ribeir\u00e3o; Saiba como participar","author":"noticiasribeiraopreto.com.br","date":"1 de February de 2026","format":false,"excerpt":"Est\u00e3o abertas as inscri\u00e7\u00f5es para a Educa\u00e7\u00e3o de Jovens e Adultos (EJA) para o ano letivo de 2026 em Ribeir\u00e3o Preto. As aulas s\u00e3o gratuitas e acontecem nos per\u00edodos da tarde e noite. Podem se inscrever pessoas a partir de 15 anos, que possuam interesse em retornar aos estudos. De\u2026","rel":"","context":"In &quot;Not\u00edcias de Ribeir\u00e3o Preto-SP e Regi\u00e3o&quot;","block_context":{"text":"Not\u00edcias de Ribeir\u00e3o Preto-SP e Regi\u00e3o","link":"https:\/\/noticiasribeiraopreto.com.br\/index.php\/category\/noticias-de-ribeirao-preto-sp-e-regiao-ismael-colosi\/"},"img":{"alt_text":"","src":"https:\/\/i0.wp.com\/noticiasribeiraopreto.com.br\/wp-content\/uploads\/2026\/02\/inscricoeseja_03_2026-01-31_16-03-07.webp.webp?fit=1200%2C799&ssl=1&resize=350%2C200","width":350,"height":200,"srcset":"https:\/\/i0.wp.com\/noticiasribeiraopreto.com.br\/wp-content\/uploads\/2026\/02\/inscricoeseja_03_2026-01-31_16-03-07.webp.webp?fit=1200%2C799&ssl=1&resize=350%2C200 1x, https:\/\/i0.wp.com\/noticiasribeiraopreto.com.br\/wp-content\/uploads\/2026\/02\/inscricoeseja_03_2026-01-31_16-03-07.webp.webp?fit=1200%2C799&ssl=1&resize=525%2C300 1.5x, https:\/\/i0.wp.com\/noticiasribeiraopreto.com.br\/wp-content\/uploads\/2026\/02\/inscricoeseja_03_2026-01-31_16-03-07.webp.webp?fit=1200%2C799&ssl=1&resize=700%2C400 2x, https:\/\/i0.wp.com\/noticiasribeiraopreto.com.br\/wp-content\/uploads\/2026\/02\/inscricoeseja_03_2026-01-31_16-03-07.webp.webp?fit=1200%2C799&ssl=1&resize=1050%2C600 3x"},"classes":[]},{"id":9153,"url":"https:\/\/noticiasribeiraopreto.com.br\/index.php\/2023\/12\/01\/ifal-seleciona-estudantes-para-cursos-tecnicos-gratuitos\/","url_meta":{"origin":7936,"position":4},"title":"IFAL seleciona estudantes para cursos t\u00e9cnicos gratuitos","author":"noticiasribeiraopreto.com.br","date":"1 de December de 2023","format":false,"excerpt":"O Instituto Federal de Alagoas (IFAL) est\u00e1 com inscri\u00e7\u00f5es abertas para a sele\u00e7\u00e3o de alunos para cursos t\u00e9cnicos gratuitos com in\u00edcio no 1\u00ba semestre de 2024. As vagas s\u00e3o para cursos subsequentes e na modalidade Educa\u00e7\u00e3o de Jovens e Adultos (EJA) nos campi de Penedo, Piranhas e Maragogi. Cr\u00e9ditos: Divulga\u00e7\u00e3o\/IFALIFAL\u2026","rel":"","context":"In &quot;Variedades&quot;","block_context":{"text":"Variedades","link":"https:\/\/noticiasribeiraopreto.com.br\/index.php\/category\/variedades\/"},"img":{"alt_text":"","src":"https:\/\/i0.wp.com\/noticiasribeiraopreto.com.br\/wp-content\/uploads\/2023\/12\/ifal-cursos-gratuitos.jpg?fit=1200%2C638&ssl=1&resize=350%2C200","width":350,"height":200,"srcset":"https:\/\/i0.wp.com\/noticiasribeiraopreto.com.br\/wp-content\/uploads\/2023\/12\/ifal-cursos-gratuitos.jpg?fit=1200%2C638&ssl=1&resize=350%2C200 1x, https:\/\/i0.wp.com\/noticiasribeiraopreto.com.br\/wp-content\/uploads\/2023\/12\/ifal-cursos-gratuitos.jpg?fit=1200%2C638&ssl=1&resize=525%2C300 1.5x, https:\/\/i0.wp.com\/noticiasribeiraopreto.com.br\/wp-content\/uploads\/2023\/12\/ifal-cursos-gratuitos.jpg?fit=1200%2C638&ssl=1&resize=700%2C400 2x, https:\/\/i0.wp.com\/noticiasribeiraopreto.com.br\/wp-content\/uploads\/2023\/12\/ifal-cursos-gratuitos.jpg?fit=1200%2C638&ssl=1&resize=1050%2C600 3x"},"classes":[]},{"id":64821,"url":"https:\/\/noticiasribeiraopreto.com.br\/index.php\/2025\/03\/12\/ribeirao-preto-esta-com-vagas-gratuitas-para-educacao-de-jovens-e-adultos\/","url_meta":{"origin":7936,"position":5},"title":"Ribeir\u00e3o Preto est\u00e1 com vagas gratuitas para Educa\u00e7\u00e3o de Jovens e Adultos","author":"noticiasribeiraopreto.com.br","date":"12 de March de 2025","format":false,"excerpt":"A Secretaria de Educa\u00e7\u00e3o de Ribeir\u00e3o Preto anunciou que est\u00e1 com inscri\u00e7\u00f5es abertas para a EJA (Educa\u00e7\u00e3o de Jovens e Adultos). As aulas s\u00e3o gratuitas e acontecem nos per\u00edodos da tarde e noite. Podem se inscrever pessoas a partir de 15 anos, que possuam interesse em retornar aos estudos. De\u2026","rel":"","context":"In &quot;Not\u00edcias de Ribeir\u00e3o Preto-SP e Regi\u00e3o&quot;","block_context":{"text":"Not\u00edcias de Ribeir\u00e3o Preto-SP e Regi\u00e3o","link":"https:\/\/noticiasribeiraopreto.com.br\/index.php\/category\/noticias-de-ribeirao-preto-sp-e-regiao-ismael-colosi\/"},"img":{"alt_text":"","src":"https:\/\/i0.wp.com\/noticiasribeiraopreto.com.br\/wp-content\/uploads\/2025\/03\/inscricoeseja_capa_2025-03-12_21-37-56_jpeg_2025-03-12_21-37-56.webp.webp?fit=1000%2C666&ssl=1&resize=350%2C200","width":350,"height":200,"srcset":"https:\/\/i0.wp.com\/noticiasribeiraopreto.com.br\/wp-content\/uploads\/2025\/03\/inscricoeseja_capa_2025-03-12_21-37-56_jpeg_2025-03-12_21-37-56.webp.webp?fit=1000%2C666&ssl=1&resize=350%2C200 1x, https:\/\/i0.wp.com\/noticiasribeiraopreto.com.br\/wp-content\/uploads\/2025\/03\/inscricoeseja_capa_2025-03-12_21-37-56_jpeg_2025-03-12_21-37-56.webp.webp?fit=1000%2C666&ssl=1&resize=525%2C300 1.5x, https:\/\/i0.wp.com\/noticiasribeiraopreto.com.br\/wp-content\/uploads\/2025\/03\/inscricoeseja_capa_2025-03-12_21-37-56_jpeg_2025-03-12_21-37-56.webp.webp?fit=1000%2C666&ssl=1&resize=700%2C400 2x"},"classes":[]}],"jetpack_sharing_enabled":true,"jetpack_shortlink":"https:\/\/wp.me\/peQAOb-240","_links":{"self":[{"href":"https:\/\/noticiasribeiraopreto.com.br\/index.php\/wp-json\/wp\/v2\/posts\/7936","targetHints":{"allow":["GET"]}}],"collection":[{"href":"https:\/\/noticiasribeiraopreto.com.br\/index.php\/wp-json\/wp\/v2\/posts"}],"about":[{"href":"https:\/\/noticiasribeiraopreto.com.br\/index.php\/wp-json\/wp\/v2\/types\/post"}],"author":[{"embeddable":true,"href":"https:\/\/noticiasribeiraopreto.com.br\/index.php\/wp-json\/wp\/v2\/users\/1"}],"replies":[{"embeddable":true,"href":"https:\/\/noticiasribeiraopreto.com.br\/index.php\/wp-json\/wp\/v2\/comments?post=7936"}],"version-history":[{"count":0,"href":"https:\/\/noticiasribeiraopreto.com.br\/index.php\/wp-json\/wp\/v2\/posts\/7936\/revisions"}],"wp:featuredmedia":[{"embeddable":true,"href":"https:\/\/noticiasribeiraopreto.com.br\/index.php\/wp-json\/wp\/v2\/media\/7937"}],"wp:attachment":[{"href":"https:\/\/noticiasribeiraopreto.com.br\/index.php\/wp-json\/wp\/v2\/media?parent=7936"}],"wp:term":[{"taxonomy":"category","embeddable":true,"href":"https:\/\/noticiasribeiraopreto.com.br\/index.php\/wp-json\/wp\/v2\/categories?post=7936"},{"taxonomy":"post_tag","embeddable":true,"href":"https:\/\/noticiasribeiraopreto.com.br\/index.php\/wp-json\/wp\/v2\/tags?post=7936"}],"curies":[{"name":"wp","href":"https:\/\/api.w.org\/{rel}","templated":true}]}}