{"id":79361,"date":"2025-10-30T11:00:24","date_gmt":"2025-10-30T14:00:24","guid":{"rendered":"https:\/\/noticiasribeiraopreto.com.br\/index.php\/2025\/10\/30\/humorista-igor-guimaraes-apresenta-stand-up-em-ribeirao-preto-neste-fim-de-semana\/"},"modified":"2025-10-30T11:00:24","modified_gmt":"2025-10-30T14:00:24","slug":"humorista-igor-guimaraes-apresenta-stand-up-em-ribeirao-preto-neste-fim-de-semana","status":"publish","type":"post","link":"https:\/\/noticiasribeiraopreto.com.br\/index.php\/2025\/10\/30\/humorista-igor-guimaraes-apresenta-stand-up-em-ribeirao-preto-neste-fim-de-semana\/","title":{"rendered":"Humorista Igor Guimar\u00e3es apresenta stand-up em Ribeir\u00e3o Preto neste fim de semana"},"content":{"rendered":"<div class='code-block code-block-1' style='margin: 8px 0 8px auto; text-align: right; display: block; clear: both;'>\n<p><a href=\"https:\/\/wa.link\/vpicfd\"><img data-recalc-dims=\"1\" class=\"wp-image-4922\" style=\"aspect-ratio: 2.0253164556962027; width: 561px; height: auto;\" src=\"https:\/\/i0.wp.com\/ismaelcolosi.com.br\/wp-content\/uploads\/2023\/11\/grupo-de-empregos-whatsapp-e-facebook-ismael-colosi-vagas.jpg?ssl=1\" alt=\"\" \/><\/a><\/p>\n<!-- \/wp:image -->\n<\/div>\n<p> <br \/>\n<\/p>\n<div data-td-block-uid=\"tdi_95\">\n<div class=\"tdb-block-inner td-fix-index\">\n<p>O humorista <strong>Igor Guimar\u00e3es <\/strong>sobe ao palco do <strong>Theatro Pedro II<\/strong>, em<strong> Ribeir\u00e3o Preto<\/strong>,<strong> <\/strong>neste <strong>s\u00e1bado (1\u00ba de novembro)<\/strong>, \u00e0s 20h, com o show \u201c<strong>Stand-up de Humor<\/strong>\u201d. Ainda h\u00e1 ingressos dispon\u00edveis para compra on-line e presencial na bilheteria.<\/p>\n<p><strong>Igor Guimar\u00e3es<\/strong> \u00e9 comediante <em>stand-up <\/em>desde 2009 e se destacou logo no in\u00edcio da carreira. Personagens como o <strong>Boneco Josias<\/strong>, o <strong>Advogado Paloma <\/strong>e o <strong>\u00cdndio Ana Jones<\/strong> j\u00e1 ganharam destaque. <\/p>\n<p>Com uma nova estrutura e um novo arranjo, o Igor Guimar\u00e3es apresenta um novo espet\u00e1culo com muita m\u00fasica e humor. O roteiro aborda temas variados, conflitos familiares, hist\u00f3rias marcantes de amigos, de suas viagens e alguns acontecimentos atuais. O amplo repert\u00f3rio musical \u00e9 100% autoral.<\/p>\n<h2 class=\"wp-block-heading\"><strong>Ingressos<\/strong><\/h2>\n<p>Os ingressos podem ser adquiridos <strong>on-line <a href=\"https:\/\/ingressodigital.com\/evento\/16295\/igor-guimaraes-%7C-stand-up-de-humor\" target=\"_blank\" rel=\"noopener\">(clique aqui<\/a><\/strong><a href=\"https:\/\/ingressodigital.com\/evento\/16295\/igor-guimaraes-%7C-stand-up-de-humor\" target=\"_blank\" rel=\"noopener\">)<\/a>, ou presencialmente na bilheteria do Theatro Pedro II. Os pre\u00e7os variam entre R$ 50 a R$ 120. A classifica\u00e7\u00e3o indicativa do espet\u00e1culo \u00e9 de 14 anos. <\/p>\n<h2 class=\"wp-block-heading\"><strong>Servi\u00e7o<\/strong><\/h2>\n<p><strong>Stand-up de Humor<\/strong> <strong>\u2013 Igor Guimar\u00e3es<\/strong><\/p>\n<p><strong>Quando:<\/strong> 1\u00ba de novembro, s\u00e1bado <br \/><strong>Hor\u00e1rio:<\/strong> 20h<br \/><strong>Local:<\/strong> Theatro Pedro II | rua \u00c1lvares Cabral, 370 \u2013 Centro \u2013 Ribeir\u00e3o Preto<br \/><strong>Ingressos:<\/strong> A partir de R$ 50<\/p>\n<p>SAIBA MAIS<br \/>Edson e Hudson fazem show em Ribeir\u00e3o Preto neste s\u00e1bado; ainda h\u00e1 ingressos dispon\u00edveis<\/p>\n<h2 class=\"wp-block-heading\"><strong>FIQUE ON<\/strong><\/h2>\n<p>Fique ligado em tudo que acontece em Ribeir\u00e3o Preto e regi\u00e3o. Siga os perfis do\u00a0<strong>acidade on<\/strong>\u00a0no<a href=\"https:\/\/www.instagram.com\/acidadeonribeirao\" target=\"_blank\" rel=\"noreferrer noopener\">\u00a0Instagram\u00a0<\/a>e no\u00a0<a href=\"https:\/\/www.facebook.com\/acidadeonribeirao\/\" target=\"_blank\" rel=\"noreferrer noopener\">Facebook<\/a>.<\/p>\n<p>Receba not\u00edcias do<strong>\u00a0acidade on<\/strong>\u00a0no WhatsApp. Para entrar no grupo,\u00a0basta\u00a0<a href=\"https:\/\/chat.whatsapp.com\/I4nieTEMKlf50pJ28aMemC?mode=ac_t\" target=\"_blank\" rel=\"noreferrer noopener\">clicar aqui<\/a>. Ou, acesse o nosso\u00a0Canal\u00a0<a href=\"https:\/\/whatsapp.com\/channel\/0029Vb6IQl1JENyAeS57fk2p\" target=\"_blank\" rel=\"noreferrer noopener\">clicando aqui<\/a>.<\/p>\n<p>Fa\u00e7a uma den\u00fancia ou sugira uma reportagem sobre Ribeir\u00e3o Preto e regi\u00e3o pelo WhatsApp: 16 99117 7802.<\/p>\n<p>VEJA TAMB\u00c9M<br \/>Quem \u00e9 o personagem principal de \u2018Toy Story 5\u2019?<\/p>\n<p><!-- AI CONTENT END 1 -->\n<\/div>\n<\/div>\n<p><script async src=\"\/\/www.instagram.com\/embed.js\"><\/script><br \/>\n<br \/><br \/>\n<br \/><a href=\"https:\/\/www.acidadeon.com\/ribeiraopreto\/lazer-e-cultura\/humorista-igor-guimaraes-apresenta-stand-up-em-ribeirao-preto-neste-fim-de-semana\/\">Source link <\/a><\/p>\n<!-- CONTENT END 1 -->\n","protected":false},"excerpt":{"rendered":"<p>O humorista Igor Guimar\u00e3es sobe ao palco do Theatro Pedro II, em Ribeir\u00e3o Preto, neste s\u00e1bado (1\u00ba de novembro), \u00e0s 20h, com o show \u201cStand-up&#8230;<\/p>\n","protected":false},"author":1,"featured_media":79362,"comment_status":"open","ping_status":"open","sticky":false,"template":"","format":"standard","meta":{"advanced_seo_description":"","jetpack_seo_html_title":"","jetpack_seo_noindex":false,"jetpack_post_was_ever_published":false,"_jetpack_newsletter_access":"","_jetpack_dont_email_post_to_subs":false,"_jetpack_newsletter_tier_id":0,"_jetpack_memberships_contains_paywalled_content":false,"_jetpack_memberships_contains_paid_content":false,"footnotes":"","jetpack_publicize_message":"","jetpack_publicize_feature_enabled":true,"jetpack_social_post_already_shared":true,"jetpack_social_options":{"image_generator_settings":{"template":"highway","default_image_id":0,"font":"","enabled":false},"version":2}},"categories":[11],"tags":[],"class_list":["post-79361","post","type-post","status-publish","format-standard","has-post-thumbnail","hentry","category-noticias-de-ribeirao-preto-sp-e-regiao-ismael-colosi"],"jetpack_publicize_connections":[],"jetpack_featured_media_url":"https:\/\/i0.wp.com\/noticiasribeiraopreto.com.br\/wp-content\/uploads\/2025\/10\/PHOTO-2024-04-11-17-20-34_2025-10-30_12-32-20.webp.webp?fit=797%2C520&ssl=1","jetpack-related-posts":[{"id":81566,"url":"https:\/\/noticiasribeiraopreto.com.br\/index.php\/2026\/01\/10\/botafogo-lanca-novo-uniforme-2026-e-resgata-campanha-que-marcou-os-anos-90\/","url_meta":{"origin":79361,"position":0},"title":"Botafogo lan\u00e7a novo uniforme 2026 e resgata campanha que marcou os anos 90","author":"noticiasribeiraopreto.com.br","date":"10 de January de 2026","format":false,"excerpt":"O Botafogo lan\u00e7ou oficialmente nesta sexta-feira (9), seu uniforme principal para a temporada de 2026. O novo modelo j\u00e1 est\u00e1 dispon\u00edvel nas vers\u00f5es masculina e feminina e podem ser adquiridas por pre\u00e7o de R$ 309,99 nas lojas f\u00edsicas oficiais e pela internet. Conforme o clube, a nova camisa presta homenagem\u2026","rel":"","context":"In &quot;Not\u00edcias de Ribeir\u00e3o Preto-SP e Regi\u00e3o&quot;","block_context":{"text":"Not\u00edcias de Ribeir\u00e3o Preto-SP e Regi\u00e3o","link":"https:\/\/noticiasribeiraopreto.com.br\/index.php\/category\/noticias-de-ribeirao-preto-sp-e-regiao-ismael-colosi\/"},"img":{"alt_text":"","src":"https:\/\/i0.wp.com\/noticiasribeiraopreto.com.br\/wp-content\/uploads\/2026\/01\/Creditos_-Igor-Pola_Volt-Sport3_2026-01-09_21-35-17.webp.webp?fit=1200%2C800&ssl=1&resize=350%2C200","width":350,"height":200,"srcset":"https:\/\/i0.wp.com\/noticiasribeiraopreto.com.br\/wp-content\/uploads\/2026\/01\/Creditos_-Igor-Pola_Volt-Sport3_2026-01-09_21-35-17.webp.webp?fit=1200%2C800&ssl=1&resize=350%2C200 1x, https:\/\/i0.wp.com\/noticiasribeiraopreto.com.br\/wp-content\/uploads\/2026\/01\/Creditos_-Igor-Pola_Volt-Sport3_2026-01-09_21-35-17.webp.webp?fit=1200%2C800&ssl=1&resize=525%2C300 1.5x, https:\/\/i0.wp.com\/noticiasribeiraopreto.com.br\/wp-content\/uploads\/2026\/01\/Creditos_-Igor-Pola_Volt-Sport3_2026-01-09_21-35-17.webp.webp?fit=1200%2C800&ssl=1&resize=700%2C400 2x, https:\/\/i0.wp.com\/noticiasribeiraopreto.com.br\/wp-content\/uploads\/2026\/01\/Creditos_-Igor-Pola_Volt-Sport3_2026-01-09_21-35-17.webp.webp?fit=1200%2C800&ssl=1&resize=1050%2C600 3x"},"classes":[]},{"id":79415,"url":"https:\/\/noticiasribeiraopreto.com.br\/index.php\/2025\/10\/31\/shows-comedia-e-halloween-confira-o-que-acontece-neste-fim-de-semana-em-ribeirao-preto\/","url_meta":{"origin":79361,"position":1},"title":"Shows, com\u00e9dia e halloween: confira o que acontece neste fim de semana em Ribeir\u00e3o Preto","author":"noticiasribeiraopreto.com.br","date":"31 de October de 2025","format":false,"excerpt":"O fim de semana chegou e Ribeir\u00e3o Preto conta com diversas op\u00e7\u00f5es para aproveitar. Entre as atra\u00e7\u00f5es est\u00e3o o show da dupla sertaneja Edson & Hudson, o novo stand-up de Igor Guimar\u00e3es e a edi\u00e7\u00e3o do \u201cC\u00e3olloween\u201d. Confira a programa\u00e7\u00e3o completa abaixo. Edson & Hudson A dupla sertaneja se apresenta\u2026","rel":"","context":"In &quot;Not\u00edcias de Ribeir\u00e3o Preto-SP e Regi\u00e3o&quot;","block_context":{"text":"Not\u00edcias de Ribeir\u00e3o Preto-SP e Regi\u00e3o","link":"https:\/\/noticiasribeiraopreto.com.br\/index.php\/category\/noticias-de-ribeirao-preto-sp-e-regiao-ismael-colosi\/"},"img":{"alt_text":"","src":"https:\/\/i0.wp.com\/noticiasribeiraopreto.com.br\/wp-content\/uploads\/2025\/08\/edson-hudson_2025-08-30_19-01-55.webp.webp?fit=800%2C533&ssl=1&resize=350%2C200","width":350,"height":200,"srcset":"https:\/\/i0.wp.com\/noticiasribeiraopreto.com.br\/wp-content\/uploads\/2025\/08\/edson-hudson_2025-08-30_19-01-55.webp.webp?fit=800%2C533&ssl=1&resize=350%2C200 1x, https:\/\/i0.wp.com\/noticiasribeiraopreto.com.br\/wp-content\/uploads\/2025\/08\/edson-hudson_2025-08-30_19-01-55.webp.webp?fit=800%2C533&ssl=1&resize=525%2C300 1.5x, https:\/\/i0.wp.com\/noticiasribeiraopreto.com.br\/wp-content\/uploads\/2025\/08\/edson-hudson_2025-08-30_19-01-55.webp.webp?fit=800%2C533&ssl=1&resize=700%2C400 2x"},"classes":[]},{"id":57889,"url":"https:\/\/noticiasribeiraopreto.com.br\/index.php\/2024\/09\/12\/humorista-diogo-portugal-se-apresenta-esse-fim-de-semana-em-ribeirao-preto\/","url_meta":{"origin":79361,"position":2},"title":"Humorista Diogo Portugal se apresenta esse fim de semana em Ribeir\u00e3o Preto","author":"noticiasribeiraopreto.com.br","date":"12 de September de 2024","format":false,"excerpt":"O humorista Diogo Portugal traz para o palco do Teatro Santarosa, em Ribeir\u00e3o Preto, seu novo stand-up \u201cBurrice Artificial\u201d. A apresenta\u00e7\u00e3o acontece nesta sexta-feira (13), a partir das 20h. O show convida o p\u00fablico a refletir sobre a depend\u00eancia da tecnologia. Durante a apresenta\u00e7\u00e3o, o humorista transita nas mudan\u00e7as e\u2026","rel":"","context":"In &quot;Not\u00edcias de Ribeir\u00e3o Preto-SP e Regi\u00e3o&quot;","block_context":{"text":"Not\u00edcias de Ribeir\u00e3o Preto-SP e Regi\u00e3o","link":"https:\/\/noticiasribeiraopreto.com.br\/index.php\/category\/noticias-de-ribeirao-preto-sp-e-regiao-ismael-colosi\/"},"img":{"alt_text":"","src":"https:\/\/i0.wp.com\/noticiasribeiraopreto.com.br\/wp-content\/uploads\/2024\/09\/diogo_portugal_2024-09-12_14-13-53.webp.webp?fit=984%2C656&ssl=1&resize=350%2C200","width":350,"height":200,"srcset":"https:\/\/i0.wp.com\/noticiasribeiraopreto.com.br\/wp-content\/uploads\/2024\/09\/diogo_portugal_2024-09-12_14-13-53.webp.webp?fit=984%2C656&ssl=1&resize=350%2C200 1x, https:\/\/i0.wp.com\/noticiasribeiraopreto.com.br\/wp-content\/uploads\/2024\/09\/diogo_portugal_2024-09-12_14-13-53.webp.webp?fit=984%2C656&ssl=1&resize=525%2C300 1.5x, https:\/\/i0.wp.com\/noticiasribeiraopreto.com.br\/wp-content\/uploads\/2024\/09\/diogo_portugal_2024-09-12_14-13-53.webp.webp?fit=984%2C656&ssl=1&resize=700%2C400 2x"},"classes":[]},{"id":60225,"url":"https:\/\/noticiasribeiraopreto.com.br\/index.php\/2024\/11\/08\/muita-musica-e-stand-up-confira-a-agenda-cultural-do-fim-de-semana-em-ribeirao-preto\/","url_meta":{"origin":79361,"position":3},"title":"Muita m\u00fasica e stand-up: Confira a agenda cultural do fim de semana em Ribeir\u00e3o Preto","author":"noticiasribeiraopreto.com.br","date":"8 de November de 2024","format":false,"excerpt":"O fim de semana chegou e Ribeir\u00e3o Preto conta com uma programa\u00e7\u00e3o diversificada para quem quer se divertir fora de casa. A agenda cultural conta com muita m\u00fasica e shows de stand-up. Os destaques s\u00e3o o sertanejo Almir Sater, o grupo \u201c4 Amigos \u2013 Fila de Piadas\u201d e o Jam\u2026","rel":"","context":"In &quot;Not\u00edcias de Ribeir\u00e3o Preto-SP e Regi\u00e3o&quot;","block_context":{"text":"Not\u00edcias de Ribeir\u00e3o Preto-SP e Regi\u00e3o","link":"https:\/\/noticiasribeiraopreto.com.br\/index.php\/category\/noticias-de-ribeirao-preto-sp-e-regiao-ismael-colosi\/"},"img":{"alt_text":"","src":"https:\/\/i0.wp.com\/noticiasribeiraopreto.com.br\/wp-content\/uploads\/2024\/11\/Copia-de-Copia-de-Copia-de-TAMANHO-EXATO-PARA-FOTOS-NO-SISTEMA-NOVO-25_2024-11-08_15-09-47_jpg_2024-11-08_15-09-47.webp.webp?fit=1200%2C675&ssl=1&resize=350%2C200","width":350,"height":200,"srcset":"https:\/\/i0.wp.com\/noticiasribeiraopreto.com.br\/wp-content\/uploads\/2024\/11\/Copia-de-Copia-de-Copia-de-TAMANHO-EXATO-PARA-FOTOS-NO-SISTEMA-NOVO-25_2024-11-08_15-09-47_jpg_2024-11-08_15-09-47.webp.webp?fit=1200%2C675&ssl=1&resize=350%2C200 1x, https:\/\/i0.wp.com\/noticiasribeiraopreto.com.br\/wp-content\/uploads\/2024\/11\/Copia-de-Copia-de-Copia-de-TAMANHO-EXATO-PARA-FOTOS-NO-SISTEMA-NOVO-25_2024-11-08_15-09-47_jpg_2024-11-08_15-09-47.webp.webp?fit=1200%2C675&ssl=1&resize=525%2C300 1.5x, https:\/\/i0.wp.com\/noticiasribeiraopreto.com.br\/wp-content\/uploads\/2024\/11\/Copia-de-Copia-de-Copia-de-TAMANHO-EXATO-PARA-FOTOS-NO-SISTEMA-NOVO-25_2024-11-08_15-09-47_jpg_2024-11-08_15-09-47.webp.webp?fit=1200%2C675&ssl=1&resize=700%2C400 2x, https:\/\/i0.wp.com\/noticiasribeiraopreto.com.br\/wp-content\/uploads\/2024\/11\/Copia-de-Copia-de-Copia-de-TAMANHO-EXATO-PARA-FOTOS-NO-SISTEMA-NOVO-25_2024-11-08_15-09-47_jpg_2024-11-08_15-09-47.webp.webp?fit=1200%2C675&ssl=1&resize=1050%2C600 3x"},"classes":[]},{"id":60232,"url":"https:\/\/noticiasribeiraopreto.com.br\/index.php\/2024\/11\/08\/muita-musica-e-stand-up-confira-a-agenda-cultural-do-fim-de-semana-em-ribeirao-preto-2\/","url_meta":{"origin":79361,"position":4},"title":"Muita m\u00fasica e stand-up: Confira a agenda cultural do fim de semana em Ribeir\u00e3o Preto","author":"noticiasribeiraopreto.com.br","date":"8 de November de 2024","format":false,"excerpt":"O fim de semana chegou e Ribeir\u00e3o Preto conta com uma programa\u00e7\u00e3o diversificada para quem quer se divertir fora de casa. A agenda cultural conta com muita m\u00fasica e shows de stand-up. Os destaques s\u00e3o o sertanejo Almir Sater, o grupo \u201c4 Amigos \u2013 Fila de Piadas\u201d e o Jam\u2026","rel":"","context":"In &quot;Not\u00edcias de Ribeir\u00e3o Preto-SP e Regi\u00e3o&quot;","block_context":{"text":"Not\u00edcias de Ribeir\u00e3o Preto-SP e Regi\u00e3o","link":"https:\/\/noticiasribeiraopreto.com.br\/index.php\/category\/noticias-de-ribeirao-preto-sp-e-regiao-ismael-colosi\/"},"img":{"alt_text":"","src":"https:\/\/i0.wp.com\/noticiasribeiraopreto.com.br\/wp-content\/uploads\/2024\/11\/Copia-de-Copia-de-Copia-de-TAMANHO-EXATO-PARA-FOTOS-NO-SISTEMA-NOVO-25_2024-11-08_15-09-47_jpg_2024-11-08_15-09-47.webp.webp?fit=1200%2C675&ssl=1&resize=350%2C200","width":350,"height":200,"srcset":"https:\/\/i0.wp.com\/noticiasribeiraopreto.com.br\/wp-content\/uploads\/2024\/11\/Copia-de-Copia-de-Copia-de-TAMANHO-EXATO-PARA-FOTOS-NO-SISTEMA-NOVO-25_2024-11-08_15-09-47_jpg_2024-11-08_15-09-47.webp.webp?fit=1200%2C675&ssl=1&resize=350%2C200 1x, https:\/\/i0.wp.com\/noticiasribeiraopreto.com.br\/wp-content\/uploads\/2024\/11\/Copia-de-Copia-de-Copia-de-TAMANHO-EXATO-PARA-FOTOS-NO-SISTEMA-NOVO-25_2024-11-08_15-09-47_jpg_2024-11-08_15-09-47.webp.webp?fit=1200%2C675&ssl=1&resize=525%2C300 1.5x, https:\/\/i0.wp.com\/noticiasribeiraopreto.com.br\/wp-content\/uploads\/2024\/11\/Copia-de-Copia-de-Copia-de-TAMANHO-EXATO-PARA-FOTOS-NO-SISTEMA-NOVO-25_2024-11-08_15-09-47_jpg_2024-11-08_15-09-47.webp.webp?fit=1200%2C675&ssl=1&resize=700%2C400 2x, https:\/\/i0.wp.com\/noticiasribeiraopreto.com.br\/wp-content\/uploads\/2024\/11\/Copia-de-Copia-de-Copia-de-TAMANHO-EXATO-PARA-FOTOS-NO-SISTEMA-NOVO-25_2024-11-08_15-09-47_jpg_2024-11-08_15-09-47.webp.webp?fit=1200%2C675&ssl=1&resize=1050%2C600 3x"},"classes":[]},{"id":64684,"url":"https:\/\/noticiasribeiraopreto.com.br\/index.php\/2025\/03\/11\/humorista-diogo-portugal-se-apresenta-no-teatro-municipal-de-ribeirao-preto-veja-quando\/","url_meta":{"origin":79361,"position":5},"title":"Humorista Diogo Portugal se apresenta no Teatro Municipal de Ribeir\u00e3o Preto; Veja quando","author":"noticiasribeiraopreto.com.br","date":"11 de March de 2025","format":false,"excerpt":"O humorista Diogo Portugal retorna a Ribeir\u00e3o Preto com o stand-up\u00a0\u201cBurrice Artificial\u201d neste m\u00eas de mar\u00e7o. A apresenta\u00e7\u00e3o est\u00e1 marcada para o s\u00e1bado (22), \u00e0s 20h, no Teatro Municipal. Os ingressos ainda podem ser adquiridos. O show convida o p\u00fablico a refletir sobre a\u00a0depend\u00eancia da tecnologia. Durante a apresenta\u00e7\u00e3o, o\u2026","rel":"","context":"In &quot;Not\u00edcias de Ribeir\u00e3o Preto-SP e Regi\u00e3o&quot;","block_context":{"text":"Not\u00edcias de Ribeir\u00e3o Preto-SP e Regi\u00e3o","link":"https:\/\/noticiasribeiraopreto.com.br\/index.php\/category\/noticias-de-ribeirao-preto-sp-e-regiao-ismael-colosi\/"},"img":{"alt_text":"","src":"https:\/\/i0.wp.com\/noticiasribeiraopreto.com.br\/wp-content\/uploads\/2024\/09\/diogo_portugal_2024-09-12_14-13-53.webp.webp?fit=984%2C656&ssl=1&resize=350%2C200","width":350,"height":200,"srcset":"https:\/\/i0.wp.com\/noticiasribeiraopreto.com.br\/wp-content\/uploads\/2024\/09\/diogo_portugal_2024-09-12_14-13-53.webp.webp?fit=984%2C656&ssl=1&resize=350%2C200 1x, https:\/\/i0.wp.com\/noticiasribeiraopreto.com.br\/wp-content\/uploads\/2024\/09\/diogo_portugal_2024-09-12_14-13-53.webp.webp?fit=984%2C656&ssl=1&resize=525%2C300 1.5x, https:\/\/i0.wp.com\/noticiasribeiraopreto.com.br\/wp-content\/uploads\/2024\/09\/diogo_portugal_2024-09-12_14-13-53.webp.webp?fit=984%2C656&ssl=1&resize=700%2C400 2x"},"classes":[]}],"jetpack_sharing_enabled":true,"jetpack_shortlink":"https:\/\/wp.me\/peQAOb-kE1","_links":{"self":[{"href":"https:\/\/noticiasribeiraopreto.com.br\/index.php\/wp-json\/wp\/v2\/posts\/79361","targetHints":{"allow":["GET"]}}],"collection":[{"href":"https:\/\/noticiasribeiraopreto.com.br\/index.php\/wp-json\/wp\/v2\/posts"}],"about":[{"href":"https:\/\/noticiasribeiraopreto.com.br\/index.php\/wp-json\/wp\/v2\/types\/post"}],"author":[{"embeddable":true,"href":"https:\/\/noticiasribeiraopreto.com.br\/index.php\/wp-json\/wp\/v2\/users\/1"}],"replies":[{"embeddable":true,"href":"https:\/\/noticiasribeiraopreto.com.br\/index.php\/wp-json\/wp\/v2\/comments?post=79361"}],"version-history":[{"count":0,"href":"https:\/\/noticiasribeiraopreto.com.br\/index.php\/wp-json\/wp\/v2\/posts\/79361\/revisions"}],"wp:featuredmedia":[{"embeddable":true,"href":"https:\/\/noticiasribeiraopreto.com.br\/index.php\/wp-json\/wp\/v2\/media\/79362"}],"wp:attachment":[{"href":"https:\/\/noticiasribeiraopreto.com.br\/index.php\/wp-json\/wp\/v2\/media?parent=79361"}],"wp:term":[{"taxonomy":"category","embeddable":true,"href":"https:\/\/noticiasribeiraopreto.com.br\/index.php\/wp-json\/wp\/v2\/categories?post=79361"},{"taxonomy":"post_tag","embeddable":true,"href":"https:\/\/noticiasribeiraopreto.com.br\/index.php\/wp-json\/wp\/v2\/tags?post=79361"}],"curies":[{"name":"wp","href":"https:\/\/api.w.org\/{rel}","templated":true}]}}