{"id":79363,"date":"2025-10-30T11:08:12","date_gmt":"2025-10-30T14:08:12","guid":{"rendered":"https:\/\/noticiasribeiraopreto.com.br\/index.php\/2025\/10\/30\/ladrao-rende-casal-de-idosos-e-faz-limpa-em-residencia-na-zona-sul-de-ribeirao-preto\/"},"modified":"2025-10-30T11:08:12","modified_gmt":"2025-10-30T14:08:12","slug":"ladrao-rende-casal-de-idosos-e-faz-limpa-em-residencia-na-zona-sul-de-ribeirao-preto","status":"publish","type":"post","link":"https:\/\/noticiasribeiraopreto.com.br\/index.php\/2025\/10\/30\/ladrao-rende-casal-de-idosos-e-faz-limpa-em-residencia-na-zona-sul-de-ribeirao-preto\/","title":{"rendered":"Ladr\u00e3o rende casal de idosos e faz &#8216;limpa&#8217; em resid\u00eancia na zona Sul de Ribeir\u00e3o Preto"},"content":{"rendered":"<div class='code-block code-block-1' style='margin: 8px 0 8px auto; text-align: right; display: block; clear: both;'>\n<p><a href=\"https:\/\/wa.link\/vpicfd\"><img data-recalc-dims=\"1\" class=\"wp-image-4922\" style=\"aspect-ratio: 2.0253164556962027; width: 561px; height: auto;\" src=\"https:\/\/i0.wp.com\/ismaelcolosi.com.br\/wp-content\/uploads\/2023\/11\/grupo-de-empregos-whatsapp-e-facebook-ismael-colosi-vagas.jpg?ssl=1\" alt=\"\" \/><\/a><\/p>\n<!-- \/wp:image -->\n<\/div>\n<p> <br \/>\n<\/p>\n<div>\n<p><strong>Um casal de idosos foi rendido por um assaltante armado durante um roubo a resid\u00eancia na noite desta quarta-feira (29), na City Ribeir\u00e3o, zona Sul de Ribeir\u00e3o Preto.<\/strong><\/p>\n<p><mark style=\"background-color:#fcb900\" class=\"has-inline-color has-black-color\">Segundo o boletim de ocorr\u00eancia (BO), foram levados joias, eletr\u00f4nicos \u2013 como notebooks, televisores e celulares \u2013 e um carro Volkswagen T-Cross prata.<\/mark><\/p>\n<p>Ainda conforme o registro, o criminoso teria pulado um port\u00e3o e teve acesso ao interior da resid\u00eancia, na rua Gua\u00edra, por uma porta aberta, j\u00e1 que as v\u00edtimas aguardavam um gato de estima\u00e7\u00e3o retornar da rua.<\/p>\n<p>De acordo com as v\u00edtimas, o criminoso disse: \u201cA mo\u00e7a falou que tem dinheiro l\u00e1 em cima\u201d. Consta no BO que uma empregada trabalha na casa h\u00e1 23 anos e as v\u00edtimas disseram que t\u00eam absoluta confian\u00e7a nela, afastando a suspeita, j\u00e1 que a casa \u00e9 t\u00e9rrea e n\u00e3o havia dinheiro no im\u00f3vel, a suspeita foi afastada.<\/p>\n<p>As v\u00edtimas foram deixadas no quarto do casal com a porta destrancada e o assaltante fugiu em seguida. N\u00e3o houve relatos de feridos na a\u00e7\u00e3o.<\/p>\n<p>A PM (Pol\u00edcia Militar) foi chamada, mas nenhum suspeito foi preso.<\/p>\n<p>Um dos celulares roubados na a\u00e7\u00e3o foi encontrado no Jardim Anhanguera, zona Leste, por meio de rastreamento.<\/p>\n<p>O caso foi registrado na CPJ (Central de Pol\u00edcia Judici\u00e1ria) Permanente como roubo a resid\u00eancia para investiga\u00e7\u00e3o da Pol\u00edcia Civil.<\/p>\n<p>SAIBA MAIS<\/p>\n<p>Nova frente fria traz risco de chuva forte ao interior de SP; Confira previs\u00e3o<\/p>\n<h2 class=\"wp-block-heading\"><strong>FIQUE ON<\/strong><\/h2>\n<p>Fique ligado em tudo que acontece em Ribeir\u00e3o Preto e regi\u00e3o. Siga os perfis do\u00a0<strong>acidade on<\/strong>\u00a0no<a href=\"https:\/\/www.instagram.com\/acidadeonribeirao\" target=\"_blank\" rel=\"noreferrer noopener\">\u00a0Instagram\u00a0<\/a>e no\u00a0<a href=\"https:\/\/www.facebook.com\/acidadeonribeirao\/\" target=\"_blank\" rel=\"noreferrer noopener\">Facebook<\/a>.<\/p>\n<p>Receba not\u00edcias do<strong>\u00a0acidade on<\/strong>\u00a0no WhatsApp. Para entrar no grupo,\u00a0basta\u00a0<a href=\"https:\/\/chat.whatsapp.com\/I4nieTEMKlf50pJ28aMemC?mode=ac_t\" target=\"_blank\" rel=\"noreferrer noopener\">clicar aqui<\/a>. Ou, acesse o nosso\u00a0Canal\u00a0<a href=\"https:\/\/whatsapp.com\/channel\/0029Vb6IQl1JENyAeS57fk2p\" target=\"_blank\" rel=\"noreferrer noopener\">clicando aqui<\/a>.<\/p>\n<p>Fa\u00e7a uma den\u00fancia ou sugira uma reportagem sobre Ribeir\u00e3o Preto e regi\u00e3o pelo WhatsApp: 16 99117 7802.<\/p>\n<p>VEJA TAMB\u00c9M<\/p>\n<p>Veja 5 motivos para jogar Little Nightmares III no Halloween<\/p>\n<p><!-- AI CONTENT END 1 -->\n<\/div>\n<p><script async src=\"\/\/www.instagram.com\/embed.js\"><\/script><br \/>\n<br \/><br \/>\n<br \/><a href=\"https:\/\/www.acidadeon.com\/ribeiraopreto\/cotidiano\/ladrao-rende-casal-de-idosos-faz-limpa-em-residencia-na-zona-sul-de-ribeirao-preto\/\">Source link <\/a><\/p>\n<!-- CONTENT END 1 -->\n","protected":false},"excerpt":{"rendered":"<p>Um casal de idosos foi rendido por um assaltante armado durante um roubo a resid\u00eancia na noite desta quarta-feira (29), na City Ribeir\u00e3o, zona Sul&#8230;<\/p>\n","protected":false},"author":1,"featured_media":79364,"comment_status":"open","ping_status":"open","sticky":false,"template":"","format":"standard","meta":{"advanced_seo_description":"","jetpack_seo_html_title":"","jetpack_seo_noindex":false,"jetpack_post_was_ever_published":false,"_jetpack_newsletter_access":"","_jetpack_dont_email_post_to_subs":false,"_jetpack_newsletter_tier_id":0,"_jetpack_memberships_contains_paywalled_content":false,"_jetpack_memberships_contains_paid_content":false,"footnotes":"","jetpack_publicize_message":"","jetpack_publicize_feature_enabled":true,"jetpack_social_post_already_shared":true,"jetpack_social_options":{"image_generator_settings":{"template":"highway","default_image_id":0,"font":"","enabled":false},"version":2}},"categories":[11],"tags":[],"class_list":["post-79363","post","type-post","status-publish","format-standard","has-post-thumbnail","hentry","category-noticias-de-ribeirao-preto-sp-e-regiao-ismael-colosi"],"jetpack_publicize_connections":[],"jetpack_featured_media_url":"https:\/\/i0.wp.com\/noticiasribeiraopreto.com.br\/wp-content\/uploads\/2025\/10\/WhatsApp-Image-2025-10-30-at-09.26.44_2025-10-30_12-27-20.webp.webp?fit=852%2C610&ssl=1","jetpack-related-posts":[{"id":64898,"url":"https:\/\/noticiasribeiraopreto.com.br\/index.php\/2025\/03\/13\/casal-de-idosos-acorda-com-assaltante-dentro-de-casa-na-zona-oeste-de-ribeirao-preto\/","url_meta":{"origin":79363,"position":0},"title":"Casal de idosos acorda com assaltante dentro de casa na zona Oeste de Ribeir\u00e3o Preto","author":"noticiasribeiraopreto.com.br","date":"13 de March de 2025","format":false,"excerpt":"Um casal de idosos acordou com um assaltante dentro de casa no in\u00edcio da manh\u00e3 desta quarta-feira (12), no Jardim Recreio, zona Oeste de Ribeir\u00e3o Preto. Segundo o boletim de ocorr\u00eancia (BO), o homem, de 65 anos, foi amarrado na cama pelo criminoso, que estava com uma faca. A mulher,\u2026","rel":"","context":"In &quot;Not\u00edcias de Ribeir\u00e3o Preto-SP e Regi\u00e3o&quot;","block_context":{"text":"Not\u00edcias de Ribeir\u00e3o Preto-SP e Regi\u00e3o","link":"https:\/\/noticiasribeiraopreto.com.br\/index.php\/category\/noticias-de-ribeirao-preto-sp-e-regiao-ismael-colosi\/"},"img":{"alt_text":"","src":"https:\/\/i0.wp.com\/noticiasribeiraopreto.com.br\/wp-content\/uploads\/2025\/03\/cpj_1024x576_21012021092745.jpg?fit=1024%2C575&ssl=1&resize=350%2C200","width":350,"height":200,"srcset":"https:\/\/i0.wp.com\/noticiasribeiraopreto.com.br\/wp-content\/uploads\/2025\/03\/cpj_1024x576_21012021092745.jpg?fit=1024%2C575&ssl=1&resize=350%2C200 1x, https:\/\/i0.wp.com\/noticiasribeiraopreto.com.br\/wp-content\/uploads\/2025\/03\/cpj_1024x576_21012021092745.jpg?fit=1024%2C575&ssl=1&resize=525%2C300 1.5x, https:\/\/i0.wp.com\/noticiasribeiraopreto.com.br\/wp-content\/uploads\/2025\/03\/cpj_1024x576_21012021092745.jpg?fit=1024%2C575&ssl=1&resize=700%2C400 2x"},"classes":[]},{"id":56865,"url":"https:\/\/noticiasribeiraopreto.com.br\/index.php\/2024\/08\/16\/aposentado-sofre-extorsao-e-tem-carro-roubado-dentro-de-casa-na-zona-sul-de-ribeirao-preto\/","url_meta":{"origin":79363,"position":1},"title":"Aposentado sofre extors\u00e3o e tem carro roubado dentro de casa na zona Sul de Ribeir\u00e3o Preto","author":"noticiasribeiraopreto.com.br","date":"16 de August de 2024","format":false,"excerpt":"Um aposentado foi assaltado dentro da pr\u00f3pria resid\u00eancia no bairro City Ribeir\u00e3o, na zona Sul de Ribeir\u00e3o Preto, na \u00faltima quinta-feira (15). Segundo o BO (boletim de ocorr\u00eancia), o criminoso obrigou o aposentado a fazer um Pix de R$ 2 mil e fugiu com o carro da v\u00edtima. O documento\u2026","rel":"","context":"In &quot;Not\u00edcias de Ribeir\u00e3o Preto-SP e Regi\u00e3o&quot;","block_context":{"text":"Not\u00edcias de Ribeir\u00e3o Preto-SP e Regi\u00e3o","link":"https:\/\/noticiasribeiraopreto.com.br\/index.php\/category\/noticias-de-ribeirao-preto-sp-e-regiao-ismael-colosi\/"},"img":{"alt_text":"","src":"https:\/\/i0.wp.com\/noticiasribeiraopreto.com.br\/wp-content\/uploads\/2024\/08\/1723806848_cpj_1024x576_21012021092745.jpg?fit=1024%2C575&ssl=1&resize=350%2C200","width":350,"height":200,"srcset":"https:\/\/i0.wp.com\/noticiasribeiraopreto.com.br\/wp-content\/uploads\/2024\/08\/1723806848_cpj_1024x576_21012021092745.jpg?fit=1024%2C575&ssl=1&resize=350%2C200 1x, https:\/\/i0.wp.com\/noticiasribeiraopreto.com.br\/wp-content\/uploads\/2024\/08\/1723806848_cpj_1024x576_21012021092745.jpg?fit=1024%2C575&ssl=1&resize=525%2C300 1.5x, https:\/\/i0.wp.com\/noticiasribeiraopreto.com.br\/wp-content\/uploads\/2024\/08\/1723806848_cpj_1024x576_21012021092745.jpg?fit=1024%2C575&ssl=1&resize=700%2C400 2x"},"classes":[]},{"id":64888,"url":"https:\/\/noticiasribeiraopreto.com.br\/index.php\/2025\/03\/13\/casal-de-idosos-vive-madrugada-de-terror-durante-invasao-violenta-em-ribeirao-preto\/","url_meta":{"origin":79363,"position":2},"title":"Casal de Idosos Vive Madrugada de Terror Durante Invas\u00e3o Violenta em Ribeir\u00e3o Preto","author":"noticiasribeiraopreto.com.br","date":"13 de March de 2025","format":false,"excerpt":"Na madrugada desta quarta-feira, um casal de idosos passou por momentos de extremo pavor ao acordar com um assaltante dentro de sua resid\u00eancia, localizada na Zona Oeste de Ribeir\u00e3o Preto. A invas\u00e3o aconteceu por volta das 3h da manh\u00e3, momento em que o criminoso conseguiu adentrar o im\u00f3vel silenciosamente, aproveitando\u2026","rel":"","context":"In &quot;Not\u00edcias de Ribeir\u00e3o Preto-SP e Regi\u00e3o&quot;","block_context":{"text":"Not\u00edcias de Ribeir\u00e3o Preto-SP e Regi\u00e3o","link":"https:\/\/noticiasribeiraopreto.com.br\/index.php\/category\/noticias-de-ribeirao-preto-sp-e-regiao-ismael-colosi\/"},"img":{"alt_text":"","src":"https:\/\/i0.wp.com\/noticiasribeiraopreto.com.br\/wp-content\/uploads\/2025\/02\/pm_sp02.webp.webp?fit=1170%2C700&ssl=1&resize=350%2C200","width":350,"height":200,"srcset":"https:\/\/i0.wp.com\/noticiasribeiraopreto.com.br\/wp-content\/uploads\/2025\/02\/pm_sp02.webp.webp?fit=1170%2C700&ssl=1&resize=350%2C200 1x, https:\/\/i0.wp.com\/noticiasribeiraopreto.com.br\/wp-content\/uploads\/2025\/02\/pm_sp02.webp.webp?fit=1170%2C700&ssl=1&resize=525%2C300 1.5x, https:\/\/i0.wp.com\/noticiasribeiraopreto.com.br\/wp-content\/uploads\/2025\/02\/pm_sp02.webp.webp?fit=1170%2C700&ssl=1&resize=700%2C400 2x, https:\/\/i0.wp.com\/noticiasribeiraopreto.com.br\/wp-content\/uploads\/2025\/02\/pm_sp02.webp.webp?fit=1170%2C700&ssl=1&resize=1050%2C600 3x"},"classes":[]},{"id":57596,"url":"https:\/\/noticiasribeiraopreto.com.br\/index.php\/2024\/09\/05\/assaltantes-fazem-casal-refem-agridem-vitima-e-roubam-cofre-vazio-em-ribeirao\/","url_meta":{"origin":79363,"position":3},"title":"Assaltantes fazem casal ref\u00e9m, agridem v\u00edtima e roubam cofre vazio em Ribeir\u00e3o","author":"noticiasribeiraopreto.com.br","date":"5 de September de 2024","format":false,"excerpt":"Dois criminosos, um dos quais com uma arma de fogo, fizeram um casal ref\u00e9m e agrediram uma das v\u00edtimas durante um assalto no in\u00edcio da noite desta quarta-feira (4), no bairro Campos El\u00edseos, zona Norte de Ribeir\u00e3o Preto. Segundo o boletim de ocorr\u00eancia (BO), a v\u00edtima \u2013 um homem de\u2026","rel":"","context":"In &quot;Not\u00edcias de Ribeir\u00e3o Preto-SP e Regi\u00e3o&quot;","block_context":{"text":"Not\u00edcias de Ribeir\u00e3o Preto-SP e Regi\u00e3o","link":"https:\/\/noticiasribeiraopreto.com.br\/index.php\/category\/noticias-de-ribeirao-preto-sp-e-regiao-ismael-colosi\/"},"img":{"alt_text":"","src":"https:\/\/i0.wp.com\/noticiasribeiraopreto.com.br\/wp-content\/uploads\/2024\/09\/pm_qru_1024x576_25052021184558.jpg?fit=1024%2C576&ssl=1&resize=350%2C200","width":350,"height":200,"srcset":"https:\/\/i0.wp.com\/noticiasribeiraopreto.com.br\/wp-content\/uploads\/2024\/09\/pm_qru_1024x576_25052021184558.jpg?fit=1024%2C576&ssl=1&resize=350%2C200 1x, https:\/\/i0.wp.com\/noticiasribeiraopreto.com.br\/wp-content\/uploads\/2024\/09\/pm_qru_1024x576_25052021184558.jpg?fit=1024%2C576&ssl=1&resize=525%2C300 1.5x, https:\/\/i0.wp.com\/noticiasribeiraopreto.com.br\/wp-content\/uploads\/2024\/09\/pm_qru_1024x576_25052021184558.jpg?fit=1024%2C576&ssl=1&resize=700%2C400 2x"},"classes":[]},{"id":74537,"url":"https:\/\/noticiasribeiraopreto.com.br\/index.php\/2025\/07\/24\/casal-e-amarrado-durante-roubo-de-joias-e-eletronicos-na-regiao-de-ribeirao-preto\/","url_meta":{"origin":79363,"position":4},"title":"Casal \u00e9 amarrado durante roubo de joias e eletr\u00f4nicos na regi\u00e3o de Ribeir\u00e3o Preto","author":"noticiasribeiraopreto.com.br","date":"24 de July de 2025","format":false,"excerpt":"Um casal foi amarrado em um quarto de casa durante um roubo na noite desta quarta-feira (23), em Brodowski, na regi\u00e3o de Ribeir\u00e3o Preto. Dois suspeitos foram presos. Segundo o boletim de ocorr\u00eancia (BO), foram roubados joias e eletr\u00f4nicos, e uma das v\u00edtimas, um homem de 55 anos, acabou agredido\u2026","rel":"","context":"In &quot;Not\u00edcias de Ribeir\u00e3o Preto-SP e Regi\u00e3o&quot;","block_context":{"text":"Not\u00edcias de Ribeir\u00e3o Preto-SP e Regi\u00e3o","link":"https:\/\/noticiasribeiraopreto.com.br\/index.php\/category\/noticias-de-ribeirao-preto-sp-e-regiao-ismael-colosi\/"},"img":{"alt_text":"","src":"https:\/\/i0.wp.com\/noticiasribeiraopreto.com.br\/wp-content\/uploads\/2025\/07\/1753372569_20220620_114539075_policia_qru_1024x576_25052021184749_jpg_715985292.jpg?fit=1200%2C606&ssl=1&resize=350%2C200","width":350,"height":200,"srcset":"https:\/\/i0.wp.com\/noticiasribeiraopreto.com.br\/wp-content\/uploads\/2025\/07\/1753372569_20220620_114539075_policia_qru_1024x576_25052021184749_jpg_715985292.jpg?fit=1200%2C606&ssl=1&resize=350%2C200 1x, https:\/\/i0.wp.com\/noticiasribeiraopreto.com.br\/wp-content\/uploads\/2025\/07\/1753372569_20220620_114539075_policia_qru_1024x576_25052021184749_jpg_715985292.jpg?fit=1200%2C606&ssl=1&resize=525%2C300 1.5x, https:\/\/i0.wp.com\/noticiasribeiraopreto.com.br\/wp-content\/uploads\/2025\/07\/1753372569_20220620_114539075_policia_qru_1024x576_25052021184749_jpg_715985292.jpg?fit=1200%2C606&ssl=1&resize=700%2C400 2x, https:\/\/i0.wp.com\/noticiasribeiraopreto.com.br\/wp-content\/uploads\/2025\/07\/1753372569_20220620_114539075_policia_qru_1024x576_25052021184749_jpg_715985292.jpg?fit=1200%2C606&ssl=1&resize=1050%2C600 3x"},"classes":[]},{"id":48757,"url":"https:\/\/noticiasribeiraopreto.com.br\/index.php\/2024\/05\/06\/assaltantes-invadem-festa-amarram-familia-e-fazem-limpa-em-casa-de-ribeirao\/","url_meta":{"origin":79363,"position":5},"title":"Assaltantes invadem festa, amarram fam\u00edlia e fazem &#8216;limpa&#8217; em casa de Ribeir\u00e3o","author":"noticiasribeiraopreto.com.br","date":"6 de May de 2024","format":false,"excerpt":"Um casal e dois cunhados foram amarrados durante um roubo a resid\u00eancia na noite deste domingo (5), no Monte Alegre, zona Oeste de Ribeir\u00e3o Preto. As v\u00edtimas participavam de uma confraterniza\u00e7\u00e3o em uma \u00e1rea de churrasco nos fundos do im\u00f3vel, na rua Maracaj\u00fa. Segundo o boletim de ocorr\u00eancia (BO), tr\u00eas\u2026","rel":"","context":"In &quot;Not\u00edcias de Ribeir\u00e3o Preto-SP e Regi\u00e3o&quot;","block_context":{"text":"Not\u00edcias de Ribeir\u00e3o Preto-SP e Regi\u00e3o","link":"https:\/\/noticiasribeiraopreto.com.br\/index.php\/category\/noticias-de-ribeirao-preto-sp-e-regiao-ismael-colosi\/"},"img":{"alt_text":"","src":"https:\/\/i0.wp.com\/noticiasribeiraopreto.com.br\/wp-content\/uploads\/2024\/05\/cpj_policia_1200x675_30012022162443.jpg?fit=1200%2C675&ssl=1&resize=350%2C200","width":350,"height":200,"srcset":"https:\/\/i0.wp.com\/noticiasribeiraopreto.com.br\/wp-content\/uploads\/2024\/05\/cpj_policia_1200x675_30012022162443.jpg?fit=1200%2C675&ssl=1&resize=350%2C200 1x, https:\/\/i0.wp.com\/noticiasribeiraopreto.com.br\/wp-content\/uploads\/2024\/05\/cpj_policia_1200x675_30012022162443.jpg?fit=1200%2C675&ssl=1&resize=525%2C300 1.5x, https:\/\/i0.wp.com\/noticiasribeiraopreto.com.br\/wp-content\/uploads\/2024\/05\/cpj_policia_1200x675_30012022162443.jpg?fit=1200%2C675&ssl=1&resize=700%2C400 2x, https:\/\/i0.wp.com\/noticiasribeiraopreto.com.br\/wp-content\/uploads\/2024\/05\/cpj_policia_1200x675_30012022162443.jpg?fit=1200%2C675&ssl=1&resize=1050%2C600 3x"},"classes":[]}],"jetpack_sharing_enabled":true,"jetpack_shortlink":"https:\/\/wp.me\/peQAOb-kE3","_links":{"self":[{"href":"https:\/\/noticiasribeiraopreto.com.br\/index.php\/wp-json\/wp\/v2\/posts\/79363","targetHints":{"allow":["GET"]}}],"collection":[{"href":"https:\/\/noticiasribeiraopreto.com.br\/index.php\/wp-json\/wp\/v2\/posts"}],"about":[{"href":"https:\/\/noticiasribeiraopreto.com.br\/index.php\/wp-json\/wp\/v2\/types\/post"}],"author":[{"embeddable":true,"href":"https:\/\/noticiasribeiraopreto.com.br\/index.php\/wp-json\/wp\/v2\/users\/1"}],"replies":[{"embeddable":true,"href":"https:\/\/noticiasribeiraopreto.com.br\/index.php\/wp-json\/wp\/v2\/comments?post=79363"}],"version-history":[{"count":0,"href":"https:\/\/noticiasribeiraopreto.com.br\/index.php\/wp-json\/wp\/v2\/posts\/79363\/revisions"}],"wp:featuredmedia":[{"embeddable":true,"href":"https:\/\/noticiasribeiraopreto.com.br\/index.php\/wp-json\/wp\/v2\/media\/79364"}],"wp:attachment":[{"href":"https:\/\/noticiasribeiraopreto.com.br\/index.php\/wp-json\/wp\/v2\/media?parent=79363"}],"wp:term":[{"taxonomy":"category","embeddable":true,"href":"https:\/\/noticiasribeiraopreto.com.br\/index.php\/wp-json\/wp\/v2\/categories?post=79363"},{"taxonomy":"post_tag","embeddable":true,"href":"https:\/\/noticiasribeiraopreto.com.br\/index.php\/wp-json\/wp\/v2\/tags?post=79363"}],"curies":[{"name":"wp","href":"https:\/\/api.w.org\/{rel}","templated":true}]}}