{"id":79365,"date":"2025-10-30T11:16:03","date_gmt":"2025-10-30T14:16:03","guid":{"rendered":"https:\/\/noticiasribeiraopreto.com.br\/index.php\/2025\/10\/30\/furto-de-fios-desliga-semaforo-em-ribeirao-preto-veja-onde\/"},"modified":"2025-10-30T11:16:03","modified_gmt":"2025-10-30T14:16:03","slug":"furto-de-fios-desliga-semaforo-em-ribeirao-preto-veja-onde","status":"publish","type":"post","link":"https:\/\/noticiasribeiraopreto.com.br\/index.php\/2025\/10\/30\/furto-de-fios-desliga-semaforo-em-ribeirao-preto-veja-onde\/","title":{"rendered":"Furto de fios desliga sem\u00e1foro em Ribeir\u00e3o Preto; Veja onde"},"content":{"rendered":"<div class='code-block code-block-1' style='margin: 8px 0 8px auto; text-align: right; display: block; clear: both;'>\n<p><a href=\"https:\/\/wa.link\/vpicfd\"><img data-recalc-dims=\"1\" class=\"wp-image-4922\" style=\"aspect-ratio: 2.0253164556962027; width: 561px; height: auto;\" src=\"https:\/\/i0.wp.com\/ismaelcolosi.com.br\/wp-content\/uploads\/2023\/11\/grupo-de-empregos-whatsapp-e-facebook-ismael-colosi-vagas.jpg?ssl=1\" alt=\"\" \/><\/a><\/p>\n<!-- \/wp:image -->\n<\/div>\n<p> <br \/>\n<\/p>\n<div data-td-block-uid=\"tdi_95\">\n<div class=\"tdb-block-inner td-fix-index\">\n<p><strong>Ao menos dois cruzamentos com grande fluxo de ve\u00edculos tiveram os sem\u00e1foros desligados na manh\u00e3 desta quinta-feira (30), em Ribeir\u00e3o Preto.<\/strong><\/p>\n<p><mark style=\"background-color:#fcb900\" class=\"has-inline-color has-black-color\">Um dos pontos \u00e9 a rua Saldanha Marinho com a rua Duque de Caxias, no Centro. O outro \u00e9 a Via Francisco Maggioni com a rua Bar\u00e3o de Cotegipe, entre os bairros Campos El\u00edseos e Vila Tib\u00e9rio.<\/mark><\/p>\n<p>A RP Mobi informou que um furto da fia\u00e7\u00e3o afetou o equipamento na Via Francisco Maggioni. Equipes de tr\u00e2nsito est\u00e3o no local para reestabelecer o funcionamento. <\/p>\n<p>Na Saldanha, a RP Mobi disse que ainda n\u00e3o sabe o motivo do desligamento. Equipes foram direcionadas ao local.<\/p>\n<blockquote class=\"instagram-media\" data-instgrm-permalink=\"https:\/\/www.instagram.com\/reel\/DQblzFAjrxQ\/?utm_source=ig_embed&amp;utm_campaign=loading\" data-instgrm-version=\"14\" style=\" background:#FFF; border:0; border-radius:3px; box-shadow:0 0 1px 0 rgba(0,0,0,0.5),0 1px 10px 0 rgba(0,0,0,0.15); margin: 1px; max-width:540px; min-width:326px; padding:0; width:99.375%; width:-webkit-calc(100% - 2px); width:calc(100% - 2px);\"\/>\n<p>SAIBA MAIS<\/p>\n<p>Nova frente fria traz risco de chuva forte ao interior de SP; Confira previs\u00e3o<\/p>\n<h2 class=\"wp-block-heading\"><strong>FIQUE ON<\/strong><\/h2>\n<p>Fique ligado em tudo que acontece em Ribeir\u00e3o Preto e regi\u00e3o. Siga os perfis do\u00a0<strong>acidade on<\/strong>\u00a0no<a href=\"https:\/\/www.instagram.com\/acidadeonribeirao\" target=\"_blank\" rel=\"noreferrer noopener\">\u00a0Instagram\u00a0<\/a>e no\u00a0<a href=\"https:\/\/www.facebook.com\/acidadeonribeirao\/\" target=\"_blank\" rel=\"noreferrer noopener\">Facebook<\/a>.<\/p>\n<p>Receba not\u00edcias do<strong>\u00a0acidade on<\/strong>\u00a0no WhatsApp. Para entrar no grupo,\u00a0basta\u00a0<a href=\"https:\/\/chat.whatsapp.com\/I4nieTEMKlf50pJ28aMemC?mode=ac_t\" target=\"_blank\" rel=\"noreferrer noopener\">clicar aqui<\/a>. Ou, acesse o nosso\u00a0Canal\u00a0<a href=\"https:\/\/whatsapp.com\/channel\/0029Vb6IQl1JENyAeS57fk2p\" target=\"_blank\" rel=\"noreferrer noopener\">clicando aqui<\/a>.<\/p>\n<p>Fa\u00e7a uma den\u00fancia ou sugira uma reportagem sobre Ribeir\u00e3o Preto e regi\u00e3o pelo WhatsApp: 16 99117 7802.<\/p>\n<p>VEJA TAMB\u00c9M<\/p>\n<p>Veja 5 motivos para jogar Little Nightmares III no Halloween<\/p>\n<p><!-- AI CONTENT END 1 -->\n<\/div>\n<\/div>\n<p><script async src=\"\/\/www.instagram.com\/embed.js\"><\/script><br \/>\n<br \/><br \/>\n<br \/><a href=\"https:\/\/www.acidadeon.com\/ribeiraopreto\/cotidiano\/furto-de-fios-desliga-semaforo-em-ribeirao-preto-veja-onde\/\">Source link <\/a><\/p>\n<!-- CONTENT END 1 -->\n","protected":false},"excerpt":{"rendered":"<p>Ao menos dois cruzamentos com grande fluxo de ve\u00edculos tiveram os sem\u00e1foros desligados na manh\u00e3 desta quinta-feira (30), em Ribeir\u00e3o Preto. Um dos pontos \u00e9&#8230;<\/p>\n","protected":false},"author":1,"featured_media":79366,"comment_status":"open","ping_status":"open","sticky":false,"template":"","format":"standard","meta":{"advanced_seo_description":"","jetpack_seo_html_title":"","jetpack_seo_noindex":false,"jetpack_post_was_ever_published":false,"_jetpack_newsletter_access":"","_jetpack_dont_email_post_to_subs":false,"_jetpack_newsletter_tier_id":0,"_jetpack_memberships_contains_paywalled_content":false,"_jetpack_memberships_contains_paid_content":false,"footnotes":"","jetpack_publicize_message":"","jetpack_publicize_feature_enabled":true,"jetpack_social_post_already_shared":true,"jetpack_social_options":{"image_generator_settings":{"template":"highway","default_image_id":0,"font":"","enabled":false},"version":2}},"categories":[11],"tags":[],"class_list":["post-79365","post","type-post","status-publish","format-standard","has-post-thumbnail","hentry","category-noticias-de-ribeirao-preto-sp-e-regiao-ismael-colosi"],"jetpack_publicize_connections":[],"jetpack_featured_media_url":"https:\/\/i0.wp.com\/noticiasribeiraopreto.com.br\/wp-content\/uploads\/2025\/10\/WhatsApp-Image-2025-10-30-at-07.24.32_2025-10-30_11-11-23.webp.webp?fit=1200%2C900&ssl=1","jetpack-related-posts":[{"id":66895,"url":"https:\/\/noticiasribeiraopreto.com.br\/index.php\/2025\/04\/07\/semana-comeca-sem-semaforo-na-via-francisco-maggioni-em-ribeirao-preto\/","url_meta":{"origin":79365,"position":0},"title":"Semana come\u00e7a sem sem\u00e1foro na Via Francisco Maggioni em Ribeir\u00e3o Preto","author":"noticiasribeiraopreto.com.br","date":"7 de April de 2025","format":false,"excerpt":"Os sem\u00e1foros est\u00e3o desligados na manh\u00e3 desta segunda-feira (7), na Via Francisco Maggioni, zona Norte de Ribeir\u00e3o Preto. Assista ao v\u00eddeo abaixo. O\u00a0problema\u00a0afeta\u00a0motoristas\u00a0e\u00a0pedestres na liga\u00e7\u00e3o da via com as\u00a0ruas Bar\u00e3o de Cotegipe e Municipal. A RP Mobi informou que uma equipe foi direcionada ao local para implantar sinaliza\u00e7\u00f5es provis\u00f3rias e\u2026","rel":"","context":"In &quot;Not\u00edcias de Ribeir\u00e3o Preto-SP e Regi\u00e3o&quot;","block_context":{"text":"Not\u00edcias de Ribeir\u00e3o Preto-SP e Regi\u00e3o","link":"https:\/\/noticiasribeiraopreto.com.br\/index.php\/category\/noticias-de-ribeirao-preto-sp-e-regiao-ismael-colosi\/"},"img":{"alt_text":"","src":"https:\/\/i0.wp.com\/noticiasribeiraopreto.com.br\/wp-content\/uploads\/2025\/04\/WhatsApp-Image-2025-04-07-at-08.05.41_2025-04-07_11-05-59_jpeg_2025-04-07_11-06-00.webp.webp?fit=1200%2C758&ssl=1&resize=350%2C200","width":350,"height":200,"srcset":"https:\/\/i0.wp.com\/noticiasribeiraopreto.com.br\/wp-content\/uploads\/2025\/04\/WhatsApp-Image-2025-04-07-at-08.05.41_2025-04-07_11-05-59_jpeg_2025-04-07_11-06-00.webp.webp?fit=1200%2C758&ssl=1&resize=350%2C200 1x, https:\/\/i0.wp.com\/noticiasribeiraopreto.com.br\/wp-content\/uploads\/2025\/04\/WhatsApp-Image-2025-04-07-at-08.05.41_2025-04-07_11-05-59_jpeg_2025-04-07_11-06-00.webp.webp?fit=1200%2C758&ssl=1&resize=525%2C300 1.5x, https:\/\/i0.wp.com\/noticiasribeiraopreto.com.br\/wp-content\/uploads\/2025\/04\/WhatsApp-Image-2025-04-07-at-08.05.41_2025-04-07_11-05-59_jpeg_2025-04-07_11-06-00.webp.webp?fit=1200%2C758&ssl=1&resize=700%2C400 2x, https:\/\/i0.wp.com\/noticiasribeiraopreto.com.br\/wp-content\/uploads\/2025\/04\/WhatsApp-Image-2025-04-07-at-08.05.41_2025-04-07_11-05-59_jpeg_2025-04-07_11-06-00.webp.webp?fit=1200%2C758&ssl=1&resize=1050%2C600 3x"},"classes":[]},{"id":62499,"url":"https:\/\/noticiasribeiraopreto.com.br\/index.php\/2025\/01\/16\/pela-2a-vez-na-semana-furto-de-fios-desliga-semaforos-em-ribeirao-preto\/","url_meta":{"origin":79365,"position":1},"title":"Pela 2\u00aa vez na semana, furto de fios desliga sem\u00e1foros em Ribeir\u00e3o Preto","author":"noticiasribeiraopreto.com.br","date":"16 de January de 2025","format":false,"excerpt":"O furto de fia\u00e7\u00e3o voltou a desligar os sem\u00e1foros na Via Francisco Maggioni pela segunda vez nesta semana, na zona Norte de Ribeir\u00e3o Preto. O problema afetou motoristas na manh\u00e3 desta quinta-feira (16), na liga\u00e7\u00e3o da via com as ruas Bar\u00e3o de Cotegipe e Municipal. Os condutores que trafegavam pela\u2026","rel":"","context":"In &quot;Not\u00edcias de Ribeir\u00e3o Preto-SP e Regi\u00e3o&quot;","block_context":{"text":"Not\u00edcias de Ribeir\u00e3o Preto-SP e Regi\u00e3o","link":"https:\/\/noticiasribeiraopreto.com.br\/index.php\/category\/noticias-de-ribeirao-preto-sp-e-regiao-ismael-colosi\/"},"img":{"alt_text":"","src":"https:\/\/i0.wp.com\/noticiasribeiraopreto.com.br\/wp-content\/uploads\/2025\/01\/WhatsApp-Image-2025-01-16-at-08.53.54_2025-01-16_12-03-49_jpeg_2025-01-16_12-03-49.webp.webp?fit=1200%2C668&ssl=1&resize=350%2C200","width":350,"height":200,"srcset":"https:\/\/i0.wp.com\/noticiasribeiraopreto.com.br\/wp-content\/uploads\/2025\/01\/WhatsApp-Image-2025-01-16-at-08.53.54_2025-01-16_12-03-49_jpeg_2025-01-16_12-03-49.webp.webp?fit=1200%2C668&ssl=1&resize=350%2C200 1x, https:\/\/i0.wp.com\/noticiasribeiraopreto.com.br\/wp-content\/uploads\/2025\/01\/WhatsApp-Image-2025-01-16-at-08.53.54_2025-01-16_12-03-49_jpeg_2025-01-16_12-03-49.webp.webp?fit=1200%2C668&ssl=1&resize=525%2C300 1.5x, https:\/\/i0.wp.com\/noticiasribeiraopreto.com.br\/wp-content\/uploads\/2025\/01\/WhatsApp-Image-2025-01-16-at-08.53.54_2025-01-16_12-03-49_jpeg_2025-01-16_12-03-49.webp.webp?fit=1200%2C668&ssl=1&resize=700%2C400 2x, https:\/\/i0.wp.com\/noticiasribeiraopreto.com.br\/wp-content\/uploads\/2025\/01\/WhatsApp-Image-2025-01-16-at-08.53.54_2025-01-16_12-03-49_jpeg_2025-01-16_12-03-49.webp.webp?fit=1200%2C668&ssl=1&resize=1050%2C600 3x"},"classes":[]},{"id":63618,"url":"https:\/\/noticiasribeiraopreto.com.br\/index.php\/2025\/02\/18\/furto-de-fios-desliga-semaforos-em-ribeirao-preto-veja-video\/","url_meta":{"origin":79365,"position":2},"title":"Furto de fios desliga sem\u00e1foros em Ribeir\u00e3o Preto; Veja\u00a0v\u00eddeo","author":"noticiasribeiraopreto.com.br","date":"18 de February de 2025","format":false,"excerpt":"O furto de fios causou o desligamento de sem\u00e1foros na manh\u00e3 desta ter\u00e7a-feira (18), na avenida Francisco Junqueira, altura do cruzamento com a\u00a0avenida\u00a0Saudade e rua Saldanha Marinho, em Ribeir\u00e3o Preto. Assista ao v\u00eddeo abaixo. Equipe da RP Mobi atua no local e j\u00e1 restabeleceu a sinaliza\u00e7\u00e3o\u00a0na Francisco\u00a0Junqueira. O problema agora\u2026","rel":"","context":"In &quot;Not\u00edcias de Ribeir\u00e3o Preto-SP e Regi\u00e3o&quot;","block_context":{"text":"Not\u00edcias de Ribeir\u00e3o Preto-SP e Regi\u00e3o","link":"https:\/\/noticiasribeiraopreto.com.br\/index.php\/category\/noticias-de-ribeirao-preto-sp-e-regiao-ismael-colosi\/"},"img":{"alt_text":"","src":"","width":0,"height":0},"classes":[]},{"id":46778,"url":"https:\/\/noticiasribeiraopreto.com.br\/index.php\/2024\/04\/15\/caminhao-arranca-semaforo-na-via-francisco-maggioni-em-ribeirao-ha-bloqueio-no-transito\/","url_meta":{"origin":79365,"position":3},"title":"Caminh\u00e3o arranca sem\u00e1foro na Via Francisco Maggioni em Ribeir\u00e3o; H\u00e1 bloqueio no tr\u00e2nsito","author":"noticiasribeiraopreto.com.br","date":"15 de April de 2024","format":false,"excerpt":"A Via Francisco Maggioni amanheceu sem o sem\u00e1foro nesta segunda-feira (15), na altura da rua Municipal, logo ap\u00f3s a rotat\u00f3ria Anim Calil, no sentido Centro-bairro, em Ribeir\u00e3o Preto. Segundo a RP Mobi, um caminh\u00e3o danificou a estrutura do equipamento e levou o porta foco, aparelho com as luzes do sem\u00e1foro.\u2026","rel":"","context":"In &quot;Not\u00edcias de Ribeir\u00e3o Preto-SP e Regi\u00e3o&quot;","block_context":{"text":"Not\u00edcias de Ribeir\u00e3o Preto-SP e Regi\u00e3o","link":"https:\/\/noticiasribeiraopreto.com.br\/index.php\/category\/noticias-de-ribeirao-preto-sp-e-regiao-ismael-colosi\/"},"img":{"alt_text":"","src":"https:\/\/i0.wp.com\/noticiasribeiraopreto.com.br\/wp-content\/uploads\/2024\/04\/WhatsApp-Image-2024-04-15-at-07.50.06-scaled.webp.webp?fit=1200%2C900&ssl=1&resize=350%2C200","width":350,"height":200,"srcset":"https:\/\/i0.wp.com\/noticiasribeiraopreto.com.br\/wp-content\/uploads\/2024\/04\/WhatsApp-Image-2024-04-15-at-07.50.06-scaled.webp.webp?fit=1200%2C900&ssl=1&resize=350%2C200 1x, https:\/\/i0.wp.com\/noticiasribeiraopreto.com.br\/wp-content\/uploads\/2024\/04\/WhatsApp-Image-2024-04-15-at-07.50.06-scaled.webp.webp?fit=1200%2C900&ssl=1&resize=525%2C300 1.5x, https:\/\/i0.wp.com\/noticiasribeiraopreto.com.br\/wp-content\/uploads\/2024\/04\/WhatsApp-Image-2024-04-15-at-07.50.06-scaled.webp.webp?fit=1200%2C900&ssl=1&resize=700%2C400 2x, https:\/\/i0.wp.com\/noticiasribeiraopreto.com.br\/wp-content\/uploads\/2024\/04\/WhatsApp-Image-2024-04-15-at-07.50.06-scaled.webp.webp?fit=1200%2C900&ssl=1&resize=1050%2C600 3x"},"classes":[]},{"id":79504,"url":"https:\/\/noticiasribeiraopreto.com.br\/index.php\/2025\/11\/03\/segunda-feira-comeca-com-acidentes-e-semaforos-desligados-em-ribeirao-preto\/","url_meta":{"origin":79365,"position":4},"title":"Segunda-feira come\u00e7a com acidentes e sem\u00e1foros desligados em Ribeir\u00e3o Preto","author":"noticiasribeiraopreto.com.br","date":"3 de November de 2025","format":false,"excerpt":"Pelo menos dois acidentes foram registrados nesta manh\u00e3 chuvosa de segunda-feira (3), em Ribeir\u00e3o Preto. Tamb\u00e9m h\u00e1 sem\u00e1foros desligados e ocorr\u00eancia com fios baixos sobre a via. A RP Mobi informou que segue em monitoramento vi\u00e1rio nesta manh\u00e3 e que os agentes acompanham as condi\u00e7\u00f5es das vias e realizam os\u2026","rel":"","context":"In &quot;Not\u00edcias de Ribeir\u00e3o Preto-SP e Regi\u00e3o&quot;","block_context":{"text":"Not\u00edcias de Ribeir\u00e3o Preto-SP e Regi\u00e3o","link":"https:\/\/noticiasribeiraopreto.com.br\/index.php\/category\/noticias-de-ribeirao-preto-sp-e-regiao-ismael-colosi\/"},"img":{"alt_text":"","src":"https:\/\/i0.wp.com\/noticiasribeiraopreto.com.br\/wp-content\/uploads\/2025\/11\/WhatsApp-Image-2025-11-03-at-07.48.18_2025-11-03_11-02-02.webp.webp?fit=1200%2C806&ssl=1&resize=350%2C200","width":350,"height":200,"srcset":"https:\/\/i0.wp.com\/noticiasribeiraopreto.com.br\/wp-content\/uploads\/2025\/11\/WhatsApp-Image-2025-11-03-at-07.48.18_2025-11-03_11-02-02.webp.webp?fit=1200%2C806&ssl=1&resize=350%2C200 1x, https:\/\/i0.wp.com\/noticiasribeiraopreto.com.br\/wp-content\/uploads\/2025\/11\/WhatsApp-Image-2025-11-03-at-07.48.18_2025-11-03_11-02-02.webp.webp?fit=1200%2C806&ssl=1&resize=525%2C300 1.5x, https:\/\/i0.wp.com\/noticiasribeiraopreto.com.br\/wp-content\/uploads\/2025\/11\/WhatsApp-Image-2025-11-03-at-07.48.18_2025-11-03_11-02-02.webp.webp?fit=1200%2C806&ssl=1&resize=700%2C400 2x, https:\/\/i0.wp.com\/noticiasribeiraopreto.com.br\/wp-content\/uploads\/2025\/11\/WhatsApp-Image-2025-11-03-at-07.48.18_2025-11-03_11-02-02.webp.webp?fit=1200%2C806&ssl=1&resize=1050%2C600 3x"},"classes":[]},{"id":62980,"url":"https:\/\/noticiasribeiraopreto.com.br\/index.php\/2025\/01\/30\/cruzamentos-do-centro-de-ribeirao-amanhecem-com-semaforos-desligados-veja-o-motivo\/","url_meta":{"origin":79365,"position":5},"title":"Cruzamentos do Centro de Ribeir\u00e3o amanhecem com sem\u00e1foros desligados; Veja o motivo","author":"noticiasribeiraopreto.com.br","date":"30 de January de 2025","format":false,"excerpt":"Os sem\u00e1foros das esquinas das ruas S\u00e3o Sebasti\u00e3o e Am\u00e9rico Brasiliense com a Visconde de Inha\u00fama, no Centro de Ribeir\u00e3o Preto, amanheceram desligados nesta quinta-feira (30). De acordo com as informa\u00e7\u00f5es da CBN Ribeir\u00e3o, os cabos da fia\u00e7\u00e3o foram furtados. At\u00e9 quarta-feira (29), foram registradas 34 ocorr\u00eancias envolvendo furto de\u2026","rel":"","context":"In &quot;Not\u00edcias de Ribeir\u00e3o Preto-SP e Regi\u00e3o&quot;","block_context":{"text":"Not\u00edcias de Ribeir\u00e3o Preto-SP e Regi\u00e3o","link":"https:\/\/noticiasribeiraopreto.com.br\/index.php\/category\/noticias-de-ribeirao-preto-sp-e-regiao-ismael-colosi\/"},"img":{"alt_text":"","src":"https:\/\/i0.wp.com\/noticiasribeiraopreto.com.br\/wp-content\/uploads\/2025\/01\/WhatsApp-Image-2025-01-30-at-08.59.41_2025-01-30_12-15-23_jpeg_2025-01-30_12-15-23.webp.webp?fit=1200%2C675&ssl=1&resize=350%2C200","width":350,"height":200,"srcset":"https:\/\/i0.wp.com\/noticiasribeiraopreto.com.br\/wp-content\/uploads\/2025\/01\/WhatsApp-Image-2025-01-30-at-08.59.41_2025-01-30_12-15-23_jpeg_2025-01-30_12-15-23.webp.webp?fit=1200%2C675&ssl=1&resize=350%2C200 1x, https:\/\/i0.wp.com\/noticiasribeiraopreto.com.br\/wp-content\/uploads\/2025\/01\/WhatsApp-Image-2025-01-30-at-08.59.41_2025-01-30_12-15-23_jpeg_2025-01-30_12-15-23.webp.webp?fit=1200%2C675&ssl=1&resize=525%2C300 1.5x, https:\/\/i0.wp.com\/noticiasribeiraopreto.com.br\/wp-content\/uploads\/2025\/01\/WhatsApp-Image-2025-01-30-at-08.59.41_2025-01-30_12-15-23_jpeg_2025-01-30_12-15-23.webp.webp?fit=1200%2C675&ssl=1&resize=700%2C400 2x, https:\/\/i0.wp.com\/noticiasribeiraopreto.com.br\/wp-content\/uploads\/2025\/01\/WhatsApp-Image-2025-01-30-at-08.59.41_2025-01-30_12-15-23_jpeg_2025-01-30_12-15-23.webp.webp?fit=1200%2C675&ssl=1&resize=1050%2C600 3x"},"classes":[]}],"jetpack_sharing_enabled":true,"jetpack_shortlink":"https:\/\/wp.me\/peQAOb-kE5","_links":{"self":[{"href":"https:\/\/noticiasribeiraopreto.com.br\/index.php\/wp-json\/wp\/v2\/posts\/79365","targetHints":{"allow":["GET"]}}],"collection":[{"href":"https:\/\/noticiasribeiraopreto.com.br\/index.php\/wp-json\/wp\/v2\/posts"}],"about":[{"href":"https:\/\/noticiasribeiraopreto.com.br\/index.php\/wp-json\/wp\/v2\/types\/post"}],"author":[{"embeddable":true,"href":"https:\/\/noticiasribeiraopreto.com.br\/index.php\/wp-json\/wp\/v2\/users\/1"}],"replies":[{"embeddable":true,"href":"https:\/\/noticiasribeiraopreto.com.br\/index.php\/wp-json\/wp\/v2\/comments?post=79365"}],"version-history":[{"count":0,"href":"https:\/\/noticiasribeiraopreto.com.br\/index.php\/wp-json\/wp\/v2\/posts\/79365\/revisions"}],"wp:featuredmedia":[{"embeddable":true,"href":"https:\/\/noticiasribeiraopreto.com.br\/index.php\/wp-json\/wp\/v2\/media\/79366"}],"wp:attachment":[{"href":"https:\/\/noticiasribeiraopreto.com.br\/index.php\/wp-json\/wp\/v2\/media?parent=79365"}],"wp:term":[{"taxonomy":"category","embeddable":true,"href":"https:\/\/noticiasribeiraopreto.com.br\/index.php\/wp-json\/wp\/v2\/categories?post=79365"},{"taxonomy":"post_tag","embeddable":true,"href":"https:\/\/noticiasribeiraopreto.com.br\/index.php\/wp-json\/wp\/v2\/tags?post=79365"}],"curies":[{"name":"wp","href":"https:\/\/api.w.org\/{rel}","templated":true}]}}