{"id":79367,"date":"2025-10-30T12:59:04","date_gmt":"2025-10-30T15:59:04","guid":{"rendered":"https:\/\/noticiasribeiraopreto.com.br\/index.php\/2025\/10\/30\/mp-denuncia-elizabete-pela-morte-de-filha\/"},"modified":"2025-10-30T12:59:04","modified_gmt":"2025-10-30T15:59:04","slug":"mp-denuncia-elizabete-pela-morte-de-filha","status":"publish","type":"post","link":"https:\/\/noticiasribeiraopreto.com.br\/index.php\/2025\/10\/30\/mp-denuncia-elizabete-pela-morte-de-filha\/","title":{"rendered":"MP denuncia Elizabete pela morte de filha"},"content":{"rendered":"<p> <br \/>\n<\/p>\n<div>\n<p>Por: Adalberto Luque<\/p>\n<p>O Minist\u00e9rio P\u00fablico de S\u00e3o Paulo (MPSP) denunciou Elizabete Eug\u00eanio Arraba\u00e7a, de 68 anos, pela morte de sua filha Nath\u00e1lia Garnica, de 42 anos, por envenenamento. A promotora apresentou den\u00fancia por crime de feminic\u00eddio, com tr\u00eas qualificadoras :emprego de veneno, meio cruel e mediante dissimula\u00e7\u00e3o e de recurso que dificultou a defesa da v\u00edtima.<\/p>\n<p>O inqu\u00e9rito da Pol\u00edcia Civil, conclu\u00eddo no m\u00eas passado, j\u00e1 havia indiciado Elizabete pela morte da filha. O delegado Fernando Bravo encaminhou o resultado da investiga\u00e7\u00e3o para o Poder Judici\u00e1rio em Pontal, onde a morte de Nath\u00e1lia ocorreu.<\/p>\n<figure id=\"attachment_444748\" aria-describedby=\"caption-attachment-444748\" style=\"width: 906px\" class=\"wp-caption alignnone\"><img data-recalc-dims=\"1\" loading=\"lazy\" decoding=\"async\" class=\"size-full wp-image-444748 lazyload\" src=\"https:\/\/i0.wp.com\/www.tribunaribeirao.com.br\/wp-content\/uploads\/2025\/10\/12-set-2025-betechumbinhonathalia1-1.jpg?resize=906%2C752&#038;ssl=1\" alt=\"\" width=\"906\" height=\"752\" srcset=\"https:\/\/www.tribunaribeirao.com.br\/wp-content\/uploads\/2025\/10\/12-set-2025-betechumbinhonathalia1-1.jpg 906w, https:\/\/www.tribunaribeirao.com.br\/wp-content\/uploads\/2025\/10\/12-set-2025-betechumbinhonathalia1-1-300x249.jpg 300w, https:\/\/www.tribunaribeirao.com.br\/wp-content\/uploads\/2025\/10\/12-set-2025-betechumbinhonathalia1-1-768x637.jpg 768w, https:\/\/www.tribunaribeirao.com.br\/wp-content\/uploads\/2025\/10\/12-set-2025-betechumbinhonathalia1-1-482x400.jpg 482w, https:\/\/www.tribunaribeirao.com.br\/wp-content\/uploads\/2025\/10\/12-set-2025-betechumbinhonathalia1-1-585x486.jpg 585w\" data-sizes=\"(max-width: 906px) 100vw, 906px\" style=\"--smush-placeholder-width: 906px; --smush-placeholder-aspect-ratio: 906\/752;\"\/><figcaption id=\"caption-attachment-444748\" class=\"wp-caption-text\">A promotora denunciou Elizabete por feminic\u00eddio triplamente qualificado (Foto: Redes Sociais)<\/figcaption><\/figure>\n<p>Na den\u00fancia ao Judici\u00e1rio, o MP cita a gravidade do caso, onde a m\u00e3e teria matado a pr\u00f3pria filha por interesses financeiros. A promotora tamb\u00e9m destaca que Elizabete era viciada em jogos, raz\u00e3o pela qual n\u00e3o aceitaria o relacionamento de Nath\u00e1lia com o namorado e os planos para casar e ter filhos.<\/p>\n<p>O advogado de Elizabete, Bruno Corr\u00eaa Ribeiro, foi informado no final da tarde desta quarta-feira, 29 de outubro, do oferecimento da den\u00fancia contra Elizabete.<\/p>\n<p>\u201cTrouxe a ilustre Promotora de Justi\u00e7a que Elizabete teria utilizado a subst\u00e2ncia carbofurano, popularmente conhecida como \u2018chumbinho\u2019. Importante expor que Elizabete sempre negou qualquer participa\u00e7\u00e3o na morte de sua filha Nath\u00e1lia, motivo pelo qual essa defesa t\u00e9cnica trabalhar\u00e1 para preservar todos os seus direitos, a fim de que o processo tramite dentro dos padr\u00f5es legais\u201d, disse.<\/p>\n<figure id=\"attachment_444745\" aria-describedby=\"caption-attachment-444745\" style=\"width: 1170px\" class=\"wp-caption alignnone\"><img data-recalc-dims=\"1\" loading=\"lazy\" decoding=\"async\" class=\"size-full wp-image-444745 lazyload\" src=\"https:\/\/i0.wp.com\/www.tribunaribeirao.com.br\/wp-content\/uploads\/2025\/10\/00-set-2025-brunocorreaelizabete-1-scaled.jpg?resize=1170%2C780&#038;ssl=1\" alt=\"\" width=\"1170\" height=\"780\" srcset=\"https:\/\/www.tribunaribeirao.com.br\/wp-content\/uploads\/2025\/10\/00-set-2025-brunocorreaelizabete-1-scaled.jpg 1170w, https:\/\/www.tribunaribeirao.com.br\/wp-content\/uploads\/2025\/10\/00-set-2025-brunocorreaelizabete-1-300x200.jpg 300w, https:\/\/www.tribunaribeirao.com.br\/wp-content\/uploads\/2025\/10\/00-set-2025-brunocorreaelizabete-1-1024x682.jpg 1024w, https:\/\/www.tribunaribeirao.com.br\/wp-content\/uploads\/2025\/10\/00-set-2025-brunocorreaelizabete-1-768x512.jpg 768w, https:\/\/www.tribunaribeirao.com.br\/wp-content\/uploads\/2025\/10\/00-set-2025-brunocorreaelizabete-1-1536x1023.jpg 1536w, https:\/\/www.tribunaribeirao.com.br\/wp-content\/uploads\/2025\/10\/00-set-2025-brunocorreaelizabete-1-480x320.jpg 480w, https:\/\/www.tribunaribeirao.com.br\/wp-content\/uploads\/2025\/10\/00-set-2025-brunocorreaelizabete-1-280x186.jpg 280w, https:\/\/www.tribunaribeirao.com.br\/wp-content\/uploads\/2025\/10\/00-set-2025-brunocorreaelizabete-1-960x640.jpg 960w, https:\/\/www.tribunaribeirao.com.br\/wp-content\/uploads\/2025\/10\/00-set-2025-brunocorreaelizabete-1-600x400.jpg 600w, https:\/\/www.tribunaribeirao.com.br\/wp-content\/uploads\/2025\/10\/00-set-2025-brunocorreaelizabete-1-585x390.jpg 585w\" data-sizes=\"(max-width: 1170px) 100vw, 1170px\" style=\"--smush-placeholder-width: 1170px; --smush-placeholder-aspect-ratio: 1170\/780;\"\/><figcaption id=\"caption-attachment-444745\" class=\"wp-caption-text\">Segundo o advogado Bruno Ribeiro, sua cliente sempre negou participa\u00e7\u00e3o na morte de Nath\u00e1lia e na morte de Larissa (Foto: Alfredo Risk)<\/figcaption><\/figure>\n<p>A defesa aguarda a an\u00e1lise do Poder Judici\u00e1rio de Pontal para definir os pontos do trabalho da defesa de Elizabete. A Justi\u00e7a ainda n\u00e3o se manifestou sobre aceitar ou n\u00e3o a den\u00fancia do MP.<\/p>\n<p><strong>R\u00e9 duas vezes<\/strong><\/p>\n<p>Se a Justi\u00e7a acatar a den\u00fancia, Elizabete ser\u00e1 r\u00e9 pela segunda vez neste segundo semestre. Ela j\u00e1 responde pela morte de sua nora Larissa Talle Le\u00f4ncio Rodrigues, morta por envenenamento com \u2018chumbinho\u2019 aos 37 anos.<\/p>\n<p>Larissa foi morta em 22 de mar\u00e7o e, ap\u00f3s an\u00e1lise toxicol\u00f3gica, constatou-se que ela morreu envenenada. Elizabete e seu filho, o m\u00e9dico ortopedista Luiz Ant\u00f4nio Garnica, de 38 anos, que era casado com Larissa, foram acusados pelo crime.<\/p>\n<figure id=\"attachment_444747\" aria-describedby=\"caption-attachment-444747\" style=\"width: 958px\" class=\"wp-caption alignnone\"><img data-recalc-dims=\"1\" loading=\"lazy\" decoding=\"async\" class=\"size-full wp-image-444747 lazyload\" src=\"https:\/\/i0.wp.com\/www.tribunaribeirao.com.br\/wp-content\/uploads\/2025\/10\/10-set-2025-casolarissa-1.jpg?resize=958%2C503&#038;ssl=1\" alt=\"\" width=\"958\" height=\"503\" srcset=\"https:\/\/www.tribunaribeirao.com.br\/wp-content\/uploads\/2025\/10\/10-set-2025-casolarissa-1.jpg 958w, https:\/\/www.tribunaribeirao.com.br\/wp-content\/uploads\/2025\/10\/10-set-2025-casolarissa-1-300x158.jpg 300w, https:\/\/www.tribunaribeirao.com.br\/wp-content\/uploads\/2025\/10\/10-set-2025-casolarissa-1-768x403.jpg 768w, https:\/\/www.tribunaribeirao.com.br\/wp-content\/uploads\/2025\/10\/10-set-2025-casolarissa-1-762x400.jpg 762w, https:\/\/www.tribunaribeirao.com.br\/wp-content\/uploads\/2025\/10\/10-set-2025-casolarissa-1-585x307.jpg 585w\" data-sizes=\"(max-width: 958px) 100vw, 958px\" style=\"--smush-placeholder-width: 958px; --smush-placeholder-aspect-ratio: 958\/503;\"\/><figcaption id=\"caption-attachment-444747\" class=\"wp-caption-text\">Elizabete e o filho j\u00e1 respondem pela morte da professora Larissa (Foto: Redes Sociais)<\/figcaption><\/figure>\n<p>O caso passou recentemente por audi\u00eancia de instru\u00e7\u00e3o no F\u00f3rum Criminal de Ribeir\u00e3o Preto. Durante tr\u00eas dias, testemunhas de acusa\u00e7\u00e3o e de defesa foram ouvidas. Al\u00e9m das testemunhas, Elizabete e Garnica foram interrogados.<\/p>\n<p>Agora corre o prazo para que o MP, o assistente de acusa\u00e7\u00e3o e as defesas dos acusados apresentem suas considera\u00e7\u00f5es finais. Depois o juiz vai avaliar tudo e se pronunciar. Ele pode determinar que o caso seja apreciado por J\u00fari Popular, pode dar a senten\u00e7a em julgamento comum ou at\u00e9 pode concluir que n\u00e3o h\u00e1 elementos para que os dois sejam condenados. Essa decis\u00e3o deve ser anunciada ainda em novembro.<\/p>\n<p><strong>Entenda o caso<\/strong><\/p>\n<p>Durante as investiga\u00e7\u00f5es da morte de Larissa, a Pol\u00edcia Civil concluiu, atrav\u00e9s de laudos do Instituto M\u00e9dico Legal (IML) que houve envenenamento por chumbinho. O delegado do caso, Fernando Bravo, pediu exuma\u00e7\u00e3o do corpo de Nath\u00e1lia.<\/p>\n<figure id=\"attachment_444751\" aria-describedby=\"caption-attachment-444751\" style=\"width: 850px\" class=\"wp-caption alignnone\"><img data-recalc-dims=\"1\" loading=\"lazy\" decoding=\"async\" class=\"size-full wp-image-444751 lazyload\" src=\"https:\/\/i0.wp.com\/www.tribunaribeirao.com.br\/wp-content\/uploads\/2025\/10\/23-mai-2025-00exumacaonathalia-1.jpg?resize=850%2C584&#038;ssl=1\" alt=\"\" width=\"850\" height=\"584\" srcset=\"https:\/\/www.tribunaribeirao.com.br\/wp-content\/uploads\/2025\/10\/23-mai-2025-00exumacaonathalia-1.jpg 850w, https:\/\/www.tribunaribeirao.com.br\/wp-content\/uploads\/2025\/10\/23-mai-2025-00exumacaonathalia-1-300x206.jpg 300w, https:\/\/www.tribunaribeirao.com.br\/wp-content\/uploads\/2025\/10\/23-mai-2025-00exumacaonathalia-1-768x528.jpg 768w, https:\/\/www.tribunaribeirao.com.br\/wp-content\/uploads\/2025\/10\/23-mai-2025-00exumacaonathalia-1-582x400.jpg 582w, https:\/\/www.tribunaribeirao.com.br\/wp-content\/uploads\/2025\/10\/23-mai-2025-00exumacaonathalia-1-585x402.jpg 585w\" data-sizes=\"(max-width: 850px) 100vw, 850px\" style=\"--smush-placeholder-width: 850px; --smush-placeholder-aspect-ratio: 850\/584;\"\/><figcaption id=\"caption-attachment-444751\" class=\"wp-caption-text\">Nath\u00e1lia e Larissa est\u00e3o sepultadas no mesmo t\u00famulo, no Cemit\u00e9rio de Pontal (Foto: Alfredo Risk)<\/figcaption><\/figure>\n<p>Ela morreu em Pontal, regi\u00e3o metropolitana de Ribeir\u00e3o Preto, no dia 2 de fevereiro. N\u00e3o tinha problemas de sa\u00fade, como a cunhada Larissa e morreu subitamente.<\/p>\n<p>Os exames constataram que Nath\u00e1lia tamb\u00e9m foi envenenada por \u2018chumbinho\u2019. Elizabete estava com a filha no dia da morte. Ela teria discutido com a filha que, horas depois, estava morta. A Pol\u00edcia Civil constatou que, ao inv\u00e9s de chamar socorro m\u00e9dico, ligou para os filhos Garnica e Viviane Garnica Miotto, em Ribeir\u00e3o Preto.<\/p>\n<p>Os dois chegaram a ser investigados, mas a Pol\u00edcia Civil concluiu que ambos n\u00e3o tiveram participa\u00e7\u00e3o no caso de Nath\u00e1lia. Filha e nora de Elizabete est\u00e3o sepultadas no mesmo t\u00famulo, em Pontal.<\/p>\n<p><!-- CONTENT END 3 -->\n<\/div>\n<p><br \/>\n<br \/><a href=\"https:\/\/www.tribunaribeirao.com.br\/mp-denuncia-elizabete-pela-morte-de-filha\/\">Source link <\/a><\/p>\n","protected":false},"excerpt":{"rendered":"<p>Por: Adalberto Luque O Minist\u00e9rio P\u00fablico de S\u00e3o Paulo (MPSP) denunciou Elizabete Eug\u00eanio Arraba\u00e7a, de 68 anos, pela morte de sua filha Nath\u00e1lia Garnica, de&#8230;<\/p>\n","protected":false},"author":1,"featured_media":79368,"comment_status":"open","ping_status":"open","sticky":false,"template":"","format":"standard","meta":{"advanced_seo_description":"","jetpack_seo_html_title":"","jetpack_seo_noindex":false,"jetpack_post_was_ever_published":false,"_jetpack_newsletter_access":"","_jetpack_dont_email_post_to_subs":false,"_jetpack_newsletter_tier_id":0,"_jetpack_memberships_contains_paywalled_content":false,"_jetpack_memberships_contains_paid_content":false,"footnotes":"","jetpack_publicize_message":"","jetpack_publicize_feature_enabled":true,"jetpack_social_post_already_shared":true,"jetpack_social_options":{"image_generator_settings":{"template":"highway","default_image_id":0,"font":"","enabled":false},"version":2}},"categories":[11],"tags":[],"class_list":["post-79367","post","type-post","status-publish","format-standard","has-post-thumbnail","hentry","category-noticias-de-ribeirao-preto-sp-e-regiao-ismael-colosi"],"jetpack_publicize_connections":[],"jetpack_featured_media_url":"https:\/\/i0.wp.com\/noticiasribeiraopreto.com.br\/wp-content\/uploads\/2025\/10\/12-set-2025-betechumbinhonathalia2-1.jpg?fit=934%2C780&ssl=1","jetpack-related-posts":[{"id":77147,"url":"https:\/\/noticiasribeiraopreto.com.br\/index.php\/2025\/09\/12\/delegado-deve-indiciar-so-elizabete-por-morte-de-nathalia\/","url_meta":{"origin":79367,"position":0},"title":"Delegado deve indiciar s\u00f3 Elizabete por morte de Nathalia","author":"noticiasribeiraopreto.com.br","date":"12 de September de 2025","format":false,"excerpt":"Por: Adalberto Luque O delegado Fernando Bravo, respons\u00e1vel pela apura\u00e7\u00e3o da morte por envenenamento de Nathalia Garnica adiantou que deve indiciar apenas sua m\u00e3e, Elizabete Eug\u00eanio Arraba\u00e7a, de 68 anos pelo homic\u00eddio. Elizabete e o filho, Luiz Ant\u00f4nio Garnica, de 38 anos, s\u00e3o r\u00e9us em processo que tramita na 2\u00aa\u2026","rel":"","context":"In &quot;Not\u00edcias de Ribeir\u00e3o Preto-SP e Regi\u00e3o&quot;","block_context":{"text":"Not\u00edcias de Ribeir\u00e3o Preto-SP e Regi\u00e3o","link":"https:\/\/noticiasribeiraopreto.com.br\/index.php\/category\/noticias-de-ribeirao-preto-sp-e-regiao-ismael-colosi\/"},"img":{"alt_text":"","src":"https:\/\/i0.wp.com\/noticiasribeiraopreto.com.br\/wp-content\/uploads\/2025\/09\/12-set-2025-betechumbinhonathalia1.jpg?fit=906%2C752&ssl=1&resize=350%2C200","width":350,"height":200,"srcset":"https:\/\/i0.wp.com\/noticiasribeiraopreto.com.br\/wp-content\/uploads\/2025\/09\/12-set-2025-betechumbinhonathalia1.jpg?fit=906%2C752&ssl=1&resize=350%2C200 1x, https:\/\/i0.wp.com\/noticiasribeiraopreto.com.br\/wp-content\/uploads\/2025\/09\/12-set-2025-betechumbinhonathalia1.jpg?fit=906%2C752&ssl=1&resize=525%2C300 1.5x, https:\/\/i0.wp.com\/noticiasribeiraopreto.com.br\/wp-content\/uploads\/2025\/09\/12-set-2025-betechumbinhonathalia1.jpg?fit=906%2C752&ssl=1&resize=700%2C400 2x"},"classes":[]},{"id":78629,"url":"https:\/\/noticiasribeiraopreto.com.br\/index.php\/2025\/10\/15\/elizabete-e-indiciada-pela-morte-de-filha\/","url_meta":{"origin":79367,"position":1},"title":"Elizabete \u00e9 indiciada pela morte de filha","author":"noticiasribeiraopreto.com.br","date":"15 de October de 2025","format":false,"excerpt":"Por: Adalberto Luque O delegado da Delegacia de Homic\u00eddios da Divis\u00e3o Especializada de Investiga\u00e7\u00f5es Criminais (DEIC), Fernando Bravo, concluiu, na tarde desta ter\u00e7a-feira, 14 de outubro, o inqu\u00e9rito que apura a morte de Nathalia Pontes, de 42 anos. Ela foi morta por envenenamento e o delegado indiciou a m\u00e3e da\u2026","rel":"","context":"In &quot;Not\u00edcias de Ribeir\u00e3o Preto-SP e Regi\u00e3o&quot;","block_context":{"text":"Not\u00edcias de Ribeir\u00e3o Preto-SP e Regi\u00e3o","link":"https:\/\/noticiasribeiraopreto.com.br\/index.php\/category\/noticias-de-ribeirao-preto-sp-e-regiao-ismael-colosi\/"},"img":{"alt_text":"","src":"https:\/\/i0.wp.com\/noticiasribeiraopreto.com.br\/wp-content\/uploads\/2025\/10\/12-set-2025-betechumbinhonathalia1.jpg?fit=906%2C752&ssl=1&resize=350%2C200","width":350,"height":200,"srcset":"https:\/\/i0.wp.com\/noticiasribeiraopreto.com.br\/wp-content\/uploads\/2025\/10\/12-set-2025-betechumbinhonathalia1.jpg?fit=906%2C752&ssl=1&resize=350%2C200 1x, https:\/\/i0.wp.com\/noticiasribeiraopreto.com.br\/wp-content\/uploads\/2025\/10\/12-set-2025-betechumbinhonathalia1.jpg?fit=906%2C752&ssl=1&resize=525%2C300 1.5x, https:\/\/i0.wp.com\/noticiasribeiraopreto.com.br\/wp-content\/uploads\/2025\/10\/12-set-2025-betechumbinhonathalia1.jpg?fit=906%2C752&ssl=1&resize=700%2C400 2x"},"classes":[]},{"id":78650,"url":"https:\/\/noticiasribeiraopreto.com.br\/index.php\/2025\/10\/15\/elizabete-arrabaca-e-indiciada-pela-morte-da-propria-filha-por-envenenamento\/","url_meta":{"origin":79367,"position":2},"title":"Elizabete Arraba\u00e7a \u00e9 indiciada pela morte da pr\u00f3pria filha por envenenamento","author":"noticiasribeiraopreto.com.br","date":"15 de October de 2025","format":false,"excerpt":"A Pol\u00edcia Civil concluiu a investiga\u00e7\u00e3o e indiciou Elizabete Arraba\u00e7a pela morte da filha Nath\u00e1lia Garnica, morta em Pontal, na regi\u00e3o de Ribeir\u00e3o Preto, em fevereiro deste ano. Segundo o delegado Fernando Bravo, o crime teria sido motivado por motivos financeiros. O caso foi encaminhado pela pol\u00edcia para o MP-SP\u2026","rel":"","context":"In &quot;Not\u00edcias de Ribeir\u00e3o Preto-SP e Regi\u00e3o&quot;","block_context":{"text":"Not\u00edcias de Ribeir\u00e3o Preto-SP e Regi\u00e3o","link":"https:\/\/noticiasribeiraopreto.com.br\/index.php\/category\/noticias-de-ribeirao-preto-sp-e-regiao-ismael-colosi\/"},"img":{"alt_text":"","src":"https:\/\/i0.wp.com\/noticiasribeiraopreto.com.br\/wp-content\/uploads\/2025\/06\/ret_2025-06-26_17-04-24.webp.webp?fit=1200%2C675&ssl=1&resize=350%2C200","width":350,"height":200,"srcset":"https:\/\/i0.wp.com\/noticiasribeiraopreto.com.br\/wp-content\/uploads\/2025\/06\/ret_2025-06-26_17-04-24.webp.webp?fit=1200%2C675&ssl=1&resize=350%2C200 1x, https:\/\/i0.wp.com\/noticiasribeiraopreto.com.br\/wp-content\/uploads\/2025\/06\/ret_2025-06-26_17-04-24.webp.webp?fit=1200%2C675&ssl=1&resize=525%2C300 1.5x, https:\/\/i0.wp.com\/noticiasribeiraopreto.com.br\/wp-content\/uploads\/2025\/06\/ret_2025-06-26_17-04-24.webp.webp?fit=1200%2C675&ssl=1&resize=700%2C400 2x, https:\/\/i0.wp.com\/noticiasribeiraopreto.com.br\/wp-content\/uploads\/2025\/06\/ret_2025-06-26_17-04-24.webp.webp?fit=1200%2C675&ssl=1&resize=1050%2C600 3x"},"classes":[]},{"id":79344,"url":"https:\/\/noticiasribeiraopreto.com.br\/index.php\/2025\/10\/29\/mp-denuncia-elizabete-arrabaca-por-feminicidio-contra-a-propria-filha-na-regiao-de-ribeirao-preto\/","url_meta":{"origin":79367,"position":3},"title":"MP denuncia Elizabete Arraba\u00e7a por feminic\u00eddio contra a pr\u00f3pria filha na regi\u00e3o de Ribeir\u00e3o Preto","author":"noticiasribeiraopreto.com.br","date":"29 de October de 2025","format":false,"excerpt":"O Minist\u00e9rio P\u00fablico de S\u00e3o Paulo denunciou Elizabete Arraba\u00e7a por matar a pr\u00f3pria filha, Nath\u00e1lia Garnica, com veneno conhecido como chumbinho. O crime ocorreu em 9 de fevereiro de 2025, em uma casa no Residencial S\u00e3o Benedito, em Pontal, na regi\u00e3o de Ribeir\u00e3o Preto. Segundo a den\u00fancia, Elizabete agiu com\u2026","rel":"","context":"In &quot;Not\u00edcias de Ribeir\u00e3o Preto-SP e Regi\u00e3o&quot;","block_context":{"text":"Not\u00edcias de Ribeir\u00e3o Preto-SP e Regi\u00e3o","link":"https:\/\/noticiasribeiraopreto.com.br\/index.php\/category\/noticias-de-ribeirao-preto-sp-e-regiao-ismael-colosi\/"},"img":{"alt_text":"","src":"https:\/\/i0.wp.com\/noticiasribeiraopreto.com.br\/wp-content\/uploads\/2025\/06\/Copia-de-Copia-de-Copia-de-TAMANHO-EXATO-PARA-FOTOS-NO-SISTEMA-NOVO-2025-06-28T184923.591_2025-06-28_21-49-29.webp.webp?fit=1200%2C675&ssl=1&resize=350%2C200","width":350,"height":200,"srcset":"https:\/\/i0.wp.com\/noticiasribeiraopreto.com.br\/wp-content\/uploads\/2025\/06\/Copia-de-Copia-de-Copia-de-TAMANHO-EXATO-PARA-FOTOS-NO-SISTEMA-NOVO-2025-06-28T184923.591_2025-06-28_21-49-29.webp.webp?fit=1200%2C675&ssl=1&resize=350%2C200 1x, https:\/\/i0.wp.com\/noticiasribeiraopreto.com.br\/wp-content\/uploads\/2025\/06\/Copia-de-Copia-de-Copia-de-TAMANHO-EXATO-PARA-FOTOS-NO-SISTEMA-NOVO-2025-06-28T184923.591_2025-06-28_21-49-29.webp.webp?fit=1200%2C675&ssl=1&resize=525%2C300 1.5x, https:\/\/i0.wp.com\/noticiasribeiraopreto.com.br\/wp-content\/uploads\/2025\/06\/Copia-de-Copia-de-Copia-de-TAMANHO-EXATO-PARA-FOTOS-NO-SISTEMA-NOVO-2025-06-28T184923.591_2025-06-28_21-49-29.webp.webp?fit=1200%2C675&ssl=1&resize=700%2C400 2x, https:\/\/i0.wp.com\/noticiasribeiraopreto.com.br\/wp-content\/uploads\/2025\/06\/Copia-de-Copia-de-Copia-de-TAMANHO-EXATO-PARA-FOTOS-NO-SISTEMA-NOVO-2025-06-28T184923.591_2025-06-28_21-49-29.webp.webp?fit=1200%2C675&ssl=1&resize=1050%2C600 3x"},"classes":[]},{"id":73316,"url":"https:\/\/noticiasribeiraopreto.com.br\/index.php\/2025\/06\/29\/envenenamento-por-chumbinho-entenda-a-ligacao-entre-as-mortes-de-larissa-e-nathalia\/","url_meta":{"origin":79367,"position":4},"title":"Envenenamento por chumbinho: entenda a liga\u00e7\u00e3o entre as mortes de Larissa e Nath\u00e1lia","author":"noticiasribeiraopreto.com.br","date":"29 de June de 2025","format":false,"excerpt":"A Pol\u00edcia Civil e o Minist\u00e9rio P\u00fablico investigam Elizabete Arraba\u00e7a por suspeita de envolvimento nas mortes da filha, Nath\u00e1lia Garnica, e da nora, a professora de pilates Larissa Rodrigues. Elizabete esteve com as v\u00edtimas um dia antes das mortes; inicialmente, as autoridades trataram os casos como naturais. No entanto, exames\u2026","rel":"","context":"In &quot;Not\u00edcias de Ribeir\u00e3o Preto-SP e Regi\u00e3o&quot;","block_context":{"text":"Not\u00edcias de Ribeir\u00e3o Preto-SP e Regi\u00e3o","link":"https:\/\/noticiasribeiraopreto.com.br\/index.php\/category\/noticias-de-ribeirao-preto-sp-e-regiao-ismael-colosi\/"},"img":{"alt_text":"","src":"https:\/\/i0.wp.com\/noticiasribeiraopreto.com.br\/wp-content\/uploads\/2025\/06\/Copia-de-Copia-de-Copia-de-TAMANHO-EXATO-PARA-FOTOS-NO-SISTEMA-NOVO-2025-06-29T115635.342_2025-06-29_14-57-44.webp.webp?fit=1200%2C675&ssl=1&resize=350%2C200","width":350,"height":200,"srcset":"https:\/\/i0.wp.com\/noticiasribeiraopreto.com.br\/wp-content\/uploads\/2025\/06\/Copia-de-Copia-de-Copia-de-TAMANHO-EXATO-PARA-FOTOS-NO-SISTEMA-NOVO-2025-06-29T115635.342_2025-06-29_14-57-44.webp.webp?fit=1200%2C675&ssl=1&resize=350%2C200 1x, https:\/\/i0.wp.com\/noticiasribeiraopreto.com.br\/wp-content\/uploads\/2025\/06\/Copia-de-Copia-de-Copia-de-TAMANHO-EXATO-PARA-FOTOS-NO-SISTEMA-NOVO-2025-06-29T115635.342_2025-06-29_14-57-44.webp.webp?fit=1200%2C675&ssl=1&resize=525%2C300 1.5x, https:\/\/i0.wp.com\/noticiasribeiraopreto.com.br\/wp-content\/uploads\/2025\/06\/Copia-de-Copia-de-Copia-de-TAMANHO-EXATO-PARA-FOTOS-NO-SISTEMA-NOVO-2025-06-29T115635.342_2025-06-29_14-57-44.webp.webp?fit=1200%2C675&ssl=1&resize=700%2C400 2x, https:\/\/i0.wp.com\/noticiasribeiraopreto.com.br\/wp-content\/uploads\/2025\/06\/Copia-de-Copia-de-Copia-de-TAMANHO-EXATO-PARA-FOTOS-NO-SISTEMA-NOVO-2025-06-29T115635.342_2025-06-29_14-57-44.webp.webp?fit=1200%2C675&ssl=1&resize=1050%2C600 3x"},"classes":[]},{"id":83900,"url":"https:\/\/noticiasribeiraopreto.com.br\/index.php\/2026\/03\/27\/justica-decide-que-caso-de-nathalia-garnica-deve-ser-julgado-em-pontal\/","url_meta":{"origin":79367,"position":5},"title":"Justi\u00e7a decide que caso de Nath\u00e1lia Garnica deve ser julgado em Pontal","author":"noticiasribeiraopreto.com.br","date":"27 de March de 2026","format":false,"excerpt":"O Tribunal de Justi\u00e7a de S\u00e3o Paulo decidiu que o caso da morte da veterin\u00e1ria Nath\u00e1lia Garnica ser\u00e1 julgado pelo f\u00f3rum de Pontal, cidade na regi\u00e3o de Ribeir\u00e3o Preto. A mulher, de 42 anos, morreu ap\u00f3s ser envenenada, e a principal suspeita do crime \u00e9 a pr\u00f3pria m\u00e3e, Elizabete Arraba\u00e7a.\u2026","rel":"","context":"In &quot;Not\u00edcias de Ribeir\u00e3o Preto-SP e Regi\u00e3o&quot;","block_context":{"text":"Not\u00edcias de Ribeir\u00e3o Preto-SP e Regi\u00e3o","link":"https:\/\/noticiasribeiraopreto.com.br\/index.php\/category\/noticias-de-ribeirao-preto-sp-e-regiao-ismael-colosi\/"},"img":{"alt_text":"","src":"https:\/\/i0.wp.com\/noticiasribeiraopreto.com.br\/wp-content\/uploads\/2025\/11\/Copia-de-Copia-de-Copia-de-TAMANHO-EXATO-PARA-FOTOS-NO-SISTEMA-NOVO-2025-11-18T205210.520_2025-11-18_23-52-19.webp.webp?fit=1200%2C675&ssl=1&resize=350%2C200","width":350,"height":200,"srcset":"https:\/\/i0.wp.com\/noticiasribeiraopreto.com.br\/wp-content\/uploads\/2025\/11\/Copia-de-Copia-de-Copia-de-TAMANHO-EXATO-PARA-FOTOS-NO-SISTEMA-NOVO-2025-11-18T205210.520_2025-11-18_23-52-19.webp.webp?fit=1200%2C675&ssl=1&resize=350%2C200 1x, https:\/\/i0.wp.com\/noticiasribeiraopreto.com.br\/wp-content\/uploads\/2025\/11\/Copia-de-Copia-de-Copia-de-TAMANHO-EXATO-PARA-FOTOS-NO-SISTEMA-NOVO-2025-11-18T205210.520_2025-11-18_23-52-19.webp.webp?fit=1200%2C675&ssl=1&resize=525%2C300 1.5x, https:\/\/i0.wp.com\/noticiasribeiraopreto.com.br\/wp-content\/uploads\/2025\/11\/Copia-de-Copia-de-Copia-de-TAMANHO-EXATO-PARA-FOTOS-NO-SISTEMA-NOVO-2025-11-18T205210.520_2025-11-18_23-52-19.webp.webp?fit=1200%2C675&ssl=1&resize=700%2C400 2x, https:\/\/i0.wp.com\/noticiasribeiraopreto.com.br\/wp-content\/uploads\/2025\/11\/Copia-de-Copia-de-Copia-de-TAMANHO-EXATO-PARA-FOTOS-NO-SISTEMA-NOVO-2025-11-18T205210.520_2025-11-18_23-52-19.webp.webp?fit=1200%2C675&ssl=1&resize=1050%2C600 3x"},"classes":[]}],"jetpack_sharing_enabled":true,"jetpack_shortlink":"https:\/\/wp.me\/peQAOb-kE7","_links":{"self":[{"href":"https:\/\/noticiasribeiraopreto.com.br\/index.php\/wp-json\/wp\/v2\/posts\/79367","targetHints":{"allow":["GET"]}}],"collection":[{"href":"https:\/\/noticiasribeiraopreto.com.br\/index.php\/wp-json\/wp\/v2\/posts"}],"about":[{"href":"https:\/\/noticiasribeiraopreto.com.br\/index.php\/wp-json\/wp\/v2\/types\/post"}],"author":[{"embeddable":true,"href":"https:\/\/noticiasribeiraopreto.com.br\/index.php\/wp-json\/wp\/v2\/users\/1"}],"replies":[{"embeddable":true,"href":"https:\/\/noticiasribeiraopreto.com.br\/index.php\/wp-json\/wp\/v2\/comments?post=79367"}],"version-history":[{"count":0,"href":"https:\/\/noticiasribeiraopreto.com.br\/index.php\/wp-json\/wp\/v2\/posts\/79367\/revisions"}],"wp:featuredmedia":[{"embeddable":true,"href":"https:\/\/noticiasribeiraopreto.com.br\/index.php\/wp-json\/wp\/v2\/media\/79368"}],"wp:attachment":[{"href":"https:\/\/noticiasribeiraopreto.com.br\/index.php\/wp-json\/wp\/v2\/media?parent=79367"}],"wp:term":[{"taxonomy":"category","embeddable":true,"href":"https:\/\/noticiasribeiraopreto.com.br\/index.php\/wp-json\/wp\/v2\/categories?post=79367"},{"taxonomy":"post_tag","embeddable":true,"href":"https:\/\/noticiasribeiraopreto.com.br\/index.php\/wp-json\/wp\/v2\/tags?post=79367"}],"curies":[{"name":"wp","href":"https:\/\/api.w.org\/{rel}","templated":true}]}}