{"id":79369,"date":"2025-10-30T13:57:03","date_gmt":"2025-10-30T16:57:03","guid":{"rendered":"https:\/\/noticiasribeiraopreto.com.br\/index.php\/2025\/10\/30\/sem-mencionar-acidente-bigodini-reaparece-na-camara-de-ribeirao-preto\/"},"modified":"2025-10-30T13:57:03","modified_gmt":"2025-10-30T16:57:03","slug":"sem-mencionar-acidente-bigodini-reaparece-na-camara-de-ribeirao-preto","status":"publish","type":"post","link":"https:\/\/noticiasribeiraopreto.com.br\/index.php\/2025\/10\/30\/sem-mencionar-acidente-bigodini-reaparece-na-camara-de-ribeirao-preto\/","title":{"rendered":"Sem mencionar acidente, Bigodini reaparece na C\u00e2mara de Ribeir\u00e3o Preto"},"content":{"rendered":"<div class='code-block code-block-1' style='margin: 8px 0 8px auto; text-align: right; display: block; clear: both;'>\n<p><a href=\"https:\/\/wa.link\/vpicfd\"><img data-recalc-dims=\"1\" class=\"wp-image-4922\" style=\"aspect-ratio: 2.0253164556962027; width: 561px; height: auto;\" src=\"https:\/\/i0.wp.com\/ismaelcolosi.com.br\/wp-content\/uploads\/2023\/11\/grupo-de-empregos-whatsapp-e-facebook-ismael-colosi-vagas.jpg?ssl=1\" alt=\"\" \/><\/a><\/p>\n<!-- \/wp:image -->\n<\/div>\n<p> <br \/>\n<\/p>\n<div>\n<p>O vereador <strong>Roger Ronan da Silva<\/strong>, o <strong>Bigodini (MDB)<\/strong>, reapareceu na <strong>C\u00e2mara de Ribeir\u00e3o Preto <\/strong>nesta quinta-feira (30) ap\u00f3s o acidente em que se envolveu na avenida do Caf\u00e9, no final de setembro. Na semana passada, o vereador foi indiciado pela Pol\u00edcia Civil por embriaguez ao volante, falsidade ideol\u00f3gica e fraude processual.<\/p>\n<blockquote class=\"instagram-media\" data-instgrm-permalink=\"https:\/\/www.instagram.com\/reel\/DQcHuauDg5h\/?utm_source=ig_embed&amp;utm_campaign=loading\" data-instgrm-version=\"14\" style=\" background:#FFF; border:0; border-radius:3px; box-shadow:0 0 1px 0 rgba(0,0,0,0.5),0 1px 10px 0 rgba(0,0,0,0.15); margin: 1px; max-width:540px; min-width:326px; padding:0; width:99.375%; width:-webkit-calc(100% - 2px); width:calc(100% - 2px);\"\/>\n<p>O parlamentar, que enfrenta um processo de cassa\u00e7\u00e3o no Conselho de \u00c9tica do Legislativo, disse, em v\u00eddeo publicado nas redes sociais, que realizou uma reuni\u00e3o com assessores \u2013 nas \u00faltimas semanas ele apresentou tr\u00eas atestados m\u00e9dicos para n\u00e3o comparecer \u00e0 C\u00e2mara.<\/p>\n<p>\u201cPessoal, como voc\u00eas est\u00e3o vendo, estou aqui no meu gabinete, hoje voltei a trabalhar, tive uma reuni\u00e3o com a minha assessoria. Agora na parte da tarde a gente vai sair, fazer visitas em alguns bairros\u201d, disse.<\/p>\n<h2 class=\"wp-block-heading\"><strong>Processo de cassa\u00e7\u00e3o<\/strong><\/h2>\n<p>A terceira reuni\u00e3o do Conselho de \u00c9tica de Ribeir\u00e3o Preto, que analisa o processo contra Bigodini, vai ser realizada nesta quinta-feira, \u00e0s 17h, na Sala de Comiss\u00f5es da Casa de Leis. O Conselho de \u00c9tica apura se Bigodini cometeu a quebra do decoro parlamentar.<\/p>\n<p>A defesa do vereador pede o arquivamento do processo por alegar que o acidente aconteceu fora da atividade Legislativa, o que \u00e9 questionado por especialista, que aponta que os vereadores precisam ter postura compat\u00edvel com o cargo, ainda que fora da C\u00e2mara.<\/p>\n<p>SAIBA MAIS<br \/>Nova frente fria traz risco de chuva forte ao interior de SP; Confira previs\u00e3o<\/p>\n<h2 class=\"wp-block-heading\"><strong>FIQUE ON<\/strong><\/h2>\n<p>Fique ligado em tudo que acontece em Ribeir\u00e3o Preto e regi\u00e3o. Siga os perfis do\u00a0<strong>acidade on\u00a0<\/strong>no<a href=\"https:\/\/www.instagram.com\/acidadeonribeirao\" target=\"_blank\" rel=\"noreferrer noopener\">\u00a0Instagram<\/a>\u00a0e no\u00a0<a href=\"https:\/\/www.facebook.com\/acidadeonribeirao\/\" target=\"_blank\" rel=\"noreferrer noopener\">Facebook<\/a>.<\/p>\n<p>Receba not\u00edcias do\u00a0<strong>acidade on<\/strong>\u00a0no WhatsApp. Para entrar no grupo,\u00a0basta\u00a0<a href=\"https:\/\/chat.whatsapp.com\/I4nieTEMKlf50pJ28aMemC?mode=ac_t\" target=\"_blank\" rel=\"noreferrer noopener\">clicar aqui<\/a>. Ou, acesse o nosso\u00a0Canal\u00a0<a href=\"https:\/\/whatsapp.com\/channel\/0029Vb6IQl1JENyAeS57fk2p\" target=\"_blank\" rel=\"noreferrer noopener\">clicando aqui<\/a>.<\/p>\n<p>Fa\u00e7a uma den\u00fancia ou sugira uma reportagem sobre Ribeir\u00e3o Preto e regi\u00e3o pelo WhatsApp: 16 99117 7802.<\/p>\n<p>VEJA TAMB\u00c9M<br \/>Felipe Massa pode ficar com o t\u00edtulo de 2008 da F1?<\/p>\n<p><!-- AI CONTENT END 1 -->\n<\/div>\n<p><script async src=\"\/\/www.instagram.com\/embed.js\"><\/script><br \/>\n<br \/><br \/>\n<br \/><a href=\"https:\/\/www.acidadeon.com\/ribeiraopreto\/politica\/sem-mencionar-acidente-bigodini-reaparece-na-camara-de-ribeirao-preto\/\">Source link <\/a><\/p>\n<!-- CONTENT END 1 -->\n","protected":false},"excerpt":{"rendered":"<p>O vereador Roger Ronan da Silva, o Bigodini (MDB), reapareceu na C\u00e2mara de Ribeir\u00e3o Preto nesta quinta-feira (30) ap\u00f3s o acidente em que se envolveu&#8230;<\/p>\n","protected":false},"author":1,"featured_media":79370,"comment_status":"open","ping_status":"open","sticky":false,"template":"","format":"standard","meta":{"advanced_seo_description":"","jetpack_seo_html_title":"","jetpack_seo_noindex":false,"jetpack_post_was_ever_published":false,"_jetpack_newsletter_access":"","_jetpack_dont_email_post_to_subs":false,"_jetpack_newsletter_tier_id":0,"_jetpack_memberships_contains_paywalled_content":false,"_jetpack_memberships_contains_paid_content":false,"footnotes":"","jetpack_publicize_message":"","jetpack_publicize_feature_enabled":true,"jetpack_social_post_already_shared":true,"jetpack_social_options":{"image_generator_settings":{"template":"highway","default_image_id":0,"font":"","enabled":false},"version":2}},"categories":[11],"tags":[],"class_list":["post-79369","post","type-post","status-publish","format-standard","has-post-thumbnail","hentry","category-noticias-de-ribeirao-preto-sp-e-regiao-ismael-colosi"],"jetpack_publicize_connections":[],"jetpack_featured_media_url":"https:\/\/i0.wp.com\/noticiasribeiraopreto.com.br\/wp-content\/uploads\/2025\/10\/bigodini_2025-10-30_16-07-55.webp.webp?fit=1200%2C654&ssl=1","jetpack-related-posts":[{"id":78280,"url":"https:\/\/noticiasribeiraopreto.com.br\/index.php\/2025\/10\/07\/processo-sobre-acidente-envolvendo-bigodini-passa-a-tramitar-na-1a-vara-criminal-de-ribeirao\/","url_meta":{"origin":79369,"position":0},"title":"Processo sobre acidente envolvendo Bigodini passa a tramitar na 1\u00aa Vara Criminal de Ribeir\u00e3o","author":"noticiasribeiraopreto.com.br","date":"7 de October de 2025","format":false,"excerpt":"O processo que apura o acidente envolvendo o vereador Roger Ronan da Silva (MDB), mais conhecido como Bigodini foi transferido do Juizado Especial C\u00edvel e Criminal para a 1\u00aa Vara Criminal de Ribeir\u00e3o Preto. De acordo com as informa\u00e7\u00f5es da EPTV, o caso agora est\u00e1 sob responsabilidade do juiz Guaracy\u2026","rel":"","context":"In &quot;Not\u00edcias de Ribeir\u00e3o Preto-SP e Regi\u00e3o&quot;","block_context":{"text":"Not\u00edcias de Ribeir\u00e3o Preto-SP e Regi\u00e3o","link":"https:\/\/noticiasribeiraopreto.com.br\/index.php\/category\/noticias-de-ribeirao-preto-sp-e-regiao-ismael-colosi\/"},"img":{"alt_text":"","src":"https:\/\/i0.wp.com\/noticiasribeiraopreto.com.br\/wp-content\/uploads\/2025\/09\/sessao_ordinaria_14052025_foto_thaisa_coroado-15_2025-09-29_21-55-34.webp.webp?fit=1200%2C800&ssl=1&resize=350%2C200","width":350,"height":200,"srcset":"https:\/\/i0.wp.com\/noticiasribeiraopreto.com.br\/wp-content\/uploads\/2025\/09\/sessao_ordinaria_14052025_foto_thaisa_coroado-15_2025-09-29_21-55-34.webp.webp?fit=1200%2C800&ssl=1&resize=350%2C200 1x, https:\/\/i0.wp.com\/noticiasribeiraopreto.com.br\/wp-content\/uploads\/2025\/09\/sessao_ordinaria_14052025_foto_thaisa_coroado-15_2025-09-29_21-55-34.webp.webp?fit=1200%2C800&ssl=1&resize=525%2C300 1.5x, https:\/\/i0.wp.com\/noticiasribeiraopreto.com.br\/wp-content\/uploads\/2025\/09\/sessao_ordinaria_14052025_foto_thaisa_coroado-15_2025-09-29_21-55-34.webp.webp?fit=1200%2C800&ssl=1&resize=700%2C400 2x, https:\/\/i0.wp.com\/noticiasribeiraopreto.com.br\/wp-content\/uploads\/2025\/09\/sessao_ordinaria_14052025_foto_thaisa_coroado-15_2025-09-29_21-55-34.webp.webp?fit=1200%2C800&ssl=1&resize=1050%2C600 3x"},"classes":[]},{"id":78250,"url":"https:\/\/noticiasribeiraopreto.com.br\/index.php\/2025\/10\/07\/bigodini-apresenta-novo-atestado-e-fica-afastado-por-mais-10-dias-da-camara-de-ribeirao\/","url_meta":{"origin":79369,"position":1},"title":"Bigodini apresenta novo atestado e fica afastado por mais 10 dias da C\u00e2mara de Ribeir\u00e3o","author":"noticiasribeiraopreto.com.br","date":"7 de October de 2025","format":false,"excerpt":"Uma semana ap\u00f3s o acidente de tr\u00e2nsito envolvendo o vereador Roger Ronan da Silva (MDB), conhecido como Bigodini, o parlamentar n\u00e3o compareceu a sess\u00e3o da C\u00e2mara de Ribeir\u00e3o Preto nesta segunda-feira (6). De acordo com o presidente da C\u00e2mara, vereador Isaac Antunes (PL), Bigodini apresentou um novo atestado m\u00e9dico para\u2026","rel":"","context":"In &quot;Not\u00edcias de Ribeir\u00e3o Preto-SP e Regi\u00e3o&quot;","block_context":{"text":"Not\u00edcias de Ribeir\u00e3o Preto-SP e Regi\u00e3o","link":"https:\/\/noticiasribeiraopreto.com.br\/index.php\/category\/noticias-de-ribeirao-preto-sp-e-regiao-ismael-colosi\/"},"img":{"alt_text":"","src":"https:\/\/i0.wp.com\/noticiasribeiraopreto.com.br\/wp-content\/uploads\/2025\/09\/bigodini_2025-09-30_13-54-26.webp.webp?fit=1200%2C838&ssl=1&resize=350%2C200","width":350,"height":200,"srcset":"https:\/\/i0.wp.com\/noticiasribeiraopreto.com.br\/wp-content\/uploads\/2025\/09\/bigodini_2025-09-30_13-54-26.webp.webp?fit=1200%2C838&ssl=1&resize=350%2C200 1x, https:\/\/i0.wp.com\/noticiasribeiraopreto.com.br\/wp-content\/uploads\/2025\/09\/bigodini_2025-09-30_13-54-26.webp.webp?fit=1200%2C838&ssl=1&resize=525%2C300 1.5x, https:\/\/i0.wp.com\/noticiasribeiraopreto.com.br\/wp-content\/uploads\/2025\/09\/bigodini_2025-09-30_13-54-26.webp.webp?fit=1200%2C838&ssl=1&resize=700%2C400 2x, https:\/\/i0.wp.com\/noticiasribeiraopreto.com.br\/wp-content\/uploads\/2025\/09\/bigodini_2025-09-30_13-54-26.webp.webp?fit=1200%2C838&ssl=1&resize=1050%2C600 3x"},"classes":[]},{"id":77973,"url":"https:\/\/noticiasribeiraopreto.com.br\/index.php\/2025\/09\/29\/apos-acidente-bigodini-apresenta-atestado-e-nao-participa-de-sessao-da-camara\/","url_meta":{"origin":79369,"position":2},"title":"Ap\u00f3s acidente, Bigodini apresenta atestado e n\u00e3o participa de sess\u00e3o da C\u00e2mara","author":"noticiasribeiraopreto.com.br","date":"29 de September de 2025","format":false,"excerpt":"O vereador Roger Ronan da Silva, conhecido como Bigodini (MDB), n\u00e3o participou da sess\u00e3o da C\u00e2mara Municipal de Ribeir\u00e3o Preto nesta segunda-feira (29), ap\u00f3s se envolver em um acidente de tr\u00e2nsito no final de semana. De acordo com o presidente do Legislativo, vereador Isaac Antunes (PL), o parlamentar apresentou um\u2026","rel":"","context":"In &quot;Not\u00edcias de Ribeir\u00e3o Preto-SP e Regi\u00e3o&quot;","block_context":{"text":"Not\u00edcias de Ribeir\u00e3o Preto-SP e Regi\u00e3o","link":"https:\/\/noticiasribeiraopreto.com.br\/index.php\/category\/noticias-de-ribeirao-preto-sp-e-regiao-ismael-colosi\/"},"img":{"alt_text":"","src":"https:\/\/i0.wp.com\/noticiasribeiraopreto.com.br\/wp-content\/uploads\/2025\/09\/sessao_ordinaria_14052025_foto_thaisa_coroado-15_2025-09-29_21-55-34.webp.webp?fit=1200%2C800&ssl=1&resize=350%2C200","width":350,"height":200,"srcset":"https:\/\/i0.wp.com\/noticiasribeiraopreto.com.br\/wp-content\/uploads\/2025\/09\/sessao_ordinaria_14052025_foto_thaisa_coroado-15_2025-09-29_21-55-34.webp.webp?fit=1200%2C800&ssl=1&resize=350%2C200 1x, https:\/\/i0.wp.com\/noticiasribeiraopreto.com.br\/wp-content\/uploads\/2025\/09\/sessao_ordinaria_14052025_foto_thaisa_coroado-15_2025-09-29_21-55-34.webp.webp?fit=1200%2C800&ssl=1&resize=525%2C300 1.5x, https:\/\/i0.wp.com\/noticiasribeiraopreto.com.br\/wp-content\/uploads\/2025\/09\/sessao_ordinaria_14052025_foto_thaisa_coroado-15_2025-09-29_21-55-34.webp.webp?fit=1200%2C800&ssl=1&resize=700%2C400 2x, https:\/\/i0.wp.com\/noticiasribeiraopreto.com.br\/wp-content\/uploads\/2025\/09\/sessao_ordinaria_14052025_foto_thaisa_coroado-15_2025-09-29_21-55-34.webp.webp?fit=1200%2C800&ssl=1&resize=1050%2C600 3x"},"classes":[]},{"id":78079,"url":"https:\/\/noticiasribeiraopreto.com.br\/index.php\/2025\/10\/01\/camara-de-ribeirao-preto-abre-comissao-processante-para-investigar-vereador-bigodini\/","url_meta":{"origin":79369,"position":3},"title":"C\u00e2mara de Ribeir\u00e3o Preto abre Comiss\u00e3o Processante para investigar vereador Bigodini","author":"noticiasribeiraopreto.com.br","date":"1 de October de 2025","format":false,"excerpt":"A C\u00e2mara Municipal de Ribeir\u00e3o Preto autorizou, nesta quarta-feira (1\u00ba de outubro), a abertura de uma Comiss\u00e3o Processante (CP) para investigar o vereador Roger Ronan da Silva (MDB), mais conhecido como Bigodini, ap\u00f3s den\u00fancias de quebra de decoro parlamentar. Bigodini se envolveu em um acidente de tr\u00e2nsito na madrugada no\u2026","rel":"","context":"In &quot;Not\u00edcias de Ribeir\u00e3o Preto-SP e Regi\u00e3o&quot;","block_context":{"text":"Not\u00edcias de Ribeir\u00e3o Preto-SP e Regi\u00e3o","link":"https:\/\/noticiasribeiraopreto.com.br\/index.php\/category\/noticias-de-ribeirao-preto-sp-e-regiao-ismael-colosi\/"},"img":{"alt_text":"","src":"https:\/\/i0.wp.com\/noticiasribeiraopreto.com.br\/wp-content\/uploads\/2025\/09\/bigodini_2025-09-30_13-54-26.webp.webp?fit=1200%2C838&ssl=1&resize=350%2C200","width":350,"height":200,"srcset":"https:\/\/i0.wp.com\/noticiasribeiraopreto.com.br\/wp-content\/uploads\/2025\/09\/bigodini_2025-09-30_13-54-26.webp.webp?fit=1200%2C838&ssl=1&resize=350%2C200 1x, https:\/\/i0.wp.com\/noticiasribeiraopreto.com.br\/wp-content\/uploads\/2025\/09\/bigodini_2025-09-30_13-54-26.webp.webp?fit=1200%2C838&ssl=1&resize=525%2C300 1.5x, https:\/\/i0.wp.com\/noticiasribeiraopreto.com.br\/wp-content\/uploads\/2025\/09\/bigodini_2025-09-30_13-54-26.webp.webp?fit=1200%2C838&ssl=1&resize=700%2C400 2x, https:\/\/i0.wp.com\/noticiasribeiraopreto.com.br\/wp-content\/uploads\/2025\/09\/bigodini_2025-09-30_13-54-26.webp.webp?fit=1200%2C838&ssl=1&resize=1050%2C600 3x"},"classes":[]},{"id":79559,"url":"https:\/\/noticiasribeiraopreto.com.br\/index.php\/2025\/11\/03\/depois-de-10-sessoes-ausente-bigodini-retorna-a-camara-de-ribeirao-preto\/","url_meta":{"origin":79369,"position":4},"title":"Depois de 10 sess\u00f5es ausente, Bigodini retorna \u00e0 C\u00e2mara de Ribeir\u00e3o Preto","author":"noticiasribeiraopreto.com.br","date":"3 de November de 2025","format":false,"excerpt":"O vereador Bigodini (MDB) voltou a participar das sess\u00f5es da C\u00e2mara Municipal de Ribeir\u00e3o Preto nesta segunda-feira (3), ap\u00f3s 29 dias afastado das atividades parlamentares. Ele est\u00e1 presente na reuni\u00e3o que come\u00e7ou \u00e0s 18h30. Durante o per\u00edodo de aus\u00eancia, a cadeira de Bigodini permaneceu vazia em dez sess\u00f5es. O parlamentar\u2026","rel":"","context":"In &quot;Not\u00edcias de Ribeir\u00e3o Preto-SP e Regi\u00e3o&quot;","block_context":{"text":"Not\u00edcias de Ribeir\u00e3o Preto-SP e Regi\u00e3o","link":"https:\/\/noticiasribeiraopreto.com.br\/index.php\/category\/noticias-de-ribeirao-preto-sp-e-regiao-ismael-colosi\/"},"img":{"alt_text":"","src":"https:\/\/i0.wp.com\/noticiasribeiraopreto.com.br\/wp-content\/uploads\/2025\/09\/bigodini_2025-09-30_13-54-26.webp.webp?fit=1200%2C838&ssl=1&resize=350%2C200","width":350,"height":200,"srcset":"https:\/\/i0.wp.com\/noticiasribeiraopreto.com.br\/wp-content\/uploads\/2025\/09\/bigodini_2025-09-30_13-54-26.webp.webp?fit=1200%2C838&ssl=1&resize=350%2C200 1x, https:\/\/i0.wp.com\/noticiasribeiraopreto.com.br\/wp-content\/uploads\/2025\/09\/bigodini_2025-09-30_13-54-26.webp.webp?fit=1200%2C838&ssl=1&resize=525%2C300 1.5x, https:\/\/i0.wp.com\/noticiasribeiraopreto.com.br\/wp-content\/uploads\/2025\/09\/bigodini_2025-09-30_13-54-26.webp.webp?fit=1200%2C838&ssl=1&resize=700%2C400 2x, https:\/\/i0.wp.com\/noticiasribeiraopreto.com.br\/wp-content\/uploads\/2025\/09\/bigodini_2025-09-30_13-54-26.webp.webp?fit=1200%2C838&ssl=1&resize=1050%2C600 3x"},"classes":[]},{"id":78897,"url":"https:\/\/noticiasribeiraopreto.com.br\/index.php\/2025\/10\/20\/bigodini-apresenta-terceiro-atestado-medico-e-se-afasta-da-camara-de-ribeirao-preto-por-mais-10-dias\/","url_meta":{"origin":79369,"position":5},"title":"Bigodini apresenta terceiro atestado m\u00e9dico e se afasta da C\u00e2mara de Ribeir\u00e3o Preto por mais 10 dias","author":"noticiasribeiraopreto.com.br","date":"20 de October de 2025","format":false,"excerpt":"O vereador Bigodini (MDB) apresentou o terceiro atestado m\u00e9dico consecutivo e ampliou seu afastamento da C\u00e2mara Municipal de Ribeir\u00e3o Preto por mais dez dias. O documento \u00e9 referente \u00e0 ansiedade generalizada, conforme confirmado pela assessoria do parlamentar. Nos afastamentos anteriores, Bigodini tamb\u00e9m apresentou atestados m\u00e9dicos, permanecendo ausente das sess\u00f5es e\u2026","rel":"","context":"In &quot;Not\u00edcias de Ribeir\u00e3o Preto-SP e Regi\u00e3o&quot;","block_context":{"text":"Not\u00edcias de Ribeir\u00e3o Preto-SP e Regi\u00e3o","link":"https:\/\/noticiasribeiraopreto.com.br\/index.php\/category\/noticias-de-ribeirao-preto-sp-e-regiao-ismael-colosi\/"},"img":{"alt_text":"","src":"https:\/\/i0.wp.com\/noticiasribeiraopreto.com.br\/wp-content\/uploads\/2025\/09\/bigodini_2025-09-30_13-54-26.webp.webp?fit=1200%2C838&ssl=1&resize=350%2C200","width":350,"height":200,"srcset":"https:\/\/i0.wp.com\/noticiasribeiraopreto.com.br\/wp-content\/uploads\/2025\/09\/bigodini_2025-09-30_13-54-26.webp.webp?fit=1200%2C838&ssl=1&resize=350%2C200 1x, https:\/\/i0.wp.com\/noticiasribeiraopreto.com.br\/wp-content\/uploads\/2025\/09\/bigodini_2025-09-30_13-54-26.webp.webp?fit=1200%2C838&ssl=1&resize=525%2C300 1.5x, https:\/\/i0.wp.com\/noticiasribeiraopreto.com.br\/wp-content\/uploads\/2025\/09\/bigodini_2025-09-30_13-54-26.webp.webp?fit=1200%2C838&ssl=1&resize=700%2C400 2x, https:\/\/i0.wp.com\/noticiasribeiraopreto.com.br\/wp-content\/uploads\/2025\/09\/bigodini_2025-09-30_13-54-26.webp.webp?fit=1200%2C838&ssl=1&resize=1050%2C600 3x"},"classes":[]}],"jetpack_sharing_enabled":true,"jetpack_shortlink":"https:\/\/wp.me\/peQAOb-kE9","_links":{"self":[{"href":"https:\/\/noticiasribeiraopreto.com.br\/index.php\/wp-json\/wp\/v2\/posts\/79369","targetHints":{"allow":["GET"]}}],"collection":[{"href":"https:\/\/noticiasribeiraopreto.com.br\/index.php\/wp-json\/wp\/v2\/posts"}],"about":[{"href":"https:\/\/noticiasribeiraopreto.com.br\/index.php\/wp-json\/wp\/v2\/types\/post"}],"author":[{"embeddable":true,"href":"https:\/\/noticiasribeiraopreto.com.br\/index.php\/wp-json\/wp\/v2\/users\/1"}],"replies":[{"embeddable":true,"href":"https:\/\/noticiasribeiraopreto.com.br\/index.php\/wp-json\/wp\/v2\/comments?post=79369"}],"version-history":[{"count":0,"href":"https:\/\/noticiasribeiraopreto.com.br\/index.php\/wp-json\/wp\/v2\/posts\/79369\/revisions"}],"wp:featuredmedia":[{"embeddable":true,"href":"https:\/\/noticiasribeiraopreto.com.br\/index.php\/wp-json\/wp\/v2\/media\/79370"}],"wp:attachment":[{"href":"https:\/\/noticiasribeiraopreto.com.br\/index.php\/wp-json\/wp\/v2\/media?parent=79369"}],"wp:term":[{"taxonomy":"category","embeddable":true,"href":"https:\/\/noticiasribeiraopreto.com.br\/index.php\/wp-json\/wp\/v2\/categories?post=79369"},{"taxonomy":"post_tag","embeddable":true,"href":"https:\/\/noticiasribeiraopreto.com.br\/index.php\/wp-json\/wp\/v2\/tags?post=79369"}],"curies":[{"name":"wp","href":"https:\/\/api.w.org\/{rel}","templated":true}]}}