{"id":79371,"date":"2025-10-30T14:04:27","date_gmt":"2025-10-30T17:04:27","guid":{"rendered":"https:\/\/noticiasribeiraopreto.com.br\/index.php\/2025\/10\/30\/novo-pedagio-free-flow-comeca-a-funcionar-neste-sabado-na-regiao-de-ribeirao-preto-confira\/"},"modified":"2025-10-30T14:04:27","modified_gmt":"2025-10-30T17:04:27","slug":"novo-pedagio-free-flow-comeca-a-funcionar-neste-sabado-na-regiao-de-ribeirao-preto-confira","status":"publish","type":"post","link":"https:\/\/noticiasribeiraopreto.com.br\/index.php\/2025\/10\/30\/novo-pedagio-free-flow-comeca-a-funcionar-neste-sabado-na-regiao-de-ribeirao-preto-confira\/","title":{"rendered":"Novo ped\u00e1gio free flow come\u00e7a a funcionar neste s\u00e1bado na regi\u00e3o de Ribeir\u00e3o Preto; Confira"},"content":{"rendered":"<div class='code-block code-block-1' style='margin: 8px 0 8px auto; text-align: right; display: block; clear: both;'>\n<p><a href=\"https:\/\/wa.link\/vpicfd\"><img data-recalc-dims=\"1\" class=\"wp-image-4922\" style=\"aspect-ratio: 2.0253164556962027; width: 561px; height: auto;\" src=\"https:\/\/i0.wp.com\/ismaelcolosi.com.br\/wp-content\/uploads\/2023\/11\/grupo-de-empregos-whatsapp-e-facebook-ismael-colosi-vagas.jpg?ssl=1\" alt=\"\" \/><\/a><\/p>\n<!-- \/wp:image -->\n<\/div>\n<p> <br \/>\n<\/p>\n<div data-td-block-uid=\"tdi_95\">\n<div class=\"tdb-block-inner td-fix-index\">\n<p><strong>Um novo ped\u00e1gio free flow entrar\u00e1 em opera\u00e7\u00e3o a partir da 0h do pr\u00f3ximo s\u00e1bado (1\u00ba), na\u00a0rodovia Brigadeiro Faria Lima (SP-326), em Dobrada, a 90 quil\u00f4metros de Ribeir\u00e3o Preto.<\/strong><\/p>\n<p>Segundo a <strong>concession\u00e1ria Ecovias Noroeste Paulista<\/strong>, <mark style=\"background-color:#fcb900\" class=\"has-inline-color has-black-color\">o novo p\u00f3rtico de ped\u00e1gio eletr\u00f4nico \u2013 que permite pagar a tarifa sem parar, por meio da leitura autom\u00e1tica da placa ou do TAG \u2013 foi implantado no km 307.<\/mark><\/p>\n<p>Para os motoristas com TAG h\u00e1 descontos. Quem n\u00e3o possui TAG pode fazer o pagamento em at\u00e9 30 dias ap\u00f3s a passagem pelo ped\u00e1gio eletr\u00f4nico, nos canais oficiais da concession\u00e1ria. Clique <a href=\"https:\/\/pedagiopay.com\/econoroeste\" data-type=\"link\" data-id=\"https:\/\/pedagiopay.com\/econoroeste\" target=\"_blank\" rel=\"noopener\">aqui<\/a>.<\/p>\n<p>Ao n\u00e3o pagar a tarifa ocorre infra\u00e7\u00e3o grave pelo CTB (C\u00f3digo de Tr\u00e2nsito Brasileiro), com multa de R $195,23 e perda de cinco pontos na carteira.<\/p>\n<h2 class=\"wp-block-heading\"><strong>Mais um<\/strong><\/h2>\n<p>A rodovia Brigadeiro Faria Lima ainda dever\u00e1 receber, no dia 1\u00ba de dezembro, mais um ped\u00e1gio free flow no km 357, no munic\u00edpio de Tai\u00fava, conforme a concession\u00e1ria Ecovias Noroeste Paulista. <\/p>\n<p>Esse sistema j\u00e1 opera desde 2024 na SP-333, em It\u00e1polis, na rodovia\u00a0Laurentino Mascari, e Jaboticabal, na Carlos Tonanni.<\/p>\n<p>SAIBA MAIS<\/p>\n<p>Com frente fria, alerta \u00e9 emitido para cidades do estado de SP; Veja quais<\/p>\n<h3 class=\"wp-block-heading\"><strong>FIQUE ON<\/strong><\/h3>\n<p>Fique ligado em tudo que acontece em Ribeir\u00e3o Preto e regi\u00e3o. Siga os perfis do\u00a0<strong>acidade on<\/strong>\u00a0no<a href=\"https:\/\/www.instagram.com\/acidadeonribeirao\" target=\"_blank\" rel=\"noreferrer noopener\">\u00a0Instagram\u00a0<\/a>e no\u00a0<a href=\"https:\/\/www.facebook.com\/acidadeonribeirao\/\" target=\"_blank\" rel=\"noreferrer noopener\">Facebook<\/a>.<\/p>\n<p>Receba not\u00edcias do<strong>\u00a0acidade on<\/strong>\u00a0no WhatsApp. Para entrar no grupo,\u00a0basta\u00a0<a href=\"https:\/\/chat.whatsapp.com\/I4nieTEMKlf50pJ28aMemC?mode=ac_t\" target=\"_blank\" rel=\"noreferrer noopener\">clicar aqui<\/a>. Ou, acesse o nosso\u00a0Canal\u00a0<a href=\"https:\/\/whatsapp.com\/channel\/0029Vb6IQl1JENyAeS57fk2p\" target=\"_blank\" rel=\"noreferrer noopener\">clicando aqui<\/a>.<\/p>\n<p>Fa\u00e7a uma den\u00fancia ou sugira uma reportagem sobre Ribeir\u00e3o Preto e regi\u00e3o pelo WhatsApp: 16 99117 7802.<\/p>\n<p>VEJA TAMB\u00c9M<\/p>\n<p>Veja 5 motivos para jogar Little Nightmares III no Halloween<\/p>\n<p><!-- AI CONTENT END 1 -->\n<\/div>\n<\/div>\n<p><script async src=\"\/\/www.instagram.com\/embed.js\"><\/script><br \/>\n<br \/><br \/>\n<br \/><a href=\"https:\/\/www.acidadeon.com\/ribeiraopreto\/cotidiano\/novo-pedagio-free-flow-comeca-a-funcionar-neste-sabado-na-regiao-de-ribeirao-preto-confira\/\">Source link <\/a><\/p>\n<!-- CONTENT END 1 -->\n","protected":false},"excerpt":{"rendered":"<p>Um novo ped\u00e1gio free flow entrar\u00e1 em opera\u00e7\u00e3o a partir da 0h do pr\u00f3ximo s\u00e1bado (1\u00ba), na\u00a0rodovia Brigadeiro Faria Lima (SP-326), em Dobrada, a 90&#8230;<\/p>\n","protected":false},"author":1,"featured_media":79372,"comment_status":"open","ping_status":"open","sticky":false,"template":"","format":"standard","meta":{"advanced_seo_description":"","jetpack_seo_html_title":"","jetpack_seo_noindex":false,"jetpack_post_was_ever_published":false,"_jetpack_newsletter_access":"","_jetpack_dont_email_post_to_subs":false,"_jetpack_newsletter_tier_id":0,"_jetpack_memberships_contains_paywalled_content":false,"_jetpack_memberships_contains_paid_content":false,"footnotes":"","jetpack_publicize_message":"","jetpack_publicize_feature_enabled":true,"jetpack_social_post_already_shared":true,"jetpack_social_options":{"image_generator_settings":{"template":"highway","default_image_id":0,"font":"","enabled":false},"version":2}},"categories":[11],"tags":[],"class_list":["post-79371","post","type-post","status-publish","format-standard","has-post-thumbnail","hentry","category-noticias-de-ribeirao-preto-sp-e-regiao-ismael-colosi"],"jetpack_publicize_connections":[],"jetpack_featured_media_url":"https:\/\/i0.wp.com\/noticiasribeiraopreto.com.br\/wp-content\/uploads\/2025\/10\/ECOVIAS-NOROESTE-PAULISTA_Pedagio-Eletronico-Free-Flow_D-1_2025-10-30_14-53-36.webp.webp?fit=1200%2C803&ssl=1","jetpack-related-posts":[{"id":59766,"url":"https:\/\/noticiasribeiraopreto.com.br\/index.php\/2024\/10\/29\/entenda-como-funcionara-o-pagamento-do-pedagio-free-flow-na-regiao-de-ribeirao\/","url_meta":{"origin":79371,"position":0},"title":"Entenda como funcionar\u00e1 o pagamento do ped\u00e1gio free flow na regi\u00e3o de Ribeir\u00e3o","author":"noticiasribeiraopreto.com.br","date":"29 de October de 2024","format":false,"excerpt":"A primeira pra\u00e7a do ped\u00e1gio\u00a0free flow come\u00e7a a operar na pr\u00f3xima sexta-feira (1\u00ba de novembro), regi\u00e3o de\u00a0Ribeir\u00e3o Preto.\u00a0O ped\u00e1gio eletr\u00f4nico ficar\u00e1 na altura do quil\u00f4metro 110 da\u00a0rodovia Carlos Tonanni\u00a0(SP-333), em Jaboticabal. A nova tecnologia substitui o modelo tradicional de ped\u00e1gio e faz a\u00a0cobran\u00e7a da tarifa por meio de p\u00f3rticos. Como\u2026","rel":"","context":"In &quot;Not\u00edcias de Ribeir\u00e3o Preto-SP e Regi\u00e3o&quot;","block_context":{"text":"Not\u00edcias de Ribeir\u00e3o Preto-SP e Regi\u00e3o","link":"https:\/\/noticiasribeiraopreto.com.br\/index.php\/category\/noticias-de-ribeirao-preto-sp-e-regiao-ismael-colosi\/"},"img":{"alt_text":"","src":"https:\/\/i0.wp.com\/noticiasribeiraopreto.com.br\/wp-content\/uploads\/2024\/10\/pedagio-free-flow_2024-10-18_13-02-23_jpeg_2024-10-18_13-02-23.webp.webp?fit=1200%2C861&ssl=1&resize=350%2C200","width":350,"height":200,"srcset":"https:\/\/i0.wp.com\/noticiasribeiraopreto.com.br\/wp-content\/uploads\/2024\/10\/pedagio-free-flow_2024-10-18_13-02-23_jpeg_2024-10-18_13-02-23.webp.webp?fit=1200%2C861&ssl=1&resize=350%2C200 1x, https:\/\/i0.wp.com\/noticiasribeiraopreto.com.br\/wp-content\/uploads\/2024\/10\/pedagio-free-flow_2024-10-18_13-02-23_jpeg_2024-10-18_13-02-23.webp.webp?fit=1200%2C861&ssl=1&resize=525%2C300 1.5x, https:\/\/i0.wp.com\/noticiasribeiraopreto.com.br\/wp-content\/uploads\/2024\/10\/pedagio-free-flow_2024-10-18_13-02-23_jpeg_2024-10-18_13-02-23.webp.webp?fit=1200%2C861&ssl=1&resize=700%2C400 2x, https:\/\/i0.wp.com\/noticiasribeiraopreto.com.br\/wp-content\/uploads\/2024\/10\/pedagio-free-flow_2024-10-18_13-02-23_jpeg_2024-10-18_13-02-23.webp.webp?fit=1200%2C861&ssl=1&resize=1050%2C600 3x"},"classes":[]},{"id":59237,"url":"https:\/\/noticiasribeiraopreto.com.br\/index.php\/2024\/10\/18\/veja-quando-pedagio-free-flow-comeca-a-operar-na-regiao-de-ribeirao-preto\/","url_meta":{"origin":79371,"position":1},"title":"Veja quando ped\u00e1gio free flow come\u00e7a a operar na regi\u00e3o de Ribeir\u00e3o Preto","author":"noticiasribeiraopreto.com.br","date":"18 de October de 2024","format":false,"excerpt":"O primeiro p\u00f3rtico de ped\u00e1gio free flow, o ped\u00e1gio eletr\u00f4nico, da regi\u00e3o de Ribeir\u00e3o Preto come\u00e7a a operar no dia 1\u00ba de novembro. O p\u00f3rtico ficar\u00e1 na rodovia Carlos Tonanni, na altura do quil\u00f4metro 110, em Jaboticabal. A nova tecnologia de ped\u00e1gio eletr\u00f4nico permite que os usu\u00e1rios sigam viagem sem\u2026","rel":"","context":"In &quot;Not\u00edcias de Ribeir\u00e3o Preto-SP e Regi\u00e3o&quot;","block_context":{"text":"Not\u00edcias de Ribeir\u00e3o Preto-SP e Regi\u00e3o","link":"https:\/\/noticiasribeiraopreto.com.br\/index.php\/category\/noticias-de-ribeirao-preto-sp-e-regiao-ismael-colosi\/"},"img":{"alt_text":"","src":"https:\/\/i0.wp.com\/noticiasribeiraopreto.com.br\/wp-content\/uploads\/2024\/10\/pedagio-free-flow_2024-10-18_13-02-23_jpeg_2024-10-18_13-02-23.webp.webp?fit=1200%2C861&ssl=1&resize=350%2C200","width":350,"height":200,"srcset":"https:\/\/i0.wp.com\/noticiasribeiraopreto.com.br\/wp-content\/uploads\/2024\/10\/pedagio-free-flow_2024-10-18_13-02-23_jpeg_2024-10-18_13-02-23.webp.webp?fit=1200%2C861&ssl=1&resize=350%2C200 1x, https:\/\/i0.wp.com\/noticiasribeiraopreto.com.br\/wp-content\/uploads\/2024\/10\/pedagio-free-flow_2024-10-18_13-02-23_jpeg_2024-10-18_13-02-23.webp.webp?fit=1200%2C861&ssl=1&resize=525%2C300 1.5x, https:\/\/i0.wp.com\/noticiasribeiraopreto.com.br\/wp-content\/uploads\/2024\/10\/pedagio-free-flow_2024-10-18_13-02-23_jpeg_2024-10-18_13-02-23.webp.webp?fit=1200%2C861&ssl=1&resize=700%2C400 2x, https:\/\/i0.wp.com\/noticiasribeiraopreto.com.br\/wp-content\/uploads\/2024\/10\/pedagio-free-flow_2024-10-18_13-02-23_jpeg_2024-10-18_13-02-23.webp.webp?fit=1200%2C861&ssl=1&resize=1050%2C600 3x"},"classes":[]},{"id":60212,"url":"https:\/\/noticiasribeiraopreto.com.br\/index.php\/2024\/11\/08\/pedagio-free-flow-12-mil-motoristas-sao-multados-por-falta-de-pagamento-no-interior-de-sp\/","url_meta":{"origin":79371,"position":2},"title":"Ped\u00e1gio free flow: 12 mil motoristas s\u00e3o multados por falta de pagamento no interior de SP","author":"noticiasribeiraopreto.com.br","date":"8 de November de 2024","format":false,"excerpt":"Mais de 12 mil motoristas ser\u00e3o multados por n\u00e3o pagar a tarifa do ped\u00e1gio eletr\u00f4nico, o ped\u00e1gio free flow, no primeiro m\u00eas de opera\u00e7\u00e3o no interior de S\u00e3o Paulo. O per\u00edodo considerado pela EcoNoroeste vai de 4 de setembro, quando come\u00e7ou a opera\u00e7\u00e3o com cobran\u00e7a, at\u00e9 4 de outubro. O\u2026","rel":"","context":"In &quot;Not\u00edcias de Ribeir\u00e3o Preto-SP e Regi\u00e3o&quot;","block_context":{"text":"Not\u00edcias de Ribeir\u00e3o Preto-SP e Regi\u00e3o","link":"https:\/\/noticiasribeiraopreto.com.br\/index.php\/category\/noticias-de-ribeirao-preto-sp-e-regiao-ismael-colosi\/"},"img":{"alt_text":"","src":"https:\/\/i0.wp.com\/noticiasribeiraopreto.com.br\/wp-content\/uploads\/2024\/09\/pedagio-free-flow_2024-09-02_16-33-58_jpg_2024-09-02_16-33-58.webp.webp?fit=1079%2C682&ssl=1&resize=350%2C200","width":350,"height":200,"srcset":"https:\/\/i0.wp.com\/noticiasribeiraopreto.com.br\/wp-content\/uploads\/2024\/09\/pedagio-free-flow_2024-09-02_16-33-58_jpg_2024-09-02_16-33-58.webp.webp?fit=1079%2C682&ssl=1&resize=350%2C200 1x, https:\/\/i0.wp.com\/noticiasribeiraopreto.com.br\/wp-content\/uploads\/2024\/09\/pedagio-free-flow_2024-09-02_16-33-58_jpg_2024-09-02_16-33-58.webp.webp?fit=1079%2C682&ssl=1&resize=525%2C300 1.5x, https:\/\/i0.wp.com\/noticiasribeiraopreto.com.br\/wp-content\/uploads\/2024\/09\/pedagio-free-flow_2024-09-02_16-33-58_jpg_2024-09-02_16-33-58.webp.webp?fit=1079%2C682&ssl=1&resize=700%2C400 2x, https:\/\/i0.wp.com\/noticiasribeiraopreto.com.br\/wp-content\/uploads\/2024\/09\/pedagio-free-flow_2024-09-02_16-33-58_jpg_2024-09-02_16-33-58.webp.webp?fit=1079%2C682&ssl=1&resize=1050%2C600 3x"},"classes":[]},{"id":60227,"url":"https:\/\/noticiasribeiraopreto.com.br\/index.php\/2024\/11\/08\/pedagio-free-flow-12-mil-motoristas-sao-multados-por-falta-de-pagamento-no-interior-de-sp-2\/","url_meta":{"origin":79371,"position":3},"title":"Ped\u00e1gio free flow: 12 mil motoristas s\u00e3o multados por falta de pagamento no interior de SP","author":"noticiasribeiraopreto.com.br","date":"8 de November de 2024","format":false,"excerpt":"Mais de 12 mil motoristas ser\u00e3o multados por n\u00e3o pagar a tarifa do ped\u00e1gio eletr\u00f4nico, o ped\u00e1gio free flow, no primeiro m\u00eas de opera\u00e7\u00e3o no interior de S\u00e3o Paulo. O per\u00edodo considerado pela EcoNoroeste vai de 4 de setembro, quando come\u00e7ou a opera\u00e7\u00e3o com cobran\u00e7a, at\u00e9 4 de outubro. O\u2026","rel":"","context":"In &quot;Not\u00edcias de Ribeir\u00e3o Preto-SP e Regi\u00e3o&quot;","block_context":{"text":"Not\u00edcias de Ribeir\u00e3o Preto-SP e Regi\u00e3o","link":"https:\/\/noticiasribeiraopreto.com.br\/index.php\/category\/noticias-de-ribeirao-preto-sp-e-regiao-ismael-colosi\/"},"img":{"alt_text":"","src":"https:\/\/i0.wp.com\/noticiasribeiraopreto.com.br\/wp-content\/uploads\/2024\/09\/pedagio-free-flow_2024-09-02_16-33-58_jpg_2024-09-02_16-33-58.webp.webp?fit=1079%2C682&ssl=1&resize=350%2C200","width":350,"height":200,"srcset":"https:\/\/i0.wp.com\/noticiasribeiraopreto.com.br\/wp-content\/uploads\/2024\/09\/pedagio-free-flow_2024-09-02_16-33-58_jpg_2024-09-02_16-33-58.webp.webp?fit=1079%2C682&ssl=1&resize=350%2C200 1x, https:\/\/i0.wp.com\/noticiasribeiraopreto.com.br\/wp-content\/uploads\/2024\/09\/pedagio-free-flow_2024-09-02_16-33-58_jpg_2024-09-02_16-33-58.webp.webp?fit=1079%2C682&ssl=1&resize=525%2C300 1.5x, https:\/\/i0.wp.com\/noticiasribeiraopreto.com.br\/wp-content\/uploads\/2024\/09\/pedagio-free-flow_2024-09-02_16-33-58_jpg_2024-09-02_16-33-58.webp.webp?fit=1079%2C682&ssl=1&resize=700%2C400 2x, https:\/\/i0.wp.com\/noticiasribeiraopreto.com.br\/wp-content\/uploads\/2024\/09\/pedagio-free-flow_2024-09-02_16-33-58_jpg_2024-09-02_16-33-58.webp.webp?fit=1079%2C682&ssl=1&resize=1050%2C600 3x"},"classes":[]},{"id":59679,"url":"https:\/\/noticiasribeiraopreto.com.br\/index.php\/2024\/10\/28\/pedagio-eletronico-comeca-a-operar-nesta-semana-na-regiao-de-ribeirao-preto\/","url_meta":{"origin":79371,"position":4},"title":"Ped\u00e1gio eletr\u00f4nico come\u00e7a a operar nesta semana na regi\u00e3o de Ribeir\u00e3o Preto","author":"noticiasribeiraopreto.com.br","date":"28 de October de 2024","format":false,"excerpt":"A primeira pra\u00e7a do ped\u00e1gio free flow, o ped\u00e1gio eletr\u00f4nico, come\u00e7a a operar nesta semana na regi\u00e3o de Ribeir\u00e3o Preto. O p\u00f3rtico ficar\u00e1 na altura do quil\u00f4metro 110 da rodovia Carlos Tonanni (SP-333), em Jaboticabal, e come\u00e7a a funcionar na pr\u00f3xima sexta-feira (1\u00ba de novembro). A nova tecnologia de ped\u00e1gio\u2026","rel":"","context":"In &quot;Not\u00edcias de Ribeir\u00e3o Preto-SP e Regi\u00e3o&quot;","block_context":{"text":"Not\u00edcias de Ribeir\u00e3o Preto-SP e Regi\u00e3o","link":"https:\/\/noticiasribeiraopreto.com.br\/index.php\/category\/noticias-de-ribeirao-preto-sp-e-regiao-ismael-colosi\/"},"img":{"alt_text":"","src":"https:\/\/i0.wp.com\/noticiasribeiraopreto.com.br\/wp-content\/uploads\/2024\/09\/pedagio-free-flow_2024-09-02_16-33-58_jpg_2024-09-02_16-33-58.webp.webp?fit=1079%2C682&ssl=1&resize=350%2C200","width":350,"height":200,"srcset":"https:\/\/i0.wp.com\/noticiasribeiraopreto.com.br\/wp-content\/uploads\/2024\/09\/pedagio-free-flow_2024-09-02_16-33-58_jpg_2024-09-02_16-33-58.webp.webp?fit=1079%2C682&ssl=1&resize=350%2C200 1x, https:\/\/i0.wp.com\/noticiasribeiraopreto.com.br\/wp-content\/uploads\/2024\/09\/pedagio-free-flow_2024-09-02_16-33-58_jpg_2024-09-02_16-33-58.webp.webp?fit=1079%2C682&ssl=1&resize=525%2C300 1.5x, https:\/\/i0.wp.com\/noticiasribeiraopreto.com.br\/wp-content\/uploads\/2024\/09\/pedagio-free-flow_2024-09-02_16-33-58_jpg_2024-09-02_16-33-58.webp.webp?fit=1079%2C682&ssl=1&resize=700%2C400 2x, https:\/\/i0.wp.com\/noticiasribeiraopreto.com.br\/wp-content\/uploads\/2024\/09\/pedagio-free-flow_2024-09-02_16-33-58_jpg_2024-09-02_16-33-58.webp.webp?fit=1079%2C682&ssl=1&resize=1050%2C600 3x"},"classes":[]},{"id":77785,"url":"https:\/\/noticiasribeiraopreto.com.br\/index.php\/2025\/09\/25\/saiba-onde-ficarao-os-novos-porticos-de-pedagio-free-flow-na-regiao-de-ribeirao-preto\/","url_meta":{"origin":79371,"position":5},"title":"Saiba onde ficar\u00e3o os novos p\u00f3rticos de ped\u00e1gio free flow na regi\u00e3o de Ribeir\u00e3o Preto","author":"noticiasribeiraopreto.com.br","date":"25 de September de 2025","format":false,"excerpt":"Um ano ap\u00f3s in\u00edcio da opera\u00e7\u00e3o dos primeiros p\u00f3rticos de ped\u00e1gio free flow da regi\u00e3o de Ribeir\u00e3o Preto, a concession\u00e1ria Ecovias Noroeste Paulista informou nesta quinta-feira (25) que a rodovia Brigadeiro Faria Lima (SP-326) vai ganhar mais dois pontos de cobran\u00e7a autom\u00e1tica. Segundo a concession\u00e1ria, os novos p\u00f3rticos estar\u00e3o em\u2026","rel":"","context":"In &quot;Not\u00edcias de Ribeir\u00e3o Preto-SP e Regi\u00e3o&quot;","block_context":{"text":"Not\u00edcias de Ribeir\u00e3o Preto-SP e Regi\u00e3o","link":"https:\/\/noticiasribeiraopreto.com.br\/index.php\/category\/noticias-de-ribeirao-preto-sp-e-regiao-ismael-colosi\/"},"img":{"alt_text":"","src":"https:\/\/i0.wp.com\/noticiasribeiraopreto.com.br\/wp-content\/uploads\/2025\/09\/pedagio-free-flow_2025-09-25_18-37-14.webp.webp?fit=1200%2C801&ssl=1&resize=350%2C200","width":350,"height":200,"srcset":"https:\/\/i0.wp.com\/noticiasribeiraopreto.com.br\/wp-content\/uploads\/2025\/09\/pedagio-free-flow_2025-09-25_18-37-14.webp.webp?fit=1200%2C801&ssl=1&resize=350%2C200 1x, https:\/\/i0.wp.com\/noticiasribeiraopreto.com.br\/wp-content\/uploads\/2025\/09\/pedagio-free-flow_2025-09-25_18-37-14.webp.webp?fit=1200%2C801&ssl=1&resize=525%2C300 1.5x, https:\/\/i0.wp.com\/noticiasribeiraopreto.com.br\/wp-content\/uploads\/2025\/09\/pedagio-free-flow_2025-09-25_18-37-14.webp.webp?fit=1200%2C801&ssl=1&resize=700%2C400 2x, https:\/\/i0.wp.com\/noticiasribeiraopreto.com.br\/wp-content\/uploads\/2025\/09\/pedagio-free-flow_2025-09-25_18-37-14.webp.webp?fit=1200%2C801&ssl=1&resize=1050%2C600 3x"},"classes":[]}],"jetpack_sharing_enabled":true,"jetpack_shortlink":"https:\/\/wp.me\/peQAOb-kEb","_links":{"self":[{"href":"https:\/\/noticiasribeiraopreto.com.br\/index.php\/wp-json\/wp\/v2\/posts\/79371","targetHints":{"allow":["GET"]}}],"collection":[{"href":"https:\/\/noticiasribeiraopreto.com.br\/index.php\/wp-json\/wp\/v2\/posts"}],"about":[{"href":"https:\/\/noticiasribeiraopreto.com.br\/index.php\/wp-json\/wp\/v2\/types\/post"}],"author":[{"embeddable":true,"href":"https:\/\/noticiasribeiraopreto.com.br\/index.php\/wp-json\/wp\/v2\/users\/1"}],"replies":[{"embeddable":true,"href":"https:\/\/noticiasribeiraopreto.com.br\/index.php\/wp-json\/wp\/v2\/comments?post=79371"}],"version-history":[{"count":0,"href":"https:\/\/noticiasribeiraopreto.com.br\/index.php\/wp-json\/wp\/v2\/posts\/79371\/revisions"}],"wp:featuredmedia":[{"embeddable":true,"href":"https:\/\/noticiasribeiraopreto.com.br\/index.php\/wp-json\/wp\/v2\/media\/79372"}],"wp:attachment":[{"href":"https:\/\/noticiasribeiraopreto.com.br\/index.php\/wp-json\/wp\/v2\/media?parent=79371"}],"wp:term":[{"taxonomy":"category","embeddable":true,"href":"https:\/\/noticiasribeiraopreto.com.br\/index.php\/wp-json\/wp\/v2\/categories?post=79371"},{"taxonomy":"post_tag","embeddable":true,"href":"https:\/\/noticiasribeiraopreto.com.br\/index.php\/wp-json\/wp\/v2\/tags?post=79371"}],"curies":[{"name":"wp","href":"https:\/\/api.w.org\/{rel}","templated":true}]}}