{"id":79373,"date":"2025-10-30T14:11:27","date_gmt":"2025-10-30T17:11:27","guid":{"rendered":"https:\/\/noticiasribeiraopreto.com.br\/index.php\/2025\/10\/30\/novos-filmes-de-terror-tomam-conta-da-programacao-dos-cinemas-de-ribeirao-preto-confira\/"},"modified":"2025-10-30T14:11:27","modified_gmt":"2025-10-30T17:11:27","slug":"novos-filmes-de-terror-tomam-conta-da-programacao-dos-cinemas-de-ribeirao-preto-confira","status":"publish","type":"post","link":"https:\/\/noticiasribeiraopreto.com.br\/index.php\/2025\/10\/30\/novos-filmes-de-terror-tomam-conta-da-programacao-dos-cinemas-de-ribeirao-preto-confira\/","title":{"rendered":"Novos filmes de terror tomam conta da programa\u00e7\u00e3o dos cinemas de Ribeir\u00e3o Preto; confira"},"content":{"rendered":"<div class='code-block code-block-1' style='margin: 8px 0 8px auto; text-align: right; display: block; clear: both;'>\n<p><a href=\"https:\/\/wa.link\/vpicfd\"><img data-recalc-dims=\"1\" class=\"wp-image-4922\" style=\"aspect-ratio: 2.0253164556962027; width: 561px; height: auto;\" src=\"https:\/\/i0.wp.com\/ismaelcolosi.com.br\/wp-content\/uploads\/2023\/11\/grupo-de-empregos-whatsapp-e-facebook-ismael-colosi-vagas.jpg?ssl=1\" alt=\"\" \/><\/a><\/p>\n<!-- \/wp:image -->\n<\/div>\n<p> <br \/>\n<\/p>\n<div>\n<p>Os cinemas de Ribeir\u00e3o Preto recebem a partir desta <strong>quinta-feira (30)<\/strong> sete novos filmes. As obras de terror tomam conta da programa\u00e7\u00e3o com: \u201c<strong>Terror em Shelby Oaks<\/strong>\u201d e \u201c<strong>A Pr\u00f3pria Carne<\/strong>\u201c. Al\u00e9m disso, os cin\u00e9filos da regi\u00e3o ainda podem conferir filmes nos g\u00eaneros de romance, biogr\u00e1fico e anima\u00e7\u00e3o.<\/p>\n<p>Ribeir\u00e3o Preto conta com quatro cinemas, o <strong>UCI<\/strong> localizado no Ribeir\u00e3o Shopping, o <strong>Cinep\u00f3lis<\/strong> nos shoppings Santa \u00darsula e Iguatemi e o <strong>Cinemark<\/strong>, no Novo Shopping.<\/p>\n<h2 class=\"wp-block-heading\"><strong>Terror em Shelby Oaks<\/strong><\/h2>\n<p>O terror acompanha <strong>Mia (Camille Sullivan)<\/strong>, que passa por um momento tr\u00e1gico. Ela busca pela irm\u00e3 ca\u00e7ula desaparecida, uma <em>youtuber<\/em> famosa que sumiu sem dar pistas. Com o passar dos anos, <strong>Mia<\/strong> perde as esperan\u00e7as de um dia reencontr\u00e1-la. At\u00e9 o momento em que ela come\u00e7a a receber ind\u00edcios de que a irm\u00e3 pode estar viva, e ela decide investigar o desparecimento, o que a coloca no centro de eventos e estranhos e sombrios que revelar\u00e3o informa\u00e7\u00f5es perturbadoras. <mark style=\"background-color:#fcb900\" class=\"has-inline-color\">A classifica\u00e7\u00e3o indicativa \u00e9 de <strong>18 anos<\/strong>.<\/mark> Assista ao trailer:<\/p>\n<figure class=\"wp-block-embed is-type-video is-provider-youtube wp-block-embed-youtube wp-embed-aspect-16-9 wp-has-aspect-ratio\">\n<p>\n<iframe loading=\"lazy\" title=\"TERROR EM SHELBY OAKS | Trailer Oficial Dublado\" width=\"500\" height=\"281\" src=\"https:\/\/www.youtube.com\/embed\/IvnZ9bMZmUo?feature=oembed\" frameborder=\"0\" allow=\"accelerometer; autoplay; clipboard-write; encrypted-media; gyroscope; picture-in-picture; web-share\" referrerpolicy=\"strict-origin-when-cross-origin\" allowfullscreen><\/iframe>\n<\/p>\n<\/figure>\n<h2 class=\"wp-block-heading\"><strong>A Pr\u00f3pria Carne<\/strong><\/h2>\n<p>Ambientada na\u00a0<strong>Guerra do Paraguai<\/strong>, em\u00a0<strong>1870<\/strong>, o lan\u00e7amento acompanha o tr\u00eas soldados desertores que est\u00e3o lutando para sobreviver quando encontram uma casa isolada na fronteira. Por\u00e9m, o que parecia ser um ref\u00fagio, logo se transforma quando os soldados descobrem que a casa esconde segredos macabros.\u00a0<mark style=\"background-color:#fcb900\" class=\"has-inline-color has-black-color\">O filme n\u00e3o \u00e9 recomendado para menores de\u00a0<strong>18 anos<\/strong>.\u00a0<\/mark>Assista ao trailer abaixo.<\/p>\n<h2 class=\"wp-block-heading\"><strong>Bom Menino<\/strong><\/h2>\n<p>Contada atrav\u00e9s da perspectiva de um cachorro, o <strong>Indy<\/strong>, o filme acompanha a mudan\u00e7a do dono e seu c\u00e3o para a casa de campo da fam\u00edlia ap\u00f3s a morte de um parente, por\u00e9m, o local \u00e9 conhecido por ser mal-assombrado por um dem\u00f4nio. <strong>Indy<\/strong> come\u00e7a a enxergar as presen\u00e7as fantasmag\u00f3ricas e seu dono passa a sucumbir \u00e0s for\u00e7as sombrias, for\u00e7ando Indy a confrontar as energias malignas para tentar salvar seu dono. <mark style=\"background-color:#fcb900\" class=\"has-inline-color\">A classifica\u00e7\u00e3o indicativa \u00e9 de<strong> 12 anos<\/strong>.<\/mark> Confira o trailer:<\/p>\n<figure class=\"wp-block-embed is-type-video is-provider-youtube wp-block-embed-youtube wp-embed-aspect-16-9 wp-has-aspect-ratio\">\n<p>\n<iframe loading=\"lazy\" title=\"Bom Menino | Trailer Oficial\" width=\"500\" height=\"281\" src=\"https:\/\/www.youtube.com\/embed\/i9KZJy0VSVM?feature=oembed\" frameborder=\"0\" allow=\"accelerometer; autoplay; clipboard-write; encrypted-media; gyroscope; picture-in-picture; web-share\" referrerpolicy=\"strict-origin-when-cross-origin\" allowfullscreen><\/iframe>\n<\/p>\n<\/figure>\n<h2 class=\"wp-block-heading\"><strong>Springsteen: Salve-me do Desconhecido<\/strong><\/h2>\n<p>O filme biogr\u00e1fico acompanha a jornada do compositor <strong>Bruce Springsteen<\/strong> em torno da cria\u00e7\u00e3o de seu sexto \u00e1lbum de est\u00fadio, o \u201c<strong>Nebraska<\/strong>\u201d, de <strong>1982<\/strong>. Durante o processo, Bruce luta entre as press\u00f5es do sucesso e os fantasmas do seu passado. <mark style=\"background-color:#fcb900\" class=\"has-inline-color\">A classifica\u00e7\u00e3o indicativa \u00e9 de <strong>14 anos.<\/strong><\/mark> Assista ao trailer:<\/p>\n<figure class=\"wp-block-embed is-type-video is-provider-youtube wp-block-embed-youtube wp-embed-aspect-16-9 wp-has-aspect-ratio\">\n<p>\n<iframe loading=\"lazy\" title=\"Springsteen: Salve-me do Desconhecido | Trailer Legendado\" width=\"500\" height=\"281\" src=\"https:\/\/www.youtube.com\/embed\/XLJQ2JeoSz4?feature=oembed\" frameborder=\"0\" allow=\"accelerometer; autoplay; clipboard-write; encrypted-media; gyroscope; picture-in-picture; web-share\" referrerpolicy=\"strict-origin-when-cross-origin\" allowfullscreen><\/iframe>\n<\/p>\n<\/figure>\n<h2 class=\"wp-block-heading\"><strong>Enterre Seus Mortos<\/strong><\/h2>\n<p>O longa nacional acompanha a rotina de um removedor de animais mortos chamado <strong>Edwar Wilson (Selton Mello)<\/strong> ao lado de seu colega <strong>Tom\u00e1s (Danilo Grangheia) <\/strong>pela cidade <strong>Abalurdes<\/strong>. Tudo parece seguir seu curso normal, at\u00e9 que, um dia Edgar \u00e9 for\u00e7ado\u00a0a violar as regras do seu trabalho e o caos passa a imperar em sua vida e na cidade. <mark style=\"background-color:#fcb900\" class=\"has-inline-color\">O filme n\u00e3o \u00e9 indicado para menores de <strong>16 anos<\/strong>.<\/mark> Veja o trailer:<\/p>\n<figure class=\"wp-block-embed is-type-video is-provider-youtube wp-block-embed-youtube wp-embed-aspect-16-9 wp-has-aspect-ratio\">\n<p>\n<iframe loading=\"lazy\" title=\"ENTERRE SEUS MORTOS | Trailer Oficial | 30 de outubro nos cinemas\" width=\"500\" height=\"281\" src=\"https:\/\/www.youtube.com\/embed\/T5AUDNMErdY?feature=oembed\" frameborder=\"0\" allow=\"accelerometer; autoplay; clipboard-write; encrypted-media; gyroscope; picture-in-picture; web-share\" referrerpolicy=\"strict-origin-when-cross-origin\" allowfullscreen><\/iframe>\n<\/p>\n<\/figure>\n<h2 class=\"wp-block-heading\"><strong>Sonhos<\/strong><\/h2>\n<p>O romance acompanha a hist\u00f3ria de <strong>Fernando (Isaac Hern\u00e1ndez)<\/strong>, um bailarino profissional e <strong>Jennifer (Jessica Chastain)<\/strong>, uma socialite. <strong>Fernando<\/strong> opta por ir atr\u00e1s de seus sonhos nos <strong>Estados Unidos<\/strong>, mas quando \u00e9 deportado do pa\u00eds, ele passa dias de sofrimento ao aceitar atravessar a fronteira ilegalmente dentro de um caminh\u00e3o, enquanto isso, <strong>Jennifer<\/strong> o ajuda a treinar, dar aulas e a sobreviver financeiramente. No entanto, o casal enfrenta um drama por conta da diferen\u00e7a socioecon\u00f4mica. <mark style=\"background-color:#fcb900\" class=\"has-inline-color\">A classifica\u00e7\u00e3o indicativa \u00e9 de <strong>16 anos<\/strong>.<\/mark> Assista ao trailer:<\/p>\n<figure class=\"wp-block-embed is-type-video is-provider-youtube wp-block-embed-youtube wp-embed-aspect-16-9 wp-has-aspect-ratio\">\n<div class=\"wp-block-embed__wrapper\">\n<p><iframe loading=\"lazy\" title=\"Sonhos 2025 Trailer Oficial Legendado\" width=\"500\" height=\"281\" src=\"https:\/\/www.youtube.com\/embed\/hnTM2jBP9CQ?feature=oembed\" frameborder=\"0\" allow=\"accelerometer; autoplay; clipboard-write; encrypted-media; gyroscope; picture-in-picture; web-share\" referrerpolicy=\"strict-origin-when-cross-origin\" allowfullscreen><\/iframe><\/p>\n<\/div>\n<\/figure>\n<h2 class=\"wp-block-heading\"><strong>O Natal da Patrulha Canina<\/strong><\/h2>\n<p>A anima\u00e7\u00e3o acompanha a patrulha em um resgate dos presentes de <strong>Natal<\/strong>. Quando o <strong>Papai Noel<\/strong> fica doente, <strong>Rubble<\/strong> interv\u00e9m para resgatar o esp\u00edrito natalino enquanto tenta impedir o plano do prefeito <strong>Humdinger <\/strong>de roubar os presentes. <mark style=\"background-color:#fcb900\" class=\"has-inline-color\">A classifica\u00e7\u00e3o indicativa \u00e9 livre. <\/mark>Confira o trailer: <\/p>\n<figure class=\"wp-block-embed is-type-video is-provider-youtube wp-block-embed-youtube wp-embed-aspect-16-9 wp-has-aspect-ratio\">\n<div class=\"wp-block-embed__wrapper\">\n<p><iframe loading=\"lazy\" title=\"O Natal da Patrulha Canina | Trailer | DUB | Paramount Pictures Brasil\" width=\"500\" height=\"281\" src=\"https:\/\/www.youtube.com\/embed\/vMkejCTbsoY?feature=oembed\" frameborder=\"0\" allow=\"accelerometer; autoplay; clipboard-write; encrypted-media; gyroscope; picture-in-picture; web-share\" referrerpolicy=\"strict-origin-when-cross-origin\" allowfullscreen><\/iframe><\/p>\n<\/div>\n<\/figure>\n<p>SAIBA MAIS<br \/>Humorista Igor Guimar\u00e3es apresenta stand-up em Ribeir\u00e3o Preto neste fim de semana<\/p>\n<h2 class=\"wp-block-heading\"><strong>FIQUE ON<\/strong><\/h2>\n<p>Fique ligado em tudo que acontece em Ribeir\u00e3o Preto e regi\u00e3o. Siga os perfis do\u00a0<strong>acidade on<\/strong>\u00a0no<a href=\"https:\/\/www.instagram.com\/acidadeonribeirao\" target=\"_blank\" rel=\"noreferrer noopener\">\u00a0Instagram\u00a0<\/a>e no\u00a0<a href=\"https:\/\/www.facebook.com\/acidadeonribeirao\/\" target=\"_blank\" rel=\"noreferrer noopener\">Facebook<\/a>.<\/p>\n<p>Receba not\u00edcias do<strong>\u00a0acidade on<\/strong>\u00a0no WhatsApp. Para entrar no grupo,\u00a0basta\u00a0<a href=\"https:\/\/chat.whatsapp.com\/I4nieTEMKlf50pJ28aMemC?mode=ac_t\" target=\"_blank\" rel=\"noreferrer noopener\">clicar aqui<\/a>. Ou, acesse o nosso\u00a0Canal\u00a0<a href=\"https:\/\/whatsapp.com\/channel\/0029Vb6IQl1JENyAeS57fk2p\" target=\"_blank\" rel=\"noreferrer noopener\">clicando aqui<\/a>.<\/p>\n<p>Fa\u00e7a uma den\u00fancia ou sugira uma reportagem sobre Ribeir\u00e3o Preto e regi\u00e3o pelo WhatsApp: 16 99117 7802.<\/p>\n<p>VEJA TAMB\u00c9M<br \/>Quem \u00e9 o personagem principal de \u2018Toy Story 5\u2019?<\/p>\n<p><!-- AI CONTENT END 1 -->\n<\/div>\n<p><script async src=\"\/\/www.instagram.com\/embed.js\"><\/script><br \/>\n<br \/><br \/>\n<br \/><a href=\"https:\/\/www.acidadeon.com\/ribeiraopreto\/lazer-e-cultura\/novos-filmes-de-terror-tomam-conta-da-programacao-dos-cinemas-de-ribeirao-preto-confira\/\">Source link <\/a><\/p>\n<!-- CONTENT END 1 -->\n","protected":false},"excerpt":{"rendered":"<p>Os cinemas de Ribeir\u00e3o Preto recebem a partir desta quinta-feira (30) sete novos filmes. As obras de terror tomam conta da programa\u00e7\u00e3o com: \u201cTerror em&#8230;<\/p>\n","protected":false},"author":1,"featured_media":79375,"comment_status":"open","ping_status":"open","sticky":false,"template":"","format":"standard","meta":{"advanced_seo_description":"","jetpack_seo_html_title":"","jetpack_seo_noindex":false,"jetpack_post_was_ever_published":false,"_jetpack_newsletter_access":"","_jetpack_dont_email_post_to_subs":false,"_jetpack_newsletter_tier_id":0,"_jetpack_memberships_contains_paywalled_content":false,"_jetpack_memberships_contains_paid_content":false,"footnotes":"","jetpack_publicize_message":"","jetpack_publicize_feature_enabled":true,"jetpack_social_post_already_shared":true,"jetpack_social_options":{"image_generator_settings":{"template":"highway","default_image_id":0,"font":"","enabled":false},"version":2}},"categories":[11],"tags":[],"class_list":["post-79373","post","type-post","status-publish","format-standard","has-post-thumbnail","hentry","category-noticias-de-ribeirao-preto-sp-e-regiao-ismael-colosi"],"jetpack_publicize_connections":[],"jetpack_featured_media_url":"https:\/\/i0.wp.com\/noticiasribeiraopreto.com.br\/wp-content\/uploads\/2025\/10\/terror_2025-10-30_14-08-09.webp.webp?fit=1200%2C675&ssl=1","jetpack-related-posts":[{"id":59599,"url":"https:\/\/noticiasribeiraopreto.com.br\/index.php\/2024\/10\/26\/cinemas-anunciam-programacao-de-terror-com-ingressos-a-r-13-veja-filmes\/","url_meta":{"origin":79373,"position":0},"title":"Cinemas anunciam programa\u00e7\u00e3o de terror com ingressos a R$ 13; Veja filmes \u00a0","author":"noticiasribeiraopreto.com.br","date":"26 de October de 2024","format":false,"excerpt":"Os cinemas de Ribeir\u00e3o Preto entraram no clima de Halloween e anunciaram uma programa\u00e7\u00e3o especial com diversos filmes de terror, al\u00e9m disso, h\u00e1 promo\u00e7\u00f5es de ingressos por R$ 13. Os longas entram em cartaz no dia 31 de outubro. Ribeir\u00e3o Preto\u00a0conta com quatro cinemas, o\u00a0UCI\u00a0localizado no Ribeir\u00e3o Shopping, o\u00a0Cinep\u00f3lis\u00a0nos shoppings\u2026","rel":"","context":"In &quot;Not\u00edcias de Ribeir\u00e3o Preto-SP e Regi\u00e3o&quot;","block_context":{"text":"Not\u00edcias de Ribeir\u00e3o Preto-SP e Regi\u00e3o","link":"https:\/\/noticiasribeiraopreto.com.br\/index.php\/category\/noticias-de-ribeirao-preto-sp-e-regiao-ismael-colosi\/"},"img":{"alt_text":"","src":"https:\/\/i0.wp.com\/noticiasribeiraopreto.com.br\/wp-content\/uploads\/2024\/10\/terrifier-3_2024-10-26_18-22-06_jpg_2024-10-26_18-22-06.webp.webp?fit=1200%2C700&ssl=1&resize=350%2C200","width":350,"height":200,"srcset":"https:\/\/i0.wp.com\/noticiasribeiraopreto.com.br\/wp-content\/uploads\/2024\/10\/terrifier-3_2024-10-26_18-22-06_jpg_2024-10-26_18-22-06.webp.webp?fit=1200%2C700&ssl=1&resize=350%2C200 1x, https:\/\/i0.wp.com\/noticiasribeiraopreto.com.br\/wp-content\/uploads\/2024\/10\/terrifier-3_2024-10-26_18-22-06_jpg_2024-10-26_18-22-06.webp.webp?fit=1200%2C700&ssl=1&resize=525%2C300 1.5x, https:\/\/i0.wp.com\/noticiasribeiraopreto.com.br\/wp-content\/uploads\/2024\/10\/terrifier-3_2024-10-26_18-22-06_jpg_2024-10-26_18-22-06.webp.webp?fit=1200%2C700&ssl=1&resize=700%2C400 2x, https:\/\/i0.wp.com\/noticiasribeiraopreto.com.br\/wp-content\/uploads\/2024\/10\/terrifier-3_2024-10-26_18-22-06_jpg_2024-10-26_18-22-06.webp.webp?fit=1200%2C700&ssl=1&resize=1050%2C600 3x"},"classes":[]},{"id":62515,"url":"https:\/\/noticiasribeiraopreto.com.br\/index.php\/2025\/01\/16\/aqui-e-mma-meu-melhor-amigo-estreiam-nos-cinemas-de-ribeirao-preto\/","url_meta":{"origin":79373,"position":1},"title":"\u2018Aqui\u2019 e \u2018MMA \u2013 Meu Melhor Amigo\u2019 estreiam nos cinemas de Ribeir\u00e3o Preto","author":"noticiasribeiraopreto.com.br","date":"16 de January de 2025","format":false,"excerpt":"Nesta quinta-feira (16), os cinemas de Ribeir\u00e3o Preto recebem quatro novos filmes em sua programa\u00e7\u00e3o. Estreiam produ\u00e7\u00f5es de drama, biogr\u00e1fico e terror. Entre os destaques est\u00e3o \u201cAqui\u201d e \u201cMMA \u2013 Meu Melhor Amigo\u201d.\u00a0Veja os longas em cartaz abaixo. Ribeir\u00e3o Preto conta com quatro cinemas, o UCI localizado no Ribeir\u00e3o Shopping,\u2026","rel":"","context":"In &quot;Not\u00edcias de Ribeir\u00e3o Preto-SP e Regi\u00e3o&quot;","block_context":{"text":"Not\u00edcias de Ribeir\u00e3o Preto-SP e Regi\u00e3o","link":"https:\/\/noticiasribeiraopreto.com.br\/index.php\/category\/noticias-de-ribeirao-preto-sp-e-regiao-ismael-colosi\/"},"img":{"alt_text":"","src":"https:\/\/i0.wp.com\/noticiasribeiraopreto.com.br\/wp-content\/uploads\/2025\/01\/aqui-tom-hanks_2025-01-16_15-08-40-scaled.webp.webp?fit=1200%2C675&ssl=1&resize=350%2C200","width":350,"height":200,"srcset":"https:\/\/i0.wp.com\/noticiasribeiraopreto.com.br\/wp-content\/uploads\/2025\/01\/aqui-tom-hanks_2025-01-16_15-08-40-scaled.webp.webp?fit=1200%2C675&ssl=1&resize=350%2C200 1x, https:\/\/i0.wp.com\/noticiasribeiraopreto.com.br\/wp-content\/uploads\/2025\/01\/aqui-tom-hanks_2025-01-16_15-08-40-scaled.webp.webp?fit=1200%2C675&ssl=1&resize=525%2C300 1.5x, https:\/\/i0.wp.com\/noticiasribeiraopreto.com.br\/wp-content\/uploads\/2025\/01\/aqui-tom-hanks_2025-01-16_15-08-40-scaled.webp.webp?fit=1200%2C675&ssl=1&resize=700%2C400 2x, https:\/\/i0.wp.com\/noticiasribeiraopreto.com.br\/wp-content\/uploads\/2025\/01\/aqui-tom-hanks_2025-01-16_15-08-40-scaled.webp.webp?fit=1200%2C675&ssl=1&resize=1050%2C600 3x"},"classes":[]},{"id":73152,"url":"https:\/\/noticiasribeiraopreto.com.br\/index.php\/2025\/06\/26\/filmes-de-acao-musica-e-terror-chegam-aos-cinemas-de-ribeirao-preto-veja-estreias\/","url_meta":{"origin":79373,"position":2},"title":"Filmes de a\u00e7\u00e3o, m\u00fasica e terror chegam aos cinemas de Ribeir\u00e3o Preto; Veja estreias","author":"noticiasribeiraopreto.com.br","date":"26 de June de 2025","format":false,"excerpt":"Novos filmes de a\u00e7\u00e3o, concertos e terror chegam \u00e0 programa\u00e7\u00e3o dos cinemas de Ribeir\u00e3o Preto nesta quinta-feira (26). O destaque desta semana \u00e9 a estreia do filme \u201cF1\u201d, estrelado por Brad Pitt e com a produ\u00e7\u00e3o de Lewis Halmilton, heptacampe\u00e3o de F\u00f3rmula 1. Ribeir\u00e3o Preto conta com quatro cinemas: o\u00a0UCI,\u00a0localizado\u2026","rel":"","context":"In &quot;Not\u00edcias de Ribeir\u00e3o Preto-SP e Regi\u00e3o&quot;","block_context":{"text":"Not\u00edcias de Ribeir\u00e3o Preto-SP e Regi\u00e3o","link":"https:\/\/noticiasribeiraopreto.com.br\/index.php\/category\/noticias-de-ribeirao-preto-sp-e-regiao-ismael-colosi\/"},"img":{"alt_text":"","src":"https:\/\/i0.wp.com\/noticiasribeiraopreto.com.br\/wp-content\/uploads\/2025\/06\/f1-o-filme-longa-de-formula-1-com-brad-pitt-estreia-nos-cinemas_widemd_2025-06-26_12-18-44.webp.webp?fit=390%2C219&ssl=1&resize=350%2C200","width":350,"height":200},"classes":[]},{"id":54464,"url":"https:\/\/noticiasribeiraopreto.com.br\/index.php\/2024\/07\/11\/como-vender-a-lua-e-twisters-estao-entre-os-lancamentos-nos-cinemas-confira\/","url_meta":{"origin":79373,"position":3},"title":"\u2018Como Vender a Lua\u2019 e \u2018Twisters\u2019 est\u00e3o entre os lan\u00e7amentos nos cinemas; Confira","author":"noticiasribeiraopreto.com.br","date":"11 de July de 2024","format":false,"excerpt":"Os cinemas de Ribeir\u00e3o Preto recebem novidades nesta quinta-feira (11). Os lan\u00e7amentos trazem divers\u00e3o para todas as idades, com filmes de aventura infantil e terror. \u201cComo Vender a Lua\u201d e \u201cTwisters\u201d est\u00e3o entre os destaques. Confira: Ribeir\u00e3o Preto conta com quatro cinemas, o UCI localizado no Ribeir\u00e3o Shopping, o Cinep\u00f3lis,\u2026","rel":"","context":"In &quot;Not\u00edcias de Ribeir\u00e3o Preto-SP e Regi\u00e3o&quot;","block_context":{"text":"Not\u00edcias de Ribeir\u00e3o Preto-SP e Regi\u00e3o","link":"https:\/\/noticiasribeiraopreto.com.br\/index.php\/category\/noticias-de-ribeirao-preto-sp-e-regiao-ismael-colosi\/"},"img":{"alt_text":"","src":"https:\/\/i0.wp.com\/noticiasribeiraopreto.com.br\/wp-content\/uploads\/2024\/07\/Como-Vender-a-Lua-veja-o-trailer-do-novo-filme-com-Channing-Tatum-e-Scarlett-Johanson_2024-07-11_12-25-12_jpg_2024-07-11_12-25-12.webp.webp?fit=1200%2C750&ssl=1&resize=350%2C200","width":350,"height":200,"srcset":"https:\/\/i0.wp.com\/noticiasribeiraopreto.com.br\/wp-content\/uploads\/2024\/07\/Como-Vender-a-Lua-veja-o-trailer-do-novo-filme-com-Channing-Tatum-e-Scarlett-Johanson_2024-07-11_12-25-12_jpg_2024-07-11_12-25-12.webp.webp?fit=1200%2C750&ssl=1&resize=350%2C200 1x, https:\/\/i0.wp.com\/noticiasribeiraopreto.com.br\/wp-content\/uploads\/2024\/07\/Como-Vender-a-Lua-veja-o-trailer-do-novo-filme-com-Channing-Tatum-e-Scarlett-Johanson_2024-07-11_12-25-12_jpg_2024-07-11_12-25-12.webp.webp?fit=1200%2C750&ssl=1&resize=525%2C300 1.5x, https:\/\/i0.wp.com\/noticiasribeiraopreto.com.br\/wp-content\/uploads\/2024\/07\/Como-Vender-a-Lua-veja-o-trailer-do-novo-filme-com-Channing-Tatum-e-Scarlett-Johanson_2024-07-11_12-25-12_jpg_2024-07-11_12-25-12.webp.webp?fit=1200%2C750&ssl=1&resize=700%2C400 2x, https:\/\/i0.wp.com\/noticiasribeiraopreto.com.br\/wp-content\/uploads\/2024\/07\/Como-Vender-a-Lua-veja-o-trailer-do-novo-filme-com-Channing-Tatum-e-Scarlett-Johanson_2024-07-11_12-25-12_jpg_2024-07-11_12-25-12.webp.webp?fit=1200%2C750&ssl=1&resize=1050%2C600 3x"},"classes":[]},{"id":55379,"url":"https:\/\/noticiasribeiraopreto.com.br\/index.php\/2024\/08\/01\/cinema-o-exorcismo-e-tuesday-sao-as-estreias-nesta-quinta-em-ribeirao\/","url_meta":{"origin":79373,"position":4},"title":"Cinema: \u2018O Exorcismo\u2019 e \u2018Tuesday\u2019 s\u00e3o as estreias nesta quinta em Ribeir\u00e3o","author":"noticiasribeiraopreto.com.br","date":"1 de August de 2024","format":false,"excerpt":"Na primeira quinta-feira de agosto, os cinemas de Ribeir\u00e3o Preto trazem duas estreias imperd\u00edveis. Entre os lan\u00e7amentos, est\u00e3o: \u201cO Exorcismo\u201d e \u201cTuesday \u2013 O \u00daltimo Abra\u00e7o\u201c, duas produ\u00e7\u00f5es que v\u00e3o desde o terror sobrenatural at\u00e9 o drama comovente. Ribeir\u00e3o Preto conta com quatro cinemas: o UCI, localizado no Ribeir\u00e3oShopping, o\u2026","rel":"","context":"In &quot;Not\u00edcias de Ribeir\u00e3o Preto-SP e Regi\u00e3o&quot;","block_context":{"text":"Not\u00edcias de Ribeir\u00e3o Preto-SP e Regi\u00e3o","link":"https:\/\/noticiasribeiraopreto.com.br\/index.php\/category\/noticias-de-ribeirao-preto-sp-e-regiao-ismael-colosi\/"},"img":{"alt_text":"","src":"https:\/\/i0.wp.com\/noticiasribeiraopreto.com.br\/wp-content\/uploads\/2024\/08\/tuesday_2024-08-01_12-11-31_jpg_2024-08-01_12-11-32.webp.webp?fit=1200%2C675&ssl=1&resize=350%2C200","width":350,"height":200,"srcset":"https:\/\/i0.wp.com\/noticiasribeiraopreto.com.br\/wp-content\/uploads\/2024\/08\/tuesday_2024-08-01_12-11-31_jpg_2024-08-01_12-11-32.webp.webp?fit=1200%2C675&ssl=1&resize=350%2C200 1x, https:\/\/i0.wp.com\/noticiasribeiraopreto.com.br\/wp-content\/uploads\/2024\/08\/tuesday_2024-08-01_12-11-31_jpg_2024-08-01_12-11-32.webp.webp?fit=1200%2C675&ssl=1&resize=525%2C300 1.5x, https:\/\/i0.wp.com\/noticiasribeiraopreto.com.br\/wp-content\/uploads\/2024\/08\/tuesday_2024-08-01_12-11-31_jpg_2024-08-01_12-11-32.webp.webp?fit=1200%2C675&ssl=1&resize=700%2C400 2x, https:\/\/i0.wp.com\/noticiasribeiraopreto.com.br\/wp-content\/uploads\/2024\/08\/tuesday_2024-08-01_12-11-31_jpg_2024-08-01_12-11-32.webp.webp?fit=1200%2C675&ssl=1&resize=1050%2C600 3x"},"classes":[]},{"id":59854,"url":"https:\/\/noticiasribeiraopreto.com.br\/index.php\/2024\/10\/31\/filmes-de-terror-sao-os-destaques-das-estreias-nos-cinemas-veja-a-programacao\/","url_meta":{"origin":79373,"position":5},"title":"Filmes de terror s\u00e3o os destaques das estreias nos cinemas; Veja a programa\u00e7\u00e3o","author":"noticiasribeiraopreto.com.br","date":"31 de October de 2024","format":false,"excerpt":"Nesta quinta-feira (31), os cinemas de Ribeir\u00e3o Preto entram no clima de Halloween com sete estreias. Os destaques ficam para as produ\u00e7\u00f5es de terror. Os cinemas tamb\u00e9m contam com uma programa\u00e7\u00e3o com diversos filmes cl\u00e1ssicos do g\u00eanero e com promo\u00e7\u00e3o de ingressos que custam R$ 13. Ribeir\u00e3o Preto conta com\u2026","rel":"","context":"In &quot;Not\u00edcias de Ribeir\u00e3o Preto-SP e Regi\u00e3o&quot;","block_context":{"text":"Not\u00edcias de Ribeir\u00e3o Preto-SP e Regi\u00e3o","link":"https:\/\/noticiasribeiraopreto.com.br\/index.php\/category\/noticias-de-ribeirao-preto-sp-e-regiao-ismael-colosi\/"},"img":{"alt_text":"","src":"https:\/\/i0.wp.com\/noticiasribeiraopreto.com.br\/wp-content\/uploads\/2024\/10\/terrifier-3_2024-10-31_12-07-47_jpg_2024-10-31_12-07-47.webp.webp?fit=865%2C511&ssl=1&resize=350%2C200","width":350,"height":200,"srcset":"https:\/\/i0.wp.com\/noticiasribeiraopreto.com.br\/wp-content\/uploads\/2024\/10\/terrifier-3_2024-10-31_12-07-47_jpg_2024-10-31_12-07-47.webp.webp?fit=865%2C511&ssl=1&resize=350%2C200 1x, https:\/\/i0.wp.com\/noticiasribeiraopreto.com.br\/wp-content\/uploads\/2024\/10\/terrifier-3_2024-10-31_12-07-47_jpg_2024-10-31_12-07-47.webp.webp?fit=865%2C511&ssl=1&resize=525%2C300 1.5x, https:\/\/i0.wp.com\/noticiasribeiraopreto.com.br\/wp-content\/uploads\/2024\/10\/terrifier-3_2024-10-31_12-07-47_jpg_2024-10-31_12-07-47.webp.webp?fit=865%2C511&ssl=1&resize=700%2C400 2x"},"classes":[]}],"jetpack_sharing_enabled":true,"jetpack_shortlink":"https:\/\/wp.me\/peQAOb-kEd","_links":{"self":[{"href":"https:\/\/noticiasribeiraopreto.com.br\/index.php\/wp-json\/wp\/v2\/posts\/79373","targetHints":{"allow":["GET"]}}],"collection":[{"href":"https:\/\/noticiasribeiraopreto.com.br\/index.php\/wp-json\/wp\/v2\/posts"}],"about":[{"href":"https:\/\/noticiasribeiraopreto.com.br\/index.php\/wp-json\/wp\/v2\/types\/post"}],"author":[{"embeddable":true,"href":"https:\/\/noticiasribeiraopreto.com.br\/index.php\/wp-json\/wp\/v2\/users\/1"}],"replies":[{"embeddable":true,"href":"https:\/\/noticiasribeiraopreto.com.br\/index.php\/wp-json\/wp\/v2\/comments?post=79373"}],"version-history":[{"count":0,"href":"https:\/\/noticiasribeiraopreto.com.br\/index.php\/wp-json\/wp\/v2\/posts\/79373\/revisions"}],"wp:featuredmedia":[{"embeddable":true,"href":"https:\/\/noticiasribeiraopreto.com.br\/index.php\/wp-json\/wp\/v2\/media\/79375"}],"wp:attachment":[{"href":"https:\/\/noticiasribeiraopreto.com.br\/index.php\/wp-json\/wp\/v2\/media?parent=79373"}],"wp:term":[{"taxonomy":"category","embeddable":true,"href":"https:\/\/noticiasribeiraopreto.com.br\/index.php\/wp-json\/wp\/v2\/categories?post=79373"},{"taxonomy":"post_tag","embeddable":true,"href":"https:\/\/noticiasribeiraopreto.com.br\/index.php\/wp-json\/wp\/v2\/tags?post=79373"}],"curies":[{"name":"wp","href":"https:\/\/api.w.org\/{rel}","templated":true}]}}