{"id":79378,"date":"2025-10-30T16:26:54","date_gmt":"2025-10-30T19:26:54","guid":{"rendered":"https:\/\/noticiasribeiraopreto.com.br\/index.php\/2025\/10\/30\/comeca-a-fiscalizacao-do-sossego-e-lei\/"},"modified":"2025-10-30T16:26:54","modified_gmt":"2025-10-30T19:26:54","slug":"comeca-a-fiscalizacao-do-sossego-e-lei","status":"publish","type":"post","link":"https:\/\/noticiasribeiraopreto.com.br\/index.php\/2025\/10\/30\/comeca-a-fiscalizacao-do-sossego-e-lei\/","title":{"rendered":"Come\u00e7a a fiscaliza\u00e7\u00e3o do Sossego \u00e9 Lei"},"content":{"rendered":"<p> <br \/>\n<\/p>\n<div id=\"\">\n<p>\n\t\t\t\t\t\t\t\t\t<span class=\"entry-meta-item penci-posted-on\"><i class=\"fa fa-clock-o\"\/><time class=\"entry-date published updated\" datetime=\"2025-10-30T16:21:23-03:00\">30 de outubro de 2025 16:21<\/time><\/span><span class=\"entry-meta-item penci-post-countview\"><span class=\"entry-meta-item penci-post-countview penci_post-meta_item\"><i class=\"fa fa-eye\"\/><span class=\"penci-post-countview-number penci-post-countview-p444732\">9<\/span><\/span><\/span>\t\t\t\t\t\t\t\t<\/p>\n<p><!-- .entry-meta --><br \/>\n\t\t\t\t\t\t\t\t<span class=\"penci-social-buttons penci-social-share-footer\"><span class=\"penci-social-share-text\">Compartilhar<\/span><a href=\"#\" class=\"penci-post-like penci_post-meta_item  single-like-button penci-social-item like\" data-post_id=\"444732\" title=\"Like\" data-like=\"Like\" data-unlike=\"Unlike\"><i class=\"fa fa-thumbs-o-up\"\/><span class=\"penci-share-number\">0<\/span><\/a><i class=\"fa fa-facebook\"\/><a class=\"penci-social-item twitter\" target=\"_blank\" rel=\"noopener\" title=\"\" href=\"https:\/\/twitter.com\/intent\/tweet?text=Come\u00e7a%20a%20fiscaliza\u00e7\u00e3o%20do%20Sossego%20\u00e9%20Lei%20-%20https:\/\/www.tribunaribeirao.com.br\/comeca-a-fiscalizacao-do-sossego-e-lei\/\"><i class=\"fa fa-twitter\"\/><\/a><i class=\"fa fa-linkedin\"\/><i class=\"fa fa-whatsapp\"\/><i class=\"fa fa-telegram\"\/><i class=\"fa fa-envelope\"\/><\/span>\t\t\t\t\t\t\t<\/div>\n<div>\n<p><em>San\u00e7\u00f5es incluem desde advert\u00eancia escrita \u2013 no caso da primeira infra\u00e7\u00e3o -, at\u00e9 multa de R$ 10 mil, interdi\u00e7\u00e3o parcial ou total do estabelecimento e cassa\u00e7\u00e3o do alvar\u00e1 de funcionamento<\/em><\/p>\n<p>A prefeitura de Ribeir\u00e3o Preto publicou no Di\u00e1rio Oficial do Munic\u00edpio, (DOM) desta quarta-feira, 29 de outubro, o Decreto no. 231 que regulamenta a lei do Executivo \u201cSossego \u00e9 Lei\u201d. A legisla\u00e7\u00e3o responsabiliza os estabelecimentos que contribu\u00edrem para a realiza\u00e7\u00e3o de atividades que comprometam a sa\u00fade p\u00fablica, o meio ambiente, o sossego, os bons costumes e o direito de vizinhan\u00e7a.<\/p>\n<p>A aprova\u00e7\u00e3o do projeto do Executivo foi feita pelos vereadores no dia 10 de setembro e a san\u00e7\u00e3o da lei feita pelo prefeito Ricardo Silva (PSD) no dia 7 do mesmo m\u00eas. Com a regulamenta\u00e7\u00e3o a fiscaliza\u00e7\u00e3o j\u00e1 poder\u00e1 ter in\u00edcio.<\/p>\n<p>A inten\u00e7\u00e3o da nova lei, segundo Ricardo Silva, \u00e9 \u201cacabar com a pr\u00e1tica de baderna que acontecia tanto na porta de adega como em outros estabelecimentos e tamb\u00e9m em trenzinhos, que geram aglomera\u00e7\u00f5es, uso de entorpecentes, bebida alco\u00f3lica em vias p\u00fablicas, inclusive para menores, e que os bairros sofrem tanto, com pancad\u00f5es, shows irregulares\u201d, afirmou quando anunciou a proposta.<br \/>Est\u00e3o inclu\u00eddas na lei as pr\u00e1ticas de \u201cpancad\u00f5es\u201d, bailes funk e shows irregulares em vias p\u00fablicas especialmente nos arredores de estabelecimentos conhecidos como \u201cadegas\u201d ou outros estabelecimentos similares.<\/p>\n<p>A perman\u00eancia ou concentra\u00e7\u00e3o de p\u00fablico promovida ou tolerada pelos estabelecimentos, ainda que em \u00e1rea externa, que resulte em polui\u00e7\u00e3o sonora, uso de entorpecentes, perturba\u00e7\u00e3o da ordem, obstru\u00e7\u00e3o de vias ou cal\u00e7adas e riscos \u00e0 seguran\u00e7a e \u00e0 sa\u00fade p\u00fablica tamb\u00e9m ser\u00e3o punidas.<\/p>\n<p>Entre as puni\u00e7\u00f5es prevista est\u00e3o desde advert\u00eancia escrita \u2013 no caso da primeira infra\u00e7\u00e3o constatada -, at\u00e9 multa de R$ 10 mil, interdi\u00e7\u00e3o parcial ou total do estabelecimento e cassa\u00e7\u00e3o do alvar\u00e1 de funcionamento em casos de reincid\u00eancia grave.<br \/>A fiscaliza\u00e7\u00e3o ser\u00e1 feita pelo Departamento de Fiscaliza\u00e7\u00e3o Geral da Prefeitura com apoio da Guarda Civil Metropolitana (GCM), da Pol\u00edcia Militar, da Pol\u00edcia Civil e de demais \u00f3rg\u00e3os competentes, mediante relat\u00f3rios, imagens, den\u00fancias ou constata\u00e7\u00f5es locais.<\/p>\n<p><!-- CONTENT END 3 -->\n<\/div>\n<p><script async src=\"\/\/platform.twitter.com\/widgets.js\" charset=\"utf-8\"><\/script><br \/>\n<br \/><br \/>\n<br \/><a href=\"https:\/\/www.tribunaribeirao.com.br\/comeca-a-fiscalizacao-do-sossego-e-lei\/\">Source link <\/a><\/p>\n","protected":false},"excerpt":{"rendered":"<p>30 de outubro de 2025 16:219 Compartilhar0 San\u00e7\u00f5es incluem desde advert\u00eancia escrita \u2013 no caso da primeira infra\u00e7\u00e3o -, at\u00e9 multa de R$ 10 mil,&#8230;<\/p>\n","protected":false},"author":1,"featured_media":79379,"comment_status":"open","ping_status":"open","sticky":false,"template":"","format":"standard","meta":{"advanced_seo_description":"","jetpack_seo_html_title":"","jetpack_seo_noindex":false,"jetpack_post_was_ever_published":false,"_jetpack_newsletter_access":"","_jetpack_dont_email_post_to_subs":false,"_jetpack_newsletter_tier_id":0,"_jetpack_memberships_contains_paywalled_content":false,"_jetpack_memberships_contains_paid_content":false,"footnotes":"","jetpack_publicize_message":"","jetpack_publicize_feature_enabled":true,"jetpack_social_post_already_shared":true,"jetpack_social_options":{"image_generator_settings":{"template":"highway","default_image_id":0,"font":"","enabled":false},"version":2}},"categories":[11],"tags":[],"class_list":["post-79378","post","type-post","status-publish","format-standard","has-post-thumbnail","hentry","category-noticias-de-ribeirao-preto-sp-e-regiao-ismael-colosi"],"jetpack_publicize_connections":[],"jetpack_featured_media_url":"https:\/\/i0.wp.com\/noticiasribeiraopreto.com.br\/wp-content\/uploads\/2025\/10\/sossego-lei.jpeg?fit=310%2C163&ssl=1","jetpack-related-posts":[{"id":77397,"url":"https:\/\/noticiasribeiraopreto.com.br\/index.php\/2025\/09\/17\/ribeirao-preto-sanciona-lei-que-pune-comercios-que-perturbem-o-sossego\/","url_meta":{"origin":79378,"position":0},"title":"Ribeir\u00e3o Preto sanciona lei que pune com\u00e9rcios que perturbem o sossego","author":"noticiasribeiraopreto.com.br","date":"17 de September de 2025","format":false,"excerpt":"O prefeito de Ribeir\u00e3o Preto, Ricardo Silva (PSD), sancionou a lei que pune com\u00e9rcios que perturbam o sossego. A norma foi publicada no Di\u00e1rio Oficial do Munic\u00edpio desta quarta-feira (17) e \u00e9 de autoria do pr\u00f3prio Executivo \u2013 a lei foi aprovada pela C\u00e2mara Municipal na semana passada. S\u00e3o consideradas\u2026","rel":"","context":"In &quot;Not\u00edcias de Ribeir\u00e3o Preto-SP e Regi\u00e3o&quot;","block_context":{"text":"Not\u00edcias de Ribeir\u00e3o Preto-SP e Regi\u00e3o","link":"https:\/\/noticiasribeiraopreto.com.br\/index.php\/category\/noticias-de-ribeirao-preto-sp-e-regiao-ismael-colosi\/"},"img":{"alt_text":"","src":"https:\/\/i0.wp.com\/noticiasribeiraopreto.com.br\/wp-content\/uploads\/2025\/09\/baile-funk_2025-09-17_20-59-03.webp.webp?fit=1024%2C576&ssl=1&resize=350%2C200","width":350,"height":200,"srcset":"https:\/\/i0.wp.com\/noticiasribeiraopreto.com.br\/wp-content\/uploads\/2025\/09\/baile-funk_2025-09-17_20-59-03.webp.webp?fit=1024%2C576&ssl=1&resize=350%2C200 1x, https:\/\/i0.wp.com\/noticiasribeiraopreto.com.br\/wp-content\/uploads\/2025\/09\/baile-funk_2025-09-17_20-59-03.webp.webp?fit=1024%2C576&ssl=1&resize=525%2C300 1.5x, https:\/\/i0.wp.com\/noticiasribeiraopreto.com.br\/wp-content\/uploads\/2025\/09\/baile-funk_2025-09-17_20-59-03.webp.webp?fit=1024%2C576&ssl=1&resize=700%2C400 2x"},"classes":[]},{"id":77063,"url":"https:\/\/noticiasribeiraopreto.com.br\/index.php\/2025\/09\/10\/camara-de-ribeirao-preto-aprova-projeto-que-pune-comercios-por-perturbacao-de-sossego\/","url_meta":{"origin":79378,"position":1},"title":"C\u00e2mara de Ribeir\u00e3o Preto aprova projeto que pune com\u00e9rcios por perturba\u00e7\u00e3o de sossego","author":"noticiasribeiraopreto.com.br","date":"10 de September de 2025","format":false,"excerpt":"A C\u00e2mara Municipal de Ribeir\u00e3o Preto aprovou nesta quarta-feira (10) o Projeto de Lei n\u00ba 307\/2025, que prev\u00ea puni\u00e7\u00f5es para estabelecimentos que, direta ou indiretamente, contribuam para atividades que comprometam o sossego p\u00fablico, a sa\u00fade, o meio ambiente, os bons costumes ou o direito de vizinhan\u00e7a. O projeto, enviado pelo\u2026","rel":"","context":"In &quot;Not\u00edcias de Ribeir\u00e3o Preto-SP e Regi\u00e3o&quot;","block_context":{"text":"Not\u00edcias de Ribeir\u00e3o Preto-SP e Regi\u00e3o","link":"https:\/\/noticiasribeiraopreto.com.br\/index.php\/category\/noticias-de-ribeirao-preto-sp-e-regiao-ismael-colosi\/"},"img":{"alt_text":"","src":"https:\/\/i0.wp.com\/noticiasribeiraopreto.com.br\/wp-content\/uploads\/2025\/09\/Copia-de-Copia-de-Copia-de-TAMANHO-EXATO-PARA-FOTOS-NO-SISTEMA-NOVO-2025-04-15T173506.051_2025-04-15_20-35-26_png_2025-04-15_20-35-26.webp.webp?fit=1200%2C675&ssl=1&resize=350%2C200","width":350,"height":200,"srcset":"https:\/\/i0.wp.com\/noticiasribeiraopreto.com.br\/wp-content\/uploads\/2025\/09\/Copia-de-Copia-de-Copia-de-TAMANHO-EXATO-PARA-FOTOS-NO-SISTEMA-NOVO-2025-04-15T173506.051_2025-04-15_20-35-26_png_2025-04-15_20-35-26.webp.webp?fit=1200%2C675&ssl=1&resize=350%2C200 1x, https:\/\/i0.wp.com\/noticiasribeiraopreto.com.br\/wp-content\/uploads\/2025\/09\/Copia-de-Copia-de-Copia-de-TAMANHO-EXATO-PARA-FOTOS-NO-SISTEMA-NOVO-2025-04-15T173506.051_2025-04-15_20-35-26_png_2025-04-15_20-35-26.webp.webp?fit=1200%2C675&ssl=1&resize=525%2C300 1.5x, https:\/\/i0.wp.com\/noticiasribeiraopreto.com.br\/wp-content\/uploads\/2025\/09\/Copia-de-Copia-de-Copia-de-TAMANHO-EXATO-PARA-FOTOS-NO-SISTEMA-NOVO-2025-04-15T173506.051_2025-04-15_20-35-26_png_2025-04-15_20-35-26.webp.webp?fit=1200%2C675&ssl=1&resize=700%2C400 2x, https:\/\/i0.wp.com\/noticiasribeiraopreto.com.br\/wp-content\/uploads\/2025\/09\/Copia-de-Copia-de-Copia-de-TAMANHO-EXATO-PARA-FOTOS-NO-SISTEMA-NOVO-2025-04-15T173506.051_2025-04-15_20-35-26_png_2025-04-15_20-35-26.webp.webp?fit=1200%2C675&ssl=1&resize=1050%2C600 3x"},"classes":[]},{"id":73838,"url":"https:\/\/noticiasribeiraopreto.com.br\/index.php\/2025\/07\/10\/ribeirao-preto-apresenta-nova-proposta-sobre-sossego-publico-apos-veto-a-projeto-das-adegas\/","url_meta":{"origin":79378,"position":2},"title":"Ribeir\u00e3o Preto apresenta nova proposta sobre sossego p\u00fablico ap\u00f3s veto a projeto das adegas","author":"noticiasribeiraopreto.com.br","date":"10 de July de 2025","format":false,"excerpt":"A Prefeitura de Ribeir\u00e3o Preto apresentou na manh\u00e3 quinta-feira (10), um novo projeto de lei que estabelece puni\u00e7\u00f5es a estabelecimentos que contribuam direta ou indiretamente para a realiza\u00e7\u00e3o de atividades que comprometam o sossego, a sa\u00fade p\u00fablica, o meio-ambiente, os bons costumes e o direito de vizinhan\u00e7a. O texto surge\u2026","rel":"","context":"In &quot;Not\u00edcias de Ribeir\u00e3o Preto-SP e Regi\u00e3o&quot;","block_context":{"text":"Not\u00edcias de Ribeir\u00e3o Preto-SP e Regi\u00e3o","link":"https:\/\/noticiasribeiraopreto.com.br\/index.php\/category\/noticias-de-ribeirao-preto-sp-e-regiao-ismael-colosi\/"},"img":{"alt_text":"","src":"https:\/\/i0.wp.com\/noticiasribeiraopreto.com.br\/wp-content\/uploads\/2025\/06\/pexels-elevate-1269043_2024-06-21_14-40-13_jpg_2024-06-21_14-40-16-scaled.webp.webp?fit=1200%2C801&ssl=1&resize=350%2C200","width":350,"height":200,"srcset":"https:\/\/i0.wp.com\/noticiasribeiraopreto.com.br\/wp-content\/uploads\/2025\/06\/pexels-elevate-1269043_2024-06-21_14-40-13_jpg_2024-06-21_14-40-16-scaled.webp.webp?fit=1200%2C801&ssl=1&resize=350%2C200 1x, https:\/\/i0.wp.com\/noticiasribeiraopreto.com.br\/wp-content\/uploads\/2025\/06\/pexels-elevate-1269043_2024-06-21_14-40-13_jpg_2024-06-21_14-40-16-scaled.webp.webp?fit=1200%2C801&ssl=1&resize=525%2C300 1.5x, https:\/\/i0.wp.com\/noticiasribeiraopreto.com.br\/wp-content\/uploads\/2025\/06\/pexels-elevate-1269043_2024-06-21_14-40-13_jpg_2024-06-21_14-40-16-scaled.webp.webp?fit=1200%2C801&ssl=1&resize=700%2C400 2x, https:\/\/i0.wp.com\/noticiasribeiraopreto.com.br\/wp-content\/uploads\/2025\/06\/pexels-elevate-1269043_2024-06-21_14-40-13_jpg_2024-06-21_14-40-16-scaled.webp.webp?fit=1200%2C801&ssl=1&resize=1050%2C600 3x"},"classes":[]},{"id":76166,"url":"https:\/\/noticiasribeiraopreto.com.br\/index.php\/2025\/08\/23\/ribeirao-preto-recebe-palestra-sobre-leis-no-setor-de-alimentos-e-bebidas\/","url_meta":{"origin":79378,"position":3},"title":"Ribeir\u00e3o Preto recebe palestra sobre leis no setor de alimentos e bebidas","author":"noticiasribeiraopreto.com.br","date":"23 de August de 2025","format":false,"excerpt":"A Associa\u00e7\u00e3o Comercial e Industrial de Ribeir\u00e3o Preto (Acirp) promove na pr\u00f3xima segunda-feira (25), \u00e0s 18h30, uma palestra voltada para empres\u00e1rios do setor de alimentos e bebidas. O evento, organizado pelo N\u00facleo Especializado em Seguran\u00e7a dos Alimentos (Tecmentar), faz parte do Programa Empreender da Acirp. A palestra abordar\u00e1 legisla\u00e7\u00e3o, fiscaliza\u00e7\u00e3o\u2026","rel":"","context":"In &quot;Not\u00edcias de Ribeir\u00e3o Preto-SP e Regi\u00e3o&quot;","block_context":{"text":"Not\u00edcias de Ribeir\u00e3o Preto-SP e Regi\u00e3o","link":"https:\/\/noticiasribeiraopreto.com.br\/index.php\/category\/noticias-de-ribeirao-preto-sp-e-regiao-ismael-colosi\/"},"img":{"alt_text":"","src":"https:\/\/i0.wp.com\/noticiasribeiraopreto.com.br\/wp-content\/uploads\/2025\/08\/1280-x-659-header-Foto-Acirp-1-1_2025-08-23_14-49-12.webp.webp?fit=1200%2C618&ssl=1&resize=350%2C200","width":350,"height":200,"srcset":"https:\/\/i0.wp.com\/noticiasribeiraopreto.com.br\/wp-content\/uploads\/2025\/08\/1280-x-659-header-Foto-Acirp-1-1_2025-08-23_14-49-12.webp.webp?fit=1200%2C618&ssl=1&resize=350%2C200 1x, https:\/\/i0.wp.com\/noticiasribeiraopreto.com.br\/wp-content\/uploads\/2025\/08\/1280-x-659-header-Foto-Acirp-1-1_2025-08-23_14-49-12.webp.webp?fit=1200%2C618&ssl=1&resize=525%2C300 1.5x, https:\/\/i0.wp.com\/noticiasribeiraopreto.com.br\/wp-content\/uploads\/2025\/08\/1280-x-659-header-Foto-Acirp-1-1_2025-08-23_14-49-12.webp.webp?fit=1200%2C618&ssl=1&resize=700%2C400 2x, https:\/\/i0.wp.com\/noticiasribeiraopreto.com.br\/wp-content\/uploads\/2025\/08\/1280-x-659-header-Foto-Acirp-1-1_2025-08-23_14-49-12.webp.webp?fit=1200%2C618&ssl=1&resize=1050%2C600 3x"},"classes":[]},{"id":75806,"url":"https:\/\/noticiasribeiraopreto.com.br\/index.php\/2025\/08\/15\/regularizacao-de-fios-soltos-sera-realizada-em-avenidas-de-ribeirao-preto\/","url_meta":{"origin":79378,"position":4},"title":"Regulariza\u00e7\u00e3o de fios soltos ser\u00e1 realizada em avenidas de Ribeir\u00e3o Preto","author":"noticiasribeiraopreto.com.br","date":"15 de August de 2025","format":false,"excerpt":"A Secretaria de Infraestrutura come\u00e7a neste s\u00e1bado (16) a regulariza\u00e7\u00e3o de fios de telecomunica\u00e7\u00f5es soltos em avenidas de Ribeir\u00e3o Preto. A avenida Portugal \u00e9 a primeira que ser\u00e1 atendida e os trabalhos acontecem no per\u00edodo das 8h \u00e0s 17h. O servi\u00e7o acontece no trecho entre as avenidas Ant\u00f4nio Diederischen e\u2026","rel":"","context":"In &quot;Not\u00edcias de Ribeir\u00e3o Preto-SP e Regi\u00e3o&quot;","block_context":{"text":"Not\u00edcias de Ribeir\u00e3o Preto-SP e Regi\u00e3o","link":"https:\/\/noticiasribeiraopreto.com.br\/index.php\/category\/noticias-de-ribeirao-preto-sp-e-regiao-ismael-colosi\/"},"img":{"alt_text":"","src":"https:\/\/i0.wp.com\/noticiasribeiraopreto.com.br\/wp-content\/uploads\/2025\/08\/regularizacao-fios_2025-08-15_15-30-05.webp.webp?fit=1200%2C799&ssl=1&resize=350%2C200","width":350,"height":200,"srcset":"https:\/\/i0.wp.com\/noticiasribeiraopreto.com.br\/wp-content\/uploads\/2025\/08\/regularizacao-fios_2025-08-15_15-30-05.webp.webp?fit=1200%2C799&ssl=1&resize=350%2C200 1x, https:\/\/i0.wp.com\/noticiasribeiraopreto.com.br\/wp-content\/uploads\/2025\/08\/regularizacao-fios_2025-08-15_15-30-05.webp.webp?fit=1200%2C799&ssl=1&resize=525%2C300 1.5x, https:\/\/i0.wp.com\/noticiasribeiraopreto.com.br\/wp-content\/uploads\/2025\/08\/regularizacao-fios_2025-08-15_15-30-05.webp.webp?fit=1200%2C799&ssl=1&resize=700%2C400 2x, https:\/\/i0.wp.com\/noticiasribeiraopreto.com.br\/wp-content\/uploads\/2025\/08\/regularizacao-fios_2025-08-15_15-30-05.webp.webp?fit=1200%2C799&ssl=1&resize=1050%2C600 3x"},"classes":[]},{"id":58563,"url":"https:\/\/noticiasribeiraopreto.com.br\/index.php\/2024\/10\/01\/outubro-comeca-com-alerta-de-perigo-potencial-no-estado-de-sp-veja-cidades\/","url_meta":{"origin":79378,"position":5},"title":"Outubro come\u00e7a com alerta de &#8216;perigo potencial&#8217; no estado de SP; Veja cidades","author":"noticiasribeiraopreto.com.br","date":"1 de October de 2024","format":false,"excerpt":"O Inmet (Instituto Nacional de Meteorologia) emitiu um um alerta de \u201cperigo potencial\u201d para a baixa umidade do ar nesta ter\u00e7a-feira (1\u00ba) em grande parte do estado de S\u00e3o Paulo. O aviso tem validade entre 11h e 21h, e inclui Ribeir\u00e3o Preto e cidades da regi\u00e3o. O alerta \u00e9 na\u2026","rel":"","context":"In &quot;Not\u00edcias de Ribeir\u00e3o Preto-SP e Regi\u00e3o&quot;","block_context":{"text":"Not\u00edcias de Ribeir\u00e3o Preto-SP e Regi\u00e3o","link":"https:\/\/noticiasribeiraopreto.com.br\/index.php\/category\/noticias-de-ribeirao-preto-sp-e-regiao-ismael-colosi\/"},"img":{"alt_text":"","src":"https:\/\/i0.wp.com\/noticiasribeiraopreto.com.br\/wp-content\/uploads\/2024\/10\/20230711_174150-scaled.jpg?fit=1200%2C540&ssl=1&resize=350%2C200","width":350,"height":200,"srcset":"https:\/\/i0.wp.com\/noticiasribeiraopreto.com.br\/wp-content\/uploads\/2024\/10\/20230711_174150-scaled.jpg?fit=1200%2C540&ssl=1&resize=350%2C200 1x, https:\/\/i0.wp.com\/noticiasribeiraopreto.com.br\/wp-content\/uploads\/2024\/10\/20230711_174150-scaled.jpg?fit=1200%2C540&ssl=1&resize=525%2C300 1.5x, https:\/\/i0.wp.com\/noticiasribeiraopreto.com.br\/wp-content\/uploads\/2024\/10\/20230711_174150-scaled.jpg?fit=1200%2C540&ssl=1&resize=700%2C400 2x, https:\/\/i0.wp.com\/noticiasribeiraopreto.com.br\/wp-content\/uploads\/2024\/10\/20230711_174150-scaled.jpg?fit=1200%2C540&ssl=1&resize=1050%2C600 3x"},"classes":[]}],"jetpack_sharing_enabled":true,"jetpack_shortlink":"https:\/\/wp.me\/peQAOb-kEi","_links":{"self":[{"href":"https:\/\/noticiasribeiraopreto.com.br\/index.php\/wp-json\/wp\/v2\/posts\/79378","targetHints":{"allow":["GET"]}}],"collection":[{"href":"https:\/\/noticiasribeiraopreto.com.br\/index.php\/wp-json\/wp\/v2\/posts"}],"about":[{"href":"https:\/\/noticiasribeiraopreto.com.br\/index.php\/wp-json\/wp\/v2\/types\/post"}],"author":[{"embeddable":true,"href":"https:\/\/noticiasribeiraopreto.com.br\/index.php\/wp-json\/wp\/v2\/users\/1"}],"replies":[{"embeddable":true,"href":"https:\/\/noticiasribeiraopreto.com.br\/index.php\/wp-json\/wp\/v2\/comments?post=79378"}],"version-history":[{"count":0,"href":"https:\/\/noticiasribeiraopreto.com.br\/index.php\/wp-json\/wp\/v2\/posts\/79378\/revisions"}],"wp:featuredmedia":[{"embeddable":true,"href":"https:\/\/noticiasribeiraopreto.com.br\/index.php\/wp-json\/wp\/v2\/media\/79379"}],"wp:attachment":[{"href":"https:\/\/noticiasribeiraopreto.com.br\/index.php\/wp-json\/wp\/v2\/media?parent=79378"}],"wp:term":[{"taxonomy":"category","embeddable":true,"href":"https:\/\/noticiasribeiraopreto.com.br\/index.php\/wp-json\/wp\/v2\/categories?post=79378"},{"taxonomy":"post_tag","embeddable":true,"href":"https:\/\/noticiasribeiraopreto.com.br\/index.php\/wp-json\/wp\/v2\/tags?post=79378"}],"curies":[{"name":"wp","href":"https:\/\/api.w.org\/{rel}","templated":true}]}}