{"id":79382,"date":"2025-10-30T17:07:34","date_gmt":"2025-10-30T20:07:34","guid":{"rendered":"https:\/\/noticiasribeiraopreto.com.br\/index.php\/2025\/10\/30\/cemiterios-de-ribeirao-se-preparam-para-receber-cerca-de-60-mil-visitantes-no-dia-de-finados-veja-horarios\/"},"modified":"2025-10-30T17:07:34","modified_gmt":"2025-10-30T20:07:34","slug":"cemiterios-de-ribeirao-se-preparam-para-receber-cerca-de-60-mil-visitantes-no-dia-de-finados-veja-horarios","status":"publish","type":"post","link":"https:\/\/noticiasribeiraopreto.com.br\/index.php\/2025\/10\/30\/cemiterios-de-ribeirao-se-preparam-para-receber-cerca-de-60-mil-visitantes-no-dia-de-finados-veja-horarios\/","title":{"rendered":"Cemit\u00e9rios de Ribeir\u00e3o se preparam para receber cerca de 60 mil visitantes no Dia de Finados; veja hor\u00e1rios"},"content":{"rendered":"<div class='code-block code-block-1' style='margin: 8px 0 8px auto; text-align: right; display: block; clear: both;'>\n<p><a href=\"https:\/\/wa.link\/vpicfd\"><img data-recalc-dims=\"1\" class=\"wp-image-4922\" style=\"aspect-ratio: 2.0253164556962027; width: 561px; height: auto;\" src=\"https:\/\/i0.wp.com\/ismaelcolosi.com.br\/wp-content\/uploads\/2023\/11\/grupo-de-empregos-whatsapp-e-facebook-ismael-colosi-vagas.jpg?ssl=1\" alt=\"\" \/><\/a><\/p>\n<!-- \/wp:image -->\n<\/div>\n<p> <br \/>\n<\/p>\n<div data-td-block-uid=\"tdi_95\">\n<div class=\"tdb-block-inner td-fix-index\">\n<p>Os <strong>tr\u00eas cemit\u00e9rios municipais<\/strong> de Ribeir\u00e3o Preto \u2013 <strong>Saudade<\/strong>, <strong>Bom Pastor<\/strong> e <strong>Bonfim Paulista<\/strong> \u2013 finalizam os preparativos para o Dia de Finados. A expectativa \u00e9 que mais de <strong>60 mil pessoas<\/strong> visitem os locais neste <strong>domingo, 2 de novembro, das 7h \u00e0s 18h<\/strong>, superando o p\u00fablico do ano anterior.<\/p>\n<h3 class=\"wp-block-heading\"><strong>Estrutura<\/strong><\/h3>\n<p>As estruturas de zeladoria e conserva\u00e7\u00e3o realizaram <strong>manuten\u00e7\u00f5es<\/strong>, incluindo <strong>pintura <\/strong>e<strong> pequenos reparos<\/strong>. Houve melhorias nas vias de circula\u00e7\u00e3o e nos bancos, visando manter os espa\u00e7os acolhedores e organizados para o grande fluxo de visitantes.<\/p>\n<div class=\"wp-block-image\">\n<figure class=\"aligncenter size-large is-resized\"><img data-recalc-dims=\"1\" fetchpriority=\"high\" decoding=\"async\" width=\"1024\" height=\"682\" src=\"https:\/\/i0.wp.com\/cdn.media-acidadeon.com.br\/ribeiraopreto\/wp-content\/uploads\/sites\/3\/2025\/10\/image_2025-10-30_19-11-28-1024x682.webp?resize=1024%2C682&#038;ssl=1\" alt=\"cemit\u00e9rio ribeir\u00e3o\" class=\"wp-image-134144\" style=\"width:667px;height:auto\" title=\"Cemit\u00e9rios de Ribeir\u00e3o se preparam para receber cerca de 60 mil visitantes no Dia de Finados; veja hor\u00e1rios 1\" srcset=\"https:\/\/cdn.media-acidadeon.com.br\/ribeiraopreto\/wp-content\/uploads\/sites\/3\/2025\/10\/image_2025-10-30_19-11-28-1024x682.webp 1024w, https:\/\/cdn.media-acidadeon.com.br\/ribeiraopreto\/wp-content\/uploads\/sites\/3\/2025\/10\/image_2025-10-30_19-11-28-300x200.webp 300w, https:\/\/cdn.media-acidadeon.com.br\/ribeiraopreto\/wp-content\/uploads\/sites\/3\/2025\/10\/image_2025-10-30_19-11-28-768x511.webp 768w, https:\/\/cdn.media-acidadeon.com.br\/ribeiraopreto\/wp-content\/uploads\/sites\/3\/2025\/10\/image_2025-10-30_19-11-28-696x463.webp 696w, https:\/\/cdn.media-acidadeon.com.br\/ribeiraopreto\/wp-content\/uploads\/sites\/3\/2025\/10\/image_2025-10-30_19-11-28-1068x711.webp 1068w, https:\/\/cdn.media-acidadeon.com.br\/ribeiraopreto\/wp-content\/uploads\/sites\/3\/2025\/10\/image_2025-10-30_19-11-28.webp 1200w\" sizes=\"(max-width: 1024px) 100vw, 1024px\"\/><\/figure>\n<\/div>\n<h3 class=\"wp-block-heading\"><strong>Missas programadas<\/strong><\/h3>\n<p>Os cemit\u00e9rios sediam missas no Dia de Finados. Confira a programa\u00e7\u00e3o religiosa:<\/p>\n<ul class=\"wp-block-list\">\n<li><strong>Cemit\u00e9rio da Saudade<\/strong>\n<ul class=\"wp-block-list\">\n<li>7h: Padre Pitico<\/li>\n<li>9h: Arcebispo Dom Moacir<\/li>\n<\/ul>\n<\/li>\n<li><strong>Cemit\u00e9rio de Bonfim Paulista<\/strong>\n<ul class=\"wp-block-list\">\n<li>8h: Padre M\u00e1rio Reis da Silveira<\/li>\n<\/ul>\n<\/li>\n<li><strong>Cemit\u00e9rio Bom Pastor<\/strong>\n<ul class=\"wp-block-list\">\n<li>10h: Padre Rodrigo Ant\u00f4nio<\/li>\n<li>16h: Padre Jos\u00e9 Renato Rodrigues Duarte<\/li>\n<\/ul>\n<\/li>\n<\/ul>\n<div class=\"wp-block-image\">\n<figure class=\"aligncenter size-large is-resized\"><img data-recalc-dims=\"1\" loading=\"lazy\" decoding=\"async\" width=\"1024\" height=\"682\" src=\"https:\/\/i0.wp.com\/cdn.media-acidadeon.com.br\/ribeiraopreto\/wp-content\/uploads\/sites\/3\/2025\/10\/image_2025-10-30_19-12-56-1024x682.webp?resize=1024%2C682&#038;ssl=1\" alt=\"image 2025 10 30 19 12 56\" class=\"wp-image-134145\" style=\"width:754px;height:auto\" title=\"Cemit\u00e9rios de Ribeir\u00e3o se preparam para receber cerca de 60 mil visitantes no Dia de Finados; veja hor\u00e1rios 2\" srcset=\"https:\/\/cdn.media-acidadeon.com.br\/ribeiraopreto\/wp-content\/uploads\/sites\/3\/2025\/10\/image_2025-10-30_19-12-56-1024x682.webp 1024w, https:\/\/cdn.media-acidadeon.com.br\/ribeiraopreto\/wp-content\/uploads\/sites\/3\/2025\/10\/image_2025-10-30_19-12-56-300x200.webp 300w, https:\/\/cdn.media-acidadeon.com.br\/ribeiraopreto\/wp-content\/uploads\/sites\/3\/2025\/10\/image_2025-10-30_19-12-56-768x511.webp 768w, https:\/\/cdn.media-acidadeon.com.br\/ribeiraopreto\/wp-content\/uploads\/sites\/3\/2025\/10\/image_2025-10-30_19-12-56-696x463.webp 696w, https:\/\/cdn.media-acidadeon.com.br\/ribeiraopreto\/wp-content\/uploads\/sites\/3\/2025\/10\/image_2025-10-30_19-12-56-1068x711.webp 1068w, https:\/\/cdn.media-acidadeon.com.br\/ribeiraopreto\/wp-content\/uploads\/sites\/3\/2025\/10\/image_2025-10-30_19-12-56.webp 1200w\" sizes=\"auto, (max-width: 1024px) 100vw, 1024px\"\/><figcaption class=\"wp-element-caption\">Cemit\u00e9rio Bom Pastor \u2013 Foto: Fernando Gonzaga<\/figcaption><\/figure>\n<\/div>\n<hr class=\"wp-block-separator has-alpha-channel-opacity\"\/>\n<p>SAIBA MAIS<br \/>Nova frente fria traz risco de chuva forte ao interior de SP; Confira previs\u00e3o<\/p>\n<h2 class=\"wp-block-heading\"><strong>FIQUE ON<\/strong><\/h2>\n<p>Fique ligado em tudo que acontece em Ribeir\u00e3o Preto e regi\u00e3o. Siga os perfis do\u00a0<strong>acidade on\u00a0<\/strong>no<a href=\"https:\/\/www.instagram.com\/acidadeonribeirao\" target=\"_blank\" rel=\"noreferrer noopener\">\u00a0Instagram<\/a>\u00a0e no\u00a0<a href=\"https:\/\/www.facebook.com\/acidadeonribeirao\/\" target=\"_blank\" rel=\"noreferrer noopener\">Facebook<\/a>.<\/p>\n<p>Receba not\u00edcias do\u00a0<strong>acidade on<\/strong>\u00a0no WhatsApp. Para entrar no grupo,\u00a0basta\u00a0<a href=\"https:\/\/chat.whatsapp.com\/I4nieTEMKlf50pJ28aMemC?mode=ac_t\" target=\"_blank\" rel=\"noreferrer noopener\">clicar aqui<\/a>. Ou, acesse o nosso\u00a0Canal\u00a0<a href=\"https:\/\/whatsapp.com\/channel\/0029Vb6IQl1JENyAeS57fk2p\" target=\"_blank\" rel=\"noreferrer noopener\">clicando aqui<\/a>.<\/p>\n<p>Fa\u00e7a uma den\u00fancia ou sugira uma reportagem sobre Ribeir\u00e3o Preto e regi\u00e3o pelo WhatsApp: 16 99117 7802.<\/p>\n<p>VEJA TAMB\u00c9M<br \/>Felipe Massa pode ficar com o t\u00edtulo de 2008 da F1?<\/p>\n<p><!-- AI CONTENT END 1 -->\n<\/div>\n<\/div>\n<p><script async src=\"\/\/www.instagram.com\/embed.js\"><\/script><br \/>\n<br \/><br \/>\n<br \/><a href=\"https:\/\/www.acidadeon.com\/ribeiraopreto\/cotidiano\/cemiterios-de-ribeirao-se-preparam-para-receber-cerca-de-60-mil-visitantes-no-dia-de-finados-veja-horarios\/\">Source link <\/a><\/p>\n<!-- CONTENT END 1 -->\n","protected":false},"excerpt":{"rendered":"<p>Os tr\u00eas cemit\u00e9rios municipais de Ribeir\u00e3o Preto \u2013 Saudade, Bom Pastor e Bonfim Paulista \u2013 finalizam os preparativos para o Dia de Finados. A expectativa&#8230;<\/p>\n","protected":false},"author":1,"featured_media":79383,"comment_status":"open","ping_status":"open","sticky":false,"template":"","format":"standard","meta":{"advanced_seo_description":"","jetpack_seo_html_title":"","jetpack_seo_noindex":false,"jetpack_post_was_ever_published":false,"_jetpack_newsletter_access":"","_jetpack_dont_email_post_to_subs":false,"_jetpack_newsletter_tier_id":0,"_jetpack_memberships_contains_paywalled_content":false,"_jetpack_memberships_contains_paid_content":false,"footnotes":"","jetpack_publicize_message":"","jetpack_publicize_feature_enabled":true,"jetpack_social_post_already_shared":true,"jetpack_social_options":{"image_generator_settings":{"template":"highway","default_image_id":0,"font":"","enabled":false},"version":2}},"categories":[11],"tags":[],"class_list":["post-79382","post","type-post","status-publish","format-standard","has-post-thumbnail","hentry","category-noticias-de-ribeirao-preto-sp-e-regiao-ismael-colosi"],"jetpack_publicize_connections":[],"jetpack_featured_media_url":"https:\/\/i0.wp.com\/noticiasribeiraopreto.com.br\/wp-content\/uploads\/2025\/10\/terror-1_2025-10-30_19-07-19.webp.webp?fit=1200%2C675&ssl=1","jetpack-related-posts":[{"id":79470,"url":"https:\/\/noticiasribeiraopreto.com.br\/index.php\/2025\/11\/02\/dia-de-finados-um-dia-para-recordar-refletir-e-celebrar-a-memoria\/","url_meta":{"origin":79382,"position":0},"title":"Dia de Finados: Um dia para recordar, refletir e celebrar a mem\u00f3ria","author":"noticiasribeiraopreto.com.br","date":"2 de November de 2025","format":false,"excerpt":"O Dia de Finados, celebrado neste domingo, 2 de novembro, \u00e9 uma das datas mais simb\u00f3licas do calend\u00e1rio crist\u00e3o e carrega um profundo significado de respeito, saudade e celebra\u00e7\u00e3o da mem\u00f3ria daqueles que j\u00e1 partiram. Mais do que um momento de luto, o dia convida \u00e0 reflex\u00e3o sobre a vida,\u2026","rel":"","context":"In &quot;Not\u00edcias de Ribeir\u00e3o Preto-SP e Regi\u00e3o&quot;","block_context":{"text":"Not\u00edcias de Ribeir\u00e3o Preto-SP e Regi\u00e3o","link":"https:\/\/noticiasribeiraopreto.com.br\/index.php\/category\/noticias-de-ribeirao-preto-sp-e-regiao-ismael-colosi\/"},"img":{"alt_text":"","src":"https:\/\/i0.wp.com\/noticiasribeiraopreto.com.br\/wp-content\/uploads\/2025\/11\/1-risk-scaled.jpg?fit=1170%2C780&ssl=1&resize=350%2C200","width":350,"height":200,"srcset":"https:\/\/i0.wp.com\/noticiasribeiraopreto.com.br\/wp-content\/uploads\/2025\/11\/1-risk-scaled.jpg?fit=1170%2C780&ssl=1&resize=350%2C200 1x, https:\/\/i0.wp.com\/noticiasribeiraopreto.com.br\/wp-content\/uploads\/2025\/11\/1-risk-scaled.jpg?fit=1170%2C780&ssl=1&resize=525%2C300 1.5x, https:\/\/i0.wp.com\/noticiasribeiraopreto.com.br\/wp-content\/uploads\/2025\/11\/1-risk-scaled.jpg?fit=1170%2C780&ssl=1&resize=700%2C400 2x, https:\/\/i0.wp.com\/noticiasribeiraopreto.com.br\/wp-content\/uploads\/2025\/11\/1-risk-scaled.jpg?fit=1170%2C780&ssl=1&resize=1050%2C600 3x"},"classes":[]},{"id":79398,"url":"https:\/\/noticiasribeiraopreto.com.br\/index.php\/2025\/10\/30\/ribeirao-preto-tera-linhas-especiais-de-onibus-para-o-dia-de-finados\/","url_meta":{"origin":79382,"position":1},"title":"Ribeir\u00e3o Preto ter\u00e1 linhas especiais de \u00f4nibus para o Dia de Finados","author":"noticiasribeiraopreto.com.br","date":"30 de October de 2025","format":false,"excerpt":"Ribeir\u00e3o Preto ter\u00e1 linhas especiais de \u00f4nibus nos dias 1\u00ba e 2 de novembro para atender os cemit\u00e9rios Bom Pastor e da Saudade durante o Dia de Finados. No s\u00e1bado, 1\u00ba de novembro, a linha especial funcionar\u00e1 das 8h \u00e0s 17h com atendimento exclusivo ao Cemit\u00e9rio Bom Pastor. O itiner\u00e1rio\u2026","rel":"","context":"In &quot;Not\u00edcias de Ribeir\u00e3o Preto-SP e Regi\u00e3o&quot;","block_context":{"text":"Not\u00edcias de Ribeir\u00e3o Preto-SP e Regi\u00e3o","link":"https:\/\/noticiasribeiraopreto.com.br\/index.php\/category\/noticias-de-ribeirao-preto-sp-e-regiao-ismael-colosi\/"},"img":{"alt_text":"","src":"https:\/\/i0.wp.com\/noticiasribeiraopreto.com.br\/wp-content\/uploads\/2025\/10\/terror-6_2025-10-30_23-38-25.webp.webp?fit=1200%2C675&ssl=1&resize=350%2C200","width":350,"height":200,"srcset":"https:\/\/i0.wp.com\/noticiasribeiraopreto.com.br\/wp-content\/uploads\/2025\/10\/terror-6_2025-10-30_23-38-25.webp.webp?fit=1200%2C675&ssl=1&resize=350%2C200 1x, https:\/\/i0.wp.com\/noticiasribeiraopreto.com.br\/wp-content\/uploads\/2025\/10\/terror-6_2025-10-30_23-38-25.webp.webp?fit=1200%2C675&ssl=1&resize=525%2C300 1.5x, https:\/\/i0.wp.com\/noticiasribeiraopreto.com.br\/wp-content\/uploads\/2025\/10\/terror-6_2025-10-30_23-38-25.webp.webp?fit=1200%2C675&ssl=1&resize=700%2C400 2x, https:\/\/i0.wp.com\/noticiasribeiraopreto.com.br\/wp-content\/uploads\/2025\/10\/terror-6_2025-10-30_23-38-25.webp.webp?fit=1200%2C675&ssl=1&resize=1050%2C600 3x"},"classes":[]},{"id":59947,"url":"https:\/\/noticiasribeiraopreto.com.br\/index.php\/2024\/11\/02\/dia-de-finados-veja-os-horarios-das-missas-nos-cemiterios-de-ribeirao-preto\/","url_meta":{"origin":79382,"position":2},"title":"Dia de Finados: Veja os hor\u00e1rios das missas nos cemit\u00e9rios de Ribeir\u00e3o Preto","author":"noticiasribeiraopreto.com.br","date":"2 de November de 2024","format":false,"excerpt":"Os tr\u00eas\u00a0cemit\u00e9rios\u00a0municipais\u00a0de Ribeir\u00e3o Preto \u2013 Saudade, Bom Pastor e Bonfim Paulista \u2013 devem receber\u00a0pelo menos 50 mil pessoas\u00a0neste s\u00e1bado (2), Dia de Finados. Missas s\u00e3o celebradas e o hor\u00e1rio de funcionamento dos cemit\u00e9rios s\u00e3o estendidos. Tradicionalmente, a data atrai familiares e amigos para homenagear entes queridos. A Arquidiocese de Ribeir\u00e3o\u2026","rel":"","context":"In &quot;Not\u00edcias de Ribeir\u00e3o Preto-SP e Regi\u00e3o&quot;","block_context":{"text":"Not\u00edcias de Ribeir\u00e3o Preto-SP e Regi\u00e3o","link":"https:\/\/noticiasribeiraopreto.com.br\/index.php\/category\/noticias-de-ribeirao-preto-sp-e-regiao-ismael-colosi\/"},"img":{"alt_text":"","src":"https:\/\/i0.wp.com\/noticiasribeiraopreto.com.br\/wp-content\/uploads\/2024\/10\/whatsapp_image_2022-11-02_at_07_44_55_x1x_2024-10-29_18-45-15_jpe_2024-10-29_18-45-15.webp.webp?fit=1200%2C900&ssl=1&resize=350%2C200","width":350,"height":200,"srcset":"https:\/\/i0.wp.com\/noticiasribeiraopreto.com.br\/wp-content\/uploads\/2024\/10\/whatsapp_image_2022-11-02_at_07_44_55_x1x_2024-10-29_18-45-15_jpe_2024-10-29_18-45-15.webp.webp?fit=1200%2C900&ssl=1&resize=350%2C200 1x, https:\/\/i0.wp.com\/noticiasribeiraopreto.com.br\/wp-content\/uploads\/2024\/10\/whatsapp_image_2022-11-02_at_07_44_55_x1x_2024-10-29_18-45-15_jpe_2024-10-29_18-45-15.webp.webp?fit=1200%2C900&ssl=1&resize=525%2C300 1.5x, https:\/\/i0.wp.com\/noticiasribeiraopreto.com.br\/wp-content\/uploads\/2024\/10\/whatsapp_image_2022-11-02_at_07_44_55_x1x_2024-10-29_18-45-15_jpe_2024-10-29_18-45-15.webp.webp?fit=1200%2C900&ssl=1&resize=700%2C400 2x, https:\/\/i0.wp.com\/noticiasribeiraopreto.com.br\/wp-content\/uploads\/2024\/10\/whatsapp_image_2022-11-02_at_07_44_55_x1x_2024-10-29_18-45-15_jpe_2024-10-29_18-45-15.webp.webp?fit=1200%2C900&ssl=1&resize=1050%2C600 3x"},"classes":[]},{"id":59750,"url":"https:\/\/noticiasribeiraopreto.com.br\/index.php\/2024\/10\/29\/veja-como-sera-o-funcionamento-dos-cemiterios-de-ribeirao-no-dia-de-finados\/","url_meta":{"origin":79382,"position":3},"title":"Veja como ser\u00e1 o funcionamento dos cemit\u00e9rios de Ribeir\u00e3o no Dia de Finados","author":"noticiasribeiraopreto.com.br","date":"29 de October de 2024","format":false,"excerpt":"A Prefeitura de Ribeir\u00e3o Preto divulgou algumas orienta\u00e7\u00f5es e informa\u00e7\u00f5es para a popula\u00e7\u00e3o que vai aos cemit\u00e9rios da cidade no pr\u00f3ximo feriado de Finados, celebrado no dia 2 de novembro. Os cemit\u00e9rios municipais de Ribeir\u00e3o Preto v\u00e3o abrir ao p\u00fablico para visita\u00e7\u00e3o entre 7h e 18h. J\u00e1 o atendimento administrativo\u2026","rel":"","context":"In &quot;Not\u00edcias de Ribeir\u00e3o Preto-SP e Regi\u00e3o&quot;","block_context":{"text":"Not\u00edcias de Ribeir\u00e3o Preto-SP e Regi\u00e3o","link":"https:\/\/noticiasribeiraopreto.com.br\/index.php\/category\/noticias-de-ribeirao-preto-sp-e-regiao-ismael-colosi\/"},"img":{"alt_text":"","src":"https:\/\/i0.wp.com\/noticiasribeiraopreto.com.br\/wp-content\/uploads\/2024\/10\/whatsapp_image_2022-11-02_at_07_44_55_x1x_2024-10-29_18-45-15_jpe_2024-10-29_18-45-15.webp.webp?fit=1200%2C900&ssl=1&resize=350%2C200","width":350,"height":200,"srcset":"https:\/\/i0.wp.com\/noticiasribeiraopreto.com.br\/wp-content\/uploads\/2024\/10\/whatsapp_image_2022-11-02_at_07_44_55_x1x_2024-10-29_18-45-15_jpe_2024-10-29_18-45-15.webp.webp?fit=1200%2C900&ssl=1&resize=350%2C200 1x, https:\/\/i0.wp.com\/noticiasribeiraopreto.com.br\/wp-content\/uploads\/2024\/10\/whatsapp_image_2022-11-02_at_07_44_55_x1x_2024-10-29_18-45-15_jpe_2024-10-29_18-45-15.webp.webp?fit=1200%2C900&ssl=1&resize=525%2C300 1.5x, https:\/\/i0.wp.com\/noticiasribeiraopreto.com.br\/wp-content\/uploads\/2024\/10\/whatsapp_image_2022-11-02_at_07_44_55_x1x_2024-10-29_18-45-15_jpe_2024-10-29_18-45-15.webp.webp?fit=1200%2C900&ssl=1&resize=700%2C400 2x, https:\/\/i0.wp.com\/noticiasribeiraopreto.com.br\/wp-content\/uploads\/2024\/10\/whatsapp_image_2022-11-02_at_07_44_55_x1x_2024-10-29_18-45-15_jpe_2024-10-29_18-45-15.webp.webp?fit=1200%2C900&ssl=1&resize=1050%2C600 3x"},"classes":[]},{"id":59917,"url":"https:\/\/noticiasribeiraopreto.com.br\/index.php\/2024\/11\/01\/menino-zezinho-conheca-o-tumulo-mais-visitado-em-cemiterio-de-ribeirao-preto\/","url_meta":{"origin":79382,"position":4},"title":"Menino Zezinho: Conhe\u00e7a o t\u00famulo mais visitado em cemit\u00e9rio de Ribeir\u00e3o Preto","author":"noticiasribeiraopreto.com.br","date":"1 de November de 2024","format":false,"excerpt":"O Cemit\u00e9rio da Saudade, o mais antigo de Ribeir\u00e3o Preto, \u00e9 o local onde est\u00e1 sepultado Jos\u00e9 Martins de Almeida, conhecido como Menino Zezinho, desde 1947. Ele morreu aos 9 anos de idade e sua sepultura, localizada na qua\u00addra 12, \u00e9 a mais visitada no espa\u00e7o. O historiador e pesquisador\u2026","rel":"","context":"In &quot;Not\u00edcias de Ribeir\u00e3o Preto-SP e Regi\u00e3o&quot;","block_context":{"text":"Not\u00edcias de Ribeir\u00e3o Preto-SP e Regi\u00e3o","link":"https:\/\/noticiasribeiraopreto.com.br\/index.php\/category\/noticias-de-ribeirao-preto-sp-e-regiao-ismael-colosi\/"},"img":{"alt_text":"","src":"https:\/\/i0.wp.com\/noticiasribeiraopreto.com.br\/wp-content\/uploads\/2024\/11\/WhatsApp-Image-2024-11-01-at-08.05.16_2024-11-01_15-21-34_jpeg_2024-11-01_15-21-34.webp.webp?fit=1200%2C900&ssl=1&resize=350%2C200","width":350,"height":200,"srcset":"https:\/\/i0.wp.com\/noticiasribeiraopreto.com.br\/wp-content\/uploads\/2024\/11\/WhatsApp-Image-2024-11-01-at-08.05.16_2024-11-01_15-21-34_jpeg_2024-11-01_15-21-34.webp.webp?fit=1200%2C900&ssl=1&resize=350%2C200 1x, https:\/\/i0.wp.com\/noticiasribeiraopreto.com.br\/wp-content\/uploads\/2024\/11\/WhatsApp-Image-2024-11-01-at-08.05.16_2024-11-01_15-21-34_jpeg_2024-11-01_15-21-34.webp.webp?fit=1200%2C900&ssl=1&resize=525%2C300 1.5x, https:\/\/i0.wp.com\/noticiasribeiraopreto.com.br\/wp-content\/uploads\/2024\/11\/WhatsApp-Image-2024-11-01-at-08.05.16_2024-11-01_15-21-34_jpeg_2024-11-01_15-21-34.webp.webp?fit=1200%2C900&ssl=1&resize=700%2C400 2x, https:\/\/i0.wp.com\/noticiasribeiraopreto.com.br\/wp-content\/uploads\/2024\/11\/WhatsApp-Image-2024-11-01-at-08.05.16_2024-11-01_15-21-34_jpeg_2024-11-01_15-21-34.webp.webp?fit=1200%2C900&ssl=1&resize=1050%2C600 3x"},"classes":[]},{"id":79380,"url":"https:\/\/noticiasribeiraopreto.com.br\/index.php\/2025\/10\/30\/ribeirao-preto-recebe-o-caolloween-com-desfile-tematico-musica-e-adocao-de-pets\/","url_meta":{"origin":79382,"position":5},"title":"Ribeir\u00e3o Preto recebe o &#8216;C\u00e3olloween&#8217; com desfile tem\u00e1tico, m\u00fasica e ado\u00e7\u00e3o de pets","author":"noticiasribeiraopreto.com.br","date":"30 de October de 2025","format":false,"excerpt":"Ribeir\u00e3o Preto se prepara para recebe neste final de semana, o C\u00e3olloween, evento que combina divers\u00e3o, cultura e solidariedade. A programa\u00e7\u00e3o do C\u00e3olloween ser\u00e1 realizada na Pra\u00e7a Sete de Setembro, neste s\u00e1bado (1\u00ba), a partir das 9h, com entrada gratuita para todo o p\u00fablico. O destaque do evento fica por\u2026","rel":"","context":"In &quot;Not\u00edcias de Ribeir\u00e3o Preto-SP e Regi\u00e3o&quot;","block_context":{"text":"Not\u00edcias de Ribeir\u00e3o Preto-SP e Regi\u00e3o","link":"https:\/\/noticiasribeiraopreto.com.br\/index.php\/category\/noticias-de-ribeirao-preto-sp-e-regiao-ismael-colosi\/"},"img":{"alt_text":"","src":"https:\/\/i0.wp.com\/noticiasribeiraopreto.com.br\/wp-content\/uploads\/2025\/10\/terror-11_2025-10-30_19-32-35.webp.webp?fit=1200%2C675&ssl=1&resize=350%2C200","width":350,"height":200,"srcset":"https:\/\/i0.wp.com\/noticiasribeiraopreto.com.br\/wp-content\/uploads\/2025\/10\/terror-11_2025-10-30_19-32-35.webp.webp?fit=1200%2C675&ssl=1&resize=350%2C200 1x, https:\/\/i0.wp.com\/noticiasribeiraopreto.com.br\/wp-content\/uploads\/2025\/10\/terror-11_2025-10-30_19-32-35.webp.webp?fit=1200%2C675&ssl=1&resize=525%2C300 1.5x, https:\/\/i0.wp.com\/noticiasribeiraopreto.com.br\/wp-content\/uploads\/2025\/10\/terror-11_2025-10-30_19-32-35.webp.webp?fit=1200%2C675&ssl=1&resize=700%2C400 2x, https:\/\/i0.wp.com\/noticiasribeiraopreto.com.br\/wp-content\/uploads\/2025\/10\/terror-11_2025-10-30_19-32-35.webp.webp?fit=1200%2C675&ssl=1&resize=1050%2C600 3x"},"classes":[]}],"jetpack_sharing_enabled":true,"jetpack_shortlink":"https:\/\/wp.me\/peQAOb-kEm","_links":{"self":[{"href":"https:\/\/noticiasribeiraopreto.com.br\/index.php\/wp-json\/wp\/v2\/posts\/79382","targetHints":{"allow":["GET"]}}],"collection":[{"href":"https:\/\/noticiasribeiraopreto.com.br\/index.php\/wp-json\/wp\/v2\/posts"}],"about":[{"href":"https:\/\/noticiasribeiraopreto.com.br\/index.php\/wp-json\/wp\/v2\/types\/post"}],"author":[{"embeddable":true,"href":"https:\/\/noticiasribeiraopreto.com.br\/index.php\/wp-json\/wp\/v2\/users\/1"}],"replies":[{"embeddable":true,"href":"https:\/\/noticiasribeiraopreto.com.br\/index.php\/wp-json\/wp\/v2\/comments?post=79382"}],"version-history":[{"count":0,"href":"https:\/\/noticiasribeiraopreto.com.br\/index.php\/wp-json\/wp\/v2\/posts\/79382\/revisions"}],"wp:featuredmedia":[{"embeddable":true,"href":"https:\/\/noticiasribeiraopreto.com.br\/index.php\/wp-json\/wp\/v2\/media\/79383"}],"wp:attachment":[{"href":"https:\/\/noticiasribeiraopreto.com.br\/index.php\/wp-json\/wp\/v2\/media?parent=79382"}],"wp:term":[{"taxonomy":"category","embeddable":true,"href":"https:\/\/noticiasribeiraopreto.com.br\/index.php\/wp-json\/wp\/v2\/categories?post=79382"},{"taxonomy":"post_tag","embeddable":true,"href":"https:\/\/noticiasribeiraopreto.com.br\/index.php\/wp-json\/wp\/v2\/tags?post=79382"}],"curies":[{"name":"wp","href":"https:\/\/api.w.org\/{rel}","templated":true}]}}