{"id":79384,"date":"2025-10-30T17:16:08","date_gmt":"2025-10-30T20:16:08","guid":{"rendered":"https:\/\/noticiasribeiraopreto.com.br\/index.php\/2025\/10\/30\/anvisa-proibe-duas-substancias-usadas-em-produtos-para-unhas-de-gel\/"},"modified":"2025-10-30T17:16:08","modified_gmt":"2025-10-30T20:16:08","slug":"anvisa-proibe-duas-substancias-usadas-em-produtos-para-unhas-de-gel","status":"publish","type":"post","link":"https:\/\/noticiasribeiraopreto.com.br\/index.php\/2025\/10\/30\/anvisa-proibe-duas-substancias-usadas-em-produtos-para-unhas-de-gel\/","title":{"rendered":"Anvisa pro\u00edbe duas subst\u00e2ncias usadas em produtos para unhas de gel"},"content":{"rendered":"<div class='code-block code-block-1' style='margin: 8px 0 8px auto; text-align: right; display: block; clear: both;'>\n<p><a href=\"https:\/\/wa.link\/vpicfd\"><img data-recalc-dims=\"1\" class=\"wp-image-4922\" style=\"aspect-ratio: 2.0253164556962027; width: 561px; height: auto;\" src=\"https:\/\/i0.wp.com\/ismaelcolosi.com.br\/wp-content\/uploads\/2023\/11\/grupo-de-empregos-whatsapp-e-facebook-ismael-colosi-vagas.jpg?ssl=1\" alt=\"\" \/><\/a><\/p>\n<!-- \/wp:image -->\n<\/div>\n<p> <br \/>\n<\/p>\n<div data-td-block-uid=\"tdi_95\">\n<div class=\"tdb-block-inner td-fix-index\">\n<p>A <a href=\"https:\/\/www.gov.br\/anvisa\/pt-br\/assuntos\/noticias-anvisa\/2025\/anvisa-proibe-duas-substancias-utilizadas-em-produtos-para-unhas\" data-type=\"link\" data-id=\"https:\/\/www.gov.br\/anvisa\/pt-br\/assuntos\/noticias-anvisa\/2025\/anvisa-proibe-duas-substancias-utilizadas-em-produtos-para-unhas\" target=\"_blank\" rel=\"noopener\">Ag\u00eancia Nacional de Vigil\u00e2ncia Sanit\u00e1ria (Anvisa)<\/a> <strong>proibiu o uso de duas subst\u00e2ncias qu\u00edmicas em cosm\u00e9ticos<\/strong>, <strong>produtos de higiene pessoal<\/strong> e <strong>perfumes<\/strong>, incluindo itens utilizados em unhas de gel. A decis\u00e3o foi aprovada na quarta-feira (29).<\/p>\n<p><strong>Os compostos banidos s\u00e3o:<\/strong><\/p>\n<figure class=\"wp-block-image aligncenter size-large is-resized\"><img data-recalc-dims=\"1\" fetchpriority=\"high\" decoding=\"async\" width=\"1024\" height=\"683\" src=\"https:\/\/i0.wp.com\/cdn.media-acidadeon.com.br\/ribeiraopreto\/wp-content\/uploads\/sites\/3\/2025\/10\/manicurist-doing-gel-nail-design-client-close-up_2025-10-30_18-29-20-1024x683.webp?resize=1024%2C683&#038;ssl=1\" alt=\"unhas de gel&#10;\" class=\"wp-image-134125\" style=\"width:667px;height:auto\" title=\"Anvisa pro\u00edbe duas subst\u00e2ncias usadas em produtos para unhas de gel 1\" srcset=\"https:\/\/cdn.media-acidadeon.com.br\/ribeiraopreto\/wp-content\/uploads\/sites\/3\/2025\/10\/manicurist-doing-gel-nail-design-client-close-up_2025-10-30_18-29-20-1024x683.webp 1024w, https:\/\/cdn.media-acidadeon.com.br\/ribeiraopreto\/wp-content\/uploads\/sites\/3\/2025\/10\/manicurist-doing-gel-nail-design-client-close-up_2025-10-30_18-29-20-300x200.webp 300w, https:\/\/cdn.media-acidadeon.com.br\/ribeiraopreto\/wp-content\/uploads\/sites\/3\/2025\/10\/manicurist-doing-gel-nail-design-client-close-up_2025-10-30_18-29-20-768x512.webp 768w, https:\/\/cdn.media-acidadeon.com.br\/ribeiraopreto\/wp-content\/uploads\/sites\/3\/2025\/10\/manicurist-doing-gel-nail-design-client-close-up_2025-10-30_18-29-20-696x464.webp 696w, https:\/\/cdn.media-acidadeon.com.br\/ribeiraopreto\/wp-content\/uploads\/sites\/3\/2025\/10\/manicurist-doing-gel-nail-design-client-close-up_2025-10-30_18-29-20-1068x712.webp 1068w, https:\/\/cdn.media-acidadeon.com.br\/ribeiraopreto\/wp-content\/uploads\/sites\/3\/2025\/10\/manicurist-doing-gel-nail-design-client-close-up_2025-10-30_18-29-20.webp 1200w\" sizes=\"(max-width: 1024px) 100vw, 1024px\"\/><\/figure>\n<h3 class=\"wp-block-heading\"><strong>Estudos<\/strong><\/h3>\n<p>A Anvisa baseou a decis\u00e3o em estudos cient\u00edficos internacionais realizados com animais. As pesquisas indicaram que o <strong>DMPT <\/strong>tem <strong>potencial cancer\u00edgeno <\/strong>para humanos, enquanto o <strong>TPO apresenta risco ao sistema reprodutivo<\/strong>, podendo afetar a fertilidade de pessoas expostas aos compostos.<\/p>\n<p><mark style=\"background-color:#fcb900\" class=\"has-inline-color\">A fabrica\u00e7\u00e3o, importa\u00e7\u00e3o e o registro de novos produtos com TPO ou DMPT est\u00e3o proibidos<\/mark>. O com\u00e9rcio e o uso dos produtos j\u00e1 dispon\u00edveis poder\u00e3o continuar por at\u00e9 90 dias. Ap\u00f3s esse prazo, <strong>todos os registros ser\u00e3o cancelados<\/strong> e as empresas dever\u00e3o recolher os itens restantes do mercado.<\/p>\n<p>A medida tem o objetivo de retirar completamente essas subst\u00e2ncias do mercado brasileiro.<\/p>\n<hr class=\"wp-block-separator has-alpha-channel-opacity\"\/>\n<p>SAIBA MAIS<br \/>Nova frente fria traz risco de chuva forte ao interior de SP; Confira previs\u00e3o<\/p>\n<h2 class=\"wp-block-heading\"><strong>FIQUE ON<\/strong><\/h2>\n<p>Fique ligado em tudo que acontece em Ribeir\u00e3o Preto e regi\u00e3o. Siga os perfis do\u00a0<strong>acidade on\u00a0<\/strong>no<a href=\"https:\/\/www.instagram.com\/acidadeonribeirao\" target=\"_blank\" rel=\"noreferrer noopener\">\u00a0Instagram<\/a>\u00a0e no\u00a0<a href=\"https:\/\/www.facebook.com\/acidadeonribeirao\/\" target=\"_blank\" rel=\"noreferrer noopener\">Facebook<\/a>.<\/p>\n<p>Receba not\u00edcias do\u00a0<strong>acidade on<\/strong>\u00a0no WhatsApp. Para entrar no grupo,\u00a0basta\u00a0<a href=\"https:\/\/chat.whatsapp.com\/I4nieTEMKlf50pJ28aMemC?mode=ac_t\" target=\"_blank\" rel=\"noreferrer noopener\">clicar aqui<\/a>. Ou, acesse o nosso\u00a0Canal\u00a0<a href=\"https:\/\/whatsapp.com\/channel\/0029Vb6IQl1JENyAeS57fk2p\" target=\"_blank\" rel=\"noreferrer noopener\">clicando aqui<\/a>.<\/p>\n<p>Fa\u00e7a uma den\u00fancia ou sugira uma reportagem sobre Ribeir\u00e3o Preto e regi\u00e3o pelo WhatsApp: 16 99117 7802.<\/p>\n<p>VEJA TAMB\u00c9M<br \/>Felipe Massa pode ficar com o t\u00edtulo de 2008 da F1?<\/p>\n<p><!-- AI CONTENT END 1 -->\n<\/div>\n<\/div>\n<p><script async src=\"\/\/www.instagram.com\/embed.js\"><\/script><br \/>\n<br \/><br \/>\n<br \/><a href=\"https:\/\/www.acidadeon.com\/ribeiraopreto\/cotidiano\/anvisa-proibe-duas-substancias-usadas-em-produtos-para-unhas-de-gel\/\">Source link <\/a><\/p>\n<!-- CONTENT END 1 -->\n","protected":false},"excerpt":{"rendered":"<p>A Ag\u00eancia Nacional de Vigil\u00e2ncia Sanit\u00e1ria (Anvisa) proibiu o uso de duas subst\u00e2ncias qu\u00edmicas em cosm\u00e9ticos, produtos de higiene pessoal e perfumes, incluindo itens utilizados&#8230;<\/p>\n","protected":false},"author":1,"featured_media":79385,"comment_status":"open","ping_status":"open","sticky":false,"template":"","format":"standard","meta":{"advanced_seo_description":"","jetpack_seo_html_title":"","jetpack_seo_noindex":false,"jetpack_post_was_ever_published":false,"_jetpack_newsletter_access":"","_jetpack_dont_email_post_to_subs":false,"_jetpack_newsletter_tier_id":0,"_jetpack_memberships_contains_paywalled_content":false,"_jetpack_memberships_contains_paid_content":false,"footnotes":"","jetpack_publicize_message":"","jetpack_publicize_feature_enabled":true,"jetpack_social_post_already_shared":true,"jetpack_social_options":{"image_generator_settings":{"template":"highway","default_image_id":0,"font":"","enabled":false},"version":2}},"categories":[11],"tags":[],"class_list":["post-79384","post","type-post","status-publish","format-standard","has-post-thumbnail","hentry","category-noticias-de-ribeirao-preto-sp-e-regiao-ismael-colosi"],"jetpack_publicize_connections":[],"jetpack_featured_media_url":"https:\/\/i0.wp.com\/noticiasribeiraopreto.com.br\/wp-content\/uploads\/2025\/10\/Copia-de-Copia-de-Copia-de-TAMANHO-EXATO-PARA-FOTOS-NO-SISTEMA-NOVO-2025-10-30T153552.601_2025-10-30_18-36-13.webp.webp?fit=1200%2C675&ssl=1","jetpack-related-posts":[{"id":53840,"url":"https:\/\/noticiasribeiraopreto.com.br\/index.php\/2024\/06\/25\/apos-morte-de-empresario-do-interior-de-sp-anvisa-proibe-uso-de-produtos-a-base-de-fenol\/","url_meta":{"origin":79384,"position":0},"title":"Ap\u00f3s morte de empres\u00e1rio do interior de SP, Anvisa pro\u00edbe uso de produtos \u00e0 base de fenol","author":"noticiasribeiraopreto.com.br","date":"25 de June de 2024","format":false,"excerpt":"Nesta ter\u00e7a-feira (25), a Anvisa (Ag\u00eancia Nacional de Vigil\u00e2ncia Sanit\u00e1ria) publicou uma resolu\u00e7\u00e3o que pro\u00edbe a importa\u00e7\u00e3o, fabrica\u00e7\u00e3o, manipula\u00e7\u00e3o, comercializa\u00e7\u00e3o, propaganda e uso de produtos \u00e0 base de fenol em procedimentos de sa\u00fade em geral ou est\u00e9tico. No in\u00edcio do m\u00eas, um empres\u00e1rio do interior de S\u00e3o Paulo morreu ap\u00f3s\u2026","rel":"","context":"In &quot;Not\u00edcias de Ribeir\u00e3o Preto-SP e Regi\u00e3o&quot;","block_context":{"text":"Not\u00edcias de Ribeir\u00e3o Preto-SP e Regi\u00e3o","link":"https:\/\/noticiasribeiraopreto.com.br\/index.php\/category\/noticias-de-ribeirao-preto-sp-e-regiao-ismael-colosi\/"},"img":{"alt_text":"","src":"https:\/\/i0.wp.com\/noticiasribeiraopreto.com.br\/wp-content\/uploads\/2024\/06\/WhatsApp-Image-2024-06-25-at-10.02.40_2024-06-25_13-03-01_jpeg_2024-06-25_13-03-01.webp.webp?fit=1200%2C795&ssl=1&resize=350%2C200","width":350,"height":200,"srcset":"https:\/\/i0.wp.com\/noticiasribeiraopreto.com.br\/wp-content\/uploads\/2024\/06\/WhatsApp-Image-2024-06-25-at-10.02.40_2024-06-25_13-03-01_jpeg_2024-06-25_13-03-01.webp.webp?fit=1200%2C795&ssl=1&resize=350%2C200 1x, https:\/\/i0.wp.com\/noticiasribeiraopreto.com.br\/wp-content\/uploads\/2024\/06\/WhatsApp-Image-2024-06-25-at-10.02.40_2024-06-25_13-03-01_jpeg_2024-06-25_13-03-01.webp.webp?fit=1200%2C795&ssl=1&resize=525%2C300 1.5x, https:\/\/i0.wp.com\/noticiasribeiraopreto.com.br\/wp-content\/uploads\/2024\/06\/WhatsApp-Image-2024-06-25-at-10.02.40_2024-06-25_13-03-01_jpeg_2024-06-25_13-03-01.webp.webp?fit=1200%2C795&ssl=1&resize=700%2C400 2x, https:\/\/i0.wp.com\/noticiasribeiraopreto.com.br\/wp-content\/uploads\/2024\/06\/WhatsApp-Image-2024-06-25-at-10.02.40_2024-06-25_13-03-01_jpeg_2024-06-25_13-03-01.webp.webp?fit=1200%2C795&ssl=1&resize=1050%2C600 3x"},"classes":[]},{"id":21789,"url":"https:\/\/noticiasribeiraopreto.com.br\/index.php\/2023\/12\/28\/juiz-de-ribeirao-autoriza-que-farmacia-fabrique-produtos-a-base-de-cannabis\/","url_meta":{"origin":79384,"position":1},"title":"Juiz de Ribeir\u00e3o autoriza que farm\u00e1cia fabrique produtos \u00e0 base de cannabis","author":"noticiasribeiraopreto.com.br","date":"28 de December de 2023","format":false,"excerpt":"O juiz federal Peter de Paula Pires, da 5\u00aa Vara Federal de Ribeir\u00e3o Preto, autorizou uma farm\u00e1cia de manipula\u00e7\u00e3o a fabricar no Brasil produtos \u00e0 base da planta cannabis, popularmente conhecida como maconha. A condi\u00e7\u00e3o \u00e9 que esses produtos tenham a comercializa\u00e7\u00e3o autorizada pela Anvisa (Ag\u00eancia Nacional de Vigil\u00e2ncia Sanit\u00e1ria).\u00a0\u2026","rel":"","context":"In &quot;Not\u00edcias de Ribeir\u00e3o Preto-SP e Regi\u00e3o&quot;","block_context":{"text":"Not\u00edcias de Ribeir\u00e3o Preto-SP e Regi\u00e3o","link":"https:\/\/noticiasribeiraopreto.com.br\/index.php\/category\/noticias-de-ribeirao-preto-sp-e-regiao-ismael-colosi\/"},"img":{"alt_text":"","src":"https:\/\/i0.wp.com\/noticiasribeiraopreto.com.br\/wp-content\/uploads\/2023\/12\/oleo-de-cannabis.jpg?fit=1200%2C800&ssl=1&resize=350%2C200","width":350,"height":200,"srcset":"https:\/\/i0.wp.com\/noticiasribeiraopreto.com.br\/wp-content\/uploads\/2023\/12\/oleo-de-cannabis.jpg?fit=1200%2C800&ssl=1&resize=350%2C200 1x, https:\/\/i0.wp.com\/noticiasribeiraopreto.com.br\/wp-content\/uploads\/2023\/12\/oleo-de-cannabis.jpg?fit=1200%2C800&ssl=1&resize=525%2C300 1.5x, https:\/\/i0.wp.com\/noticiasribeiraopreto.com.br\/wp-content\/uploads\/2023\/12\/oleo-de-cannabis.jpg?fit=1200%2C800&ssl=1&resize=700%2C400 2x, https:\/\/i0.wp.com\/noticiasribeiraopreto.com.br\/wp-content\/uploads\/2023\/12\/oleo-de-cannabis.jpg?fit=1200%2C800&ssl=1&resize=1050%2C600 3x"},"classes":[]},{"id":21665,"url":"https:\/\/noticiasribeiraopreto.com.br\/index.php\/2023\/12\/28\/farmacia-de-rp-recebe-autorizacao-para-manipular-cannabis\/","url_meta":{"origin":79384,"position":2},"title":"Farm\u00e1cia de RP recebe autoriza\u00e7\u00e3o para manipular cannabis","author":"noticiasribeiraopreto.com.br","date":"28 de December de 2023","format":false,"excerpt":"28 de dezembro de 2023 | 8:3527 de dezembro de 2023 | 19:38 0O juiz federal Peter de Paula Pires, da 5\u00aa Vara Federal de Ribeir\u00e3o Preto, autorizou uma farm\u00e1cia de manipula\u00e7\u00e3o a fabricar no Brasil produtos \u00e0 base da planta cannabis, popularmente conhecida como maconha. A condi\u00e7\u00e3o \u00e9 que\u2026","rel":"","context":"In &quot;Not\u00edcias de Ribeir\u00e3o Preto-SP e Regi\u00e3o&quot;","block_context":{"text":"Not\u00edcias de Ribeir\u00e3o Preto-SP e Regi\u00e3o","link":"https:\/\/noticiasribeiraopreto.com.br\/index.php\/category\/noticias-de-ribeirao-preto-sp-e-regiao-ismael-colosi\/"},"img":{"alt_text":"","src":"https:\/\/i0.wp.com\/noticiasribeiraopreto.com.br\/wp-content\/uploads\/2023\/12\/be7d8921-d7c4-4f54-832a-380c47f5b3f5-scaled.jpg?fit=1000%2C598&ssl=1&resize=350%2C200","width":350,"height":200,"srcset":"https:\/\/i0.wp.com\/noticiasribeiraopreto.com.br\/wp-content\/uploads\/2023\/12\/be7d8921-d7c4-4f54-832a-380c47f5b3f5-scaled.jpg?fit=1000%2C598&ssl=1&resize=350%2C200 1x, https:\/\/i0.wp.com\/noticiasribeiraopreto.com.br\/wp-content\/uploads\/2023\/12\/be7d8921-d7c4-4f54-832a-380c47f5b3f5-scaled.jpg?fit=1000%2C598&ssl=1&resize=525%2C300 1.5x, https:\/\/i0.wp.com\/noticiasribeiraopreto.com.br\/wp-content\/uploads\/2023\/12\/be7d8921-d7c4-4f54-832a-380c47f5b3f5-scaled.jpg?fit=1000%2C598&ssl=1&resize=700%2C400 2x"},"classes":[]},{"id":69035,"url":"https:\/\/noticiasribeiraopreto.com.br\/index.php\/2025\/05\/01\/pasta-dental-da-colgate-e-interditada-novamente\/","url_meta":{"origin":79384,"position":3},"title":"Pasta dental da Colgate \u00e9 interditada novamente","author":"noticiasribeiraopreto.com.br","date":"1 de May de 2025","format":false,"excerpt":"1 de maio de 2025 15:011 de maio de 2025 15:0513 Compartilhar0 A Ag\u00eancia Nacional de Vigil\u00e2ncia Sanit\u00e1ria (Anvisa) voltou a interditar cautelarmente o creme dental Total Clean Mint, da marca Colgate, na quarta-feira, 30 de abril. A medida estava suspensa em raz\u00e3o de um recurso da fabricante solicitando a\u2026","rel":"","context":"In &quot;Not\u00edcias de Ribeir\u00e3o Preto-SP e Regi\u00e3o&quot;","block_context":{"text":"Not\u00edcias de Ribeir\u00e3o Preto-SP e Regi\u00e3o","link":"https:\/\/noticiasribeiraopreto.com.br\/index.php\/category\/noticias-de-ribeirao-preto-sp-e-regiao-ismael-colosi\/"},"img":{"alt_text":"","src":"https:\/\/i0.wp.com\/noticiasribeiraopreto.com.br\/wp-content\/uploads\/2025\/05\/anvisa-scaled-1.jpg?fit=700%2C419&ssl=1&resize=350%2C200","width":350,"height":200,"srcset":"https:\/\/i0.wp.com\/noticiasribeiraopreto.com.br\/wp-content\/uploads\/2025\/05\/anvisa-scaled-1.jpg?fit=700%2C419&ssl=1&resize=350%2C200 1x, https:\/\/i0.wp.com\/noticiasribeiraopreto.com.br\/wp-content\/uploads\/2025\/05\/anvisa-scaled-1.jpg?fit=700%2C419&ssl=1&resize=525%2C300 1.5x, https:\/\/i0.wp.com\/noticiasribeiraopreto.com.br\/wp-content\/uploads\/2025\/05\/anvisa-scaled-1.jpg?fit=700%2C419&ssl=1&resize=700%2C400 2x"},"classes":[]},{"id":45481,"url":"https:\/\/noticiasribeiraopreto.com.br\/index.php\/2024\/04\/04\/alcool-liquido-70-foi-proibido-pela-anvisa-saiba-mais\/","url_meta":{"origin":79384,"position":4},"title":"\u00c1lcool l\u00edquido 70% foi proibido pela Anvisa; Saiba mais","author":"noticiasribeiraopreto.com.br","date":"4 de April de 2024","format":false,"excerpt":"A venda de \u00e1lcool l\u00edquido 70% em mercados e farm\u00e1cias passa ser proibida a partir do dia 30 de abril. Com a proibi\u00e7\u00e3o por parte da Anvisa (Ag\u00eancia Nacional de Vigil\u00e2ncia Sanit\u00e1ria), somente o \u00a0produto em gel continua liberado. O \u00e1lcool l\u00edquido 70% estava \u00a0liberado pela Anvisa para venda ao\u2026","rel":"","context":"In &quot;Not\u00edcias de Ribeir\u00e3o Preto-SP e Regi\u00e3o&quot;","block_context":{"text":"Not\u00edcias de Ribeir\u00e3o Preto-SP e Regi\u00e3o","link":"https:\/\/noticiasribeiraopreto.com.br\/index.php\/category\/noticias-de-ribeirao-preto-sp-e-regiao-ismael-colosi\/"},"img":{"alt_text":"","src":"https:\/\/i0.wp.com\/noticiasribeiraopreto.com.br\/wp-content\/uploads\/2024\/04\/Copia-de-Copia-de-TAMANHO-EXATO-PARA-FOTOS-NO-SISTEMA-NOVO-3.png?fit=1200%2C675&ssl=1&resize=350%2C200","width":350,"height":200,"srcset":"https:\/\/i0.wp.com\/noticiasribeiraopreto.com.br\/wp-content\/uploads\/2024\/04\/Copia-de-Copia-de-TAMANHO-EXATO-PARA-FOTOS-NO-SISTEMA-NOVO-3.png?fit=1200%2C675&ssl=1&resize=350%2C200 1x, https:\/\/i0.wp.com\/noticiasribeiraopreto.com.br\/wp-content\/uploads\/2024\/04\/Copia-de-Copia-de-TAMANHO-EXATO-PARA-FOTOS-NO-SISTEMA-NOVO-3.png?fit=1200%2C675&ssl=1&resize=525%2C300 1.5x, https:\/\/i0.wp.com\/noticiasribeiraopreto.com.br\/wp-content\/uploads\/2024\/04\/Copia-de-Copia-de-TAMANHO-EXATO-PARA-FOTOS-NO-SISTEMA-NOVO-3.png?fit=1200%2C675&ssl=1&resize=700%2C400 2x, https:\/\/i0.wp.com\/noticiasribeiraopreto.com.br\/wp-content\/uploads\/2024\/04\/Copia-de-Copia-de-TAMANHO-EXATO-PARA-FOTOS-NO-SISTEMA-NOVO-3.png?fit=1200%2C675&ssl=1&resize=1050%2C600 3x"},"classes":[]},{"id":83509,"url":"https:\/\/noticiasribeiraopreto.com.br\/index.php\/2026\/03\/19\/anvisa-proibe-venda-de-formula-infantil-contaminada-por-toxina\/","url_meta":{"origin":79384,"position":5},"title":"Anvisa pro\u00edbe venda de f\u00f3rmula infantil contaminada por toxina","author":"noticiasribeiraopreto.com.br","date":"19 de March de 2026","format":false,"excerpt":"A Ag\u00eancia Nacional de Vigil\u00e2ncia Sanit\u00e1ria (Anvisa) proibiu, nesta quinta-feira (19), a comercializa\u00e7\u00e3o, a distribui\u00e7\u00e3o e o uso de lotes da f\u00f3rmula infantil Aptamil Premium 1 (800g), produzida pela Danone. A medida ocorre ap\u00f3s a identifica\u00e7\u00e3o de contamina\u00e7\u00e3o por toxina no produto destinado a lactentes de at\u00e9 6 meses. Segundo\u2026","rel":"","context":"In &quot;Not\u00edcias de Ribeir\u00e3o Preto-SP e Regi\u00e3o&quot;","block_context":{"text":"Not\u00edcias de Ribeir\u00e3o Preto-SP e Regi\u00e3o","link":"https:\/\/noticiasribeiraopreto.com.br\/index.php\/category\/noticias-de-ribeirao-preto-sp-e-regiao-ismael-colosi\/"},"img":{"alt_text":"","src":"https:\/\/i0.wp.com\/noticiasribeiraopreto.com.br\/wp-content\/uploads\/2026\/03\/palace-80_2026-03-19_19-07-31.webp.webp?fit=1200%2C675&ssl=1&resize=350%2C200","width":350,"height":200,"srcset":"https:\/\/i0.wp.com\/noticiasribeiraopreto.com.br\/wp-content\/uploads\/2026\/03\/palace-80_2026-03-19_19-07-31.webp.webp?fit=1200%2C675&ssl=1&resize=350%2C200 1x, https:\/\/i0.wp.com\/noticiasribeiraopreto.com.br\/wp-content\/uploads\/2026\/03\/palace-80_2026-03-19_19-07-31.webp.webp?fit=1200%2C675&ssl=1&resize=525%2C300 1.5x, https:\/\/i0.wp.com\/noticiasribeiraopreto.com.br\/wp-content\/uploads\/2026\/03\/palace-80_2026-03-19_19-07-31.webp.webp?fit=1200%2C675&ssl=1&resize=700%2C400 2x, https:\/\/i0.wp.com\/noticiasribeiraopreto.com.br\/wp-content\/uploads\/2026\/03\/palace-80_2026-03-19_19-07-31.webp.webp?fit=1200%2C675&ssl=1&resize=1050%2C600 3x"},"classes":[]}],"jetpack_sharing_enabled":true,"jetpack_shortlink":"https:\/\/wp.me\/peQAOb-kEo","_links":{"self":[{"href":"https:\/\/noticiasribeiraopreto.com.br\/index.php\/wp-json\/wp\/v2\/posts\/79384","targetHints":{"allow":["GET"]}}],"collection":[{"href":"https:\/\/noticiasribeiraopreto.com.br\/index.php\/wp-json\/wp\/v2\/posts"}],"about":[{"href":"https:\/\/noticiasribeiraopreto.com.br\/index.php\/wp-json\/wp\/v2\/types\/post"}],"author":[{"embeddable":true,"href":"https:\/\/noticiasribeiraopreto.com.br\/index.php\/wp-json\/wp\/v2\/users\/1"}],"replies":[{"embeddable":true,"href":"https:\/\/noticiasribeiraopreto.com.br\/index.php\/wp-json\/wp\/v2\/comments?post=79384"}],"version-history":[{"count":0,"href":"https:\/\/noticiasribeiraopreto.com.br\/index.php\/wp-json\/wp\/v2\/posts\/79384\/revisions"}],"wp:featuredmedia":[{"embeddable":true,"href":"https:\/\/noticiasribeiraopreto.com.br\/index.php\/wp-json\/wp\/v2\/media\/79385"}],"wp:attachment":[{"href":"https:\/\/noticiasribeiraopreto.com.br\/index.php\/wp-json\/wp\/v2\/media?parent=79384"}],"wp:term":[{"taxonomy":"category","embeddable":true,"href":"https:\/\/noticiasribeiraopreto.com.br\/index.php\/wp-json\/wp\/v2\/categories?post=79384"},{"taxonomy":"post_tag","embeddable":true,"href":"https:\/\/noticiasribeiraopreto.com.br\/index.php\/wp-json\/wp\/v2\/tags?post=79384"}],"curies":[{"name":"wp","href":"https:\/\/api.w.org\/{rel}","templated":true}]}}